{"id":29548,"date":"2025-07-25T11:29:49","date_gmt":"2025-07-25T11:29:49","guid":{"rendered":"https:\/\/lequotidien.mr\/?p=29548"},"modified":"2025-07-25T11:29:49","modified_gmt":"2025-07-25T11:29:49","slug":"symposium-national-a-nouakchott-nos-ressources-naturelles-notre-avenir-au-coeur-des-debats","status":"publish","type":"post","link":"https:\/\/lequotidien.mr\/?p=29548&lang=fr","title":{"rendered":"Symposium national \u00e0 Nouakchott : &#8220;Nos ressources naturelles, notre avenir&#8221; au c\u0153ur des d\u00e9bats"},"content":{"rendered":"<p>Le Centre de r\u00e9flexion et d\u2019\u00e9tudes sur l\u2019environnement, l\u2019\u00e9ducation et le d\u00e9veloppement durable (CREEEDD), en partenariat \u00e9troit avec le minist\u00e8re de l\u2019Environnement et du D\u00e9veloppement durable, a organis\u00e9 jeudi un symposium national d&#8217;importance sous le th\u00e8me :\u00a0<strong><em>&#8220;Nos ressources naturelles, notre avenir&#8221;<\/em><\/strong>.<\/p>\n<p>Cet \u00e9v\u00e9nement, qui a r\u00e9uni experts, d\u00e9cideurs et acteurs de la soci\u00e9t\u00e9 civile, avait pour objectif central\u00a0d&#8217;identifier et d&#8217;analyser les d\u00e9fis environnementaux critiques\u00a0mena\u00e7ant la durabilit\u00e9 des pr\u00e9cieuses ressources naturelles de la Mauritanie.<\/p>\n<p><strong>Une prise de conscience cruciale pour l&#8217;avenir<\/strong><\/p>\n<p><strong>M. Salah Mohamed Abbas<\/strong>, Conseiller charg\u00e9 des affaires juridiques au minist\u00e8re et Secr\u00e9taire g\u00e9n\u00e9ral par int\u00e9rim, a soulign\u00e9 en ouverture la\u00a0pertinence fondamentale du th\u00e8me choisi. &#8220;Ce symposium traite des effets des activit\u00e9s industrielles et mini\u00e8res sur l\u2019environnement marin et d\u00e9sertique&#8221;, a-t-il d\u00e9clar\u00e9, y voyant <em>&#8220;<strong>une prise de conscience avanc\u00e9e de la n\u00e9cessit\u00e9 d\u2019int\u00e9grer les consid\u00e9rations environnementales dans les politiques de d\u00e9veloppement<\/strong>&#8220;<\/em>. Il a ajout\u00e9 que cette d\u00e9marche <em>&#8220;<strong>promet les aspirations de tous pour un d\u00e9veloppement durable qui prenne en compte les int\u00e9r\u00eats des g\u00e9n\u00e9rations futures<\/strong>&#8220;<\/em>.<\/p>\n<p>M. Abbas a pr\u00e9cis\u00e9 que la rencontre visait \u00e0 mettre en lumi\u00e8re des d\u00e9fis concrets, notamment en \u00e9valuant :<\/p>\n<p><strong>-L&#8217;impact environnemental des usines de farine et d\u2019huile de poisson \u00e0 Nouadhibou\u00a0<\/strong>;<\/p>\n<p><strong>-Les effets des mines priv\u00e9es et industrielles \u00e0 Akjoujt et \u00e0 Chami<\/strong>.<\/p>\n<p>Un moment fort du symposium a \u00e9t\u00e9 la projection d\u2019un\u00a0<strong>documentaire d\u00e9di\u00e9 aux femmes de la communaut\u00e9 Imraguen<\/strong>, illustrant leur qu\u00eate quotidienne d\u2019un \u00e9quilibre entre subsistance et protection de leur milieu. Le Conseiller a vivement salu\u00e9 les organisateurs et appel\u00e9 les participants \u00e0\u00a0<strong>formuler des recommandations pratiques et r\u00e9alisables<\/strong>\u00a0pour &#8220;rationaliser l\u2019exploitation des richesses et assurer leur durabilit\u00e9&#8221;.<\/p>\n<p><strong>Un engagement renouvel\u00e9 pour le d\u00e9veloppement durable<\/strong><\/p>\n<p><strong>M. Kassem Ahmedou<\/strong>, Pr\u00e9sident du CREEEDD, a quant \u00e0 lui mis en avant la\u00a0signification profonde de ce symposium. <em><strong>&#8220;Cette rencontre refl\u00e8te un<\/strong>\u00a0<strong>engagement clair et un int\u00e9r\u00eat profond pour le d\u00e9veloppement durable du pays et la pr\u00e9servation de ses ressources naturelles&#8221;<\/strong><\/em>, a-t-il affirm\u00e9.<\/p>\n<p>Il a vu dans la supervision de l&#8217;\u00e9v\u00e9nement par le minist\u00e8re <em>&#8220;<strong>une preuve claire de la volont\u00e9 du d\u00e9partement de faire face aux perturbations qui affectent les \u00e9cosyst\u00e8mes \u00e0 l\u2019\u00e9chelle mondiale<\/strong>&#8220;<\/em>. M. Ahmedou a \u00e9galement annonc\u00e9 que ce symposium marquait\u00a0le d\u00e9but d&#8217;une s\u00e9rie d&#8217;\u00e9v\u00e9nements similaires\u00a0dans les ann\u00e9es \u00e0 venir, d\u00e9di\u00e9s \u00e0 d&#8217;autres sujets environnementaux urgents pour la Mauritanie.<\/p>\n<p>Ce symposium national appara\u00eet comme une\u00a0\u00e9tape significative\u00a0dans la mobilisation collective autour des enjeux environnementaux en Mauritanie. En focalisant les d\u00e9bats sur des probl\u00e9matiques tr\u00e8s concr\u00e8tes (industrie halieutique, exploitation mini\u00e8re, \u00e9quilibre des \u00e9cosyst\u00e8mes fragiles comme celui des Imraguen) et en associant \u00e9troitement les autorit\u00e9s publiques, la recherche et la soci\u00e9t\u00e9 civile, il pose les bases pour l&#8217;\u00e9laboration de\u00a0strat\u00e9gies plus robustes et durables\u00a0de gestion des ressources naturelles, garantes de l&#8217;avenir du pays. Les recommandations issues des travaux sont attendues avec int\u00e9r\u00eat pour guider les futures politiques environnementales.<\/p>\n","protected":false},"excerpt":{"rendered":"<p>Le Centre de r\u00e9flexion et d\u2019\u00e9tudes sur l\u2019environnement, l\u2019\u00e9ducation et le d\u00e9veloppement durable (CREEEDD), en partenariat \u00e9troit avec le minist\u00e8re de l\u2019Environnement et du D\u00e9veloppement durable, a organis\u00e9 jeudi un symposium national d&#8217;importance sous le th\u00e8me :\u00a0&#8220;Nos ressources naturelles, notre avenir&#8221;. Cet \u00e9v\u00e9nement, qui a r\u00e9uni experts, d\u00e9cideurs et acteurs de la soci\u00e9t\u00e9 civile, avait&#8230;..<\/p>\n","protected":false},"author":12,"featured_media":29549,"comment_status":"open","ping_status":"open","sticky":false,"template":"","format":"standard","meta":{"footnotes":""},"categories":[23,49],"tags":[],"class_list":["post-29548","post","type-post","status-publish","format-standard","has-post-thumbnail","hentry","category-actualite","category-economie"],"yoast_head":"<!-- This site is optimized with the Yoast SEO plugin v27.5 - https:\/\/yoast.com\/product\/yoast-seo-wordpress\/ -->\n<title>Symposium national \u00e0 Nouakchott : &quot;Nos ressources naturelles, notre avenir&quot; au c\u0153ur des d\u00e9bats - Le Quotidien de Nouakchott<\/title>\n<meta name=\"robots\" content=\"index, follow, max-snippet:-1, max-image-preview:large, max-video-preview:-1\" \/>\n<link rel=\"canonical\" href=\"https:\/\/lequotidien.mr\/?p=29548&lang=fr\" \/>\n<meta property=\"og:locale\" content=\"ar_AR\" \/>\n<meta property=\"og:type\" content=\"article\" \/>\n<meta property=\"og:title\" content=\"Symposium national \u00e0 Nouakchott : &quot;Nos ressources naturelles, notre avenir&quot; au c\u0153ur des d\u00e9bats - Le Quotidien de Nouakchott\" \/>\n<meta property=\"og:description\" content=\"Le Centre de r\u00e9flexion et d\u2019\u00e9tudes sur l\u2019environnement, l\u2019\u00e9ducation et le d\u00e9veloppement durable (CREEEDD), en partenariat \u00e9troit avec le minist\u00e8re de l\u2019Environnement et du D\u00e9veloppement durable, a organis\u00e9 jeudi un symposium national d&#8217;importance sous le th\u00e8me :\u00a0&#8220;Nos ressources naturelles, notre avenir&#8221;. Cet \u00e9v\u00e9nement, qui a r\u00e9uni experts, d\u00e9cideurs et acteurs de la soci\u00e9t\u00e9 civile, avait.....\" \/>\n<meta property=\"og:url\" content=\"https:\/\/lequotidien.mr\/?p=29548&amp;lang=fr\" \/>\n<meta property=\"og:site_name\" content=\"Le Quotidien de Nouakchott\" \/>\n<meta property=\"article:publisher\" content=\"https:\/\/web.facebook.com\/lequotidienmr\" \/>\n<meta property=\"article:published_time\" content=\"2025-07-25T11:29:49+00:00\" \/>\n<meta property=\"og:image\" content=\"https:\/\/lequotidien.mr\/wp-content\/uploads\/2025\/07\/photo-symposium-res-ntrelles.jpg\" \/>\n\t<meta property=\"og:image:width\" content=\"750\" \/>\n\t<meta property=\"og:image:height\" content=\"430\" \/>\n\t<meta property=\"og:image:type\" content=\"image\/jpeg\" \/>\n<meta name=\"author\" content=\"Med Ahmed\" \/>\n<meta name=\"twitter:card\" content=\"summary_large_image\" \/>\n<meta name=\"twitter:creator\" content=\"@lequotidienmr\" \/>\n<meta name=\"twitter:site\" content=\"@lequotidienmr\" \/>\n<meta name=\"twitter:label1\" content=\"\u0643\u064f\u062a\u0628 \u0628\u0648\u0627\u0633\u0637\u0629\" \/>\n\t<meta name=\"twitter:data1\" content=\"Med Ahmed\" \/>\n\t<meta name=\"twitter:label2\" content=\"\u0648\u0642\u062a \u0627\u0644\u0642\u0631\u0627\u0621\u0629 \u0627\u0644\u0645\u064f\u0642\u062f\u0651\u0631\" \/>\n\t<meta name=\"twitter:data2\" content=\"4 \u062f\u0642\u0627\u0626\u0642\" \/>\n<script type=\"application\/ld+json\" class=\"yoast-schema-graph\">{\"@context\":\"https:\\\/\\\/schema.org\",\"@graph\":[{\"@type\":\"Article\",\"@id\":\"https:\\\/\\\/lequotidien.mr\\\/?p=29548&lang=fr#article\",\"isPartOf\":{\"@id\":\"https:\\\/\\\/lequotidien.mr\\\/?p=29548&lang=fr\"},\"author\":{\"name\":\"Med Ahmed\",\"@id\":\"https:\\\/\\\/lequotidien.mr\\\/#\\\/schema\\\/person\\\/d2d350202a4d599685ed8abc25f97596\"},\"headline\":\"Symposium national \u00e0 Nouakchott : &#8220;Nos ressources naturelles, notre avenir&#8221; au c\u0153ur des d\u00e9bats\",\"datePublished\":\"2025-07-25T11:29:49+00:00\",\"mainEntityOfPage\":{\"@id\":\"https:\\\/\\\/lequotidien.mr\\\/?p=29548&lang=fr\"},\"wordCount\":564,\"commentCount\":0,\"publisher\":{\"@id\":\"https:\\\/\\\/lequotidien.mr\\\/#organization\"},\"image\":{\"@id\":\"https:\\\/\\\/lequotidien.mr\\\/?p=29548&lang=fr#primaryimage\"},\"thumbnailUrl\":\"https:\\\/\\\/lequotidien.mr\\\/wp-content\\\/uploads\\\/2025\\\/07\\\/photo-symposium-res-ntrelles.jpg\",\"articleSection\":[\"ACTUALIT\u00c9\",\"Economie\"],\"inLanguage\":\"ar\",\"potentialAction\":[{\"@type\":\"CommentAction\",\"name\":\"Comment\",\"target\":[\"https:\\\/\\\/lequotidien.mr\\\/?p=29548&lang=fr#respond\"]}]},{\"@type\":\"WebPage\",\"@id\":\"https:\\\/\\\/lequotidien.mr\\\/?p=29548&lang=fr\",\"url\":\"https:\\\/\\\/lequotidien.mr\\\/?p=29548&lang=fr\",\"name\":\"Symposium national \u00e0 Nouakchott : \\\"Nos ressources naturelles, notre avenir\\\" au c\u0153ur des d\u00e9bats - Le Quotidien de Nouakchott\",\"isPartOf\":{\"@id\":\"https:\\\/\\\/lequotidien.mr\\\/#website\"},\"primaryImageOfPage\":{\"@id\":\"https:\\\/\\\/lequotidien.mr\\\/?p=29548&lang=fr#primaryimage\"},\"image\":{\"@id\":\"https:\\\/\\\/lequotidien.mr\\\/?p=29548&lang=fr#primaryimage\"},\"thumbnailUrl\":\"https:\\\/\\\/lequotidien.mr\\\/wp-content\\\/uploads\\\/2025\\\/07\\\/photo-symposium-res-ntrelles.jpg\",\"datePublished\":\"2025-07-25T11:29:49+00:00\",\"breadcrumb\":{\"@id\":\"https:\\\/\\\/lequotidien.mr\\\/?p=29548&lang=fr#breadcrumb\"},\"inLanguage\":\"ar\",\"potentialAction\":[{\"@type\":\"ReadAction\",\"target\":[\"https:\\\/\\\/lequotidien.mr\\\/?p=29548&lang=fr\"]}]},{\"@type\":\"ImageObject\",\"inLanguage\":\"ar\",\"@id\":\"https:\\\/\\\/lequotidien.mr\\\/?p=29548&lang=fr#primaryimage\",\"url\":\"https:\\\/\\\/lequotidien.mr\\\/wp-content\\\/uploads\\\/2025\\\/07\\\/photo-symposium-res-ntrelles.jpg\",\"contentUrl\":\"https:\\\/\\\/lequotidien.mr\\\/wp-content\\\/uploads\\\/2025\\\/07\\\/photo-symposium-res-ntrelles.jpg\",\"width\":750,\"height\":430},{\"@type\":\"BreadcrumbList\",\"@id\":\"https:\\\/\\\/lequotidien.mr\\\/?p=29548&lang=fr#breadcrumb\",\"itemListElement\":[{\"@type\":\"ListItem\",\"position\":1,\"name\":\"Home\",\"item\":\"https:\\\/\\\/lequotidien.mr\\\/\"},{\"@type\":\"ListItem\",\"position\":2,\"name\":\"Symposium national \u00e0 Nouakchott : \u00ab\u00a0Nos ressources naturelles, notre avenir\u00a0\u00bb au c\u0153ur des d\u00e9bats\"}]},{\"@type\":\"WebSite\",\"@id\":\"https:\\\/\\\/lequotidien.mr\\\/#website\",\"url\":\"https:\\\/\\\/lequotidien.mr\\\/\",\"name\":\"Le Quotidien de Nouakchott\",\"description\":\"\u0625\u062e\u0628\u0627\u0631\u064a\u0629 \u0645\u0633\u062a\u0642\u0644\u0629 \u0644\u0644\u0623\u0646\u0628\u0627\u0621 \u0627\u0644\u0639\u0627\u0645\u0629\",\"publisher\":{\"@id\":\"https:\\\/\\\/lequotidien.mr\\\/#organization\"},\"potentialAction\":[{\"@type\":\"SearchAction\",\"target\":{\"@type\":\"EntryPoint\",\"urlTemplate\":\"https:\\\/\\\/lequotidien.mr\\\/?s={search_term_string}\"},\"query-input\":{\"@type\":\"PropertyValueSpecification\",\"valueRequired\":true,\"valueName\":\"search_term_string\"}}],\"inLanguage\":\"ar\"},{\"@type\":\"Organization\",\"@id\":\"https:\\\/\\\/lequotidien.mr\\\/#organization\",\"name\":\"Le Quotidien de Nouakchott\",\"url\":\"https:\\\/\\\/lequotidien.mr\\\/\",\"logo\":{\"@type\":\"ImageObject\",\"inLanguage\":\"ar\",\"@id\":\"https:\\\/\\\/lequotidien.mr\\\/#\\\/schema\\\/logo\\\/image\\\/\",\"url\":\"https:\\\/\\\/lequotidien.mr\\\/wp-content\\\/uploads\\\/2022\\\/11\\\/logolequotidien.jpg\",\"contentUrl\":\"https:\\\/\\\/lequotidien.mr\\\/wp-content\\\/uploads\\\/2022\\\/11\\\/logolequotidien.jpg\",\"width\":290,\"height\":65,\"caption\":\"Le Quotidien de Nouakchott\"},\"image\":{\"@id\":\"https:\\\/\\\/lequotidien.mr\\\/#\\\/schema\\\/logo\\\/image\\\/\"},\"sameAs\":[\"https:\\\/\\\/web.facebook.com\\\/lequotidienmr\",\"https:\\\/\\\/x.com\\\/lequotidienmr\"]},{\"@type\":\"Person\",\"@id\":\"https:\\\/\\\/lequotidien.mr\\\/#\\\/schema\\\/person\\\/d2d350202a4d599685ed8abc25f97596\",\"name\":\"Med Ahmed\",\"image\":{\"@type\":\"ImageObject\",\"inLanguage\":\"ar\",\"@id\":\"https:\\\/\\\/secure.gravatar.com\\\/avatar\\\/fd2acc62ed50732923d1d39c17172c9b04149f142be92310ecc69e1358f94b52?s=96&d=mm&r=g\",\"url\":\"https:\\\/\\\/secure.gravatar.com\\\/avatar\\\/fd2acc62ed50732923d1d39c17172c9b04149f142be92310ecc69e1358f94b52?s=96&d=mm&r=g\",\"contentUrl\":\"https:\\\/\\\/secure.gravatar.com\\\/avatar\\\/fd2acc62ed50732923d1d39c17172c9b04149f142be92310ecc69e1358f94b52?s=96&d=mm&r=g\",\"caption\":\"Med Ahmed\"},\"url\":\"https:\\\/\\\/lequotidien.mr\\\/?author=12\"}]}<\/script>\n<!-- \/ Yoast SEO plugin. -->","yoast_head_json":{"title":"Symposium national \u00e0 Nouakchott : \"Nos ressources naturelles, notre avenir\" au c\u0153ur des d\u00e9bats - Le Quotidien de Nouakchott","robots":{"index":"index","follow":"follow","max-snippet":"max-snippet:-1","max-image-preview":"max-image-preview:large","max-video-preview":"max-video-preview:-1"},"canonical":"https:\/\/lequotidien.mr\/?p=29548&lang=fr","og_locale":"ar_AR","og_type":"article","og_title":"Symposium national \u00e0 Nouakchott : \"Nos ressources naturelles, notre avenir\" au c\u0153ur des d\u00e9bats - Le Quotidien de Nouakchott","og_description":"Le Centre de r\u00e9flexion et d\u2019\u00e9tudes sur l\u2019environnement, l\u2019\u00e9ducation et le d\u00e9veloppement durable (CREEEDD), en partenariat \u00e9troit avec le minist\u00e8re de l\u2019Environnement et du D\u00e9veloppement durable, a organis\u00e9 jeudi un symposium national d&#8217;importance sous le th\u00e8me :\u00a0&#8220;Nos ressources naturelles, notre avenir&#8221;. Cet \u00e9v\u00e9nement, qui a r\u00e9uni experts, d\u00e9cideurs et acteurs de la soci\u00e9t\u00e9 civile, avait.....","og_url":"https:\/\/lequotidien.mr\/?p=29548&lang=fr","og_site_name":"Le Quotidien de Nouakchott","article_publisher":"https:\/\/web.facebook.com\/lequotidienmr","article_published_time":"2025-07-25T11:29:49+00:00","og_image":[{"width":750,"height":430,"url":"https:\/\/lequotidien.mr\/wp-content\/uploads\/2025\/07\/photo-symposium-res-ntrelles.jpg","type":"image\/jpeg"}],"author":"Med Ahmed","twitter_card":"summary_large_image","twitter_creator":"@lequotidienmr","twitter_site":"@lequotidienmr","twitter_misc":{"\u0643\u064f\u062a\u0628 \u0628\u0648\u0627\u0633\u0637\u0629":"Med Ahmed","\u0648\u0642\u062a \u0627\u0644\u0642\u0631\u0627\u0621\u0629 \u0627\u0644\u0645\u064f\u0642\u062f\u0651\u0631":"4 \u062f\u0642\u0627\u0626\u0642"},"schema":{"@context":"https:\/\/schema.org","@graph":[{"@type":"Article","@id":"https:\/\/lequotidien.mr\/?p=29548&lang=fr#article","isPartOf":{"@id":"https:\/\/lequotidien.mr\/?p=29548&lang=fr"},"author":{"name":"Med Ahmed","@id":"https:\/\/lequotidien.mr\/#\/schema\/person\/d2d350202a4d599685ed8abc25f97596"},"headline":"Symposium national \u00e0 Nouakchott : &#8220;Nos ressources naturelles, notre avenir&#8221; au c\u0153ur des d\u00e9bats","datePublished":"2025-07-25T11:29:49+00:00","mainEntityOfPage":{"@id":"https:\/\/lequotidien.mr\/?p=29548&lang=fr"},"wordCount":564,"commentCount":0,"publisher":{"@id":"https:\/\/lequotidien.mr\/#organization"},"image":{"@id":"https:\/\/lequotidien.mr\/?p=29548&lang=fr#primaryimage"},"thumbnailUrl":"https:\/\/lequotidien.mr\/wp-content\/uploads\/2025\/07\/photo-symposium-res-ntrelles.jpg","articleSection":["ACTUALIT\u00c9","Economie"],"inLanguage":"ar","potentialAction":[{"@type":"CommentAction","name":"Comment","target":["https:\/\/lequotidien.mr\/?p=29548&lang=fr#respond"]}]},{"@type":"WebPage","@id":"https:\/\/lequotidien.mr\/?p=29548&lang=fr","url":"https:\/\/lequotidien.mr\/?p=29548&lang=fr","name":"Symposium national \u00e0 Nouakchott : \"Nos ressources naturelles, notre avenir\" au c\u0153ur des d\u00e9bats - Le Quotidien de Nouakchott","isPartOf":{"@id":"https:\/\/lequotidien.mr\/#website"},"primaryImageOfPage":{"@id":"https:\/\/lequotidien.mr\/?p=29548&lang=fr#primaryimage"},"image":{"@id":"https:\/\/lequotidien.mr\/?p=29548&lang=fr#primaryimage"},"thumbnailUrl":"https:\/\/lequotidien.mr\/wp-content\/uploads\/2025\/07\/photo-symposium-res-ntrelles.jpg","datePublished":"2025-07-25T11:29:49+00:00","breadcrumb":{"@id":"https:\/\/lequotidien.mr\/?p=29548&lang=fr#breadcrumb"},"inLanguage":"ar","potentialAction":[{"@type":"ReadAction","target":["https:\/\/lequotidien.mr\/?p=29548&lang=fr"]}]},{"@type":"ImageObject","inLanguage":"ar","@id":"https:\/\/lequotidien.mr\/?p=29548&lang=fr#primaryimage","url":"https:\/\/lequotidien.mr\/wp-content\/uploads\/2025\/07\/photo-symposium-res-ntrelles.jpg","contentUrl":"https:\/\/lequotidien.mr\/wp-content\/uploads\/2025\/07\/photo-symposium-res-ntrelles.jpg","width":750,"height":430},{"@type":"BreadcrumbList","@id":"https:\/\/lequotidien.mr\/?p=29548&lang=fr#breadcrumb","itemListElement":[{"@type":"ListItem","position":1,"name":"Home","item":"https:\/\/lequotidien.mr\/"},{"@type":"ListItem","position":2,"name":"Symposium national \u00e0 Nouakchott : \u00ab\u00a0Nos ressources naturelles, notre avenir\u00a0\u00bb au c\u0153ur des d\u00e9bats"}]},{"@type":"WebSite","@id":"https:\/\/lequotidien.mr\/#website","url":"https:\/\/lequotidien.mr\/","name":"Le Quotidien de Nouakchott","description":"\u0625\u062e\u0628\u0627\u0631\u064a\u0629 \u0645\u0633\u062a\u0642\u0644\u0629 \u0644\u0644\u0623\u0646\u0628\u0627\u0621 \u0627\u0644\u0639\u0627\u0645\u0629","publisher":{"@id":"https:\/\/lequotidien.mr\/#organization"},"potentialAction":[{"@type":"SearchAction","target":{"@type":"EntryPoint","urlTemplate":"https:\/\/lequotidien.mr\/?s={search_term_string}"},"query-input":{"@type":"PropertyValueSpecification","valueRequired":true,"valueName":"search_term_string"}}],"inLanguage":"ar"},{"@type":"Organization","@id":"https:\/\/lequotidien.mr\/#organization","name":"Le Quotidien de Nouakchott","url":"https:\/\/lequotidien.mr\/","logo":{"@type":"ImageObject","inLanguage":"ar","@id":"https:\/\/lequotidien.mr\/#\/schema\/logo\/image\/","url":"https:\/\/lequotidien.mr\/wp-content\/uploads\/2022\/11\/logolequotidien.jpg","contentUrl":"https:\/\/lequotidien.mr\/wp-content\/uploads\/2022\/11\/logolequotidien.jpg","width":290,"height":65,"caption":"Le Quotidien de Nouakchott"},"image":{"@id":"https:\/\/lequotidien.mr\/#\/schema\/logo\/image\/"},"sameAs":["https:\/\/web.facebook.com\/lequotidienmr","https:\/\/x.com\/lequotidienmr"]},{"@type":"Person","@id":"https:\/\/lequotidien.mr\/#\/schema\/person\/d2d350202a4d599685ed8abc25f97596","name":"Med Ahmed","image":{"@type":"ImageObject","inLanguage":"ar","@id":"https:\/\/secure.gravatar.com\/avatar\/fd2acc62ed50732923d1d39c17172c9b04149f142be92310ecc69e1358f94b52?s=96&d=mm&r=g","url":"https:\/\/secure.gravatar.com\/avatar\/fd2acc62ed50732923d1d39c17172c9b04149f142be92310ecc69e1358f94b52?s=96&d=mm&r=g","contentUrl":"https:\/\/secure.gravatar.com\/avatar\/fd2acc62ed50732923d1d39c17172c9b04149f142be92310ecc69e1358f94b52?s=96&d=mm&r=g","caption":"Med Ahmed"},"url":"https:\/\/lequotidien.mr\/?author=12"}]}},"_links":{"self":[{"href":"https:\/\/lequotidien.mr\/index.php?rest_route=\/wp\/v2\/posts\/29548","targetHints":{"allow":["GET"]}}],"collection":[{"href":"https:\/\/lequotidien.mr\/index.php?rest_route=\/wp\/v2\/posts"}],"about":[{"href":"https:\/\/lequotidien.mr\/index.php?rest_route=\/wp\/v2\/types\/post"}],"author":[{"embeddable":true,"href":"https:\/\/lequotidien.mr\/index.php?rest_route=\/wp\/v2\/users\/12"}],"replies":[{"embeddable":true,"href":"https:\/\/lequotidien.mr\/index.php?rest_route=%2Fwp%2Fv2%2Fcomments&post=29548"}],"version-history":[{"count":1,"href":"https:\/\/lequotidien.mr\/index.php?rest_route=\/wp\/v2\/posts\/29548\/revisions"}],"predecessor-version":[{"id":29550,"href":"https:\/\/lequotidien.mr\/index.php?rest_route=\/wp\/v2\/posts\/29548\/revisions\/29550"}],"wp:featuredmedia":[{"embeddable":true,"href":"https:\/\/lequotidien.mr\/index.php?rest_route=\/wp\/v2\/media\/29549"}],"wp:attachment":[{"href":"https:\/\/lequotidien.mr\/index.php?rest_route=%2Fwp%2Fv2%2Fmedia&parent=29548"}],"wp:term":[{"taxonomy":"category","embeddable":true,"href":"https:\/\/lequotidien.mr\/index.php?rest_route=%2Fwp%2Fv2%2Fcategories&post=29548"},{"taxonomy":"post_tag","embeddable":true,"href":"https:\/\/lequotidien.mr\/index.php?rest_route=%2Fwp%2Fv2%2Ftags&post=29548"}],"curies":[{"name":"wp","href":"https:\/\/api.w.org\/{rel}","templated":true}]}}