{"id":29542,"date":"2025-07-25T11:07:05","date_gmt":"2025-07-25T11:07:05","guid":{"rendered":"https:\/\/lequotidien.mr\/?p=29542"},"modified":"2025-07-25T11:07:05","modified_gmt":"2025-07-25T11:07:05","slug":"resultats-du-conseil-des-ministres-des-ministres-detaillent-les-decisions-et-projets-phares","status":"publish","type":"post","link":"https:\/\/lequotidien.mr\/?p=29542&lang=fr","title":{"rendered":"R\u00e9sultats du Conseil des ministres : Des ministres d\u00e9taillent les d\u00e9cisions et projets phares"},"content":{"rendered":"<p>Suite au Conseil des ministres tenu mercredi dernier, plusieurs membres du gouvernement se sont exprim\u00e9s en fin de journ\u00e9e pour apporter des pr\u00e9cisions sur les principaux points abord\u00e9s et les projets approuv\u00e9s. Sous la houlette du porte-parole, <strong>M. Houssein Meddou<\/strong>, les ministres de l&#8217;\u00c9conomie, de l&#8217;\u00c9nergie, de l&#8217;Agriculture et de l&#8217;Hydraulique ont pr\u00e9sent\u00e9 leurs bilans et ambitions.<\/p>\n<p><strong>Cadre g\u00e9n\u00e9ral et projets approuv\u00e9s<\/strong><\/p>\n<p>M. Meddou, ministre de la Culture, des Arts, de la Communication et des Relations avec le parlement, a ouvert la s\u00e9ance en rappelant que le Conseil a examin\u00e9 et approuv\u00e9 plusieurs textes et communications. Parmi les plus importants figurent la <strong>Loi de Finances Rectificative (LFR) 2025<\/strong>, l&#8217;autorisation de ratification d&#8217;un\u00a0<strong>accord de financement avec l&#8217;Association Internationale de D\u00e9veloppement (IDA)<\/strong>, la pr\u00e9sentation de la\u00a0<strong>campagne agricole 2025-2026<\/strong>et un point sur\u00a0<strong>l&#8217;acc\u00e8s \u00e0 l&#8217;eau et \u00e0 l&#8217;\u00e9lectricit\u00e9<\/strong>.<\/p>\n<p><strong>\u00c9conomie et Finances : Ma\u00eetrise budg\u00e9taire et performance fiscale<\/strong><\/p>\n<p><strong>M. Sid\u2019Ahmed Bou<\/strong>h, ministre de l&#8217;\u00c9conomie et des Finances, a longuement pr\u00e9sent\u00e9 les enjeux de la LFR 2025. Il a soulign\u00e9 son r\u00f4le essentiel pour adapter le budget initial aux \u00e9volutions \u00e9conomiques r\u00e9centes et mieux ex\u00e9cuter le programme pr\u00e9sidentiel. Les r\u00e9sultats sont positifs :<\/p>\n<p>&#8211;<strong>D\u00e9ficit ma\u00eetris\u00e9 \u00e0 0,44%\u00a0<\/strong>;<\/p>\n<p><strong>-Inflation ramen\u00e9e \u00e0 2,5%<\/strong>\u00a0(contre 4% pr\u00e9vus initialement)\u00a0;<\/p>\n<p><strong>-Recettes en hausse de 5,84%<\/strong>\u00a0: passant de 110,5 \u00e0 116,96 milliards MRU\u00a0;<\/p>\n<p><strong>-Recettes fiscales en forte progression (+5,5%)<\/strong>\u00a0: de 72,23 \u00e0 76,2 milliards MRU, gr\u00e2ce \u00e0 une\u00a0performance fiscale pass\u00e9e de 40% \u00e0 50,84%.<\/p>\n<p>Le ministre a d\u00e9taill\u00e9 les mesures contribuant \u00e0 cette hausse des recettes, notamment :<\/p>\n<p><strong>-Augmentation de la<\/strong>\u00a0<strong>taxe sur la consommation<\/strong>\u00a0(de 29% \u00e0 47%)\u00a0;<\/p>\n<p><strong>-Nouvelle taxe de 10 MRU par paquet de cigarettes<\/strong>\u00a0(alignement r\u00e9gional et sant\u00e9 publique)\u00a0;<\/p>\n<p><strong>-Hausses de taxes sur le<\/strong>\u00a0<strong>ciment, le fer \u00e0 b\u00e9ton et le lait<\/strong>.<\/p>\n<p>Concernant les d\u00e9penses, elles augmentent mod\u00e9r\u00e9ment de 1,92% (116,87 \u00e0 119,12 milliards MRU), incluant notamment : <strong>+1,5 milliard MRU pour la masse salariale<\/strong>\u00a0(recrutements, dimension sociale : sant\u00e9, \u00e9ducation, formation professionnelle)\u00a0; et Financement des autorit\u00e9s de\u00a0<strong>lutte contre la corruption<\/strong>\u00a0et de\u00a0<strong>r\u00e9gulation des march\u00e9s financiers<\/strong>.<\/p>\n<p><strong>\u00c9nergie et P\u00e9trole : Plan d&#8217;urgence pour l&#8217;\u00e9lectricit\u00e9<\/strong><\/p>\n<p>Face aux r\u00e9centes coupures intempestives \u00e0 Nouakchott, M. Mohamed Mohamed Malainine Khaled, ministre de l&#8217;\u00c9nergie et du P\u00e9trole, a pr\u00e9sent\u00e9 un diagnostic et les solutions en cours. Il a point\u00e9 du doigt la\u00a0<strong>d\u00e9gradation du r\u00e9seau<\/strong>, l&#8217;<strong>expansion rapide de la ville<\/strong>\u00a0et des\u00a0<strong>dysfonctionnements li\u00e9s \u00e0 des travaux<\/strong>\u00a0(Arafat, OMVS).<\/p>\n<p>Un\u00a0<strong>plan ambitieux de 50 milliards MRU<\/strong>\u00a0est en \u0153uvre :<\/p>\n<p><strong>-18 milliards MRU<\/strong>\u00a0pour un\u00a0<strong>nouveau r\u00e9seau \u00e9lectrique<\/strong>\u00a0\u00e0 Nouakchott\u00a0;<\/p>\n<p><strong>-Construction d&#8217;une<\/strong>\u00a0<strong>grande centrale sur la route de Nouadhibou\u00a0<\/strong>;<\/p>\n<p>Des travaux sont d\u00e9j\u00e0 en cours dans plusieurs quartiers de la capitale.<\/p>\n<p>Le ministre a aussi salu\u00e9 les\u00a0r\u00e9formes structurelles de la SOMELEC\u00a0:<\/p>\n<p><strong>-R\u00e8glement de toutes ses factures de carburant sans aide de l&#8217;\u00c9tat cette ann\u00e9e;<\/strong><\/p>\n<p><strong>-Paiement de<\/strong>\u00a0<strong>3,5 milliards MRU d&#8217;arri\u00e9r\u00e9s d&#8217;imp\u00f4ts;<\/strong><\/p>\n<p><strong>-R\u00e9gularisation de 865 employ\u00e9s<\/strong>.<\/p>\n<p>Il a r\u00e9affirm\u00e9 que\u00a0<strong>l&#8217;acc\u00e8s \u00e0 l&#8217;\u00e9lectricit\u00e9 sur tout le territoire est une priorit\u00e9 absolue du Pr\u00e9sident de la R\u00e9publique<\/strong>, exprimant ses regrets pour les r\u00e9centes perturbations.<\/p>\n<p><strong>Agriculture : Vers une souverainet\u00e9 alimentaire renforc\u00e9e<\/strong><\/p>\n<p>M. Memma Beibatta, ministre de l&#8217;Agriculture et de la Souverainet\u00e9 alimentaire, a d\u00e9voil\u00e9 les objectifs de la <strong>campagne agricole 2025-2026<\/strong>:<\/p>\n<p><strong>-550 000 tonnes de riz\u00a0<\/strong>;<\/p>\n<p><strong>-240 000 tonnes de l\u00e9gumes<\/strong>\u00a0(couvrant 56% des besoins)\u00a0;<\/p>\n<p><strong>-180 000 tonnes de c\u00e9r\u00e9ales<\/strong>\u00a0en agriculture pluviale.<\/p>\n<p>Pour y parvenir, l&#8217;\u00c9tat met en place :<\/p>\n<p><strong>-M\u00e9canisation agricole\u00a0<\/strong>;<\/p>\n<p><strong>-D\u00e9frichage de terres\u00a0<\/strong>;<\/p>\n<p><strong>-Fourniture d&#8217;eau et d&#8217;intrants\u00a0<\/strong>;<\/p>\n<p><strong>-Encadrement des agriculteurs\u00a0<\/strong>;<\/p>\n<p><strong>-Entretien des barrages<\/strong>.<\/p>\n<p>Le ministre a aussi soulign\u00e9 les bons r\u00e9sultats de la campagne pr\u00e9c\u00e9dente, notamment une\u00a0<strong>production de 135 000 tonnes de c\u00e9r\u00e9ales et 134 000 tonnes de l\u00e9gumes<\/strong>, permettant l&#8217;autosuffisance pour certaines vari\u00e9t\u00e9s.<\/p>\n<p><strong>Hydraulique : Am\u00e9liorer l&#8217;acc\u00e8s \u00e0 l&#8217;eau potable<\/strong><\/p>\n<p>Mme Amal Maouloud, ministre de l&#8217;Hydraulique et de l&#8217;Assainissement, a fait le point sur les perturbations d&#8217;eau \u00e0 Nouakchott. Elle a assur\u00e9 que son d\u00e9partement travaillait sans rel\u00e2che pour y rem\u00e9dier, notamment via :<\/p>\n<p><strong>-L&#8217;augmentation de la production \u00e0 Idini<\/strong>\u00a0(objectif 100 000 m\u00b3\/an).<\/p>\n<p><strong>-Le renforcement de la production \u00e0<\/strong>\u00a0<strong>Aftout Essahili<\/strong>.<\/p>\n<p><strong>-Un effort pour une<\/strong>\u00a0<strong>distribution plus \u00e9quitable<\/strong>\u00a0dans la capitale, desservant des zones auparavant inaccessibles (efforts en cours, n\u00e9cessitant du temps).<\/p>\n<p>Pour Nouadhibou, les\u00a0<strong>projets de dessalement d&#8217;eau de mer et de Boulenouar<\/strong>\u00a0avancent bien. D&#8217;autres projets nationaux sont en cours (Adhar, alimentation de 28 villes). La ministre a aussi salu\u00e9 l&#8217;am\u00e9lioration des soci\u00e9t\u00e9s SNDE et ONSER, avec\u00a0<strong>plus de 900 points d&#8217;eau for\u00e9s<\/strong>\u00a0et\u00a0<strong>14 chantiers en cours<\/strong>, dans le cadre du programme d&#8217;urgence pour les r\u00e9gions int\u00e9rieures.<\/p>\n<p><strong>Culture et Tourisme : Une saison estivale anim\u00e9e dans tout le pays<\/strong><\/p>\n<p>En cl\u00f4ture, M. Houssein Meddou a annonc\u00e9 une\u00a0<strong>saison culturelle et touristique d&#8217;envergure<\/strong>\u00a0du\u00a0<strong>2 ao\u00fbt au 2 septembre 2025<\/strong>. Toutes les\u00a0<strong>capitales r\u00e9gionales<\/strong>\u00a0accueilleront des activit\u00e9s, compl\u00e9t\u00e9es par\u00a0<strong>plus de 40 festivals<\/strong>\u00a0\u00e0 travers le territoire. Cette initiative s&#8217;inscrit dans la volont\u00e9 pr\u00e9sidentielle d&#8217;inciter les Mauritaniens \u00e0 d\u00e9couvrir les richesses touristiques de leur pays durant les vacances. La saison a d\u00e9j\u00e0 d\u00e9marr\u00e9 \u00e0 Atar, avec Kiffa et Aleg comme prochaines \u00e9tapes. Plusieurs minist\u00e8res sont mobilis\u00e9s pour sa r\u00e9ussite.<\/p>\n","protected":false},"excerpt":{"rendered":"<p>Suite au Conseil des ministres tenu mercredi dernier, plusieurs membres du gouvernement se sont exprim\u00e9s en fin de journ\u00e9e pour apporter des pr\u00e9cisions sur les principaux points abord\u00e9s et les projets approuv\u00e9s. Sous la houlette du porte-parole, M. Houssein Meddou, les ministres de l&#8217;\u00c9conomie, de l&#8217;\u00c9nergie, de l&#8217;Agriculture et de l&#8217;Hydraulique ont pr\u00e9sent\u00e9 leurs bilans&#8230;..<\/p>\n","protected":false},"author":12,"featured_media":29544,"comment_status":"open","ping_status":"open","sticky":false,"template":"","format":"standard","meta":{"footnotes":""},"categories":[23,49,55],"tags":[],"class_list":["post-29542","post","type-post","status-publish","format-standard","has-post-thumbnail","hentry","category-actualite","category-economie","category-culture"],"yoast_head":"<!-- This site is optimized with the Yoast SEO plugin v27.5 - https:\/\/yoast.com\/product\/yoast-seo-wordpress\/ -->\n<title>R\u00e9sultats du Conseil des ministres : Des ministres d\u00e9taillent les d\u00e9cisions et projets phares - Le Quotidien de Nouakchott<\/title>\n<meta name=\"robots\" content=\"index, follow, max-snippet:-1, max-image-preview:large, max-video-preview:-1\" \/>\n<link rel=\"canonical\" href=\"https:\/\/lequotidien.mr\/?p=29542&lang=fr\" \/>\n<meta property=\"og:locale\" content=\"ar_AR\" \/>\n<meta property=\"og:type\" content=\"article\" \/>\n<meta property=\"og:title\" content=\"R\u00e9sultats du Conseil des ministres : Des ministres d\u00e9taillent les d\u00e9cisions et projets phares - Le Quotidien de Nouakchott\" \/>\n<meta property=\"og:description\" content=\"Suite au Conseil des ministres tenu mercredi dernier, plusieurs membres du gouvernement se sont exprim\u00e9s en fin de journ\u00e9e pour apporter des pr\u00e9cisions sur les principaux points abord\u00e9s et les projets approuv\u00e9s. Sous la houlette du porte-parole, M. Houssein Meddou, les ministres de l&#8217;\u00c9conomie, de l&#8217;\u00c9nergie, de l&#8217;Agriculture et de l&#8217;Hydraulique ont pr\u00e9sent\u00e9 leurs bilans.....\" \/>\n<meta property=\"og:url\" content=\"https:\/\/lequotidien.mr\/?p=29542&amp;lang=fr\" \/>\n<meta property=\"og:site_name\" content=\"Le Quotidien de Nouakchott\" \/>\n<meta property=\"article:publisher\" content=\"https:\/\/web.facebook.com\/lequotidienmr\" \/>\n<meta property=\"article:published_time\" content=\"2025-07-25T11:07:05+00:00\" \/>\n<meta property=\"og:image\" content=\"https:\/\/lequotidien.mr\/wp-content\/uploads\/2025\/07\/photo-point-presse-25-7-2025.jpg\" \/>\n\t<meta property=\"og:image:width\" content=\"750\" \/>\n\t<meta property=\"og:image:height\" content=\"430\" \/>\n\t<meta property=\"og:image:type\" content=\"image\/jpeg\" \/>\n<meta name=\"author\" content=\"Med Ahmed\" \/>\n<meta name=\"twitter:card\" content=\"summary_large_image\" \/>\n<meta name=\"twitter:creator\" content=\"@lequotidienmr\" \/>\n<meta name=\"twitter:site\" content=\"@lequotidienmr\" \/>\n<meta name=\"twitter:label1\" content=\"\u0643\u064f\u062a\u0628 \u0628\u0648\u0627\u0633\u0637\u0629\" \/>\n\t<meta name=\"twitter:data1\" content=\"Med Ahmed\" \/>\n\t<meta name=\"twitter:label2\" content=\"\u0648\u0642\u062a \u0627\u0644\u0642\u0631\u0627\u0621\u0629 \u0627\u0644\u0645\u064f\u0642\u062f\u0651\u0631\" \/>\n\t<meta name=\"twitter:data2\" content=\"6 \u062f\u0642\u0627\u0626\u0642\" \/>\n<script type=\"application\/ld+json\" class=\"yoast-schema-graph\">{\"@context\":\"https:\\\/\\\/schema.org\",\"@graph\":[{\"@type\":\"Article\",\"@id\":\"https:\\\/\\\/lequotidien.mr\\\/?p=29542&lang=fr#article\",\"isPartOf\":{\"@id\":\"https:\\\/\\\/lequotidien.mr\\\/?p=29542&lang=fr\"},\"author\":{\"name\":\"Med Ahmed\",\"@id\":\"https:\\\/\\\/lequotidien.mr\\\/#\\\/schema\\\/person\\\/d2d350202a4d599685ed8abc25f97596\"},\"headline\":\"R\u00e9sultats du Conseil des ministres : Des ministres d\u00e9taillent les d\u00e9cisions et projets phares\",\"datePublished\":\"2025-07-25T11:07:05+00:00\",\"mainEntityOfPage\":{\"@id\":\"https:\\\/\\\/lequotidien.mr\\\/?p=29542&lang=fr\"},\"wordCount\":912,\"commentCount\":0,\"publisher\":{\"@id\":\"https:\\\/\\\/lequotidien.mr\\\/#organization\"},\"image\":{\"@id\":\"https:\\\/\\\/lequotidien.mr\\\/?p=29542&lang=fr#primaryimage\"},\"thumbnailUrl\":\"https:\\\/\\\/lequotidien.mr\\\/wp-content\\\/uploads\\\/2025\\\/07\\\/photo-point-presse-25-7-2025.jpg\",\"articleSection\":[\"ACTUALIT\u00c9\",\"Economie\",\"Culture\"],\"inLanguage\":\"ar\",\"potentialAction\":[{\"@type\":\"CommentAction\",\"name\":\"Comment\",\"target\":[\"https:\\\/\\\/lequotidien.mr\\\/?p=29542&lang=fr#respond\"]}]},{\"@type\":\"WebPage\",\"@id\":\"https:\\\/\\\/lequotidien.mr\\\/?p=29542&lang=fr\",\"url\":\"https:\\\/\\\/lequotidien.mr\\\/?p=29542&lang=fr\",\"name\":\"R\u00e9sultats du Conseil des ministres : Des ministres d\u00e9taillent les d\u00e9cisions et projets phares - Le Quotidien de Nouakchott\",\"isPartOf\":{\"@id\":\"https:\\\/\\\/lequotidien.mr\\\/#website\"},\"primaryImageOfPage\":{\"@id\":\"https:\\\/\\\/lequotidien.mr\\\/?p=29542&lang=fr#primaryimage\"},\"image\":{\"@id\":\"https:\\\/\\\/lequotidien.mr\\\/?p=29542&lang=fr#primaryimage\"},\"thumbnailUrl\":\"https:\\\/\\\/lequotidien.mr\\\/wp-content\\\/uploads\\\/2025\\\/07\\\/photo-point-presse-25-7-2025.jpg\",\"datePublished\":\"2025-07-25T11:07:05+00:00\",\"breadcrumb\":{\"@id\":\"https:\\\/\\\/lequotidien.mr\\\/?p=29542&lang=fr#breadcrumb\"},\"inLanguage\":\"ar\",\"potentialAction\":[{\"@type\":\"ReadAction\",\"target\":[\"https:\\\/\\\/lequotidien.mr\\\/?p=29542&lang=fr\"]}]},{\"@type\":\"ImageObject\",\"inLanguage\":\"ar\",\"@id\":\"https:\\\/\\\/lequotidien.mr\\\/?p=29542&lang=fr#primaryimage\",\"url\":\"https:\\\/\\\/lequotidien.mr\\\/wp-content\\\/uploads\\\/2025\\\/07\\\/photo-point-presse-25-7-2025.jpg\",\"contentUrl\":\"https:\\\/\\\/lequotidien.mr\\\/wp-content\\\/uploads\\\/2025\\\/07\\\/photo-point-presse-25-7-2025.jpg\",\"width\":750,\"height\":430},{\"@type\":\"BreadcrumbList\",\"@id\":\"https:\\\/\\\/lequotidien.mr\\\/?p=29542&lang=fr#breadcrumb\",\"itemListElement\":[{\"@type\":\"ListItem\",\"position\":1,\"name\":\"Home\",\"item\":\"https:\\\/\\\/lequotidien.mr\\\/\"},{\"@type\":\"ListItem\",\"position\":2,\"name\":\"R\u00e9sultats du Conseil des ministres : Des ministres d\u00e9taillent les d\u00e9cisions et projets phares\"}]},{\"@type\":\"WebSite\",\"@id\":\"https:\\\/\\\/lequotidien.mr\\\/#website\",\"url\":\"https:\\\/\\\/lequotidien.mr\\\/\",\"name\":\"Le Quotidien de Nouakchott\",\"description\":\"\u0625\u062e\u0628\u0627\u0631\u064a\u0629 \u0645\u0633\u062a\u0642\u0644\u0629 \u0644\u0644\u0623\u0646\u0628\u0627\u0621 \u0627\u0644\u0639\u0627\u0645\u0629\",\"publisher\":{\"@id\":\"https:\\\/\\\/lequotidien.mr\\\/#organization\"},\"potentialAction\":[{\"@type\":\"SearchAction\",\"target\":{\"@type\":\"EntryPoint\",\"urlTemplate\":\"https:\\\/\\\/lequotidien.mr\\\/?s={search_term_string}\"},\"query-input\":{\"@type\":\"PropertyValueSpecification\",\"valueRequired\":true,\"valueName\":\"search_term_string\"}}],\"inLanguage\":\"ar\"},{\"@type\":\"Organization\",\"@id\":\"https:\\\/\\\/lequotidien.mr\\\/#organization\",\"name\":\"Le Quotidien de Nouakchott\",\"url\":\"https:\\\/\\\/lequotidien.mr\\\/\",\"logo\":{\"@type\":\"ImageObject\",\"inLanguage\":\"ar\",\"@id\":\"https:\\\/\\\/lequotidien.mr\\\/#\\\/schema\\\/logo\\\/image\\\/\",\"url\":\"https:\\\/\\\/lequotidien.mr\\\/wp-content\\\/uploads\\\/2022\\\/11\\\/logolequotidien.jpg\",\"contentUrl\":\"https:\\\/\\\/lequotidien.mr\\\/wp-content\\\/uploads\\\/2022\\\/11\\\/logolequotidien.jpg\",\"width\":290,\"height\":65,\"caption\":\"Le Quotidien de Nouakchott\"},\"image\":{\"@id\":\"https:\\\/\\\/lequotidien.mr\\\/#\\\/schema\\\/logo\\\/image\\\/\"},\"sameAs\":[\"https:\\\/\\\/web.facebook.com\\\/lequotidienmr\",\"https:\\\/\\\/x.com\\\/lequotidienmr\"]},{\"@type\":\"Person\",\"@id\":\"https:\\\/\\\/lequotidien.mr\\\/#\\\/schema\\\/person\\\/d2d350202a4d599685ed8abc25f97596\",\"name\":\"Med Ahmed\",\"image\":{\"@type\":\"ImageObject\",\"inLanguage\":\"ar\",\"@id\":\"https:\\\/\\\/secure.gravatar.com\\\/avatar\\\/fd2acc62ed50732923d1d39c17172c9b04149f142be92310ecc69e1358f94b52?s=96&d=mm&r=g\",\"url\":\"https:\\\/\\\/secure.gravatar.com\\\/avatar\\\/fd2acc62ed50732923d1d39c17172c9b04149f142be92310ecc69e1358f94b52?s=96&d=mm&r=g\",\"contentUrl\":\"https:\\\/\\\/secure.gravatar.com\\\/avatar\\\/fd2acc62ed50732923d1d39c17172c9b04149f142be92310ecc69e1358f94b52?s=96&d=mm&r=g\",\"caption\":\"Med Ahmed\"},\"url\":\"https:\\\/\\\/lequotidien.mr\\\/?author=12\"}]}<\/script>\n<!-- \/ Yoast SEO plugin. -->","yoast_head_json":{"title":"R\u00e9sultats du Conseil des ministres : Des ministres d\u00e9taillent les d\u00e9cisions et projets phares - Le Quotidien de Nouakchott","robots":{"index":"index","follow":"follow","max-snippet":"max-snippet:-1","max-image-preview":"max-image-preview:large","max-video-preview":"max-video-preview:-1"},"canonical":"https:\/\/lequotidien.mr\/?p=29542&lang=fr","og_locale":"ar_AR","og_type":"article","og_title":"R\u00e9sultats du Conseil des ministres : Des ministres d\u00e9taillent les d\u00e9cisions et projets phares - Le Quotidien de Nouakchott","og_description":"Suite au Conseil des ministres tenu mercredi dernier, plusieurs membres du gouvernement se sont exprim\u00e9s en fin de journ\u00e9e pour apporter des pr\u00e9cisions sur les principaux points abord\u00e9s et les projets approuv\u00e9s. Sous la houlette du porte-parole, M. Houssein Meddou, les ministres de l&#8217;\u00c9conomie, de l&#8217;\u00c9nergie, de l&#8217;Agriculture et de l&#8217;Hydraulique ont pr\u00e9sent\u00e9 leurs bilans.....","og_url":"https:\/\/lequotidien.mr\/?p=29542&lang=fr","og_site_name":"Le Quotidien de Nouakchott","article_publisher":"https:\/\/web.facebook.com\/lequotidienmr","article_published_time":"2025-07-25T11:07:05+00:00","og_image":[{"width":750,"height":430,"url":"https:\/\/lequotidien.mr\/wp-content\/uploads\/2025\/07\/photo-point-presse-25-7-2025.jpg","type":"image\/jpeg"}],"author":"Med Ahmed","twitter_card":"summary_large_image","twitter_creator":"@lequotidienmr","twitter_site":"@lequotidienmr","twitter_misc":{"\u0643\u064f\u062a\u0628 \u0628\u0648\u0627\u0633\u0637\u0629":"Med Ahmed","\u0648\u0642\u062a \u0627\u0644\u0642\u0631\u0627\u0621\u0629 \u0627\u0644\u0645\u064f\u0642\u062f\u0651\u0631":"6 \u062f\u0642\u0627\u0626\u0642"},"schema":{"@context":"https:\/\/schema.org","@graph":[{"@type":"Article","@id":"https:\/\/lequotidien.mr\/?p=29542&lang=fr#article","isPartOf":{"@id":"https:\/\/lequotidien.mr\/?p=29542&lang=fr"},"author":{"name":"Med Ahmed","@id":"https:\/\/lequotidien.mr\/#\/schema\/person\/d2d350202a4d599685ed8abc25f97596"},"headline":"R\u00e9sultats du Conseil des ministres : Des ministres d\u00e9taillent les d\u00e9cisions et projets phares","datePublished":"2025-07-25T11:07:05+00:00","mainEntityOfPage":{"@id":"https:\/\/lequotidien.mr\/?p=29542&lang=fr"},"wordCount":912,"commentCount":0,"publisher":{"@id":"https:\/\/lequotidien.mr\/#organization"},"image":{"@id":"https:\/\/lequotidien.mr\/?p=29542&lang=fr#primaryimage"},"thumbnailUrl":"https:\/\/lequotidien.mr\/wp-content\/uploads\/2025\/07\/photo-point-presse-25-7-2025.jpg","articleSection":["ACTUALIT\u00c9","Economie","Culture"],"inLanguage":"ar","potentialAction":[{"@type":"CommentAction","name":"Comment","target":["https:\/\/lequotidien.mr\/?p=29542&lang=fr#respond"]}]},{"@type":"WebPage","@id":"https:\/\/lequotidien.mr\/?p=29542&lang=fr","url":"https:\/\/lequotidien.mr\/?p=29542&lang=fr","name":"R\u00e9sultats du Conseil des ministres : Des ministres d\u00e9taillent les d\u00e9cisions et projets phares - Le Quotidien de Nouakchott","isPartOf":{"@id":"https:\/\/lequotidien.mr\/#website"},"primaryImageOfPage":{"@id":"https:\/\/lequotidien.mr\/?p=29542&lang=fr#primaryimage"},"image":{"@id":"https:\/\/lequotidien.mr\/?p=29542&lang=fr#primaryimage"},"thumbnailUrl":"https:\/\/lequotidien.mr\/wp-content\/uploads\/2025\/07\/photo-point-presse-25-7-2025.jpg","datePublished":"2025-07-25T11:07:05+00:00","breadcrumb":{"@id":"https:\/\/lequotidien.mr\/?p=29542&lang=fr#breadcrumb"},"inLanguage":"ar","potentialAction":[{"@type":"ReadAction","target":["https:\/\/lequotidien.mr\/?p=29542&lang=fr"]}]},{"@type":"ImageObject","inLanguage":"ar","@id":"https:\/\/lequotidien.mr\/?p=29542&lang=fr#primaryimage","url":"https:\/\/lequotidien.mr\/wp-content\/uploads\/2025\/07\/photo-point-presse-25-7-2025.jpg","contentUrl":"https:\/\/lequotidien.mr\/wp-content\/uploads\/2025\/07\/photo-point-presse-25-7-2025.jpg","width":750,"height":430},{"@type":"BreadcrumbList","@id":"https:\/\/lequotidien.mr\/?p=29542&lang=fr#breadcrumb","itemListElement":[{"@type":"ListItem","position":1,"name":"Home","item":"https:\/\/lequotidien.mr\/"},{"@type":"ListItem","position":2,"name":"R\u00e9sultats du Conseil des ministres : Des ministres d\u00e9taillent les d\u00e9cisions et projets phares"}]},{"@type":"WebSite","@id":"https:\/\/lequotidien.mr\/#website","url":"https:\/\/lequotidien.mr\/","name":"Le Quotidien de Nouakchott","description":"\u0625\u062e\u0628\u0627\u0631\u064a\u0629 \u0645\u0633\u062a\u0642\u0644\u0629 \u0644\u0644\u0623\u0646\u0628\u0627\u0621 \u0627\u0644\u0639\u0627\u0645\u0629","publisher":{"@id":"https:\/\/lequotidien.mr\/#organization"},"potentialAction":[{"@type":"SearchAction","target":{"@type":"EntryPoint","urlTemplate":"https:\/\/lequotidien.mr\/?s={search_term_string}"},"query-input":{"@type":"PropertyValueSpecification","valueRequired":true,"valueName":"search_term_string"}}],"inLanguage":"ar"},{"@type":"Organization","@id":"https:\/\/lequotidien.mr\/#organization","name":"Le Quotidien de Nouakchott","url":"https:\/\/lequotidien.mr\/","logo":{"@type":"ImageObject","inLanguage":"ar","@id":"https:\/\/lequotidien.mr\/#\/schema\/logo\/image\/","url":"https:\/\/lequotidien.mr\/wp-content\/uploads\/2022\/11\/logolequotidien.jpg","contentUrl":"https:\/\/lequotidien.mr\/wp-content\/uploads\/2022\/11\/logolequotidien.jpg","width":290,"height":65,"caption":"Le Quotidien de Nouakchott"},"image":{"@id":"https:\/\/lequotidien.mr\/#\/schema\/logo\/image\/"},"sameAs":["https:\/\/web.facebook.com\/lequotidienmr","https:\/\/x.com\/lequotidienmr"]},{"@type":"Person","@id":"https:\/\/lequotidien.mr\/#\/schema\/person\/d2d350202a4d599685ed8abc25f97596","name":"Med Ahmed","image":{"@type":"ImageObject","inLanguage":"ar","@id":"https:\/\/secure.gravatar.com\/avatar\/fd2acc62ed50732923d1d39c17172c9b04149f142be92310ecc69e1358f94b52?s=96&d=mm&r=g","url":"https:\/\/secure.gravatar.com\/avatar\/fd2acc62ed50732923d1d39c17172c9b04149f142be92310ecc69e1358f94b52?s=96&d=mm&r=g","contentUrl":"https:\/\/secure.gravatar.com\/avatar\/fd2acc62ed50732923d1d39c17172c9b04149f142be92310ecc69e1358f94b52?s=96&d=mm&r=g","caption":"Med Ahmed"},"url":"https:\/\/lequotidien.mr\/?author=12"}]}},"_links":{"self":[{"href":"https:\/\/lequotidien.mr\/index.php?rest_route=\/wp\/v2\/posts\/29542","targetHints":{"allow":["GET"]}}],"collection":[{"href":"https:\/\/lequotidien.mr\/index.php?rest_route=\/wp\/v2\/posts"}],"about":[{"href":"https:\/\/lequotidien.mr\/index.php?rest_route=\/wp\/v2\/types\/post"}],"author":[{"embeddable":true,"href":"https:\/\/lequotidien.mr\/index.php?rest_route=\/wp\/v2\/users\/12"}],"replies":[{"embeddable":true,"href":"https:\/\/lequotidien.mr\/index.php?rest_route=%2Fwp%2Fv2%2Fcomments&post=29542"}],"version-history":[{"count":1,"href":"https:\/\/lequotidien.mr\/index.php?rest_route=\/wp\/v2\/posts\/29542\/revisions"}],"predecessor-version":[{"id":29545,"href":"https:\/\/lequotidien.mr\/index.php?rest_route=\/wp\/v2\/posts\/29542\/revisions\/29545"}],"wp:featuredmedia":[{"embeddable":true,"href":"https:\/\/lequotidien.mr\/index.php?rest_route=\/wp\/v2\/media\/29544"}],"wp:attachment":[{"href":"https:\/\/lequotidien.mr\/index.php?rest_route=%2Fwp%2Fv2%2Fmedia&parent=29542"}],"wp:term":[{"taxonomy":"category","embeddable":true,"href":"https:\/\/lequotidien.mr\/index.php?rest_route=%2Fwp%2Fv2%2Fcategories&post=29542"},{"taxonomy":"post_tag","embeddable":true,"href":"https:\/\/lequotidien.mr\/index.php?rest_route=%2Fwp%2Fv2%2Ftags&post=29542"}],"curies":[{"name":"wp","href":"https:\/\/api.w.org\/{rel}","templated":true}]}}