{"id":29498,"date":"2025-07-23T19:21:27","date_gmt":"2025-07-23T19:21:27","guid":{"rendered":"https:\/\/lequotidien.mr\/?p=29498"},"modified":"2025-07-23T19:21:27","modified_gmt":"2025-07-23T19:21:27","slug":"mecanisation-agricole-72-tracteurs-agricoles-mis-a-la-disposition-des-conseils-regionaux-pour-booster-la-souverainete-alimentaire-dans-le-pays","status":"publish","type":"post","link":"https:\/\/lequotidien.mr\/?p=29498&lang=fr","title":{"rendered":"M\u00e9canisation agricole : 72 tracteurs agricoles mis \u00e0 la disposition des Conseils r\u00e9gionaux pour booster la souverainet\u00e9 alimentaire dans le pays"},"content":{"rendered":"<p>Le ministre de l\u2019Agriculture et de la Souverainet\u00e9 alimentaire, M. Memma Beibatte, a officiellement lanc\u00e9 ce mardi \u00e0 Nouakchott la deuxi\u00e8me phase du projet national de m\u00e9canisation agricole. Cette \u00e9tape cruciale, marqu\u00e9e par une c\u00e9r\u00e9monie en pr\u00e9sence de membres du gouvernement et de responsables r\u00e9gionaux, vise \u00e0 moderniser durablement l&#8217;agriculture mauritanienne et renforcer l&#8217;autosuffisance alimentaire.<\/p>\n<p><strong>Distribution massive et cr\u00e9ation d&#8217;emplois : un accord quadripartite structurant<\/strong><\/p>\n<p>L&#8217;\u00e9v\u00e9nement a \u00e9t\u00e9 ponctu\u00e9 par la\u00a0<strong>signature d&#8217;un accord quadripartite<\/strong>\u00a0ouvrant la voie \u00e0 la\u00a0<strong>distribution imm\u00e9diate de 72 tracteurs agricoles<\/strong>, accompagn\u00e9s de leurs accessoires et d&#8217;une quantit\u00e9 importante de pi\u00e8ces de rechange, aux conseils r\u00e9gionaux. Cette dotation strat\u00e9gique s&#8217;accompagne d&#8217;une mesure cl\u00e9 pour la p\u00e9rennit\u00e9 et l&#8217;impact social : le\u00a0<strong>Minist\u00e8re de l\u2019Autonomisation des Jeunes, de l\u2019emploi, des sports et du service civique<\/strong>\u00a0cr\u00e9era des\u00a0<strong>ateliers sp\u00e9cialis\u00e9s<\/strong>\u00a0d\u00e9di\u00e9s \u00e0 l&#8217;entretien et la maintenance de ce parc m\u00e9canique. Cette initiative vise explicitement \u00e0\u00a0<strong>g\u00e9n\u00e9rer des opportunit\u00e9s d&#8217;emplois stables pour les jeunes<\/strong>\u00a0et \u00e0 favoriser leur ancrage dans les r\u00e9gions de l&#8217;int\u00e9rieur du pays.<\/p>\n<p><strong>Succ\u00e8s de la 1<sup>\u00e8re<\/sup> \u00a0phase 1 et ambitions renouvel\u00e9es pour la 2<sup>\u00e8me <\/sup>phase<\/strong><\/p>\n<p>Dans son allocution, le ministre Memma Beibatte a r\u00e9affirm\u00e9\u00a0l&#8217;engagement du secteur \u00e0 appliquer les directives du Pr\u00e9sident Mohamed Cheikh El Ghazouani. Ces directives prioritaires visent \u00e0 dynamiser le secteur agricole, augmenter sa productivit\u00e9, g\u00e9n\u00e9raliser les services agricoles modernes et r\u00e9duire la p\u00e9nibilit\u00e9 du travail des agriculteurs, particuli\u00e8rement dans l&#8217;agriculture pluviale.<\/p>\n<p>Le ministre a soulign\u00e9 que la\u00a0premi\u00e8re phase du projet a constitu\u00e9 un<em><strong> &#8220;tournant important&#8221;<\/strong><\/em>\u00a0dans les pratiques des agriculteurs, permettant notamment la\u00a0<strong>r\u00e9cup\u00e9ration de plus de 15 000 hectares<\/strong>. Fort de ces r\u00e9sultats, il a pr\u00e9sent\u00e9 la\u00a0deuxi\u00e8me phase comme<em><strong> &#8220;plus compl\u00e8te&#8221;<\/strong><\/em>, int\u00e9grant les retours d&#8217;exp\u00e9rience du terrain pour\u00a0garantir la durabilit\u00e9 des performances\u00a0et l&#8217;atteinte des objectifs fix\u00e9s.<\/p>\n<p><strong>D\u00e9centralisation, \u00e9quit\u00e9 et lutte contre la pauvret\u00e9 : le soutien des r\u00e9gions<\/strong><\/p>\n<p>Mme Fatimetou Abdel Malek, Pr\u00e9sidente de la R\u00e9gion de Nouakchott et Pr\u00e9sidente de l\u2019Association des R\u00e9gions, a salu\u00e9 le projet comme un\u00a0levier puissant pour la d\u00e9centralisation\u00a0et un\u00a0cr\u00e9ateur d&#8217;opportunit\u00e9s professionnelles majeures dans l&#8217;agriculture. Elle s&#8217;est engag\u00e9e \u00e0 une\u00a0gestion transparente des \u00e9quipements\u00a0distribu\u00e9s.<\/p>\n<p>Les pr\u00e9sidents des r\u00e9gions participantes, notamment ceux du Brakna et du Trarza, ont \u00e9galement exprim\u00e9 leur satisfaction. Ils ont mis en avant\u00a0l&#8217;extension de la m\u00e9canisation vers des zones agricoles non traditionnelles, comme Legrayer et les zones de barrages, saluant les efforts de l&#8217;\u00c9tat pour\u00a0soutenir le d\u00e9veloppement agricole. Ils ont soulign\u00e9 le r\u00f4le cl\u00e9 de ce projet dans la\u00a0r\u00e9alisation de la souverainet\u00e9 alimentaire, la\u00a0r\u00e9duction de la pauvret\u00e9\u00a0et la\u00a0lutte contre le ch\u00f4mage\u00a0\u00e0 l&#8217;int\u00e9rieur du pays.<\/p>\n<p>La c\u00e9r\u00e9monie s&#8217;est conclue par une\u00a0visite d&#8217;inspection des nouveaux tracteurs et \u00e9quipements, symbole tangible de l&#8217;avanc\u00e9e du projet. Cet \u00e9v\u00e9nement a confirm\u00e9 l&#8217;engagement conjoint du gouvernement et des r\u00e9gions\u00a0\u00e0 poursuivre le d\u00e9veloppement du secteur agricole par la modernisation des moyens et la recherche d&#8217;une\u00a0\u00e9quit\u00e9 dans la distribution des services agricoles\u00a0sur l&#8217;ensemble du territoire national. La deuxi\u00e8me phase de m\u00e9canisation s&#8217;annonce ainsi comme un pilier essentiel de la strat\u00e9gie mauritanienne pour une agriculture performante, cr\u00e9atrice d&#8217;emplois et garante de la s\u00e9curit\u00e9 alimentaire.<\/p>\n","protected":false},"excerpt":{"rendered":"<p>Le ministre de l\u2019Agriculture et de la Souverainet\u00e9 alimentaire, M. Memma Beibatte, a officiellement lanc\u00e9 ce mardi \u00e0 Nouakchott la deuxi\u00e8me phase du projet national de m\u00e9canisation agricole. Cette \u00e9tape cruciale, marqu\u00e9e par une c\u00e9r\u00e9monie en pr\u00e9sence de membres du gouvernement et de responsables r\u00e9gionaux, vise \u00e0 moderniser durablement l&#8217;agriculture mauritanienne et renforcer l&#8217;autosuffisance alimentaire&#8230;&#8230;<\/p>\n","protected":false},"author":12,"featured_media":29499,"comment_status":"open","ping_status":"open","sticky":false,"template":"","format":"standard","meta":{"footnotes":""},"categories":[23,49],"tags":[],"class_list":["post-29498","post","type-post","status-publish","format-standard","has-post-thumbnail","hentry","category-actualite","category-economie"],"yoast_head":"<!-- This site is optimized with the Yoast SEO plugin v27.5 - https:\/\/yoast.com\/product\/yoast-seo-wordpress\/ -->\n<title>M\u00e9canisation agricole : 72 tracteurs agricoles mis \u00e0 la disposition des Conseils r\u00e9gionaux pour booster la souverainet\u00e9 alimentaire dans le pays - Le Quotidien de Nouakchott<\/title>\n<meta name=\"robots\" content=\"index, follow, max-snippet:-1, max-image-preview:large, max-video-preview:-1\" \/>\n<link rel=\"canonical\" href=\"https:\/\/lequotidien.mr\/?p=29498&lang=fr\" \/>\n<meta property=\"og:locale\" content=\"ar_AR\" \/>\n<meta property=\"og:type\" content=\"article\" \/>\n<meta property=\"og:title\" content=\"M\u00e9canisation agricole : 72 tracteurs agricoles mis \u00e0 la disposition des Conseils r\u00e9gionaux pour booster la souverainet\u00e9 alimentaire dans le pays - Le Quotidien de Nouakchott\" \/>\n<meta property=\"og:description\" content=\"Le ministre de l\u2019Agriculture et de la Souverainet\u00e9 alimentaire, M. Memma Beibatte, a officiellement lanc\u00e9 ce mardi \u00e0 Nouakchott la deuxi\u00e8me phase du projet national de m\u00e9canisation agricole. Cette \u00e9tape cruciale, marqu\u00e9e par une c\u00e9r\u00e9monie en pr\u00e9sence de membres du gouvernement et de responsables r\u00e9gionaux, vise \u00e0 moderniser durablement l&#8217;agriculture mauritanienne et renforcer l&#8217;autosuffisance alimentaire......\" \/>\n<meta property=\"og:url\" content=\"https:\/\/lequotidien.mr\/?p=29498&amp;lang=fr\" \/>\n<meta property=\"og:site_name\" content=\"Le Quotidien de Nouakchott\" \/>\n<meta property=\"article:publisher\" content=\"https:\/\/web.facebook.com\/lequotidienmr\" \/>\n<meta property=\"article:published_time\" content=\"2025-07-23T19:21:27+00:00\" \/>\n<meta property=\"og:image\" content=\"https:\/\/lequotidien.mr\/wp-content\/uploads\/2025\/07\/photo-mecanisation-agriculture.jpg\" \/>\n\t<meta property=\"og:image:width\" content=\"750\" \/>\n\t<meta property=\"og:image:height\" content=\"430\" \/>\n\t<meta property=\"og:image:type\" content=\"image\/jpeg\" \/>\n<meta name=\"author\" content=\"Med Ahmed\" \/>\n<meta name=\"twitter:card\" content=\"summary_large_image\" \/>\n<meta name=\"twitter:creator\" content=\"@lequotidienmr\" \/>\n<meta name=\"twitter:site\" content=\"@lequotidienmr\" \/>\n<meta name=\"twitter:label1\" content=\"\u0643\u064f\u062a\u0628 \u0628\u0648\u0627\u0633\u0637\u0629\" \/>\n\t<meta name=\"twitter:data1\" content=\"Med Ahmed\" \/>\n\t<meta name=\"twitter:label2\" content=\"\u0648\u0642\u062a \u0627\u0644\u0642\u0631\u0627\u0621\u0629 \u0627\u0644\u0645\u064f\u0642\u062f\u0651\u0631\" \/>\n\t<meta name=\"twitter:data2\" content=\"4 \u062f\u0642\u0627\u0626\u0642\" \/>\n<script type=\"application\/ld+json\" class=\"yoast-schema-graph\">{\"@context\":\"https:\\\/\\\/schema.org\",\"@graph\":[{\"@type\":\"Article\",\"@id\":\"https:\\\/\\\/lequotidien.mr\\\/?p=29498&lang=fr#article\",\"isPartOf\":{\"@id\":\"https:\\\/\\\/lequotidien.mr\\\/?p=29498&lang=fr\"},\"author\":{\"name\":\"Med Ahmed\",\"@id\":\"https:\\\/\\\/lequotidien.mr\\\/#\\\/schema\\\/person\\\/d2d350202a4d599685ed8abc25f97596\"},\"headline\":\"M\u00e9canisation agricole : 72 tracteurs agricoles mis \u00e0 la disposition des Conseils r\u00e9gionaux pour booster la souverainet\u00e9 alimentaire dans le pays\",\"datePublished\":\"2025-07-23T19:21:27+00:00\",\"mainEntityOfPage\":{\"@id\":\"https:\\\/\\\/lequotidien.mr\\\/?p=29498&lang=fr\"},\"wordCount\":627,\"commentCount\":0,\"publisher\":{\"@id\":\"https:\\\/\\\/lequotidien.mr\\\/#organization\"},\"image\":{\"@id\":\"https:\\\/\\\/lequotidien.mr\\\/?p=29498&lang=fr#primaryimage\"},\"thumbnailUrl\":\"https:\\\/\\\/lequotidien.mr\\\/wp-content\\\/uploads\\\/2025\\\/07\\\/photo-mecanisation-agriculture.jpg\",\"articleSection\":[\"ACTUALIT\u00c9\",\"Economie\"],\"inLanguage\":\"ar\",\"potentialAction\":[{\"@type\":\"CommentAction\",\"name\":\"Comment\",\"target\":[\"https:\\\/\\\/lequotidien.mr\\\/?p=29498&lang=fr#respond\"]}]},{\"@type\":\"WebPage\",\"@id\":\"https:\\\/\\\/lequotidien.mr\\\/?p=29498&lang=fr\",\"url\":\"https:\\\/\\\/lequotidien.mr\\\/?p=29498&lang=fr\",\"name\":\"M\u00e9canisation agricole : 72 tracteurs agricoles mis \u00e0 la disposition des Conseils r\u00e9gionaux pour booster la souverainet\u00e9 alimentaire dans le pays - Le Quotidien de Nouakchott\",\"isPartOf\":{\"@id\":\"https:\\\/\\\/lequotidien.mr\\\/#website\"},\"primaryImageOfPage\":{\"@id\":\"https:\\\/\\\/lequotidien.mr\\\/?p=29498&lang=fr#primaryimage\"},\"image\":{\"@id\":\"https:\\\/\\\/lequotidien.mr\\\/?p=29498&lang=fr#primaryimage\"},\"thumbnailUrl\":\"https:\\\/\\\/lequotidien.mr\\\/wp-content\\\/uploads\\\/2025\\\/07\\\/photo-mecanisation-agriculture.jpg\",\"datePublished\":\"2025-07-23T19:21:27+00:00\",\"breadcrumb\":{\"@id\":\"https:\\\/\\\/lequotidien.mr\\\/?p=29498&lang=fr#breadcrumb\"},\"inLanguage\":\"ar\",\"potentialAction\":[{\"@type\":\"ReadAction\",\"target\":[\"https:\\\/\\\/lequotidien.mr\\\/?p=29498&lang=fr\"]}]},{\"@type\":\"ImageObject\",\"inLanguage\":\"ar\",\"@id\":\"https:\\\/\\\/lequotidien.mr\\\/?p=29498&lang=fr#primaryimage\",\"url\":\"https:\\\/\\\/lequotidien.mr\\\/wp-content\\\/uploads\\\/2025\\\/07\\\/photo-mecanisation-agriculture.jpg\",\"contentUrl\":\"https:\\\/\\\/lequotidien.mr\\\/wp-content\\\/uploads\\\/2025\\\/07\\\/photo-mecanisation-agriculture.jpg\",\"width\":750,\"height\":430},{\"@type\":\"BreadcrumbList\",\"@id\":\"https:\\\/\\\/lequotidien.mr\\\/?p=29498&lang=fr#breadcrumb\",\"itemListElement\":[{\"@type\":\"ListItem\",\"position\":1,\"name\":\"Home\",\"item\":\"https:\\\/\\\/lequotidien.mr\\\/\"},{\"@type\":\"ListItem\",\"position\":2,\"name\":\"M\u00e9canisation agricole : 72 tracteurs agricoles mis \u00e0 la disposition des Conseils r\u00e9gionaux pour booster la souverainet\u00e9 alimentaire dans le pays\"}]},{\"@type\":\"WebSite\",\"@id\":\"https:\\\/\\\/lequotidien.mr\\\/#website\",\"url\":\"https:\\\/\\\/lequotidien.mr\\\/\",\"name\":\"Le Quotidien de Nouakchott\",\"description\":\"\u0625\u062e\u0628\u0627\u0631\u064a\u0629 \u0645\u0633\u062a\u0642\u0644\u0629 \u0644\u0644\u0623\u0646\u0628\u0627\u0621 \u0627\u0644\u0639\u0627\u0645\u0629\",\"publisher\":{\"@id\":\"https:\\\/\\\/lequotidien.mr\\\/#organization\"},\"potentialAction\":[{\"@type\":\"SearchAction\",\"target\":{\"@type\":\"EntryPoint\",\"urlTemplate\":\"https:\\\/\\\/lequotidien.mr\\\/?s={search_term_string}\"},\"query-input\":{\"@type\":\"PropertyValueSpecification\",\"valueRequired\":true,\"valueName\":\"search_term_string\"}}],\"inLanguage\":\"ar\"},{\"@type\":\"Organization\",\"@id\":\"https:\\\/\\\/lequotidien.mr\\\/#organization\",\"name\":\"Le Quotidien de Nouakchott\",\"url\":\"https:\\\/\\\/lequotidien.mr\\\/\",\"logo\":{\"@type\":\"ImageObject\",\"inLanguage\":\"ar\",\"@id\":\"https:\\\/\\\/lequotidien.mr\\\/#\\\/schema\\\/logo\\\/image\\\/\",\"url\":\"https:\\\/\\\/lequotidien.mr\\\/wp-content\\\/uploads\\\/2022\\\/11\\\/logolequotidien.jpg\",\"contentUrl\":\"https:\\\/\\\/lequotidien.mr\\\/wp-content\\\/uploads\\\/2022\\\/11\\\/logolequotidien.jpg\",\"width\":290,\"height\":65,\"caption\":\"Le Quotidien de Nouakchott\"},\"image\":{\"@id\":\"https:\\\/\\\/lequotidien.mr\\\/#\\\/schema\\\/logo\\\/image\\\/\"},\"sameAs\":[\"https:\\\/\\\/web.facebook.com\\\/lequotidienmr\",\"https:\\\/\\\/x.com\\\/lequotidienmr\"]},{\"@type\":\"Person\",\"@id\":\"https:\\\/\\\/lequotidien.mr\\\/#\\\/schema\\\/person\\\/d2d350202a4d599685ed8abc25f97596\",\"name\":\"Med Ahmed\",\"image\":{\"@type\":\"ImageObject\",\"inLanguage\":\"ar\",\"@id\":\"https:\\\/\\\/secure.gravatar.com\\\/avatar\\\/fd2acc62ed50732923d1d39c17172c9b04149f142be92310ecc69e1358f94b52?s=96&d=mm&r=g\",\"url\":\"https:\\\/\\\/secure.gravatar.com\\\/avatar\\\/fd2acc62ed50732923d1d39c17172c9b04149f142be92310ecc69e1358f94b52?s=96&d=mm&r=g\",\"contentUrl\":\"https:\\\/\\\/secure.gravatar.com\\\/avatar\\\/fd2acc62ed50732923d1d39c17172c9b04149f142be92310ecc69e1358f94b52?s=96&d=mm&r=g\",\"caption\":\"Med Ahmed\"},\"url\":\"https:\\\/\\\/lequotidien.mr\\\/?author=12\"}]}<\/script>\n<!-- \/ Yoast SEO plugin. -->","yoast_head_json":{"title":"M\u00e9canisation agricole : 72 tracteurs agricoles mis \u00e0 la disposition des Conseils r\u00e9gionaux pour booster la souverainet\u00e9 alimentaire dans le pays - Le Quotidien de Nouakchott","robots":{"index":"index","follow":"follow","max-snippet":"max-snippet:-1","max-image-preview":"max-image-preview:large","max-video-preview":"max-video-preview:-1"},"canonical":"https:\/\/lequotidien.mr\/?p=29498&lang=fr","og_locale":"ar_AR","og_type":"article","og_title":"M\u00e9canisation agricole : 72 tracteurs agricoles mis \u00e0 la disposition des Conseils r\u00e9gionaux pour booster la souverainet\u00e9 alimentaire dans le pays - Le Quotidien de Nouakchott","og_description":"Le ministre de l\u2019Agriculture et de la Souverainet\u00e9 alimentaire, M. Memma Beibatte, a officiellement lanc\u00e9 ce mardi \u00e0 Nouakchott la deuxi\u00e8me phase du projet national de m\u00e9canisation agricole. Cette \u00e9tape cruciale, marqu\u00e9e par une c\u00e9r\u00e9monie en pr\u00e9sence de membres du gouvernement et de responsables r\u00e9gionaux, vise \u00e0 moderniser durablement l&#8217;agriculture mauritanienne et renforcer l&#8217;autosuffisance alimentaire......","og_url":"https:\/\/lequotidien.mr\/?p=29498&lang=fr","og_site_name":"Le Quotidien de Nouakchott","article_publisher":"https:\/\/web.facebook.com\/lequotidienmr","article_published_time":"2025-07-23T19:21:27+00:00","og_image":[{"width":750,"height":430,"url":"https:\/\/lequotidien.mr\/wp-content\/uploads\/2025\/07\/photo-mecanisation-agriculture.jpg","type":"image\/jpeg"}],"author":"Med Ahmed","twitter_card":"summary_large_image","twitter_creator":"@lequotidienmr","twitter_site":"@lequotidienmr","twitter_misc":{"\u0643\u064f\u062a\u0628 \u0628\u0648\u0627\u0633\u0637\u0629":"Med Ahmed","\u0648\u0642\u062a \u0627\u0644\u0642\u0631\u0627\u0621\u0629 \u0627\u0644\u0645\u064f\u0642\u062f\u0651\u0631":"4 \u062f\u0642\u0627\u0626\u0642"},"schema":{"@context":"https:\/\/schema.org","@graph":[{"@type":"Article","@id":"https:\/\/lequotidien.mr\/?p=29498&lang=fr#article","isPartOf":{"@id":"https:\/\/lequotidien.mr\/?p=29498&lang=fr"},"author":{"name":"Med Ahmed","@id":"https:\/\/lequotidien.mr\/#\/schema\/person\/d2d350202a4d599685ed8abc25f97596"},"headline":"M\u00e9canisation agricole : 72 tracteurs agricoles mis \u00e0 la disposition des Conseils r\u00e9gionaux pour booster la souverainet\u00e9 alimentaire dans le pays","datePublished":"2025-07-23T19:21:27+00:00","mainEntityOfPage":{"@id":"https:\/\/lequotidien.mr\/?p=29498&lang=fr"},"wordCount":627,"commentCount":0,"publisher":{"@id":"https:\/\/lequotidien.mr\/#organization"},"image":{"@id":"https:\/\/lequotidien.mr\/?p=29498&lang=fr#primaryimage"},"thumbnailUrl":"https:\/\/lequotidien.mr\/wp-content\/uploads\/2025\/07\/photo-mecanisation-agriculture.jpg","articleSection":["ACTUALIT\u00c9","Economie"],"inLanguage":"ar","potentialAction":[{"@type":"CommentAction","name":"Comment","target":["https:\/\/lequotidien.mr\/?p=29498&lang=fr#respond"]}]},{"@type":"WebPage","@id":"https:\/\/lequotidien.mr\/?p=29498&lang=fr","url":"https:\/\/lequotidien.mr\/?p=29498&lang=fr","name":"M\u00e9canisation agricole : 72 tracteurs agricoles mis \u00e0 la disposition des Conseils r\u00e9gionaux pour booster la souverainet\u00e9 alimentaire dans le pays - Le Quotidien de Nouakchott","isPartOf":{"@id":"https:\/\/lequotidien.mr\/#website"},"primaryImageOfPage":{"@id":"https:\/\/lequotidien.mr\/?p=29498&lang=fr#primaryimage"},"image":{"@id":"https:\/\/lequotidien.mr\/?p=29498&lang=fr#primaryimage"},"thumbnailUrl":"https:\/\/lequotidien.mr\/wp-content\/uploads\/2025\/07\/photo-mecanisation-agriculture.jpg","datePublished":"2025-07-23T19:21:27+00:00","breadcrumb":{"@id":"https:\/\/lequotidien.mr\/?p=29498&lang=fr#breadcrumb"},"inLanguage":"ar","potentialAction":[{"@type":"ReadAction","target":["https:\/\/lequotidien.mr\/?p=29498&lang=fr"]}]},{"@type":"ImageObject","inLanguage":"ar","@id":"https:\/\/lequotidien.mr\/?p=29498&lang=fr#primaryimage","url":"https:\/\/lequotidien.mr\/wp-content\/uploads\/2025\/07\/photo-mecanisation-agriculture.jpg","contentUrl":"https:\/\/lequotidien.mr\/wp-content\/uploads\/2025\/07\/photo-mecanisation-agriculture.jpg","width":750,"height":430},{"@type":"BreadcrumbList","@id":"https:\/\/lequotidien.mr\/?p=29498&lang=fr#breadcrumb","itemListElement":[{"@type":"ListItem","position":1,"name":"Home","item":"https:\/\/lequotidien.mr\/"},{"@type":"ListItem","position":2,"name":"M\u00e9canisation agricole : 72 tracteurs agricoles mis \u00e0 la disposition des Conseils r\u00e9gionaux pour booster la souverainet\u00e9 alimentaire dans le pays"}]},{"@type":"WebSite","@id":"https:\/\/lequotidien.mr\/#website","url":"https:\/\/lequotidien.mr\/","name":"Le Quotidien de Nouakchott","description":"\u0625\u062e\u0628\u0627\u0631\u064a\u0629 \u0645\u0633\u062a\u0642\u0644\u0629 \u0644\u0644\u0623\u0646\u0628\u0627\u0621 \u0627\u0644\u0639\u0627\u0645\u0629","publisher":{"@id":"https:\/\/lequotidien.mr\/#organization"},"potentialAction":[{"@type":"SearchAction","target":{"@type":"EntryPoint","urlTemplate":"https:\/\/lequotidien.mr\/?s={search_term_string}"},"query-input":{"@type":"PropertyValueSpecification","valueRequired":true,"valueName":"search_term_string"}}],"inLanguage":"ar"},{"@type":"Organization","@id":"https:\/\/lequotidien.mr\/#organization","name":"Le Quotidien de Nouakchott","url":"https:\/\/lequotidien.mr\/","logo":{"@type":"ImageObject","inLanguage":"ar","@id":"https:\/\/lequotidien.mr\/#\/schema\/logo\/image\/","url":"https:\/\/lequotidien.mr\/wp-content\/uploads\/2022\/11\/logolequotidien.jpg","contentUrl":"https:\/\/lequotidien.mr\/wp-content\/uploads\/2022\/11\/logolequotidien.jpg","width":290,"height":65,"caption":"Le Quotidien de Nouakchott"},"image":{"@id":"https:\/\/lequotidien.mr\/#\/schema\/logo\/image\/"},"sameAs":["https:\/\/web.facebook.com\/lequotidienmr","https:\/\/x.com\/lequotidienmr"]},{"@type":"Person","@id":"https:\/\/lequotidien.mr\/#\/schema\/person\/d2d350202a4d599685ed8abc25f97596","name":"Med Ahmed","image":{"@type":"ImageObject","inLanguage":"ar","@id":"https:\/\/secure.gravatar.com\/avatar\/fd2acc62ed50732923d1d39c17172c9b04149f142be92310ecc69e1358f94b52?s=96&d=mm&r=g","url":"https:\/\/secure.gravatar.com\/avatar\/fd2acc62ed50732923d1d39c17172c9b04149f142be92310ecc69e1358f94b52?s=96&d=mm&r=g","contentUrl":"https:\/\/secure.gravatar.com\/avatar\/fd2acc62ed50732923d1d39c17172c9b04149f142be92310ecc69e1358f94b52?s=96&d=mm&r=g","caption":"Med Ahmed"},"url":"https:\/\/lequotidien.mr\/?author=12"}]}},"_links":{"self":[{"href":"https:\/\/lequotidien.mr\/index.php?rest_route=\/wp\/v2\/posts\/29498","targetHints":{"allow":["GET"]}}],"collection":[{"href":"https:\/\/lequotidien.mr\/index.php?rest_route=\/wp\/v2\/posts"}],"about":[{"href":"https:\/\/lequotidien.mr\/index.php?rest_route=\/wp\/v2\/types\/post"}],"author":[{"embeddable":true,"href":"https:\/\/lequotidien.mr\/index.php?rest_route=\/wp\/v2\/users\/12"}],"replies":[{"embeddable":true,"href":"https:\/\/lequotidien.mr\/index.php?rest_route=%2Fwp%2Fv2%2Fcomments&post=29498"}],"version-history":[{"count":1,"href":"https:\/\/lequotidien.mr\/index.php?rest_route=\/wp\/v2\/posts\/29498\/revisions"}],"predecessor-version":[{"id":29500,"href":"https:\/\/lequotidien.mr\/index.php?rest_route=\/wp\/v2\/posts\/29498\/revisions\/29500"}],"wp:featuredmedia":[{"embeddable":true,"href":"https:\/\/lequotidien.mr\/index.php?rest_route=\/wp\/v2\/media\/29499"}],"wp:attachment":[{"href":"https:\/\/lequotidien.mr\/index.php?rest_route=%2Fwp%2Fv2%2Fmedia&parent=29498"}],"wp:term":[{"taxonomy":"category","embeddable":true,"href":"https:\/\/lequotidien.mr\/index.php?rest_route=%2Fwp%2Fv2%2Fcategories&post=29498"},{"taxonomy":"post_tag","embeddable":true,"href":"https:\/\/lequotidien.mr\/index.php?rest_route=%2Fwp%2Fv2%2Ftags&post=29498"}],"curies":[{"name":"wp","href":"https:\/\/api.w.org\/{rel}","templated":true}]}}