{"id":29492,"date":"2025-07-23T18:48:08","date_gmt":"2025-07-23T18:48:08","guid":{"rendered":"https:\/\/lequotidien.mr\/?p=29492"},"modified":"2025-07-23T18:48:08","modified_gmt":"2025-07-23T18:48:08","slug":"le-premier-ministre-donne-un-nouvel-elan-pour-la-transformation-du-centre-ville-de-nouakchott","status":"publish","type":"post","link":"https:\/\/lequotidien.mr\/?p=29492&lang=fr","title":{"rendered":"Le Premier ministre donne un nouvel \u00e9lan pour la transformation du centre-ville de Nouakchott"},"content":{"rendered":"<p>Le Premier ministre, M. Moctar Djay, a pr\u00e9sid\u00e9, hier soir, une r\u00e9union cruciale du comit\u00e9 minist\u00e9riel charg\u00e9 du projet phare d&#8217;am\u00e9nagement et de r\u00e9novation du centre-ville de Nouakchott. Cette s\u00e9ance, tenue dans la salle de r\u00e9union du Premier minist\u00e8re, avait pour objectif d&#8217;examiner et d&#8217;approfondir le rapport du comit\u00e9 technique d\u00e9di\u00e9 \u00e0 ce projet structurant.<\/p>\n<p>Le projet de r\u00e9novation du centre-ville constitue, comme l&#8217;a rappel\u00e9 le contexte de la r\u00e9union,\u00a0<strong>l&#8217;\u00e9pine dorsale du deuxi\u00e8me programme de d\u00e9veloppement de la capitale mauritanienne<\/strong>. Il s&#8217;agit d&#8217;une initiative majeure que le Pr\u00e9sident de la R\u00e9publique, M. Mohamed Cheikh El Ghazouani, entend mener \u00e0 bien au cours de son deuxi\u00e8me mandat. Son objectif central est d&#8217;am\u00e9liorer significativement le visage urbain du c\u0153ur de Nouakchott, r\u00e9pondant ainsi \u00e0 des enjeux de modernisation, de fonctionnalit\u00e9 et d&#8217;attractivit\u00e9.<\/p>\n<p>Apr\u00e8s avoir \u00e9cout\u00e9 attentivement la pr\u00e9sentation d\u00e9taill\u00e9e du comit\u00e9 technique et les observations des membres du comit\u00e9 minist\u00e9riel, le Premier ministre a pris plusieurs d\u00e9cisions fortes pour impulser et structurer la suite des travaux :<\/p>\n<p><strong>-P\u00e9rennisation des r\u00e9unions :<\/strong>\u00a0M. Moctar Djay a\u00a0<strong>ordonn\u00e9 que les r\u00e9unions du comit\u00e9 minist\u00e9riel se tiennent d\u00e9sormais de mani\u00e8re r\u00e9guli\u00e8re<\/strong>. Cette mesure vise \u00e0 faciliter le suivi rigoureux et \u00e0 acc\u00e9l\u00e9rer l&#8217;avancement des travaux pr\u00e9paratoires essentiels \u00e0 la mise en \u0153uvre du programme\u00a0;<\/p>\n<p><strong>-Recensement des besoins et mise \u00e0 jour r\u00e9glementaire :<\/strong>\u00a0Le Chef du gouvernement a\u00a0<strong>demand\u00e9 aux secteurs minist\u00e9riels concern\u00e9s<\/strong>\u00a0de proc\u00e9der sans d\u00e9lai \u00e0 un\u00a0<strong>recensement exhaustif des besoins<\/strong>\u00a0li\u00e9s au projet. Il leur a \u00e9galement enjoint de\u00a0<strong>soumettre les propositions requises pour la mise \u00e0 jour des textes l\u00e9gislatifs et r\u00e9glementaires<\/strong>\u00a0n\u00e9cessaires \u00e0 sa r\u00e9alisation\u00a0;<\/p>\n<p><strong>-Travail coordonn\u00e9 et respect des d\u00e9lais :<\/strong>\u00a0Insistant sur l&#8217;importance d&#8217;une ex\u00e9cution efficace, le Premier ministre a exig\u00e9 que les diff\u00e9rents minist\u00e8res impliqu\u00e9s\u00a0<strong>travaillent de mani\u00e8re parall\u00e8le et coordonn\u00e9e<\/strong>. Cette approche concert\u00e9e doit permettre d&#8217;<strong>achever les travaux pr\u00e9liminaires dans les d\u00e9lais impartis<\/strong>, condition sine qua non pour le lancement rapide des op\u00e9rations sur le terrain.<\/p>\n<p>Cette r\u00e9union pr\u00e9sid\u00e9e par le Premier ministre Moctar Djay marque une \u00e9tape significative dans la concr\u00e9tisation d&#8217;un projet urbain attendu. Les instructions claires donn\u00e9es aux minist\u00e8res concern\u00e9s et l&#8217;institutionnalisation des r\u00e9unions du comit\u00e9 minist\u00e9riel d\u00e9montrent la\u00a0<strong>volont\u00e9 du gouvernement de donner une impulsion d\u00e9cisive \u00e0 la transformation du centre-ville de Nouakchott<\/strong>. La prochaine phase, centr\u00e9e sur le recensement pr\u00e9cis des besoins et l&#8217;adaptation du cadre juridique, sera d\u00e9terminante pour poser les bases solides de ce chantier structurant pour l&#8217;avenir de la capitale mauritanienne.<\/p>\n","protected":false},"excerpt":{"rendered":"<p>Le Premier ministre, M. Moctar Djay, a pr\u00e9sid\u00e9, hier soir, une r\u00e9union cruciale du comit\u00e9 minist\u00e9riel charg\u00e9 du projet phare d&#8217;am\u00e9nagement et de r\u00e9novation du centre-ville de Nouakchott. Cette s\u00e9ance, tenue dans la salle de r\u00e9union du Premier minist\u00e8re, avait pour objectif d&#8217;examiner et d&#8217;approfondir le rapport du comit\u00e9 technique d\u00e9di\u00e9 \u00e0 ce projet structurant&#8230;&#8230;<\/p>\n","protected":false},"author":12,"featured_media":29493,"comment_status":"open","ping_status":"open","sticky":false,"template":"","format":"standard","meta":{"footnotes":""},"categories":[23,49,55],"tags":[],"class_list":["post-29492","post","type-post","status-publish","format-standard","has-post-thumbnail","hentry","category-actualite","category-economie","category-culture"],"yoast_head":"<!-- This site is optimized with the Yoast SEO plugin v27.5 - https:\/\/yoast.com\/product\/yoast-seo-wordpress\/ -->\n<title>Le Premier ministre donne un nouvel \u00e9lan pour la transformation du centre-ville de Nouakchott - Le Quotidien de Nouakchott<\/title>\n<meta name=\"robots\" content=\"index, follow, max-snippet:-1, max-image-preview:large, max-video-preview:-1\" \/>\n<link rel=\"canonical\" href=\"https:\/\/lequotidien.mr\/?p=29492&lang=fr\" \/>\n<meta property=\"og:locale\" content=\"ar_AR\" \/>\n<meta property=\"og:type\" content=\"article\" \/>\n<meta property=\"og:title\" content=\"Le Premier ministre donne un nouvel \u00e9lan pour la transformation du centre-ville de Nouakchott - Le Quotidien de Nouakchott\" \/>\n<meta property=\"og:description\" content=\"Le Premier ministre, M. Moctar Djay, a pr\u00e9sid\u00e9, hier soir, une r\u00e9union cruciale du comit\u00e9 minist\u00e9riel charg\u00e9 du projet phare d&#8217;am\u00e9nagement et de r\u00e9novation du centre-ville de Nouakchott. Cette s\u00e9ance, tenue dans la salle de r\u00e9union du Premier minist\u00e8re, avait pour objectif d&#8217;examiner et d&#8217;approfondir le rapport du comit\u00e9 technique d\u00e9di\u00e9 \u00e0 ce projet structurant......\" \/>\n<meta property=\"og:url\" content=\"https:\/\/lequotidien.mr\/?p=29492&amp;lang=fr\" \/>\n<meta property=\"og:site_name\" content=\"Le Quotidien de Nouakchott\" \/>\n<meta property=\"article:publisher\" content=\"https:\/\/web.facebook.com\/lequotidienmr\" \/>\n<meta property=\"article:published_time\" content=\"2025-07-23T18:48:08+00:00\" \/>\n<meta property=\"og:image\" content=\"https:\/\/lequotidien.mr\/wp-content\/uploads\/2025\/07\/photo-PM-centre-ville.jpg\" \/>\n\t<meta property=\"og:image:width\" content=\"750\" \/>\n\t<meta property=\"og:image:height\" content=\"430\" \/>\n\t<meta property=\"og:image:type\" content=\"image\/jpeg\" \/>\n<meta name=\"author\" content=\"Med Ahmed\" \/>\n<meta name=\"twitter:card\" content=\"summary_large_image\" \/>\n<meta name=\"twitter:creator\" content=\"@lequotidienmr\" \/>\n<meta name=\"twitter:site\" content=\"@lequotidienmr\" \/>\n<meta name=\"twitter:label1\" content=\"\u0643\u064f\u062a\u0628 \u0628\u0648\u0627\u0633\u0637\u0629\" \/>\n\t<meta name=\"twitter:data1\" content=\"Med Ahmed\" \/>\n\t<meta name=\"twitter:label2\" content=\"\u0648\u0642\u062a \u0627\u0644\u0642\u0631\u0627\u0621\u0629 \u0627\u0644\u0645\u064f\u0642\u062f\u0651\u0631\" \/>\n\t<meta name=\"twitter:data2\" content=\"4 \u062f\u0642\u0627\u0626\u0642\" \/>\n<script type=\"application\/ld+json\" class=\"yoast-schema-graph\">{\"@context\":\"https:\\\/\\\/schema.org\",\"@graph\":[{\"@type\":\"Article\",\"@id\":\"https:\\\/\\\/lequotidien.mr\\\/?p=29492&lang=fr#article\",\"isPartOf\":{\"@id\":\"https:\\\/\\\/lequotidien.mr\\\/?p=29492&lang=fr\"},\"author\":{\"name\":\"Med Ahmed\",\"@id\":\"https:\\\/\\\/lequotidien.mr\\\/#\\\/schema\\\/person\\\/d2d350202a4d599685ed8abc25f97596\"},\"headline\":\"Le Premier ministre donne un nouvel \u00e9lan pour la transformation du centre-ville de Nouakchott\",\"datePublished\":\"2025-07-23T18:48:08+00:00\",\"mainEntityOfPage\":{\"@id\":\"https:\\\/\\\/lequotidien.mr\\\/?p=29492&lang=fr\"},\"wordCount\":492,\"commentCount\":0,\"publisher\":{\"@id\":\"https:\\\/\\\/lequotidien.mr\\\/#organization\"},\"image\":{\"@id\":\"https:\\\/\\\/lequotidien.mr\\\/?p=29492&lang=fr#primaryimage\"},\"thumbnailUrl\":\"https:\\\/\\\/lequotidien.mr\\\/wp-content\\\/uploads\\\/2025\\\/07\\\/photo-PM-centre-ville.jpg\",\"articleSection\":[\"ACTUALIT\u00c9\",\"Economie\",\"Culture\"],\"inLanguage\":\"ar\",\"potentialAction\":[{\"@type\":\"CommentAction\",\"name\":\"Comment\",\"target\":[\"https:\\\/\\\/lequotidien.mr\\\/?p=29492&lang=fr#respond\"]}]},{\"@type\":\"WebPage\",\"@id\":\"https:\\\/\\\/lequotidien.mr\\\/?p=29492&lang=fr\",\"url\":\"https:\\\/\\\/lequotidien.mr\\\/?p=29492&lang=fr\",\"name\":\"Le Premier ministre donne un nouvel \u00e9lan pour la transformation du centre-ville de Nouakchott - Le Quotidien de Nouakchott\",\"isPartOf\":{\"@id\":\"https:\\\/\\\/lequotidien.mr\\\/#website\"},\"primaryImageOfPage\":{\"@id\":\"https:\\\/\\\/lequotidien.mr\\\/?p=29492&lang=fr#primaryimage\"},\"image\":{\"@id\":\"https:\\\/\\\/lequotidien.mr\\\/?p=29492&lang=fr#primaryimage\"},\"thumbnailUrl\":\"https:\\\/\\\/lequotidien.mr\\\/wp-content\\\/uploads\\\/2025\\\/07\\\/photo-PM-centre-ville.jpg\",\"datePublished\":\"2025-07-23T18:48:08+00:00\",\"breadcrumb\":{\"@id\":\"https:\\\/\\\/lequotidien.mr\\\/?p=29492&lang=fr#breadcrumb\"},\"inLanguage\":\"ar\",\"potentialAction\":[{\"@type\":\"ReadAction\",\"target\":[\"https:\\\/\\\/lequotidien.mr\\\/?p=29492&lang=fr\"]}]},{\"@type\":\"ImageObject\",\"inLanguage\":\"ar\",\"@id\":\"https:\\\/\\\/lequotidien.mr\\\/?p=29492&lang=fr#primaryimage\",\"url\":\"https:\\\/\\\/lequotidien.mr\\\/wp-content\\\/uploads\\\/2025\\\/07\\\/photo-PM-centre-ville.jpg\",\"contentUrl\":\"https:\\\/\\\/lequotidien.mr\\\/wp-content\\\/uploads\\\/2025\\\/07\\\/photo-PM-centre-ville.jpg\",\"width\":750,\"height\":430},{\"@type\":\"BreadcrumbList\",\"@id\":\"https:\\\/\\\/lequotidien.mr\\\/?p=29492&lang=fr#breadcrumb\",\"itemListElement\":[{\"@type\":\"ListItem\",\"position\":1,\"name\":\"Home\",\"item\":\"https:\\\/\\\/lequotidien.mr\\\/\"},{\"@type\":\"ListItem\",\"position\":2,\"name\":\"Le Premier ministre donne un nouvel \u00e9lan pour la transformation du centre-ville de Nouakchott\"}]},{\"@type\":\"WebSite\",\"@id\":\"https:\\\/\\\/lequotidien.mr\\\/#website\",\"url\":\"https:\\\/\\\/lequotidien.mr\\\/\",\"name\":\"Le Quotidien de Nouakchott\",\"description\":\"\u0625\u062e\u0628\u0627\u0631\u064a\u0629 \u0645\u0633\u062a\u0642\u0644\u0629 \u0644\u0644\u0623\u0646\u0628\u0627\u0621 \u0627\u0644\u0639\u0627\u0645\u0629\",\"publisher\":{\"@id\":\"https:\\\/\\\/lequotidien.mr\\\/#organization\"},\"potentialAction\":[{\"@type\":\"SearchAction\",\"target\":{\"@type\":\"EntryPoint\",\"urlTemplate\":\"https:\\\/\\\/lequotidien.mr\\\/?s={search_term_string}\"},\"query-input\":{\"@type\":\"PropertyValueSpecification\",\"valueRequired\":true,\"valueName\":\"search_term_string\"}}],\"inLanguage\":\"ar\"},{\"@type\":\"Organization\",\"@id\":\"https:\\\/\\\/lequotidien.mr\\\/#organization\",\"name\":\"Le Quotidien de Nouakchott\",\"url\":\"https:\\\/\\\/lequotidien.mr\\\/\",\"logo\":{\"@type\":\"ImageObject\",\"inLanguage\":\"ar\",\"@id\":\"https:\\\/\\\/lequotidien.mr\\\/#\\\/schema\\\/logo\\\/image\\\/\",\"url\":\"https:\\\/\\\/lequotidien.mr\\\/wp-content\\\/uploads\\\/2022\\\/11\\\/logolequotidien.jpg\",\"contentUrl\":\"https:\\\/\\\/lequotidien.mr\\\/wp-content\\\/uploads\\\/2022\\\/11\\\/logolequotidien.jpg\",\"width\":290,\"height\":65,\"caption\":\"Le Quotidien de Nouakchott\"},\"image\":{\"@id\":\"https:\\\/\\\/lequotidien.mr\\\/#\\\/schema\\\/logo\\\/image\\\/\"},\"sameAs\":[\"https:\\\/\\\/web.facebook.com\\\/lequotidienmr\",\"https:\\\/\\\/x.com\\\/lequotidienmr\"]},{\"@type\":\"Person\",\"@id\":\"https:\\\/\\\/lequotidien.mr\\\/#\\\/schema\\\/person\\\/d2d350202a4d599685ed8abc25f97596\",\"name\":\"Med Ahmed\",\"image\":{\"@type\":\"ImageObject\",\"inLanguage\":\"ar\",\"@id\":\"https:\\\/\\\/secure.gravatar.com\\\/avatar\\\/fd2acc62ed50732923d1d39c17172c9b04149f142be92310ecc69e1358f94b52?s=96&d=mm&r=g\",\"url\":\"https:\\\/\\\/secure.gravatar.com\\\/avatar\\\/fd2acc62ed50732923d1d39c17172c9b04149f142be92310ecc69e1358f94b52?s=96&d=mm&r=g\",\"contentUrl\":\"https:\\\/\\\/secure.gravatar.com\\\/avatar\\\/fd2acc62ed50732923d1d39c17172c9b04149f142be92310ecc69e1358f94b52?s=96&d=mm&r=g\",\"caption\":\"Med Ahmed\"},\"url\":\"https:\\\/\\\/lequotidien.mr\\\/?author=12\"}]}<\/script>\n<!-- \/ Yoast SEO plugin. -->","yoast_head_json":{"title":"Le Premier ministre donne un nouvel \u00e9lan pour la transformation du centre-ville de Nouakchott - Le Quotidien de Nouakchott","robots":{"index":"index","follow":"follow","max-snippet":"max-snippet:-1","max-image-preview":"max-image-preview:large","max-video-preview":"max-video-preview:-1"},"canonical":"https:\/\/lequotidien.mr\/?p=29492&lang=fr","og_locale":"ar_AR","og_type":"article","og_title":"Le Premier ministre donne un nouvel \u00e9lan pour la transformation du centre-ville de Nouakchott - Le Quotidien de Nouakchott","og_description":"Le Premier ministre, M. Moctar Djay, a pr\u00e9sid\u00e9, hier soir, une r\u00e9union cruciale du comit\u00e9 minist\u00e9riel charg\u00e9 du projet phare d&#8217;am\u00e9nagement et de r\u00e9novation du centre-ville de Nouakchott. Cette s\u00e9ance, tenue dans la salle de r\u00e9union du Premier minist\u00e8re, avait pour objectif d&#8217;examiner et d&#8217;approfondir le rapport du comit\u00e9 technique d\u00e9di\u00e9 \u00e0 ce projet structurant......","og_url":"https:\/\/lequotidien.mr\/?p=29492&lang=fr","og_site_name":"Le Quotidien de Nouakchott","article_publisher":"https:\/\/web.facebook.com\/lequotidienmr","article_published_time":"2025-07-23T18:48:08+00:00","og_image":[{"width":750,"height":430,"url":"https:\/\/lequotidien.mr\/wp-content\/uploads\/2025\/07\/photo-PM-centre-ville.jpg","type":"image\/jpeg"}],"author":"Med Ahmed","twitter_card":"summary_large_image","twitter_creator":"@lequotidienmr","twitter_site":"@lequotidienmr","twitter_misc":{"\u0643\u064f\u062a\u0628 \u0628\u0648\u0627\u0633\u0637\u0629":"Med Ahmed","\u0648\u0642\u062a \u0627\u0644\u0642\u0631\u0627\u0621\u0629 \u0627\u0644\u0645\u064f\u0642\u062f\u0651\u0631":"4 \u062f\u0642\u0627\u0626\u0642"},"schema":{"@context":"https:\/\/schema.org","@graph":[{"@type":"Article","@id":"https:\/\/lequotidien.mr\/?p=29492&lang=fr#article","isPartOf":{"@id":"https:\/\/lequotidien.mr\/?p=29492&lang=fr"},"author":{"name":"Med Ahmed","@id":"https:\/\/lequotidien.mr\/#\/schema\/person\/d2d350202a4d599685ed8abc25f97596"},"headline":"Le Premier ministre donne un nouvel \u00e9lan pour la transformation du centre-ville de Nouakchott","datePublished":"2025-07-23T18:48:08+00:00","mainEntityOfPage":{"@id":"https:\/\/lequotidien.mr\/?p=29492&lang=fr"},"wordCount":492,"commentCount":0,"publisher":{"@id":"https:\/\/lequotidien.mr\/#organization"},"image":{"@id":"https:\/\/lequotidien.mr\/?p=29492&lang=fr#primaryimage"},"thumbnailUrl":"https:\/\/lequotidien.mr\/wp-content\/uploads\/2025\/07\/photo-PM-centre-ville.jpg","articleSection":["ACTUALIT\u00c9","Economie","Culture"],"inLanguage":"ar","potentialAction":[{"@type":"CommentAction","name":"Comment","target":["https:\/\/lequotidien.mr\/?p=29492&lang=fr#respond"]}]},{"@type":"WebPage","@id":"https:\/\/lequotidien.mr\/?p=29492&lang=fr","url":"https:\/\/lequotidien.mr\/?p=29492&lang=fr","name":"Le Premier ministre donne un nouvel \u00e9lan pour la transformation du centre-ville de Nouakchott - Le Quotidien de Nouakchott","isPartOf":{"@id":"https:\/\/lequotidien.mr\/#website"},"primaryImageOfPage":{"@id":"https:\/\/lequotidien.mr\/?p=29492&lang=fr#primaryimage"},"image":{"@id":"https:\/\/lequotidien.mr\/?p=29492&lang=fr#primaryimage"},"thumbnailUrl":"https:\/\/lequotidien.mr\/wp-content\/uploads\/2025\/07\/photo-PM-centre-ville.jpg","datePublished":"2025-07-23T18:48:08+00:00","breadcrumb":{"@id":"https:\/\/lequotidien.mr\/?p=29492&lang=fr#breadcrumb"},"inLanguage":"ar","potentialAction":[{"@type":"ReadAction","target":["https:\/\/lequotidien.mr\/?p=29492&lang=fr"]}]},{"@type":"ImageObject","inLanguage":"ar","@id":"https:\/\/lequotidien.mr\/?p=29492&lang=fr#primaryimage","url":"https:\/\/lequotidien.mr\/wp-content\/uploads\/2025\/07\/photo-PM-centre-ville.jpg","contentUrl":"https:\/\/lequotidien.mr\/wp-content\/uploads\/2025\/07\/photo-PM-centre-ville.jpg","width":750,"height":430},{"@type":"BreadcrumbList","@id":"https:\/\/lequotidien.mr\/?p=29492&lang=fr#breadcrumb","itemListElement":[{"@type":"ListItem","position":1,"name":"Home","item":"https:\/\/lequotidien.mr\/"},{"@type":"ListItem","position":2,"name":"Le Premier ministre donne un nouvel \u00e9lan pour la transformation du centre-ville de Nouakchott"}]},{"@type":"WebSite","@id":"https:\/\/lequotidien.mr\/#website","url":"https:\/\/lequotidien.mr\/","name":"Le Quotidien de Nouakchott","description":"\u0625\u062e\u0628\u0627\u0631\u064a\u0629 \u0645\u0633\u062a\u0642\u0644\u0629 \u0644\u0644\u0623\u0646\u0628\u0627\u0621 \u0627\u0644\u0639\u0627\u0645\u0629","publisher":{"@id":"https:\/\/lequotidien.mr\/#organization"},"potentialAction":[{"@type":"SearchAction","target":{"@type":"EntryPoint","urlTemplate":"https:\/\/lequotidien.mr\/?s={search_term_string}"},"query-input":{"@type":"PropertyValueSpecification","valueRequired":true,"valueName":"search_term_string"}}],"inLanguage":"ar"},{"@type":"Organization","@id":"https:\/\/lequotidien.mr\/#organization","name":"Le Quotidien de Nouakchott","url":"https:\/\/lequotidien.mr\/","logo":{"@type":"ImageObject","inLanguage":"ar","@id":"https:\/\/lequotidien.mr\/#\/schema\/logo\/image\/","url":"https:\/\/lequotidien.mr\/wp-content\/uploads\/2022\/11\/logolequotidien.jpg","contentUrl":"https:\/\/lequotidien.mr\/wp-content\/uploads\/2022\/11\/logolequotidien.jpg","width":290,"height":65,"caption":"Le Quotidien de Nouakchott"},"image":{"@id":"https:\/\/lequotidien.mr\/#\/schema\/logo\/image\/"},"sameAs":["https:\/\/web.facebook.com\/lequotidienmr","https:\/\/x.com\/lequotidienmr"]},{"@type":"Person","@id":"https:\/\/lequotidien.mr\/#\/schema\/person\/d2d350202a4d599685ed8abc25f97596","name":"Med Ahmed","image":{"@type":"ImageObject","inLanguage":"ar","@id":"https:\/\/secure.gravatar.com\/avatar\/fd2acc62ed50732923d1d39c17172c9b04149f142be92310ecc69e1358f94b52?s=96&d=mm&r=g","url":"https:\/\/secure.gravatar.com\/avatar\/fd2acc62ed50732923d1d39c17172c9b04149f142be92310ecc69e1358f94b52?s=96&d=mm&r=g","contentUrl":"https:\/\/secure.gravatar.com\/avatar\/fd2acc62ed50732923d1d39c17172c9b04149f142be92310ecc69e1358f94b52?s=96&d=mm&r=g","caption":"Med Ahmed"},"url":"https:\/\/lequotidien.mr\/?author=12"}]}},"_links":{"self":[{"href":"https:\/\/lequotidien.mr\/index.php?rest_route=\/wp\/v2\/posts\/29492","targetHints":{"allow":["GET"]}}],"collection":[{"href":"https:\/\/lequotidien.mr\/index.php?rest_route=\/wp\/v2\/posts"}],"about":[{"href":"https:\/\/lequotidien.mr\/index.php?rest_route=\/wp\/v2\/types\/post"}],"author":[{"embeddable":true,"href":"https:\/\/lequotidien.mr\/index.php?rest_route=\/wp\/v2\/users\/12"}],"replies":[{"embeddable":true,"href":"https:\/\/lequotidien.mr\/index.php?rest_route=%2Fwp%2Fv2%2Fcomments&post=29492"}],"version-history":[{"count":1,"href":"https:\/\/lequotidien.mr\/index.php?rest_route=\/wp\/v2\/posts\/29492\/revisions"}],"predecessor-version":[{"id":29494,"href":"https:\/\/lequotidien.mr\/index.php?rest_route=\/wp\/v2\/posts\/29492\/revisions\/29494"}],"wp:featuredmedia":[{"embeddable":true,"href":"https:\/\/lequotidien.mr\/index.php?rest_route=\/wp\/v2\/media\/29493"}],"wp:attachment":[{"href":"https:\/\/lequotidien.mr\/index.php?rest_route=%2Fwp%2Fv2%2Fmedia&parent=29492"}],"wp:term":[{"taxonomy":"category","embeddable":true,"href":"https:\/\/lequotidien.mr\/index.php?rest_route=%2Fwp%2Fv2%2Fcategories&post=29492"},{"taxonomy":"post_tag","embeddable":true,"href":"https:\/\/lequotidien.mr\/index.php?rest_route=%2Fwp%2Fv2%2Ftags&post=29492"}],"curies":[{"name":"wp","href":"https:\/\/api.w.org\/{rel}","templated":true}]}}