{"id":29487,"date":"2025-07-23T16:48:40","date_gmt":"2025-07-23T16:48:40","guid":{"rendered":"https:\/\/lequotidien.mr\/?p=29487"},"modified":"2025-07-23T20:40:03","modified_gmt":"2025-07-23T20:40:03","slug":"gouvernance-educative-le-projet-relance-prend-forme-pour-renforcer-leducation-en-mauritanie-et-au-tchad","status":"publish","type":"post","link":"https:\/\/lequotidien.mr\/?p=29487&lang=fr","title":{"rendered":"Gouvernance \u00e9ducative: Le projet &#8220;Relance Sahel&#8221; prend forme pour renforcer l\u2019\u00e9ducation en Mauritanie et au Tchad"},"content":{"rendered":"<p>Un pas d\u00e9cisif pour l&#8217;\u00e9ducation des jeunes Sah\u00e9liens a \u00e9t\u00e9 franchi ce mardi \u00e0 Nouakchott avec la signature de deux accords de financement cruciaux pour le projet &#8220;Relance Sahel&#8221;. D&#8217;un montant total de <strong>66,9 millions de dollars (environ 2,25 milliards d&#8217;ouguiyas MRU)<\/strong>, ces accords ont \u00e9t\u00e9 paraph\u00e9s par les repr\u00e9sentants de la Mauritanie, du Tchad, de la Banque mondiale et de l&#8217;Allemagne.<\/p>\n<p><strong>Les Accords en D\u00e9tail :<\/strong><\/p>\n<p><strong>-Un pr\u00eat concessionnel de 44 millions de dollars<\/strong>\u00a0accord\u00e9 par l&#8217;Association Internationale de D\u00e9veloppement (IDA) de la Banque mondiale\u00a0;<\/p>\n<p><strong>-Un don de 22,9 millions de dollars<\/strong>\u00a0de la R\u00e9publique F\u00e9d\u00e9rale d&#8217;Allemagne, achemin\u00e9 via la KfW dans le cadre du Fonds fiduciaire multi-donateurs pour les pays du Sahel et de la c\u00f4te ouest-africaine.<\/p>\n<p>Le projet \u00ab Relance Sahel \u00bb, n\u00e9cessitant un financement global de <strong>137 millions de dollars<\/strong>, cible sp\u00e9cifiquement :<\/p>\n<p><strong>-Le renforcement de la<\/strong>\u00a0<strong>gouvernance \u00e9ducative\u00a0<\/strong>;<\/p>\n<p><strong>-L&#8217;am\u00e9lioration de l&#8217;acc\u00e8s et de la qualit\u00e9 de l&#8217;\u00e9ducation pour<\/strong>\u00a0<strong>850 000 jeunes<\/strong>, dont la moiti\u00e9 sont des filles, au sein des populations nomades et r\u00e9fugi\u00e9es\u00a0;<\/p>\n<p><strong>-La mise en place d&#8217;une<\/strong>\u00a0<strong>plateforme robuste de suivi et d&#8217;\u00e9valuation<\/strong> pour garantir la redevabilit\u00e9 et la qualit\u00e9 des services \u00e9ducatifs;<\/p>\n<p style=\"background: white; margin: 0cm 0cm 10.0pt 0cm;\"><strong>-La cr\u00e9ation \u00e0 Nouakchott d\u2019un Institut r\u00e9gional des sciences<\/strong> <strong>de l\u2019\u00e9ducation<\/strong> d\u00e9di\u00e9 \u00e0 la formation des cadres, la recherche appliqu\u00e9e et l\u2019\u00e9laboration de politiques \u00e9ducatives r\u00e9alistes et mesurables.<\/p>\n<p><strong>Une vision commune port\u00e9e par les ministres<\/strong><\/p>\n<p><strong>M. Sid\u2019Ahmed Bouh, Ministre mauritanien de l\u2019\u00c9conomie et des Finances <\/strong>a salu\u00e9 l&#8217;aboutissement des travaux pr\u00e9paratoires de Nouakchott (2022) et de N&#8217;Djamena (2024), couronn\u00e9s par ce lancement porteur <strong><em>d'&#8221;espoir pour des centaines de milliers de jeunes&#8221;<\/em><\/strong>. Le ministre a soulign\u00e9 l&#8217;alignement du projet avec la vision du Pr\u00e9sident Mohamed Cheikh El Ghazouani pour une <strong><em>&#8220;\u00e9cole r\u00e9publicaine&#8221;<\/em><\/strong> valorisant citoyennet\u00e9 et diversit\u00e9, ainsi qu&#8217;avec les priorit\u00e9s gouvernementales de r\u00e9forme du syst\u00e8me \u00e9ducatif (modernisation de l&#8217;apprentissage, enseignement professionnel, recherche scientifique). Il a vivement remerci\u00e9 la Banque mondiale (&gt;80 millions de dollars au total pour le projet r\u00e9gional) et l&#8217;Allemagne (&gt;56 millions de dollars au total via KfW).<\/p>\n<p><strong>Mme Fatima Haram Acyl, Ministre d\u00e9l\u00e9gu\u00e9e tchadienne (\u00c9conomie, Plan, Coop\u00e9ration internationale) <\/strong>a rappel\u00e9 la <strong>&#8220;crise profonde&#8221;<\/strong> que traverse l&#8217;\u00e9ducation dans la sous-r\u00e9gion, aggrav\u00e9e par les conflits, les chocs climatiques, les fragilit\u00e9s \u00e9conomiques, la COVID-19 et l&#8217;instabilit\u00e9 frontali\u00e8re. R\u00e9affirmant la priorit\u00e9 accord\u00e9e \u00e0 l&#8217;\u00e9ducation par le Pr\u00e9sident Mahamat Idriss D\u00e9by Itno, notamment via <strong><em>&#8220;Tchad Connexion 2030&#8221;<\/em><\/strong>, elle a lanc\u00e9 un appel aux partenaires pour investir davantage, <strong><em>&#8220;pas uniquement en termes financiers, mais \u00e9galement en innovation, en expertise et en plaidoyer&#8221;.<\/em><\/strong><\/p>\n<p><strong>L&#8217;engagement des partenaires financiers<\/strong><\/p>\n<p><strong>M. Ousmane Diagana, Vice-pr\u00e9sident de la Banque mondiale pour l\u2019Afrique de l\u2019Ouest et centrale <\/strong>a pr\u00e9cis\u00e9 que le projet vise \u00e0 <strong><em>&#8220;am\u00e9liorer la qualit\u00e9 de la gouvernance \u00e9ducative&#8221;<\/em><\/strong>, offrir des <strong><em>&#8220;alternatives d\u2019apprentissages pertinents&#8221;<\/em><\/strong> et ouvrir des <strong><em>&#8220;voies vers les comp\u00e9tences techniques, entrepreneuriales et de vie&#8221; <\/em><\/strong>pour un emploi d\u00e9cent. Il a soulign\u00e9 que le projet reste ouvert \u00e0 d&#8217;autres pays du Sahel et constitue une <strong><em>&#8220;plateforme unique&#8221;<\/em><\/strong> pour harmoniser les politiques \u00e9ducatives r\u00e9gionales et mutualiser les savoirs.<\/p>\n<p><strong>M. Florian Reindel, Ambassadeur d\u2019Allemagne en Mauritanie <\/strong>en d\u00e9clarant que <strong><em>&#8220;l\u2019\u00e9ducation est la cl\u00e9 qui ouvre toutes les portes&#8221;<\/em><\/strong>, a r\u00e9affirm\u00e9 son caract\u00e8re de droit fondamental. Il a \u00e9galement mis en avant la compl\u00e9mentarit\u00e9 de <strong><em>&#8220;Relance Sahel&#8221;<\/em><\/strong> avec les programmes de protection sociale allemands en faveur des familles vuln\u00e9rables dans la r\u00e9gion.<\/p>\n<p><strong>Un projet r\u00e9gional sous les auspices de la coop\u00e9ration <\/strong><\/p>\n<p>La c\u00e9r\u00e9monie de signature s&#8217;est d\u00e9roul\u00e9e en pr\u00e9sence d&#8217;une d\u00e9l\u00e9gation minist\u00e9rielle importante, comprenant notamment les ministres mauritaniens de la Formation Professionnelle (M. Mohamed A\u00efnina EyIh) et de l\u2019\u00c9ducation (Mme Houda Babah), le ministre tchadien de l\u2019\u00c9ducation nationale (Dr. Aboubakar Assidick Choroma), et le repr\u00e9sentant r\u00e9sident de la Banque mondiale en Mauritanie (M. Ibou Diouf).<\/p>\n<p>Cette signature marque le lancement concret d&#8217;un projet ambitieux destin\u00e9 \u00e0 transformer le paysage \u00e9ducatif dans le Sahel, offrant des perspectives nouvelles \u00e0 une g\u00e9n\u00e9ration de jeunes confront\u00e9s \u00e0 de multiples d\u00e9fis. La r\u00e9ussite de &#8220;Relance Sahel&#8221; repose d\u00e9sormais sur une mise en \u0153uvre efficace et une coop\u00e9ration renforc\u00e9e entre les pays b\u00e9n\u00e9ficiaires et leurs partenaires techniques et financiers.<\/p>\n","protected":false},"excerpt":{"rendered":"<p>Un pas d\u00e9cisif pour l&#8217;\u00e9ducation des jeunes Sah\u00e9liens a \u00e9t\u00e9 franchi ce mardi \u00e0 Nouakchott avec la signature de deux accords de financement cruciaux pour le projet &#8220;Relance Sahel&#8221;. D&#8217;un montant total de 66,9 millions de dollars (environ 2,25 milliards d&#8217;ouguiyas MRU), ces accords ont \u00e9t\u00e9 paraph\u00e9s par les repr\u00e9sentants de la Mauritanie, du Tchad,&#8230;..<\/p>\n","protected":false},"author":12,"featured_media":29488,"comment_status":"open","ping_status":"open","sticky":false,"template":"","format":"standard","meta":{"footnotes":""},"categories":[23,49],"tags":[],"class_list":["post-29487","post","type-post","status-publish","format-standard","has-post-thumbnail","hentry","category-actualite","category-economie"],"yoast_head":"<!-- This site is optimized with the Yoast SEO plugin v27.5 - https:\/\/yoast.com\/product\/yoast-seo-wordpress\/ -->\n<title>Gouvernance \u00e9ducative: Le projet &quot;Relance Sahel&quot; prend forme pour renforcer l\u2019\u00e9ducation en Mauritanie et au Tchad - Le Quotidien de Nouakchott<\/title>\n<meta name=\"robots\" content=\"index, follow, max-snippet:-1, max-image-preview:large, max-video-preview:-1\" \/>\n<link rel=\"canonical\" href=\"https:\/\/lequotidien.mr\/?p=29487&lang=fr\" \/>\n<meta property=\"og:locale\" content=\"ar_AR\" \/>\n<meta property=\"og:type\" content=\"article\" \/>\n<meta property=\"og:title\" content=\"Gouvernance \u00e9ducative: Le projet &quot;Relance Sahel&quot; prend forme pour renforcer l\u2019\u00e9ducation en Mauritanie et au Tchad - Le Quotidien de Nouakchott\" \/>\n<meta property=\"og:description\" content=\"Un pas d\u00e9cisif pour l&#8217;\u00e9ducation des jeunes Sah\u00e9liens a \u00e9t\u00e9 franchi ce mardi \u00e0 Nouakchott avec la signature de deux accords de financement cruciaux pour le projet &#8220;Relance Sahel&#8221;. D&#8217;un montant total de 66,9 millions de dollars (environ 2,25 milliards d&#8217;ouguiyas MRU), ces accords ont \u00e9t\u00e9 paraph\u00e9s par les repr\u00e9sentants de la Mauritanie, du Tchad,.....\" \/>\n<meta property=\"og:url\" content=\"https:\/\/lequotidien.mr\/?p=29487&amp;lang=fr\" \/>\n<meta property=\"og:site_name\" content=\"Le Quotidien de Nouakchott\" \/>\n<meta property=\"article:publisher\" content=\"https:\/\/web.facebook.com\/lequotidienmr\" \/>\n<meta property=\"article:published_time\" content=\"2025-07-23T16:48:40+00:00\" \/>\n<meta property=\"article:modified_time\" content=\"2025-07-23T20:40:03+00:00\" \/>\n<meta property=\"og:image\" content=\"https:\/\/lequotidien.mr\/wp-content\/uploads\/2025\/07\/photo-Relance-Sahel.jpg\" \/>\n\t<meta property=\"og:image:width\" content=\"747\" \/>\n\t<meta property=\"og:image:height\" content=\"363\" \/>\n\t<meta property=\"og:image:type\" content=\"image\/jpeg\" \/>\n<meta name=\"author\" content=\"Med Ahmed\" \/>\n<meta name=\"twitter:card\" content=\"summary_large_image\" \/>\n<meta name=\"twitter:creator\" content=\"@lequotidienmr\" \/>\n<meta name=\"twitter:site\" content=\"@lequotidienmr\" \/>\n<meta name=\"twitter:label1\" content=\"\u0643\u064f\u062a\u0628 \u0628\u0648\u0627\u0633\u0637\u0629\" \/>\n\t<meta name=\"twitter:data1\" content=\"Med Ahmed\" \/>\n\t<meta name=\"twitter:label2\" content=\"\u0648\u0642\u062a \u0627\u0644\u0642\u0631\u0627\u0621\u0629 \u0627\u0644\u0645\u064f\u0642\u062f\u0651\u0631\" \/>\n\t<meta name=\"twitter:data2\" content=\"5 \u062f\u0642\u0627\u0626\u0642\" \/>\n<script type=\"application\/ld+json\" class=\"yoast-schema-graph\">{\"@context\":\"https:\\\/\\\/schema.org\",\"@graph\":[{\"@type\":\"Article\",\"@id\":\"https:\\\/\\\/lequotidien.mr\\\/?p=29487&lang=fr#article\",\"isPartOf\":{\"@id\":\"https:\\\/\\\/lequotidien.mr\\\/?p=29487&lang=fr\"},\"author\":{\"name\":\"Med Ahmed\",\"@id\":\"https:\\\/\\\/lequotidien.mr\\\/#\\\/schema\\\/person\\\/d2d350202a4d599685ed8abc25f97596\"},\"headline\":\"Gouvernance \u00e9ducative: Le projet &#8220;Relance Sahel&#8221; prend forme pour renforcer l\u2019\u00e9ducation en Mauritanie et au Tchad\",\"datePublished\":\"2025-07-23T16:48:40+00:00\",\"dateModified\":\"2025-07-23T20:40:03+00:00\",\"mainEntityOfPage\":{\"@id\":\"https:\\\/\\\/lequotidien.mr\\\/?p=29487&lang=fr\"},\"wordCount\":773,\"commentCount\":0,\"publisher\":{\"@id\":\"https:\\\/\\\/lequotidien.mr\\\/#organization\"},\"image\":{\"@id\":\"https:\\\/\\\/lequotidien.mr\\\/?p=29487&lang=fr#primaryimage\"},\"thumbnailUrl\":\"https:\\\/\\\/lequotidien.mr\\\/wp-content\\\/uploads\\\/2025\\\/07\\\/photo-Relance-Sahel.jpg\",\"articleSection\":[\"ACTUALIT\u00c9\",\"Economie\"],\"inLanguage\":\"ar\",\"potentialAction\":[{\"@type\":\"CommentAction\",\"name\":\"Comment\",\"target\":[\"https:\\\/\\\/lequotidien.mr\\\/?p=29487&lang=fr#respond\"]}]},{\"@type\":\"WebPage\",\"@id\":\"https:\\\/\\\/lequotidien.mr\\\/?p=29487&lang=fr\",\"url\":\"https:\\\/\\\/lequotidien.mr\\\/?p=29487&lang=fr\",\"name\":\"Gouvernance \u00e9ducative: Le projet \\\"Relance Sahel\\\" prend forme pour renforcer l\u2019\u00e9ducation en Mauritanie et au Tchad - Le Quotidien de Nouakchott\",\"isPartOf\":{\"@id\":\"https:\\\/\\\/lequotidien.mr\\\/#website\"},\"primaryImageOfPage\":{\"@id\":\"https:\\\/\\\/lequotidien.mr\\\/?p=29487&lang=fr#primaryimage\"},\"image\":{\"@id\":\"https:\\\/\\\/lequotidien.mr\\\/?p=29487&lang=fr#primaryimage\"},\"thumbnailUrl\":\"https:\\\/\\\/lequotidien.mr\\\/wp-content\\\/uploads\\\/2025\\\/07\\\/photo-Relance-Sahel.jpg\",\"datePublished\":\"2025-07-23T16:48:40+00:00\",\"dateModified\":\"2025-07-23T20:40:03+00:00\",\"breadcrumb\":{\"@id\":\"https:\\\/\\\/lequotidien.mr\\\/?p=29487&lang=fr#breadcrumb\"},\"inLanguage\":\"ar\",\"potentialAction\":[{\"@type\":\"ReadAction\",\"target\":[\"https:\\\/\\\/lequotidien.mr\\\/?p=29487&lang=fr\"]}]},{\"@type\":\"ImageObject\",\"inLanguage\":\"ar\",\"@id\":\"https:\\\/\\\/lequotidien.mr\\\/?p=29487&lang=fr#primaryimage\",\"url\":\"https:\\\/\\\/lequotidien.mr\\\/wp-content\\\/uploads\\\/2025\\\/07\\\/photo-Relance-Sahel.jpg\",\"contentUrl\":\"https:\\\/\\\/lequotidien.mr\\\/wp-content\\\/uploads\\\/2025\\\/07\\\/photo-Relance-Sahel.jpg\",\"width\":747,\"height\":363},{\"@type\":\"BreadcrumbList\",\"@id\":\"https:\\\/\\\/lequotidien.mr\\\/?p=29487&lang=fr#breadcrumb\",\"itemListElement\":[{\"@type\":\"ListItem\",\"position\":1,\"name\":\"Home\",\"item\":\"https:\\\/\\\/lequotidien.mr\\\/\"},{\"@type\":\"ListItem\",\"position\":2,\"name\":\"Gouvernance \u00e9ducative: Le projet \u00ab\u00a0Relance Sahel\u00a0\u00bb prend forme pour renforcer l\u2019\u00e9ducation en Mauritanie et au Tchad\"}]},{\"@type\":\"WebSite\",\"@id\":\"https:\\\/\\\/lequotidien.mr\\\/#website\",\"url\":\"https:\\\/\\\/lequotidien.mr\\\/\",\"name\":\"Le Quotidien de Nouakchott\",\"description\":\"\u0625\u062e\u0628\u0627\u0631\u064a\u0629 \u0645\u0633\u062a\u0642\u0644\u0629 \u0644\u0644\u0623\u0646\u0628\u0627\u0621 \u0627\u0644\u0639\u0627\u0645\u0629\",\"publisher\":{\"@id\":\"https:\\\/\\\/lequotidien.mr\\\/#organization\"},\"potentialAction\":[{\"@type\":\"SearchAction\",\"target\":{\"@type\":\"EntryPoint\",\"urlTemplate\":\"https:\\\/\\\/lequotidien.mr\\\/?s={search_term_string}\"},\"query-input\":{\"@type\":\"PropertyValueSpecification\",\"valueRequired\":true,\"valueName\":\"search_term_string\"}}],\"inLanguage\":\"ar\"},{\"@type\":\"Organization\",\"@id\":\"https:\\\/\\\/lequotidien.mr\\\/#organization\",\"name\":\"Le Quotidien de Nouakchott\",\"url\":\"https:\\\/\\\/lequotidien.mr\\\/\",\"logo\":{\"@type\":\"ImageObject\",\"inLanguage\":\"ar\",\"@id\":\"https:\\\/\\\/lequotidien.mr\\\/#\\\/schema\\\/logo\\\/image\\\/\",\"url\":\"https:\\\/\\\/lequotidien.mr\\\/wp-content\\\/uploads\\\/2022\\\/11\\\/logolequotidien.jpg\",\"contentUrl\":\"https:\\\/\\\/lequotidien.mr\\\/wp-content\\\/uploads\\\/2022\\\/11\\\/logolequotidien.jpg\",\"width\":290,\"height\":65,\"caption\":\"Le Quotidien de Nouakchott\"},\"image\":{\"@id\":\"https:\\\/\\\/lequotidien.mr\\\/#\\\/schema\\\/logo\\\/image\\\/\"},\"sameAs\":[\"https:\\\/\\\/web.facebook.com\\\/lequotidienmr\",\"https:\\\/\\\/x.com\\\/lequotidienmr\"]},{\"@type\":\"Person\",\"@id\":\"https:\\\/\\\/lequotidien.mr\\\/#\\\/schema\\\/person\\\/d2d350202a4d599685ed8abc25f97596\",\"name\":\"Med Ahmed\",\"image\":{\"@type\":\"ImageObject\",\"inLanguage\":\"ar\",\"@id\":\"https:\\\/\\\/secure.gravatar.com\\\/avatar\\\/fd2acc62ed50732923d1d39c17172c9b04149f142be92310ecc69e1358f94b52?s=96&d=mm&r=g\",\"url\":\"https:\\\/\\\/secure.gravatar.com\\\/avatar\\\/fd2acc62ed50732923d1d39c17172c9b04149f142be92310ecc69e1358f94b52?s=96&d=mm&r=g\",\"contentUrl\":\"https:\\\/\\\/secure.gravatar.com\\\/avatar\\\/fd2acc62ed50732923d1d39c17172c9b04149f142be92310ecc69e1358f94b52?s=96&d=mm&r=g\",\"caption\":\"Med Ahmed\"},\"url\":\"https:\\\/\\\/lequotidien.mr\\\/?author=12\"}]}<\/script>\n<!-- \/ Yoast SEO plugin. -->","yoast_head_json":{"title":"Gouvernance \u00e9ducative: Le projet \"Relance Sahel\" prend forme pour renforcer l\u2019\u00e9ducation en Mauritanie et au Tchad - Le Quotidien de Nouakchott","robots":{"index":"index","follow":"follow","max-snippet":"max-snippet:-1","max-image-preview":"max-image-preview:large","max-video-preview":"max-video-preview:-1"},"canonical":"https:\/\/lequotidien.mr\/?p=29487&lang=fr","og_locale":"ar_AR","og_type":"article","og_title":"Gouvernance \u00e9ducative: Le projet \"Relance Sahel\" prend forme pour renforcer l\u2019\u00e9ducation en Mauritanie et au Tchad - Le Quotidien de Nouakchott","og_description":"Un pas d\u00e9cisif pour l&#8217;\u00e9ducation des jeunes Sah\u00e9liens a \u00e9t\u00e9 franchi ce mardi \u00e0 Nouakchott avec la signature de deux accords de financement cruciaux pour le projet &#8220;Relance Sahel&#8221;. D&#8217;un montant total de 66,9 millions de dollars (environ 2,25 milliards d&#8217;ouguiyas MRU), ces accords ont \u00e9t\u00e9 paraph\u00e9s par les repr\u00e9sentants de la Mauritanie, du Tchad,.....","og_url":"https:\/\/lequotidien.mr\/?p=29487&lang=fr","og_site_name":"Le Quotidien de Nouakchott","article_publisher":"https:\/\/web.facebook.com\/lequotidienmr","article_published_time":"2025-07-23T16:48:40+00:00","article_modified_time":"2025-07-23T20:40:03+00:00","og_image":[{"width":747,"height":363,"url":"https:\/\/lequotidien.mr\/wp-content\/uploads\/2025\/07\/photo-Relance-Sahel.jpg","type":"image\/jpeg"}],"author":"Med Ahmed","twitter_card":"summary_large_image","twitter_creator":"@lequotidienmr","twitter_site":"@lequotidienmr","twitter_misc":{"\u0643\u064f\u062a\u0628 \u0628\u0648\u0627\u0633\u0637\u0629":"Med Ahmed","\u0648\u0642\u062a \u0627\u0644\u0642\u0631\u0627\u0621\u0629 \u0627\u0644\u0645\u064f\u0642\u062f\u0651\u0631":"5 \u062f\u0642\u0627\u0626\u0642"},"schema":{"@context":"https:\/\/schema.org","@graph":[{"@type":"Article","@id":"https:\/\/lequotidien.mr\/?p=29487&lang=fr#article","isPartOf":{"@id":"https:\/\/lequotidien.mr\/?p=29487&lang=fr"},"author":{"name":"Med Ahmed","@id":"https:\/\/lequotidien.mr\/#\/schema\/person\/d2d350202a4d599685ed8abc25f97596"},"headline":"Gouvernance \u00e9ducative: Le projet &#8220;Relance Sahel&#8221; prend forme pour renforcer l\u2019\u00e9ducation en Mauritanie et au Tchad","datePublished":"2025-07-23T16:48:40+00:00","dateModified":"2025-07-23T20:40:03+00:00","mainEntityOfPage":{"@id":"https:\/\/lequotidien.mr\/?p=29487&lang=fr"},"wordCount":773,"commentCount":0,"publisher":{"@id":"https:\/\/lequotidien.mr\/#organization"},"image":{"@id":"https:\/\/lequotidien.mr\/?p=29487&lang=fr#primaryimage"},"thumbnailUrl":"https:\/\/lequotidien.mr\/wp-content\/uploads\/2025\/07\/photo-Relance-Sahel.jpg","articleSection":["ACTUALIT\u00c9","Economie"],"inLanguage":"ar","potentialAction":[{"@type":"CommentAction","name":"Comment","target":["https:\/\/lequotidien.mr\/?p=29487&lang=fr#respond"]}]},{"@type":"WebPage","@id":"https:\/\/lequotidien.mr\/?p=29487&lang=fr","url":"https:\/\/lequotidien.mr\/?p=29487&lang=fr","name":"Gouvernance \u00e9ducative: Le projet \"Relance Sahel\" prend forme pour renforcer l\u2019\u00e9ducation en Mauritanie et au Tchad - Le Quotidien de Nouakchott","isPartOf":{"@id":"https:\/\/lequotidien.mr\/#website"},"primaryImageOfPage":{"@id":"https:\/\/lequotidien.mr\/?p=29487&lang=fr#primaryimage"},"image":{"@id":"https:\/\/lequotidien.mr\/?p=29487&lang=fr#primaryimage"},"thumbnailUrl":"https:\/\/lequotidien.mr\/wp-content\/uploads\/2025\/07\/photo-Relance-Sahel.jpg","datePublished":"2025-07-23T16:48:40+00:00","dateModified":"2025-07-23T20:40:03+00:00","breadcrumb":{"@id":"https:\/\/lequotidien.mr\/?p=29487&lang=fr#breadcrumb"},"inLanguage":"ar","potentialAction":[{"@type":"ReadAction","target":["https:\/\/lequotidien.mr\/?p=29487&lang=fr"]}]},{"@type":"ImageObject","inLanguage":"ar","@id":"https:\/\/lequotidien.mr\/?p=29487&lang=fr#primaryimage","url":"https:\/\/lequotidien.mr\/wp-content\/uploads\/2025\/07\/photo-Relance-Sahel.jpg","contentUrl":"https:\/\/lequotidien.mr\/wp-content\/uploads\/2025\/07\/photo-Relance-Sahel.jpg","width":747,"height":363},{"@type":"BreadcrumbList","@id":"https:\/\/lequotidien.mr\/?p=29487&lang=fr#breadcrumb","itemListElement":[{"@type":"ListItem","position":1,"name":"Home","item":"https:\/\/lequotidien.mr\/"},{"@type":"ListItem","position":2,"name":"Gouvernance \u00e9ducative: Le projet \u00ab\u00a0Relance Sahel\u00a0\u00bb prend forme pour renforcer l\u2019\u00e9ducation en Mauritanie et au Tchad"}]},{"@type":"WebSite","@id":"https:\/\/lequotidien.mr\/#website","url":"https:\/\/lequotidien.mr\/","name":"Le Quotidien de Nouakchott","description":"\u0625\u062e\u0628\u0627\u0631\u064a\u0629 \u0645\u0633\u062a\u0642\u0644\u0629 \u0644\u0644\u0623\u0646\u0628\u0627\u0621 \u0627\u0644\u0639\u0627\u0645\u0629","publisher":{"@id":"https:\/\/lequotidien.mr\/#organization"},"potentialAction":[{"@type":"SearchAction","target":{"@type":"EntryPoint","urlTemplate":"https:\/\/lequotidien.mr\/?s={search_term_string}"},"query-input":{"@type":"PropertyValueSpecification","valueRequired":true,"valueName":"search_term_string"}}],"inLanguage":"ar"},{"@type":"Organization","@id":"https:\/\/lequotidien.mr\/#organization","name":"Le Quotidien de Nouakchott","url":"https:\/\/lequotidien.mr\/","logo":{"@type":"ImageObject","inLanguage":"ar","@id":"https:\/\/lequotidien.mr\/#\/schema\/logo\/image\/","url":"https:\/\/lequotidien.mr\/wp-content\/uploads\/2022\/11\/logolequotidien.jpg","contentUrl":"https:\/\/lequotidien.mr\/wp-content\/uploads\/2022\/11\/logolequotidien.jpg","width":290,"height":65,"caption":"Le Quotidien de Nouakchott"},"image":{"@id":"https:\/\/lequotidien.mr\/#\/schema\/logo\/image\/"},"sameAs":["https:\/\/web.facebook.com\/lequotidienmr","https:\/\/x.com\/lequotidienmr"]},{"@type":"Person","@id":"https:\/\/lequotidien.mr\/#\/schema\/person\/d2d350202a4d599685ed8abc25f97596","name":"Med Ahmed","image":{"@type":"ImageObject","inLanguage":"ar","@id":"https:\/\/secure.gravatar.com\/avatar\/fd2acc62ed50732923d1d39c17172c9b04149f142be92310ecc69e1358f94b52?s=96&d=mm&r=g","url":"https:\/\/secure.gravatar.com\/avatar\/fd2acc62ed50732923d1d39c17172c9b04149f142be92310ecc69e1358f94b52?s=96&d=mm&r=g","contentUrl":"https:\/\/secure.gravatar.com\/avatar\/fd2acc62ed50732923d1d39c17172c9b04149f142be92310ecc69e1358f94b52?s=96&d=mm&r=g","caption":"Med Ahmed"},"url":"https:\/\/lequotidien.mr\/?author=12"}]}},"_links":{"self":[{"href":"https:\/\/lequotidien.mr\/index.php?rest_route=\/wp\/v2\/posts\/29487","targetHints":{"allow":["GET"]}}],"collection":[{"href":"https:\/\/lequotidien.mr\/index.php?rest_route=\/wp\/v2\/posts"}],"about":[{"href":"https:\/\/lequotidien.mr\/index.php?rest_route=\/wp\/v2\/types\/post"}],"author":[{"embeddable":true,"href":"https:\/\/lequotidien.mr\/index.php?rest_route=\/wp\/v2\/users\/12"}],"replies":[{"embeddable":true,"href":"https:\/\/lequotidien.mr\/index.php?rest_route=%2Fwp%2Fv2%2Fcomments&post=29487"}],"version-history":[{"count":4,"href":"https:\/\/lequotidien.mr\/index.php?rest_route=\/wp\/v2\/posts\/29487\/revisions"}],"predecessor-version":[{"id":29504,"href":"https:\/\/lequotidien.mr\/index.php?rest_route=\/wp\/v2\/posts\/29487\/revisions\/29504"}],"wp:featuredmedia":[{"embeddable":true,"href":"https:\/\/lequotidien.mr\/index.php?rest_route=\/wp\/v2\/media\/29488"}],"wp:attachment":[{"href":"https:\/\/lequotidien.mr\/index.php?rest_route=%2Fwp%2Fv2%2Fmedia&parent=29487"}],"wp:term":[{"taxonomy":"category","embeddable":true,"href":"https:\/\/lequotidien.mr\/index.php?rest_route=%2Fwp%2Fv2%2Fcategories&post=29487"},{"taxonomy":"post_tag","embeddable":true,"href":"https:\/\/lequotidien.mr\/index.php?rest_route=%2Fwp%2Fv2%2Ftags&post=29487"}],"curies":[{"name":"wp","href":"https:\/\/api.w.org\/{rel}","templated":true}]}}