{"id":29371,"date":"2025-07-21T11:45:28","date_gmt":"2025-07-21T11:45:28","guid":{"rendered":"https:\/\/lequotidien.mr\/?p=29371"},"modified":"2025-07-21T11:45:28","modified_gmt":"2025-07-21T11:45:28","slug":"tagant-tidjikja-vibre-au-rythme-du-lancement-des-nuits-de-la-guetna","status":"publish","type":"post","link":"https:\/\/lequotidien.mr\/?p=29371&lang=fr","title":{"rendered":"Tagant : Tidjikja vibre au rythme du lancement des &#8220;Nuits de la Guetna&#8221;"},"content":{"rendered":"<p>La ville de Tidjikja, perle du Tagant, a inaugur\u00e9 en grande pompe, hier soir, la manifestation culturelle tant attendue des\u00a0<strong><em>\u00ab Nuits de la Guetna \u00bb<\/em><\/strong>. Organis\u00e9 par la\u00a0<strong>Municipalit\u00e9 de Tidjikja<\/strong>, en partenariat avec l\u2019<strong>Organisation pour la Protection de l\u2019Ancien Ksar de Tidjikja<\/strong>\u00a0et le\u00a0<strong>Regroupement d\u2019Utilit\u00e9 \u00c9conomique (RUE)<\/strong>, l&#8217;\u00e9v\u00e9nement a transform\u00e9 la cit\u00e9 en un foyer de c\u00e9l\u00e9bration du patrimoine et du tourisme local.<\/p>\n<p>L&#8217;atmosph\u00e8re \u00e9tait empreinte d&#8217;enthousiasme lors de la c\u00e9r\u00e9monie d&#8217;ouverture, qui s&#8217;est d\u00e9roul\u00e9e en pr\u00e9sence d&#8217;un parterre d&#8217;officiels et d&#8217;un public nombreux. Le\u00a0<strong>Wali du Tagant, M. Mohamed Ahmed Maouloud<\/strong>, a prononc\u00e9 un discours soulignant la port\u00e9e multidimensionnelle de la Guetna. Il a d\u00e9fini cette\u00a0saison traditionnelle\u00a0comme un\u00a0<strong><em>\u00ab \u00e9v\u00e9nement annuel aux dimensions \u00e9conomique, sociale et culturelle marqu\u00e9es \u00bb<\/em><\/strong>, l&#8217;\u00e9rigeant en\u00a0<strong><em>\u00ab exemple vivant d&#8217;un tourisme local authentique \u00bb<\/em><\/strong><em>\u00a0<\/em>dans la wilaya.<\/p>\n<p><strong>Valoriser les atouts du Tagant<\/strong><\/p>\n<p><strong><em>\u00ab La Guetna n&#8217;est pas qu&#8217;un simple espace r\u00e9cr\u00e9atif \u00bb<\/em><\/strong>, a insist\u00e9 le Wali. <strong><em>\u00ab C&#8217;est une\u00a0v\u00e9ritable opportunit\u00e9\u00a0pour renforcer l&#8217;appartenance, valoriser notre riche patrimoine et dynamiser l&#8217;activit\u00e9 \u00e9conomique \u00bb. <\/em><\/strong>\u00a0Se faisant l&#8217;\u00e9cho des\u00a0<strong>\u00ab hautes directives du Pr\u00e9sident de la R\u00e9publique, Monsieur Mohamed Cheikh El Ghazouani \u00bb<\/strong>, il a lanc\u00e9 un appel vibrant\u00a0<strong>aux acteurs \u00e9conomiques et sociaux de la wilaya<\/strong>\u00a0pour qu&#8217;ils choisissent de passer leurs vacances localement. Cet engagement citoyen vise, selon lui, \u00e0\u00a0<strong><em>\u00ab stimuler l&#8217;\u00e9conomie locale, encourager le tourisme int\u00e9rieur, promouvoir la coh\u00e9sion sociale et faire rayonner les atouts du pays \u00bb<\/em><\/strong><em>.<\/em><\/p>\n<p>M. Maouloud a \u00e9galement invit\u00e9 les m\u00e9dias locaux et nationaux, ainsi que les influenceurs des r\u00e9seaux sociaux, \u00e0 se mobiliser pour\u00a0<strong>\u00ab accompagner cet effort \u00bb<\/strong>et\u00a0<strong><em>\u00ab mettre en valeur la diversit\u00e9 naturelle exceptionnelle et les opportunit\u00e9s d\u2019investissement prometteuses \u00bb <\/em><\/strong>dont regorge le Tagant.<\/p>\n<p>Le\u00a0<strong>Maire de Tidjikja, M. Jiddou Manab\u00e9<\/strong>, et le\u00a0<strong>Coordinateur de la manifestation, M. Lemrabot Mohamed El Hassan<\/strong>, ont embo\u00eet\u00e9 le pas au Wali dans leurs interventions. Ils ont longuement\u00a0mis en exergue les atouts touristiques majeurs du Tagant\u00a0et ses\u00a0<strong><em>\u00ab beaux sites historiques \u00bb<\/em><\/strong><em>.<\/em> Tous deux ont affirm\u00e9 que la r\u00e9gion\u00a0<strong><em>\u00ab jouit de tous les avantages qui font d\u2019elle une r\u00e9gion touristique par excellence \u00bb<\/em><\/strong>, plaidant pour une reconnaissance accrue de son potentiel.<\/p>\n<p><strong>Une premi\u00e8re nuit culturelle et de sensibilisation<\/strong><\/p>\n<p>La premi\u00e8re soir\u00e9e des <em>\u00ab Nuits de la Guetna \u00bb<\/em> a offert un programme \u00e9clectique, m\u00ealant culture et sensibilisation. Des\u00a0conf\u00e9rences instructives\u00a0ont \u00e9t\u00e9 consacr\u00e9es \u00e0\u00a0l\u2019interdiction des substances psychotropes et aux dangers qu\u2019elles repr\u00e9sentent pour la soci\u00e9t\u00e9, refl\u00e9tant l&#8217;engagement des organisateurs envers les pr\u00e9occupations communautaires. L&#8217;aspect festif et spirituel n&#8217;\u00e9tait pas en reste, avec des\u00a0chants de louange au Proph\u00e8te (PSL)\u00a0et des\u00a0repr\u00e9sentations th\u00e9\u00e2trales\u00a0qui ont captiv\u00e9 l&#8217;assistance.<\/p>\n<p>L&#8217;\u00e9v\u00e9nement inaugural s&#8217;est tenu sous le regard attentif du\u00a0<strong>Hakem de la Moughataa de Tidjikja, M. Moulay Ismail El Mourtaji<\/strong>, entour\u00e9 de\u00a0responsables des services de s\u00e9curit\u00e9 et de l\u2019arm\u00e9e, de\u00a0passionn\u00e9s de culture\u00a0et d\u2019une\u00a0foule importante d\u2019habitants de la ville, t\u00e9moignant de l&#8217;engouement suscit\u00e9 par ce rendez-vous culturel qui s&#8217;annonce riche.<\/p>\n<p><strong>Les <em>&#8220;Nuits de la Guetna&#8221;<\/em><\/strong>\u00a0s&#8217;annoncent ainsi comme une vitrine essentielle pour le Tagant, promettant de c\u00e9l\u00e9brer l&#8217;identit\u00e9 locale tout en ouvrant des perspectives concr\u00e8tes pour son d\u00e9veloppement touristique et \u00e9conomique.<\/p>\n","protected":false},"excerpt":{"rendered":"<p>La ville de Tidjikja, perle du Tagant, a inaugur\u00e9 en grande pompe, hier soir, la manifestation culturelle tant attendue des\u00a0\u00ab Nuits de la Guetna \u00bb. Organis\u00e9 par la\u00a0Municipalit\u00e9 de Tidjikja, en partenariat avec l\u2019Organisation pour la Protection de l\u2019Ancien Ksar de Tidjikja\u00a0et le\u00a0Regroupement d\u2019Utilit\u00e9 \u00c9conomique (RUE), l&#8217;\u00e9v\u00e9nement a transform\u00e9 la cit\u00e9 en un foyer de&#8230;..<\/p>\n","protected":false},"author":12,"featured_media":29372,"comment_status":"open","ping_status":"open","sticky":false,"template":"","format":"standard","meta":{"footnotes":""},"categories":[23,55],"tags":[],"class_list":["post-29371","post","type-post","status-publish","format-standard","has-post-thumbnail","hentry","category-actualite","category-culture"],"yoast_head":"<!-- This site is optimized with the Yoast SEO plugin v27.5 - https:\/\/yoast.com\/product\/yoast-seo-wordpress\/ -->\n<title>Tagant : Tidjikja vibre au rythme du lancement des &quot;Nuits de la Guetna&quot; - Le Quotidien de Nouakchott<\/title>\n<meta name=\"robots\" content=\"index, follow, max-snippet:-1, max-image-preview:large, max-video-preview:-1\" \/>\n<link rel=\"canonical\" href=\"https:\/\/lequotidien.mr\/?p=29371&lang=fr\" \/>\n<meta property=\"og:locale\" content=\"ar_AR\" \/>\n<meta property=\"og:type\" content=\"article\" \/>\n<meta property=\"og:title\" content=\"Tagant : Tidjikja vibre au rythme du lancement des &quot;Nuits de la Guetna&quot; - Le Quotidien de Nouakchott\" \/>\n<meta property=\"og:description\" content=\"La ville de Tidjikja, perle du Tagant, a inaugur\u00e9 en grande pompe, hier soir, la manifestation culturelle tant attendue des\u00a0\u00ab Nuits de la Guetna \u00bb. Organis\u00e9 par la\u00a0Municipalit\u00e9 de Tidjikja, en partenariat avec l\u2019Organisation pour la Protection de l\u2019Ancien Ksar de Tidjikja\u00a0et le\u00a0Regroupement d\u2019Utilit\u00e9 \u00c9conomique (RUE), l&#8217;\u00e9v\u00e9nement a transform\u00e9 la cit\u00e9 en un foyer de.....\" \/>\n<meta property=\"og:url\" content=\"https:\/\/lequotidien.mr\/?p=29371&amp;lang=fr\" \/>\n<meta property=\"og:site_name\" content=\"Le Quotidien de Nouakchott\" \/>\n<meta property=\"article:publisher\" content=\"https:\/\/web.facebook.com\/lequotidienmr\" \/>\n<meta property=\"article:published_time\" content=\"2025-07-21T11:45:28+00:00\" \/>\n<meta property=\"og:image\" content=\"https:\/\/lequotidien.mr\/wp-content\/uploads\/2025\/07\/photo-palmiers-Tidjikja.jpeg\" \/>\n\t<meta property=\"og:image:width\" content=\"457\" \/>\n\t<meta property=\"og:image:height\" content=\"568\" \/>\n\t<meta property=\"og:image:type\" content=\"image\/jpeg\" \/>\n<meta name=\"author\" content=\"Med Ahmed\" \/>\n<meta name=\"twitter:card\" content=\"summary_large_image\" \/>\n<meta name=\"twitter:creator\" content=\"@lequotidienmr\" \/>\n<meta name=\"twitter:site\" content=\"@lequotidienmr\" \/>\n<meta name=\"twitter:label1\" content=\"\u0643\u064f\u062a\u0628 \u0628\u0648\u0627\u0633\u0637\u0629\" \/>\n\t<meta name=\"twitter:data1\" content=\"Med Ahmed\" \/>\n\t<meta name=\"twitter:label2\" content=\"\u0648\u0642\u062a \u0627\u0644\u0642\u0631\u0627\u0621\u0629 \u0627\u0644\u0645\u064f\u0642\u062f\u0651\u0631\" \/>\n\t<meta name=\"twitter:data2\" content=\"4 \u062f\u0642\u0627\u0626\u0642\" \/>\n<script type=\"application\/ld+json\" class=\"yoast-schema-graph\">{\"@context\":\"https:\\\/\\\/schema.org\",\"@graph\":[{\"@type\":\"Article\",\"@id\":\"https:\\\/\\\/lequotidien.mr\\\/?p=29371&lang=fr#article\",\"isPartOf\":{\"@id\":\"https:\\\/\\\/lequotidien.mr\\\/?p=29371&lang=fr\"},\"author\":{\"name\":\"Med Ahmed\",\"@id\":\"https:\\\/\\\/lequotidien.mr\\\/#\\\/schema\\\/person\\\/d2d350202a4d599685ed8abc25f97596\"},\"headline\":\"Tagant : Tidjikja vibre au rythme du lancement des &#8220;Nuits de la Guetna&#8221;\",\"datePublished\":\"2025-07-21T11:45:28+00:00\",\"mainEntityOfPage\":{\"@id\":\"https:\\\/\\\/lequotidien.mr\\\/?p=29371&lang=fr\"},\"wordCount\":594,\"commentCount\":0,\"publisher\":{\"@id\":\"https:\\\/\\\/lequotidien.mr\\\/#organization\"},\"image\":{\"@id\":\"https:\\\/\\\/lequotidien.mr\\\/?p=29371&lang=fr#primaryimage\"},\"thumbnailUrl\":\"https:\\\/\\\/lequotidien.mr\\\/wp-content\\\/uploads\\\/2025\\\/07\\\/photo-palmiers-Tidjikja.jpeg\",\"articleSection\":[\"ACTUALIT\u00c9\",\"Culture\"],\"inLanguage\":\"ar\",\"potentialAction\":[{\"@type\":\"CommentAction\",\"name\":\"Comment\",\"target\":[\"https:\\\/\\\/lequotidien.mr\\\/?p=29371&lang=fr#respond\"]}]},{\"@type\":\"WebPage\",\"@id\":\"https:\\\/\\\/lequotidien.mr\\\/?p=29371&lang=fr\",\"url\":\"https:\\\/\\\/lequotidien.mr\\\/?p=29371&lang=fr\",\"name\":\"Tagant : Tidjikja vibre au rythme du lancement des \\\"Nuits de la Guetna\\\" - Le Quotidien de Nouakchott\",\"isPartOf\":{\"@id\":\"https:\\\/\\\/lequotidien.mr\\\/#website\"},\"primaryImageOfPage\":{\"@id\":\"https:\\\/\\\/lequotidien.mr\\\/?p=29371&lang=fr#primaryimage\"},\"image\":{\"@id\":\"https:\\\/\\\/lequotidien.mr\\\/?p=29371&lang=fr#primaryimage\"},\"thumbnailUrl\":\"https:\\\/\\\/lequotidien.mr\\\/wp-content\\\/uploads\\\/2025\\\/07\\\/photo-palmiers-Tidjikja.jpeg\",\"datePublished\":\"2025-07-21T11:45:28+00:00\",\"breadcrumb\":{\"@id\":\"https:\\\/\\\/lequotidien.mr\\\/?p=29371&lang=fr#breadcrumb\"},\"inLanguage\":\"ar\",\"potentialAction\":[{\"@type\":\"ReadAction\",\"target\":[\"https:\\\/\\\/lequotidien.mr\\\/?p=29371&lang=fr\"]}]},{\"@type\":\"ImageObject\",\"inLanguage\":\"ar\",\"@id\":\"https:\\\/\\\/lequotidien.mr\\\/?p=29371&lang=fr#primaryimage\",\"url\":\"https:\\\/\\\/lequotidien.mr\\\/wp-content\\\/uploads\\\/2025\\\/07\\\/photo-palmiers-Tidjikja.jpeg\",\"contentUrl\":\"https:\\\/\\\/lequotidien.mr\\\/wp-content\\\/uploads\\\/2025\\\/07\\\/photo-palmiers-Tidjikja.jpeg\",\"width\":457,\"height\":568},{\"@type\":\"BreadcrumbList\",\"@id\":\"https:\\\/\\\/lequotidien.mr\\\/?p=29371&lang=fr#breadcrumb\",\"itemListElement\":[{\"@type\":\"ListItem\",\"position\":1,\"name\":\"Home\",\"item\":\"https:\\\/\\\/lequotidien.mr\\\/\"},{\"@type\":\"ListItem\",\"position\":2,\"name\":\"Tagant : Tidjikja vibre au rythme du lancement des \u00ab\u00a0Nuits de la Guetna\u00a0\u00bb\"}]},{\"@type\":\"WebSite\",\"@id\":\"https:\\\/\\\/lequotidien.mr\\\/#website\",\"url\":\"https:\\\/\\\/lequotidien.mr\\\/\",\"name\":\"Le Quotidien de Nouakchott\",\"description\":\"\u0625\u062e\u0628\u0627\u0631\u064a\u0629 \u0645\u0633\u062a\u0642\u0644\u0629 \u0644\u0644\u0623\u0646\u0628\u0627\u0621 \u0627\u0644\u0639\u0627\u0645\u0629\",\"publisher\":{\"@id\":\"https:\\\/\\\/lequotidien.mr\\\/#organization\"},\"potentialAction\":[{\"@type\":\"SearchAction\",\"target\":{\"@type\":\"EntryPoint\",\"urlTemplate\":\"https:\\\/\\\/lequotidien.mr\\\/?s={search_term_string}\"},\"query-input\":{\"@type\":\"PropertyValueSpecification\",\"valueRequired\":true,\"valueName\":\"search_term_string\"}}],\"inLanguage\":\"ar\"},{\"@type\":\"Organization\",\"@id\":\"https:\\\/\\\/lequotidien.mr\\\/#organization\",\"name\":\"Le Quotidien de Nouakchott\",\"url\":\"https:\\\/\\\/lequotidien.mr\\\/\",\"logo\":{\"@type\":\"ImageObject\",\"inLanguage\":\"ar\",\"@id\":\"https:\\\/\\\/lequotidien.mr\\\/#\\\/schema\\\/logo\\\/image\\\/\",\"url\":\"https:\\\/\\\/lequotidien.mr\\\/wp-content\\\/uploads\\\/2022\\\/11\\\/logolequotidien.jpg\",\"contentUrl\":\"https:\\\/\\\/lequotidien.mr\\\/wp-content\\\/uploads\\\/2022\\\/11\\\/logolequotidien.jpg\",\"width\":290,\"height\":65,\"caption\":\"Le Quotidien de Nouakchott\"},\"image\":{\"@id\":\"https:\\\/\\\/lequotidien.mr\\\/#\\\/schema\\\/logo\\\/image\\\/\"},\"sameAs\":[\"https:\\\/\\\/web.facebook.com\\\/lequotidienmr\",\"https:\\\/\\\/x.com\\\/lequotidienmr\"]},{\"@type\":\"Person\",\"@id\":\"https:\\\/\\\/lequotidien.mr\\\/#\\\/schema\\\/person\\\/d2d350202a4d599685ed8abc25f97596\",\"name\":\"Med Ahmed\",\"image\":{\"@type\":\"ImageObject\",\"inLanguage\":\"ar\",\"@id\":\"https:\\\/\\\/secure.gravatar.com\\\/avatar\\\/fd2acc62ed50732923d1d39c17172c9b04149f142be92310ecc69e1358f94b52?s=96&d=mm&r=g\",\"url\":\"https:\\\/\\\/secure.gravatar.com\\\/avatar\\\/fd2acc62ed50732923d1d39c17172c9b04149f142be92310ecc69e1358f94b52?s=96&d=mm&r=g\",\"contentUrl\":\"https:\\\/\\\/secure.gravatar.com\\\/avatar\\\/fd2acc62ed50732923d1d39c17172c9b04149f142be92310ecc69e1358f94b52?s=96&d=mm&r=g\",\"caption\":\"Med Ahmed\"},\"url\":\"https:\\\/\\\/lequotidien.mr\\\/?author=12\"}]}<\/script>\n<!-- \/ Yoast SEO plugin. -->","yoast_head_json":{"title":"Tagant : Tidjikja vibre au rythme du lancement des \"Nuits de la Guetna\" - Le Quotidien de Nouakchott","robots":{"index":"index","follow":"follow","max-snippet":"max-snippet:-1","max-image-preview":"max-image-preview:large","max-video-preview":"max-video-preview:-1"},"canonical":"https:\/\/lequotidien.mr\/?p=29371&lang=fr","og_locale":"ar_AR","og_type":"article","og_title":"Tagant : Tidjikja vibre au rythme du lancement des \"Nuits de la Guetna\" - Le Quotidien de Nouakchott","og_description":"La ville de Tidjikja, perle du Tagant, a inaugur\u00e9 en grande pompe, hier soir, la manifestation culturelle tant attendue des\u00a0\u00ab Nuits de la Guetna \u00bb. Organis\u00e9 par la\u00a0Municipalit\u00e9 de Tidjikja, en partenariat avec l\u2019Organisation pour la Protection de l\u2019Ancien Ksar de Tidjikja\u00a0et le\u00a0Regroupement d\u2019Utilit\u00e9 \u00c9conomique (RUE), l&#8217;\u00e9v\u00e9nement a transform\u00e9 la cit\u00e9 en un foyer de.....","og_url":"https:\/\/lequotidien.mr\/?p=29371&lang=fr","og_site_name":"Le Quotidien de Nouakchott","article_publisher":"https:\/\/web.facebook.com\/lequotidienmr","article_published_time":"2025-07-21T11:45:28+00:00","og_image":[{"width":457,"height":568,"url":"https:\/\/lequotidien.mr\/wp-content\/uploads\/2025\/07\/photo-palmiers-Tidjikja.jpeg","type":"image\/jpeg"}],"author":"Med Ahmed","twitter_card":"summary_large_image","twitter_creator":"@lequotidienmr","twitter_site":"@lequotidienmr","twitter_misc":{"\u0643\u064f\u062a\u0628 \u0628\u0648\u0627\u0633\u0637\u0629":"Med Ahmed","\u0648\u0642\u062a \u0627\u0644\u0642\u0631\u0627\u0621\u0629 \u0627\u0644\u0645\u064f\u0642\u062f\u0651\u0631":"4 \u062f\u0642\u0627\u0626\u0642"},"schema":{"@context":"https:\/\/schema.org","@graph":[{"@type":"Article","@id":"https:\/\/lequotidien.mr\/?p=29371&lang=fr#article","isPartOf":{"@id":"https:\/\/lequotidien.mr\/?p=29371&lang=fr"},"author":{"name":"Med Ahmed","@id":"https:\/\/lequotidien.mr\/#\/schema\/person\/d2d350202a4d599685ed8abc25f97596"},"headline":"Tagant : Tidjikja vibre au rythme du lancement des &#8220;Nuits de la Guetna&#8221;","datePublished":"2025-07-21T11:45:28+00:00","mainEntityOfPage":{"@id":"https:\/\/lequotidien.mr\/?p=29371&lang=fr"},"wordCount":594,"commentCount":0,"publisher":{"@id":"https:\/\/lequotidien.mr\/#organization"},"image":{"@id":"https:\/\/lequotidien.mr\/?p=29371&lang=fr#primaryimage"},"thumbnailUrl":"https:\/\/lequotidien.mr\/wp-content\/uploads\/2025\/07\/photo-palmiers-Tidjikja.jpeg","articleSection":["ACTUALIT\u00c9","Culture"],"inLanguage":"ar","potentialAction":[{"@type":"CommentAction","name":"Comment","target":["https:\/\/lequotidien.mr\/?p=29371&lang=fr#respond"]}]},{"@type":"WebPage","@id":"https:\/\/lequotidien.mr\/?p=29371&lang=fr","url":"https:\/\/lequotidien.mr\/?p=29371&lang=fr","name":"Tagant : Tidjikja vibre au rythme du lancement des \"Nuits de la Guetna\" - Le Quotidien de Nouakchott","isPartOf":{"@id":"https:\/\/lequotidien.mr\/#website"},"primaryImageOfPage":{"@id":"https:\/\/lequotidien.mr\/?p=29371&lang=fr#primaryimage"},"image":{"@id":"https:\/\/lequotidien.mr\/?p=29371&lang=fr#primaryimage"},"thumbnailUrl":"https:\/\/lequotidien.mr\/wp-content\/uploads\/2025\/07\/photo-palmiers-Tidjikja.jpeg","datePublished":"2025-07-21T11:45:28+00:00","breadcrumb":{"@id":"https:\/\/lequotidien.mr\/?p=29371&lang=fr#breadcrumb"},"inLanguage":"ar","potentialAction":[{"@type":"ReadAction","target":["https:\/\/lequotidien.mr\/?p=29371&lang=fr"]}]},{"@type":"ImageObject","inLanguage":"ar","@id":"https:\/\/lequotidien.mr\/?p=29371&lang=fr#primaryimage","url":"https:\/\/lequotidien.mr\/wp-content\/uploads\/2025\/07\/photo-palmiers-Tidjikja.jpeg","contentUrl":"https:\/\/lequotidien.mr\/wp-content\/uploads\/2025\/07\/photo-palmiers-Tidjikja.jpeg","width":457,"height":568},{"@type":"BreadcrumbList","@id":"https:\/\/lequotidien.mr\/?p=29371&lang=fr#breadcrumb","itemListElement":[{"@type":"ListItem","position":1,"name":"Home","item":"https:\/\/lequotidien.mr\/"},{"@type":"ListItem","position":2,"name":"Tagant : Tidjikja vibre au rythme du lancement des \u00ab\u00a0Nuits de la Guetna\u00a0\u00bb"}]},{"@type":"WebSite","@id":"https:\/\/lequotidien.mr\/#website","url":"https:\/\/lequotidien.mr\/","name":"Le Quotidien de Nouakchott","description":"\u0625\u062e\u0628\u0627\u0631\u064a\u0629 \u0645\u0633\u062a\u0642\u0644\u0629 \u0644\u0644\u0623\u0646\u0628\u0627\u0621 \u0627\u0644\u0639\u0627\u0645\u0629","publisher":{"@id":"https:\/\/lequotidien.mr\/#organization"},"potentialAction":[{"@type":"SearchAction","target":{"@type":"EntryPoint","urlTemplate":"https:\/\/lequotidien.mr\/?s={search_term_string}"},"query-input":{"@type":"PropertyValueSpecification","valueRequired":true,"valueName":"search_term_string"}}],"inLanguage":"ar"},{"@type":"Organization","@id":"https:\/\/lequotidien.mr\/#organization","name":"Le Quotidien de Nouakchott","url":"https:\/\/lequotidien.mr\/","logo":{"@type":"ImageObject","inLanguage":"ar","@id":"https:\/\/lequotidien.mr\/#\/schema\/logo\/image\/","url":"https:\/\/lequotidien.mr\/wp-content\/uploads\/2022\/11\/logolequotidien.jpg","contentUrl":"https:\/\/lequotidien.mr\/wp-content\/uploads\/2022\/11\/logolequotidien.jpg","width":290,"height":65,"caption":"Le Quotidien de Nouakchott"},"image":{"@id":"https:\/\/lequotidien.mr\/#\/schema\/logo\/image\/"},"sameAs":["https:\/\/web.facebook.com\/lequotidienmr","https:\/\/x.com\/lequotidienmr"]},{"@type":"Person","@id":"https:\/\/lequotidien.mr\/#\/schema\/person\/d2d350202a4d599685ed8abc25f97596","name":"Med Ahmed","image":{"@type":"ImageObject","inLanguage":"ar","@id":"https:\/\/secure.gravatar.com\/avatar\/fd2acc62ed50732923d1d39c17172c9b04149f142be92310ecc69e1358f94b52?s=96&d=mm&r=g","url":"https:\/\/secure.gravatar.com\/avatar\/fd2acc62ed50732923d1d39c17172c9b04149f142be92310ecc69e1358f94b52?s=96&d=mm&r=g","contentUrl":"https:\/\/secure.gravatar.com\/avatar\/fd2acc62ed50732923d1d39c17172c9b04149f142be92310ecc69e1358f94b52?s=96&d=mm&r=g","caption":"Med Ahmed"},"url":"https:\/\/lequotidien.mr\/?author=12"}]}},"_links":{"self":[{"href":"https:\/\/lequotidien.mr\/index.php?rest_route=\/wp\/v2\/posts\/29371","targetHints":{"allow":["GET"]}}],"collection":[{"href":"https:\/\/lequotidien.mr\/index.php?rest_route=\/wp\/v2\/posts"}],"about":[{"href":"https:\/\/lequotidien.mr\/index.php?rest_route=\/wp\/v2\/types\/post"}],"author":[{"embeddable":true,"href":"https:\/\/lequotidien.mr\/index.php?rest_route=\/wp\/v2\/users\/12"}],"replies":[{"embeddable":true,"href":"https:\/\/lequotidien.mr\/index.php?rest_route=%2Fwp%2Fv2%2Fcomments&post=29371"}],"version-history":[{"count":1,"href":"https:\/\/lequotidien.mr\/index.php?rest_route=\/wp\/v2\/posts\/29371\/revisions"}],"predecessor-version":[{"id":29373,"href":"https:\/\/lequotidien.mr\/index.php?rest_route=\/wp\/v2\/posts\/29371\/revisions\/29373"}],"wp:featuredmedia":[{"embeddable":true,"href":"https:\/\/lequotidien.mr\/index.php?rest_route=\/wp\/v2\/media\/29372"}],"wp:attachment":[{"href":"https:\/\/lequotidien.mr\/index.php?rest_route=%2Fwp%2Fv2%2Fmedia&parent=29371"}],"wp:term":[{"taxonomy":"category","embeddable":true,"href":"https:\/\/lequotidien.mr\/index.php?rest_route=%2Fwp%2Fv2%2Fcategories&post=29371"},{"taxonomy":"post_tag","embeddable":true,"href":"https:\/\/lequotidien.mr\/index.php?rest_route=%2Fwp%2Fv2%2Ftags&post=29371"}],"curies":[{"name":"wp","href":"https:\/\/api.w.org\/{rel}","templated":true}]}}