{"id":29343,"date":"2025-07-20T11:47:04","date_gmt":"2025-07-20T11:47:04","guid":{"rendered":"https:\/\/lequotidien.mr\/?p=29343"},"modified":"2025-07-20T11:47:04","modified_gmt":"2025-07-20T11:47:04","slug":"troisieme-forum-mondial-des-medias-de-choucha-lazerbaidjan-place-lia-et-la-resilience-mediatique-au-coeur-du-debat","status":"publish","type":"post","link":"https:\/\/lequotidien.mr\/?p=29343&lang=fr","title":{"rendered":"Troisi\u00e8me Forum Mondial des M\u00e9dias de Choucha : L\u2019Azerba\u00efdjan place l\u2019IA et la r\u00e9silience m\u00e9diatique au c\u0153ur du d\u00e9bat"},"content":{"rendered":"<p>Sous le haut patronage du Pr\u00e9sident de la R\u00e9publique d\u2019Azerba\u00efdjan,\u00a0<strong>M. Ilham Aliyev<\/strong>, le\u00a0<strong>3\u1d49 Forum Mondial des M\u00e9dias de Choucha<\/strong>\u00a0a ouvert ses portes hier, r\u00e9unissant des dizaines de dirigeants m\u00e9diatiques, agences de presse internationales et experts en communication autour du th\u00e8me <em>:\u00a0<\/em><em>\u00ab Transitions num\u00e9riques: renforcer la r\u00e9silience de l&#8217;information et des m\u00e9dias \u00e0 l\u2019\u00e8re de l\u2019intelligence artificielle \u00bb.<\/em><\/p>\n<p>Ce 3\u00e8me Forum mondial des m\u00e9dias de Choucha devrait accueillir environ 140 invit\u00e9s \u00e9trangers venus de 52 pays, dont des repr\u00e9sentants de plus de 30 agences de presse, 7 organisations internationales et environ 80 organisations m\u00e9diatiques. Parmi les participants, outre les repr\u00e9sentants des m\u00e9dias \u00e9trangers, figurent \u00e9galement des repr\u00e9sentants des m\u00e9dias, des experts et des responsables azerba\u00efdjanais.<\/p>\n<p><strong>Un plaidoyer pr\u00e9sidentiel pour l\u2019ambition m\u00e9diatique<\/strong><\/p>\n<p>Dans son discours inaugural, le chef de l\u2019\u00c9tat azerba\u00efdjanais a salu\u00e9 la mont\u00e9e en puissance du forum, d\u00e9sormais\u00a0<em><strong>&#8220;devenu une tradition annuelle&#8221;<\/strong><\/em>\u00a0:<\/p>\n<p><em>&#8220;Nous devons \u00e9largir sa port\u00e9e g\u00e9ographique, diversifier les sujets et renforcer son impact global&#8221;<\/em>,<br \/>\na-t-il d\u00e9clar\u00e9, appelant les participants \u00e0 des d\u00e9bats\u00a0<em><strong>&#8220;s\u00e9rieux et ouverts&#8221;<\/strong><\/em>\u00a0d\u00e9passant le cadre m\u00e9diatique pour aborder les enjeux g\u00e9opolitiques mondiaux. Il a \u00e9galement salu\u00e9 les r\u00e9sultats de la\u00a0<strong>COP29 (novembre 2024)<\/strong>, soulignant l\u2019accord historique portant le financement climatique des pays en d\u00e9veloppement \u00e0\u00a0<strong>300 milliards de dollars annuels d\u2019ici 2035<\/strong>.<\/p>\n<p><strong>Lutte contre la d\u00e9sinformation et \u00e9ducation aux m\u00e9dias<\/strong><\/p>\n<p>Le forum se positionne comme laboratoire d\u2019id\u00e9es face aux d\u00e9fis num\u00e9riques :<\/p>\n<p><strong>&#8211;<\/strong><strong>\u00c9ducation aux m\u00e9dias<\/strong>\u00a0comme rempart contre la d\u00e9sinformation\u00a0;<\/p>\n<p><strong>&#8211;<\/strong>Construction de\u00a0<strong>confiance mutuelle<\/strong>\u00a0dans l\u2019\u00e9cosyst\u00e8me m\u00e9diatique\u00a0;<\/p>\n<p><strong>&#8211;<\/strong>Garantie de la\u00a0<strong>s\u00e9curit\u00e9 informationnelle<\/strong>\u00a0via l\u2019innovation\u00a0;<\/p>\n<p><strong>&#8211;<\/strong>Analyse critique du r\u00f4le des\u00a0<strong>plateformes sociales<\/strong><\/p>\n<p>Trois tables rondes strat\u00e9giques\u00a0:<\/p>\n<p><strong>-Approches novatrices : L\u2019\u00e9ducation aux m\u00e9dias \u00e0 l\u2019\u00e8re num\u00e9rique<\/strong><br \/>\n<em>Comment former les citoyens \u00e0 d\u00e9crypter l\u2019info ?<\/em><\/p>\n<p><strong>-\u00c9ducation aux m\u00e9dias : Garant de la s\u00e9curit\u00e9 informationnelle<\/strong><br \/>\n<em>Quels outils face aux cybermenaces ?<\/em><\/p>\n<p><strong>-M\u00e9dias sociaux : Impact sur la confiance publique et urgence \u00e9ducative<\/strong><br \/>\n<em>Quelle r\u00e9gulation pour un partage responsable ?<\/em><\/p>\n<p>Le choix de la ville Khankendi du Haut-Karabagh comme h\u00f4te n\u2019est pas anodin : il incarne la\u00a0<strong>r\u00e9silience post-conflit<\/strong>\u00a0et l\u2019engagement de l\u2019Azerba\u00efdjan \u00e0 faire du num\u00e9rique un vecteur de paix. Ce forum consolide \u00e9galement le statut de Choucha comme\u00a0<strong>capitale m\u00e9diatique \u00e9mergente<\/strong>\u00a0du Caucase.<\/p>\n<p>Avec la participation de repr\u00e9sentants de l\u2019AFP, Reuters, CNN, Al Jazeera et des organisations comme Reporters sans Fronti\u00e8res, cette \u00e9dition 2025 s\u2019annonce comme un tournant pour la gouvernance mondiale de l\u2019information.<\/p>\n","protected":false},"excerpt":{"rendered":"<p>Sous le haut patronage du Pr\u00e9sident de la R\u00e9publique d\u2019Azerba\u00efdjan,\u00a0M. Ilham Aliyev, le\u00a03\u1d49 Forum Mondial des M\u00e9dias de Choucha\u00a0a ouvert ses portes hier, r\u00e9unissant des dizaines de dirigeants m\u00e9diatiques, agences de presse internationales et experts en communication autour du th\u00e8me :\u00a0\u00ab Transitions num\u00e9riques: renforcer la r\u00e9silience de l&#8217;information et des m\u00e9dias \u00e0 l\u2019\u00e8re de l\u2019intelligence&#8230;..<\/p>\n","protected":false},"author":12,"featured_media":29344,"comment_status":"open","ping_status":"open","sticky":false,"template":"","format":"standard","meta":{"footnotes":""},"categories":[23,55],"tags":[],"class_list":["post-29343","post","type-post","status-publish","format-standard","has-post-thumbnail","hentry","category-actualite","category-culture"],"yoast_head":"<!-- This site is optimized with the Yoast SEO plugin v27.5 - https:\/\/yoast.com\/product\/yoast-seo-wordpress\/ -->\n<title>Troisi\u00e8me Forum Mondial des M\u00e9dias de Choucha : L\u2019Azerba\u00efdjan place l\u2019IA et la r\u00e9silience m\u00e9diatique au c\u0153ur du d\u00e9bat - Le Quotidien de Nouakchott<\/title>\n<meta name=\"robots\" content=\"index, follow, max-snippet:-1, max-image-preview:large, max-video-preview:-1\" \/>\n<link rel=\"canonical\" href=\"https:\/\/lequotidien.mr\/?p=29343&lang=fr\" \/>\n<meta property=\"og:locale\" content=\"ar_AR\" \/>\n<meta property=\"og:type\" content=\"article\" \/>\n<meta property=\"og:title\" content=\"Troisi\u00e8me Forum Mondial des M\u00e9dias de Choucha : L\u2019Azerba\u00efdjan place l\u2019IA et la r\u00e9silience m\u00e9diatique au c\u0153ur du d\u00e9bat - Le Quotidien de Nouakchott\" \/>\n<meta property=\"og:description\" content=\"Sous le haut patronage du Pr\u00e9sident de la R\u00e9publique d\u2019Azerba\u00efdjan,\u00a0M. Ilham Aliyev, le\u00a03\u1d49 Forum Mondial des M\u00e9dias de Choucha\u00a0a ouvert ses portes hier, r\u00e9unissant des dizaines de dirigeants m\u00e9diatiques, agences de presse internationales et experts en communication autour du th\u00e8me :\u00a0\u00ab Transitions num\u00e9riques: renforcer la r\u00e9silience de l&#8217;information et des m\u00e9dias \u00e0 l\u2019\u00e8re de l\u2019intelligence.....\" \/>\n<meta property=\"og:url\" content=\"https:\/\/lequotidien.mr\/?p=29343&amp;lang=fr\" \/>\n<meta property=\"og:site_name\" content=\"Le Quotidien de Nouakchott\" \/>\n<meta property=\"article:publisher\" content=\"https:\/\/web.facebook.com\/lequotidienmr\" \/>\n<meta property=\"article:published_time\" content=\"2025-07-20T11:47:04+00:00\" \/>\n<meta property=\"og:image\" content=\"https:\/\/lequotidien.mr\/wp-content\/uploads\/2025\/07\/photo-forum-Choucha.jpeg\" \/>\n\t<meta property=\"og:image:width\" content=\"640\" \/>\n\t<meta property=\"og:image:height\" content=\"403\" \/>\n\t<meta property=\"og:image:type\" content=\"image\/jpeg\" \/>\n<meta name=\"author\" content=\"Med Ahmed\" \/>\n<meta name=\"twitter:card\" content=\"summary_large_image\" \/>\n<meta name=\"twitter:creator\" content=\"@lequotidienmr\" \/>\n<meta name=\"twitter:site\" content=\"@lequotidienmr\" \/>\n<meta name=\"twitter:label1\" content=\"\u0643\u064f\u062a\u0628 \u0628\u0648\u0627\u0633\u0637\u0629\" \/>\n\t<meta name=\"twitter:data1\" content=\"Med Ahmed\" \/>\n\t<meta name=\"twitter:label2\" content=\"\u0648\u0642\u062a \u0627\u0644\u0642\u0631\u0627\u0621\u0629 \u0627\u0644\u0645\u064f\u0642\u062f\u0651\u0631\" \/>\n\t<meta name=\"twitter:data2\" content=\"3 \u062f\u0642\u0627\u0626\u0642\" \/>\n<script type=\"application\/ld+json\" class=\"yoast-schema-graph\">{\"@context\":\"https:\\\/\\\/schema.org\",\"@graph\":[{\"@type\":\"Article\",\"@id\":\"https:\\\/\\\/lequotidien.mr\\\/?p=29343&lang=fr#article\",\"isPartOf\":{\"@id\":\"https:\\\/\\\/lequotidien.mr\\\/?p=29343&lang=fr\"},\"author\":{\"name\":\"Med Ahmed\",\"@id\":\"https:\\\/\\\/lequotidien.mr\\\/#\\\/schema\\\/person\\\/d2d350202a4d599685ed8abc25f97596\"},\"headline\":\"Troisi\u00e8me Forum Mondial des M\u00e9dias de Choucha : L\u2019Azerba\u00efdjan place l\u2019IA et la r\u00e9silience m\u00e9diatique au c\u0153ur du d\u00e9bat\",\"datePublished\":\"2025-07-20T11:47:04+00:00\",\"mainEntityOfPage\":{\"@id\":\"https:\\\/\\\/lequotidien.mr\\\/?p=29343&lang=fr\"},\"wordCount\":472,\"commentCount\":0,\"publisher\":{\"@id\":\"https:\\\/\\\/lequotidien.mr\\\/#organization\"},\"image\":{\"@id\":\"https:\\\/\\\/lequotidien.mr\\\/?p=29343&lang=fr#primaryimage\"},\"thumbnailUrl\":\"https:\\\/\\\/lequotidien.mr\\\/wp-content\\\/uploads\\\/2025\\\/07\\\/photo-forum-Choucha.jpeg\",\"articleSection\":[\"ACTUALIT\u00c9\",\"Culture\"],\"inLanguage\":\"ar\",\"potentialAction\":[{\"@type\":\"CommentAction\",\"name\":\"Comment\",\"target\":[\"https:\\\/\\\/lequotidien.mr\\\/?p=29343&lang=fr#respond\"]}]},{\"@type\":\"WebPage\",\"@id\":\"https:\\\/\\\/lequotidien.mr\\\/?p=29343&lang=fr\",\"url\":\"https:\\\/\\\/lequotidien.mr\\\/?p=29343&lang=fr\",\"name\":\"Troisi\u00e8me Forum Mondial des M\u00e9dias de Choucha : L\u2019Azerba\u00efdjan place l\u2019IA et la r\u00e9silience m\u00e9diatique au c\u0153ur du d\u00e9bat - Le Quotidien de Nouakchott\",\"isPartOf\":{\"@id\":\"https:\\\/\\\/lequotidien.mr\\\/#website\"},\"primaryImageOfPage\":{\"@id\":\"https:\\\/\\\/lequotidien.mr\\\/?p=29343&lang=fr#primaryimage\"},\"image\":{\"@id\":\"https:\\\/\\\/lequotidien.mr\\\/?p=29343&lang=fr#primaryimage\"},\"thumbnailUrl\":\"https:\\\/\\\/lequotidien.mr\\\/wp-content\\\/uploads\\\/2025\\\/07\\\/photo-forum-Choucha.jpeg\",\"datePublished\":\"2025-07-20T11:47:04+00:00\",\"breadcrumb\":{\"@id\":\"https:\\\/\\\/lequotidien.mr\\\/?p=29343&lang=fr#breadcrumb\"},\"inLanguage\":\"ar\",\"potentialAction\":[{\"@type\":\"ReadAction\",\"target\":[\"https:\\\/\\\/lequotidien.mr\\\/?p=29343&lang=fr\"]}]},{\"@type\":\"ImageObject\",\"inLanguage\":\"ar\",\"@id\":\"https:\\\/\\\/lequotidien.mr\\\/?p=29343&lang=fr#primaryimage\",\"url\":\"https:\\\/\\\/lequotidien.mr\\\/wp-content\\\/uploads\\\/2025\\\/07\\\/photo-forum-Choucha.jpeg\",\"contentUrl\":\"https:\\\/\\\/lequotidien.mr\\\/wp-content\\\/uploads\\\/2025\\\/07\\\/photo-forum-Choucha.jpeg\",\"width\":640,\"height\":403},{\"@type\":\"BreadcrumbList\",\"@id\":\"https:\\\/\\\/lequotidien.mr\\\/?p=29343&lang=fr#breadcrumb\",\"itemListElement\":[{\"@type\":\"ListItem\",\"position\":1,\"name\":\"Home\",\"item\":\"https:\\\/\\\/lequotidien.mr\\\/\"},{\"@type\":\"ListItem\",\"position\":2,\"name\":\"Troisi\u00e8me Forum Mondial des M\u00e9dias de Choucha : L\u2019Azerba\u00efdjan place l\u2019IA et la r\u00e9silience m\u00e9diatique au c\u0153ur du d\u00e9bat\"}]},{\"@type\":\"WebSite\",\"@id\":\"https:\\\/\\\/lequotidien.mr\\\/#website\",\"url\":\"https:\\\/\\\/lequotidien.mr\\\/\",\"name\":\"Le Quotidien de Nouakchott\",\"description\":\"\u0625\u062e\u0628\u0627\u0631\u064a\u0629 \u0645\u0633\u062a\u0642\u0644\u0629 \u0644\u0644\u0623\u0646\u0628\u0627\u0621 \u0627\u0644\u0639\u0627\u0645\u0629\",\"publisher\":{\"@id\":\"https:\\\/\\\/lequotidien.mr\\\/#organization\"},\"potentialAction\":[{\"@type\":\"SearchAction\",\"target\":{\"@type\":\"EntryPoint\",\"urlTemplate\":\"https:\\\/\\\/lequotidien.mr\\\/?s={search_term_string}\"},\"query-input\":{\"@type\":\"PropertyValueSpecification\",\"valueRequired\":true,\"valueName\":\"search_term_string\"}}],\"inLanguage\":\"ar\"},{\"@type\":\"Organization\",\"@id\":\"https:\\\/\\\/lequotidien.mr\\\/#organization\",\"name\":\"Le Quotidien de Nouakchott\",\"url\":\"https:\\\/\\\/lequotidien.mr\\\/\",\"logo\":{\"@type\":\"ImageObject\",\"inLanguage\":\"ar\",\"@id\":\"https:\\\/\\\/lequotidien.mr\\\/#\\\/schema\\\/logo\\\/image\\\/\",\"url\":\"https:\\\/\\\/lequotidien.mr\\\/wp-content\\\/uploads\\\/2022\\\/11\\\/logolequotidien.jpg\",\"contentUrl\":\"https:\\\/\\\/lequotidien.mr\\\/wp-content\\\/uploads\\\/2022\\\/11\\\/logolequotidien.jpg\",\"width\":290,\"height\":65,\"caption\":\"Le Quotidien de Nouakchott\"},\"image\":{\"@id\":\"https:\\\/\\\/lequotidien.mr\\\/#\\\/schema\\\/logo\\\/image\\\/\"},\"sameAs\":[\"https:\\\/\\\/web.facebook.com\\\/lequotidienmr\",\"https:\\\/\\\/x.com\\\/lequotidienmr\"]},{\"@type\":\"Person\",\"@id\":\"https:\\\/\\\/lequotidien.mr\\\/#\\\/schema\\\/person\\\/d2d350202a4d599685ed8abc25f97596\",\"name\":\"Med Ahmed\",\"image\":{\"@type\":\"ImageObject\",\"inLanguage\":\"ar\",\"@id\":\"https:\\\/\\\/secure.gravatar.com\\\/avatar\\\/fd2acc62ed50732923d1d39c17172c9b04149f142be92310ecc69e1358f94b52?s=96&d=mm&r=g\",\"url\":\"https:\\\/\\\/secure.gravatar.com\\\/avatar\\\/fd2acc62ed50732923d1d39c17172c9b04149f142be92310ecc69e1358f94b52?s=96&d=mm&r=g\",\"contentUrl\":\"https:\\\/\\\/secure.gravatar.com\\\/avatar\\\/fd2acc62ed50732923d1d39c17172c9b04149f142be92310ecc69e1358f94b52?s=96&d=mm&r=g\",\"caption\":\"Med Ahmed\"},\"url\":\"https:\\\/\\\/lequotidien.mr\\\/?author=12\"}]}<\/script>\n<!-- \/ Yoast SEO plugin. -->","yoast_head_json":{"title":"Troisi\u00e8me Forum Mondial des M\u00e9dias de Choucha : L\u2019Azerba\u00efdjan place l\u2019IA et la r\u00e9silience m\u00e9diatique au c\u0153ur du d\u00e9bat - Le Quotidien de Nouakchott","robots":{"index":"index","follow":"follow","max-snippet":"max-snippet:-1","max-image-preview":"max-image-preview:large","max-video-preview":"max-video-preview:-1"},"canonical":"https:\/\/lequotidien.mr\/?p=29343&lang=fr","og_locale":"ar_AR","og_type":"article","og_title":"Troisi\u00e8me Forum Mondial des M\u00e9dias de Choucha : L\u2019Azerba\u00efdjan place l\u2019IA et la r\u00e9silience m\u00e9diatique au c\u0153ur du d\u00e9bat - Le Quotidien de Nouakchott","og_description":"Sous le haut patronage du Pr\u00e9sident de la R\u00e9publique d\u2019Azerba\u00efdjan,\u00a0M. Ilham Aliyev, le\u00a03\u1d49 Forum Mondial des M\u00e9dias de Choucha\u00a0a ouvert ses portes hier, r\u00e9unissant des dizaines de dirigeants m\u00e9diatiques, agences de presse internationales et experts en communication autour du th\u00e8me :\u00a0\u00ab Transitions num\u00e9riques: renforcer la r\u00e9silience de l&#8217;information et des m\u00e9dias \u00e0 l\u2019\u00e8re de l\u2019intelligence.....","og_url":"https:\/\/lequotidien.mr\/?p=29343&lang=fr","og_site_name":"Le Quotidien de Nouakchott","article_publisher":"https:\/\/web.facebook.com\/lequotidienmr","article_published_time":"2025-07-20T11:47:04+00:00","og_image":[{"width":640,"height":403,"url":"https:\/\/lequotidien.mr\/wp-content\/uploads\/2025\/07\/photo-forum-Choucha.jpeg","type":"image\/jpeg"}],"author":"Med Ahmed","twitter_card":"summary_large_image","twitter_creator":"@lequotidienmr","twitter_site":"@lequotidienmr","twitter_misc":{"\u0643\u064f\u062a\u0628 \u0628\u0648\u0627\u0633\u0637\u0629":"Med Ahmed","\u0648\u0642\u062a \u0627\u0644\u0642\u0631\u0627\u0621\u0629 \u0627\u0644\u0645\u064f\u0642\u062f\u0651\u0631":"3 \u062f\u0642\u0627\u0626\u0642"},"schema":{"@context":"https:\/\/schema.org","@graph":[{"@type":"Article","@id":"https:\/\/lequotidien.mr\/?p=29343&lang=fr#article","isPartOf":{"@id":"https:\/\/lequotidien.mr\/?p=29343&lang=fr"},"author":{"name":"Med Ahmed","@id":"https:\/\/lequotidien.mr\/#\/schema\/person\/d2d350202a4d599685ed8abc25f97596"},"headline":"Troisi\u00e8me Forum Mondial des M\u00e9dias de Choucha : L\u2019Azerba\u00efdjan place l\u2019IA et la r\u00e9silience m\u00e9diatique au c\u0153ur du d\u00e9bat","datePublished":"2025-07-20T11:47:04+00:00","mainEntityOfPage":{"@id":"https:\/\/lequotidien.mr\/?p=29343&lang=fr"},"wordCount":472,"commentCount":0,"publisher":{"@id":"https:\/\/lequotidien.mr\/#organization"},"image":{"@id":"https:\/\/lequotidien.mr\/?p=29343&lang=fr#primaryimage"},"thumbnailUrl":"https:\/\/lequotidien.mr\/wp-content\/uploads\/2025\/07\/photo-forum-Choucha.jpeg","articleSection":["ACTUALIT\u00c9","Culture"],"inLanguage":"ar","potentialAction":[{"@type":"CommentAction","name":"Comment","target":["https:\/\/lequotidien.mr\/?p=29343&lang=fr#respond"]}]},{"@type":"WebPage","@id":"https:\/\/lequotidien.mr\/?p=29343&lang=fr","url":"https:\/\/lequotidien.mr\/?p=29343&lang=fr","name":"Troisi\u00e8me Forum Mondial des M\u00e9dias de Choucha : L\u2019Azerba\u00efdjan place l\u2019IA et la r\u00e9silience m\u00e9diatique au c\u0153ur du d\u00e9bat - Le Quotidien de Nouakchott","isPartOf":{"@id":"https:\/\/lequotidien.mr\/#website"},"primaryImageOfPage":{"@id":"https:\/\/lequotidien.mr\/?p=29343&lang=fr#primaryimage"},"image":{"@id":"https:\/\/lequotidien.mr\/?p=29343&lang=fr#primaryimage"},"thumbnailUrl":"https:\/\/lequotidien.mr\/wp-content\/uploads\/2025\/07\/photo-forum-Choucha.jpeg","datePublished":"2025-07-20T11:47:04+00:00","breadcrumb":{"@id":"https:\/\/lequotidien.mr\/?p=29343&lang=fr#breadcrumb"},"inLanguage":"ar","potentialAction":[{"@type":"ReadAction","target":["https:\/\/lequotidien.mr\/?p=29343&lang=fr"]}]},{"@type":"ImageObject","inLanguage":"ar","@id":"https:\/\/lequotidien.mr\/?p=29343&lang=fr#primaryimage","url":"https:\/\/lequotidien.mr\/wp-content\/uploads\/2025\/07\/photo-forum-Choucha.jpeg","contentUrl":"https:\/\/lequotidien.mr\/wp-content\/uploads\/2025\/07\/photo-forum-Choucha.jpeg","width":640,"height":403},{"@type":"BreadcrumbList","@id":"https:\/\/lequotidien.mr\/?p=29343&lang=fr#breadcrumb","itemListElement":[{"@type":"ListItem","position":1,"name":"Home","item":"https:\/\/lequotidien.mr\/"},{"@type":"ListItem","position":2,"name":"Troisi\u00e8me Forum Mondial des M\u00e9dias de Choucha : L\u2019Azerba\u00efdjan place l\u2019IA et la r\u00e9silience m\u00e9diatique au c\u0153ur du d\u00e9bat"}]},{"@type":"WebSite","@id":"https:\/\/lequotidien.mr\/#website","url":"https:\/\/lequotidien.mr\/","name":"Le Quotidien de Nouakchott","description":"\u0625\u062e\u0628\u0627\u0631\u064a\u0629 \u0645\u0633\u062a\u0642\u0644\u0629 \u0644\u0644\u0623\u0646\u0628\u0627\u0621 \u0627\u0644\u0639\u0627\u0645\u0629","publisher":{"@id":"https:\/\/lequotidien.mr\/#organization"},"potentialAction":[{"@type":"SearchAction","target":{"@type":"EntryPoint","urlTemplate":"https:\/\/lequotidien.mr\/?s={search_term_string}"},"query-input":{"@type":"PropertyValueSpecification","valueRequired":true,"valueName":"search_term_string"}}],"inLanguage":"ar"},{"@type":"Organization","@id":"https:\/\/lequotidien.mr\/#organization","name":"Le Quotidien de Nouakchott","url":"https:\/\/lequotidien.mr\/","logo":{"@type":"ImageObject","inLanguage":"ar","@id":"https:\/\/lequotidien.mr\/#\/schema\/logo\/image\/","url":"https:\/\/lequotidien.mr\/wp-content\/uploads\/2022\/11\/logolequotidien.jpg","contentUrl":"https:\/\/lequotidien.mr\/wp-content\/uploads\/2022\/11\/logolequotidien.jpg","width":290,"height":65,"caption":"Le Quotidien de Nouakchott"},"image":{"@id":"https:\/\/lequotidien.mr\/#\/schema\/logo\/image\/"},"sameAs":["https:\/\/web.facebook.com\/lequotidienmr","https:\/\/x.com\/lequotidienmr"]},{"@type":"Person","@id":"https:\/\/lequotidien.mr\/#\/schema\/person\/d2d350202a4d599685ed8abc25f97596","name":"Med Ahmed","image":{"@type":"ImageObject","inLanguage":"ar","@id":"https:\/\/secure.gravatar.com\/avatar\/fd2acc62ed50732923d1d39c17172c9b04149f142be92310ecc69e1358f94b52?s=96&d=mm&r=g","url":"https:\/\/secure.gravatar.com\/avatar\/fd2acc62ed50732923d1d39c17172c9b04149f142be92310ecc69e1358f94b52?s=96&d=mm&r=g","contentUrl":"https:\/\/secure.gravatar.com\/avatar\/fd2acc62ed50732923d1d39c17172c9b04149f142be92310ecc69e1358f94b52?s=96&d=mm&r=g","caption":"Med Ahmed"},"url":"https:\/\/lequotidien.mr\/?author=12"}]}},"_links":{"self":[{"href":"https:\/\/lequotidien.mr\/index.php?rest_route=\/wp\/v2\/posts\/29343","targetHints":{"allow":["GET"]}}],"collection":[{"href":"https:\/\/lequotidien.mr\/index.php?rest_route=\/wp\/v2\/posts"}],"about":[{"href":"https:\/\/lequotidien.mr\/index.php?rest_route=\/wp\/v2\/types\/post"}],"author":[{"embeddable":true,"href":"https:\/\/lequotidien.mr\/index.php?rest_route=\/wp\/v2\/users\/12"}],"replies":[{"embeddable":true,"href":"https:\/\/lequotidien.mr\/index.php?rest_route=%2Fwp%2Fv2%2Fcomments&post=29343"}],"version-history":[{"count":1,"href":"https:\/\/lequotidien.mr\/index.php?rest_route=\/wp\/v2\/posts\/29343\/revisions"}],"predecessor-version":[{"id":29345,"href":"https:\/\/lequotidien.mr\/index.php?rest_route=\/wp\/v2\/posts\/29343\/revisions\/29345"}],"wp:featuredmedia":[{"embeddable":true,"href":"https:\/\/lequotidien.mr\/index.php?rest_route=\/wp\/v2\/media\/29344"}],"wp:attachment":[{"href":"https:\/\/lequotidien.mr\/index.php?rest_route=%2Fwp%2Fv2%2Fmedia&parent=29343"}],"wp:term":[{"taxonomy":"category","embeddable":true,"href":"https:\/\/lequotidien.mr\/index.php?rest_route=%2Fwp%2Fv2%2Fcategories&post=29343"},{"taxonomy":"post_tag","embeddable":true,"href":"https:\/\/lequotidien.mr\/index.php?rest_route=%2Fwp%2Fv2%2Ftags&post=29343"}],"curies":[{"name":"wp","href":"https:\/\/api.w.org\/{rel}","templated":true}]}}