{"id":29338,"date":"2025-07-20T11:06:05","date_gmt":"2025-07-20T11:06:05","guid":{"rendered":"https:\/\/lequotidien.mr\/?p=29338"},"modified":"2025-07-20T11:06:05","modified_gmt":"2025-07-20T11:06:05","slug":"signature-dun-memorandum-et-dun-protocole-de-cooperation-entre-lassemblee-nationale-et-lunion-des-conseils-de-loci","status":"publish","type":"post","link":"https:\/\/lequotidien.mr\/?p=29338&lang=fr","title":{"rendered":"Signature d\u2019un m\u00e9morandum et d\u2019un protocole de coop\u00e9ration entre l\u2019Assembl\u00e9e nationale et l\u2019Union des Conseils de l\u2019OCI"},"content":{"rendered":"<p>Le Pr\u00e9sident de l\u2019Assembl\u00e9e nationale, M. Mohamed Bemba Meguet, a re\u00e7u ce samedi au si\u00e8ge du Parlement mauritanien M. Mohamed Qoureichi Niass, Secr\u00e9taire g\u00e9n\u00e9ral de l\u2019Union des Conseils des \u00c9tats membres de l\u2019Organisation de la Coop\u00e9ration Islamique (OCI). Cette rencontre diplomatique de haut niveau a abouti \u00e0 la\u00a0<strong>signature d\u2019un m\u00e9morandum d\u2019entente et d\u2019un protocole de coop\u00e9ration<\/strong>\u00a0scellant un nouveau cadre de collaboration institutionnelle.<\/p>\n<p>Le m\u00e9morandum sign\u00e9 pr\u00e9voit des actions concr\u00e8tes, dont :<\/p>\n<p><strong>-L\u2019organisation de la 55\u1d49 session du Comit\u00e9 ex\u00e9cutif de l\u2019Union<\/strong>\u00a0\u00e0 Nouakchott, en f\u00e9vrier 2026 ;<\/p>\n<p><strong>-La mise en place de mesures op\u00e9rationnelles pour garantir le succ\u00e8s de cet \u00e9v\u00e9nement international<\/strong> ;<\/p>\n<p><strong>-Le renforcement des \u00e9changes techniques et l\u00e9gislatifs entre les institutions parlementaires des \u00c9tats membres.<\/strong><\/p>\n<p>\u00c0 l\u2019issue de la c\u00e9r\u00e9monie de signature, les deux d\u00e9l\u00e9gations se sont rendues au si\u00e8ge de la\u00a0Cha\u00eene parlementaire mauritanienne. M. Meguet et M. Niass ont d\u00e9couvert le r\u00f4le cl\u00e9 de cette plateforme m\u00e9diatique dans : la d\u00e9mocratisation et la simplification du travail l\u00e9gislatif ; a transparence des d\u00e9bats parlementaires ; et la m\u00e9diation entre l\u2019institution et les citoyens.<\/p>\n<p>Le Secr\u00e9taire g\u00e9n\u00e9ral de l\u2019Union a salu\u00e9 <em>&#8220;<strong>l\u2019accueil chaleureux et l\u2019organisation impeccable<\/strong>&#8220;<\/em> r\u00e9serv\u00e9s par l\u2019Assembl\u00e9e nationale et son Pr\u00e9sident. Il a insist\u00e9 sur :<\/p>\n<p><em>&#8220;La n\u00e9cessit\u00e9 d\u2019une coordination et d\u2019une consultation permanentes pour assurer le succ\u00e8s de la prochaine session ex\u00e9cutive \u00e0 Nouakchott.&#8221;<\/em><\/p>\n<p>Cette rencontre marque une\u00a0avanc\u00e9e majeure pour la diplomatie parlementaire mauritanienne, confirmant le r\u00f4le actif du pays au sein des instances islamiques. L\u2019accueil de la 55\u1d49 session du Comit\u00e9 ex\u00e9cutif en 2026 positionnera Nouakchott comme un hub du dialogue l\u00e9gislatif islamique, renfor\u00e7ant l\u2019influence r\u00e9gionale de la Mauritanie.<\/p>\n","protected":false},"excerpt":{"rendered":"<p>Le Pr\u00e9sident de l\u2019Assembl\u00e9e nationale, M. Mohamed Bemba Meguet, a re\u00e7u ce samedi au si\u00e8ge du Parlement mauritanien M. Mohamed Qoureichi Niass, Secr\u00e9taire g\u00e9n\u00e9ral de l\u2019Union des Conseils des \u00c9tats membres de l\u2019Organisation de la Coop\u00e9ration Islamique (OCI). Cette rencontre diplomatique de haut niveau a abouti \u00e0 la\u00a0signature d\u2019un m\u00e9morandum d\u2019entente et d\u2019un protocole de&#8230;..<\/p>\n","protected":false},"author":12,"featured_media":29339,"comment_status":"open","ping_status":"open","sticky":false,"template":"","format":"standard","meta":{"footnotes":""},"categories":[23,49],"tags":[],"class_list":["post-29338","post","type-post","status-publish","format-standard","has-post-thumbnail","hentry","category-actualite","category-economie"],"yoast_head":"<!-- This site is optimized with the Yoast SEO plugin v27.5 - https:\/\/yoast.com\/product\/yoast-seo-wordpress\/ -->\n<title>Signature d\u2019un m\u00e9morandum et d\u2019un protocole de coop\u00e9ration entre l\u2019Assembl\u00e9e nationale et l\u2019Union des Conseils de l\u2019OCI - Le Quotidien de Nouakchott<\/title>\n<meta name=\"robots\" content=\"index, follow, max-snippet:-1, max-image-preview:large, max-video-preview:-1\" \/>\n<link rel=\"canonical\" href=\"https:\/\/lequotidien.mr\/?p=29338&lang=fr\" \/>\n<meta property=\"og:locale\" content=\"ar_AR\" \/>\n<meta property=\"og:type\" content=\"article\" \/>\n<meta property=\"og:title\" content=\"Signature d\u2019un m\u00e9morandum et d\u2019un protocole de coop\u00e9ration entre l\u2019Assembl\u00e9e nationale et l\u2019Union des Conseils de l\u2019OCI - Le Quotidien de Nouakchott\" \/>\n<meta property=\"og:description\" content=\"Le Pr\u00e9sident de l\u2019Assembl\u00e9e nationale, M. Mohamed Bemba Meguet, a re\u00e7u ce samedi au si\u00e8ge du Parlement mauritanien M. Mohamed Qoureichi Niass, Secr\u00e9taire g\u00e9n\u00e9ral de l\u2019Union des Conseils des \u00c9tats membres de l\u2019Organisation de la Coop\u00e9ration Islamique (OCI). Cette rencontre diplomatique de haut niveau a abouti \u00e0 la\u00a0signature d\u2019un m\u00e9morandum d\u2019entente et d\u2019un protocole de.....\" \/>\n<meta property=\"og:url\" content=\"https:\/\/lequotidien.mr\/?p=29338&amp;lang=fr\" \/>\n<meta property=\"og:site_name\" content=\"Le Quotidien de Nouakchott\" \/>\n<meta property=\"article:publisher\" content=\"https:\/\/web.facebook.com\/lequotidienmr\" \/>\n<meta property=\"article:published_time\" content=\"2025-07-20T11:06:05+00:00\" \/>\n<meta property=\"og:image\" content=\"https:\/\/lequotidien.mr\/wp-content\/uploads\/2025\/07\/photo-memorandu-_-AN-OCI.jpg\" \/>\n\t<meta property=\"og:image:width\" content=\"750\" \/>\n\t<meta property=\"og:image:height\" content=\"430\" \/>\n\t<meta property=\"og:image:type\" content=\"image\/jpeg\" \/>\n<meta name=\"author\" content=\"Med Ahmed\" \/>\n<meta name=\"twitter:card\" content=\"summary_large_image\" \/>\n<meta name=\"twitter:creator\" content=\"@lequotidienmr\" \/>\n<meta name=\"twitter:site\" content=\"@lequotidienmr\" \/>\n<meta name=\"twitter:label1\" content=\"\u0643\u064f\u062a\u0628 \u0628\u0648\u0627\u0633\u0637\u0629\" \/>\n\t<meta name=\"twitter:data1\" content=\"Med Ahmed\" \/>\n\t<meta name=\"twitter:label2\" content=\"\u0648\u0642\u062a \u0627\u0644\u0642\u0631\u0627\u0621\u0629 \u0627\u0644\u0645\u064f\u0642\u062f\u0651\u0631\" \/>\n\t<meta name=\"twitter:data2\" content=\"3 \u062f\u0642\u0627\u0626\u0642\" \/>\n<script type=\"application\/ld+json\" class=\"yoast-schema-graph\">{\"@context\":\"https:\\\/\\\/schema.org\",\"@graph\":[{\"@type\":\"Article\",\"@id\":\"https:\\\/\\\/lequotidien.mr\\\/?p=29338&lang=fr#article\",\"isPartOf\":{\"@id\":\"https:\\\/\\\/lequotidien.mr\\\/?p=29338&lang=fr\"},\"author\":{\"name\":\"Med Ahmed\",\"@id\":\"https:\\\/\\\/lequotidien.mr\\\/#\\\/schema\\\/person\\\/d2d350202a4d599685ed8abc25f97596\"},\"headline\":\"Signature d\u2019un m\u00e9morandum et d\u2019un protocole de coop\u00e9ration entre l\u2019Assembl\u00e9e nationale et l\u2019Union des Conseils de l\u2019OCI\",\"datePublished\":\"2025-07-20T11:06:05+00:00\",\"mainEntityOfPage\":{\"@id\":\"https:\\\/\\\/lequotidien.mr\\\/?p=29338&lang=fr\"},\"wordCount\":344,\"commentCount\":0,\"publisher\":{\"@id\":\"https:\\\/\\\/lequotidien.mr\\\/#organization\"},\"image\":{\"@id\":\"https:\\\/\\\/lequotidien.mr\\\/?p=29338&lang=fr#primaryimage\"},\"thumbnailUrl\":\"https:\\\/\\\/lequotidien.mr\\\/wp-content\\\/uploads\\\/2025\\\/07\\\/photo-memorandu-_-AN-OCI.jpg\",\"articleSection\":[\"ACTUALIT\u00c9\",\"Economie\"],\"inLanguage\":\"ar\",\"potentialAction\":[{\"@type\":\"CommentAction\",\"name\":\"Comment\",\"target\":[\"https:\\\/\\\/lequotidien.mr\\\/?p=29338&lang=fr#respond\"]}]},{\"@type\":\"WebPage\",\"@id\":\"https:\\\/\\\/lequotidien.mr\\\/?p=29338&lang=fr\",\"url\":\"https:\\\/\\\/lequotidien.mr\\\/?p=29338&lang=fr\",\"name\":\"Signature d\u2019un m\u00e9morandum et d\u2019un protocole de coop\u00e9ration entre l\u2019Assembl\u00e9e nationale et l\u2019Union des Conseils de l\u2019OCI - Le Quotidien de Nouakchott\",\"isPartOf\":{\"@id\":\"https:\\\/\\\/lequotidien.mr\\\/#website\"},\"primaryImageOfPage\":{\"@id\":\"https:\\\/\\\/lequotidien.mr\\\/?p=29338&lang=fr#primaryimage\"},\"image\":{\"@id\":\"https:\\\/\\\/lequotidien.mr\\\/?p=29338&lang=fr#primaryimage\"},\"thumbnailUrl\":\"https:\\\/\\\/lequotidien.mr\\\/wp-content\\\/uploads\\\/2025\\\/07\\\/photo-memorandu-_-AN-OCI.jpg\",\"datePublished\":\"2025-07-20T11:06:05+00:00\",\"breadcrumb\":{\"@id\":\"https:\\\/\\\/lequotidien.mr\\\/?p=29338&lang=fr#breadcrumb\"},\"inLanguage\":\"ar\",\"potentialAction\":[{\"@type\":\"ReadAction\",\"target\":[\"https:\\\/\\\/lequotidien.mr\\\/?p=29338&lang=fr\"]}]},{\"@type\":\"ImageObject\",\"inLanguage\":\"ar\",\"@id\":\"https:\\\/\\\/lequotidien.mr\\\/?p=29338&lang=fr#primaryimage\",\"url\":\"https:\\\/\\\/lequotidien.mr\\\/wp-content\\\/uploads\\\/2025\\\/07\\\/photo-memorandu-_-AN-OCI.jpg\",\"contentUrl\":\"https:\\\/\\\/lequotidien.mr\\\/wp-content\\\/uploads\\\/2025\\\/07\\\/photo-memorandu-_-AN-OCI.jpg\",\"width\":750,\"height\":430},{\"@type\":\"BreadcrumbList\",\"@id\":\"https:\\\/\\\/lequotidien.mr\\\/?p=29338&lang=fr#breadcrumb\",\"itemListElement\":[{\"@type\":\"ListItem\",\"position\":1,\"name\":\"Home\",\"item\":\"https:\\\/\\\/lequotidien.mr\\\/\"},{\"@type\":\"ListItem\",\"position\":2,\"name\":\"Signature d\u2019un m\u00e9morandum et d\u2019un protocole de coop\u00e9ration entre l\u2019Assembl\u00e9e nationale et l\u2019Union des Conseils de l\u2019OCI\"}]},{\"@type\":\"WebSite\",\"@id\":\"https:\\\/\\\/lequotidien.mr\\\/#website\",\"url\":\"https:\\\/\\\/lequotidien.mr\\\/\",\"name\":\"Le Quotidien de Nouakchott\",\"description\":\"\u0625\u062e\u0628\u0627\u0631\u064a\u0629 \u0645\u0633\u062a\u0642\u0644\u0629 \u0644\u0644\u0623\u0646\u0628\u0627\u0621 \u0627\u0644\u0639\u0627\u0645\u0629\",\"publisher\":{\"@id\":\"https:\\\/\\\/lequotidien.mr\\\/#organization\"},\"potentialAction\":[{\"@type\":\"SearchAction\",\"target\":{\"@type\":\"EntryPoint\",\"urlTemplate\":\"https:\\\/\\\/lequotidien.mr\\\/?s={search_term_string}\"},\"query-input\":{\"@type\":\"PropertyValueSpecification\",\"valueRequired\":true,\"valueName\":\"search_term_string\"}}],\"inLanguage\":\"ar\"},{\"@type\":\"Organization\",\"@id\":\"https:\\\/\\\/lequotidien.mr\\\/#organization\",\"name\":\"Le Quotidien de Nouakchott\",\"url\":\"https:\\\/\\\/lequotidien.mr\\\/\",\"logo\":{\"@type\":\"ImageObject\",\"inLanguage\":\"ar\",\"@id\":\"https:\\\/\\\/lequotidien.mr\\\/#\\\/schema\\\/logo\\\/image\\\/\",\"url\":\"https:\\\/\\\/lequotidien.mr\\\/wp-content\\\/uploads\\\/2022\\\/11\\\/logolequotidien.jpg\",\"contentUrl\":\"https:\\\/\\\/lequotidien.mr\\\/wp-content\\\/uploads\\\/2022\\\/11\\\/logolequotidien.jpg\",\"width\":290,\"height\":65,\"caption\":\"Le Quotidien de Nouakchott\"},\"image\":{\"@id\":\"https:\\\/\\\/lequotidien.mr\\\/#\\\/schema\\\/logo\\\/image\\\/\"},\"sameAs\":[\"https:\\\/\\\/web.facebook.com\\\/lequotidienmr\",\"https:\\\/\\\/x.com\\\/lequotidienmr\"]},{\"@type\":\"Person\",\"@id\":\"https:\\\/\\\/lequotidien.mr\\\/#\\\/schema\\\/person\\\/d2d350202a4d599685ed8abc25f97596\",\"name\":\"Med Ahmed\",\"image\":{\"@type\":\"ImageObject\",\"inLanguage\":\"ar\",\"@id\":\"https:\\\/\\\/secure.gravatar.com\\\/avatar\\\/fd2acc62ed50732923d1d39c17172c9b04149f142be92310ecc69e1358f94b52?s=96&d=mm&r=g\",\"url\":\"https:\\\/\\\/secure.gravatar.com\\\/avatar\\\/fd2acc62ed50732923d1d39c17172c9b04149f142be92310ecc69e1358f94b52?s=96&d=mm&r=g\",\"contentUrl\":\"https:\\\/\\\/secure.gravatar.com\\\/avatar\\\/fd2acc62ed50732923d1d39c17172c9b04149f142be92310ecc69e1358f94b52?s=96&d=mm&r=g\",\"caption\":\"Med Ahmed\"},\"url\":\"https:\\\/\\\/lequotidien.mr\\\/?author=12\"}]}<\/script>\n<!-- \/ Yoast SEO plugin. -->","yoast_head_json":{"title":"Signature d\u2019un m\u00e9morandum et d\u2019un protocole de coop\u00e9ration entre l\u2019Assembl\u00e9e nationale et l\u2019Union des Conseils de l\u2019OCI - Le Quotidien de Nouakchott","robots":{"index":"index","follow":"follow","max-snippet":"max-snippet:-1","max-image-preview":"max-image-preview:large","max-video-preview":"max-video-preview:-1"},"canonical":"https:\/\/lequotidien.mr\/?p=29338&lang=fr","og_locale":"ar_AR","og_type":"article","og_title":"Signature d\u2019un m\u00e9morandum et d\u2019un protocole de coop\u00e9ration entre l\u2019Assembl\u00e9e nationale et l\u2019Union des Conseils de l\u2019OCI - Le Quotidien de Nouakchott","og_description":"Le Pr\u00e9sident de l\u2019Assembl\u00e9e nationale, M. Mohamed Bemba Meguet, a re\u00e7u ce samedi au si\u00e8ge du Parlement mauritanien M. Mohamed Qoureichi Niass, Secr\u00e9taire g\u00e9n\u00e9ral de l\u2019Union des Conseils des \u00c9tats membres de l\u2019Organisation de la Coop\u00e9ration Islamique (OCI). Cette rencontre diplomatique de haut niveau a abouti \u00e0 la\u00a0signature d\u2019un m\u00e9morandum d\u2019entente et d\u2019un protocole de.....","og_url":"https:\/\/lequotidien.mr\/?p=29338&lang=fr","og_site_name":"Le Quotidien de Nouakchott","article_publisher":"https:\/\/web.facebook.com\/lequotidienmr","article_published_time":"2025-07-20T11:06:05+00:00","og_image":[{"width":750,"height":430,"url":"https:\/\/lequotidien.mr\/wp-content\/uploads\/2025\/07\/photo-memorandu-_-AN-OCI.jpg","type":"image\/jpeg"}],"author":"Med Ahmed","twitter_card":"summary_large_image","twitter_creator":"@lequotidienmr","twitter_site":"@lequotidienmr","twitter_misc":{"\u0643\u064f\u062a\u0628 \u0628\u0648\u0627\u0633\u0637\u0629":"Med Ahmed","\u0648\u0642\u062a \u0627\u0644\u0642\u0631\u0627\u0621\u0629 \u0627\u0644\u0645\u064f\u0642\u062f\u0651\u0631":"3 \u062f\u0642\u0627\u0626\u0642"},"schema":{"@context":"https:\/\/schema.org","@graph":[{"@type":"Article","@id":"https:\/\/lequotidien.mr\/?p=29338&lang=fr#article","isPartOf":{"@id":"https:\/\/lequotidien.mr\/?p=29338&lang=fr"},"author":{"name":"Med Ahmed","@id":"https:\/\/lequotidien.mr\/#\/schema\/person\/d2d350202a4d599685ed8abc25f97596"},"headline":"Signature d\u2019un m\u00e9morandum et d\u2019un protocole de coop\u00e9ration entre l\u2019Assembl\u00e9e nationale et l\u2019Union des Conseils de l\u2019OCI","datePublished":"2025-07-20T11:06:05+00:00","mainEntityOfPage":{"@id":"https:\/\/lequotidien.mr\/?p=29338&lang=fr"},"wordCount":344,"commentCount":0,"publisher":{"@id":"https:\/\/lequotidien.mr\/#organization"},"image":{"@id":"https:\/\/lequotidien.mr\/?p=29338&lang=fr#primaryimage"},"thumbnailUrl":"https:\/\/lequotidien.mr\/wp-content\/uploads\/2025\/07\/photo-memorandu-_-AN-OCI.jpg","articleSection":["ACTUALIT\u00c9","Economie"],"inLanguage":"ar","potentialAction":[{"@type":"CommentAction","name":"Comment","target":["https:\/\/lequotidien.mr\/?p=29338&lang=fr#respond"]}]},{"@type":"WebPage","@id":"https:\/\/lequotidien.mr\/?p=29338&lang=fr","url":"https:\/\/lequotidien.mr\/?p=29338&lang=fr","name":"Signature d\u2019un m\u00e9morandum et d\u2019un protocole de coop\u00e9ration entre l\u2019Assembl\u00e9e nationale et l\u2019Union des Conseils de l\u2019OCI - Le Quotidien de Nouakchott","isPartOf":{"@id":"https:\/\/lequotidien.mr\/#website"},"primaryImageOfPage":{"@id":"https:\/\/lequotidien.mr\/?p=29338&lang=fr#primaryimage"},"image":{"@id":"https:\/\/lequotidien.mr\/?p=29338&lang=fr#primaryimage"},"thumbnailUrl":"https:\/\/lequotidien.mr\/wp-content\/uploads\/2025\/07\/photo-memorandu-_-AN-OCI.jpg","datePublished":"2025-07-20T11:06:05+00:00","breadcrumb":{"@id":"https:\/\/lequotidien.mr\/?p=29338&lang=fr#breadcrumb"},"inLanguage":"ar","potentialAction":[{"@type":"ReadAction","target":["https:\/\/lequotidien.mr\/?p=29338&lang=fr"]}]},{"@type":"ImageObject","inLanguage":"ar","@id":"https:\/\/lequotidien.mr\/?p=29338&lang=fr#primaryimage","url":"https:\/\/lequotidien.mr\/wp-content\/uploads\/2025\/07\/photo-memorandu-_-AN-OCI.jpg","contentUrl":"https:\/\/lequotidien.mr\/wp-content\/uploads\/2025\/07\/photo-memorandu-_-AN-OCI.jpg","width":750,"height":430},{"@type":"BreadcrumbList","@id":"https:\/\/lequotidien.mr\/?p=29338&lang=fr#breadcrumb","itemListElement":[{"@type":"ListItem","position":1,"name":"Home","item":"https:\/\/lequotidien.mr\/"},{"@type":"ListItem","position":2,"name":"Signature d\u2019un m\u00e9morandum et d\u2019un protocole de coop\u00e9ration entre l\u2019Assembl\u00e9e nationale et l\u2019Union des Conseils de l\u2019OCI"}]},{"@type":"WebSite","@id":"https:\/\/lequotidien.mr\/#website","url":"https:\/\/lequotidien.mr\/","name":"Le Quotidien de Nouakchott","description":"\u0625\u062e\u0628\u0627\u0631\u064a\u0629 \u0645\u0633\u062a\u0642\u0644\u0629 \u0644\u0644\u0623\u0646\u0628\u0627\u0621 \u0627\u0644\u0639\u0627\u0645\u0629","publisher":{"@id":"https:\/\/lequotidien.mr\/#organization"},"potentialAction":[{"@type":"SearchAction","target":{"@type":"EntryPoint","urlTemplate":"https:\/\/lequotidien.mr\/?s={search_term_string}"},"query-input":{"@type":"PropertyValueSpecification","valueRequired":true,"valueName":"search_term_string"}}],"inLanguage":"ar"},{"@type":"Organization","@id":"https:\/\/lequotidien.mr\/#organization","name":"Le Quotidien de Nouakchott","url":"https:\/\/lequotidien.mr\/","logo":{"@type":"ImageObject","inLanguage":"ar","@id":"https:\/\/lequotidien.mr\/#\/schema\/logo\/image\/","url":"https:\/\/lequotidien.mr\/wp-content\/uploads\/2022\/11\/logolequotidien.jpg","contentUrl":"https:\/\/lequotidien.mr\/wp-content\/uploads\/2022\/11\/logolequotidien.jpg","width":290,"height":65,"caption":"Le Quotidien de Nouakchott"},"image":{"@id":"https:\/\/lequotidien.mr\/#\/schema\/logo\/image\/"},"sameAs":["https:\/\/web.facebook.com\/lequotidienmr","https:\/\/x.com\/lequotidienmr"]},{"@type":"Person","@id":"https:\/\/lequotidien.mr\/#\/schema\/person\/d2d350202a4d599685ed8abc25f97596","name":"Med Ahmed","image":{"@type":"ImageObject","inLanguage":"ar","@id":"https:\/\/secure.gravatar.com\/avatar\/fd2acc62ed50732923d1d39c17172c9b04149f142be92310ecc69e1358f94b52?s=96&d=mm&r=g","url":"https:\/\/secure.gravatar.com\/avatar\/fd2acc62ed50732923d1d39c17172c9b04149f142be92310ecc69e1358f94b52?s=96&d=mm&r=g","contentUrl":"https:\/\/secure.gravatar.com\/avatar\/fd2acc62ed50732923d1d39c17172c9b04149f142be92310ecc69e1358f94b52?s=96&d=mm&r=g","caption":"Med Ahmed"},"url":"https:\/\/lequotidien.mr\/?author=12"}]}},"_links":{"self":[{"href":"https:\/\/lequotidien.mr\/index.php?rest_route=\/wp\/v2\/posts\/29338","targetHints":{"allow":["GET"]}}],"collection":[{"href":"https:\/\/lequotidien.mr\/index.php?rest_route=\/wp\/v2\/posts"}],"about":[{"href":"https:\/\/lequotidien.mr\/index.php?rest_route=\/wp\/v2\/types\/post"}],"author":[{"embeddable":true,"href":"https:\/\/lequotidien.mr\/index.php?rest_route=\/wp\/v2\/users\/12"}],"replies":[{"embeddable":true,"href":"https:\/\/lequotidien.mr\/index.php?rest_route=%2Fwp%2Fv2%2Fcomments&post=29338"}],"version-history":[{"count":1,"href":"https:\/\/lequotidien.mr\/index.php?rest_route=\/wp\/v2\/posts\/29338\/revisions"}],"predecessor-version":[{"id":29340,"href":"https:\/\/lequotidien.mr\/index.php?rest_route=\/wp\/v2\/posts\/29338\/revisions\/29340"}],"wp:featuredmedia":[{"embeddable":true,"href":"https:\/\/lequotidien.mr\/index.php?rest_route=\/wp\/v2\/media\/29339"}],"wp:attachment":[{"href":"https:\/\/lequotidien.mr\/index.php?rest_route=%2Fwp%2Fv2%2Fmedia&parent=29338"}],"wp:term":[{"taxonomy":"category","embeddable":true,"href":"https:\/\/lequotidien.mr\/index.php?rest_route=%2Fwp%2Fv2%2Fcategories&post=29338"},{"taxonomy":"post_tag","embeddable":true,"href":"https:\/\/lequotidien.mr\/index.php?rest_route=%2Fwp%2Fv2%2Ftags&post=29338"}],"curies":[{"name":"wp","href":"https:\/\/api.w.org\/{rel}","templated":true}]}}