{"id":29333,"date":"2025-07-20T10:41:56","date_gmt":"2025-07-20T10:41:56","guid":{"rendered":"https:\/\/lequotidien.mr\/?p=29333"},"modified":"2025-07-20T10:41:56","modified_gmt":"2025-07-20T10:41:56","slug":"reunion-presidentielle-le-president-el-ghazouani-salue-lequipe-derriere-lelection-eclatante-de-m-sidi-tah-a-la-tete-du-groupe-de-la-bad","status":"publish","type":"post","link":"https:\/\/lequotidien.mr\/?p=29333&lang=fr","title":{"rendered":"R\u00e9union pr\u00e9sidentielle : Le Pr\u00e9sident El Ghazouani salue l&#8217;\u00e9quipe derri\u00e8re l&#8217;\u00e9lection \u00e9clatante de M. Sidi Tah \u00e0 la t\u00eate du Groupe de la BAD"},"content":{"rendered":"<p>Le Pr\u00e9sident de la R\u00e9publique, Monsieur Mohamed Cheikh El Ghazouani, a pr\u00e9sid\u00e9, vendredi dernier, une r\u00e9union de haut niveau au Palais pr\u00e9sidentiel de Nouakchott. Cette s\u00e9ance \u00e9tait d\u00e9di\u00e9e aux membres de la direction de campagne ayant \u0153uvr\u00e9 pour l&#8217;\u00e9lection r\u00e9ussie de Monsieur Sidi Tah \u00e0 la pr\u00e9sidence du Groupe de la Banque Africaine de D\u00e9veloppement (BAD).<\/p>\n<p>La rencontre a rassembl\u00e9 autour du Chef de l&#8217;\u00c9tat les membres du\u00a0<strong>Haut Comit\u00e9 de pilotage<\/strong>, plac\u00e9 sous la pr\u00e9sidence du Premier Ministre, Monsieur El Moctar Djay, ainsi que des responsables cl\u00e9s de la\u00a0<strong>coordination de la campagne<\/strong>\u00a0du candidat mauritanien.<\/p>\n<p>D\u00e8s l&#8217;ouverture des travaux, le Pr\u00e9sident El Ghazouani a tenu \u00e0 exprimer ses vives f\u00e9licitations et sa profonde gratitude\u00a0envers toute l&#8217;\u00e9quipe de campagne. Il a chaleureusement salu\u00e9\u00a0<strong><em>&#8220;les efforts d\u00e9ploy\u00e9s&#8221;<\/em><\/strong><em>\u00a0et\u00a0<strong>&#8220;le r\u00f4le actif&#8221;<\/strong><\/em>\u00a0jou\u00e9 par chacun dans la r\u00e9alisation de ce qu&#8217;il a qualifi\u00e9 <em>d&#8217;<strong>&#8220;accomplissement diplomatique et \u00e9conomique majeur&#8221;<\/strong><\/em>. Le Pr\u00e9sident a soulign\u00e9 que cette victoire refl\u00e8te fid\u00e8lement<em>\u00a0<strong>&#8220;la position avanc\u00e9e que la Mauritanie a acquise sur la sc\u00e8ne continentale et internationale&#8221;<\/strong><\/em>\u00a0sous son leadership.<\/p>\n<p>L&#8217;\u00e9lection de Monsieur Sidi Tah \u00e0 ce\u00a0poste strat\u00e9gique de premier plan\u00a0au sein d&#8217;une des institutions financi\u00e8res et de d\u00e9veloppement les plus influentes d&#8217;Afrique est pr\u00e9sent\u00e9e comme le\u00a0couronnement de la diplomatie mauritanienne. Elle est per\u00e7ue comme l&#8217;aboutissement concret de la vision pr\u00e9sidentielle visant \u00e0 r\u00e9affirmer avec force la place et le r\u00f4le de la Mauritanie sur les sc\u00e8nes africaines, notamment au sein des grandes instances d\u00e9cisionnelles comme la BAD.<\/p>\n<p>Cette r\u00e9union du Palais pr\u00e9sidentiel souligne l&#8217;importance capitale que l&#8217;\u00c9tat mauritanien accorde \u00e0 ce succ\u00e8s diplomatique. Elle marque la reconnaissance officielle du travail acharn\u00e9 ayant conduit \u00e0 cette \u00e9lection historique, tout en r\u00e9affirmant l&#8217;ambition de Nouakchott de jouer un r\u00f4le central dans le d\u00e9veloppement et la gouvernance \u00e9conomique du continent africain. Le Pr\u00e9sident Ghazouani a ainsi clos la rencontre en r\u00e9it\u00e9rant ses encouragements pour la suite du mandat de Monsieur Sidi Tah, dont la fonction est appel\u00e9e \u00e0 b\u00e9n\u00e9ficier tant \u00e0 la Mauritanie qu&#8217;\u00e0 l&#8217;ensemble du continent.<\/p>\n<p>Ont assist\u00e9 \u00e0 la r\u00e9union les personnalit\u00e9s suivantes :<\/p>\n<p>\u2013 La Ministre Conseill\u00e8re \u00e0 la Pr\u00e9sidence de la R\u00e9publique, Madame A\u00efcheta Ba Yahya<\/p>\n<p>\u2013 Le Ministre des Affaires \u00e9trang\u00e8res, de la Coop\u00e9ration et des Mauritaniens de l\u2019Ext\u00e9rieur, Monsieur Mohamed Salem Ould Merzoug<\/p>\n<p>\u2013 Le Ministre des Affaires \u00e9conomiques et financi\u00e8res, Monsieur Sid\u2019Ahmed Ould Bouh<\/p>\n<p>\u2013 La Ministre de l\u2019Hydraulique et de l\u2019Assainissement, Madame Amal Mouloud<\/p>\n<p>\u2013 Monsieur Sidi Ould Tah, candidat mauritanien \u00e9lu \u00e0 la pr\u00e9sidence du Groupe de la Banque africaine de d\u00e9veloppement<\/p>\n<p>\u2013 Monsieur Cheikh Zeidane, Directeur de Cabinet du Premier Ministre<\/p>\n<p>\u2013 Monsieur Ahmed Bah, Conseiller \u00e0 la Pr\u00e9sidence de la R\u00e9publique<\/p>\n<p>\u2013 Madame Naha Mouknass<\/p>\n<p>\u2013 Monsieur Ball Mohamed Habib<\/p>\n<p>-Monsieur Ahmed Salem Ahmed<\/p>\n<p>\u2013 Monsieur Mohamed Abdellahi Khatra<\/p>\n<p>-Monsieur Sidya El Hadj<\/p>\n<p>-Madame Salka Yamar<\/p>\n<p>\u2013 Monsieur Nani Mohamed Salem<\/p>\n<p>\u2013 Monsieur Mamadou Sy<\/p>\n<p>\u2013 Madame A\u00efssata Lam<\/p>\n<p>\u2013 Monsieur Samba Camara<\/p>\n<p>-Monsieur Alassane Ba<\/p>\n<p>\u2013 Monsieur Khalidou Gadio<\/p>\n<p>\u2013 Monsieur El Ghassoum Wane<\/p>\n<p>-Monsieur Jemal Mohamed Taleb<\/p>\n<p>\u2013 Monsieur Serge Ak\u00e9, Pr\u00e9sident du Groupe de la Banque africaine de d\u00e9veloppement<\/p>\n<p>-Monsieur Frany Litter, Directeur Ex\u00e9cutif du Groupe SBI<\/p>\n<p>\u2013 Monsieur Thierry Hot<\/p>\n<p>\u2013 Monsieur Didi Akouet, Pr\u00e9sident du Groupe Africa SEARCH.<\/p>\n<p>&nbsp;<\/p>\n","protected":false},"excerpt":{"rendered":"<p>Le Pr\u00e9sident de la R\u00e9publique, Monsieur Mohamed Cheikh El Ghazouani, a pr\u00e9sid\u00e9, vendredi dernier, une r\u00e9union de haut niveau au Palais pr\u00e9sidentiel de Nouakchott. Cette s\u00e9ance \u00e9tait d\u00e9di\u00e9e aux membres de la direction de campagne ayant \u0153uvr\u00e9 pour l&#8217;\u00e9lection r\u00e9ussie de Monsieur Sidi Tah \u00e0 la pr\u00e9sidence du Groupe de la Banque Africaine de D\u00e9veloppement&#8230;..<\/p>\n","protected":false},"author":12,"featured_media":29334,"comment_status":"open","ping_status":"open","sticky":false,"template":"","format":"standard","meta":{"footnotes":""},"categories":[23,49],"tags":[],"class_list":["post-29333","post","type-post","status-publish","format-standard","has-post-thumbnail","hentry","category-actualite","category-economie"],"yoast_head":"<!-- This site is optimized with the Yoast SEO plugin v27.5 - https:\/\/yoast.com\/product\/yoast-seo-wordpress\/ -->\n<title>R\u00e9union pr\u00e9sidentielle : Le Pr\u00e9sident El Ghazouani salue l&#039;\u00e9quipe derri\u00e8re l&#039;\u00e9lection \u00e9clatante de M. Sidi Tah \u00e0 la t\u00eate du Groupe de la BAD - Le Quotidien de Nouakchott<\/title>\n<meta name=\"robots\" content=\"index, follow, max-snippet:-1, max-image-preview:large, max-video-preview:-1\" \/>\n<link rel=\"canonical\" href=\"https:\/\/lequotidien.mr\/?p=29333&lang=fr\" \/>\n<meta property=\"og:locale\" content=\"ar_AR\" \/>\n<meta property=\"og:type\" content=\"article\" \/>\n<meta property=\"og:title\" content=\"R\u00e9union pr\u00e9sidentielle : Le Pr\u00e9sident El Ghazouani salue l&#039;\u00e9quipe derri\u00e8re l&#039;\u00e9lection \u00e9clatante de M. Sidi Tah \u00e0 la t\u00eate du Groupe de la BAD - Le Quotidien de Nouakchott\" \/>\n<meta property=\"og:description\" content=\"Le Pr\u00e9sident de la R\u00e9publique, Monsieur Mohamed Cheikh El Ghazouani, a pr\u00e9sid\u00e9, vendredi dernier, une r\u00e9union de haut niveau au Palais pr\u00e9sidentiel de Nouakchott. Cette s\u00e9ance \u00e9tait d\u00e9di\u00e9e aux membres de la direction de campagne ayant \u0153uvr\u00e9 pour l&#8217;\u00e9lection r\u00e9ussie de Monsieur Sidi Tah \u00e0 la pr\u00e9sidence du Groupe de la Banque Africaine de D\u00e9veloppement.....\" \/>\n<meta property=\"og:url\" content=\"https:\/\/lequotidien.mr\/?p=29333&amp;lang=fr\" \/>\n<meta property=\"og:site_name\" content=\"Le Quotidien de Nouakchott\" \/>\n<meta property=\"article:publisher\" content=\"https:\/\/web.facebook.com\/lequotidienmr\" \/>\n<meta property=\"article:published_time\" content=\"2025-07-20T10:41:56+00:00\" \/>\n<meta property=\"og:image\" content=\"https:\/\/lequotidien.mr\/wp-content\/uploads\/2025\/07\/photo-campagne-_-BAD.jpg\" \/>\n\t<meta property=\"og:image:width\" content=\"750\" \/>\n\t<meta property=\"og:image:height\" content=\"361\" \/>\n\t<meta property=\"og:image:type\" content=\"image\/jpeg\" \/>\n<meta name=\"author\" content=\"Med Ahmed\" \/>\n<meta name=\"twitter:card\" content=\"summary_large_image\" \/>\n<meta name=\"twitter:creator\" content=\"@lequotidienmr\" \/>\n<meta name=\"twitter:site\" content=\"@lequotidienmr\" \/>\n<meta name=\"twitter:label1\" content=\"\u0643\u064f\u062a\u0628 \u0628\u0648\u0627\u0633\u0637\u0629\" \/>\n\t<meta name=\"twitter:data1\" content=\"Med Ahmed\" \/>\n\t<meta name=\"twitter:label2\" content=\"\u0648\u0642\u062a \u0627\u0644\u0642\u0631\u0627\u0621\u0629 \u0627\u0644\u0645\u064f\u0642\u062f\u0651\u0631\" \/>\n\t<meta name=\"twitter:data2\" content=\"4 \u062f\u0642\u0627\u0626\u0642\" \/>\n<script type=\"application\/ld+json\" class=\"yoast-schema-graph\">{\"@context\":\"https:\\\/\\\/schema.org\",\"@graph\":[{\"@type\":\"Article\",\"@id\":\"https:\\\/\\\/lequotidien.mr\\\/?p=29333&lang=fr#article\",\"isPartOf\":{\"@id\":\"https:\\\/\\\/lequotidien.mr\\\/?p=29333&lang=fr\"},\"author\":{\"name\":\"Med Ahmed\",\"@id\":\"https:\\\/\\\/lequotidien.mr\\\/#\\\/schema\\\/person\\\/d2d350202a4d599685ed8abc25f97596\"},\"headline\":\"R\u00e9union pr\u00e9sidentielle : Le Pr\u00e9sident El Ghazouani salue l&#8217;\u00e9quipe derri\u00e8re l&#8217;\u00e9lection \u00e9clatante de M. Sidi Tah \u00e0 la t\u00eate du Groupe de la BAD\",\"datePublished\":\"2025-07-20T10:41:56+00:00\",\"mainEntityOfPage\":{\"@id\":\"https:\\\/\\\/lequotidien.mr\\\/?p=29333&lang=fr\"},\"wordCount\":612,\"commentCount\":0,\"publisher\":{\"@id\":\"https:\\\/\\\/lequotidien.mr\\\/#organization\"},\"image\":{\"@id\":\"https:\\\/\\\/lequotidien.mr\\\/?p=29333&lang=fr#primaryimage\"},\"thumbnailUrl\":\"https:\\\/\\\/lequotidien.mr\\\/wp-content\\\/uploads\\\/2025\\\/07\\\/photo-campagne-_-BAD.jpg\",\"articleSection\":[\"ACTUALIT\u00c9\",\"Economie\"],\"inLanguage\":\"ar\",\"potentialAction\":[{\"@type\":\"CommentAction\",\"name\":\"Comment\",\"target\":[\"https:\\\/\\\/lequotidien.mr\\\/?p=29333&lang=fr#respond\"]}]},{\"@type\":\"WebPage\",\"@id\":\"https:\\\/\\\/lequotidien.mr\\\/?p=29333&lang=fr\",\"url\":\"https:\\\/\\\/lequotidien.mr\\\/?p=29333&lang=fr\",\"name\":\"R\u00e9union pr\u00e9sidentielle : Le Pr\u00e9sident El Ghazouani salue l'\u00e9quipe derri\u00e8re l'\u00e9lection \u00e9clatante de M. Sidi Tah \u00e0 la t\u00eate du Groupe de la BAD - Le Quotidien de Nouakchott\",\"isPartOf\":{\"@id\":\"https:\\\/\\\/lequotidien.mr\\\/#website\"},\"primaryImageOfPage\":{\"@id\":\"https:\\\/\\\/lequotidien.mr\\\/?p=29333&lang=fr#primaryimage\"},\"image\":{\"@id\":\"https:\\\/\\\/lequotidien.mr\\\/?p=29333&lang=fr#primaryimage\"},\"thumbnailUrl\":\"https:\\\/\\\/lequotidien.mr\\\/wp-content\\\/uploads\\\/2025\\\/07\\\/photo-campagne-_-BAD.jpg\",\"datePublished\":\"2025-07-20T10:41:56+00:00\",\"breadcrumb\":{\"@id\":\"https:\\\/\\\/lequotidien.mr\\\/?p=29333&lang=fr#breadcrumb\"},\"inLanguage\":\"ar\",\"potentialAction\":[{\"@type\":\"ReadAction\",\"target\":[\"https:\\\/\\\/lequotidien.mr\\\/?p=29333&lang=fr\"]}]},{\"@type\":\"ImageObject\",\"inLanguage\":\"ar\",\"@id\":\"https:\\\/\\\/lequotidien.mr\\\/?p=29333&lang=fr#primaryimage\",\"url\":\"https:\\\/\\\/lequotidien.mr\\\/wp-content\\\/uploads\\\/2025\\\/07\\\/photo-campagne-_-BAD.jpg\",\"contentUrl\":\"https:\\\/\\\/lequotidien.mr\\\/wp-content\\\/uploads\\\/2025\\\/07\\\/photo-campagne-_-BAD.jpg\",\"width\":750,\"height\":361},{\"@type\":\"BreadcrumbList\",\"@id\":\"https:\\\/\\\/lequotidien.mr\\\/?p=29333&lang=fr#breadcrumb\",\"itemListElement\":[{\"@type\":\"ListItem\",\"position\":1,\"name\":\"Home\",\"item\":\"https:\\\/\\\/lequotidien.mr\\\/\"},{\"@type\":\"ListItem\",\"position\":2,\"name\":\"R\u00e9union pr\u00e9sidentielle : Le Pr\u00e9sident El Ghazouani salue l&rsquo;\u00e9quipe derri\u00e8re l&rsquo;\u00e9lection \u00e9clatante de M. Sidi Tah \u00e0 la t\u00eate du Groupe de la BAD\"}]},{\"@type\":\"WebSite\",\"@id\":\"https:\\\/\\\/lequotidien.mr\\\/#website\",\"url\":\"https:\\\/\\\/lequotidien.mr\\\/\",\"name\":\"Le Quotidien de Nouakchott\",\"description\":\"\u0625\u062e\u0628\u0627\u0631\u064a\u0629 \u0645\u0633\u062a\u0642\u0644\u0629 \u0644\u0644\u0623\u0646\u0628\u0627\u0621 \u0627\u0644\u0639\u0627\u0645\u0629\",\"publisher\":{\"@id\":\"https:\\\/\\\/lequotidien.mr\\\/#organization\"},\"potentialAction\":[{\"@type\":\"SearchAction\",\"target\":{\"@type\":\"EntryPoint\",\"urlTemplate\":\"https:\\\/\\\/lequotidien.mr\\\/?s={search_term_string}\"},\"query-input\":{\"@type\":\"PropertyValueSpecification\",\"valueRequired\":true,\"valueName\":\"search_term_string\"}}],\"inLanguage\":\"ar\"},{\"@type\":\"Organization\",\"@id\":\"https:\\\/\\\/lequotidien.mr\\\/#organization\",\"name\":\"Le Quotidien de Nouakchott\",\"url\":\"https:\\\/\\\/lequotidien.mr\\\/\",\"logo\":{\"@type\":\"ImageObject\",\"inLanguage\":\"ar\",\"@id\":\"https:\\\/\\\/lequotidien.mr\\\/#\\\/schema\\\/logo\\\/image\\\/\",\"url\":\"https:\\\/\\\/lequotidien.mr\\\/wp-content\\\/uploads\\\/2022\\\/11\\\/logolequotidien.jpg\",\"contentUrl\":\"https:\\\/\\\/lequotidien.mr\\\/wp-content\\\/uploads\\\/2022\\\/11\\\/logolequotidien.jpg\",\"width\":290,\"height\":65,\"caption\":\"Le Quotidien de Nouakchott\"},\"image\":{\"@id\":\"https:\\\/\\\/lequotidien.mr\\\/#\\\/schema\\\/logo\\\/image\\\/\"},\"sameAs\":[\"https:\\\/\\\/web.facebook.com\\\/lequotidienmr\",\"https:\\\/\\\/x.com\\\/lequotidienmr\"]},{\"@type\":\"Person\",\"@id\":\"https:\\\/\\\/lequotidien.mr\\\/#\\\/schema\\\/person\\\/d2d350202a4d599685ed8abc25f97596\",\"name\":\"Med Ahmed\",\"image\":{\"@type\":\"ImageObject\",\"inLanguage\":\"ar\",\"@id\":\"https:\\\/\\\/secure.gravatar.com\\\/avatar\\\/fd2acc62ed50732923d1d39c17172c9b04149f142be92310ecc69e1358f94b52?s=96&d=mm&r=g\",\"url\":\"https:\\\/\\\/secure.gravatar.com\\\/avatar\\\/fd2acc62ed50732923d1d39c17172c9b04149f142be92310ecc69e1358f94b52?s=96&d=mm&r=g\",\"contentUrl\":\"https:\\\/\\\/secure.gravatar.com\\\/avatar\\\/fd2acc62ed50732923d1d39c17172c9b04149f142be92310ecc69e1358f94b52?s=96&d=mm&r=g\",\"caption\":\"Med Ahmed\"},\"url\":\"https:\\\/\\\/lequotidien.mr\\\/?author=12\"}]}<\/script>\n<!-- \/ Yoast SEO plugin. -->","yoast_head_json":{"title":"R\u00e9union pr\u00e9sidentielle : Le Pr\u00e9sident El Ghazouani salue l'\u00e9quipe derri\u00e8re l'\u00e9lection \u00e9clatante de M. Sidi Tah \u00e0 la t\u00eate du Groupe de la BAD - Le Quotidien de Nouakchott","robots":{"index":"index","follow":"follow","max-snippet":"max-snippet:-1","max-image-preview":"max-image-preview:large","max-video-preview":"max-video-preview:-1"},"canonical":"https:\/\/lequotidien.mr\/?p=29333&lang=fr","og_locale":"ar_AR","og_type":"article","og_title":"R\u00e9union pr\u00e9sidentielle : Le Pr\u00e9sident El Ghazouani salue l'\u00e9quipe derri\u00e8re l'\u00e9lection \u00e9clatante de M. Sidi Tah \u00e0 la t\u00eate du Groupe de la BAD - Le Quotidien de Nouakchott","og_description":"Le Pr\u00e9sident de la R\u00e9publique, Monsieur Mohamed Cheikh El Ghazouani, a pr\u00e9sid\u00e9, vendredi dernier, une r\u00e9union de haut niveau au Palais pr\u00e9sidentiel de Nouakchott. Cette s\u00e9ance \u00e9tait d\u00e9di\u00e9e aux membres de la direction de campagne ayant \u0153uvr\u00e9 pour l&#8217;\u00e9lection r\u00e9ussie de Monsieur Sidi Tah \u00e0 la pr\u00e9sidence du Groupe de la Banque Africaine de D\u00e9veloppement.....","og_url":"https:\/\/lequotidien.mr\/?p=29333&lang=fr","og_site_name":"Le Quotidien de Nouakchott","article_publisher":"https:\/\/web.facebook.com\/lequotidienmr","article_published_time":"2025-07-20T10:41:56+00:00","og_image":[{"width":750,"height":361,"url":"https:\/\/lequotidien.mr\/wp-content\/uploads\/2025\/07\/photo-campagne-_-BAD.jpg","type":"image\/jpeg"}],"author":"Med Ahmed","twitter_card":"summary_large_image","twitter_creator":"@lequotidienmr","twitter_site":"@lequotidienmr","twitter_misc":{"\u0643\u064f\u062a\u0628 \u0628\u0648\u0627\u0633\u0637\u0629":"Med Ahmed","\u0648\u0642\u062a \u0627\u0644\u0642\u0631\u0627\u0621\u0629 \u0627\u0644\u0645\u064f\u0642\u062f\u0651\u0631":"4 \u062f\u0642\u0627\u0626\u0642"},"schema":{"@context":"https:\/\/schema.org","@graph":[{"@type":"Article","@id":"https:\/\/lequotidien.mr\/?p=29333&lang=fr#article","isPartOf":{"@id":"https:\/\/lequotidien.mr\/?p=29333&lang=fr"},"author":{"name":"Med Ahmed","@id":"https:\/\/lequotidien.mr\/#\/schema\/person\/d2d350202a4d599685ed8abc25f97596"},"headline":"R\u00e9union pr\u00e9sidentielle : Le Pr\u00e9sident El Ghazouani salue l&#8217;\u00e9quipe derri\u00e8re l&#8217;\u00e9lection \u00e9clatante de M. Sidi Tah \u00e0 la t\u00eate du Groupe de la BAD","datePublished":"2025-07-20T10:41:56+00:00","mainEntityOfPage":{"@id":"https:\/\/lequotidien.mr\/?p=29333&lang=fr"},"wordCount":612,"commentCount":0,"publisher":{"@id":"https:\/\/lequotidien.mr\/#organization"},"image":{"@id":"https:\/\/lequotidien.mr\/?p=29333&lang=fr#primaryimage"},"thumbnailUrl":"https:\/\/lequotidien.mr\/wp-content\/uploads\/2025\/07\/photo-campagne-_-BAD.jpg","articleSection":["ACTUALIT\u00c9","Economie"],"inLanguage":"ar","potentialAction":[{"@type":"CommentAction","name":"Comment","target":["https:\/\/lequotidien.mr\/?p=29333&lang=fr#respond"]}]},{"@type":"WebPage","@id":"https:\/\/lequotidien.mr\/?p=29333&lang=fr","url":"https:\/\/lequotidien.mr\/?p=29333&lang=fr","name":"R\u00e9union pr\u00e9sidentielle : Le Pr\u00e9sident El Ghazouani salue l'\u00e9quipe derri\u00e8re l'\u00e9lection \u00e9clatante de M. Sidi Tah \u00e0 la t\u00eate du Groupe de la BAD - Le Quotidien de Nouakchott","isPartOf":{"@id":"https:\/\/lequotidien.mr\/#website"},"primaryImageOfPage":{"@id":"https:\/\/lequotidien.mr\/?p=29333&lang=fr#primaryimage"},"image":{"@id":"https:\/\/lequotidien.mr\/?p=29333&lang=fr#primaryimage"},"thumbnailUrl":"https:\/\/lequotidien.mr\/wp-content\/uploads\/2025\/07\/photo-campagne-_-BAD.jpg","datePublished":"2025-07-20T10:41:56+00:00","breadcrumb":{"@id":"https:\/\/lequotidien.mr\/?p=29333&lang=fr#breadcrumb"},"inLanguage":"ar","potentialAction":[{"@type":"ReadAction","target":["https:\/\/lequotidien.mr\/?p=29333&lang=fr"]}]},{"@type":"ImageObject","inLanguage":"ar","@id":"https:\/\/lequotidien.mr\/?p=29333&lang=fr#primaryimage","url":"https:\/\/lequotidien.mr\/wp-content\/uploads\/2025\/07\/photo-campagne-_-BAD.jpg","contentUrl":"https:\/\/lequotidien.mr\/wp-content\/uploads\/2025\/07\/photo-campagne-_-BAD.jpg","width":750,"height":361},{"@type":"BreadcrumbList","@id":"https:\/\/lequotidien.mr\/?p=29333&lang=fr#breadcrumb","itemListElement":[{"@type":"ListItem","position":1,"name":"Home","item":"https:\/\/lequotidien.mr\/"},{"@type":"ListItem","position":2,"name":"R\u00e9union pr\u00e9sidentielle : Le Pr\u00e9sident El Ghazouani salue l&rsquo;\u00e9quipe derri\u00e8re l&rsquo;\u00e9lection \u00e9clatante de M. Sidi Tah \u00e0 la t\u00eate du Groupe de la BAD"}]},{"@type":"WebSite","@id":"https:\/\/lequotidien.mr\/#website","url":"https:\/\/lequotidien.mr\/","name":"Le Quotidien de Nouakchott","description":"\u0625\u062e\u0628\u0627\u0631\u064a\u0629 \u0645\u0633\u062a\u0642\u0644\u0629 \u0644\u0644\u0623\u0646\u0628\u0627\u0621 \u0627\u0644\u0639\u0627\u0645\u0629","publisher":{"@id":"https:\/\/lequotidien.mr\/#organization"},"potentialAction":[{"@type":"SearchAction","target":{"@type":"EntryPoint","urlTemplate":"https:\/\/lequotidien.mr\/?s={search_term_string}"},"query-input":{"@type":"PropertyValueSpecification","valueRequired":true,"valueName":"search_term_string"}}],"inLanguage":"ar"},{"@type":"Organization","@id":"https:\/\/lequotidien.mr\/#organization","name":"Le Quotidien de Nouakchott","url":"https:\/\/lequotidien.mr\/","logo":{"@type":"ImageObject","inLanguage":"ar","@id":"https:\/\/lequotidien.mr\/#\/schema\/logo\/image\/","url":"https:\/\/lequotidien.mr\/wp-content\/uploads\/2022\/11\/logolequotidien.jpg","contentUrl":"https:\/\/lequotidien.mr\/wp-content\/uploads\/2022\/11\/logolequotidien.jpg","width":290,"height":65,"caption":"Le Quotidien de Nouakchott"},"image":{"@id":"https:\/\/lequotidien.mr\/#\/schema\/logo\/image\/"},"sameAs":["https:\/\/web.facebook.com\/lequotidienmr","https:\/\/x.com\/lequotidienmr"]},{"@type":"Person","@id":"https:\/\/lequotidien.mr\/#\/schema\/person\/d2d350202a4d599685ed8abc25f97596","name":"Med Ahmed","image":{"@type":"ImageObject","inLanguage":"ar","@id":"https:\/\/secure.gravatar.com\/avatar\/fd2acc62ed50732923d1d39c17172c9b04149f142be92310ecc69e1358f94b52?s=96&d=mm&r=g","url":"https:\/\/secure.gravatar.com\/avatar\/fd2acc62ed50732923d1d39c17172c9b04149f142be92310ecc69e1358f94b52?s=96&d=mm&r=g","contentUrl":"https:\/\/secure.gravatar.com\/avatar\/fd2acc62ed50732923d1d39c17172c9b04149f142be92310ecc69e1358f94b52?s=96&d=mm&r=g","caption":"Med Ahmed"},"url":"https:\/\/lequotidien.mr\/?author=12"}]}},"_links":{"self":[{"href":"https:\/\/lequotidien.mr\/index.php?rest_route=\/wp\/v2\/posts\/29333","targetHints":{"allow":["GET"]}}],"collection":[{"href":"https:\/\/lequotidien.mr\/index.php?rest_route=\/wp\/v2\/posts"}],"about":[{"href":"https:\/\/lequotidien.mr\/index.php?rest_route=\/wp\/v2\/types\/post"}],"author":[{"embeddable":true,"href":"https:\/\/lequotidien.mr\/index.php?rest_route=\/wp\/v2\/users\/12"}],"replies":[{"embeddable":true,"href":"https:\/\/lequotidien.mr\/index.php?rest_route=%2Fwp%2Fv2%2Fcomments&post=29333"}],"version-history":[{"count":1,"href":"https:\/\/lequotidien.mr\/index.php?rest_route=\/wp\/v2\/posts\/29333\/revisions"}],"predecessor-version":[{"id":29335,"href":"https:\/\/lequotidien.mr\/index.php?rest_route=\/wp\/v2\/posts\/29333\/revisions\/29335"}],"wp:featuredmedia":[{"embeddable":true,"href":"https:\/\/lequotidien.mr\/index.php?rest_route=\/wp\/v2\/media\/29334"}],"wp:attachment":[{"href":"https:\/\/lequotidien.mr\/index.php?rest_route=%2Fwp%2Fv2%2Fmedia&parent=29333"}],"wp:term":[{"taxonomy":"category","embeddable":true,"href":"https:\/\/lequotidien.mr\/index.php?rest_route=%2Fwp%2Fv2%2Fcategories&post=29333"},{"taxonomy":"post_tag","embeddable":true,"href":"https:\/\/lequotidien.mr\/index.php?rest_route=%2Fwp%2Fv2%2Ftags&post=29333"}],"curies":[{"name":"wp","href":"https:\/\/api.w.org\/{rel}","templated":true}]}}