{"id":29330,"date":"2025-07-20T10:19:18","date_gmt":"2025-07-20T10:19:18","guid":{"rendered":"https:\/\/lequotidien.mr\/?p=29330"},"modified":"2025-07-20T10:19:18","modified_gmt":"2025-07-20T10:19:18","slug":"atelier-regional-a-atar-lancement-de-la-strategie-nationale-pour-dynamiser-le-tourisme","status":"publish","type":"post","link":"https:\/\/lequotidien.mr\/?p=29330&lang=fr","title":{"rendered":"Atelier r\u00e9gional \u00e0 Atar : Lancement de la Strat\u00e9gie Nationale pour dynamiser le tourisme"},"content":{"rendered":"<p>La ministre du Commerce et du Tourisme, Mme Zeinebou Ahmednah, accompagn\u00e9e du wali de l\u2019Adrar, M. Abdallahi Mohamed Mahmoud, a pr\u00e9sid\u00e9 ce jeudi \u00e0 Atar l\u2019ouverture d\u2019un atelier r\u00e9gional crucial. Cet \u00e9v\u00e9nement marque le lancement officiel de la pr\u00e9sentation du contenu de la\u00a0<strong>Strat\u00e9gie Nationale de Promotion du Tourisme<\/strong>\u00a0sur le territoire mauritanien.<\/p>\n<p>Dans un discours prononc\u00e9 lors de cette c\u00e9r\u00e9monie d&#8217;ouverture, la ministre Ahmednah a situ\u00e9 l&#8217;importance de l&#8217;atelier \u00e0 un\u00a0moment charni\u00e8re\u00a0pour le secteur. Elle a affirm\u00e9 la volont\u00e9 du minist\u00e8re de faire du tourisme,\u00a0<strong><em>&#8220;en g\u00e9n\u00e9ral, et du tourisme int\u00e9rieur, en particulier&#8221;<\/em><\/strong>, un v\u00e9ritable levier de d\u00e9veloppement pour la Mauritanie. Cette strat\u00e9gie ambitieuse poursuit trois objectifs majeurs :<\/p>\n<p><strong>-Un levier du d\u00e9veloppement durable :<\/strong>\u00a0Faire du tourisme un moteur \u00e9conomique p\u00e9renne\u00a0;<\/p>\n<p><strong>-Un facteur de renforcement de la coh\u00e9sion nationale :<\/strong>\u00a0Utiliser la d\u00e9couverte du pays par ses propres citoyens pour resserrer les liens\u00a0;<\/p>\n<p><strong>-Un outil pour valoriser la diversit\u00e9 culturelle et environnementale :<\/strong>\u00a0Mettre en lumi\u00e8re le riche patrimoine naturel et culturel mauritanien.<\/p>\n<p>Mme la ministre a saisi cette occasion pour\u00a0saluer la directive r\u00e9cente du Pr\u00e9sident de la R\u00e9publique, encourageant les citoyens \u00e0 passer leurs vacances \u00e0 l&#8217;int\u00e9rieur du pays. Elle a soulign\u00e9 que cette initiative pr\u00e9sidentielle serait un puissant catalyseur pour\u00a0relancer le d\u00e9veloppement local\u00a0et permettrait de\u00a0<strong><em>&#8220;renforcer des g\u00e9n\u00e9rations avec leur patrimoine de leur patrie&#8221;<\/em><\/strong>, favorisant ainsi un attachement profond au territoire national.<\/p>\n<p>L&#8217;approche port\u00e9e par la ministre et soutenue par la plus haute autorit\u00e9 de l&#8217;\u00c9tat a \u00e9t\u00e9\u00a0chaleureusement accueillie par les responsables locaux. Le pr\u00e9sident du conseil r\u00e9gional de l&#8217;Adrar, M. Mohamed Cherif Abdallahi, et le maire de la municipalit\u00e9 d&#8217;Atar, M. Brahim Ebdebe, ont unanimement salu\u00e9 cette strat\u00e9gie. Ils y voient une d\u00e9marche\u00a0essentielle pour promouvoir le d\u00e9veloppement local\u00a0en stimulant l&#8217;activit\u00e9 touristique interne, particuli\u00e8rement prometteuse pour une r\u00e9gion aux atouts naturels et historiques aussi marqu\u00e9s que l&#8217;Adrar.<\/p>\n<p>L&#8217;ouverture solennelle de cet atelier r\u00e9gional s&#8217;est d\u00e9roul\u00e9e en pr\u00e9sence d&#8217;un parterre de personnalit\u00e9s, t\u00e9moignant de l&#8217;importance accord\u00e9e \u00e0 ce projet national. \u00c9taient notamment pr\u00e9sents le pr\u00e9sident de l\u2019Union nationale du patronat mauritanien, le hakem d\u2019Atar, ainsi que les autorit\u00e9s s\u00e9curitaires de la wilaya.<\/p>\n<p>Cet atelier d&#8217;Atar constitue une premi\u00e8re \u00e9tape cl\u00e9 dans la diffusion et l&#8217;appropriation de la Strat\u00e9gie Nationale de Promotion du Tourisme. Il marque une volont\u00e9 affich\u00e9e des autorit\u00e9s centrales et locales de placer le tourisme, et sp\u00e9cifiquement le tourisme int\u00e9rieur, au c\u0153ur d&#8217;un projet de d\u00e9veloppement \u00e9conomique, social et culturel pour la Mauritanie.<\/p>\n","protected":false},"excerpt":{"rendered":"<p>La ministre du Commerce et du Tourisme, Mme Zeinebou Ahmednah, accompagn\u00e9e du wali de l\u2019Adrar, M. Abdallahi Mohamed Mahmoud, a pr\u00e9sid\u00e9 ce jeudi \u00e0 Atar l\u2019ouverture d\u2019un atelier r\u00e9gional crucial. Cet \u00e9v\u00e9nement marque le lancement officiel de la pr\u00e9sentation du contenu de la\u00a0Strat\u00e9gie Nationale de Promotion du Tourisme\u00a0sur le territoire mauritanien. Dans un discours prononc\u00e9&#8230;..<\/p>\n","protected":false},"author":12,"featured_media":29331,"comment_status":"open","ping_status":"open","sticky":false,"template":"","format":"standard","meta":{"footnotes":""},"categories":[23,49,55],"tags":[],"class_list":["post-29330","post","type-post","status-publish","format-standard","has-post-thumbnail","hentry","category-actualite","category-economie","category-culture"],"yoast_head":"<!-- This site is optimized with the Yoast SEO plugin v27.5 - https:\/\/yoast.com\/product\/yoast-seo-wordpress\/ -->\n<title>Atelier r\u00e9gional \u00e0 Atar : Lancement de la Strat\u00e9gie Nationale pour dynamiser le tourisme - Le Quotidien de Nouakchott<\/title>\n<meta name=\"robots\" content=\"index, follow, max-snippet:-1, max-image-preview:large, max-video-preview:-1\" \/>\n<link rel=\"canonical\" href=\"https:\/\/lequotidien.mr\/?p=29330&lang=fr\" \/>\n<meta property=\"og:locale\" content=\"ar_AR\" \/>\n<meta property=\"og:type\" content=\"article\" \/>\n<meta property=\"og:title\" content=\"Atelier r\u00e9gional \u00e0 Atar : Lancement de la Strat\u00e9gie Nationale pour dynamiser le tourisme - Le Quotidien de Nouakchott\" \/>\n<meta property=\"og:description\" content=\"La ministre du Commerce et du Tourisme, Mme Zeinebou Ahmednah, accompagn\u00e9e du wali de l\u2019Adrar, M. Abdallahi Mohamed Mahmoud, a pr\u00e9sid\u00e9 ce jeudi \u00e0 Atar l\u2019ouverture d\u2019un atelier r\u00e9gional crucial. Cet \u00e9v\u00e9nement marque le lancement officiel de la pr\u00e9sentation du contenu de la\u00a0Strat\u00e9gie Nationale de Promotion du Tourisme\u00a0sur le territoire mauritanien. Dans un discours prononc\u00e9.....\" \/>\n<meta property=\"og:url\" content=\"https:\/\/lequotidien.mr\/?p=29330&amp;lang=fr\" \/>\n<meta property=\"og:site_name\" content=\"Le Quotidien de Nouakchott\" \/>\n<meta property=\"article:publisher\" content=\"https:\/\/web.facebook.com\/lequotidienmr\" \/>\n<meta property=\"article:published_time\" content=\"2025-07-20T10:19:18+00:00\" \/>\n<meta property=\"og:image\" content=\"https:\/\/lequotidien.mr\/wp-content\/uploads\/2025\/07\/photo-promo-tourisme.jpg\" \/>\n\t<meta property=\"og:image:width\" content=\"750\" \/>\n\t<meta property=\"og:image:height\" content=\"430\" \/>\n\t<meta property=\"og:image:type\" content=\"image\/jpeg\" \/>\n<meta name=\"author\" content=\"Med Ahmed\" \/>\n<meta name=\"twitter:card\" content=\"summary_large_image\" \/>\n<meta name=\"twitter:creator\" content=\"@lequotidienmr\" \/>\n<meta name=\"twitter:site\" content=\"@lequotidienmr\" \/>\n<meta name=\"twitter:label1\" content=\"\u0643\u064f\u062a\u0628 \u0628\u0648\u0627\u0633\u0637\u0629\" \/>\n\t<meta name=\"twitter:data1\" content=\"Med Ahmed\" \/>\n\t<meta name=\"twitter:label2\" content=\"\u0648\u0642\u062a \u0627\u0644\u0642\u0631\u0627\u0621\u0629 \u0627\u0644\u0645\u064f\u0642\u062f\u0651\u0631\" \/>\n\t<meta name=\"twitter:data2\" content=\"3 \u062f\u0642\u0627\u0626\u0642\" \/>\n<script type=\"application\/ld+json\" class=\"yoast-schema-graph\">{\"@context\":\"https:\\\/\\\/schema.org\",\"@graph\":[{\"@type\":\"Article\",\"@id\":\"https:\\\/\\\/lequotidien.mr\\\/?p=29330&lang=fr#article\",\"isPartOf\":{\"@id\":\"https:\\\/\\\/lequotidien.mr\\\/?p=29330&lang=fr\"},\"author\":{\"name\":\"Med Ahmed\",\"@id\":\"https:\\\/\\\/lequotidien.mr\\\/#\\\/schema\\\/person\\\/d2d350202a4d599685ed8abc25f97596\"},\"headline\":\"Atelier r\u00e9gional \u00e0 Atar : Lancement de la Strat\u00e9gie Nationale pour dynamiser le tourisme\",\"datePublished\":\"2025-07-20T10:19:18+00:00\",\"mainEntityOfPage\":{\"@id\":\"https:\\\/\\\/lequotidien.mr\\\/?p=29330&lang=fr\"},\"wordCount\":490,\"commentCount\":0,\"publisher\":{\"@id\":\"https:\\\/\\\/lequotidien.mr\\\/#organization\"},\"image\":{\"@id\":\"https:\\\/\\\/lequotidien.mr\\\/?p=29330&lang=fr#primaryimage\"},\"thumbnailUrl\":\"https:\\\/\\\/lequotidien.mr\\\/wp-content\\\/uploads\\\/2025\\\/07\\\/photo-promo-tourisme.jpg\",\"articleSection\":[\"ACTUALIT\u00c9\",\"Economie\",\"Culture\"],\"inLanguage\":\"ar\",\"potentialAction\":[{\"@type\":\"CommentAction\",\"name\":\"Comment\",\"target\":[\"https:\\\/\\\/lequotidien.mr\\\/?p=29330&lang=fr#respond\"]}]},{\"@type\":\"WebPage\",\"@id\":\"https:\\\/\\\/lequotidien.mr\\\/?p=29330&lang=fr\",\"url\":\"https:\\\/\\\/lequotidien.mr\\\/?p=29330&lang=fr\",\"name\":\"Atelier r\u00e9gional \u00e0 Atar : Lancement de la Strat\u00e9gie Nationale pour dynamiser le tourisme - Le Quotidien de Nouakchott\",\"isPartOf\":{\"@id\":\"https:\\\/\\\/lequotidien.mr\\\/#website\"},\"primaryImageOfPage\":{\"@id\":\"https:\\\/\\\/lequotidien.mr\\\/?p=29330&lang=fr#primaryimage\"},\"image\":{\"@id\":\"https:\\\/\\\/lequotidien.mr\\\/?p=29330&lang=fr#primaryimage\"},\"thumbnailUrl\":\"https:\\\/\\\/lequotidien.mr\\\/wp-content\\\/uploads\\\/2025\\\/07\\\/photo-promo-tourisme.jpg\",\"datePublished\":\"2025-07-20T10:19:18+00:00\",\"breadcrumb\":{\"@id\":\"https:\\\/\\\/lequotidien.mr\\\/?p=29330&lang=fr#breadcrumb\"},\"inLanguage\":\"ar\",\"potentialAction\":[{\"@type\":\"ReadAction\",\"target\":[\"https:\\\/\\\/lequotidien.mr\\\/?p=29330&lang=fr\"]}]},{\"@type\":\"ImageObject\",\"inLanguage\":\"ar\",\"@id\":\"https:\\\/\\\/lequotidien.mr\\\/?p=29330&lang=fr#primaryimage\",\"url\":\"https:\\\/\\\/lequotidien.mr\\\/wp-content\\\/uploads\\\/2025\\\/07\\\/photo-promo-tourisme.jpg\",\"contentUrl\":\"https:\\\/\\\/lequotidien.mr\\\/wp-content\\\/uploads\\\/2025\\\/07\\\/photo-promo-tourisme.jpg\",\"width\":750,\"height\":430},{\"@type\":\"BreadcrumbList\",\"@id\":\"https:\\\/\\\/lequotidien.mr\\\/?p=29330&lang=fr#breadcrumb\",\"itemListElement\":[{\"@type\":\"ListItem\",\"position\":1,\"name\":\"Home\",\"item\":\"https:\\\/\\\/lequotidien.mr\\\/\"},{\"@type\":\"ListItem\",\"position\":2,\"name\":\"Atelier r\u00e9gional \u00e0 Atar : Lancement de la Strat\u00e9gie Nationale pour dynamiser le tourisme\"}]},{\"@type\":\"WebSite\",\"@id\":\"https:\\\/\\\/lequotidien.mr\\\/#website\",\"url\":\"https:\\\/\\\/lequotidien.mr\\\/\",\"name\":\"Le Quotidien de Nouakchott\",\"description\":\"\u0625\u062e\u0628\u0627\u0631\u064a\u0629 \u0645\u0633\u062a\u0642\u0644\u0629 \u0644\u0644\u0623\u0646\u0628\u0627\u0621 \u0627\u0644\u0639\u0627\u0645\u0629\",\"publisher\":{\"@id\":\"https:\\\/\\\/lequotidien.mr\\\/#organization\"},\"potentialAction\":[{\"@type\":\"SearchAction\",\"target\":{\"@type\":\"EntryPoint\",\"urlTemplate\":\"https:\\\/\\\/lequotidien.mr\\\/?s={search_term_string}\"},\"query-input\":{\"@type\":\"PropertyValueSpecification\",\"valueRequired\":true,\"valueName\":\"search_term_string\"}}],\"inLanguage\":\"ar\"},{\"@type\":\"Organization\",\"@id\":\"https:\\\/\\\/lequotidien.mr\\\/#organization\",\"name\":\"Le Quotidien de Nouakchott\",\"url\":\"https:\\\/\\\/lequotidien.mr\\\/\",\"logo\":{\"@type\":\"ImageObject\",\"inLanguage\":\"ar\",\"@id\":\"https:\\\/\\\/lequotidien.mr\\\/#\\\/schema\\\/logo\\\/image\\\/\",\"url\":\"https:\\\/\\\/lequotidien.mr\\\/wp-content\\\/uploads\\\/2022\\\/11\\\/logolequotidien.jpg\",\"contentUrl\":\"https:\\\/\\\/lequotidien.mr\\\/wp-content\\\/uploads\\\/2022\\\/11\\\/logolequotidien.jpg\",\"width\":290,\"height\":65,\"caption\":\"Le Quotidien de Nouakchott\"},\"image\":{\"@id\":\"https:\\\/\\\/lequotidien.mr\\\/#\\\/schema\\\/logo\\\/image\\\/\"},\"sameAs\":[\"https:\\\/\\\/web.facebook.com\\\/lequotidienmr\",\"https:\\\/\\\/x.com\\\/lequotidienmr\"]},{\"@type\":\"Person\",\"@id\":\"https:\\\/\\\/lequotidien.mr\\\/#\\\/schema\\\/person\\\/d2d350202a4d599685ed8abc25f97596\",\"name\":\"Med Ahmed\",\"image\":{\"@type\":\"ImageObject\",\"inLanguage\":\"ar\",\"@id\":\"https:\\\/\\\/secure.gravatar.com\\\/avatar\\\/fd2acc62ed50732923d1d39c17172c9b04149f142be92310ecc69e1358f94b52?s=96&d=mm&r=g\",\"url\":\"https:\\\/\\\/secure.gravatar.com\\\/avatar\\\/fd2acc62ed50732923d1d39c17172c9b04149f142be92310ecc69e1358f94b52?s=96&d=mm&r=g\",\"contentUrl\":\"https:\\\/\\\/secure.gravatar.com\\\/avatar\\\/fd2acc62ed50732923d1d39c17172c9b04149f142be92310ecc69e1358f94b52?s=96&d=mm&r=g\",\"caption\":\"Med Ahmed\"},\"url\":\"https:\\\/\\\/lequotidien.mr\\\/?author=12\"}]}<\/script>\n<!-- \/ Yoast SEO plugin. -->","yoast_head_json":{"title":"Atelier r\u00e9gional \u00e0 Atar : Lancement de la Strat\u00e9gie Nationale pour dynamiser le tourisme - Le Quotidien de Nouakchott","robots":{"index":"index","follow":"follow","max-snippet":"max-snippet:-1","max-image-preview":"max-image-preview:large","max-video-preview":"max-video-preview:-1"},"canonical":"https:\/\/lequotidien.mr\/?p=29330&lang=fr","og_locale":"ar_AR","og_type":"article","og_title":"Atelier r\u00e9gional \u00e0 Atar : Lancement de la Strat\u00e9gie Nationale pour dynamiser le tourisme - Le Quotidien de Nouakchott","og_description":"La ministre du Commerce et du Tourisme, Mme Zeinebou Ahmednah, accompagn\u00e9e du wali de l\u2019Adrar, M. Abdallahi Mohamed Mahmoud, a pr\u00e9sid\u00e9 ce jeudi \u00e0 Atar l\u2019ouverture d\u2019un atelier r\u00e9gional crucial. Cet \u00e9v\u00e9nement marque le lancement officiel de la pr\u00e9sentation du contenu de la\u00a0Strat\u00e9gie Nationale de Promotion du Tourisme\u00a0sur le territoire mauritanien. Dans un discours prononc\u00e9.....","og_url":"https:\/\/lequotidien.mr\/?p=29330&lang=fr","og_site_name":"Le Quotidien de Nouakchott","article_publisher":"https:\/\/web.facebook.com\/lequotidienmr","article_published_time":"2025-07-20T10:19:18+00:00","og_image":[{"width":750,"height":430,"url":"https:\/\/lequotidien.mr\/wp-content\/uploads\/2025\/07\/photo-promo-tourisme.jpg","type":"image\/jpeg"}],"author":"Med Ahmed","twitter_card":"summary_large_image","twitter_creator":"@lequotidienmr","twitter_site":"@lequotidienmr","twitter_misc":{"\u0643\u064f\u062a\u0628 \u0628\u0648\u0627\u0633\u0637\u0629":"Med Ahmed","\u0648\u0642\u062a \u0627\u0644\u0642\u0631\u0627\u0621\u0629 \u0627\u0644\u0645\u064f\u0642\u062f\u0651\u0631":"3 \u062f\u0642\u0627\u0626\u0642"},"schema":{"@context":"https:\/\/schema.org","@graph":[{"@type":"Article","@id":"https:\/\/lequotidien.mr\/?p=29330&lang=fr#article","isPartOf":{"@id":"https:\/\/lequotidien.mr\/?p=29330&lang=fr"},"author":{"name":"Med Ahmed","@id":"https:\/\/lequotidien.mr\/#\/schema\/person\/d2d350202a4d599685ed8abc25f97596"},"headline":"Atelier r\u00e9gional \u00e0 Atar : Lancement de la Strat\u00e9gie Nationale pour dynamiser le tourisme","datePublished":"2025-07-20T10:19:18+00:00","mainEntityOfPage":{"@id":"https:\/\/lequotidien.mr\/?p=29330&lang=fr"},"wordCount":490,"commentCount":0,"publisher":{"@id":"https:\/\/lequotidien.mr\/#organization"},"image":{"@id":"https:\/\/lequotidien.mr\/?p=29330&lang=fr#primaryimage"},"thumbnailUrl":"https:\/\/lequotidien.mr\/wp-content\/uploads\/2025\/07\/photo-promo-tourisme.jpg","articleSection":["ACTUALIT\u00c9","Economie","Culture"],"inLanguage":"ar","potentialAction":[{"@type":"CommentAction","name":"Comment","target":["https:\/\/lequotidien.mr\/?p=29330&lang=fr#respond"]}]},{"@type":"WebPage","@id":"https:\/\/lequotidien.mr\/?p=29330&lang=fr","url":"https:\/\/lequotidien.mr\/?p=29330&lang=fr","name":"Atelier r\u00e9gional \u00e0 Atar : Lancement de la Strat\u00e9gie Nationale pour dynamiser le tourisme - Le Quotidien de Nouakchott","isPartOf":{"@id":"https:\/\/lequotidien.mr\/#website"},"primaryImageOfPage":{"@id":"https:\/\/lequotidien.mr\/?p=29330&lang=fr#primaryimage"},"image":{"@id":"https:\/\/lequotidien.mr\/?p=29330&lang=fr#primaryimage"},"thumbnailUrl":"https:\/\/lequotidien.mr\/wp-content\/uploads\/2025\/07\/photo-promo-tourisme.jpg","datePublished":"2025-07-20T10:19:18+00:00","breadcrumb":{"@id":"https:\/\/lequotidien.mr\/?p=29330&lang=fr#breadcrumb"},"inLanguage":"ar","potentialAction":[{"@type":"ReadAction","target":["https:\/\/lequotidien.mr\/?p=29330&lang=fr"]}]},{"@type":"ImageObject","inLanguage":"ar","@id":"https:\/\/lequotidien.mr\/?p=29330&lang=fr#primaryimage","url":"https:\/\/lequotidien.mr\/wp-content\/uploads\/2025\/07\/photo-promo-tourisme.jpg","contentUrl":"https:\/\/lequotidien.mr\/wp-content\/uploads\/2025\/07\/photo-promo-tourisme.jpg","width":750,"height":430},{"@type":"BreadcrumbList","@id":"https:\/\/lequotidien.mr\/?p=29330&lang=fr#breadcrumb","itemListElement":[{"@type":"ListItem","position":1,"name":"Home","item":"https:\/\/lequotidien.mr\/"},{"@type":"ListItem","position":2,"name":"Atelier r\u00e9gional \u00e0 Atar : Lancement de la Strat\u00e9gie Nationale pour dynamiser le tourisme"}]},{"@type":"WebSite","@id":"https:\/\/lequotidien.mr\/#website","url":"https:\/\/lequotidien.mr\/","name":"Le Quotidien de Nouakchott","description":"\u0625\u062e\u0628\u0627\u0631\u064a\u0629 \u0645\u0633\u062a\u0642\u0644\u0629 \u0644\u0644\u0623\u0646\u0628\u0627\u0621 \u0627\u0644\u0639\u0627\u0645\u0629","publisher":{"@id":"https:\/\/lequotidien.mr\/#organization"},"potentialAction":[{"@type":"SearchAction","target":{"@type":"EntryPoint","urlTemplate":"https:\/\/lequotidien.mr\/?s={search_term_string}"},"query-input":{"@type":"PropertyValueSpecification","valueRequired":true,"valueName":"search_term_string"}}],"inLanguage":"ar"},{"@type":"Organization","@id":"https:\/\/lequotidien.mr\/#organization","name":"Le Quotidien de Nouakchott","url":"https:\/\/lequotidien.mr\/","logo":{"@type":"ImageObject","inLanguage":"ar","@id":"https:\/\/lequotidien.mr\/#\/schema\/logo\/image\/","url":"https:\/\/lequotidien.mr\/wp-content\/uploads\/2022\/11\/logolequotidien.jpg","contentUrl":"https:\/\/lequotidien.mr\/wp-content\/uploads\/2022\/11\/logolequotidien.jpg","width":290,"height":65,"caption":"Le Quotidien de Nouakchott"},"image":{"@id":"https:\/\/lequotidien.mr\/#\/schema\/logo\/image\/"},"sameAs":["https:\/\/web.facebook.com\/lequotidienmr","https:\/\/x.com\/lequotidienmr"]},{"@type":"Person","@id":"https:\/\/lequotidien.mr\/#\/schema\/person\/d2d350202a4d599685ed8abc25f97596","name":"Med Ahmed","image":{"@type":"ImageObject","inLanguage":"ar","@id":"https:\/\/secure.gravatar.com\/avatar\/fd2acc62ed50732923d1d39c17172c9b04149f142be92310ecc69e1358f94b52?s=96&d=mm&r=g","url":"https:\/\/secure.gravatar.com\/avatar\/fd2acc62ed50732923d1d39c17172c9b04149f142be92310ecc69e1358f94b52?s=96&d=mm&r=g","contentUrl":"https:\/\/secure.gravatar.com\/avatar\/fd2acc62ed50732923d1d39c17172c9b04149f142be92310ecc69e1358f94b52?s=96&d=mm&r=g","caption":"Med Ahmed"},"url":"https:\/\/lequotidien.mr\/?author=12"}]}},"_links":{"self":[{"href":"https:\/\/lequotidien.mr\/index.php?rest_route=\/wp\/v2\/posts\/29330","targetHints":{"allow":["GET"]}}],"collection":[{"href":"https:\/\/lequotidien.mr\/index.php?rest_route=\/wp\/v2\/posts"}],"about":[{"href":"https:\/\/lequotidien.mr\/index.php?rest_route=\/wp\/v2\/types\/post"}],"author":[{"embeddable":true,"href":"https:\/\/lequotidien.mr\/index.php?rest_route=\/wp\/v2\/users\/12"}],"replies":[{"embeddable":true,"href":"https:\/\/lequotidien.mr\/index.php?rest_route=%2Fwp%2Fv2%2Fcomments&post=29330"}],"version-history":[{"count":1,"href":"https:\/\/lequotidien.mr\/index.php?rest_route=\/wp\/v2\/posts\/29330\/revisions"}],"predecessor-version":[{"id":29332,"href":"https:\/\/lequotidien.mr\/index.php?rest_route=\/wp\/v2\/posts\/29330\/revisions\/29332"}],"wp:featuredmedia":[{"embeddable":true,"href":"https:\/\/lequotidien.mr\/index.php?rest_route=\/wp\/v2\/media\/29331"}],"wp:attachment":[{"href":"https:\/\/lequotidien.mr\/index.php?rest_route=%2Fwp%2Fv2%2Fmedia&parent=29330"}],"wp:term":[{"taxonomy":"category","embeddable":true,"href":"https:\/\/lequotidien.mr\/index.php?rest_route=%2Fwp%2Fv2%2Fcategories&post=29330"},{"taxonomy":"post_tag","embeddable":true,"href":"https:\/\/lequotidien.mr\/index.php?rest_route=%2Fwp%2Fv2%2Ftags&post=29330"}],"curies":[{"name":"wp","href":"https:\/\/api.w.org\/{rel}","templated":true}]}}