{"id":29285,"date":"2025-07-18T12:07:52","date_gmt":"2025-07-18T12:07:52","guid":{"rendered":"https:\/\/lequotidien.mr\/?p=29285"},"modified":"2025-07-18T12:07:52","modified_gmt":"2025-07-18T12:07:52","slug":"commerce-electronique-formation-e-commerce-pour-booster-lentrepreneuriat-feminin-dans-les-secteurs-cles","status":"publish","type":"post","link":"https:\/\/lequotidien.mr\/?p=29285&lang=fr","title":{"rendered":"Commerce \u00e9lectronique : Formation e-commerce pour booster l\u2019entrepreneuriat f\u00e9minin dans les secteurs cl\u00e9s"},"content":{"rendered":"<p>Le minist\u00e8re de la Transformation num\u00e9rique et de la Modernisation de l\u2019Administration a organis\u00e9, hier \u00e0 Nouakchott, une journ\u00e9e de formation strat\u00e9gique d\u00e9di\u00e9e \u00e0 la promotion de l\u2019entrepreneuriat f\u00e9minin. L\u2019accent a \u00e9t\u00e9 mis sur l\u2019utilisation du commerce \u00e9lectronique pour valoriser les produits agricoles, artisanaux et halieutiques locaux et faciliter l\u2019acc\u00e8s aux services de base en ligne.<\/p>\n<p>Cette initiative concr\u00e8te vise \u00e0 doter\u00a0<strong>50 femmes entrepreneures<\/strong>\u00a0mauritaniennes des comp\u00e9tences essentielles pour r\u00e9ussir dans l\u2019\u00e9conomie num\u00e9rique. Le programme comprend :<\/p>\n<p><strong>&#8211;<\/strong>Une formation approfondie \u00e0 la\u00a0<strong>gestion du commerce \u00e9lectronique\u00a0<\/strong>;<\/p>\n<p><strong>&#8211;<\/strong>La remise de\u00a0<strong>smartphones connect\u00e9s<\/strong>\u00a0pour faciliter leur acc\u00e8s au digital\u00a0;<\/p>\n<p><strong>&#8211;<\/strong>Une sensibilisation aux\u00a0<strong>principes fondamentaux de la cybers\u00e9curit\u00e9\u00a0<\/strong>;<\/p>\n<p><strong>&#8211;<\/strong>Un accompagnement pour la\u00a0<strong>commercialisation en ligne<\/strong>\u00a0de leurs produits (agricoles, artisanaux, halieutiques).<\/p>\n<p><strong>Pour l&#8217;autonomisation \u00e9conomique des femmes<\/strong><\/p>\n<p>Lors de la c\u00e9r\u00e9monie d\u2019ouverture, M.\u00a0<strong>Khaled Abidine Sidi<\/strong>, Secr\u00e9taire G\u00e9n\u00e9ral du minist\u00e8re, a soulign\u00e9 l\u2019ancrage de ce projet dans la vision du Pr\u00e9sident de la R\u00e9publique,\u00a0<strong>M. Mohamed Cheikh El Ghazouani<\/strong>. <em>&#8220;Ces actions s\u2019inscrivent dans le cadre des directives pr\u00e9sidentielles visant \u00e0 adopter des politiques efficaces pour l\u2019autonomisation \u00e9conomique des femmes&#8221;<\/em>, a-t-il d\u00e9clar\u00e9, reconnaissant ainsi leur <em>&#8220;r\u00f4le central dans le processus de d\u00e9veloppement national&#8221;.<\/em><\/p>\n<p>M. Sidi a \u00e9galement annonc\u00e9 un projet en cours : <em>&#8220;En coordination avec le Conseil mauritanien des Femmes d\u2019Affaires (CMFA), nous travaillons au d\u00e9veloppement d\u2019une\u00a0<strong>plateforme num\u00e9rique innovante<\/strong>. Cette plateforme permettra aux femmes d\u2019atteindre une\u00a0<strong>client\u00e8le \u00e9largie<\/strong>, renfor\u00e7ant leur r\u00f4le de partenaires \u00e9conomiques actives et soutenant un d\u00e9veloppement inclusif.&#8221;<\/em><\/p>\n<p><strong>La transformation num\u00e9rique comme levier d&#8217;acc\u00e8s aux march\u00e9s<\/strong><\/p>\n<p>Mme\u00a0<strong>Fatimetou Mint El Vil<\/strong>, Pr\u00e9sidente du CMFA, a salu\u00e9 l\u2019impact attendu de cette formation. Elle permettra aux participantes <em>&#8220;d\u2019acc\u00e9der au secteur de la\u00a0<strong>num\u00e9risation du marketing<\/strong>, de la\u00a0<strong>pr\u00e9sentation des produits<\/strong>\u00a0et de la\u00a0<strong>prise de contact avec les clients \u00e0 distance<\/strong>&#8220;<\/em>. Elle a \u00e9galement mis en lumi\u00e8re l\u2019importance des politiques gouvernementales r\u00e9pondant \u00e0 l\u2019appel pr\u00e9sidentiel, citant sp\u00e9cifiquement la d\u00e9cision <em>&#8220;d\u2019inclure des\u00a0<strong>fonds d\u00e9di\u00e9s \u00e0 l\u2019autonomisation \u00e9conomique des femmes<\/strong>&#8221; comme &#8221; <\/em>tr\u00e8s importante&#8221; pour leur permettre <em>&#8220;d\u2019acc\u00e9der fortement aux secteurs productifs&#8221;.<\/em><\/p>\n<p><strong>Le soutien international pour un d\u00e9veloppement inclusif<\/strong><\/p>\n<p>Mme\u00a0<strong>Adama Coulibaly<\/strong>, Repr\u00e9sentante adjointe du Programme des Nations Unies pour le D\u00e9veloppement (PNUD) en Mauritanie, a r\u00e9affirm\u00e9 le soutien de son organisation. Elle a pr\u00e9sent\u00e9 le commerce \u00e9lectronique comme <em>&#8220;un\u00a0<strong>levier efficace<\/strong>\u00a0permettant aux femmes entrepreneures de surmonter les barri\u00e8res traditionnelles et d\u2019acc\u00e9der \u00e0 de nouveaux march\u00e9s, y compris internationaux&#8221;. Elle a assur\u00e9 que le PNUD &#8221; continuera \u00e0 soutenir la Mauritanie afin que la transformation num\u00e9rique apporte l\u2019<strong>\u00e9galit\u00e9<\/strong>, le\u00a0<strong>d\u00e9veloppement durable<\/strong>\u00a0et la\u00a0<strong>justice sociale<\/strong>&#8220;.<\/em><\/p>\n<p>La c\u00e9r\u00e9monie s\u2019est d\u00e9roul\u00e9e en pr\u00e9sence des Secr\u00e9taires G\u00e9n\u00e9raux des minist\u00e8res du Commerce et du Tourisme, de l\u2019Action Sociale, de l\u2019Enfance et de la Famille, ainsi que des leaders du secteur de la transformation num\u00e9rique, soulignant l\u2019approche multisectorielle de ce projet d\u2019\u00e9mancipation \u00e9conomique par le digital. Cette formation marque une \u00e9tape pratique dans l\u2019engagement de la Mauritanie \u00e0 mettre le num\u00e9rique au service de l\u2019inclusion et du d\u00e9veloppement \u00e9conomique port\u00e9 par les femmes.<\/p>\n<p>&nbsp;<\/p>\n","protected":false},"excerpt":{"rendered":"<p>Le minist\u00e8re de la Transformation num\u00e9rique et de la Modernisation de l\u2019Administration a organis\u00e9, hier \u00e0 Nouakchott, une journ\u00e9e de formation strat\u00e9gique d\u00e9di\u00e9e \u00e0 la promotion de l\u2019entrepreneuriat f\u00e9minin. L\u2019accent a \u00e9t\u00e9 mis sur l\u2019utilisation du commerce \u00e9lectronique pour valoriser les produits agricoles, artisanaux et halieutiques locaux et faciliter l\u2019acc\u00e8s aux services de base en&#8230;..<\/p>\n","protected":false},"author":12,"featured_media":29286,"comment_status":"open","ping_status":"open","sticky":false,"template":"","format":"standard","meta":{"footnotes":""},"categories":[23,49],"tags":[],"class_list":["post-29285","post","type-post","status-publish","format-standard","has-post-thumbnail","hentry","category-actualite","category-economie"],"yoast_head":"<!-- This site is optimized with the Yoast SEO plugin v27.5 - https:\/\/yoast.com\/product\/yoast-seo-wordpress\/ -->\n<title>Commerce \u00e9lectronique : Formation e-commerce pour booster l\u2019entrepreneuriat f\u00e9minin dans les secteurs cl\u00e9s - Le Quotidien de Nouakchott<\/title>\n<meta name=\"robots\" content=\"index, follow, max-snippet:-1, max-image-preview:large, max-video-preview:-1\" \/>\n<link rel=\"canonical\" href=\"https:\/\/lequotidien.mr\/?p=29285&lang=fr\" \/>\n<meta property=\"og:locale\" content=\"ar_AR\" \/>\n<meta property=\"og:type\" content=\"article\" \/>\n<meta property=\"og:title\" content=\"Commerce \u00e9lectronique : Formation e-commerce pour booster l\u2019entrepreneuriat f\u00e9minin dans les secteurs cl\u00e9s - Le Quotidien de Nouakchott\" \/>\n<meta property=\"og:description\" content=\"Le minist\u00e8re de la Transformation num\u00e9rique et de la Modernisation de l\u2019Administration a organis\u00e9, hier \u00e0 Nouakchott, une journ\u00e9e de formation strat\u00e9gique d\u00e9di\u00e9e \u00e0 la promotion de l\u2019entrepreneuriat f\u00e9minin. L\u2019accent a \u00e9t\u00e9 mis sur l\u2019utilisation du commerce \u00e9lectronique pour valoriser les produits agricoles, artisanaux et halieutiques locaux et faciliter l\u2019acc\u00e8s aux services de base en.....\" \/>\n<meta property=\"og:url\" content=\"https:\/\/lequotidien.mr\/?p=29285&amp;lang=fr\" \/>\n<meta property=\"og:site_name\" content=\"Le Quotidien de Nouakchott\" \/>\n<meta property=\"article:publisher\" content=\"https:\/\/web.facebook.com\/lequotidienmr\" \/>\n<meta property=\"article:published_time\" content=\"2025-07-18T12:07:52+00:00\" \/>\n<meta property=\"og:image\" content=\"https:\/\/lequotidien.mr\/wp-content\/uploads\/2025\/07\/photo-entreneuriat-feminin.jpg\" \/>\n\t<meta property=\"og:image:width\" content=\"642\" \/>\n\t<meta property=\"og:image:height\" content=\"331\" \/>\n\t<meta property=\"og:image:type\" content=\"image\/jpeg\" \/>\n<meta name=\"author\" content=\"Med Ahmed\" \/>\n<meta name=\"twitter:card\" content=\"summary_large_image\" \/>\n<meta name=\"twitter:creator\" content=\"@lequotidienmr\" \/>\n<meta name=\"twitter:site\" content=\"@lequotidienmr\" \/>\n<meta name=\"twitter:label1\" content=\"\u0643\u064f\u062a\u0628 \u0628\u0648\u0627\u0633\u0637\u0629\" \/>\n\t<meta name=\"twitter:data1\" content=\"Med Ahmed\" \/>\n\t<meta name=\"twitter:label2\" content=\"\u0648\u0642\u062a \u0627\u0644\u0642\u0631\u0627\u0621\u0629 \u0627\u0644\u0645\u064f\u0642\u062f\u0651\u0631\" \/>\n\t<meta name=\"twitter:data2\" content=\"4 \u062f\u0642\u0627\u0626\u0642\" \/>\n<script type=\"application\/ld+json\" class=\"yoast-schema-graph\">{\"@context\":\"https:\\\/\\\/schema.org\",\"@graph\":[{\"@type\":\"Article\",\"@id\":\"https:\\\/\\\/lequotidien.mr\\\/?p=29285&lang=fr#article\",\"isPartOf\":{\"@id\":\"https:\\\/\\\/lequotidien.mr\\\/?p=29285&lang=fr\"},\"author\":{\"name\":\"Med Ahmed\",\"@id\":\"https:\\\/\\\/lequotidien.mr\\\/#\\\/schema\\\/person\\\/d2d350202a4d599685ed8abc25f97596\"},\"headline\":\"Commerce \u00e9lectronique : Formation e-commerce pour booster l\u2019entrepreneuriat f\u00e9minin dans les secteurs cl\u00e9s\",\"datePublished\":\"2025-07-18T12:07:52+00:00\",\"mainEntityOfPage\":{\"@id\":\"https:\\\/\\\/lequotidien.mr\\\/?p=29285&lang=fr\"},\"wordCount\":587,\"commentCount\":0,\"publisher\":{\"@id\":\"https:\\\/\\\/lequotidien.mr\\\/#organization\"},\"image\":{\"@id\":\"https:\\\/\\\/lequotidien.mr\\\/?p=29285&lang=fr#primaryimage\"},\"thumbnailUrl\":\"https:\\\/\\\/lequotidien.mr\\\/wp-content\\\/uploads\\\/2025\\\/07\\\/photo-entreneuriat-feminin.jpg\",\"articleSection\":[\"ACTUALIT\u00c9\",\"Economie\"],\"inLanguage\":\"ar\",\"potentialAction\":[{\"@type\":\"CommentAction\",\"name\":\"Comment\",\"target\":[\"https:\\\/\\\/lequotidien.mr\\\/?p=29285&lang=fr#respond\"]}]},{\"@type\":\"WebPage\",\"@id\":\"https:\\\/\\\/lequotidien.mr\\\/?p=29285&lang=fr\",\"url\":\"https:\\\/\\\/lequotidien.mr\\\/?p=29285&lang=fr\",\"name\":\"Commerce \u00e9lectronique : Formation e-commerce pour booster l\u2019entrepreneuriat f\u00e9minin dans les secteurs cl\u00e9s - Le Quotidien de Nouakchott\",\"isPartOf\":{\"@id\":\"https:\\\/\\\/lequotidien.mr\\\/#website\"},\"primaryImageOfPage\":{\"@id\":\"https:\\\/\\\/lequotidien.mr\\\/?p=29285&lang=fr#primaryimage\"},\"image\":{\"@id\":\"https:\\\/\\\/lequotidien.mr\\\/?p=29285&lang=fr#primaryimage\"},\"thumbnailUrl\":\"https:\\\/\\\/lequotidien.mr\\\/wp-content\\\/uploads\\\/2025\\\/07\\\/photo-entreneuriat-feminin.jpg\",\"datePublished\":\"2025-07-18T12:07:52+00:00\",\"breadcrumb\":{\"@id\":\"https:\\\/\\\/lequotidien.mr\\\/?p=29285&lang=fr#breadcrumb\"},\"inLanguage\":\"ar\",\"potentialAction\":[{\"@type\":\"ReadAction\",\"target\":[\"https:\\\/\\\/lequotidien.mr\\\/?p=29285&lang=fr\"]}]},{\"@type\":\"ImageObject\",\"inLanguage\":\"ar\",\"@id\":\"https:\\\/\\\/lequotidien.mr\\\/?p=29285&lang=fr#primaryimage\",\"url\":\"https:\\\/\\\/lequotidien.mr\\\/wp-content\\\/uploads\\\/2025\\\/07\\\/photo-entreneuriat-feminin.jpg\",\"contentUrl\":\"https:\\\/\\\/lequotidien.mr\\\/wp-content\\\/uploads\\\/2025\\\/07\\\/photo-entreneuriat-feminin.jpg\",\"width\":642,\"height\":331},{\"@type\":\"BreadcrumbList\",\"@id\":\"https:\\\/\\\/lequotidien.mr\\\/?p=29285&lang=fr#breadcrumb\",\"itemListElement\":[{\"@type\":\"ListItem\",\"position\":1,\"name\":\"Home\",\"item\":\"https:\\\/\\\/lequotidien.mr\\\/\"},{\"@type\":\"ListItem\",\"position\":2,\"name\":\"Commerce \u00e9lectronique : Formation e-commerce pour booster l\u2019entrepreneuriat f\u00e9minin dans les secteurs cl\u00e9s\"}]},{\"@type\":\"WebSite\",\"@id\":\"https:\\\/\\\/lequotidien.mr\\\/#website\",\"url\":\"https:\\\/\\\/lequotidien.mr\\\/\",\"name\":\"Le Quotidien de Nouakchott\",\"description\":\"\u0625\u062e\u0628\u0627\u0631\u064a\u0629 \u0645\u0633\u062a\u0642\u0644\u0629 \u0644\u0644\u0623\u0646\u0628\u0627\u0621 \u0627\u0644\u0639\u0627\u0645\u0629\",\"publisher\":{\"@id\":\"https:\\\/\\\/lequotidien.mr\\\/#organization\"},\"potentialAction\":[{\"@type\":\"SearchAction\",\"target\":{\"@type\":\"EntryPoint\",\"urlTemplate\":\"https:\\\/\\\/lequotidien.mr\\\/?s={search_term_string}\"},\"query-input\":{\"@type\":\"PropertyValueSpecification\",\"valueRequired\":true,\"valueName\":\"search_term_string\"}}],\"inLanguage\":\"ar\"},{\"@type\":\"Organization\",\"@id\":\"https:\\\/\\\/lequotidien.mr\\\/#organization\",\"name\":\"Le Quotidien de Nouakchott\",\"url\":\"https:\\\/\\\/lequotidien.mr\\\/\",\"logo\":{\"@type\":\"ImageObject\",\"inLanguage\":\"ar\",\"@id\":\"https:\\\/\\\/lequotidien.mr\\\/#\\\/schema\\\/logo\\\/image\\\/\",\"url\":\"https:\\\/\\\/lequotidien.mr\\\/wp-content\\\/uploads\\\/2022\\\/11\\\/logolequotidien.jpg\",\"contentUrl\":\"https:\\\/\\\/lequotidien.mr\\\/wp-content\\\/uploads\\\/2022\\\/11\\\/logolequotidien.jpg\",\"width\":290,\"height\":65,\"caption\":\"Le Quotidien de Nouakchott\"},\"image\":{\"@id\":\"https:\\\/\\\/lequotidien.mr\\\/#\\\/schema\\\/logo\\\/image\\\/\"},\"sameAs\":[\"https:\\\/\\\/web.facebook.com\\\/lequotidienmr\",\"https:\\\/\\\/x.com\\\/lequotidienmr\"]},{\"@type\":\"Person\",\"@id\":\"https:\\\/\\\/lequotidien.mr\\\/#\\\/schema\\\/person\\\/d2d350202a4d599685ed8abc25f97596\",\"name\":\"Med Ahmed\",\"image\":{\"@type\":\"ImageObject\",\"inLanguage\":\"ar\",\"@id\":\"https:\\\/\\\/secure.gravatar.com\\\/avatar\\\/fd2acc62ed50732923d1d39c17172c9b04149f142be92310ecc69e1358f94b52?s=96&d=mm&r=g\",\"url\":\"https:\\\/\\\/secure.gravatar.com\\\/avatar\\\/fd2acc62ed50732923d1d39c17172c9b04149f142be92310ecc69e1358f94b52?s=96&d=mm&r=g\",\"contentUrl\":\"https:\\\/\\\/secure.gravatar.com\\\/avatar\\\/fd2acc62ed50732923d1d39c17172c9b04149f142be92310ecc69e1358f94b52?s=96&d=mm&r=g\",\"caption\":\"Med Ahmed\"},\"url\":\"https:\\\/\\\/lequotidien.mr\\\/?author=12\"}]}<\/script>\n<!-- \/ Yoast SEO plugin. -->","yoast_head_json":{"title":"Commerce \u00e9lectronique : Formation e-commerce pour booster l\u2019entrepreneuriat f\u00e9minin dans les secteurs cl\u00e9s - Le Quotidien de Nouakchott","robots":{"index":"index","follow":"follow","max-snippet":"max-snippet:-1","max-image-preview":"max-image-preview:large","max-video-preview":"max-video-preview:-1"},"canonical":"https:\/\/lequotidien.mr\/?p=29285&lang=fr","og_locale":"ar_AR","og_type":"article","og_title":"Commerce \u00e9lectronique : Formation e-commerce pour booster l\u2019entrepreneuriat f\u00e9minin dans les secteurs cl\u00e9s - Le Quotidien de Nouakchott","og_description":"Le minist\u00e8re de la Transformation num\u00e9rique et de la Modernisation de l\u2019Administration a organis\u00e9, hier \u00e0 Nouakchott, une journ\u00e9e de formation strat\u00e9gique d\u00e9di\u00e9e \u00e0 la promotion de l\u2019entrepreneuriat f\u00e9minin. L\u2019accent a \u00e9t\u00e9 mis sur l\u2019utilisation du commerce \u00e9lectronique pour valoriser les produits agricoles, artisanaux et halieutiques locaux et faciliter l\u2019acc\u00e8s aux services de base en.....","og_url":"https:\/\/lequotidien.mr\/?p=29285&lang=fr","og_site_name":"Le Quotidien de Nouakchott","article_publisher":"https:\/\/web.facebook.com\/lequotidienmr","article_published_time":"2025-07-18T12:07:52+00:00","og_image":[{"width":642,"height":331,"url":"https:\/\/lequotidien.mr\/wp-content\/uploads\/2025\/07\/photo-entreneuriat-feminin.jpg","type":"image\/jpeg"}],"author":"Med Ahmed","twitter_card":"summary_large_image","twitter_creator":"@lequotidienmr","twitter_site":"@lequotidienmr","twitter_misc":{"\u0643\u064f\u062a\u0628 \u0628\u0648\u0627\u0633\u0637\u0629":"Med Ahmed","\u0648\u0642\u062a \u0627\u0644\u0642\u0631\u0627\u0621\u0629 \u0627\u0644\u0645\u064f\u0642\u062f\u0651\u0631":"4 \u062f\u0642\u0627\u0626\u0642"},"schema":{"@context":"https:\/\/schema.org","@graph":[{"@type":"Article","@id":"https:\/\/lequotidien.mr\/?p=29285&lang=fr#article","isPartOf":{"@id":"https:\/\/lequotidien.mr\/?p=29285&lang=fr"},"author":{"name":"Med Ahmed","@id":"https:\/\/lequotidien.mr\/#\/schema\/person\/d2d350202a4d599685ed8abc25f97596"},"headline":"Commerce \u00e9lectronique : Formation e-commerce pour booster l\u2019entrepreneuriat f\u00e9minin dans les secteurs cl\u00e9s","datePublished":"2025-07-18T12:07:52+00:00","mainEntityOfPage":{"@id":"https:\/\/lequotidien.mr\/?p=29285&lang=fr"},"wordCount":587,"commentCount":0,"publisher":{"@id":"https:\/\/lequotidien.mr\/#organization"},"image":{"@id":"https:\/\/lequotidien.mr\/?p=29285&lang=fr#primaryimage"},"thumbnailUrl":"https:\/\/lequotidien.mr\/wp-content\/uploads\/2025\/07\/photo-entreneuriat-feminin.jpg","articleSection":["ACTUALIT\u00c9","Economie"],"inLanguage":"ar","potentialAction":[{"@type":"CommentAction","name":"Comment","target":["https:\/\/lequotidien.mr\/?p=29285&lang=fr#respond"]}]},{"@type":"WebPage","@id":"https:\/\/lequotidien.mr\/?p=29285&lang=fr","url":"https:\/\/lequotidien.mr\/?p=29285&lang=fr","name":"Commerce \u00e9lectronique : Formation e-commerce pour booster l\u2019entrepreneuriat f\u00e9minin dans les secteurs cl\u00e9s - Le Quotidien de Nouakchott","isPartOf":{"@id":"https:\/\/lequotidien.mr\/#website"},"primaryImageOfPage":{"@id":"https:\/\/lequotidien.mr\/?p=29285&lang=fr#primaryimage"},"image":{"@id":"https:\/\/lequotidien.mr\/?p=29285&lang=fr#primaryimage"},"thumbnailUrl":"https:\/\/lequotidien.mr\/wp-content\/uploads\/2025\/07\/photo-entreneuriat-feminin.jpg","datePublished":"2025-07-18T12:07:52+00:00","breadcrumb":{"@id":"https:\/\/lequotidien.mr\/?p=29285&lang=fr#breadcrumb"},"inLanguage":"ar","potentialAction":[{"@type":"ReadAction","target":["https:\/\/lequotidien.mr\/?p=29285&lang=fr"]}]},{"@type":"ImageObject","inLanguage":"ar","@id":"https:\/\/lequotidien.mr\/?p=29285&lang=fr#primaryimage","url":"https:\/\/lequotidien.mr\/wp-content\/uploads\/2025\/07\/photo-entreneuriat-feminin.jpg","contentUrl":"https:\/\/lequotidien.mr\/wp-content\/uploads\/2025\/07\/photo-entreneuriat-feminin.jpg","width":642,"height":331},{"@type":"BreadcrumbList","@id":"https:\/\/lequotidien.mr\/?p=29285&lang=fr#breadcrumb","itemListElement":[{"@type":"ListItem","position":1,"name":"Home","item":"https:\/\/lequotidien.mr\/"},{"@type":"ListItem","position":2,"name":"Commerce \u00e9lectronique : Formation e-commerce pour booster l\u2019entrepreneuriat f\u00e9minin dans les secteurs cl\u00e9s"}]},{"@type":"WebSite","@id":"https:\/\/lequotidien.mr\/#website","url":"https:\/\/lequotidien.mr\/","name":"Le Quotidien de Nouakchott","description":"\u0625\u062e\u0628\u0627\u0631\u064a\u0629 \u0645\u0633\u062a\u0642\u0644\u0629 \u0644\u0644\u0623\u0646\u0628\u0627\u0621 \u0627\u0644\u0639\u0627\u0645\u0629","publisher":{"@id":"https:\/\/lequotidien.mr\/#organization"},"potentialAction":[{"@type":"SearchAction","target":{"@type":"EntryPoint","urlTemplate":"https:\/\/lequotidien.mr\/?s={search_term_string}"},"query-input":{"@type":"PropertyValueSpecification","valueRequired":true,"valueName":"search_term_string"}}],"inLanguage":"ar"},{"@type":"Organization","@id":"https:\/\/lequotidien.mr\/#organization","name":"Le Quotidien de Nouakchott","url":"https:\/\/lequotidien.mr\/","logo":{"@type":"ImageObject","inLanguage":"ar","@id":"https:\/\/lequotidien.mr\/#\/schema\/logo\/image\/","url":"https:\/\/lequotidien.mr\/wp-content\/uploads\/2022\/11\/logolequotidien.jpg","contentUrl":"https:\/\/lequotidien.mr\/wp-content\/uploads\/2022\/11\/logolequotidien.jpg","width":290,"height":65,"caption":"Le Quotidien de Nouakchott"},"image":{"@id":"https:\/\/lequotidien.mr\/#\/schema\/logo\/image\/"},"sameAs":["https:\/\/web.facebook.com\/lequotidienmr","https:\/\/x.com\/lequotidienmr"]},{"@type":"Person","@id":"https:\/\/lequotidien.mr\/#\/schema\/person\/d2d350202a4d599685ed8abc25f97596","name":"Med Ahmed","image":{"@type":"ImageObject","inLanguage":"ar","@id":"https:\/\/secure.gravatar.com\/avatar\/fd2acc62ed50732923d1d39c17172c9b04149f142be92310ecc69e1358f94b52?s=96&d=mm&r=g","url":"https:\/\/secure.gravatar.com\/avatar\/fd2acc62ed50732923d1d39c17172c9b04149f142be92310ecc69e1358f94b52?s=96&d=mm&r=g","contentUrl":"https:\/\/secure.gravatar.com\/avatar\/fd2acc62ed50732923d1d39c17172c9b04149f142be92310ecc69e1358f94b52?s=96&d=mm&r=g","caption":"Med Ahmed"},"url":"https:\/\/lequotidien.mr\/?author=12"}]}},"_links":{"self":[{"href":"https:\/\/lequotidien.mr\/index.php?rest_route=\/wp\/v2\/posts\/29285","targetHints":{"allow":["GET"]}}],"collection":[{"href":"https:\/\/lequotidien.mr\/index.php?rest_route=\/wp\/v2\/posts"}],"about":[{"href":"https:\/\/lequotidien.mr\/index.php?rest_route=\/wp\/v2\/types\/post"}],"author":[{"embeddable":true,"href":"https:\/\/lequotidien.mr\/index.php?rest_route=\/wp\/v2\/users\/12"}],"replies":[{"embeddable":true,"href":"https:\/\/lequotidien.mr\/index.php?rest_route=%2Fwp%2Fv2%2Fcomments&post=29285"}],"version-history":[{"count":1,"href":"https:\/\/lequotidien.mr\/index.php?rest_route=\/wp\/v2\/posts\/29285\/revisions"}],"predecessor-version":[{"id":29287,"href":"https:\/\/lequotidien.mr\/index.php?rest_route=\/wp\/v2\/posts\/29285\/revisions\/29287"}],"wp:featuredmedia":[{"embeddable":true,"href":"https:\/\/lequotidien.mr\/index.php?rest_route=\/wp\/v2\/media\/29286"}],"wp:attachment":[{"href":"https:\/\/lequotidien.mr\/index.php?rest_route=%2Fwp%2Fv2%2Fmedia&parent=29285"}],"wp:term":[{"taxonomy":"category","embeddable":true,"href":"https:\/\/lequotidien.mr\/index.php?rest_route=%2Fwp%2Fv2%2Fcategories&post=29285"},{"taxonomy":"post_tag","embeddable":true,"href":"https:\/\/lequotidien.mr\/index.php?rest_route=%2Fwp%2Fv2%2Ftags&post=29285"}],"curies":[{"name":"wp","href":"https:\/\/api.w.org\/{rel}","templated":true}]}}