{"id":29279,"date":"2025-07-18T11:10:07","date_gmt":"2025-07-18T11:10:07","guid":{"rendered":"https:\/\/lequotidien.mr\/?p=29279"},"modified":"2025-07-18T11:10:07","modified_gmt":"2025-07-18T11:10:07","slug":"abidjan-cote-divoire-lanesp-integre-officiellement-lafricatip-lors-dune-assemblee-generale-de-cette-institution-regionale","status":"publish","type":"post","link":"https:\/\/lequotidien.mr\/?p=29279&lang=fr","title":{"rendered":"Abidjan\/C\u00f4te d\u2019Ivoire : L&#8217;ANESP int\u00e8gre officiellement l&#8217;AFRICATIP lors d&#8217;une Assembl\u00e9e G\u00e9n\u00e9rale de cette institution r\u00e9gionale"},"content":{"rendered":"<p>L&#8217;Agence nationale d\u2019ex\u00e9cution et de suivi des projets (ANESP) de Mauritanie vient de franchir une \u00e9tape majeure en devenant membre \u00e0 part enti\u00e8re de l\u2019Union africaine des agences d\u2019ex\u00e9cution des travaux d\u2019int\u00e9r\u00eat public (AFRICATIP). Cette adh\u00e9sion a \u00e9t\u00e9 formellement approuv\u00e9e ce mercredi lors de l\u2019Assembl\u00e9e g\u00e9n\u00e9rale et de la r\u00e9union du Conseil ex\u00e9cutif de l\u2019organisation, tenues \u00e0 Abidjan.<\/p>\n<p>Pour porter la candidature mauritanienne et repr\u00e9senter l&#8217;ANESP lors de ce rendez-vous continental, une d\u00e9l\u00e9gation de haut niveau \u00e9tait pr\u00e9sente, conduite par sa Directrice g\u00e9n\u00e9rale,\u00a0<strong>Mme Maimouna Ahmed Salem<\/strong>. Elle \u00e9tait accompagn\u00e9e de\u00a0<strong>M. Mohamed Mohamed Lemine<\/strong>, Directeur technique, et de\u00a0<strong>M. Cheikh Tijane Diagana<\/strong>, Directeur administratif et financier. Cette \u00e9quipe a officiellement pr\u00e9sent\u00e9 et d\u00e9fendu le dossier de candidature de l&#8217;ANESP devant les instances dirigeantes de l&#8217;AFRICATIP.<\/p>\n<p>L&#8217;int\u00e9gration de l&#8217;ANESP au sein de l&#8217;AFRICATIP rev\u00eat une importance strat\u00e9gique. Fond\u00e9e en 1994, l&#8217;AFRICATIP est une institution r\u00e9gionale pionni\u00e8re qui f\u00e9d\u00e8re environ 20 agences nationales sp\u00e9cialis\u00e9es dans l&#8217;ex\u00e9cution de projets publics, op\u00e9rant dans 17 pays africains. Elle constitue une plateforme unique de coop\u00e9ration et d&#8217;\u00e9change pour ces structures cl\u00e9s du d\u00e9veloppement infrastructurel du continent.<\/p>\n<p>La mission centrale de l&#8217;AFRICATIP est de : <strong>Renforcer l&#8217;\u00e9change d&#8217;exp\u00e9riences et de savoir-faire<\/strong>\u00a0entre les agences membres\u00a0; <strong>Coordonner les efforts de renforcement des capacit\u00e9s<\/strong>\u00a0techniques, manag\u00e9riales et op\u00e9rationnelles\u00a0; et de <strong>Permettre aux agences de relever ensemble les d\u00e9fis communs<\/strong>\u00a0li\u00e9s \u00e0 l&#8217;ex\u00e9cution efficace des travaux publics et des grands projets de d\u00e9veloppement \u00e0 l&#8217;\u00e9chelle africaine.<\/p>\n<p>En adh\u00e9rant \u00e0 ce r\u00e9seau prestigieux, l&#8217;ANESP b\u00e9n\u00e9ficiera d&#8217;un acc\u00e8s privil\u00e9gi\u00e9 \u00e0 l&#8217;expertise accumul\u00e9e par ses pairs, aux bonnes pratiques \u00e9prouv\u00e9es \u00e0 travers le continent et \u00e0 des opportunit\u00e9s de formation et de partenariat. Cela lui permettra de renforcer significativement ses propres capacit\u00e9s d&#8217;ex\u00e9cution et de suivi de projets, au service du d\u00e9veloppement de la Mauritanie et de sa contribution aux dynamiques r\u00e9gionales.<\/p>\n<p>Cette adh\u00e9sion couronne les efforts de l&#8217;ANESP et constitue une reconnaissance de son r\u00f4le dans le paysage mauritanien des grands projets. Elle ouvre \u00e9galement des perspectives concr\u00e8tes pour l&#8217;agence, d\u00e9sormais connect\u00e9e \u00e0 un r\u00e9seau continental dynamique d\u00e9di\u00e9 \u00e0 l&#8217;am\u00e9lioration continue de l&#8217;ex\u00e9cution des travaux d&#8217;int\u00e9r\u00eat public en Afrique. L&#8217;ANESP pourra d\u00e9sormais contribuer activement et b\u00e9n\u00e9ficier de la coop\u00e9ration sud-sud institutionnelle que promeut l&#8217;AFRICATIP.<\/p>\n<p>&nbsp;<\/p>\n","protected":false},"excerpt":{"rendered":"<p>L&#8217;Agence nationale d\u2019ex\u00e9cution et de suivi des projets (ANESP) de Mauritanie vient de franchir une \u00e9tape majeure en devenant membre \u00e0 part enti\u00e8re de l\u2019Union africaine des agences d\u2019ex\u00e9cution des travaux d\u2019int\u00e9r\u00eat public (AFRICATIP). Cette adh\u00e9sion a \u00e9t\u00e9 formellement approuv\u00e9e ce mercredi lors de l\u2019Assembl\u00e9e g\u00e9n\u00e9rale et de la r\u00e9union du Conseil ex\u00e9cutif de l\u2019organisation,&#8230;..<\/p>\n","protected":false},"author":12,"featured_media":29280,"comment_status":"open","ping_status":"open","sticky":false,"template":"","format":"standard","meta":{"footnotes":""},"categories":[23,49],"tags":[],"class_list":["post-29279","post","type-post","status-publish","format-standard","has-post-thumbnail","hentry","category-actualite","category-economie"],"yoast_head":"<!-- This site is optimized with the Yoast SEO plugin v27.5 - https:\/\/yoast.com\/product\/yoast-seo-wordpress\/ -->\n<title>Abidjan\/C\u00f4te d\u2019Ivoire : L&#039;ANESP int\u00e8gre officiellement l&#039;AFRICATIP lors d&#039;une Assembl\u00e9e G\u00e9n\u00e9rale de cette institution r\u00e9gionale - Le Quotidien de Nouakchott<\/title>\n<meta name=\"robots\" content=\"index, follow, max-snippet:-1, max-image-preview:large, max-video-preview:-1\" \/>\n<link rel=\"canonical\" href=\"https:\/\/lequotidien.mr\/?p=29279&lang=fr\" \/>\n<meta property=\"og:locale\" content=\"ar_AR\" \/>\n<meta property=\"og:type\" content=\"article\" \/>\n<meta property=\"og:title\" content=\"Abidjan\/C\u00f4te d\u2019Ivoire : L&#039;ANESP int\u00e8gre officiellement l&#039;AFRICATIP lors d&#039;une Assembl\u00e9e G\u00e9n\u00e9rale de cette institution r\u00e9gionale - Le Quotidien de Nouakchott\" \/>\n<meta property=\"og:description\" content=\"L&#8217;Agence nationale d\u2019ex\u00e9cution et de suivi des projets (ANESP) de Mauritanie vient de franchir une \u00e9tape majeure en devenant membre \u00e0 part enti\u00e8re de l\u2019Union africaine des agences d\u2019ex\u00e9cution des travaux d\u2019int\u00e9r\u00eat public (AFRICATIP). Cette adh\u00e9sion a \u00e9t\u00e9 formellement approuv\u00e9e ce mercredi lors de l\u2019Assembl\u00e9e g\u00e9n\u00e9rale et de la r\u00e9union du Conseil ex\u00e9cutif de l\u2019organisation,.....\" \/>\n<meta property=\"og:url\" content=\"https:\/\/lequotidien.mr\/?p=29279&amp;lang=fr\" \/>\n<meta property=\"og:site_name\" content=\"Le Quotidien de Nouakchott\" \/>\n<meta property=\"article:publisher\" content=\"https:\/\/web.facebook.com\/lequotidienmr\" \/>\n<meta property=\"article:published_time\" content=\"2025-07-18T11:10:07+00:00\" \/>\n<meta property=\"og:image\" content=\"https:\/\/lequotidien.mr\/wp-content\/uploads\/2025\/07\/photo-Tvx-publics.jpg\" \/>\n\t<meta property=\"og:image:width\" content=\"750\" \/>\n\t<meta property=\"og:image:height\" content=\"430\" \/>\n\t<meta property=\"og:image:type\" content=\"image\/jpeg\" \/>\n<meta name=\"author\" content=\"Med Ahmed\" \/>\n<meta name=\"twitter:card\" content=\"summary_large_image\" \/>\n<meta name=\"twitter:creator\" content=\"@lequotidienmr\" \/>\n<meta name=\"twitter:site\" content=\"@lequotidienmr\" \/>\n<meta name=\"twitter:label1\" content=\"\u0643\u064f\u062a\u0628 \u0628\u0648\u0627\u0633\u0637\u0629\" \/>\n\t<meta name=\"twitter:data1\" content=\"Med Ahmed\" \/>\n\t<meta name=\"twitter:label2\" content=\"\u0648\u0642\u062a \u0627\u0644\u0642\u0631\u0627\u0621\u0629 \u0627\u0644\u0645\u064f\u0642\u062f\u0651\u0631\" \/>\n\t<meta name=\"twitter:data2\" content=\"3 \u062f\u0642\u0627\u0626\u0642\" \/>\n<script type=\"application\/ld+json\" class=\"yoast-schema-graph\">{\"@context\":\"https:\\\/\\\/schema.org\",\"@graph\":[{\"@type\":\"Article\",\"@id\":\"https:\\\/\\\/lequotidien.mr\\\/?p=29279&lang=fr#article\",\"isPartOf\":{\"@id\":\"https:\\\/\\\/lequotidien.mr\\\/?p=29279&lang=fr\"},\"author\":{\"name\":\"Med Ahmed\",\"@id\":\"https:\\\/\\\/lequotidien.mr\\\/#\\\/schema\\\/person\\\/d2d350202a4d599685ed8abc25f97596\"},\"headline\":\"Abidjan\\\/C\u00f4te d\u2019Ivoire : L&#8217;ANESP int\u00e8gre officiellement l&#8217;AFRICATIP lors d&#8217;une Assembl\u00e9e G\u00e9n\u00e9rale de cette institution r\u00e9gionale\",\"datePublished\":\"2025-07-18T11:10:07+00:00\",\"mainEntityOfPage\":{\"@id\":\"https:\\\/\\\/lequotidien.mr\\\/?p=29279&lang=fr\"},\"wordCount\":479,\"commentCount\":0,\"publisher\":{\"@id\":\"https:\\\/\\\/lequotidien.mr\\\/#organization\"},\"image\":{\"@id\":\"https:\\\/\\\/lequotidien.mr\\\/?p=29279&lang=fr#primaryimage\"},\"thumbnailUrl\":\"https:\\\/\\\/lequotidien.mr\\\/wp-content\\\/uploads\\\/2025\\\/07\\\/photo-Tvx-publics.jpg\",\"articleSection\":[\"ACTUALIT\u00c9\",\"Economie\"],\"inLanguage\":\"ar\",\"potentialAction\":[{\"@type\":\"CommentAction\",\"name\":\"Comment\",\"target\":[\"https:\\\/\\\/lequotidien.mr\\\/?p=29279&lang=fr#respond\"]}]},{\"@type\":\"WebPage\",\"@id\":\"https:\\\/\\\/lequotidien.mr\\\/?p=29279&lang=fr\",\"url\":\"https:\\\/\\\/lequotidien.mr\\\/?p=29279&lang=fr\",\"name\":\"Abidjan\\\/C\u00f4te d\u2019Ivoire : L'ANESP int\u00e8gre officiellement l'AFRICATIP lors d'une Assembl\u00e9e G\u00e9n\u00e9rale de cette institution r\u00e9gionale - Le Quotidien de Nouakchott\",\"isPartOf\":{\"@id\":\"https:\\\/\\\/lequotidien.mr\\\/#website\"},\"primaryImageOfPage\":{\"@id\":\"https:\\\/\\\/lequotidien.mr\\\/?p=29279&lang=fr#primaryimage\"},\"image\":{\"@id\":\"https:\\\/\\\/lequotidien.mr\\\/?p=29279&lang=fr#primaryimage\"},\"thumbnailUrl\":\"https:\\\/\\\/lequotidien.mr\\\/wp-content\\\/uploads\\\/2025\\\/07\\\/photo-Tvx-publics.jpg\",\"datePublished\":\"2025-07-18T11:10:07+00:00\",\"breadcrumb\":{\"@id\":\"https:\\\/\\\/lequotidien.mr\\\/?p=29279&lang=fr#breadcrumb\"},\"inLanguage\":\"ar\",\"potentialAction\":[{\"@type\":\"ReadAction\",\"target\":[\"https:\\\/\\\/lequotidien.mr\\\/?p=29279&lang=fr\"]}]},{\"@type\":\"ImageObject\",\"inLanguage\":\"ar\",\"@id\":\"https:\\\/\\\/lequotidien.mr\\\/?p=29279&lang=fr#primaryimage\",\"url\":\"https:\\\/\\\/lequotidien.mr\\\/wp-content\\\/uploads\\\/2025\\\/07\\\/photo-Tvx-publics.jpg\",\"contentUrl\":\"https:\\\/\\\/lequotidien.mr\\\/wp-content\\\/uploads\\\/2025\\\/07\\\/photo-Tvx-publics.jpg\",\"width\":750,\"height\":430},{\"@type\":\"BreadcrumbList\",\"@id\":\"https:\\\/\\\/lequotidien.mr\\\/?p=29279&lang=fr#breadcrumb\",\"itemListElement\":[{\"@type\":\"ListItem\",\"position\":1,\"name\":\"Home\",\"item\":\"https:\\\/\\\/lequotidien.mr\\\/\"},{\"@type\":\"ListItem\",\"position\":2,\"name\":\"Abidjan\\\/C\u00f4te d\u2019Ivoire : L&rsquo;ANESP int\u00e8gre officiellement l&rsquo;AFRICATIP lors d&rsquo;une Assembl\u00e9e G\u00e9n\u00e9rale de cette institution r\u00e9gionale\"}]},{\"@type\":\"WebSite\",\"@id\":\"https:\\\/\\\/lequotidien.mr\\\/#website\",\"url\":\"https:\\\/\\\/lequotidien.mr\\\/\",\"name\":\"Le Quotidien de Nouakchott\",\"description\":\"\u0625\u062e\u0628\u0627\u0631\u064a\u0629 \u0645\u0633\u062a\u0642\u0644\u0629 \u0644\u0644\u0623\u0646\u0628\u0627\u0621 \u0627\u0644\u0639\u0627\u0645\u0629\",\"publisher\":{\"@id\":\"https:\\\/\\\/lequotidien.mr\\\/#organization\"},\"potentialAction\":[{\"@type\":\"SearchAction\",\"target\":{\"@type\":\"EntryPoint\",\"urlTemplate\":\"https:\\\/\\\/lequotidien.mr\\\/?s={search_term_string}\"},\"query-input\":{\"@type\":\"PropertyValueSpecification\",\"valueRequired\":true,\"valueName\":\"search_term_string\"}}],\"inLanguage\":\"ar\"},{\"@type\":\"Organization\",\"@id\":\"https:\\\/\\\/lequotidien.mr\\\/#organization\",\"name\":\"Le Quotidien de Nouakchott\",\"url\":\"https:\\\/\\\/lequotidien.mr\\\/\",\"logo\":{\"@type\":\"ImageObject\",\"inLanguage\":\"ar\",\"@id\":\"https:\\\/\\\/lequotidien.mr\\\/#\\\/schema\\\/logo\\\/image\\\/\",\"url\":\"https:\\\/\\\/lequotidien.mr\\\/wp-content\\\/uploads\\\/2022\\\/11\\\/logolequotidien.jpg\",\"contentUrl\":\"https:\\\/\\\/lequotidien.mr\\\/wp-content\\\/uploads\\\/2022\\\/11\\\/logolequotidien.jpg\",\"width\":290,\"height\":65,\"caption\":\"Le Quotidien de Nouakchott\"},\"image\":{\"@id\":\"https:\\\/\\\/lequotidien.mr\\\/#\\\/schema\\\/logo\\\/image\\\/\"},\"sameAs\":[\"https:\\\/\\\/web.facebook.com\\\/lequotidienmr\",\"https:\\\/\\\/x.com\\\/lequotidienmr\"]},{\"@type\":\"Person\",\"@id\":\"https:\\\/\\\/lequotidien.mr\\\/#\\\/schema\\\/person\\\/d2d350202a4d599685ed8abc25f97596\",\"name\":\"Med Ahmed\",\"image\":{\"@type\":\"ImageObject\",\"inLanguage\":\"ar\",\"@id\":\"https:\\\/\\\/secure.gravatar.com\\\/avatar\\\/fd2acc62ed50732923d1d39c17172c9b04149f142be92310ecc69e1358f94b52?s=96&d=mm&r=g\",\"url\":\"https:\\\/\\\/secure.gravatar.com\\\/avatar\\\/fd2acc62ed50732923d1d39c17172c9b04149f142be92310ecc69e1358f94b52?s=96&d=mm&r=g\",\"contentUrl\":\"https:\\\/\\\/secure.gravatar.com\\\/avatar\\\/fd2acc62ed50732923d1d39c17172c9b04149f142be92310ecc69e1358f94b52?s=96&d=mm&r=g\",\"caption\":\"Med Ahmed\"},\"url\":\"https:\\\/\\\/lequotidien.mr\\\/?author=12\"}]}<\/script>\n<!-- \/ Yoast SEO plugin. -->","yoast_head_json":{"title":"Abidjan\/C\u00f4te d\u2019Ivoire : L'ANESP int\u00e8gre officiellement l'AFRICATIP lors d'une Assembl\u00e9e G\u00e9n\u00e9rale de cette institution r\u00e9gionale - Le Quotidien de Nouakchott","robots":{"index":"index","follow":"follow","max-snippet":"max-snippet:-1","max-image-preview":"max-image-preview:large","max-video-preview":"max-video-preview:-1"},"canonical":"https:\/\/lequotidien.mr\/?p=29279&lang=fr","og_locale":"ar_AR","og_type":"article","og_title":"Abidjan\/C\u00f4te d\u2019Ivoire : L'ANESP int\u00e8gre officiellement l'AFRICATIP lors d'une Assembl\u00e9e G\u00e9n\u00e9rale de cette institution r\u00e9gionale - Le Quotidien de Nouakchott","og_description":"L&#8217;Agence nationale d\u2019ex\u00e9cution et de suivi des projets (ANESP) de Mauritanie vient de franchir une \u00e9tape majeure en devenant membre \u00e0 part enti\u00e8re de l\u2019Union africaine des agences d\u2019ex\u00e9cution des travaux d\u2019int\u00e9r\u00eat public (AFRICATIP). Cette adh\u00e9sion a \u00e9t\u00e9 formellement approuv\u00e9e ce mercredi lors de l\u2019Assembl\u00e9e g\u00e9n\u00e9rale et de la r\u00e9union du Conseil ex\u00e9cutif de l\u2019organisation,.....","og_url":"https:\/\/lequotidien.mr\/?p=29279&lang=fr","og_site_name":"Le Quotidien de Nouakchott","article_publisher":"https:\/\/web.facebook.com\/lequotidienmr","article_published_time":"2025-07-18T11:10:07+00:00","og_image":[{"width":750,"height":430,"url":"https:\/\/lequotidien.mr\/wp-content\/uploads\/2025\/07\/photo-Tvx-publics.jpg","type":"image\/jpeg"}],"author":"Med Ahmed","twitter_card":"summary_large_image","twitter_creator":"@lequotidienmr","twitter_site":"@lequotidienmr","twitter_misc":{"\u0643\u064f\u062a\u0628 \u0628\u0648\u0627\u0633\u0637\u0629":"Med Ahmed","\u0648\u0642\u062a \u0627\u0644\u0642\u0631\u0627\u0621\u0629 \u0627\u0644\u0645\u064f\u0642\u062f\u0651\u0631":"3 \u062f\u0642\u0627\u0626\u0642"},"schema":{"@context":"https:\/\/schema.org","@graph":[{"@type":"Article","@id":"https:\/\/lequotidien.mr\/?p=29279&lang=fr#article","isPartOf":{"@id":"https:\/\/lequotidien.mr\/?p=29279&lang=fr"},"author":{"name":"Med Ahmed","@id":"https:\/\/lequotidien.mr\/#\/schema\/person\/d2d350202a4d599685ed8abc25f97596"},"headline":"Abidjan\/C\u00f4te d\u2019Ivoire : L&#8217;ANESP int\u00e8gre officiellement l&#8217;AFRICATIP lors d&#8217;une Assembl\u00e9e G\u00e9n\u00e9rale de cette institution r\u00e9gionale","datePublished":"2025-07-18T11:10:07+00:00","mainEntityOfPage":{"@id":"https:\/\/lequotidien.mr\/?p=29279&lang=fr"},"wordCount":479,"commentCount":0,"publisher":{"@id":"https:\/\/lequotidien.mr\/#organization"},"image":{"@id":"https:\/\/lequotidien.mr\/?p=29279&lang=fr#primaryimage"},"thumbnailUrl":"https:\/\/lequotidien.mr\/wp-content\/uploads\/2025\/07\/photo-Tvx-publics.jpg","articleSection":["ACTUALIT\u00c9","Economie"],"inLanguage":"ar","potentialAction":[{"@type":"CommentAction","name":"Comment","target":["https:\/\/lequotidien.mr\/?p=29279&lang=fr#respond"]}]},{"@type":"WebPage","@id":"https:\/\/lequotidien.mr\/?p=29279&lang=fr","url":"https:\/\/lequotidien.mr\/?p=29279&lang=fr","name":"Abidjan\/C\u00f4te d\u2019Ivoire : L'ANESP int\u00e8gre officiellement l'AFRICATIP lors d'une Assembl\u00e9e G\u00e9n\u00e9rale de cette institution r\u00e9gionale - Le Quotidien de Nouakchott","isPartOf":{"@id":"https:\/\/lequotidien.mr\/#website"},"primaryImageOfPage":{"@id":"https:\/\/lequotidien.mr\/?p=29279&lang=fr#primaryimage"},"image":{"@id":"https:\/\/lequotidien.mr\/?p=29279&lang=fr#primaryimage"},"thumbnailUrl":"https:\/\/lequotidien.mr\/wp-content\/uploads\/2025\/07\/photo-Tvx-publics.jpg","datePublished":"2025-07-18T11:10:07+00:00","breadcrumb":{"@id":"https:\/\/lequotidien.mr\/?p=29279&lang=fr#breadcrumb"},"inLanguage":"ar","potentialAction":[{"@type":"ReadAction","target":["https:\/\/lequotidien.mr\/?p=29279&lang=fr"]}]},{"@type":"ImageObject","inLanguage":"ar","@id":"https:\/\/lequotidien.mr\/?p=29279&lang=fr#primaryimage","url":"https:\/\/lequotidien.mr\/wp-content\/uploads\/2025\/07\/photo-Tvx-publics.jpg","contentUrl":"https:\/\/lequotidien.mr\/wp-content\/uploads\/2025\/07\/photo-Tvx-publics.jpg","width":750,"height":430},{"@type":"BreadcrumbList","@id":"https:\/\/lequotidien.mr\/?p=29279&lang=fr#breadcrumb","itemListElement":[{"@type":"ListItem","position":1,"name":"Home","item":"https:\/\/lequotidien.mr\/"},{"@type":"ListItem","position":2,"name":"Abidjan\/C\u00f4te d\u2019Ivoire : L&rsquo;ANESP int\u00e8gre officiellement l&rsquo;AFRICATIP lors d&rsquo;une Assembl\u00e9e G\u00e9n\u00e9rale de cette institution r\u00e9gionale"}]},{"@type":"WebSite","@id":"https:\/\/lequotidien.mr\/#website","url":"https:\/\/lequotidien.mr\/","name":"Le Quotidien de Nouakchott","description":"\u0625\u062e\u0628\u0627\u0631\u064a\u0629 \u0645\u0633\u062a\u0642\u0644\u0629 \u0644\u0644\u0623\u0646\u0628\u0627\u0621 \u0627\u0644\u0639\u0627\u0645\u0629","publisher":{"@id":"https:\/\/lequotidien.mr\/#organization"},"potentialAction":[{"@type":"SearchAction","target":{"@type":"EntryPoint","urlTemplate":"https:\/\/lequotidien.mr\/?s={search_term_string}"},"query-input":{"@type":"PropertyValueSpecification","valueRequired":true,"valueName":"search_term_string"}}],"inLanguage":"ar"},{"@type":"Organization","@id":"https:\/\/lequotidien.mr\/#organization","name":"Le Quotidien de Nouakchott","url":"https:\/\/lequotidien.mr\/","logo":{"@type":"ImageObject","inLanguage":"ar","@id":"https:\/\/lequotidien.mr\/#\/schema\/logo\/image\/","url":"https:\/\/lequotidien.mr\/wp-content\/uploads\/2022\/11\/logolequotidien.jpg","contentUrl":"https:\/\/lequotidien.mr\/wp-content\/uploads\/2022\/11\/logolequotidien.jpg","width":290,"height":65,"caption":"Le Quotidien de Nouakchott"},"image":{"@id":"https:\/\/lequotidien.mr\/#\/schema\/logo\/image\/"},"sameAs":["https:\/\/web.facebook.com\/lequotidienmr","https:\/\/x.com\/lequotidienmr"]},{"@type":"Person","@id":"https:\/\/lequotidien.mr\/#\/schema\/person\/d2d350202a4d599685ed8abc25f97596","name":"Med Ahmed","image":{"@type":"ImageObject","inLanguage":"ar","@id":"https:\/\/secure.gravatar.com\/avatar\/fd2acc62ed50732923d1d39c17172c9b04149f142be92310ecc69e1358f94b52?s=96&d=mm&r=g","url":"https:\/\/secure.gravatar.com\/avatar\/fd2acc62ed50732923d1d39c17172c9b04149f142be92310ecc69e1358f94b52?s=96&d=mm&r=g","contentUrl":"https:\/\/secure.gravatar.com\/avatar\/fd2acc62ed50732923d1d39c17172c9b04149f142be92310ecc69e1358f94b52?s=96&d=mm&r=g","caption":"Med Ahmed"},"url":"https:\/\/lequotidien.mr\/?author=12"}]}},"_links":{"self":[{"href":"https:\/\/lequotidien.mr\/index.php?rest_route=\/wp\/v2\/posts\/29279","targetHints":{"allow":["GET"]}}],"collection":[{"href":"https:\/\/lequotidien.mr\/index.php?rest_route=\/wp\/v2\/posts"}],"about":[{"href":"https:\/\/lequotidien.mr\/index.php?rest_route=\/wp\/v2\/types\/post"}],"author":[{"embeddable":true,"href":"https:\/\/lequotidien.mr\/index.php?rest_route=\/wp\/v2\/users\/12"}],"replies":[{"embeddable":true,"href":"https:\/\/lequotidien.mr\/index.php?rest_route=%2Fwp%2Fv2%2Fcomments&post=29279"}],"version-history":[{"count":1,"href":"https:\/\/lequotidien.mr\/index.php?rest_route=\/wp\/v2\/posts\/29279\/revisions"}],"predecessor-version":[{"id":29281,"href":"https:\/\/lequotidien.mr\/index.php?rest_route=\/wp\/v2\/posts\/29279\/revisions\/29281"}],"wp:featuredmedia":[{"embeddable":true,"href":"https:\/\/lequotidien.mr\/index.php?rest_route=\/wp\/v2\/media\/29280"}],"wp:attachment":[{"href":"https:\/\/lequotidien.mr\/index.php?rest_route=%2Fwp%2Fv2%2Fmedia&parent=29279"}],"wp:term":[{"taxonomy":"category","embeddable":true,"href":"https:\/\/lequotidien.mr\/index.php?rest_route=%2Fwp%2Fv2%2Fcategories&post=29279"},{"taxonomy":"post_tag","embeddable":true,"href":"https:\/\/lequotidien.mr\/index.php?rest_route=%2Fwp%2Fv2%2Ftags&post=29279"}],"curies":[{"name":"wp","href":"https:\/\/api.w.org\/{rel}","templated":true}]}}