{"id":29242,"date":"2025-07-16T23:47:25","date_gmt":"2025-07-16T23:47:25","guid":{"rendered":"https:\/\/lequotidien.mr\/?p=29242"},"modified":"2025-07-16T23:47:25","modified_gmt":"2025-07-16T23:47:25","slug":"secteur-social-un-important-protocole-pour-securiser-les-pensions-alimentaires-des-femmes-et-enfants","status":"publish","type":"post","link":"https:\/\/lequotidien.mr\/?p=29242&lang=fr","title":{"rendered":"Secteur social : Un important protocole pour s\u00e9curiser les pensions alimentaires des femmes et enfants"},"content":{"rendered":"<p>Une avanc\u00e9e significative pour la protection des droits des femmes et des enfants a \u00e9t\u00e9 enregistr\u00e9e ce mercredi. La Ministre de l\u2019Action Sociale, de l\u2019Enfance et de la Famille, Mme Safia Ntahah, a supervis\u00e9 la signature d\u2019un\u00a0<strong>protocole d\u2019accord in\u00e9dit<\/strong>\u00a0entre son d\u00e9partement et la Chambre Nationale des Huissiers de Justice.<\/p>\n<p>L&#8217;accord, scell\u00e9 par le Secr\u00e9taire g\u00e9n\u00e9ral du Minist\u00e8re, M. Hammoudi Cheikhna Ali, et le Secr\u00e9taire g\u00e9n\u00e9ral de la Chambre Nationale des Huissiers de Justice, M. Sidi Ould Zamel, vise \u00e0\u00a0<strong>aplanir les difficult\u00e9s persistantes<\/strong>\u00a0dans le recouvrement des pensions alimentaires et \u00e0\u00a0<strong>garantir efficacement les droits<\/strong>\u00a0des femmes et des enfants, conform\u00e9ment \u00e0 la Charia et \u00e0 la l\u00e9gislation mauritanienne.<\/p>\n<p>Dans un discours prononc\u00e9 lors de la c\u00e9r\u00e9monie, la Ministre\u00a0<strong>Safia Ntahah<\/strong>\u00a0a soulign\u00e9 la port\u00e9e de cet accord :<\/p>\n<p><em>&#8220;Cet accord repr\u00e9sente une \u00e9tape importante pour garantir la pension alimentaire due aux enfants et aux femmes. Cette initiative n\u2019est pas seulement une mesure judiciaire, mais un engagement humain et moral envers les m\u00e8res qui supportent les fardeaux de la vie, ainsi que les enfants qui m\u00e9ritent de recevoir pleinement leurs droits.&#8221;<\/em><\/p>\n<p>Mme Ntahah a ainsi mis l&#8217;accent sur la dimension sociale et humaine de ce protocole, visant \u00e0 soulager les familles confront\u00e9es aux difficult\u00e9s \u00e9conomiques li\u00e9es au non-paiement des pensions.<\/p>\n<p>Pour sa part, M.\u00a0<strong>Sidi Ould Zamel<\/strong>, Secr\u00e9taire g\u00e9n\u00e9ral de la Chambre Nationale des Huissiers de Justice, a salu\u00e9 cette initiative,\u00a0<strong>la premi\u00e8re du genre en Mauritanie<\/strong>. Il a affirm\u00e9 qu&#8217;elle s&#8217;inscrit pleinement dans la politique de soutien aux affaires sociales.<\/p>\n<p><em>&#8220;Le r\u00f4le de l\u2019huissier de justice est d\u2019ex\u00e9cuter les d\u00e9cisions judiciaires pour prot\u00e9ger tous les droits, en particulier ceux li\u00e9s aux questions de la femme et de l\u2019enfant&#8221;<\/em>,<br \/>\na-t-il rappel\u00e9, soulignant la volont\u00e9 de sa profession de contribuer activement \u00e0 la r\u00e9solution de ces probl\u00e9matiques sensibles.<\/p>\n<p>Ce protocole d&#8217;accord a pour objectifs principaux de :<\/p>\n<p><strong>-Faciliter et acc\u00e9l\u00e9rer<\/strong>\u00a0les proc\u00e9dures de recouvrement des pensions alimentaires ordonn\u00e9es par la justice\u00a0;<\/p>\n<p><strong>-Renforcer la collaboration<\/strong>\u00a0entre les services du minist\u00e8re en charge de la protection sociale et les huissiers charg\u00e9s de l&#8217;ex\u00e9cution des d\u00e9cisions\u00a0;<\/p>\n<p><strong>-Offrir un cadre clair<\/strong>\u00a0pour intervenir efficacement en cas de difficult\u00e9s dans le versement des pensions, offrant ainsi une s\u00e9curit\u00e9 juridique et financi\u00e8re accrue aux b\u00e9n\u00e9ficiaires.<\/p>\n<p>La signature de ce protocole marque une\u00a0<strong>\u00e9tape concr\u00e8te<\/strong>\u00a0dans la volont\u00e9 des autorit\u00e9s mauritaniennes de renforcer la protection des droits des femmes et des enfants, particuli\u00e8rement vuln\u00e9rables dans les situations de s\u00e9paration ou de divorce. En associant directement les huissiers de justice, acteurs cl\u00e9s de l&#8217;ex\u00e9cution des d\u00e9cisions de justice, \u00e0 cet effort, le Minist\u00e8re de l\u2019Action Sociale se dote d\u2019un\u00a0<strong>levier op\u00e9rationnel puissant<\/strong>\u00a0pour transformer les droits reconnus en r\u00e9alit\u00e9 tangible. Il s&#8217;agit d&#8217;un signal fort en faveur de la justice sociale et du soutien aux familles.<\/p>\n<p>&nbsp;<\/p>\n","protected":false},"excerpt":{"rendered":"<p>Une avanc\u00e9e significative pour la protection des droits des femmes et des enfants a \u00e9t\u00e9 enregistr\u00e9e ce mercredi. La Ministre de l\u2019Action Sociale, de l\u2019Enfance et de la Famille, Mme Safia Ntahah, a supervis\u00e9 la signature d\u2019un\u00a0protocole d\u2019accord in\u00e9dit\u00a0entre son d\u00e9partement et la Chambre Nationale des Huissiers de Justice. L&#8217;accord, scell\u00e9 par le Secr\u00e9taire g\u00e9n\u00e9ral&#8230;..<\/p>\n","protected":false},"author":12,"featured_media":29243,"comment_status":"open","ping_status":"open","sticky":false,"template":"","format":"standard","meta":{"footnotes":""},"categories":[23,49],"tags":[],"class_list":["post-29242","post","type-post","status-publish","format-standard","has-post-thumbnail","hentry","category-actualite","category-economie"],"yoast_head":"<!-- This site is optimized with the Yoast SEO plugin v27.5 - https:\/\/yoast.com\/product\/yoast-seo-wordpress\/ -->\n<title>Secteur social : Un important protocole pour s\u00e9curiser les pensions alimentaires des femmes et enfants - Le Quotidien de Nouakchott<\/title>\n<meta name=\"robots\" content=\"index, follow, max-snippet:-1, max-image-preview:large, max-video-preview:-1\" \/>\n<link rel=\"canonical\" href=\"https:\/\/lequotidien.mr\/?p=29242&lang=fr\" \/>\n<meta property=\"og:locale\" content=\"ar_AR\" \/>\n<meta property=\"og:type\" content=\"article\" \/>\n<meta property=\"og:title\" content=\"Secteur social : Un important protocole pour s\u00e9curiser les pensions alimentaires des femmes et enfants - Le Quotidien de Nouakchott\" \/>\n<meta property=\"og:description\" content=\"Une avanc\u00e9e significative pour la protection des droits des femmes et des enfants a \u00e9t\u00e9 enregistr\u00e9e ce mercredi. La Ministre de l\u2019Action Sociale, de l\u2019Enfance et de la Famille, Mme Safia Ntahah, a supervis\u00e9 la signature d\u2019un\u00a0protocole d\u2019accord in\u00e9dit\u00a0entre son d\u00e9partement et la Chambre Nationale des Huissiers de Justice. L&#8217;accord, scell\u00e9 par le Secr\u00e9taire g\u00e9n\u00e9ral.....\" \/>\n<meta property=\"og:url\" content=\"https:\/\/lequotidien.mr\/?p=29242&amp;lang=fr\" \/>\n<meta property=\"og:site_name\" content=\"Le Quotidien de Nouakchott\" \/>\n<meta property=\"article:publisher\" content=\"https:\/\/web.facebook.com\/lequotidienmr\" \/>\n<meta property=\"article:published_time\" content=\"2025-07-16T23:47:25+00:00\" \/>\n<meta property=\"og:image\" content=\"https:\/\/lequotidien.mr\/wp-content\/uploads\/2025\/07\/photo-pension-femme-et-enfants.jpg\" \/>\n\t<meta property=\"og:image:width\" content=\"750\" \/>\n\t<meta property=\"og:image:height\" content=\"430\" \/>\n\t<meta property=\"og:image:type\" content=\"image\/jpeg\" \/>\n<meta name=\"author\" content=\"Med Ahmed\" \/>\n<meta name=\"twitter:card\" content=\"summary_large_image\" \/>\n<meta name=\"twitter:creator\" content=\"@lequotidienmr\" \/>\n<meta name=\"twitter:site\" content=\"@lequotidienmr\" \/>\n<meta name=\"twitter:label1\" content=\"\u0643\u064f\u062a\u0628 \u0628\u0648\u0627\u0633\u0637\u0629\" \/>\n\t<meta name=\"twitter:data1\" content=\"Med Ahmed\" \/>\n\t<meta name=\"twitter:label2\" content=\"\u0648\u0642\u062a \u0627\u0644\u0642\u0631\u0627\u0621\u0629 \u0627\u0644\u0645\u064f\u0642\u062f\u0651\u0631\" \/>\n\t<meta name=\"twitter:data2\" content=\"4 \u062f\u0642\u0627\u0626\u0642\" \/>\n<script type=\"application\/ld+json\" class=\"yoast-schema-graph\">{\"@context\":\"https:\\\/\\\/schema.org\",\"@graph\":[{\"@type\":\"Article\",\"@id\":\"https:\\\/\\\/lequotidien.mr\\\/?p=29242&lang=fr#article\",\"isPartOf\":{\"@id\":\"https:\\\/\\\/lequotidien.mr\\\/?p=29242&lang=fr\"},\"author\":{\"name\":\"Med Ahmed\",\"@id\":\"https:\\\/\\\/lequotidien.mr\\\/#\\\/schema\\\/person\\\/d2d350202a4d599685ed8abc25f97596\"},\"headline\":\"Secteur social : Un important protocole pour s\u00e9curiser les pensions alimentaires des femmes et enfants\",\"datePublished\":\"2025-07-16T23:47:25+00:00\",\"mainEntityOfPage\":{\"@id\":\"https:\\\/\\\/lequotidien.mr\\\/?p=29242&lang=fr\"},\"wordCount\":543,\"commentCount\":0,\"publisher\":{\"@id\":\"https:\\\/\\\/lequotidien.mr\\\/#organization\"},\"image\":{\"@id\":\"https:\\\/\\\/lequotidien.mr\\\/?p=29242&lang=fr#primaryimage\"},\"thumbnailUrl\":\"https:\\\/\\\/lequotidien.mr\\\/wp-content\\\/uploads\\\/2025\\\/07\\\/photo-pension-femme-et-enfants.jpg\",\"articleSection\":[\"ACTUALIT\u00c9\",\"Economie\"],\"inLanguage\":\"ar\",\"potentialAction\":[{\"@type\":\"CommentAction\",\"name\":\"Comment\",\"target\":[\"https:\\\/\\\/lequotidien.mr\\\/?p=29242&lang=fr#respond\"]}]},{\"@type\":\"WebPage\",\"@id\":\"https:\\\/\\\/lequotidien.mr\\\/?p=29242&lang=fr\",\"url\":\"https:\\\/\\\/lequotidien.mr\\\/?p=29242&lang=fr\",\"name\":\"Secteur social : Un important protocole pour s\u00e9curiser les pensions alimentaires des femmes et enfants - Le Quotidien de Nouakchott\",\"isPartOf\":{\"@id\":\"https:\\\/\\\/lequotidien.mr\\\/#website\"},\"primaryImageOfPage\":{\"@id\":\"https:\\\/\\\/lequotidien.mr\\\/?p=29242&lang=fr#primaryimage\"},\"image\":{\"@id\":\"https:\\\/\\\/lequotidien.mr\\\/?p=29242&lang=fr#primaryimage\"},\"thumbnailUrl\":\"https:\\\/\\\/lequotidien.mr\\\/wp-content\\\/uploads\\\/2025\\\/07\\\/photo-pension-femme-et-enfants.jpg\",\"datePublished\":\"2025-07-16T23:47:25+00:00\",\"breadcrumb\":{\"@id\":\"https:\\\/\\\/lequotidien.mr\\\/?p=29242&lang=fr#breadcrumb\"},\"inLanguage\":\"ar\",\"potentialAction\":[{\"@type\":\"ReadAction\",\"target\":[\"https:\\\/\\\/lequotidien.mr\\\/?p=29242&lang=fr\"]}]},{\"@type\":\"ImageObject\",\"inLanguage\":\"ar\",\"@id\":\"https:\\\/\\\/lequotidien.mr\\\/?p=29242&lang=fr#primaryimage\",\"url\":\"https:\\\/\\\/lequotidien.mr\\\/wp-content\\\/uploads\\\/2025\\\/07\\\/photo-pension-femme-et-enfants.jpg\",\"contentUrl\":\"https:\\\/\\\/lequotidien.mr\\\/wp-content\\\/uploads\\\/2025\\\/07\\\/photo-pension-femme-et-enfants.jpg\",\"width\":750,\"height\":430},{\"@type\":\"BreadcrumbList\",\"@id\":\"https:\\\/\\\/lequotidien.mr\\\/?p=29242&lang=fr#breadcrumb\",\"itemListElement\":[{\"@type\":\"ListItem\",\"position\":1,\"name\":\"Home\",\"item\":\"https:\\\/\\\/lequotidien.mr\\\/\"},{\"@type\":\"ListItem\",\"position\":2,\"name\":\"Secteur social : Un important protocole pour s\u00e9curiser les pensions alimentaires des femmes et enfants\"}]},{\"@type\":\"WebSite\",\"@id\":\"https:\\\/\\\/lequotidien.mr\\\/#website\",\"url\":\"https:\\\/\\\/lequotidien.mr\\\/\",\"name\":\"Le Quotidien de Nouakchott\",\"description\":\"\u0625\u062e\u0628\u0627\u0631\u064a\u0629 \u0645\u0633\u062a\u0642\u0644\u0629 \u0644\u0644\u0623\u0646\u0628\u0627\u0621 \u0627\u0644\u0639\u0627\u0645\u0629\",\"publisher\":{\"@id\":\"https:\\\/\\\/lequotidien.mr\\\/#organization\"},\"potentialAction\":[{\"@type\":\"SearchAction\",\"target\":{\"@type\":\"EntryPoint\",\"urlTemplate\":\"https:\\\/\\\/lequotidien.mr\\\/?s={search_term_string}\"},\"query-input\":{\"@type\":\"PropertyValueSpecification\",\"valueRequired\":true,\"valueName\":\"search_term_string\"}}],\"inLanguage\":\"ar\"},{\"@type\":\"Organization\",\"@id\":\"https:\\\/\\\/lequotidien.mr\\\/#organization\",\"name\":\"Le Quotidien de Nouakchott\",\"url\":\"https:\\\/\\\/lequotidien.mr\\\/\",\"logo\":{\"@type\":\"ImageObject\",\"inLanguage\":\"ar\",\"@id\":\"https:\\\/\\\/lequotidien.mr\\\/#\\\/schema\\\/logo\\\/image\\\/\",\"url\":\"https:\\\/\\\/lequotidien.mr\\\/wp-content\\\/uploads\\\/2022\\\/11\\\/logolequotidien.jpg\",\"contentUrl\":\"https:\\\/\\\/lequotidien.mr\\\/wp-content\\\/uploads\\\/2022\\\/11\\\/logolequotidien.jpg\",\"width\":290,\"height\":65,\"caption\":\"Le Quotidien de Nouakchott\"},\"image\":{\"@id\":\"https:\\\/\\\/lequotidien.mr\\\/#\\\/schema\\\/logo\\\/image\\\/\"},\"sameAs\":[\"https:\\\/\\\/web.facebook.com\\\/lequotidienmr\",\"https:\\\/\\\/x.com\\\/lequotidienmr\"]},{\"@type\":\"Person\",\"@id\":\"https:\\\/\\\/lequotidien.mr\\\/#\\\/schema\\\/person\\\/d2d350202a4d599685ed8abc25f97596\",\"name\":\"Med Ahmed\",\"image\":{\"@type\":\"ImageObject\",\"inLanguage\":\"ar\",\"@id\":\"https:\\\/\\\/secure.gravatar.com\\\/avatar\\\/fd2acc62ed50732923d1d39c17172c9b04149f142be92310ecc69e1358f94b52?s=96&d=mm&r=g\",\"url\":\"https:\\\/\\\/secure.gravatar.com\\\/avatar\\\/fd2acc62ed50732923d1d39c17172c9b04149f142be92310ecc69e1358f94b52?s=96&d=mm&r=g\",\"contentUrl\":\"https:\\\/\\\/secure.gravatar.com\\\/avatar\\\/fd2acc62ed50732923d1d39c17172c9b04149f142be92310ecc69e1358f94b52?s=96&d=mm&r=g\",\"caption\":\"Med Ahmed\"},\"url\":\"https:\\\/\\\/lequotidien.mr\\\/?author=12\"}]}<\/script>\n<!-- \/ Yoast SEO plugin. -->","yoast_head_json":{"title":"Secteur social : Un important protocole pour s\u00e9curiser les pensions alimentaires des femmes et enfants - Le Quotidien de Nouakchott","robots":{"index":"index","follow":"follow","max-snippet":"max-snippet:-1","max-image-preview":"max-image-preview:large","max-video-preview":"max-video-preview:-1"},"canonical":"https:\/\/lequotidien.mr\/?p=29242&lang=fr","og_locale":"ar_AR","og_type":"article","og_title":"Secteur social : Un important protocole pour s\u00e9curiser les pensions alimentaires des femmes et enfants - Le Quotidien de Nouakchott","og_description":"Une avanc\u00e9e significative pour la protection des droits des femmes et des enfants a \u00e9t\u00e9 enregistr\u00e9e ce mercredi. La Ministre de l\u2019Action Sociale, de l\u2019Enfance et de la Famille, Mme Safia Ntahah, a supervis\u00e9 la signature d\u2019un\u00a0protocole d\u2019accord in\u00e9dit\u00a0entre son d\u00e9partement et la Chambre Nationale des Huissiers de Justice. L&#8217;accord, scell\u00e9 par le Secr\u00e9taire g\u00e9n\u00e9ral.....","og_url":"https:\/\/lequotidien.mr\/?p=29242&lang=fr","og_site_name":"Le Quotidien de Nouakchott","article_publisher":"https:\/\/web.facebook.com\/lequotidienmr","article_published_time":"2025-07-16T23:47:25+00:00","og_image":[{"width":750,"height":430,"url":"https:\/\/lequotidien.mr\/wp-content\/uploads\/2025\/07\/photo-pension-femme-et-enfants.jpg","type":"image\/jpeg"}],"author":"Med Ahmed","twitter_card":"summary_large_image","twitter_creator":"@lequotidienmr","twitter_site":"@lequotidienmr","twitter_misc":{"\u0643\u064f\u062a\u0628 \u0628\u0648\u0627\u0633\u0637\u0629":"Med Ahmed","\u0648\u0642\u062a \u0627\u0644\u0642\u0631\u0627\u0621\u0629 \u0627\u0644\u0645\u064f\u0642\u062f\u0651\u0631":"4 \u062f\u0642\u0627\u0626\u0642"},"schema":{"@context":"https:\/\/schema.org","@graph":[{"@type":"Article","@id":"https:\/\/lequotidien.mr\/?p=29242&lang=fr#article","isPartOf":{"@id":"https:\/\/lequotidien.mr\/?p=29242&lang=fr"},"author":{"name":"Med Ahmed","@id":"https:\/\/lequotidien.mr\/#\/schema\/person\/d2d350202a4d599685ed8abc25f97596"},"headline":"Secteur social : Un important protocole pour s\u00e9curiser les pensions alimentaires des femmes et enfants","datePublished":"2025-07-16T23:47:25+00:00","mainEntityOfPage":{"@id":"https:\/\/lequotidien.mr\/?p=29242&lang=fr"},"wordCount":543,"commentCount":0,"publisher":{"@id":"https:\/\/lequotidien.mr\/#organization"},"image":{"@id":"https:\/\/lequotidien.mr\/?p=29242&lang=fr#primaryimage"},"thumbnailUrl":"https:\/\/lequotidien.mr\/wp-content\/uploads\/2025\/07\/photo-pension-femme-et-enfants.jpg","articleSection":["ACTUALIT\u00c9","Economie"],"inLanguage":"ar","potentialAction":[{"@type":"CommentAction","name":"Comment","target":["https:\/\/lequotidien.mr\/?p=29242&lang=fr#respond"]}]},{"@type":"WebPage","@id":"https:\/\/lequotidien.mr\/?p=29242&lang=fr","url":"https:\/\/lequotidien.mr\/?p=29242&lang=fr","name":"Secteur social : Un important protocole pour s\u00e9curiser les pensions alimentaires des femmes et enfants - Le Quotidien de Nouakchott","isPartOf":{"@id":"https:\/\/lequotidien.mr\/#website"},"primaryImageOfPage":{"@id":"https:\/\/lequotidien.mr\/?p=29242&lang=fr#primaryimage"},"image":{"@id":"https:\/\/lequotidien.mr\/?p=29242&lang=fr#primaryimage"},"thumbnailUrl":"https:\/\/lequotidien.mr\/wp-content\/uploads\/2025\/07\/photo-pension-femme-et-enfants.jpg","datePublished":"2025-07-16T23:47:25+00:00","breadcrumb":{"@id":"https:\/\/lequotidien.mr\/?p=29242&lang=fr#breadcrumb"},"inLanguage":"ar","potentialAction":[{"@type":"ReadAction","target":["https:\/\/lequotidien.mr\/?p=29242&lang=fr"]}]},{"@type":"ImageObject","inLanguage":"ar","@id":"https:\/\/lequotidien.mr\/?p=29242&lang=fr#primaryimage","url":"https:\/\/lequotidien.mr\/wp-content\/uploads\/2025\/07\/photo-pension-femme-et-enfants.jpg","contentUrl":"https:\/\/lequotidien.mr\/wp-content\/uploads\/2025\/07\/photo-pension-femme-et-enfants.jpg","width":750,"height":430},{"@type":"BreadcrumbList","@id":"https:\/\/lequotidien.mr\/?p=29242&lang=fr#breadcrumb","itemListElement":[{"@type":"ListItem","position":1,"name":"Home","item":"https:\/\/lequotidien.mr\/"},{"@type":"ListItem","position":2,"name":"Secteur social : Un important protocole pour s\u00e9curiser les pensions alimentaires des femmes et enfants"}]},{"@type":"WebSite","@id":"https:\/\/lequotidien.mr\/#website","url":"https:\/\/lequotidien.mr\/","name":"Le Quotidien de Nouakchott","description":"\u0625\u062e\u0628\u0627\u0631\u064a\u0629 \u0645\u0633\u062a\u0642\u0644\u0629 \u0644\u0644\u0623\u0646\u0628\u0627\u0621 \u0627\u0644\u0639\u0627\u0645\u0629","publisher":{"@id":"https:\/\/lequotidien.mr\/#organization"},"potentialAction":[{"@type":"SearchAction","target":{"@type":"EntryPoint","urlTemplate":"https:\/\/lequotidien.mr\/?s={search_term_string}"},"query-input":{"@type":"PropertyValueSpecification","valueRequired":true,"valueName":"search_term_string"}}],"inLanguage":"ar"},{"@type":"Organization","@id":"https:\/\/lequotidien.mr\/#organization","name":"Le Quotidien de Nouakchott","url":"https:\/\/lequotidien.mr\/","logo":{"@type":"ImageObject","inLanguage":"ar","@id":"https:\/\/lequotidien.mr\/#\/schema\/logo\/image\/","url":"https:\/\/lequotidien.mr\/wp-content\/uploads\/2022\/11\/logolequotidien.jpg","contentUrl":"https:\/\/lequotidien.mr\/wp-content\/uploads\/2022\/11\/logolequotidien.jpg","width":290,"height":65,"caption":"Le Quotidien de Nouakchott"},"image":{"@id":"https:\/\/lequotidien.mr\/#\/schema\/logo\/image\/"},"sameAs":["https:\/\/web.facebook.com\/lequotidienmr","https:\/\/x.com\/lequotidienmr"]},{"@type":"Person","@id":"https:\/\/lequotidien.mr\/#\/schema\/person\/d2d350202a4d599685ed8abc25f97596","name":"Med Ahmed","image":{"@type":"ImageObject","inLanguage":"ar","@id":"https:\/\/secure.gravatar.com\/avatar\/fd2acc62ed50732923d1d39c17172c9b04149f142be92310ecc69e1358f94b52?s=96&d=mm&r=g","url":"https:\/\/secure.gravatar.com\/avatar\/fd2acc62ed50732923d1d39c17172c9b04149f142be92310ecc69e1358f94b52?s=96&d=mm&r=g","contentUrl":"https:\/\/secure.gravatar.com\/avatar\/fd2acc62ed50732923d1d39c17172c9b04149f142be92310ecc69e1358f94b52?s=96&d=mm&r=g","caption":"Med Ahmed"},"url":"https:\/\/lequotidien.mr\/?author=12"}]}},"_links":{"self":[{"href":"https:\/\/lequotidien.mr\/index.php?rest_route=\/wp\/v2\/posts\/29242","targetHints":{"allow":["GET"]}}],"collection":[{"href":"https:\/\/lequotidien.mr\/index.php?rest_route=\/wp\/v2\/posts"}],"about":[{"href":"https:\/\/lequotidien.mr\/index.php?rest_route=\/wp\/v2\/types\/post"}],"author":[{"embeddable":true,"href":"https:\/\/lequotidien.mr\/index.php?rest_route=\/wp\/v2\/users\/12"}],"replies":[{"embeddable":true,"href":"https:\/\/lequotidien.mr\/index.php?rest_route=%2Fwp%2Fv2%2Fcomments&post=29242"}],"version-history":[{"count":1,"href":"https:\/\/lequotidien.mr\/index.php?rest_route=\/wp\/v2\/posts\/29242\/revisions"}],"predecessor-version":[{"id":29244,"href":"https:\/\/lequotidien.mr\/index.php?rest_route=\/wp\/v2\/posts\/29242\/revisions\/29244"}],"wp:featuredmedia":[{"embeddable":true,"href":"https:\/\/lequotidien.mr\/index.php?rest_route=\/wp\/v2\/media\/29243"}],"wp:attachment":[{"href":"https:\/\/lequotidien.mr\/index.php?rest_route=%2Fwp%2Fv2%2Fmedia&parent=29242"}],"wp:term":[{"taxonomy":"category","embeddable":true,"href":"https:\/\/lequotidien.mr\/index.php?rest_route=%2Fwp%2Fv2%2Fcategories&post=29242"},{"taxonomy":"post_tag","embeddable":true,"href":"https:\/\/lequotidien.mr\/index.php?rest_route=%2Fwp%2Fv2%2Ftags&post=29242"}],"curies":[{"name":"wp","href":"https:\/\/api.w.org\/{rel}","templated":true}]}}