{"id":29239,"date":"2025-07-16T23:32:23","date_gmt":"2025-07-16T23:32:23","guid":{"rendered":"https:\/\/lequotidien.mr\/?p=29239"},"modified":"2025-07-16T23:32:23","modified_gmt":"2025-07-16T23:32:23","slug":"mauritanie-espagne-le-president-el-ghazouani-et-le-premier-ministre-sanchez-scellent-un-partenariat-strategique-a-nouakchott","status":"publish","type":"post","link":"https:\/\/lequotidien.mr\/?p=29239&lang=fr","title":{"rendered":"Mauritanie-Espagne : Le Pr\u00e9sident El Ghazouani et le Premier ministre S\u00e1nchez scellent un &#8220;partenariat strat\u00e9gique&#8221; \u00e0 Nouakchott"},"content":{"rendered":"<p>Une nouvelle \u00e8re dans les relations entre la Mauritanie et l\u2019Espagne a \u00e9t\u00e9 officiellement ouverte ce mercredi au Palais pr\u00e9sidentiel de Nouakchott. Le Pr\u00e9sident mauritanien, Mohamed Cheikh El Ghazouani, et le Premier ministre espagnol, Pedro S\u00e1nchez, ont clos la premi\u00e8re session de haut niveau entre les deux pays par une conf\u00e9rence de presse conjointe marqu\u00e9e par des d\u00e9clarations fortes et une vision partag\u00e9e pour l&#8217;avenir.<\/p>\n<p><strong>Des relations ancr\u00e9es dans l&#8217;amiti\u00e9 et une vision commune<\/strong><\/p>\n<p>Le Pr\u00e9sident\u00a0<strong>Mohamed Cheikh El Ghazouani<\/strong>\u00a0a ouvert la conf\u00e9rence en soulignant la qualit\u00e9 exceptionnelle des liens bilat\u00e9raux : <em>&#8220;Les excellentes relations entre la Mauritanie et l\u2019Espagne t\u00e9moignent de la profondeur de l\u2019amiti\u00e9 qui lie les deux peuples amis.&#8221;<\/em><\/p>\n<p>Il a salu\u00e9 &#8220;l\u2019esprit de coop\u00e9ration et de compr\u00e9hension&#8221; caract\u00e9risant ce partenariat et a vivement\u00a0<strong>appr\u00e9ci\u00e9 l&#8217;engagement de l&#8217;Espagne<\/strong>\u00a0\u00e0 d\u00e9fendre les causes justes, ainsi qu&#8217;\u00e0 promouvoir la paix et la s\u00e9curit\u00e9 aux niveaux r\u00e9gional et international. Le Pr\u00e9sident mauritanien a exprim\u00e9 la &#8220;gratitude&#8221; de son pays pour ce soutien, y voyant une manifestation de &#8220;solidarit\u00e9 et de responsabilit\u00e9 partag\u00e9e&#8221;.<\/p>\n<p><strong>Un Partenariat \u00e9largi face aux d\u00e9fis communs<\/strong><\/p>\n<p>Le Pr\u00e9sident El Ghazouani a indiqu\u00e9 que les discussions ont port\u00e9 sur des &#8220;questions vitales d&#8217;int\u00e9r\u00eat commun&#8221;, incluant notamment :<\/p>\n<p>-Les d\u00e9fis de la\u00a0<strong>s\u00e9curit\u00e9<\/strong>\u00a0et du\u00a0<strong>d\u00e9veloppement\u00a0<\/strong>;<\/p>\n<p>-La question des\u00a0<strong>migrations\u00a0<\/strong>;<\/p>\n<p>-Les enjeux\u00a0<strong>environnementaux\u00a0<\/strong>;<\/p>\n<p>Les\u00a0<strong>perspectives de coop\u00e9ration dans le domaine des \u00e9nergies renouvelables<\/strong>.<\/p>\n<p>Il a particuli\u00e8rement salu\u00e9 le &#8220;leadership \u00e9clair\u00e9&#8221; de M. S\u00e1nchez et ses efforts pour \u00e9tablir un &#8220;partenariat \u00e9quitable et \u00e9quilibr\u00e9&#8221;. Ce partenariat, a-t-il soulign\u00e9, vise \u00e0 &#8220;renforcer les efforts de d\u00e9veloppement durable dans la r\u00e9gion du Sahel et sur l\u2019ensemble du continent africain&#8221;. Le Pr\u00e9sident mauritanien s&#8217;est dit &#8220;grandement satisfait&#8221; des r\u00e9sultats positifs de la r\u00e9union, estimant qu&#8217;ils donneront une &#8220;forte impulsion&#8221; au renforcement des relations et \u00e0 l\u2019\u00e9tablissement d\u2019un v\u00e9ritable\u00a0<strong>&#8220;partenariat strat\u00e9gique&#8221;<\/strong>\u00a0entre les deux nations.<\/p>\n<p><strong>L&#8217;Espagne acte une relation prioritaire et concr\u00e9tise les engagements<\/strong><\/p>\n<p>De son c\u00f4t\u00e9, le Premier ministre espagnol,\u00a0<strong>Pedro S\u00e1nchez<\/strong>, a r\u00e9affirm\u00e9 avec force la volont\u00e9 de son pays d&#8217;\u00e9lever la relation \u00e9conomique au plus haut niveau :<\/p>\n<p><em>&#8220;Son pays et la Mauritanie sont d\u00e9termin\u00e9s \u00e0 \u00e9lever leurs relations \u00e9conomiques \u00e0 un niveau sup\u00e9rieur qui r\u00e9pond \u00e0 leurs ambitions.&#8221;<\/em><br \/>\nIl a point\u00e9 deux r\u00e9alisations majeures et symboliques de cette session de haut niveau :<\/p>\n<p><strong>-Le lancement officiel du Conseil \u00e9conomique hispano-mauritanien<\/strong>, cadre structurant pour les \u00e9changes \u00e9conomiques et commerciaux\u00a0;<\/p>\n<p><strong>-La ratification du Trait\u00e9 d\u2019amiti\u00e9, de bon voisinage et de coop\u00e9ration<\/strong>, fondement juridique renforc\u00e9 de la relation bilat\u00e9rale.<\/p>\n<p>M. S\u00e1nchez a soulign\u00e9 que les deux pays partagent des int\u00e9r\u00eats vitaux dans des espaces g\u00e9ographiques communs cruciaux : la <strong>M\u00e9diterran\u00e9e<\/strong>, le\u00a0<strong>voisinage sud de l\u2019Europe<\/strong>, le\u00a0<strong>Sahel<\/strong>, le\u00a0<strong>Maghreb<\/strong>et la\u00a0<strong>connexion atlantique<\/strong>. Face aux d\u00e9fis et opportunit\u00e9s de ces r\u00e9gions, il a pr\u00e9sent\u00e9 le dialogue et la coop\u00e9ration comme &#8220;le seul moyen d\u2019assurer le bien-\u00eatre de leurs peuples&#8221;. Le travail conjoint, avec une &#8220;vision strat\u00e9gique&#8221;, est selon lui la cl\u00e9 pour avancer.<\/p>\n<p>Cette conf\u00e9rence de presse conjointe a servi de couronnement \u00e0 une premi\u00e8re session de haut niveau qualifi\u00e9e d&#8217;historique. Au-del\u00e0 des d\u00e9clarations d&#8217;amiti\u00e9 et de la satisfaction mutuelle, les annonces concr\u00e8tes \u2013 le Trait\u00e9, le Conseil \u00e9conomique et les perspectives de coop\u00e9ration renforc\u00e9e dans les \u00e9nergies vertes, la s\u00e9curit\u00e9 et le d\u00e9veloppement \u2013 dessinent les contours d&#8217;un\u00a0<strong>partenariat strat\u00e9gique multidimensionnel<\/strong>. Les deux dirigeants ont clairement signifi\u00e9 leur intention de faire de la relation Mauritanie-Espagne un axe central et structurant dans leurs politiques r\u00e9gionales et internationales respectives. Le d\u00e9fi est d\u00e9sormais de transformer cette ambition commune en r\u00e9alisations tangibles au b\u00e9n\u00e9fice des deux peuples.<\/p>\n<p>&nbsp;<\/p>\n","protected":false},"excerpt":{"rendered":"<p>Une nouvelle \u00e8re dans les relations entre la Mauritanie et l\u2019Espagne a \u00e9t\u00e9 officiellement ouverte ce mercredi au Palais pr\u00e9sidentiel de Nouakchott. Le Pr\u00e9sident mauritanien, Mohamed Cheikh El Ghazouani, et le Premier ministre espagnol, Pedro S\u00e1nchez, ont clos la premi\u00e8re session de haut niveau entre les deux pays par une conf\u00e9rence de presse conjointe marqu\u00e9e&#8230;..<\/p>\n","protected":false},"author":12,"featured_media":29240,"comment_status":"open","ping_status":"open","sticky":false,"template":"","format":"standard","meta":{"footnotes":""},"categories":[23,49],"tags":[],"class_list":["post-29239","post","type-post","status-publish","format-standard","has-post-thumbnail","hentry","category-actualite","category-economie"],"yoast_head":"<!-- This site is optimized with the Yoast SEO plugin v27.5 - https:\/\/yoast.com\/product\/yoast-seo-wordpress\/ -->\n<title>Mauritanie-Espagne : Le Pr\u00e9sident El Ghazouani et le Premier ministre S\u00e1nchez scellent un &quot;partenariat strat\u00e9gique&quot; \u00e0 Nouakchott - Le Quotidien de Nouakchott<\/title>\n<meta name=\"robots\" content=\"index, follow, max-snippet:-1, max-image-preview:large, max-video-preview:-1\" \/>\n<link rel=\"canonical\" href=\"https:\/\/lequotidien.mr\/?p=29239&lang=fr\" \/>\n<meta property=\"og:locale\" content=\"ar_AR\" \/>\n<meta property=\"og:type\" content=\"article\" \/>\n<meta property=\"og:title\" content=\"Mauritanie-Espagne : Le Pr\u00e9sident El Ghazouani et le Premier ministre S\u00e1nchez scellent un &quot;partenariat strat\u00e9gique&quot; \u00e0 Nouakchott - Le Quotidien de Nouakchott\" \/>\n<meta property=\"og:description\" content=\"Une nouvelle \u00e8re dans les relations entre la Mauritanie et l\u2019Espagne a \u00e9t\u00e9 officiellement ouverte ce mercredi au Palais pr\u00e9sidentiel de Nouakchott. Le Pr\u00e9sident mauritanien, Mohamed Cheikh El Ghazouani, et le Premier ministre espagnol, Pedro S\u00e1nchez, ont clos la premi\u00e8re session de haut niveau entre les deux pays par une conf\u00e9rence de presse conjointe marqu\u00e9e.....\" \/>\n<meta property=\"og:url\" content=\"https:\/\/lequotidien.mr\/?p=29239&amp;lang=fr\" \/>\n<meta property=\"og:site_name\" content=\"Le Quotidien de Nouakchott\" \/>\n<meta property=\"article:publisher\" content=\"https:\/\/web.facebook.com\/lequotidienmr\" \/>\n<meta property=\"article:published_time\" content=\"2025-07-16T23:32:23+00:00\" \/>\n<meta property=\"og:image\" content=\"https:\/\/lequotidien.mr\/wp-content\/uploads\/2025\/07\/phota-GHazouani-et-Chef-gvmt-Espagne.jpg\" \/>\n\t<meta property=\"og:image:width\" content=\"750\" \/>\n\t<meta property=\"og:image:height\" content=\"430\" \/>\n\t<meta property=\"og:image:type\" content=\"image\/jpeg\" \/>\n<meta name=\"author\" content=\"Med Ahmed\" \/>\n<meta name=\"twitter:card\" content=\"summary_large_image\" \/>\n<meta name=\"twitter:creator\" content=\"@lequotidienmr\" \/>\n<meta name=\"twitter:site\" content=\"@lequotidienmr\" \/>\n<meta name=\"twitter:label1\" content=\"\u0643\u064f\u062a\u0628 \u0628\u0648\u0627\u0633\u0637\u0629\" \/>\n\t<meta name=\"twitter:data1\" content=\"Med Ahmed\" \/>\n\t<meta name=\"twitter:label2\" content=\"\u0648\u0642\u062a \u0627\u0644\u0642\u0631\u0627\u0621\u0629 \u0627\u0644\u0645\u064f\u0642\u062f\u0651\u0631\" \/>\n\t<meta name=\"twitter:data2\" content=\"5 \u062f\u0642\u0627\u0626\u0642\" \/>\n<script type=\"application\/ld+json\" class=\"yoast-schema-graph\">{\"@context\":\"https:\\\/\\\/schema.org\",\"@graph\":[{\"@type\":\"Article\",\"@id\":\"https:\\\/\\\/lequotidien.mr\\\/?p=29239&lang=fr#article\",\"isPartOf\":{\"@id\":\"https:\\\/\\\/lequotidien.mr\\\/?p=29239&lang=fr\"},\"author\":{\"name\":\"Med Ahmed\",\"@id\":\"https:\\\/\\\/lequotidien.mr\\\/#\\\/schema\\\/person\\\/d2d350202a4d599685ed8abc25f97596\"},\"headline\":\"Mauritanie-Espagne : Le Pr\u00e9sident El Ghazouani et le Premier ministre S\u00e1nchez scellent un &#8220;partenariat strat\u00e9gique&#8221; \u00e0 Nouakchott\",\"datePublished\":\"2025-07-16T23:32:23+00:00\",\"mainEntityOfPage\":{\"@id\":\"https:\\\/\\\/lequotidien.mr\\\/?p=29239&lang=fr\"},\"wordCount\":688,\"commentCount\":0,\"publisher\":{\"@id\":\"https:\\\/\\\/lequotidien.mr\\\/#organization\"},\"image\":{\"@id\":\"https:\\\/\\\/lequotidien.mr\\\/?p=29239&lang=fr#primaryimage\"},\"thumbnailUrl\":\"https:\\\/\\\/lequotidien.mr\\\/wp-content\\\/uploads\\\/2025\\\/07\\\/phota-GHazouani-et-Chef-gvmt-Espagne.jpg\",\"articleSection\":[\"ACTUALIT\u00c9\",\"Economie\"],\"inLanguage\":\"ar\",\"potentialAction\":[{\"@type\":\"CommentAction\",\"name\":\"Comment\",\"target\":[\"https:\\\/\\\/lequotidien.mr\\\/?p=29239&lang=fr#respond\"]}]},{\"@type\":\"WebPage\",\"@id\":\"https:\\\/\\\/lequotidien.mr\\\/?p=29239&lang=fr\",\"url\":\"https:\\\/\\\/lequotidien.mr\\\/?p=29239&lang=fr\",\"name\":\"Mauritanie-Espagne : Le Pr\u00e9sident El Ghazouani et le Premier ministre S\u00e1nchez scellent un \\\"partenariat strat\u00e9gique\\\" \u00e0 Nouakchott - Le Quotidien de Nouakchott\",\"isPartOf\":{\"@id\":\"https:\\\/\\\/lequotidien.mr\\\/#website\"},\"primaryImageOfPage\":{\"@id\":\"https:\\\/\\\/lequotidien.mr\\\/?p=29239&lang=fr#primaryimage\"},\"image\":{\"@id\":\"https:\\\/\\\/lequotidien.mr\\\/?p=29239&lang=fr#primaryimage\"},\"thumbnailUrl\":\"https:\\\/\\\/lequotidien.mr\\\/wp-content\\\/uploads\\\/2025\\\/07\\\/phota-GHazouani-et-Chef-gvmt-Espagne.jpg\",\"datePublished\":\"2025-07-16T23:32:23+00:00\",\"breadcrumb\":{\"@id\":\"https:\\\/\\\/lequotidien.mr\\\/?p=29239&lang=fr#breadcrumb\"},\"inLanguage\":\"ar\",\"potentialAction\":[{\"@type\":\"ReadAction\",\"target\":[\"https:\\\/\\\/lequotidien.mr\\\/?p=29239&lang=fr\"]}]},{\"@type\":\"ImageObject\",\"inLanguage\":\"ar\",\"@id\":\"https:\\\/\\\/lequotidien.mr\\\/?p=29239&lang=fr#primaryimage\",\"url\":\"https:\\\/\\\/lequotidien.mr\\\/wp-content\\\/uploads\\\/2025\\\/07\\\/phota-GHazouani-et-Chef-gvmt-Espagne.jpg\",\"contentUrl\":\"https:\\\/\\\/lequotidien.mr\\\/wp-content\\\/uploads\\\/2025\\\/07\\\/phota-GHazouani-et-Chef-gvmt-Espagne.jpg\",\"width\":750,\"height\":430},{\"@type\":\"BreadcrumbList\",\"@id\":\"https:\\\/\\\/lequotidien.mr\\\/?p=29239&lang=fr#breadcrumb\",\"itemListElement\":[{\"@type\":\"ListItem\",\"position\":1,\"name\":\"Home\",\"item\":\"https:\\\/\\\/lequotidien.mr\\\/\"},{\"@type\":\"ListItem\",\"position\":2,\"name\":\"Mauritanie-Espagne : Le Pr\u00e9sident El Ghazouani et le Premier ministre S\u00e1nchez scellent un \u00ab\u00a0partenariat strat\u00e9gique\u00a0\u00bb \u00e0 Nouakchott\"}]},{\"@type\":\"WebSite\",\"@id\":\"https:\\\/\\\/lequotidien.mr\\\/#website\",\"url\":\"https:\\\/\\\/lequotidien.mr\\\/\",\"name\":\"Le Quotidien de Nouakchott\",\"description\":\"\u0625\u062e\u0628\u0627\u0631\u064a\u0629 \u0645\u0633\u062a\u0642\u0644\u0629 \u0644\u0644\u0623\u0646\u0628\u0627\u0621 \u0627\u0644\u0639\u0627\u0645\u0629\",\"publisher\":{\"@id\":\"https:\\\/\\\/lequotidien.mr\\\/#organization\"},\"potentialAction\":[{\"@type\":\"SearchAction\",\"target\":{\"@type\":\"EntryPoint\",\"urlTemplate\":\"https:\\\/\\\/lequotidien.mr\\\/?s={search_term_string}\"},\"query-input\":{\"@type\":\"PropertyValueSpecification\",\"valueRequired\":true,\"valueName\":\"search_term_string\"}}],\"inLanguage\":\"ar\"},{\"@type\":\"Organization\",\"@id\":\"https:\\\/\\\/lequotidien.mr\\\/#organization\",\"name\":\"Le Quotidien de Nouakchott\",\"url\":\"https:\\\/\\\/lequotidien.mr\\\/\",\"logo\":{\"@type\":\"ImageObject\",\"inLanguage\":\"ar\",\"@id\":\"https:\\\/\\\/lequotidien.mr\\\/#\\\/schema\\\/logo\\\/image\\\/\",\"url\":\"https:\\\/\\\/lequotidien.mr\\\/wp-content\\\/uploads\\\/2022\\\/11\\\/logolequotidien.jpg\",\"contentUrl\":\"https:\\\/\\\/lequotidien.mr\\\/wp-content\\\/uploads\\\/2022\\\/11\\\/logolequotidien.jpg\",\"width\":290,\"height\":65,\"caption\":\"Le Quotidien de Nouakchott\"},\"image\":{\"@id\":\"https:\\\/\\\/lequotidien.mr\\\/#\\\/schema\\\/logo\\\/image\\\/\"},\"sameAs\":[\"https:\\\/\\\/web.facebook.com\\\/lequotidienmr\",\"https:\\\/\\\/x.com\\\/lequotidienmr\"]},{\"@type\":\"Person\",\"@id\":\"https:\\\/\\\/lequotidien.mr\\\/#\\\/schema\\\/person\\\/d2d350202a4d599685ed8abc25f97596\",\"name\":\"Med Ahmed\",\"image\":{\"@type\":\"ImageObject\",\"inLanguage\":\"ar\",\"@id\":\"https:\\\/\\\/secure.gravatar.com\\\/avatar\\\/fd2acc62ed50732923d1d39c17172c9b04149f142be92310ecc69e1358f94b52?s=96&d=mm&r=g\",\"url\":\"https:\\\/\\\/secure.gravatar.com\\\/avatar\\\/fd2acc62ed50732923d1d39c17172c9b04149f142be92310ecc69e1358f94b52?s=96&d=mm&r=g\",\"contentUrl\":\"https:\\\/\\\/secure.gravatar.com\\\/avatar\\\/fd2acc62ed50732923d1d39c17172c9b04149f142be92310ecc69e1358f94b52?s=96&d=mm&r=g\",\"caption\":\"Med Ahmed\"},\"url\":\"https:\\\/\\\/lequotidien.mr\\\/?author=12\"}]}<\/script>\n<!-- \/ Yoast SEO plugin. -->","yoast_head_json":{"title":"Mauritanie-Espagne : Le Pr\u00e9sident El Ghazouani et le Premier ministre S\u00e1nchez scellent un \"partenariat strat\u00e9gique\" \u00e0 Nouakchott - Le Quotidien de Nouakchott","robots":{"index":"index","follow":"follow","max-snippet":"max-snippet:-1","max-image-preview":"max-image-preview:large","max-video-preview":"max-video-preview:-1"},"canonical":"https:\/\/lequotidien.mr\/?p=29239&lang=fr","og_locale":"ar_AR","og_type":"article","og_title":"Mauritanie-Espagne : Le Pr\u00e9sident El Ghazouani et le Premier ministre S\u00e1nchez scellent un \"partenariat strat\u00e9gique\" \u00e0 Nouakchott - Le Quotidien de Nouakchott","og_description":"Une nouvelle \u00e8re dans les relations entre la Mauritanie et l\u2019Espagne a \u00e9t\u00e9 officiellement ouverte ce mercredi au Palais pr\u00e9sidentiel de Nouakchott. Le Pr\u00e9sident mauritanien, Mohamed Cheikh El Ghazouani, et le Premier ministre espagnol, Pedro S\u00e1nchez, ont clos la premi\u00e8re session de haut niveau entre les deux pays par une conf\u00e9rence de presse conjointe marqu\u00e9e.....","og_url":"https:\/\/lequotidien.mr\/?p=29239&lang=fr","og_site_name":"Le Quotidien de Nouakchott","article_publisher":"https:\/\/web.facebook.com\/lequotidienmr","article_published_time":"2025-07-16T23:32:23+00:00","og_image":[{"width":750,"height":430,"url":"https:\/\/lequotidien.mr\/wp-content\/uploads\/2025\/07\/phota-GHazouani-et-Chef-gvmt-Espagne.jpg","type":"image\/jpeg"}],"author":"Med Ahmed","twitter_card":"summary_large_image","twitter_creator":"@lequotidienmr","twitter_site":"@lequotidienmr","twitter_misc":{"\u0643\u064f\u062a\u0628 \u0628\u0648\u0627\u0633\u0637\u0629":"Med Ahmed","\u0648\u0642\u062a \u0627\u0644\u0642\u0631\u0627\u0621\u0629 \u0627\u0644\u0645\u064f\u0642\u062f\u0651\u0631":"5 \u062f\u0642\u0627\u0626\u0642"},"schema":{"@context":"https:\/\/schema.org","@graph":[{"@type":"Article","@id":"https:\/\/lequotidien.mr\/?p=29239&lang=fr#article","isPartOf":{"@id":"https:\/\/lequotidien.mr\/?p=29239&lang=fr"},"author":{"name":"Med Ahmed","@id":"https:\/\/lequotidien.mr\/#\/schema\/person\/d2d350202a4d599685ed8abc25f97596"},"headline":"Mauritanie-Espagne : Le Pr\u00e9sident El Ghazouani et le Premier ministre S\u00e1nchez scellent un &#8220;partenariat strat\u00e9gique&#8221; \u00e0 Nouakchott","datePublished":"2025-07-16T23:32:23+00:00","mainEntityOfPage":{"@id":"https:\/\/lequotidien.mr\/?p=29239&lang=fr"},"wordCount":688,"commentCount":0,"publisher":{"@id":"https:\/\/lequotidien.mr\/#organization"},"image":{"@id":"https:\/\/lequotidien.mr\/?p=29239&lang=fr#primaryimage"},"thumbnailUrl":"https:\/\/lequotidien.mr\/wp-content\/uploads\/2025\/07\/phota-GHazouani-et-Chef-gvmt-Espagne.jpg","articleSection":["ACTUALIT\u00c9","Economie"],"inLanguage":"ar","potentialAction":[{"@type":"CommentAction","name":"Comment","target":["https:\/\/lequotidien.mr\/?p=29239&lang=fr#respond"]}]},{"@type":"WebPage","@id":"https:\/\/lequotidien.mr\/?p=29239&lang=fr","url":"https:\/\/lequotidien.mr\/?p=29239&lang=fr","name":"Mauritanie-Espagne : Le Pr\u00e9sident El Ghazouani et le Premier ministre S\u00e1nchez scellent un \"partenariat strat\u00e9gique\" \u00e0 Nouakchott - Le Quotidien de Nouakchott","isPartOf":{"@id":"https:\/\/lequotidien.mr\/#website"},"primaryImageOfPage":{"@id":"https:\/\/lequotidien.mr\/?p=29239&lang=fr#primaryimage"},"image":{"@id":"https:\/\/lequotidien.mr\/?p=29239&lang=fr#primaryimage"},"thumbnailUrl":"https:\/\/lequotidien.mr\/wp-content\/uploads\/2025\/07\/phota-GHazouani-et-Chef-gvmt-Espagne.jpg","datePublished":"2025-07-16T23:32:23+00:00","breadcrumb":{"@id":"https:\/\/lequotidien.mr\/?p=29239&lang=fr#breadcrumb"},"inLanguage":"ar","potentialAction":[{"@type":"ReadAction","target":["https:\/\/lequotidien.mr\/?p=29239&lang=fr"]}]},{"@type":"ImageObject","inLanguage":"ar","@id":"https:\/\/lequotidien.mr\/?p=29239&lang=fr#primaryimage","url":"https:\/\/lequotidien.mr\/wp-content\/uploads\/2025\/07\/phota-GHazouani-et-Chef-gvmt-Espagne.jpg","contentUrl":"https:\/\/lequotidien.mr\/wp-content\/uploads\/2025\/07\/phota-GHazouani-et-Chef-gvmt-Espagne.jpg","width":750,"height":430},{"@type":"BreadcrumbList","@id":"https:\/\/lequotidien.mr\/?p=29239&lang=fr#breadcrumb","itemListElement":[{"@type":"ListItem","position":1,"name":"Home","item":"https:\/\/lequotidien.mr\/"},{"@type":"ListItem","position":2,"name":"Mauritanie-Espagne : Le Pr\u00e9sident El Ghazouani et le Premier ministre S\u00e1nchez scellent un \u00ab\u00a0partenariat strat\u00e9gique\u00a0\u00bb \u00e0 Nouakchott"}]},{"@type":"WebSite","@id":"https:\/\/lequotidien.mr\/#website","url":"https:\/\/lequotidien.mr\/","name":"Le Quotidien de Nouakchott","description":"\u0625\u062e\u0628\u0627\u0631\u064a\u0629 \u0645\u0633\u062a\u0642\u0644\u0629 \u0644\u0644\u0623\u0646\u0628\u0627\u0621 \u0627\u0644\u0639\u0627\u0645\u0629","publisher":{"@id":"https:\/\/lequotidien.mr\/#organization"},"potentialAction":[{"@type":"SearchAction","target":{"@type":"EntryPoint","urlTemplate":"https:\/\/lequotidien.mr\/?s={search_term_string}"},"query-input":{"@type":"PropertyValueSpecification","valueRequired":true,"valueName":"search_term_string"}}],"inLanguage":"ar"},{"@type":"Organization","@id":"https:\/\/lequotidien.mr\/#organization","name":"Le Quotidien de Nouakchott","url":"https:\/\/lequotidien.mr\/","logo":{"@type":"ImageObject","inLanguage":"ar","@id":"https:\/\/lequotidien.mr\/#\/schema\/logo\/image\/","url":"https:\/\/lequotidien.mr\/wp-content\/uploads\/2022\/11\/logolequotidien.jpg","contentUrl":"https:\/\/lequotidien.mr\/wp-content\/uploads\/2022\/11\/logolequotidien.jpg","width":290,"height":65,"caption":"Le Quotidien de Nouakchott"},"image":{"@id":"https:\/\/lequotidien.mr\/#\/schema\/logo\/image\/"},"sameAs":["https:\/\/web.facebook.com\/lequotidienmr","https:\/\/x.com\/lequotidienmr"]},{"@type":"Person","@id":"https:\/\/lequotidien.mr\/#\/schema\/person\/d2d350202a4d599685ed8abc25f97596","name":"Med Ahmed","image":{"@type":"ImageObject","inLanguage":"ar","@id":"https:\/\/secure.gravatar.com\/avatar\/fd2acc62ed50732923d1d39c17172c9b04149f142be92310ecc69e1358f94b52?s=96&d=mm&r=g","url":"https:\/\/secure.gravatar.com\/avatar\/fd2acc62ed50732923d1d39c17172c9b04149f142be92310ecc69e1358f94b52?s=96&d=mm&r=g","contentUrl":"https:\/\/secure.gravatar.com\/avatar\/fd2acc62ed50732923d1d39c17172c9b04149f142be92310ecc69e1358f94b52?s=96&d=mm&r=g","caption":"Med Ahmed"},"url":"https:\/\/lequotidien.mr\/?author=12"}]}},"_links":{"self":[{"href":"https:\/\/lequotidien.mr\/index.php?rest_route=\/wp\/v2\/posts\/29239","targetHints":{"allow":["GET"]}}],"collection":[{"href":"https:\/\/lequotidien.mr\/index.php?rest_route=\/wp\/v2\/posts"}],"about":[{"href":"https:\/\/lequotidien.mr\/index.php?rest_route=\/wp\/v2\/types\/post"}],"author":[{"embeddable":true,"href":"https:\/\/lequotidien.mr\/index.php?rest_route=\/wp\/v2\/users\/12"}],"replies":[{"embeddable":true,"href":"https:\/\/lequotidien.mr\/index.php?rest_route=%2Fwp%2Fv2%2Fcomments&post=29239"}],"version-history":[{"count":1,"href":"https:\/\/lequotidien.mr\/index.php?rest_route=\/wp\/v2\/posts\/29239\/revisions"}],"predecessor-version":[{"id":29241,"href":"https:\/\/lequotidien.mr\/index.php?rest_route=\/wp\/v2\/posts\/29239\/revisions\/29241"}],"wp:featuredmedia":[{"embeddable":true,"href":"https:\/\/lequotidien.mr\/index.php?rest_route=\/wp\/v2\/media\/29240"}],"wp:attachment":[{"href":"https:\/\/lequotidien.mr\/index.php?rest_route=%2Fwp%2Fv2%2Fmedia&parent=29239"}],"wp:term":[{"taxonomy":"category","embeddable":true,"href":"https:\/\/lequotidien.mr\/index.php?rest_route=%2Fwp%2Fv2%2Fcategories&post=29239"},{"taxonomy":"post_tag","embeddable":true,"href":"https:\/\/lequotidien.mr\/index.php?rest_route=%2Fwp%2Fv2%2Ftags&post=29239"}],"curies":[{"name":"wp","href":"https:\/\/api.w.org\/{rel}","templated":true}]}}