{"id":29236,"date":"2025-07-16T23:02:57","date_gmt":"2025-07-16T23:02:57","guid":{"rendered":"https:\/\/lequotidien.mr\/?p=29236"},"modified":"2025-07-16T23:02:57","modified_gmt":"2025-07-16T23:02:57","slug":"conseil-des-ministres-focus-sur-les-projets-structurants-et-reformes-en-marche","status":"publish","type":"post","link":"https:\/\/lequotidien.mr\/?p=29236&lang=fr","title":{"rendered":"Conseil des Ministres : Focus sur les projets structurants et r\u00e9formes en marche"},"content":{"rendered":"<p>Plusieurs membres du Gouvernement se sont exprim\u00e9s mardi soir pour d\u00e9tailler les d\u00e9cisions et bilans issus du Conseil des Ministres tenu dans la matin\u00e9e. Pr\u00e9sid\u00e9e par le Ministre de la Culture, des Arts, de la Communication et des Relations avec le Parlement, Porte-parole du Gouvernement, M. Houssein Meddou, cette conf\u00e9rence de presse a vu les interventions des Ministres charg\u00e9s du Secr\u00e9tariat G\u00e9n\u00e9ral du Gouvernement, des Affaires Islamiques, de l\u2019\u00c9conomie et des Finances, et de l\u2019Agriculture.<\/p>\n<p><strong>Acc\u00e9l\u00e9ration des grands projets et suivi rigoureux<\/strong><\/p>\n<p><strong>M. Al Housseinou Lam, Ministre charg\u00e9 du Secr\u00e9tariat G\u00e9n\u00e9ral du Gouvernement<\/strong>, a pr\u00e9sent\u00e9 un rapport positif sur l\u2019\u00e9volution des grands projets entre le 1er mai et le 30 juin 2025. Il a annonc\u00e9 une\u00a0<strong>am\u00e9lioration &#8220;sans pr\u00e9c\u00e9dent&#8221;<\/strong>du rythme d&#8217;ex\u00e9cution, avec des taux d&#8217;avancement respectifs de 3,23% en mai et 3,33% en juin. Il attribue cette dynamique aux\u00a0<strong>instructions du Pr\u00e9sident de la R\u00e9publique en 2023<\/strong>visant \u00e0 acc\u00e9l\u00e9rer les projets. Actuellement,\u00a0<strong>110 projets<\/strong>\u00a0sont en cours, repr\u00e9sentant une enveloppe totale de\u00a0<strong>51 milliards MRU<\/strong>\u00a0r\u00e9partis sur 14 secteurs.<\/p>\n<p>Concernant le\u00a0<strong>projet de d\u00e9veloppement de Nouakchott<\/strong>\u00a0lanc\u00e9 r\u00e9cemment par le Pr\u00e9sident, M. Lam a indiqu\u00e9 un niveau d&#8217;avancement global de\u00a0<strong>37%<\/strong>. Il s&#8217;est dit confiant dans le respect des d\u00e9lais, \u00e0 l&#8217;exception de deux projets retard\u00e9s par leurs \u00e9tudes.<\/p>\n<p><strong>Financements internationaux pour la formation et l&#8217;eau<\/strong><\/p>\n<p><strong>M. Sid\u2019Ahmed Bouh, Ministre de l\u2019\u00c9conomie et des Finances<\/strong>, a comment\u00e9 deux projets de loi cruciaux approuv\u00e9s par le Conseil :<\/p>\n<p><strong>-Accord avec la Banque Islamique de D\u00e9veloppement (BID) :<\/strong>\u00a0Un financement de\u00a0<strong>26 millions d&#8217;euros<\/strong>\u00a0(remboursable sur 20 ans) pour am\u00e9liorer la formation professionnelle et l&#8217;emploi des jeunes. Ce projet comprend la\u00a0<strong>construction d&#8217;un p\u00f4le technologique polyvalent \u00e0 Dar Naim<\/strong>\u00a0(num\u00e9rique, IA, m\u00e9canique, \u00e9nergie) et le\u00a0<strong>renforcement des capacit\u00e9s institutionnelles<\/strong>\u00a0(curricula, formation du personnel)\u00a0;<\/p>\n<p><strong>-Convention avec la BID :<\/strong>\u00a0Un budget de\u00a0<strong>9,5 millions d&#8217;euros<\/strong>\u00a0pour soutenir la\u00a0<strong>Strat\u00e9gie Nationale de Formation Professionnelle 2023-2030\u00a0<\/strong>;<\/p>\n<p><strong>-Accord avec la Banque Africaine de D\u00e9veloppement (BAD) :<\/strong>\u00a0Un pr\u00eat de\u00a0<strong>plus de 7 milliards MRU<\/strong>\u00a0(remboursable sur 30 ans, dont 5 ans de diff\u00e9r\u00e9, taux \u00e0 0,75%) pour\u00a0<strong>renforcer la r\u00e9silience du monde rural<\/strong>\u00a0via la gestion des ressources en eau (usage domestique, productif, \u00e9cosyst\u00e9mique). Trois composantes : s\u00e9curisation de l&#8217;acc\u00e8s \u00e0 l&#8217;eau, r\u00e9duction de la pollution, am\u00e9lioration de la gouvernance de l&#8217;eau.<\/p>\n<p><strong>Bilan positif du Hajj 2025 et perspectives<\/strong><\/p>\n<p><strong>M. Sidi Yahya Cheikhna Lemrabott, Ministre des Affaires Islamiques et de l\u2019Enseignement Originel<\/strong>, a dress\u00e9 un\u00a0<strong>bilan tr\u00e8s positif du p\u00e8lerinage 2025<\/strong>. Il a salu\u00e9 la bonne pr\u00e9paration et le d\u00e9roulement dans des conditions favorables, soulignant qu&#8217;<strong>aucun d\u00e9c\u00e8s ni incident majeur<\/strong>n&#8217;a \u00e9t\u00e9 enregistr\u00e9 parmi les p\u00e8lerins mauritaniens. Les am\u00e9liorations notables incluent :<\/p>\n<p><strong>-R\u00e9vision des contrats avec les prestataires<\/strong>,\u00a0<strong>r\u00e9duisant les co\u00fbts\u00a0<\/strong><strong>;<\/strong><\/p>\n<p><strong>-Augmentation de la capacit\u00e9 d&#8217;accueil<\/strong>\u00a0(r\u00e9servations d&#8217;h\u00f4tels et sites adapt\u00e9s)\u00a0;<\/p>\n<p><strong>-Optimisation de l&#8217;information<\/strong>\u00a0et\u00a0<strong>sensibilisation<\/strong>\u00a0religieuse\/civique (vid\u00e9os multilingues).<\/p>\n<p>Pour la prochaine saison, le Ministre a identifi\u00e9 comme d\u00e9fi principal une\u00a0<strong>meilleure synchronisation des agendas saoudien et mauritanien<\/strong>\u00a0pour assurer l&#8217;arriv\u00e9e des p\u00e8lerins \u00e0 temps.<\/p>\n<p><strong>M\u00e9canisation agricole : Lancement de la phase 2<\/strong><\/p>\n<p><strong>M. Memma Beibatta, Ministre de l\u2019Agriculture et de la Souverainet\u00e9 alimentaire<\/strong>, a pr\u00e9sent\u00e9 une communication conjointe sur la\u00a0<strong>m\u00e9canisation agricole<\/strong>, jug\u00e9e &#8220;n\u00e9cessaire&#8221; pour d\u00e9velopper l&#8217;agriculture irrigu\u00e9e et lutter contre l&#8217;exode rural. Suite \u00e0 l&#8217;\u00e9valuation positive de la premi\u00e8re phase lanc\u00e9e \u00e0 Kiffa en 2024, il a annonc\u00e9 le\u00a0<strong>lancement imminent de la deuxi\u00e8me phase<\/strong>, qui pr\u00e9voit la\u00a0<strong>mise \u00e0 disposition de 80 tracteurs<\/strong>.<\/p>\n<p>Le Ministre a reconnu des d\u00e9fis persistants :\u00a0<strong>manque de formation, maintenance difficile, disponibilit\u00e9 des pi\u00e8ces d\u00e9tach\u00e9es<\/strong>. Des actions concert\u00e9es avec les minist\u00e8res de l&#8217;Emploi et du D\u00e9veloppement local seront prises pour y rem\u00e9dier, notamment par l&#8217;<strong>\u00e9tablissement de centres de maintenance g\u00e9r\u00e9s par des jeunes<\/strong>\u00a0et \u00e9quip\u00e9s en pi\u00e8ces de rechange.<\/p>\n<p><strong>Diplomatie et positionnement international<\/strong><\/p>\n<p><strong>M. Houssein Meddou, Porte-parole du Gouvernement<\/strong>, a bri\u00e8vement \u00e9voqu\u00e9 la\u00a0<strong>r\u00e9cente visite historique du Pr\u00e9sident de la R\u00e9publique aux \u00c9tats-Unis<\/strong>. Il a soulign\u00e9 l&#8217;honneur de la s\u00e9lection de la Mauritanie parmi cinq pays invit\u00e9s et les r\u00e9sultats concrets en mati\u00e8re de coop\u00e9ration bilat\u00e9rale et de promotion des atouts du pays. Il a vu dans cette invitation une\u00a0<strong>preuve du positionnement international de la Mauritanie<\/strong>, malgr\u00e9 les &#8220;tentatives de discr\u00e9dit&#8221;.<\/p>\n<p>Le Porte-parole a \u00e9galement annonc\u00e9 la\u00a0<strong>visite prochaine du Premier ministre espagnol Pedro S\u00e1nchez<\/strong>, accompagn\u00e9 d&#8217;une d\u00e9l\u00e9gation de sept ministres, pour renforcer la coop\u00e9ration bilat\u00e9rale.<\/p>\n<p>En r\u00e9ponse \u00e0 une question sur l&#8217;\u00e9valuation de la performance du gouvernement, M. Meddou a cit\u00e9 la\u00a0<strong>centaine de projets de d\u00e9veloppement en cours<\/strong>, repr\u00e9sentant\u00a0<strong>320 milliards MRU<\/strong>\u00a0financ\u00e9s sur le budget de l&#8217;\u00c9tat et touchant toutes les communes. Il a point\u00e9 l&#8217;avancement du projet de Nouakchott comme illustration de la rapidit\u00e9 d&#8217;ex\u00e9cution.<\/p>\n<p>Cette conf\u00e9rence de presse post-Conseil des Ministres a mis en lumi\u00e8re une\u00a0<strong>gouvernance active et tourn\u00e9e vers les r\u00e9sultats<\/strong>. L&#8217;accent mis sur le suivi rigoureux des projets, la s\u00e9curisation de financements internationaux strat\u00e9giques (formation, eau), le bilan positif du hajj, la poursuite de la m\u00e9canisation agricole et les succ\u00e8s diplomatiques, dessinent l&#8217;image d&#8217;un ex\u00e9cutif cherchant \u00e0 concr\u00e9tiser ses engagements en faveur du d\u00e9veloppement \u00e9conomique et social du pays. La transparence affich\u00e9e dans la pr\u00e9sentation des avanc\u00e9es et des d\u00e9fis reste un \u00e9l\u00e9ment cl\u00e9 de cette communication gouvernementale.<\/p>\n","protected":false},"excerpt":{"rendered":"<p>Plusieurs membres du Gouvernement se sont exprim\u00e9s mardi soir pour d\u00e9tailler les d\u00e9cisions et bilans issus du Conseil des Ministres tenu dans la matin\u00e9e. Pr\u00e9sid\u00e9e par le Ministre de la Culture, des Arts, de la Communication et des Relations avec le Parlement, Porte-parole du Gouvernement, M. Houssein Meddou, cette conf\u00e9rence de presse a vu les&#8230;..<\/p>\n","protected":false},"author":12,"featured_media":29237,"comment_status":"open","ping_status":"open","sticky":false,"template":"","format":"standard","meta":{"footnotes":""},"categories":[23,49],"tags":[],"class_list":["post-29236","post","type-post","status-publish","format-standard","has-post-thumbnail","hentry","category-actualite","category-economie"],"yoast_head":"<!-- This site is optimized with the Yoast SEO plugin v27.5 - https:\/\/yoast.com\/product\/yoast-seo-wordpress\/ -->\n<title>Conseil des Ministres : Focus sur les projets structurants et r\u00e9formes en marche - Le Quotidien de Nouakchott<\/title>\n<meta name=\"robots\" content=\"index, follow, max-snippet:-1, max-image-preview:large, max-video-preview:-1\" \/>\n<link rel=\"canonical\" href=\"https:\/\/lequotidien.mr\/?p=29236&lang=fr\" \/>\n<meta property=\"og:locale\" content=\"ar_AR\" \/>\n<meta property=\"og:type\" content=\"article\" \/>\n<meta property=\"og:title\" content=\"Conseil des Ministres : Focus sur les projets structurants et r\u00e9formes en marche - Le Quotidien de Nouakchott\" \/>\n<meta property=\"og:description\" content=\"Plusieurs membres du Gouvernement se sont exprim\u00e9s mardi soir pour d\u00e9tailler les d\u00e9cisions et bilans issus du Conseil des Ministres tenu dans la matin\u00e9e. Pr\u00e9sid\u00e9e par le Ministre de la Culture, des Arts, de la Communication et des Relations avec le Parlement, Porte-parole du Gouvernement, M. Houssein Meddou, cette conf\u00e9rence de presse a vu les.....\" \/>\n<meta property=\"og:url\" content=\"https:\/\/lequotidien.mr\/?p=29236&amp;lang=fr\" \/>\n<meta property=\"og:site_name\" content=\"Le Quotidien de Nouakchott\" \/>\n<meta property=\"article:publisher\" content=\"https:\/\/web.facebook.com\/lequotidienmr\" \/>\n<meta property=\"article:published_time\" content=\"2025-07-16T23:02:57+00:00\" \/>\n<meta property=\"og:image\" content=\"https:\/\/lequotidien.mr\/wp-content\/uploads\/2025\/07\/photo-point-presse-15-7-2025.jpg\" \/>\n\t<meta property=\"og:image:width\" content=\"750\" \/>\n\t<meta property=\"og:image:height\" content=\"430\" \/>\n\t<meta property=\"og:image:type\" content=\"image\/jpeg\" \/>\n<meta name=\"author\" content=\"Med Ahmed\" \/>\n<meta name=\"twitter:card\" content=\"summary_large_image\" \/>\n<meta name=\"twitter:creator\" content=\"@lequotidienmr\" \/>\n<meta name=\"twitter:site\" content=\"@lequotidienmr\" \/>\n<meta name=\"twitter:label1\" content=\"\u0643\u064f\u062a\u0628 \u0628\u0648\u0627\u0633\u0637\u0629\" \/>\n\t<meta name=\"twitter:data1\" content=\"Med Ahmed\" \/>\n\t<meta name=\"twitter:label2\" content=\"\u0648\u0642\u062a \u0627\u0644\u0642\u0631\u0627\u0621\u0629 \u0627\u0644\u0645\u064f\u0642\u062f\u0651\u0631\" \/>\n\t<meta name=\"twitter:data2\" content=\"7 \u062f\u0642\u0627\u0626\u0642\" \/>\n<script type=\"application\/ld+json\" class=\"yoast-schema-graph\">{\"@context\":\"https:\\\/\\\/schema.org\",\"@graph\":[{\"@type\":\"Article\",\"@id\":\"https:\\\/\\\/lequotidien.mr\\\/?p=29236&lang=fr#article\",\"isPartOf\":{\"@id\":\"https:\\\/\\\/lequotidien.mr\\\/?p=29236&lang=fr\"},\"author\":{\"name\":\"Med Ahmed\",\"@id\":\"https:\\\/\\\/lequotidien.mr\\\/#\\\/schema\\\/person\\\/d2d350202a4d599685ed8abc25f97596\"},\"headline\":\"Conseil des Ministres : Focus sur les projets structurants et r\u00e9formes en marche\",\"datePublished\":\"2025-07-16T23:02:57+00:00\",\"mainEntityOfPage\":{\"@id\":\"https:\\\/\\\/lequotidien.mr\\\/?p=29236&lang=fr\"},\"wordCount\":990,\"commentCount\":0,\"publisher\":{\"@id\":\"https:\\\/\\\/lequotidien.mr\\\/#organization\"},\"image\":{\"@id\":\"https:\\\/\\\/lequotidien.mr\\\/?p=29236&lang=fr#primaryimage\"},\"thumbnailUrl\":\"https:\\\/\\\/lequotidien.mr\\\/wp-content\\\/uploads\\\/2025\\\/07\\\/photo-point-presse-15-7-2025.jpg\",\"articleSection\":[\"ACTUALIT\u00c9\",\"Economie\"],\"inLanguage\":\"ar\",\"potentialAction\":[{\"@type\":\"CommentAction\",\"name\":\"Comment\",\"target\":[\"https:\\\/\\\/lequotidien.mr\\\/?p=29236&lang=fr#respond\"]}]},{\"@type\":\"WebPage\",\"@id\":\"https:\\\/\\\/lequotidien.mr\\\/?p=29236&lang=fr\",\"url\":\"https:\\\/\\\/lequotidien.mr\\\/?p=29236&lang=fr\",\"name\":\"Conseil des Ministres : Focus sur les projets structurants et r\u00e9formes en marche - Le Quotidien de Nouakchott\",\"isPartOf\":{\"@id\":\"https:\\\/\\\/lequotidien.mr\\\/#website\"},\"primaryImageOfPage\":{\"@id\":\"https:\\\/\\\/lequotidien.mr\\\/?p=29236&lang=fr#primaryimage\"},\"image\":{\"@id\":\"https:\\\/\\\/lequotidien.mr\\\/?p=29236&lang=fr#primaryimage\"},\"thumbnailUrl\":\"https:\\\/\\\/lequotidien.mr\\\/wp-content\\\/uploads\\\/2025\\\/07\\\/photo-point-presse-15-7-2025.jpg\",\"datePublished\":\"2025-07-16T23:02:57+00:00\",\"breadcrumb\":{\"@id\":\"https:\\\/\\\/lequotidien.mr\\\/?p=29236&lang=fr#breadcrumb\"},\"inLanguage\":\"ar\",\"potentialAction\":[{\"@type\":\"ReadAction\",\"target\":[\"https:\\\/\\\/lequotidien.mr\\\/?p=29236&lang=fr\"]}]},{\"@type\":\"ImageObject\",\"inLanguage\":\"ar\",\"@id\":\"https:\\\/\\\/lequotidien.mr\\\/?p=29236&lang=fr#primaryimage\",\"url\":\"https:\\\/\\\/lequotidien.mr\\\/wp-content\\\/uploads\\\/2025\\\/07\\\/photo-point-presse-15-7-2025.jpg\",\"contentUrl\":\"https:\\\/\\\/lequotidien.mr\\\/wp-content\\\/uploads\\\/2025\\\/07\\\/photo-point-presse-15-7-2025.jpg\",\"width\":750,\"height\":430},{\"@type\":\"BreadcrumbList\",\"@id\":\"https:\\\/\\\/lequotidien.mr\\\/?p=29236&lang=fr#breadcrumb\",\"itemListElement\":[{\"@type\":\"ListItem\",\"position\":1,\"name\":\"Home\",\"item\":\"https:\\\/\\\/lequotidien.mr\\\/\"},{\"@type\":\"ListItem\",\"position\":2,\"name\":\"Conseil des Ministres : Focus sur les projets structurants et r\u00e9formes en marche\"}]},{\"@type\":\"WebSite\",\"@id\":\"https:\\\/\\\/lequotidien.mr\\\/#website\",\"url\":\"https:\\\/\\\/lequotidien.mr\\\/\",\"name\":\"Le Quotidien de Nouakchott\",\"description\":\"\u0625\u062e\u0628\u0627\u0631\u064a\u0629 \u0645\u0633\u062a\u0642\u0644\u0629 \u0644\u0644\u0623\u0646\u0628\u0627\u0621 \u0627\u0644\u0639\u0627\u0645\u0629\",\"publisher\":{\"@id\":\"https:\\\/\\\/lequotidien.mr\\\/#organization\"},\"potentialAction\":[{\"@type\":\"SearchAction\",\"target\":{\"@type\":\"EntryPoint\",\"urlTemplate\":\"https:\\\/\\\/lequotidien.mr\\\/?s={search_term_string}\"},\"query-input\":{\"@type\":\"PropertyValueSpecification\",\"valueRequired\":true,\"valueName\":\"search_term_string\"}}],\"inLanguage\":\"ar\"},{\"@type\":\"Organization\",\"@id\":\"https:\\\/\\\/lequotidien.mr\\\/#organization\",\"name\":\"Le Quotidien de Nouakchott\",\"url\":\"https:\\\/\\\/lequotidien.mr\\\/\",\"logo\":{\"@type\":\"ImageObject\",\"inLanguage\":\"ar\",\"@id\":\"https:\\\/\\\/lequotidien.mr\\\/#\\\/schema\\\/logo\\\/image\\\/\",\"url\":\"https:\\\/\\\/lequotidien.mr\\\/wp-content\\\/uploads\\\/2022\\\/11\\\/logolequotidien.jpg\",\"contentUrl\":\"https:\\\/\\\/lequotidien.mr\\\/wp-content\\\/uploads\\\/2022\\\/11\\\/logolequotidien.jpg\",\"width\":290,\"height\":65,\"caption\":\"Le Quotidien de Nouakchott\"},\"image\":{\"@id\":\"https:\\\/\\\/lequotidien.mr\\\/#\\\/schema\\\/logo\\\/image\\\/\"},\"sameAs\":[\"https:\\\/\\\/web.facebook.com\\\/lequotidienmr\",\"https:\\\/\\\/x.com\\\/lequotidienmr\"]},{\"@type\":\"Person\",\"@id\":\"https:\\\/\\\/lequotidien.mr\\\/#\\\/schema\\\/person\\\/d2d350202a4d599685ed8abc25f97596\",\"name\":\"Med Ahmed\",\"image\":{\"@type\":\"ImageObject\",\"inLanguage\":\"ar\",\"@id\":\"https:\\\/\\\/secure.gravatar.com\\\/avatar\\\/fd2acc62ed50732923d1d39c17172c9b04149f142be92310ecc69e1358f94b52?s=96&d=mm&r=g\",\"url\":\"https:\\\/\\\/secure.gravatar.com\\\/avatar\\\/fd2acc62ed50732923d1d39c17172c9b04149f142be92310ecc69e1358f94b52?s=96&d=mm&r=g\",\"contentUrl\":\"https:\\\/\\\/secure.gravatar.com\\\/avatar\\\/fd2acc62ed50732923d1d39c17172c9b04149f142be92310ecc69e1358f94b52?s=96&d=mm&r=g\",\"caption\":\"Med Ahmed\"},\"url\":\"https:\\\/\\\/lequotidien.mr\\\/?author=12\"}]}<\/script>\n<!-- \/ Yoast SEO plugin. -->","yoast_head_json":{"title":"Conseil des Ministres : Focus sur les projets structurants et r\u00e9formes en marche - Le Quotidien de Nouakchott","robots":{"index":"index","follow":"follow","max-snippet":"max-snippet:-1","max-image-preview":"max-image-preview:large","max-video-preview":"max-video-preview:-1"},"canonical":"https:\/\/lequotidien.mr\/?p=29236&lang=fr","og_locale":"ar_AR","og_type":"article","og_title":"Conseil des Ministres : Focus sur les projets structurants et r\u00e9formes en marche - Le Quotidien de Nouakchott","og_description":"Plusieurs membres du Gouvernement se sont exprim\u00e9s mardi soir pour d\u00e9tailler les d\u00e9cisions et bilans issus du Conseil des Ministres tenu dans la matin\u00e9e. Pr\u00e9sid\u00e9e par le Ministre de la Culture, des Arts, de la Communication et des Relations avec le Parlement, Porte-parole du Gouvernement, M. Houssein Meddou, cette conf\u00e9rence de presse a vu les.....","og_url":"https:\/\/lequotidien.mr\/?p=29236&lang=fr","og_site_name":"Le Quotidien de Nouakchott","article_publisher":"https:\/\/web.facebook.com\/lequotidienmr","article_published_time":"2025-07-16T23:02:57+00:00","og_image":[{"width":750,"height":430,"url":"https:\/\/lequotidien.mr\/wp-content\/uploads\/2025\/07\/photo-point-presse-15-7-2025.jpg","type":"image\/jpeg"}],"author":"Med Ahmed","twitter_card":"summary_large_image","twitter_creator":"@lequotidienmr","twitter_site":"@lequotidienmr","twitter_misc":{"\u0643\u064f\u062a\u0628 \u0628\u0648\u0627\u0633\u0637\u0629":"Med Ahmed","\u0648\u0642\u062a \u0627\u0644\u0642\u0631\u0627\u0621\u0629 \u0627\u0644\u0645\u064f\u0642\u062f\u0651\u0631":"7 \u062f\u0642\u0627\u0626\u0642"},"schema":{"@context":"https:\/\/schema.org","@graph":[{"@type":"Article","@id":"https:\/\/lequotidien.mr\/?p=29236&lang=fr#article","isPartOf":{"@id":"https:\/\/lequotidien.mr\/?p=29236&lang=fr"},"author":{"name":"Med Ahmed","@id":"https:\/\/lequotidien.mr\/#\/schema\/person\/d2d350202a4d599685ed8abc25f97596"},"headline":"Conseil des Ministres : Focus sur les projets structurants et r\u00e9formes en marche","datePublished":"2025-07-16T23:02:57+00:00","mainEntityOfPage":{"@id":"https:\/\/lequotidien.mr\/?p=29236&lang=fr"},"wordCount":990,"commentCount":0,"publisher":{"@id":"https:\/\/lequotidien.mr\/#organization"},"image":{"@id":"https:\/\/lequotidien.mr\/?p=29236&lang=fr#primaryimage"},"thumbnailUrl":"https:\/\/lequotidien.mr\/wp-content\/uploads\/2025\/07\/photo-point-presse-15-7-2025.jpg","articleSection":["ACTUALIT\u00c9","Economie"],"inLanguage":"ar","potentialAction":[{"@type":"CommentAction","name":"Comment","target":["https:\/\/lequotidien.mr\/?p=29236&lang=fr#respond"]}]},{"@type":"WebPage","@id":"https:\/\/lequotidien.mr\/?p=29236&lang=fr","url":"https:\/\/lequotidien.mr\/?p=29236&lang=fr","name":"Conseil des Ministres : Focus sur les projets structurants et r\u00e9formes en marche - Le Quotidien de Nouakchott","isPartOf":{"@id":"https:\/\/lequotidien.mr\/#website"},"primaryImageOfPage":{"@id":"https:\/\/lequotidien.mr\/?p=29236&lang=fr#primaryimage"},"image":{"@id":"https:\/\/lequotidien.mr\/?p=29236&lang=fr#primaryimage"},"thumbnailUrl":"https:\/\/lequotidien.mr\/wp-content\/uploads\/2025\/07\/photo-point-presse-15-7-2025.jpg","datePublished":"2025-07-16T23:02:57+00:00","breadcrumb":{"@id":"https:\/\/lequotidien.mr\/?p=29236&lang=fr#breadcrumb"},"inLanguage":"ar","potentialAction":[{"@type":"ReadAction","target":["https:\/\/lequotidien.mr\/?p=29236&lang=fr"]}]},{"@type":"ImageObject","inLanguage":"ar","@id":"https:\/\/lequotidien.mr\/?p=29236&lang=fr#primaryimage","url":"https:\/\/lequotidien.mr\/wp-content\/uploads\/2025\/07\/photo-point-presse-15-7-2025.jpg","contentUrl":"https:\/\/lequotidien.mr\/wp-content\/uploads\/2025\/07\/photo-point-presse-15-7-2025.jpg","width":750,"height":430},{"@type":"BreadcrumbList","@id":"https:\/\/lequotidien.mr\/?p=29236&lang=fr#breadcrumb","itemListElement":[{"@type":"ListItem","position":1,"name":"Home","item":"https:\/\/lequotidien.mr\/"},{"@type":"ListItem","position":2,"name":"Conseil des Ministres : Focus sur les projets structurants et r\u00e9formes en marche"}]},{"@type":"WebSite","@id":"https:\/\/lequotidien.mr\/#website","url":"https:\/\/lequotidien.mr\/","name":"Le Quotidien de Nouakchott","description":"\u0625\u062e\u0628\u0627\u0631\u064a\u0629 \u0645\u0633\u062a\u0642\u0644\u0629 \u0644\u0644\u0623\u0646\u0628\u0627\u0621 \u0627\u0644\u0639\u0627\u0645\u0629","publisher":{"@id":"https:\/\/lequotidien.mr\/#organization"},"potentialAction":[{"@type":"SearchAction","target":{"@type":"EntryPoint","urlTemplate":"https:\/\/lequotidien.mr\/?s={search_term_string}"},"query-input":{"@type":"PropertyValueSpecification","valueRequired":true,"valueName":"search_term_string"}}],"inLanguage":"ar"},{"@type":"Organization","@id":"https:\/\/lequotidien.mr\/#organization","name":"Le Quotidien de Nouakchott","url":"https:\/\/lequotidien.mr\/","logo":{"@type":"ImageObject","inLanguage":"ar","@id":"https:\/\/lequotidien.mr\/#\/schema\/logo\/image\/","url":"https:\/\/lequotidien.mr\/wp-content\/uploads\/2022\/11\/logolequotidien.jpg","contentUrl":"https:\/\/lequotidien.mr\/wp-content\/uploads\/2022\/11\/logolequotidien.jpg","width":290,"height":65,"caption":"Le Quotidien de Nouakchott"},"image":{"@id":"https:\/\/lequotidien.mr\/#\/schema\/logo\/image\/"},"sameAs":["https:\/\/web.facebook.com\/lequotidienmr","https:\/\/x.com\/lequotidienmr"]},{"@type":"Person","@id":"https:\/\/lequotidien.mr\/#\/schema\/person\/d2d350202a4d599685ed8abc25f97596","name":"Med Ahmed","image":{"@type":"ImageObject","inLanguage":"ar","@id":"https:\/\/secure.gravatar.com\/avatar\/fd2acc62ed50732923d1d39c17172c9b04149f142be92310ecc69e1358f94b52?s=96&d=mm&r=g","url":"https:\/\/secure.gravatar.com\/avatar\/fd2acc62ed50732923d1d39c17172c9b04149f142be92310ecc69e1358f94b52?s=96&d=mm&r=g","contentUrl":"https:\/\/secure.gravatar.com\/avatar\/fd2acc62ed50732923d1d39c17172c9b04149f142be92310ecc69e1358f94b52?s=96&d=mm&r=g","caption":"Med Ahmed"},"url":"https:\/\/lequotidien.mr\/?author=12"}]}},"_links":{"self":[{"href":"https:\/\/lequotidien.mr\/index.php?rest_route=\/wp\/v2\/posts\/29236","targetHints":{"allow":["GET"]}}],"collection":[{"href":"https:\/\/lequotidien.mr\/index.php?rest_route=\/wp\/v2\/posts"}],"about":[{"href":"https:\/\/lequotidien.mr\/index.php?rest_route=\/wp\/v2\/types\/post"}],"author":[{"embeddable":true,"href":"https:\/\/lequotidien.mr\/index.php?rest_route=\/wp\/v2\/users\/12"}],"replies":[{"embeddable":true,"href":"https:\/\/lequotidien.mr\/index.php?rest_route=%2Fwp%2Fv2%2Fcomments&post=29236"}],"version-history":[{"count":1,"href":"https:\/\/lequotidien.mr\/index.php?rest_route=\/wp\/v2\/posts\/29236\/revisions"}],"predecessor-version":[{"id":29238,"href":"https:\/\/lequotidien.mr\/index.php?rest_route=\/wp\/v2\/posts\/29236\/revisions\/29238"}],"wp:featuredmedia":[{"embeddable":true,"href":"https:\/\/lequotidien.mr\/index.php?rest_route=\/wp\/v2\/media\/29237"}],"wp:attachment":[{"href":"https:\/\/lequotidien.mr\/index.php?rest_route=%2Fwp%2Fv2%2Fmedia&parent=29236"}],"wp:term":[{"taxonomy":"category","embeddable":true,"href":"https:\/\/lequotidien.mr\/index.php?rest_route=%2Fwp%2Fv2%2Fcategories&post=29236"},{"taxonomy":"post_tag","embeddable":true,"href":"https:\/\/lequotidien.mr\/index.php?rest_route=%2Fwp%2Fv2%2Ftags&post=29236"}],"curies":[{"name":"wp","href":"https:\/\/api.w.org\/{rel}","templated":true}]}}