{"id":29230,"date":"2025-07-16T22:06:04","date_gmt":"2025-07-16T22:06:04","guid":{"rendered":"https:\/\/lequotidien.mr\/?p=29230"},"modified":"2025-07-16T22:06:04","modified_gmt":"2025-07-16T22:06:04","slug":"mauritanie-espagne-lancement-officiel-du-conseil-daffaires-mauritano-espagnol-avec-des-annonces-et-des-engagements-concrets","status":"publish","type":"post","link":"https:\/\/lequotidien.mr\/?p=29230&lang=fr","title":{"rendered":"Mauritanie-Espagne : Lancement officiel du Conseil d&#8217;affaires mauritano-espagnol avec des annonces et des engagements concrets"},"content":{"rendered":"<p>Une \u00e9tape majeure dans les relations bilat\u00e9rales entre la Mauritanie et l&#8217;Espagne a \u00e9t\u00e9 franchie mercredi dernier. Le Pr\u00e9sident mauritanien, Mohamed Cheikh El Ghazouani, et le Pr\u00e9sident du Gouvernement espagnol, Pedro S\u00e1nchez, ont conjointement pr\u00e9sid\u00e9 la cl\u00f4ture des travaux de la premi\u00e8re r\u00e9union de haut niveau entre les deux pays, couronn\u00e9e par le lancement officiel du Conseil d&#8217;affaires mauritano-espagnol. Cet \u00e9v\u00e9nement, qualifi\u00e9 d&#8217;historique par les deux parties, vise \u00e0 ouvrir des perspectives d&#8217;investissement ambitieuses et \u00e0 approfondir le partenariat \u00e9conomique.<\/p>\n<p><strong>Des annonces concr\u00e8tes pour l&#8217;avenir<\/strong><\/p>\n<p>La s\u00e9ance de cl\u00f4ture a \u00e9t\u00e9 marqu\u00e9e par des engagements forts :<\/p>\n<p><strong>-Soutien Financier Massif :<\/strong>\u00a0L&#8217;Espagne a annonc\u00e9 une enveloppe financi\u00e8re de\u00a0<strong>200 millions d&#8217;euros<\/strong>\u00a0destin\u00e9e \u00e0 soutenir les investissements espagnols en Mauritanie. Ce fonds comprendra des pr\u00eats pour des projets verts, le financement d&#8217;\u00e9tudes de faisabilit\u00e9 et des outils de couverture des risques, avec un accent particulier sur la transition \u00e9nerg\u00e9tique\u00a0;<\/p>\n<p><strong>-Renforcement Institutionnel :<\/strong>\u00a0\u00c0 compter du\u00a0<strong>1er septembre 2024<\/strong>, l&#8217;Espagne installera son premier repr\u00e9sentant \u00e9conomique et commercial en Mauritanie. Cette nouvelle pr\u00e9sence visera \u00e0 soutenir l&#8217;ambassade et \u00e0 accompagner plus efficacement les entreprises espagnoles sur le terrain\u00a0;<\/p>\n<p><strong>-&#8220;Kantara&#8221;, un Pont Num\u00e9rique :<\/strong>\u00a0Le ministre mauritanien de l&#8217;\u00c9conomie et des Finances, Sid\u2019Ahmed Bouh, a proc\u00e9d\u00e9 au lancement officiel de la plateforme num\u00e9rique\u00a0<strong>&#8220;Kantara&#8221;<\/strong>. Pr\u00e9sent\u00e9e par Mohamed Ould El Waled, Pr\u00e9sident du Conseil d&#8217;affaires, cette plateforme servira de pont direct entre les acteurs \u00e9conomiques des deux pays, facilitant la pr\u00e9sentation d&#8217;opportunit\u00e9s, la mise en relation d&#8217;entreprises et l&#8217;acc\u00e8s aux informations \u00e9conomiques.<\/p>\n<p><strong>Des discours tourn\u00e9s vers l&#8217;action et la confiance<\/strong><\/p>\n<p>Dans son allocution, le Pr\u00e9sident\u00a0<strong>Mohamed Cheikh El Ghazouani<\/strong>\u00a0a soulign\u00e9 l&#8217;importance capitale de cette initiative :<\/p>\n<p><em>&#8220;Je remercie les secteurs priv\u00e9s mauritanien et espagnol&#8230; Cet \u00e9v\u00e9nement repr\u00e9sente&#8230; une \u00e9tape importante et refl\u00e8te l\u2019engagement du secteur priv\u00e9 \u00e0 jouer pleinement son r\u00f4le dans le renforcement de la coop\u00e9ration mauritano-espagnole bas\u00e9e sur une amiti\u00e9 solide et des relations politiques exemplaires.&#8221;<\/em><br \/>\nIl a exhort\u00e9 les acteurs \u00e9conomiques \u00e0 acc\u00e9l\u00e9rer la mise en \u0153uvre de projets communs, soulignant que\u00a0<em>&#8220;la Mauritanie est aujourd\u2019hui un chantier ouvert&#8221;<\/em>\u00a0offrant des opportunit\u00e9s prometteuses dans la p\u00eache, l&#8217;agriculture, l&#8217;\u00e9levage, les mines, les infrastructures, les services, le gaz et les min\u00e9raux. Il a assur\u00e9 du soutien total des deux gouvernements pour lever les obstacles administratifs.<\/p>\n<p>Le Pr\u00e9sident\u00a0<strong>Pedro S\u00e1nchez<\/strong>\u00a0a quant \u00e0 lui mis en avant la dynamique positive des relations \u00e9conomiques, rappelant que\u00a0<em>&#8220;l\u2019Espagne est d\u00e9j\u00e0 le premier client et le troisi\u00e8me fournisseur de la Mauritanie parmi tous les \u00c9tats membres de l\u2019Union europ\u00e9enne&#8221;<\/em>. Il a exprim\u00e9 la volont\u00e9 de l&#8217;Espagne d&#8217;\u00e9tendre l\u2019initiative &#8220;Africa Forward Alliance&#8221; \u00e0 la Mauritanie et de mobiliser l&#8217;initiative europ\u00e9enne &#8220;Global Gateway&#8221; pour financer des projets strat\u00e9giques en infrastructures et \u00e9nergie.<\/p>\n<p><strong>Un forum pour construire l&#8217;avenir<\/strong><\/p>\n<p>Le Forum d&#8217;affaires, ouvert plus t\u00f4t dans la journ\u00e9e par le ministre Sid\u2019Ahmed Bouh en pr\u00e9sence d&#8217;une forte d\u00e9l\u00e9gation officielle et priv\u00e9e des deux pays, a jet\u00e9 les bases pratiques de cette nouvelle coop\u00e9ration. Le ministre a d\u00e9taill\u00e9 les r\u00e9formes structurelles engag\u00e9es par la Mauritanie pour am\u00e9liorer son climat des affaires : cr\u00e9ation d&#8217;une Agence Nationale de Promotion des Investissements, modernisation du code des investissements, nouvelle loi sur le partenariat public-priv\u00e9.<\/p>\n<p>Les pr\u00e9sidents du secteur priv\u00e9 mauritanien Chambre de Commerce, repr\u00e9sent\u00e9e par M. Cheikh El Afia Mohamed Khouna, et Patronat, repr\u00e9sent\u00e9 par Mohamed Zeine El Abidine Cheikh Ahmed ont salu\u00e9 la cr\u00e9ation du Conseil d&#8217;affaires et la volont\u00e9 politique affich\u00e9e, insistant sur l&#8217;anciennet\u00e9 des liens humains, \u00e9conomiques et culturels, ainsi que sur le potentiel de partenariats mutuellement b\u00e9n\u00e9fiques. Leurs homologues espagnols (Jaime Montalvo, Chambre de Commerce espagnole, et Alicia Varela, Commerce International Espagnol) ont soulign\u00e9 le r\u00f4le crucial de ce forum pour \u00e9tablir une coop\u00e9ration concr\u00e8te.<\/p>\n<p>Le forum s&#8217;est articul\u00e9 autour de sessions sectorielles cibl\u00e9es (transformation agroalimentaire, agriculture\/\u00e9levage, p\u00eache, min\u00e9raux, \u00e9nergie, eau\/environnement, logistique\/tourisme) et d&#8217;une table ronde sur les exp\u00e9riences institutionnelles, permettant aux entreprises d&#8217;explorer les opportunit\u00e9s concr\u00e8tes.<\/p>\n<p>Cette premi\u00e8re r\u00e9union de haut niveau et le Forum d&#8217;affaires qui l&#8217;a accompagn\u00e9e marquent un tournant dans les relations mauritano-espagnoles. Avec des engagements financiers substantiels, des outils innovants comme &#8220;Kantara&#8221;, un renforcement institutionnel et une volont\u00e9 politique affirm\u00e9e au plus haut niveau, les deux pays ont pos\u00e9 les jalons solides d&#8217;un partenariat \u00e9conomique renforc\u00e9, diversifi\u00e9 et tourn\u00e9 vers l&#8217;avenir. Le d\u00e9fi est d\u00e9sormais de transformer cette dynamique prometteuse en r\u00e9alisations concr\u00e8tes au b\u00e9n\u00e9fice des peuples des deux nations.<\/p>\n","protected":false},"excerpt":{"rendered":"<p>Une \u00e9tape majeure dans les relations bilat\u00e9rales entre la Mauritanie et l&#8217;Espagne a \u00e9t\u00e9 franchie mercredi dernier. Le Pr\u00e9sident mauritanien, Mohamed Cheikh El Ghazouani, et le Pr\u00e9sident du Gouvernement espagnol, Pedro S\u00e1nchez, ont conjointement pr\u00e9sid\u00e9 la cl\u00f4ture des travaux de la premi\u00e8re r\u00e9union de haut niveau entre les deux pays, couronn\u00e9e par le lancement officiel&#8230;..<\/p>\n","protected":false},"author":12,"featured_media":29231,"comment_status":"open","ping_status":"open","sticky":false,"template":"","format":"standard","meta":{"footnotes":""},"categories":[23,49],"tags":[],"class_list":["post-29230","post","type-post","status-publish","format-standard","has-post-thumbnail","hentry","category-actualite","category-economie"],"yoast_head":"<!-- This site is optimized with the Yoast SEO plugin v27.5 - https:\/\/yoast.com\/product\/yoast-seo-wordpress\/ -->\n<title>Mauritanie-Espagne : Lancement officiel du Conseil d&#039;affaires mauritano-espagnol avec des annonces et des engagements concrets - Le Quotidien de Nouakchott<\/title>\n<meta name=\"robots\" content=\"index, follow, max-snippet:-1, max-image-preview:large, max-video-preview:-1\" \/>\n<link rel=\"canonical\" href=\"https:\/\/lequotidien.mr\/?p=29230&lang=fr\" \/>\n<meta property=\"og:locale\" content=\"ar_AR\" \/>\n<meta property=\"og:type\" content=\"article\" \/>\n<meta property=\"og:title\" content=\"Mauritanie-Espagne : Lancement officiel du Conseil d&#039;affaires mauritano-espagnol avec des annonces et des engagements concrets - Le Quotidien de Nouakchott\" \/>\n<meta property=\"og:description\" content=\"Une \u00e9tape majeure dans les relations bilat\u00e9rales entre la Mauritanie et l&#8217;Espagne a \u00e9t\u00e9 franchie mercredi dernier. Le Pr\u00e9sident mauritanien, Mohamed Cheikh El Ghazouani, et le Pr\u00e9sident du Gouvernement espagnol, Pedro S\u00e1nchez, ont conjointement pr\u00e9sid\u00e9 la cl\u00f4ture des travaux de la premi\u00e8re r\u00e9union de haut niveau entre les deux pays, couronn\u00e9e par le lancement officiel.....\" \/>\n<meta property=\"og:url\" content=\"https:\/\/lequotidien.mr\/?p=29230&amp;lang=fr\" \/>\n<meta property=\"og:site_name\" content=\"Le Quotidien de Nouakchott\" \/>\n<meta property=\"article:publisher\" content=\"https:\/\/web.facebook.com\/lequotidienmr\" \/>\n<meta property=\"article:published_time\" content=\"2025-07-16T22:06:04+00:00\" \/>\n<meta property=\"og:image\" content=\"https:\/\/lequotidien.mr\/wp-content\/uploads\/2025\/07\/photo-RIM_Espagne.jpg\" \/>\n\t<meta property=\"og:image:width\" content=\"645\" \/>\n\t<meta property=\"og:image:height\" content=\"398\" \/>\n\t<meta property=\"og:image:type\" content=\"image\/jpeg\" \/>\n<meta name=\"author\" content=\"Med Ahmed\" \/>\n<meta name=\"twitter:card\" content=\"summary_large_image\" \/>\n<meta name=\"twitter:creator\" content=\"@lequotidienmr\" \/>\n<meta name=\"twitter:site\" content=\"@lequotidienmr\" \/>\n<meta name=\"twitter:label1\" content=\"\u0643\u064f\u062a\u0628 \u0628\u0648\u0627\u0633\u0637\u0629\" \/>\n\t<meta name=\"twitter:data1\" content=\"Med Ahmed\" \/>\n\t<meta name=\"twitter:label2\" content=\"\u0648\u0642\u062a \u0627\u0644\u0642\u0631\u0627\u0621\u0629 \u0627\u0644\u0645\u064f\u0642\u062f\u0651\u0631\" \/>\n\t<meta name=\"twitter:data2\" content=\"6 \u062f\u0642\u0627\u0626\u0642\" \/>\n<script type=\"application\/ld+json\" class=\"yoast-schema-graph\">{\"@context\":\"https:\\\/\\\/schema.org\",\"@graph\":[{\"@type\":\"Article\",\"@id\":\"https:\\\/\\\/lequotidien.mr\\\/?p=29230&lang=fr#article\",\"isPartOf\":{\"@id\":\"https:\\\/\\\/lequotidien.mr\\\/?p=29230&lang=fr\"},\"author\":{\"name\":\"Med Ahmed\",\"@id\":\"https:\\\/\\\/lequotidien.mr\\\/#\\\/schema\\\/person\\\/d2d350202a4d599685ed8abc25f97596\"},\"headline\":\"Mauritanie-Espagne : Lancement officiel du Conseil d&#8217;affaires mauritano-espagnol avec des annonces et des engagements concrets\",\"datePublished\":\"2025-07-16T22:06:04+00:00\",\"mainEntityOfPage\":{\"@id\":\"https:\\\/\\\/lequotidien.mr\\\/?p=29230&lang=fr\"},\"wordCount\":846,\"commentCount\":0,\"publisher\":{\"@id\":\"https:\\\/\\\/lequotidien.mr\\\/#organization\"},\"image\":{\"@id\":\"https:\\\/\\\/lequotidien.mr\\\/?p=29230&lang=fr#primaryimage\"},\"thumbnailUrl\":\"https:\\\/\\\/lequotidien.mr\\\/wp-content\\\/uploads\\\/2025\\\/07\\\/photo-RIM_Espagne.jpg\",\"articleSection\":[\"ACTUALIT\u00c9\",\"Economie\"],\"inLanguage\":\"ar\",\"potentialAction\":[{\"@type\":\"CommentAction\",\"name\":\"Comment\",\"target\":[\"https:\\\/\\\/lequotidien.mr\\\/?p=29230&lang=fr#respond\"]}]},{\"@type\":\"WebPage\",\"@id\":\"https:\\\/\\\/lequotidien.mr\\\/?p=29230&lang=fr\",\"url\":\"https:\\\/\\\/lequotidien.mr\\\/?p=29230&lang=fr\",\"name\":\"Mauritanie-Espagne : Lancement officiel du Conseil d'affaires mauritano-espagnol avec des annonces et des engagements concrets - Le Quotidien de Nouakchott\",\"isPartOf\":{\"@id\":\"https:\\\/\\\/lequotidien.mr\\\/#website\"},\"primaryImageOfPage\":{\"@id\":\"https:\\\/\\\/lequotidien.mr\\\/?p=29230&lang=fr#primaryimage\"},\"image\":{\"@id\":\"https:\\\/\\\/lequotidien.mr\\\/?p=29230&lang=fr#primaryimage\"},\"thumbnailUrl\":\"https:\\\/\\\/lequotidien.mr\\\/wp-content\\\/uploads\\\/2025\\\/07\\\/photo-RIM_Espagne.jpg\",\"datePublished\":\"2025-07-16T22:06:04+00:00\",\"breadcrumb\":{\"@id\":\"https:\\\/\\\/lequotidien.mr\\\/?p=29230&lang=fr#breadcrumb\"},\"inLanguage\":\"ar\",\"potentialAction\":[{\"@type\":\"ReadAction\",\"target\":[\"https:\\\/\\\/lequotidien.mr\\\/?p=29230&lang=fr\"]}]},{\"@type\":\"ImageObject\",\"inLanguage\":\"ar\",\"@id\":\"https:\\\/\\\/lequotidien.mr\\\/?p=29230&lang=fr#primaryimage\",\"url\":\"https:\\\/\\\/lequotidien.mr\\\/wp-content\\\/uploads\\\/2025\\\/07\\\/photo-RIM_Espagne.jpg\",\"contentUrl\":\"https:\\\/\\\/lequotidien.mr\\\/wp-content\\\/uploads\\\/2025\\\/07\\\/photo-RIM_Espagne.jpg\",\"width\":645,\"height\":398},{\"@type\":\"BreadcrumbList\",\"@id\":\"https:\\\/\\\/lequotidien.mr\\\/?p=29230&lang=fr#breadcrumb\",\"itemListElement\":[{\"@type\":\"ListItem\",\"position\":1,\"name\":\"Home\",\"item\":\"https:\\\/\\\/lequotidien.mr\\\/\"},{\"@type\":\"ListItem\",\"position\":2,\"name\":\"Mauritanie-Espagne : Lancement officiel du Conseil d&rsquo;affaires mauritano-espagnol avec des annonces et des engagements concrets\"}]},{\"@type\":\"WebSite\",\"@id\":\"https:\\\/\\\/lequotidien.mr\\\/#website\",\"url\":\"https:\\\/\\\/lequotidien.mr\\\/\",\"name\":\"Le Quotidien de Nouakchott\",\"description\":\"\u0625\u062e\u0628\u0627\u0631\u064a\u0629 \u0645\u0633\u062a\u0642\u0644\u0629 \u0644\u0644\u0623\u0646\u0628\u0627\u0621 \u0627\u0644\u0639\u0627\u0645\u0629\",\"publisher\":{\"@id\":\"https:\\\/\\\/lequotidien.mr\\\/#organization\"},\"potentialAction\":[{\"@type\":\"SearchAction\",\"target\":{\"@type\":\"EntryPoint\",\"urlTemplate\":\"https:\\\/\\\/lequotidien.mr\\\/?s={search_term_string}\"},\"query-input\":{\"@type\":\"PropertyValueSpecification\",\"valueRequired\":true,\"valueName\":\"search_term_string\"}}],\"inLanguage\":\"ar\"},{\"@type\":\"Organization\",\"@id\":\"https:\\\/\\\/lequotidien.mr\\\/#organization\",\"name\":\"Le Quotidien de Nouakchott\",\"url\":\"https:\\\/\\\/lequotidien.mr\\\/\",\"logo\":{\"@type\":\"ImageObject\",\"inLanguage\":\"ar\",\"@id\":\"https:\\\/\\\/lequotidien.mr\\\/#\\\/schema\\\/logo\\\/image\\\/\",\"url\":\"https:\\\/\\\/lequotidien.mr\\\/wp-content\\\/uploads\\\/2022\\\/11\\\/logolequotidien.jpg\",\"contentUrl\":\"https:\\\/\\\/lequotidien.mr\\\/wp-content\\\/uploads\\\/2022\\\/11\\\/logolequotidien.jpg\",\"width\":290,\"height\":65,\"caption\":\"Le Quotidien de Nouakchott\"},\"image\":{\"@id\":\"https:\\\/\\\/lequotidien.mr\\\/#\\\/schema\\\/logo\\\/image\\\/\"},\"sameAs\":[\"https:\\\/\\\/web.facebook.com\\\/lequotidienmr\",\"https:\\\/\\\/x.com\\\/lequotidienmr\"]},{\"@type\":\"Person\",\"@id\":\"https:\\\/\\\/lequotidien.mr\\\/#\\\/schema\\\/person\\\/d2d350202a4d599685ed8abc25f97596\",\"name\":\"Med Ahmed\",\"image\":{\"@type\":\"ImageObject\",\"inLanguage\":\"ar\",\"@id\":\"https:\\\/\\\/secure.gravatar.com\\\/avatar\\\/fd2acc62ed50732923d1d39c17172c9b04149f142be92310ecc69e1358f94b52?s=96&d=mm&r=g\",\"url\":\"https:\\\/\\\/secure.gravatar.com\\\/avatar\\\/fd2acc62ed50732923d1d39c17172c9b04149f142be92310ecc69e1358f94b52?s=96&d=mm&r=g\",\"contentUrl\":\"https:\\\/\\\/secure.gravatar.com\\\/avatar\\\/fd2acc62ed50732923d1d39c17172c9b04149f142be92310ecc69e1358f94b52?s=96&d=mm&r=g\",\"caption\":\"Med Ahmed\"},\"url\":\"https:\\\/\\\/lequotidien.mr\\\/?author=12\"}]}<\/script>\n<!-- \/ Yoast SEO plugin. -->","yoast_head_json":{"title":"Mauritanie-Espagne : Lancement officiel du Conseil d'affaires mauritano-espagnol avec des annonces et des engagements concrets - Le Quotidien de Nouakchott","robots":{"index":"index","follow":"follow","max-snippet":"max-snippet:-1","max-image-preview":"max-image-preview:large","max-video-preview":"max-video-preview:-1"},"canonical":"https:\/\/lequotidien.mr\/?p=29230&lang=fr","og_locale":"ar_AR","og_type":"article","og_title":"Mauritanie-Espagne : Lancement officiel du Conseil d'affaires mauritano-espagnol avec des annonces et des engagements concrets - Le Quotidien de Nouakchott","og_description":"Une \u00e9tape majeure dans les relations bilat\u00e9rales entre la Mauritanie et l&#8217;Espagne a \u00e9t\u00e9 franchie mercredi dernier. Le Pr\u00e9sident mauritanien, Mohamed Cheikh El Ghazouani, et le Pr\u00e9sident du Gouvernement espagnol, Pedro S\u00e1nchez, ont conjointement pr\u00e9sid\u00e9 la cl\u00f4ture des travaux de la premi\u00e8re r\u00e9union de haut niveau entre les deux pays, couronn\u00e9e par le lancement officiel.....","og_url":"https:\/\/lequotidien.mr\/?p=29230&lang=fr","og_site_name":"Le Quotidien de Nouakchott","article_publisher":"https:\/\/web.facebook.com\/lequotidienmr","article_published_time":"2025-07-16T22:06:04+00:00","og_image":[{"width":645,"height":398,"url":"https:\/\/lequotidien.mr\/wp-content\/uploads\/2025\/07\/photo-RIM_Espagne.jpg","type":"image\/jpeg"}],"author":"Med Ahmed","twitter_card":"summary_large_image","twitter_creator":"@lequotidienmr","twitter_site":"@lequotidienmr","twitter_misc":{"\u0643\u064f\u062a\u0628 \u0628\u0648\u0627\u0633\u0637\u0629":"Med Ahmed","\u0648\u0642\u062a \u0627\u0644\u0642\u0631\u0627\u0621\u0629 \u0627\u0644\u0645\u064f\u0642\u062f\u0651\u0631":"6 \u062f\u0642\u0627\u0626\u0642"},"schema":{"@context":"https:\/\/schema.org","@graph":[{"@type":"Article","@id":"https:\/\/lequotidien.mr\/?p=29230&lang=fr#article","isPartOf":{"@id":"https:\/\/lequotidien.mr\/?p=29230&lang=fr"},"author":{"name":"Med Ahmed","@id":"https:\/\/lequotidien.mr\/#\/schema\/person\/d2d350202a4d599685ed8abc25f97596"},"headline":"Mauritanie-Espagne : Lancement officiel du Conseil d&#8217;affaires mauritano-espagnol avec des annonces et des engagements concrets","datePublished":"2025-07-16T22:06:04+00:00","mainEntityOfPage":{"@id":"https:\/\/lequotidien.mr\/?p=29230&lang=fr"},"wordCount":846,"commentCount":0,"publisher":{"@id":"https:\/\/lequotidien.mr\/#organization"},"image":{"@id":"https:\/\/lequotidien.mr\/?p=29230&lang=fr#primaryimage"},"thumbnailUrl":"https:\/\/lequotidien.mr\/wp-content\/uploads\/2025\/07\/photo-RIM_Espagne.jpg","articleSection":["ACTUALIT\u00c9","Economie"],"inLanguage":"ar","potentialAction":[{"@type":"CommentAction","name":"Comment","target":["https:\/\/lequotidien.mr\/?p=29230&lang=fr#respond"]}]},{"@type":"WebPage","@id":"https:\/\/lequotidien.mr\/?p=29230&lang=fr","url":"https:\/\/lequotidien.mr\/?p=29230&lang=fr","name":"Mauritanie-Espagne : Lancement officiel du Conseil d'affaires mauritano-espagnol avec des annonces et des engagements concrets - Le Quotidien de Nouakchott","isPartOf":{"@id":"https:\/\/lequotidien.mr\/#website"},"primaryImageOfPage":{"@id":"https:\/\/lequotidien.mr\/?p=29230&lang=fr#primaryimage"},"image":{"@id":"https:\/\/lequotidien.mr\/?p=29230&lang=fr#primaryimage"},"thumbnailUrl":"https:\/\/lequotidien.mr\/wp-content\/uploads\/2025\/07\/photo-RIM_Espagne.jpg","datePublished":"2025-07-16T22:06:04+00:00","breadcrumb":{"@id":"https:\/\/lequotidien.mr\/?p=29230&lang=fr#breadcrumb"},"inLanguage":"ar","potentialAction":[{"@type":"ReadAction","target":["https:\/\/lequotidien.mr\/?p=29230&lang=fr"]}]},{"@type":"ImageObject","inLanguage":"ar","@id":"https:\/\/lequotidien.mr\/?p=29230&lang=fr#primaryimage","url":"https:\/\/lequotidien.mr\/wp-content\/uploads\/2025\/07\/photo-RIM_Espagne.jpg","contentUrl":"https:\/\/lequotidien.mr\/wp-content\/uploads\/2025\/07\/photo-RIM_Espagne.jpg","width":645,"height":398},{"@type":"BreadcrumbList","@id":"https:\/\/lequotidien.mr\/?p=29230&lang=fr#breadcrumb","itemListElement":[{"@type":"ListItem","position":1,"name":"Home","item":"https:\/\/lequotidien.mr\/"},{"@type":"ListItem","position":2,"name":"Mauritanie-Espagne : Lancement officiel du Conseil d&rsquo;affaires mauritano-espagnol avec des annonces et des engagements concrets"}]},{"@type":"WebSite","@id":"https:\/\/lequotidien.mr\/#website","url":"https:\/\/lequotidien.mr\/","name":"Le Quotidien de Nouakchott","description":"\u0625\u062e\u0628\u0627\u0631\u064a\u0629 \u0645\u0633\u062a\u0642\u0644\u0629 \u0644\u0644\u0623\u0646\u0628\u0627\u0621 \u0627\u0644\u0639\u0627\u0645\u0629","publisher":{"@id":"https:\/\/lequotidien.mr\/#organization"},"potentialAction":[{"@type":"SearchAction","target":{"@type":"EntryPoint","urlTemplate":"https:\/\/lequotidien.mr\/?s={search_term_string}"},"query-input":{"@type":"PropertyValueSpecification","valueRequired":true,"valueName":"search_term_string"}}],"inLanguage":"ar"},{"@type":"Organization","@id":"https:\/\/lequotidien.mr\/#organization","name":"Le Quotidien de Nouakchott","url":"https:\/\/lequotidien.mr\/","logo":{"@type":"ImageObject","inLanguage":"ar","@id":"https:\/\/lequotidien.mr\/#\/schema\/logo\/image\/","url":"https:\/\/lequotidien.mr\/wp-content\/uploads\/2022\/11\/logolequotidien.jpg","contentUrl":"https:\/\/lequotidien.mr\/wp-content\/uploads\/2022\/11\/logolequotidien.jpg","width":290,"height":65,"caption":"Le Quotidien de Nouakchott"},"image":{"@id":"https:\/\/lequotidien.mr\/#\/schema\/logo\/image\/"},"sameAs":["https:\/\/web.facebook.com\/lequotidienmr","https:\/\/x.com\/lequotidienmr"]},{"@type":"Person","@id":"https:\/\/lequotidien.mr\/#\/schema\/person\/d2d350202a4d599685ed8abc25f97596","name":"Med Ahmed","image":{"@type":"ImageObject","inLanguage":"ar","@id":"https:\/\/secure.gravatar.com\/avatar\/fd2acc62ed50732923d1d39c17172c9b04149f142be92310ecc69e1358f94b52?s=96&d=mm&r=g","url":"https:\/\/secure.gravatar.com\/avatar\/fd2acc62ed50732923d1d39c17172c9b04149f142be92310ecc69e1358f94b52?s=96&d=mm&r=g","contentUrl":"https:\/\/secure.gravatar.com\/avatar\/fd2acc62ed50732923d1d39c17172c9b04149f142be92310ecc69e1358f94b52?s=96&d=mm&r=g","caption":"Med Ahmed"},"url":"https:\/\/lequotidien.mr\/?author=12"}]}},"_links":{"self":[{"href":"https:\/\/lequotidien.mr\/index.php?rest_route=\/wp\/v2\/posts\/29230","targetHints":{"allow":["GET"]}}],"collection":[{"href":"https:\/\/lequotidien.mr\/index.php?rest_route=\/wp\/v2\/posts"}],"about":[{"href":"https:\/\/lequotidien.mr\/index.php?rest_route=\/wp\/v2\/types\/post"}],"author":[{"embeddable":true,"href":"https:\/\/lequotidien.mr\/index.php?rest_route=\/wp\/v2\/users\/12"}],"replies":[{"embeddable":true,"href":"https:\/\/lequotidien.mr\/index.php?rest_route=%2Fwp%2Fv2%2Fcomments&post=29230"}],"version-history":[{"count":1,"href":"https:\/\/lequotidien.mr\/index.php?rest_route=\/wp\/v2\/posts\/29230\/revisions"}],"predecessor-version":[{"id":29232,"href":"https:\/\/lequotidien.mr\/index.php?rest_route=\/wp\/v2\/posts\/29230\/revisions\/29232"}],"wp:featuredmedia":[{"embeddable":true,"href":"https:\/\/lequotidien.mr\/index.php?rest_route=\/wp\/v2\/media\/29231"}],"wp:attachment":[{"href":"https:\/\/lequotidien.mr\/index.php?rest_route=%2Fwp%2Fv2%2Fmedia&parent=29230"}],"wp:term":[{"taxonomy":"category","embeddable":true,"href":"https:\/\/lequotidien.mr\/index.php?rest_route=%2Fwp%2Fv2%2Fcategories&post=29230"},{"taxonomy":"post_tag","embeddable":true,"href":"https:\/\/lequotidien.mr\/index.php?rest_route=%2Fwp%2Fv2%2Ftags&post=29230"}],"curies":[{"name":"wp","href":"https:\/\/api.w.org\/{rel}","templated":true}]}}