{"id":29221,"date":"2025-07-15T23:22:13","date_gmt":"2025-07-15T23:22:13","guid":{"rendered":"https:\/\/lequotidien.mr\/?p=29221"},"modified":"2025-07-15T23:22:13","modified_gmt":"2025-07-15T23:22:13","slug":"12eme-edition-de-la-conference-africaine-sur-la-fabrication-manufacturing-indaba-johannesburg-une-vitrine-pour-le-potentiel-mauritanien","status":"publish","type":"post","link":"https:\/\/lequotidien.mr\/?p=29221&lang=fr","title":{"rendered":"12\u00e8me \u00e9dition de la Conf\u00e9rence africaine sur la fabrication (Manufacturing Indaba)\/ Johannesburg : Une vitrine pour le potentiel mauritanien"},"content":{"rendered":"<p>La Mauritanie a marqu\u00e9 sa pr\u00e9sence \u00e0 la\u00a0<strong>12\u00e8me \u00e9dition de la Conf\u00e9rence africaine sur la fabrication (Manufacturing Indaba)<\/strong>, un \u00e9v\u00e9nement continental majeur qui s&#8217;est ouvert mardi dernier \u00e0 Johannesburg, en Afrique du Sud. Ce forum r\u00e9unit d\u00e9cideurs politiques, leaders industriels et experts pour aborder les d\u00e9fis et les perspectives cl\u00e9s de l&#8217;industrialisation en Afrique.<\/p>\n<p>Repr\u00e9sentant la Mauritanie lors de la s\u00e9ance d&#8217;ouverture,\u00a0<strong>M. Cheikh Sidi Mohamed Ahmedoua, Directeur g\u00e9n\u00e9ral de l&#8217;Industrie<\/strong>, a saisi cette tribune prestigieuse pour pr\u00e9senter un\u00a0expos\u00e9 d\u00e9taill\u00e9 sur les opportunit\u00e9s d&#8217;investissement\u00a0que son pays offre aux acteurs industriels. Son intervention a mis en lumi\u00e8re les secteurs porteurs, notamment :<\/p>\n<p><strong>-L&#8217;industrie manufacturi\u00e8re\u00a0;<\/strong><\/p>\n<p><strong>-L&#8217;exploitation et la transformation des min\u00e9raux\u00a0;<\/strong><\/p>\n<p><strong>-Les \u00e9nergies renouvelables\u00a0<\/strong><\/p>\n<p>M. Ahmedoua a insist\u00e9 sur les atouts comp\u00e9titifs de la Mauritanie : des <strong>ressources naturelles abondantes<\/strong> (minerais, poissons, terres pastorales) et un\u00a0<strong>climat d&#8217;investissement propice<\/strong>\u00a0au d\u00e9veloppement d&#8217;une\u00a0<strong>industrie durable<\/strong>. Cette pr\u00e9sentation visait clairement \u00e0 positionner la Mauritanie comme une destination attractive pour les partenaires industriels et financiers.<\/p>\n<p><strong>Les axes strat\u00e9giques de la conf\u00e9rence : Int\u00e9gration et comp\u00e9titivit\u00e9<\/strong><\/p>\n<p>Le Manufacturing Indaba 2025 a centr\u00e9 ses discussions sur des leviers essentiels pour l&#8217;essor manufacturier africain :<\/p>\n<p><strong>-Exploiter l&#8217;int\u00e9gration r\u00e9gionale :<\/strong>\u00a0Comment les industriels peuvent-ils utiliser les accords commerciaux r\u00e9gionaux (comme la ZLECAf) pour\u00a0\u00e9tendre leurs op\u00e9rations\u00a0et\u00a0acc\u00e9der \u00e0 de nouveaux march\u00e9s\u00a0?<\/p>\n<p><strong>-Renforcer les cha\u00eenes d&#8217;approvisionnement :<\/strong>\u00a0La n\u00e9cessit\u00e9 de construire des cha\u00eenes logistiques\u00a0plus flexibles et r\u00e9silientes\u00a0face aux perturbations globales a \u00e9t\u00e9 soulign\u00e9e\u00a0;<\/p>\n<p><strong>-Booster la coop\u00e9ration transfrontali\u00e8re :<\/strong>\u00a0Les participants ont plaid\u00e9 pour un\u00a0investissement accru dans les infrastructures r\u00e9gionales\u00a0(transport, \u00e9nergie) et une\u00a0intensification de l&#8217;\u00e9change de connaissances et de technologies\u00a0;<\/p>\n<p><strong>-Am\u00e9liorer la productivit\u00e9 et la comp\u00e9titivit\u00e9 :<\/strong>\u00a0L&#8217;ensemble de ces mesures est vu comme crucial pour\u00a0rehausser la productivit\u00e9\u00a0et\u00a0renforcer la comp\u00e9titivit\u00e9\u00a0des industries africaines sur les march\u00e9s mondiaux.<\/p>\n<p><strong>Une participation strat\u00e9gique pour Nouakchott<\/strong><\/p>\n<p>La pr\u00e9sence active de la Mauritanie \u00e0 ce sommet continental d\u00e9montre la\u00a0volont\u00e9 des autorit\u00e9s\u00a0de :<\/p>\n<p><strong>-Promouvoir activement<\/strong>\u00a0le potentiel industriel et minier national aupr\u00e8s des investisseurs internationaux\u00a0;<\/p>\n<p><strong>-S&#8217;inscrire r\u00e9solument<\/strong>\u00a0dans les dynamiques d&#8217;int\u00e9gration industrielle et commerciale \u00e0 l&#8217;\u00e9chelle africaine\u00a0;<\/p>\n<p><strong>-S&#8217;inspirer des meilleures pratiques<\/strong>\u00a0et\u00a0<strong>tisser des partenariats<\/strong>\u00a0pour diversifier son \u00e9conomie et d\u00e9velopper son secteur manufacturier.<\/p>\n<p>Cette participation au Manufacturing Indaba constitue ainsi une \u00e9tape importante dans la strat\u00e9gie de la Mauritanie pour attirer les investissements et jouer un r\u00f4le accru dans le paysage industriel africain en pleine transformation.<\/p>\n","protected":false},"excerpt":{"rendered":"<p>La Mauritanie a marqu\u00e9 sa pr\u00e9sence \u00e0 la\u00a012\u00e8me \u00e9dition de la Conf\u00e9rence africaine sur la fabrication (Manufacturing Indaba), un \u00e9v\u00e9nement continental majeur qui s&#8217;est ouvert mardi dernier \u00e0 Johannesburg, en Afrique du Sud. Ce forum r\u00e9unit d\u00e9cideurs politiques, leaders industriels et experts pour aborder les d\u00e9fis et les perspectives cl\u00e9s de l&#8217;industrialisation en Afrique. Repr\u00e9sentant&#8230;..<\/p>\n","protected":false},"author":12,"featured_media":29222,"comment_status":"open","ping_status":"open","sticky":false,"template":"","format":"standard","meta":{"footnotes":""},"categories":[23,49],"tags":[],"class_list":["post-29221","post","type-post","status-publish","format-standard","has-post-thumbnail","hentry","category-actualite","category-economie"],"yoast_head":"<!-- This site is optimized with the Yoast SEO plugin v27.5 - https:\/\/yoast.com\/product\/yoast-seo-wordpress\/ -->\n<title>12\u00e8me \u00e9dition de la Conf\u00e9rence africaine sur la fabrication (Manufacturing Indaba)\/ Johannesburg : Une vitrine pour le potentiel mauritanien - Le Quotidien de Nouakchott<\/title>\n<meta name=\"robots\" content=\"index, follow, max-snippet:-1, max-image-preview:large, max-video-preview:-1\" \/>\n<link rel=\"canonical\" href=\"https:\/\/lequotidien.mr\/?p=29221&lang=fr\" \/>\n<meta property=\"og:locale\" content=\"ar_AR\" \/>\n<meta property=\"og:type\" content=\"article\" \/>\n<meta property=\"og:title\" content=\"12\u00e8me \u00e9dition de la Conf\u00e9rence africaine sur la fabrication (Manufacturing Indaba)\/ Johannesburg : Une vitrine pour le potentiel mauritanien - Le Quotidien de Nouakchott\" \/>\n<meta property=\"og:description\" content=\"La Mauritanie a marqu\u00e9 sa pr\u00e9sence \u00e0 la\u00a012\u00e8me \u00e9dition de la Conf\u00e9rence africaine sur la fabrication (Manufacturing Indaba), un \u00e9v\u00e9nement continental majeur qui s&#8217;est ouvert mardi dernier \u00e0 Johannesburg, en Afrique du Sud. Ce forum r\u00e9unit d\u00e9cideurs politiques, leaders industriels et experts pour aborder les d\u00e9fis et les perspectives cl\u00e9s de l&#8217;industrialisation en Afrique. Repr\u00e9sentant.....\" \/>\n<meta property=\"og:url\" content=\"https:\/\/lequotidien.mr\/?p=29221&amp;lang=fr\" \/>\n<meta property=\"og:site_name\" content=\"Le Quotidien de Nouakchott\" \/>\n<meta property=\"article:publisher\" content=\"https:\/\/web.facebook.com\/lequotidienmr\" \/>\n<meta property=\"article:published_time\" content=\"2025-07-15T23:22:13+00:00\" \/>\n<meta property=\"og:image\" content=\"https:\/\/lequotidien.mr\/wp-content\/uploads\/2025\/07\/photo-cfrce-fabrication.jpg\" \/>\n\t<meta property=\"og:image:width\" content=\"750\" \/>\n\t<meta property=\"og:image:height\" content=\"430\" \/>\n\t<meta property=\"og:image:type\" content=\"image\/jpeg\" \/>\n<meta name=\"author\" content=\"Med Ahmed\" \/>\n<meta name=\"twitter:card\" content=\"summary_large_image\" \/>\n<meta name=\"twitter:creator\" content=\"@lequotidienmr\" \/>\n<meta name=\"twitter:site\" content=\"@lequotidienmr\" \/>\n<meta name=\"twitter:label1\" content=\"\u0643\u064f\u062a\u0628 \u0628\u0648\u0627\u0633\u0637\u0629\" \/>\n\t<meta name=\"twitter:data1\" content=\"Med Ahmed\" \/>\n\t<meta name=\"twitter:label2\" content=\"\u0648\u0642\u062a \u0627\u0644\u0642\u0631\u0627\u0621\u0629 \u0627\u0644\u0645\u064f\u0642\u062f\u0651\u0631\" \/>\n\t<meta name=\"twitter:data2\" content=\"3 \u062f\u0642\u0627\u0626\u0642\" \/>\n<script type=\"application\/ld+json\" class=\"yoast-schema-graph\">{\"@context\":\"https:\\\/\\\/schema.org\",\"@graph\":[{\"@type\":\"Article\",\"@id\":\"https:\\\/\\\/lequotidien.mr\\\/?p=29221&lang=fr#article\",\"isPartOf\":{\"@id\":\"https:\\\/\\\/lequotidien.mr\\\/?p=29221&lang=fr\"},\"author\":{\"name\":\"Med Ahmed\",\"@id\":\"https:\\\/\\\/lequotidien.mr\\\/#\\\/schema\\\/person\\\/d2d350202a4d599685ed8abc25f97596\"},\"headline\":\"12\u00e8me \u00e9dition de la Conf\u00e9rence africaine sur la fabrication (Manufacturing Indaba)\\\/ Johannesburg : Une vitrine pour le potentiel mauritanien\",\"datePublished\":\"2025-07-15T23:22:13+00:00\",\"mainEntityOfPage\":{\"@id\":\"https:\\\/\\\/lequotidien.mr\\\/?p=29221&lang=fr\"},\"wordCount\":467,\"commentCount\":0,\"publisher\":{\"@id\":\"https:\\\/\\\/lequotidien.mr\\\/#organization\"},\"image\":{\"@id\":\"https:\\\/\\\/lequotidien.mr\\\/?p=29221&lang=fr#primaryimage\"},\"thumbnailUrl\":\"https:\\\/\\\/lequotidien.mr\\\/wp-content\\\/uploads\\\/2025\\\/07\\\/photo-cfrce-fabrication.jpg\",\"articleSection\":[\"ACTUALIT\u00c9\",\"Economie\"],\"inLanguage\":\"ar\",\"potentialAction\":[{\"@type\":\"CommentAction\",\"name\":\"Comment\",\"target\":[\"https:\\\/\\\/lequotidien.mr\\\/?p=29221&lang=fr#respond\"]}]},{\"@type\":\"WebPage\",\"@id\":\"https:\\\/\\\/lequotidien.mr\\\/?p=29221&lang=fr\",\"url\":\"https:\\\/\\\/lequotidien.mr\\\/?p=29221&lang=fr\",\"name\":\"12\u00e8me \u00e9dition de la Conf\u00e9rence africaine sur la fabrication (Manufacturing Indaba)\\\/ Johannesburg : Une vitrine pour le potentiel mauritanien - Le Quotidien de Nouakchott\",\"isPartOf\":{\"@id\":\"https:\\\/\\\/lequotidien.mr\\\/#website\"},\"primaryImageOfPage\":{\"@id\":\"https:\\\/\\\/lequotidien.mr\\\/?p=29221&lang=fr#primaryimage\"},\"image\":{\"@id\":\"https:\\\/\\\/lequotidien.mr\\\/?p=29221&lang=fr#primaryimage\"},\"thumbnailUrl\":\"https:\\\/\\\/lequotidien.mr\\\/wp-content\\\/uploads\\\/2025\\\/07\\\/photo-cfrce-fabrication.jpg\",\"datePublished\":\"2025-07-15T23:22:13+00:00\",\"breadcrumb\":{\"@id\":\"https:\\\/\\\/lequotidien.mr\\\/?p=29221&lang=fr#breadcrumb\"},\"inLanguage\":\"ar\",\"potentialAction\":[{\"@type\":\"ReadAction\",\"target\":[\"https:\\\/\\\/lequotidien.mr\\\/?p=29221&lang=fr\"]}]},{\"@type\":\"ImageObject\",\"inLanguage\":\"ar\",\"@id\":\"https:\\\/\\\/lequotidien.mr\\\/?p=29221&lang=fr#primaryimage\",\"url\":\"https:\\\/\\\/lequotidien.mr\\\/wp-content\\\/uploads\\\/2025\\\/07\\\/photo-cfrce-fabrication.jpg\",\"contentUrl\":\"https:\\\/\\\/lequotidien.mr\\\/wp-content\\\/uploads\\\/2025\\\/07\\\/photo-cfrce-fabrication.jpg\",\"width\":750,\"height\":430},{\"@type\":\"BreadcrumbList\",\"@id\":\"https:\\\/\\\/lequotidien.mr\\\/?p=29221&lang=fr#breadcrumb\",\"itemListElement\":[{\"@type\":\"ListItem\",\"position\":1,\"name\":\"Home\",\"item\":\"https:\\\/\\\/lequotidien.mr\\\/\"},{\"@type\":\"ListItem\",\"position\":2,\"name\":\"12\u00e8me \u00e9dition de la Conf\u00e9rence africaine sur la fabrication (Manufacturing Indaba)\\\/ Johannesburg : Une vitrine pour le potentiel mauritanien\"}]},{\"@type\":\"WebSite\",\"@id\":\"https:\\\/\\\/lequotidien.mr\\\/#website\",\"url\":\"https:\\\/\\\/lequotidien.mr\\\/\",\"name\":\"Le Quotidien de Nouakchott\",\"description\":\"\u0625\u062e\u0628\u0627\u0631\u064a\u0629 \u0645\u0633\u062a\u0642\u0644\u0629 \u0644\u0644\u0623\u0646\u0628\u0627\u0621 \u0627\u0644\u0639\u0627\u0645\u0629\",\"publisher\":{\"@id\":\"https:\\\/\\\/lequotidien.mr\\\/#organization\"},\"potentialAction\":[{\"@type\":\"SearchAction\",\"target\":{\"@type\":\"EntryPoint\",\"urlTemplate\":\"https:\\\/\\\/lequotidien.mr\\\/?s={search_term_string}\"},\"query-input\":{\"@type\":\"PropertyValueSpecification\",\"valueRequired\":true,\"valueName\":\"search_term_string\"}}],\"inLanguage\":\"ar\"},{\"@type\":\"Organization\",\"@id\":\"https:\\\/\\\/lequotidien.mr\\\/#organization\",\"name\":\"Le Quotidien de Nouakchott\",\"url\":\"https:\\\/\\\/lequotidien.mr\\\/\",\"logo\":{\"@type\":\"ImageObject\",\"inLanguage\":\"ar\",\"@id\":\"https:\\\/\\\/lequotidien.mr\\\/#\\\/schema\\\/logo\\\/image\\\/\",\"url\":\"https:\\\/\\\/lequotidien.mr\\\/wp-content\\\/uploads\\\/2022\\\/11\\\/logolequotidien.jpg\",\"contentUrl\":\"https:\\\/\\\/lequotidien.mr\\\/wp-content\\\/uploads\\\/2022\\\/11\\\/logolequotidien.jpg\",\"width\":290,\"height\":65,\"caption\":\"Le Quotidien de Nouakchott\"},\"image\":{\"@id\":\"https:\\\/\\\/lequotidien.mr\\\/#\\\/schema\\\/logo\\\/image\\\/\"},\"sameAs\":[\"https:\\\/\\\/web.facebook.com\\\/lequotidienmr\",\"https:\\\/\\\/x.com\\\/lequotidienmr\"]},{\"@type\":\"Person\",\"@id\":\"https:\\\/\\\/lequotidien.mr\\\/#\\\/schema\\\/person\\\/d2d350202a4d599685ed8abc25f97596\",\"name\":\"Med Ahmed\",\"image\":{\"@type\":\"ImageObject\",\"inLanguage\":\"ar\",\"@id\":\"https:\\\/\\\/secure.gravatar.com\\\/avatar\\\/fd2acc62ed50732923d1d39c17172c9b04149f142be92310ecc69e1358f94b52?s=96&d=mm&r=g\",\"url\":\"https:\\\/\\\/secure.gravatar.com\\\/avatar\\\/fd2acc62ed50732923d1d39c17172c9b04149f142be92310ecc69e1358f94b52?s=96&d=mm&r=g\",\"contentUrl\":\"https:\\\/\\\/secure.gravatar.com\\\/avatar\\\/fd2acc62ed50732923d1d39c17172c9b04149f142be92310ecc69e1358f94b52?s=96&d=mm&r=g\",\"caption\":\"Med Ahmed\"},\"url\":\"https:\\\/\\\/lequotidien.mr\\\/?author=12\"}]}<\/script>\n<!-- \/ Yoast SEO plugin. -->","yoast_head_json":{"title":"12\u00e8me \u00e9dition de la Conf\u00e9rence africaine sur la fabrication (Manufacturing Indaba)\/ Johannesburg : Une vitrine pour le potentiel mauritanien - Le Quotidien de Nouakchott","robots":{"index":"index","follow":"follow","max-snippet":"max-snippet:-1","max-image-preview":"max-image-preview:large","max-video-preview":"max-video-preview:-1"},"canonical":"https:\/\/lequotidien.mr\/?p=29221&lang=fr","og_locale":"ar_AR","og_type":"article","og_title":"12\u00e8me \u00e9dition de la Conf\u00e9rence africaine sur la fabrication (Manufacturing Indaba)\/ Johannesburg : Une vitrine pour le potentiel mauritanien - Le Quotidien de Nouakchott","og_description":"La Mauritanie a marqu\u00e9 sa pr\u00e9sence \u00e0 la\u00a012\u00e8me \u00e9dition de la Conf\u00e9rence africaine sur la fabrication (Manufacturing Indaba), un \u00e9v\u00e9nement continental majeur qui s&#8217;est ouvert mardi dernier \u00e0 Johannesburg, en Afrique du Sud. Ce forum r\u00e9unit d\u00e9cideurs politiques, leaders industriels et experts pour aborder les d\u00e9fis et les perspectives cl\u00e9s de l&#8217;industrialisation en Afrique. Repr\u00e9sentant.....","og_url":"https:\/\/lequotidien.mr\/?p=29221&lang=fr","og_site_name":"Le Quotidien de Nouakchott","article_publisher":"https:\/\/web.facebook.com\/lequotidienmr","article_published_time":"2025-07-15T23:22:13+00:00","og_image":[{"width":750,"height":430,"url":"https:\/\/lequotidien.mr\/wp-content\/uploads\/2025\/07\/photo-cfrce-fabrication.jpg","type":"image\/jpeg"}],"author":"Med Ahmed","twitter_card":"summary_large_image","twitter_creator":"@lequotidienmr","twitter_site":"@lequotidienmr","twitter_misc":{"\u0643\u064f\u062a\u0628 \u0628\u0648\u0627\u0633\u0637\u0629":"Med Ahmed","\u0648\u0642\u062a \u0627\u0644\u0642\u0631\u0627\u0621\u0629 \u0627\u0644\u0645\u064f\u0642\u062f\u0651\u0631":"3 \u062f\u0642\u0627\u0626\u0642"},"schema":{"@context":"https:\/\/schema.org","@graph":[{"@type":"Article","@id":"https:\/\/lequotidien.mr\/?p=29221&lang=fr#article","isPartOf":{"@id":"https:\/\/lequotidien.mr\/?p=29221&lang=fr"},"author":{"name":"Med Ahmed","@id":"https:\/\/lequotidien.mr\/#\/schema\/person\/d2d350202a4d599685ed8abc25f97596"},"headline":"12\u00e8me \u00e9dition de la Conf\u00e9rence africaine sur la fabrication (Manufacturing Indaba)\/ Johannesburg : Une vitrine pour le potentiel mauritanien","datePublished":"2025-07-15T23:22:13+00:00","mainEntityOfPage":{"@id":"https:\/\/lequotidien.mr\/?p=29221&lang=fr"},"wordCount":467,"commentCount":0,"publisher":{"@id":"https:\/\/lequotidien.mr\/#organization"},"image":{"@id":"https:\/\/lequotidien.mr\/?p=29221&lang=fr#primaryimage"},"thumbnailUrl":"https:\/\/lequotidien.mr\/wp-content\/uploads\/2025\/07\/photo-cfrce-fabrication.jpg","articleSection":["ACTUALIT\u00c9","Economie"],"inLanguage":"ar","potentialAction":[{"@type":"CommentAction","name":"Comment","target":["https:\/\/lequotidien.mr\/?p=29221&lang=fr#respond"]}]},{"@type":"WebPage","@id":"https:\/\/lequotidien.mr\/?p=29221&lang=fr","url":"https:\/\/lequotidien.mr\/?p=29221&lang=fr","name":"12\u00e8me \u00e9dition de la Conf\u00e9rence africaine sur la fabrication (Manufacturing Indaba)\/ Johannesburg : Une vitrine pour le potentiel mauritanien - Le Quotidien de Nouakchott","isPartOf":{"@id":"https:\/\/lequotidien.mr\/#website"},"primaryImageOfPage":{"@id":"https:\/\/lequotidien.mr\/?p=29221&lang=fr#primaryimage"},"image":{"@id":"https:\/\/lequotidien.mr\/?p=29221&lang=fr#primaryimage"},"thumbnailUrl":"https:\/\/lequotidien.mr\/wp-content\/uploads\/2025\/07\/photo-cfrce-fabrication.jpg","datePublished":"2025-07-15T23:22:13+00:00","breadcrumb":{"@id":"https:\/\/lequotidien.mr\/?p=29221&lang=fr#breadcrumb"},"inLanguage":"ar","potentialAction":[{"@type":"ReadAction","target":["https:\/\/lequotidien.mr\/?p=29221&lang=fr"]}]},{"@type":"ImageObject","inLanguage":"ar","@id":"https:\/\/lequotidien.mr\/?p=29221&lang=fr#primaryimage","url":"https:\/\/lequotidien.mr\/wp-content\/uploads\/2025\/07\/photo-cfrce-fabrication.jpg","contentUrl":"https:\/\/lequotidien.mr\/wp-content\/uploads\/2025\/07\/photo-cfrce-fabrication.jpg","width":750,"height":430},{"@type":"BreadcrumbList","@id":"https:\/\/lequotidien.mr\/?p=29221&lang=fr#breadcrumb","itemListElement":[{"@type":"ListItem","position":1,"name":"Home","item":"https:\/\/lequotidien.mr\/"},{"@type":"ListItem","position":2,"name":"12\u00e8me \u00e9dition de la Conf\u00e9rence africaine sur la fabrication (Manufacturing Indaba)\/ Johannesburg : Une vitrine pour le potentiel mauritanien"}]},{"@type":"WebSite","@id":"https:\/\/lequotidien.mr\/#website","url":"https:\/\/lequotidien.mr\/","name":"Le Quotidien de Nouakchott","description":"\u0625\u062e\u0628\u0627\u0631\u064a\u0629 \u0645\u0633\u062a\u0642\u0644\u0629 \u0644\u0644\u0623\u0646\u0628\u0627\u0621 \u0627\u0644\u0639\u0627\u0645\u0629","publisher":{"@id":"https:\/\/lequotidien.mr\/#organization"},"potentialAction":[{"@type":"SearchAction","target":{"@type":"EntryPoint","urlTemplate":"https:\/\/lequotidien.mr\/?s={search_term_string}"},"query-input":{"@type":"PropertyValueSpecification","valueRequired":true,"valueName":"search_term_string"}}],"inLanguage":"ar"},{"@type":"Organization","@id":"https:\/\/lequotidien.mr\/#organization","name":"Le Quotidien de Nouakchott","url":"https:\/\/lequotidien.mr\/","logo":{"@type":"ImageObject","inLanguage":"ar","@id":"https:\/\/lequotidien.mr\/#\/schema\/logo\/image\/","url":"https:\/\/lequotidien.mr\/wp-content\/uploads\/2022\/11\/logolequotidien.jpg","contentUrl":"https:\/\/lequotidien.mr\/wp-content\/uploads\/2022\/11\/logolequotidien.jpg","width":290,"height":65,"caption":"Le Quotidien de Nouakchott"},"image":{"@id":"https:\/\/lequotidien.mr\/#\/schema\/logo\/image\/"},"sameAs":["https:\/\/web.facebook.com\/lequotidienmr","https:\/\/x.com\/lequotidienmr"]},{"@type":"Person","@id":"https:\/\/lequotidien.mr\/#\/schema\/person\/d2d350202a4d599685ed8abc25f97596","name":"Med Ahmed","image":{"@type":"ImageObject","inLanguage":"ar","@id":"https:\/\/secure.gravatar.com\/avatar\/fd2acc62ed50732923d1d39c17172c9b04149f142be92310ecc69e1358f94b52?s=96&d=mm&r=g","url":"https:\/\/secure.gravatar.com\/avatar\/fd2acc62ed50732923d1d39c17172c9b04149f142be92310ecc69e1358f94b52?s=96&d=mm&r=g","contentUrl":"https:\/\/secure.gravatar.com\/avatar\/fd2acc62ed50732923d1d39c17172c9b04149f142be92310ecc69e1358f94b52?s=96&d=mm&r=g","caption":"Med Ahmed"},"url":"https:\/\/lequotidien.mr\/?author=12"}]}},"_links":{"self":[{"href":"https:\/\/lequotidien.mr\/index.php?rest_route=\/wp\/v2\/posts\/29221","targetHints":{"allow":["GET"]}}],"collection":[{"href":"https:\/\/lequotidien.mr\/index.php?rest_route=\/wp\/v2\/posts"}],"about":[{"href":"https:\/\/lequotidien.mr\/index.php?rest_route=\/wp\/v2\/types\/post"}],"author":[{"embeddable":true,"href":"https:\/\/lequotidien.mr\/index.php?rest_route=\/wp\/v2\/users\/12"}],"replies":[{"embeddable":true,"href":"https:\/\/lequotidien.mr\/index.php?rest_route=%2Fwp%2Fv2%2Fcomments&post=29221"}],"version-history":[{"count":1,"href":"https:\/\/lequotidien.mr\/index.php?rest_route=\/wp\/v2\/posts\/29221\/revisions"}],"predecessor-version":[{"id":29223,"href":"https:\/\/lequotidien.mr\/index.php?rest_route=\/wp\/v2\/posts\/29221\/revisions\/29223"}],"wp:featuredmedia":[{"embeddable":true,"href":"https:\/\/lequotidien.mr\/index.php?rest_route=\/wp\/v2\/media\/29222"}],"wp:attachment":[{"href":"https:\/\/lequotidien.mr\/index.php?rest_route=%2Fwp%2Fv2%2Fmedia&parent=29221"}],"wp:term":[{"taxonomy":"category","embeddable":true,"href":"https:\/\/lequotidien.mr\/index.php?rest_route=%2Fwp%2Fv2%2Fcategories&post=29221"},{"taxonomy":"post_tag","embeddable":true,"href":"https:\/\/lequotidien.mr\/index.php?rest_route=%2Fwp%2Fv2%2Ftags&post=29221"}],"curies":[{"name":"wp","href":"https:\/\/api.w.org\/{rel}","templated":true}]}}