{"id":29218,"date":"2025-07-15T22:45:16","date_gmt":"2025-07-15T22:45:16","guid":{"rendered":"https:\/\/lequotidien.mr\/?p=29218"},"modified":"2025-07-15T22:45:16","modified_gmt":"2025-07-15T22:45:16","slug":"mauritanie-cote-divoire-premiere-session-des-consultations-politiques-regulieres","status":"publish","type":"post","link":"https:\/\/lequotidien.mr\/?p=29218&lang=fr","title":{"rendered":"Mauritanie &#8211; C\u00f4te d&#8217;Ivoire : Premi\u00e8re session des consultations politiques r\u00e9guli\u00e8res"},"content":{"rendered":"<p>Une \u00e9tape significative dans les relations entre la Mauritanie et la C\u00f4te d\u2019Ivoire a \u00e9t\u00e9 franchie ce mardi \u00e0 Nouakchott. Le ministre des Affaires \u00e9trang\u00e8res, de la Coop\u00e9ration africaine et des Mauritaniens de l\u2019Ext\u00e9rieur, M. Mohamed Salem Merzoug, et son homologue ivoirien, M. L\u00e9on Kacou Adom, ministre des Affaires \u00c9trang\u00e8res, de l\u2019Int\u00e9gration Africaine et des Ivoiriens de l\u2019Ext\u00e9rieur, ont conjointement pr\u00e9sid\u00e9 la\u00a0<strong>premi\u00e8re session des Consultations Politiques R\u00e9guli\u00e8res<\/strong>\u00a0entre les deux pays.<\/p>\n<p>Cette rencontre, tenue dans les locaux du minist\u00e8re mauritanien des Affaires \u00e9trang\u00e8res, marque la r\u00e9activation d&#8217;un cadre de dialogue essentiel, plus de dix ans apr\u00e8s sa cr\u00e9ation. Elle sert \u00e9galement de pr\u00e9lude \u00e0 la tenue prochaine, avant fin 2025, de la\u00a0<strong>Grande Commission Mixte de Coop\u00e9ration<\/strong>, soulignant la volont\u00e9 commune de dynamiser les relations bilat\u00e9rales.<\/p>\n<p><strong>\u00c9valuer, prosp\u00e9rer, consolider<\/strong><\/p>\n<p>Dans son discours d\u2019ouverture, le ministre Mohamed Salem Merzoug a chaleureusement accueilli son homologue et la d\u00e9l\u00e9gation ivoirienne. Il a situ\u00e9 cette visite dans la continuit\u00e9 de &#8220;<strong>l\u2019amiti\u00e9 profonde, sinc\u00e8re et ancienne<\/strong>&#8221; unissant les deux nations. &#8220;Ces Consultations Politiques sont engag\u00e9es pour approfondir le dialogue, aligner nos priorit\u00e9s et raffermir notre coop\u00e9ration strat\u00e9gique au service de nos int\u00e9r\u00eats mutuels&#8221;, a-t-il d\u00e9clar\u00e9.<\/p>\n<p>M. Merzoug a mis en exergue la <strong>relation de confiance<\/strong>entre les Pr\u00e9sidents Mohamed Cheikh El Ghazouani et Alassane Dramane Ouattara, ainsi que &#8220;<strong>l\u2019int\u00e9gration harmonieuse<\/strong>&#8221; des communaut\u00e9s respectives dans chaque pays, \u00e9rig\u00e9e en &#8220;<strong>mod\u00e8le de coexistence<\/strong>&#8220;. Annon\u00e7ant une nouvelle phase, il a affirm\u00e9 : &#8220;<strong>Le temps de la relance est arriv\u00e9<\/strong>&#8221; pour consolider les acquis, approfondir le partenariat et ouvrir &#8220;<strong>de nouveaux chantiers porteurs d\u2019une nouvelle esp\u00e9rance<\/strong>&#8220;.<\/p>\n<p>Parmi les axes prioritaires identifi\u00e9s par le chef de la diplomatie mauritanienne figurent le renforcement des\u00a0<strong>\u00e9changes commerciaux<\/strong>, la lev\u00e9e des\u00a0<strong>obstacles logistiques<\/strong>\u00a0et le d\u00e9veloppement de secteurs cl\u00e9s comme la\u00a0<strong>p\u00eache<\/strong>\u00a0et l\u2019<strong>\u00e9levage<\/strong>. Face aux d\u00e9fis mondiaux, il a insist\u00e9 sur la n\u00e9cessit\u00e9 d\u2019une &#8220;<strong>solidarit\u00e9 africaine renforc\u00e9e<\/strong>&#8221; pour apporter des r\u00e9ponses communes aux enjeux r\u00e9gionaux, r\u00e9affirmant l\u2019engagement des deux pays en faveur d\u2019une coop\u00e9ration &#8220;<strong>ambitieuse et pragmatique<\/strong>&#8220;.<\/p>\n<p><strong>Une premi\u00e8re session historique<\/strong><\/p>\n<p>Pour sa part, le ministre ivoirien L\u00e9on Kacou Adom a exprim\u00e9 sa gratitude pour l\u2019accueil chaleureux re\u00e7u \u00e0 Nouakchott. Il a soulign\u00e9 &#8220;<strong>l\u2019importance historique<\/strong>&#8221; de cette premi\u00e8re session des Consultations Politiques R\u00e9guli\u00e8res, activ\u00e9e apr\u00e8s plus d\u2019une d\u00e9cennie. Selon lui, cette rencontre refl\u00e8te directement la volont\u00e9 des deux Chefs d\u2019\u00c9tat de &#8220;<strong>renforcer et diversifier la coop\u00e9ration bilat\u00e9rale<\/strong>&#8221; pour en maximiser les b\u00e9n\u00e9fices \u00e9conomiques et sociaux.<\/p>\n<p>M. Adom a pr\u00e9cis\u00e9 que cette session offre l\u2019opportunit\u00e9 d\u2019\u00e9valuer l\u2019\u00e9tat de la coop\u00e9ration (politique, \u00e9conomique, commerciale et culturelle) apr\u00e8s plusieurs d\u00e9cennies, d\u2019explorer les potentialit\u00e9s et\u00a0avantages comparatifs en vue d\u2019un partenariat &#8220;<strong>gagnant-gagnant<\/strong>&#8220;, et de d\u00e9finir des\u00a0<strong>strat\u00e9gies communes<\/strong>\u00a0pour promouvoir une vision partag\u00e9e des enjeux r\u00e9gionaux et internationaux.<\/p>\n<p>Cette premi\u00e8re session des Consultations Politiques R\u00e9guli\u00e8res entre la Mauritanie et la C\u00f4te d\u2019Ivoire jette donc les bases d\u2019un\u00a0relancement substantiel\u00a0de leur partenariat. En se concentrant sur des domaines concrets et en s\u2019appuyant sur une amiti\u00e9 historique et une communaut\u00e9 de vue renforc\u00e9e au plus haut niveau, les deux pays entendent donner une nouvelle impulsion \u00e0 leur relation bilat\u00e9rale, avec l\u2019ambition affich\u00e9e d\u2019en faire un mod\u00e8le de coop\u00e9ration sud-sud fructueuse au service de leurs peuples. La prochaine Grande Commission Mixte de Coop\u00e9ration, pr\u00e9vue avant la fin de l&#8217;ann\u00e9e, constituera la prochaine \u00e9tape tangible de cette dynamique renouvel\u00e9e.<\/p>\n<p>&nbsp;<\/p>\n","protected":false},"excerpt":{"rendered":"<p>Une \u00e9tape significative dans les relations entre la Mauritanie et la C\u00f4te d\u2019Ivoire a \u00e9t\u00e9 franchie ce mardi \u00e0 Nouakchott. Le ministre des Affaires \u00e9trang\u00e8res, de la Coop\u00e9ration africaine et des Mauritaniens de l\u2019Ext\u00e9rieur, M. Mohamed Salem Merzoug, et son homologue ivoirien, M. L\u00e9on Kacou Adom, ministre des Affaires \u00c9trang\u00e8res, de l\u2019Int\u00e9gration Africaine et des&#8230;..<\/p>\n","protected":false},"author":12,"featured_media":29219,"comment_status":"open","ping_status":"open","sticky":false,"template":"","format":"standard","meta":{"footnotes":""},"categories":[23,49],"tags":[],"class_list":["post-29218","post","type-post","status-publish","format-standard","has-post-thumbnail","hentry","category-actualite","category-economie"],"yoast_head":"<!-- This site is optimized with the Yoast SEO plugin v27.5 - https:\/\/yoast.com\/product\/yoast-seo-wordpress\/ -->\n<title>Mauritanie - C\u00f4te d&#039;Ivoire : Premi\u00e8re session des consultations politiques r\u00e9guli\u00e8res - Le Quotidien de Nouakchott<\/title>\n<meta name=\"robots\" content=\"index, follow, max-snippet:-1, max-image-preview:large, max-video-preview:-1\" \/>\n<link rel=\"canonical\" href=\"https:\/\/lequotidien.mr\/?p=29218&lang=fr\" \/>\n<meta property=\"og:locale\" content=\"ar_AR\" \/>\n<meta property=\"og:type\" content=\"article\" \/>\n<meta property=\"og:title\" content=\"Mauritanie - C\u00f4te d&#039;Ivoire : Premi\u00e8re session des consultations politiques r\u00e9guli\u00e8res - Le Quotidien de Nouakchott\" \/>\n<meta property=\"og:description\" content=\"Une \u00e9tape significative dans les relations entre la Mauritanie et la C\u00f4te d\u2019Ivoire a \u00e9t\u00e9 franchie ce mardi \u00e0 Nouakchott. Le ministre des Affaires \u00e9trang\u00e8res, de la Coop\u00e9ration africaine et des Mauritaniens de l\u2019Ext\u00e9rieur, M. Mohamed Salem Merzoug, et son homologue ivoirien, M. L\u00e9on Kacou Adom, ministre des Affaires \u00c9trang\u00e8res, de l\u2019Int\u00e9gration Africaine et des.....\" \/>\n<meta property=\"og:url\" content=\"https:\/\/lequotidien.mr\/?p=29218&amp;lang=fr\" \/>\n<meta property=\"og:site_name\" content=\"Le Quotidien de Nouakchott\" \/>\n<meta property=\"article:publisher\" content=\"https:\/\/web.facebook.com\/lequotidienmr\" \/>\n<meta property=\"article:published_time\" content=\"2025-07-15T22:45:16+00:00\" \/>\n<meta property=\"og:image\" content=\"https:\/\/lequotidien.mr\/wp-content\/uploads\/2025\/07\/photo-RIM_CI.jpeg\" \/>\n\t<meta property=\"og:image:width\" content=\"750\" \/>\n\t<meta property=\"og:image:height\" content=\"430\" \/>\n\t<meta property=\"og:image:type\" content=\"image\/jpeg\" \/>\n<meta name=\"author\" content=\"Med Ahmed\" \/>\n<meta name=\"twitter:card\" content=\"summary_large_image\" \/>\n<meta name=\"twitter:creator\" content=\"@lequotidienmr\" \/>\n<meta name=\"twitter:site\" content=\"@lequotidienmr\" \/>\n<meta name=\"twitter:label1\" content=\"\u0643\u064f\u062a\u0628 \u0628\u0648\u0627\u0633\u0637\u0629\" \/>\n\t<meta name=\"twitter:data1\" content=\"Med Ahmed\" \/>\n\t<meta name=\"twitter:label2\" content=\"\u0648\u0642\u062a \u0627\u0644\u0642\u0631\u0627\u0621\u0629 \u0627\u0644\u0645\u064f\u0642\u062f\u0651\u0631\" \/>\n\t<meta name=\"twitter:data2\" content=\"5 \u062f\u0642\u0627\u0626\u0642\" \/>\n<script type=\"application\/ld+json\" class=\"yoast-schema-graph\">{\"@context\":\"https:\\\/\\\/schema.org\",\"@graph\":[{\"@type\":\"Article\",\"@id\":\"https:\\\/\\\/lequotidien.mr\\\/?p=29218&lang=fr#article\",\"isPartOf\":{\"@id\":\"https:\\\/\\\/lequotidien.mr\\\/?p=29218&lang=fr\"},\"author\":{\"name\":\"Med Ahmed\",\"@id\":\"https:\\\/\\\/lequotidien.mr\\\/#\\\/schema\\\/person\\\/d2d350202a4d599685ed8abc25f97596\"},\"headline\":\"Mauritanie &#8211; C\u00f4te d&#8217;Ivoire : Premi\u00e8re session des consultations politiques r\u00e9guli\u00e8res\",\"datePublished\":\"2025-07-15T22:45:16+00:00\",\"mainEntityOfPage\":{\"@id\":\"https:\\\/\\\/lequotidien.mr\\\/?p=29218&lang=fr\"},\"wordCount\":664,\"commentCount\":0,\"publisher\":{\"@id\":\"https:\\\/\\\/lequotidien.mr\\\/#organization\"},\"image\":{\"@id\":\"https:\\\/\\\/lequotidien.mr\\\/?p=29218&lang=fr#primaryimage\"},\"thumbnailUrl\":\"https:\\\/\\\/lequotidien.mr\\\/wp-content\\\/uploads\\\/2025\\\/07\\\/photo-RIM_CI.jpeg\",\"articleSection\":[\"ACTUALIT\u00c9\",\"Economie\"],\"inLanguage\":\"ar\",\"potentialAction\":[{\"@type\":\"CommentAction\",\"name\":\"Comment\",\"target\":[\"https:\\\/\\\/lequotidien.mr\\\/?p=29218&lang=fr#respond\"]}]},{\"@type\":\"WebPage\",\"@id\":\"https:\\\/\\\/lequotidien.mr\\\/?p=29218&lang=fr\",\"url\":\"https:\\\/\\\/lequotidien.mr\\\/?p=29218&lang=fr\",\"name\":\"Mauritanie - C\u00f4te d'Ivoire : Premi\u00e8re session des consultations politiques r\u00e9guli\u00e8res - Le Quotidien de Nouakchott\",\"isPartOf\":{\"@id\":\"https:\\\/\\\/lequotidien.mr\\\/#website\"},\"primaryImageOfPage\":{\"@id\":\"https:\\\/\\\/lequotidien.mr\\\/?p=29218&lang=fr#primaryimage\"},\"image\":{\"@id\":\"https:\\\/\\\/lequotidien.mr\\\/?p=29218&lang=fr#primaryimage\"},\"thumbnailUrl\":\"https:\\\/\\\/lequotidien.mr\\\/wp-content\\\/uploads\\\/2025\\\/07\\\/photo-RIM_CI.jpeg\",\"datePublished\":\"2025-07-15T22:45:16+00:00\",\"breadcrumb\":{\"@id\":\"https:\\\/\\\/lequotidien.mr\\\/?p=29218&lang=fr#breadcrumb\"},\"inLanguage\":\"ar\",\"potentialAction\":[{\"@type\":\"ReadAction\",\"target\":[\"https:\\\/\\\/lequotidien.mr\\\/?p=29218&lang=fr\"]}]},{\"@type\":\"ImageObject\",\"inLanguage\":\"ar\",\"@id\":\"https:\\\/\\\/lequotidien.mr\\\/?p=29218&lang=fr#primaryimage\",\"url\":\"https:\\\/\\\/lequotidien.mr\\\/wp-content\\\/uploads\\\/2025\\\/07\\\/photo-RIM_CI.jpeg\",\"contentUrl\":\"https:\\\/\\\/lequotidien.mr\\\/wp-content\\\/uploads\\\/2025\\\/07\\\/photo-RIM_CI.jpeg\",\"width\":750,\"height\":430},{\"@type\":\"BreadcrumbList\",\"@id\":\"https:\\\/\\\/lequotidien.mr\\\/?p=29218&lang=fr#breadcrumb\",\"itemListElement\":[{\"@type\":\"ListItem\",\"position\":1,\"name\":\"Home\",\"item\":\"https:\\\/\\\/lequotidien.mr\\\/\"},{\"@type\":\"ListItem\",\"position\":2,\"name\":\"Mauritanie &#8211; C\u00f4te d&rsquo;Ivoire : Premi\u00e8re session des consultations politiques r\u00e9guli\u00e8res\"}]},{\"@type\":\"WebSite\",\"@id\":\"https:\\\/\\\/lequotidien.mr\\\/#website\",\"url\":\"https:\\\/\\\/lequotidien.mr\\\/\",\"name\":\"Le Quotidien de Nouakchott\",\"description\":\"\u0625\u062e\u0628\u0627\u0631\u064a\u0629 \u0645\u0633\u062a\u0642\u0644\u0629 \u0644\u0644\u0623\u0646\u0628\u0627\u0621 \u0627\u0644\u0639\u0627\u0645\u0629\",\"publisher\":{\"@id\":\"https:\\\/\\\/lequotidien.mr\\\/#organization\"},\"potentialAction\":[{\"@type\":\"SearchAction\",\"target\":{\"@type\":\"EntryPoint\",\"urlTemplate\":\"https:\\\/\\\/lequotidien.mr\\\/?s={search_term_string}\"},\"query-input\":{\"@type\":\"PropertyValueSpecification\",\"valueRequired\":true,\"valueName\":\"search_term_string\"}}],\"inLanguage\":\"ar\"},{\"@type\":\"Organization\",\"@id\":\"https:\\\/\\\/lequotidien.mr\\\/#organization\",\"name\":\"Le Quotidien de Nouakchott\",\"url\":\"https:\\\/\\\/lequotidien.mr\\\/\",\"logo\":{\"@type\":\"ImageObject\",\"inLanguage\":\"ar\",\"@id\":\"https:\\\/\\\/lequotidien.mr\\\/#\\\/schema\\\/logo\\\/image\\\/\",\"url\":\"https:\\\/\\\/lequotidien.mr\\\/wp-content\\\/uploads\\\/2022\\\/11\\\/logolequotidien.jpg\",\"contentUrl\":\"https:\\\/\\\/lequotidien.mr\\\/wp-content\\\/uploads\\\/2022\\\/11\\\/logolequotidien.jpg\",\"width\":290,\"height\":65,\"caption\":\"Le Quotidien de Nouakchott\"},\"image\":{\"@id\":\"https:\\\/\\\/lequotidien.mr\\\/#\\\/schema\\\/logo\\\/image\\\/\"},\"sameAs\":[\"https:\\\/\\\/web.facebook.com\\\/lequotidienmr\",\"https:\\\/\\\/x.com\\\/lequotidienmr\"]},{\"@type\":\"Person\",\"@id\":\"https:\\\/\\\/lequotidien.mr\\\/#\\\/schema\\\/person\\\/d2d350202a4d599685ed8abc25f97596\",\"name\":\"Med Ahmed\",\"image\":{\"@type\":\"ImageObject\",\"inLanguage\":\"ar\",\"@id\":\"https:\\\/\\\/secure.gravatar.com\\\/avatar\\\/fd2acc62ed50732923d1d39c17172c9b04149f142be92310ecc69e1358f94b52?s=96&d=mm&r=g\",\"url\":\"https:\\\/\\\/secure.gravatar.com\\\/avatar\\\/fd2acc62ed50732923d1d39c17172c9b04149f142be92310ecc69e1358f94b52?s=96&d=mm&r=g\",\"contentUrl\":\"https:\\\/\\\/secure.gravatar.com\\\/avatar\\\/fd2acc62ed50732923d1d39c17172c9b04149f142be92310ecc69e1358f94b52?s=96&d=mm&r=g\",\"caption\":\"Med Ahmed\"},\"url\":\"https:\\\/\\\/lequotidien.mr\\\/?author=12\"}]}<\/script>\n<!-- \/ Yoast SEO plugin. -->","yoast_head_json":{"title":"Mauritanie - C\u00f4te d'Ivoire : Premi\u00e8re session des consultations politiques r\u00e9guli\u00e8res - Le Quotidien de Nouakchott","robots":{"index":"index","follow":"follow","max-snippet":"max-snippet:-1","max-image-preview":"max-image-preview:large","max-video-preview":"max-video-preview:-1"},"canonical":"https:\/\/lequotidien.mr\/?p=29218&lang=fr","og_locale":"ar_AR","og_type":"article","og_title":"Mauritanie - C\u00f4te d'Ivoire : Premi\u00e8re session des consultations politiques r\u00e9guli\u00e8res - Le Quotidien de Nouakchott","og_description":"Une \u00e9tape significative dans les relations entre la Mauritanie et la C\u00f4te d\u2019Ivoire a \u00e9t\u00e9 franchie ce mardi \u00e0 Nouakchott. Le ministre des Affaires \u00e9trang\u00e8res, de la Coop\u00e9ration africaine et des Mauritaniens de l\u2019Ext\u00e9rieur, M. Mohamed Salem Merzoug, et son homologue ivoirien, M. L\u00e9on Kacou Adom, ministre des Affaires \u00c9trang\u00e8res, de l\u2019Int\u00e9gration Africaine et des.....","og_url":"https:\/\/lequotidien.mr\/?p=29218&lang=fr","og_site_name":"Le Quotidien de Nouakchott","article_publisher":"https:\/\/web.facebook.com\/lequotidienmr","article_published_time":"2025-07-15T22:45:16+00:00","og_image":[{"width":750,"height":430,"url":"https:\/\/lequotidien.mr\/wp-content\/uploads\/2025\/07\/photo-RIM_CI.jpeg","type":"image\/jpeg"}],"author":"Med Ahmed","twitter_card":"summary_large_image","twitter_creator":"@lequotidienmr","twitter_site":"@lequotidienmr","twitter_misc":{"\u0643\u064f\u062a\u0628 \u0628\u0648\u0627\u0633\u0637\u0629":"Med Ahmed","\u0648\u0642\u062a \u0627\u0644\u0642\u0631\u0627\u0621\u0629 \u0627\u0644\u0645\u064f\u0642\u062f\u0651\u0631":"5 \u062f\u0642\u0627\u0626\u0642"},"schema":{"@context":"https:\/\/schema.org","@graph":[{"@type":"Article","@id":"https:\/\/lequotidien.mr\/?p=29218&lang=fr#article","isPartOf":{"@id":"https:\/\/lequotidien.mr\/?p=29218&lang=fr"},"author":{"name":"Med Ahmed","@id":"https:\/\/lequotidien.mr\/#\/schema\/person\/d2d350202a4d599685ed8abc25f97596"},"headline":"Mauritanie &#8211; C\u00f4te d&#8217;Ivoire : Premi\u00e8re session des consultations politiques r\u00e9guli\u00e8res","datePublished":"2025-07-15T22:45:16+00:00","mainEntityOfPage":{"@id":"https:\/\/lequotidien.mr\/?p=29218&lang=fr"},"wordCount":664,"commentCount":0,"publisher":{"@id":"https:\/\/lequotidien.mr\/#organization"},"image":{"@id":"https:\/\/lequotidien.mr\/?p=29218&lang=fr#primaryimage"},"thumbnailUrl":"https:\/\/lequotidien.mr\/wp-content\/uploads\/2025\/07\/photo-RIM_CI.jpeg","articleSection":["ACTUALIT\u00c9","Economie"],"inLanguage":"ar","potentialAction":[{"@type":"CommentAction","name":"Comment","target":["https:\/\/lequotidien.mr\/?p=29218&lang=fr#respond"]}]},{"@type":"WebPage","@id":"https:\/\/lequotidien.mr\/?p=29218&lang=fr","url":"https:\/\/lequotidien.mr\/?p=29218&lang=fr","name":"Mauritanie - C\u00f4te d'Ivoire : Premi\u00e8re session des consultations politiques r\u00e9guli\u00e8res - Le Quotidien de Nouakchott","isPartOf":{"@id":"https:\/\/lequotidien.mr\/#website"},"primaryImageOfPage":{"@id":"https:\/\/lequotidien.mr\/?p=29218&lang=fr#primaryimage"},"image":{"@id":"https:\/\/lequotidien.mr\/?p=29218&lang=fr#primaryimage"},"thumbnailUrl":"https:\/\/lequotidien.mr\/wp-content\/uploads\/2025\/07\/photo-RIM_CI.jpeg","datePublished":"2025-07-15T22:45:16+00:00","breadcrumb":{"@id":"https:\/\/lequotidien.mr\/?p=29218&lang=fr#breadcrumb"},"inLanguage":"ar","potentialAction":[{"@type":"ReadAction","target":["https:\/\/lequotidien.mr\/?p=29218&lang=fr"]}]},{"@type":"ImageObject","inLanguage":"ar","@id":"https:\/\/lequotidien.mr\/?p=29218&lang=fr#primaryimage","url":"https:\/\/lequotidien.mr\/wp-content\/uploads\/2025\/07\/photo-RIM_CI.jpeg","contentUrl":"https:\/\/lequotidien.mr\/wp-content\/uploads\/2025\/07\/photo-RIM_CI.jpeg","width":750,"height":430},{"@type":"BreadcrumbList","@id":"https:\/\/lequotidien.mr\/?p=29218&lang=fr#breadcrumb","itemListElement":[{"@type":"ListItem","position":1,"name":"Home","item":"https:\/\/lequotidien.mr\/"},{"@type":"ListItem","position":2,"name":"Mauritanie &#8211; C\u00f4te d&rsquo;Ivoire : Premi\u00e8re session des consultations politiques r\u00e9guli\u00e8res"}]},{"@type":"WebSite","@id":"https:\/\/lequotidien.mr\/#website","url":"https:\/\/lequotidien.mr\/","name":"Le Quotidien de Nouakchott","description":"\u0625\u062e\u0628\u0627\u0631\u064a\u0629 \u0645\u0633\u062a\u0642\u0644\u0629 \u0644\u0644\u0623\u0646\u0628\u0627\u0621 \u0627\u0644\u0639\u0627\u0645\u0629","publisher":{"@id":"https:\/\/lequotidien.mr\/#organization"},"potentialAction":[{"@type":"SearchAction","target":{"@type":"EntryPoint","urlTemplate":"https:\/\/lequotidien.mr\/?s={search_term_string}"},"query-input":{"@type":"PropertyValueSpecification","valueRequired":true,"valueName":"search_term_string"}}],"inLanguage":"ar"},{"@type":"Organization","@id":"https:\/\/lequotidien.mr\/#organization","name":"Le Quotidien de Nouakchott","url":"https:\/\/lequotidien.mr\/","logo":{"@type":"ImageObject","inLanguage":"ar","@id":"https:\/\/lequotidien.mr\/#\/schema\/logo\/image\/","url":"https:\/\/lequotidien.mr\/wp-content\/uploads\/2022\/11\/logolequotidien.jpg","contentUrl":"https:\/\/lequotidien.mr\/wp-content\/uploads\/2022\/11\/logolequotidien.jpg","width":290,"height":65,"caption":"Le Quotidien de Nouakchott"},"image":{"@id":"https:\/\/lequotidien.mr\/#\/schema\/logo\/image\/"},"sameAs":["https:\/\/web.facebook.com\/lequotidienmr","https:\/\/x.com\/lequotidienmr"]},{"@type":"Person","@id":"https:\/\/lequotidien.mr\/#\/schema\/person\/d2d350202a4d599685ed8abc25f97596","name":"Med Ahmed","image":{"@type":"ImageObject","inLanguage":"ar","@id":"https:\/\/secure.gravatar.com\/avatar\/fd2acc62ed50732923d1d39c17172c9b04149f142be92310ecc69e1358f94b52?s=96&d=mm&r=g","url":"https:\/\/secure.gravatar.com\/avatar\/fd2acc62ed50732923d1d39c17172c9b04149f142be92310ecc69e1358f94b52?s=96&d=mm&r=g","contentUrl":"https:\/\/secure.gravatar.com\/avatar\/fd2acc62ed50732923d1d39c17172c9b04149f142be92310ecc69e1358f94b52?s=96&d=mm&r=g","caption":"Med Ahmed"},"url":"https:\/\/lequotidien.mr\/?author=12"}]}},"_links":{"self":[{"href":"https:\/\/lequotidien.mr\/index.php?rest_route=\/wp\/v2\/posts\/29218","targetHints":{"allow":["GET"]}}],"collection":[{"href":"https:\/\/lequotidien.mr\/index.php?rest_route=\/wp\/v2\/posts"}],"about":[{"href":"https:\/\/lequotidien.mr\/index.php?rest_route=\/wp\/v2\/types\/post"}],"author":[{"embeddable":true,"href":"https:\/\/lequotidien.mr\/index.php?rest_route=\/wp\/v2\/users\/12"}],"replies":[{"embeddable":true,"href":"https:\/\/lequotidien.mr\/index.php?rest_route=%2Fwp%2Fv2%2Fcomments&post=29218"}],"version-history":[{"count":1,"href":"https:\/\/lequotidien.mr\/index.php?rest_route=\/wp\/v2\/posts\/29218\/revisions"}],"predecessor-version":[{"id":29220,"href":"https:\/\/lequotidien.mr\/index.php?rest_route=\/wp\/v2\/posts\/29218\/revisions\/29220"}],"wp:featuredmedia":[{"embeddable":true,"href":"https:\/\/lequotidien.mr\/index.php?rest_route=\/wp\/v2\/media\/29219"}],"wp:attachment":[{"href":"https:\/\/lequotidien.mr\/index.php?rest_route=%2Fwp%2Fv2%2Fmedia&parent=29218"}],"wp:term":[{"taxonomy":"category","embeddable":true,"href":"https:\/\/lequotidien.mr\/index.php?rest_route=%2Fwp%2Fv2%2Fcategories&post=29218"},{"taxonomy":"post_tag","embeddable":true,"href":"https:\/\/lequotidien.mr\/index.php?rest_route=%2Fwp%2Fv2%2Ftags&post=29218"}],"curies":[{"name":"wp","href":"https:\/\/api.w.org\/{rel}","templated":true}]}}