{"id":29172,"date":"2025-07-14T16:07:35","date_gmt":"2025-07-14T16:07:35","guid":{"rendered":"https:\/\/lequotidien.mr\/?p=29172"},"modified":"2025-07-14T16:07:35","modified_gmt":"2025-07-14T16:07:35","slug":"colloque-lassociation-des-anciens-eleves-mauritaniens-de-chine-celebre-le-60eme-anniversaire-des-relations-mauritanie-chinoises","status":"publish","type":"post","link":"https:\/\/lequotidien.mr\/?p=29172&lang=fr","title":{"rendered":"Colloque : L&#8217;Association des anciens \u00e9l\u00e8ves mauritaniens de Chine c\u00e9l\u00e8bre le 60\u00e8me anniversaire des relations Mauritanie-Chinoises"},"content":{"rendered":"<p>L&#8217;Association des anciens \u00e9l\u00e8ves mauritaniens de Chine a marqu\u00e9 avec \u00e9clat le\u00a0<strong>60\u00e8me anniversaire des relations diplomatiques entre la Mauritanie et la R\u00e9publique populaire de Chine<\/strong>. Un colloque solennel, plac\u00e9 sous le th\u00e8me \u00ab\u00a0<strong>Les relations mauritano-chinoises et les perspectives de coop\u00e9ration commune<\/strong>\u00a0\u00bb, s&#8217;est tenu samedi dernier \u00e0 Nouakchott, r\u00e9unissant intellectuels, hommes politiques et diplomates des deux nations.<\/p>\n<p>Cet \u00e9v\u00e9nement a servi de plateforme pour retracer le riche parcours des relations bilat\u00e9rales, analyser leurs \u00e9volutions significatives et, surtout, esquisser les contours d&#8217;une coop\u00e9ration future renforc\u00e9e. Des interventions de haut niveau ont nourri les d\u00e9bats.<\/p>\n<p><strong>Des fondations solides et un impact tangible<\/strong><\/p>\n<p><strong>M. Yerbana El Kharachi<\/strong>, Pr\u00e9sident de l&#8217;Association, a ouvert le bal des discours en soulignant la robustesse des liens unissant Nouakchott et P\u00e9kin. &#8220;Les relations entre nos deux pays&#8221;, a-t-il d\u00e9clar\u00e9, <em>&#8220;ont \u00e9t\u00e9\u00a0b\u00e2ties sur des bases solides de respect mutuel, de solidarit\u00e9 et de non-ing\u00e9rence dans les affaires int\u00e9rieures&#8221;<\/em>. Il a mis en avant l&#8217;expansion de cette coop\u00e9ration \u00e0 <em>&#8220;de nombreux domaines qui ont directement influ\u00e9 sur le processus de d\u00e9veloppement de la Mauritanie&#8221;<\/em>.<\/p>\n<p>M. El Kharachi a pr\u00e9sent\u00e9 cet anniversaire comme une opportunit\u00e9 unique pour renforcer la coop\u00e9ration bilat\u00e9rale au service d&#8217;un <em>&#8220;d\u00e9veloppement global et durable&#8221;<\/em>. Il a exprim\u00e9 l&#8217;espoir de l&#8217;AMAC de voir davantage d&#8217;investissements chinois dans des secteurs vitaux, soulignant leur potentiel \u00e0 cr\u00e9er des emplois et \u00e0 stimuler la croissance \u00e9conomique mauritanienne.<\/p>\n<p><strong>Une relation r\u00e9siliente tourn\u00e9e vers l&#8217;avenir<\/strong><\/p>\n<p>L&#8217;<strong>Ambassadeur de la R\u00e9publique populaire de Chine en Mauritanie<\/strong>\u00a0a exprim\u00e9 son\u00a0grand plaisir\u00a0de participer \u00e0 ce s\u00e9minaire. Il a salu\u00e9 la\u00a0force des relations bilat\u00e9rales\u00a0et leur\u00a0capacit\u00e9 \u00e0 r\u00e9sister aux changements internationaux\u00a0au cours des six derni\u00e8res d\u00e9cennies.<\/p>\n<p>Rappelant que cette p\u00e9riode a \u00e9t\u00e9 marqu\u00e9e par une <em>&#8220;coop\u00e9ration fructueuse dans de multiples domaines&#8221;<\/em>, l&#8217;Ambassadeur a appel\u00e9 \u00e0 saisir cette occasion historique. Il a plaid\u00e9 pour la construction d&#8217;une <em>&#8220;soci\u00e9t\u00e9 sino-mauritanienne avec un avenir commun&#8221;<\/em>, visant \u00e0 \u00e9riger cette relation en un\u00a0mod\u00e8le exemplaire de coop\u00e9ration gagnant-gagnant.<\/p>\n<p>Le colloque, qui a vu la participation d&#8217;un\u00a0parterre de personnalit\u00e9s politiques, diplomatiques et intellectuelles mauritaniennes et chinoises, a ainsi r\u00e9affirm\u00e9 la vitalit\u00e9 du partenariat entre les deux pays. Les discussions ont non seulement c\u00e9l\u00e9br\u00e9 un pass\u00e9 riche de r\u00e9alisations communes mais ont surtout mis l&#8217;accent sur la volont\u00e9 partag\u00e9e de\u00a0dynamiser et d&#8217;\u00e9largir cette coop\u00e9ration\u00a0pour les d\u00e9cennies \u00e0 venir. Les perspectives \u00e9voqu\u00e9es, notamment en mati\u00e8re d&#8217;investissements strat\u00e9giques et de d\u00e9veloppement durable, dessinent un horizon prometteur pour les relations mauritano-chinoises.<\/p>\n<p>&nbsp;<\/p>\n","protected":false},"excerpt":{"rendered":"<p>L&#8217;Association des anciens \u00e9l\u00e8ves mauritaniens de Chine a marqu\u00e9 avec \u00e9clat le\u00a060\u00e8me anniversaire des relations diplomatiques entre la Mauritanie et la R\u00e9publique populaire de Chine. Un colloque solennel, plac\u00e9 sous le th\u00e8me \u00ab\u00a0Les relations mauritano-chinoises et les perspectives de coop\u00e9ration commune\u00a0\u00bb, s&#8217;est tenu samedi dernier \u00e0 Nouakchott, r\u00e9unissant intellectuels, hommes politiques et diplomates des deux&#8230;..<\/p>\n","protected":false},"author":12,"featured_media":29173,"comment_status":"open","ping_status":"open","sticky":false,"template":"","format":"standard","meta":{"footnotes":""},"categories":[23,49],"tags":[],"class_list":["post-29172","post","type-post","status-publish","format-standard","has-post-thumbnail","hentry","category-actualite","category-economie"],"yoast_head":"<!-- This site is optimized with the Yoast SEO plugin v27.5 - https:\/\/yoast.com\/product\/yoast-seo-wordpress\/ -->\n<title>Colloque : L&#039;Association des anciens \u00e9l\u00e8ves mauritaniens de Chine c\u00e9l\u00e8bre le 60\u00e8me anniversaire des relations Mauritanie-Chinoises - Le Quotidien de Nouakchott<\/title>\n<meta name=\"robots\" content=\"index, follow, max-snippet:-1, max-image-preview:large, max-video-preview:-1\" \/>\n<link rel=\"canonical\" href=\"https:\/\/lequotidien.mr\/?p=29172&lang=fr\" \/>\n<meta property=\"og:locale\" content=\"ar_AR\" \/>\n<meta property=\"og:type\" content=\"article\" \/>\n<meta property=\"og:title\" content=\"Colloque : L&#039;Association des anciens \u00e9l\u00e8ves mauritaniens de Chine c\u00e9l\u00e8bre le 60\u00e8me anniversaire des relations Mauritanie-Chinoises - Le Quotidien de Nouakchott\" \/>\n<meta property=\"og:description\" content=\"L&#8217;Association des anciens \u00e9l\u00e8ves mauritaniens de Chine a marqu\u00e9 avec \u00e9clat le\u00a060\u00e8me anniversaire des relations diplomatiques entre la Mauritanie et la R\u00e9publique populaire de Chine. Un colloque solennel, plac\u00e9 sous le th\u00e8me \u00ab\u00a0Les relations mauritano-chinoises et les perspectives de coop\u00e9ration commune\u00a0\u00bb, s&#8217;est tenu samedi dernier \u00e0 Nouakchott, r\u00e9unissant intellectuels, hommes politiques et diplomates des deux.....\" \/>\n<meta property=\"og:url\" content=\"https:\/\/lequotidien.mr\/?p=29172&amp;lang=fr\" \/>\n<meta property=\"og:site_name\" content=\"Le Quotidien de Nouakchott\" \/>\n<meta property=\"article:publisher\" content=\"https:\/\/web.facebook.com\/lequotidienmr\" \/>\n<meta property=\"article:published_time\" content=\"2025-07-14T16:07:35+00:00\" \/>\n<meta property=\"og:image\" content=\"https:\/\/lequotidien.mr\/wp-content\/uploads\/2025\/07\/photo-Chine-RIM.jpg\" \/>\n\t<meta property=\"og:image:width\" content=\"750\" \/>\n\t<meta property=\"og:image:height\" content=\"430\" \/>\n\t<meta property=\"og:image:type\" content=\"image\/jpeg\" \/>\n<meta name=\"author\" content=\"Med Ahmed\" \/>\n<meta name=\"twitter:card\" content=\"summary_large_image\" \/>\n<meta name=\"twitter:creator\" content=\"@lequotidienmr\" \/>\n<meta name=\"twitter:site\" content=\"@lequotidienmr\" \/>\n<meta name=\"twitter:label1\" content=\"\u0643\u064f\u062a\u0628 \u0628\u0648\u0627\u0633\u0637\u0629\" \/>\n\t<meta name=\"twitter:data1\" content=\"Med Ahmed\" \/>\n\t<meta name=\"twitter:label2\" content=\"\u0648\u0642\u062a \u0627\u0644\u0642\u0631\u0627\u0621\u0629 \u0627\u0644\u0645\u064f\u0642\u062f\u0651\u0631\" \/>\n\t<meta name=\"twitter:data2\" content=\"3 \u062f\u0642\u0627\u0626\u0642\" \/>\n<script type=\"application\/ld+json\" class=\"yoast-schema-graph\">{\"@context\":\"https:\\\/\\\/schema.org\",\"@graph\":[{\"@type\":\"Article\",\"@id\":\"https:\\\/\\\/lequotidien.mr\\\/?p=29172&lang=fr#article\",\"isPartOf\":{\"@id\":\"https:\\\/\\\/lequotidien.mr\\\/?p=29172&lang=fr\"},\"author\":{\"name\":\"Med Ahmed\",\"@id\":\"https:\\\/\\\/lequotidien.mr\\\/#\\\/schema\\\/person\\\/d2d350202a4d599685ed8abc25f97596\"},\"headline\":\"Colloque : L&#8217;Association des anciens \u00e9l\u00e8ves mauritaniens de Chine c\u00e9l\u00e8bre le 60\u00e8me anniversaire des relations Mauritanie-Chinoises\",\"datePublished\":\"2025-07-14T16:07:35+00:00\",\"mainEntityOfPage\":{\"@id\":\"https:\\\/\\\/lequotidien.mr\\\/?p=29172&lang=fr\"},\"wordCount\":480,\"commentCount\":0,\"publisher\":{\"@id\":\"https:\\\/\\\/lequotidien.mr\\\/#organization\"},\"image\":{\"@id\":\"https:\\\/\\\/lequotidien.mr\\\/?p=29172&lang=fr#primaryimage\"},\"thumbnailUrl\":\"https:\\\/\\\/lequotidien.mr\\\/wp-content\\\/uploads\\\/2025\\\/07\\\/photo-Chine-RIM.jpg\",\"articleSection\":[\"ACTUALIT\u00c9\",\"Economie\"],\"inLanguage\":\"ar\",\"potentialAction\":[{\"@type\":\"CommentAction\",\"name\":\"Comment\",\"target\":[\"https:\\\/\\\/lequotidien.mr\\\/?p=29172&lang=fr#respond\"]}]},{\"@type\":\"WebPage\",\"@id\":\"https:\\\/\\\/lequotidien.mr\\\/?p=29172&lang=fr\",\"url\":\"https:\\\/\\\/lequotidien.mr\\\/?p=29172&lang=fr\",\"name\":\"Colloque : L'Association des anciens \u00e9l\u00e8ves mauritaniens de Chine c\u00e9l\u00e8bre le 60\u00e8me anniversaire des relations Mauritanie-Chinoises - Le Quotidien de Nouakchott\",\"isPartOf\":{\"@id\":\"https:\\\/\\\/lequotidien.mr\\\/#website\"},\"primaryImageOfPage\":{\"@id\":\"https:\\\/\\\/lequotidien.mr\\\/?p=29172&lang=fr#primaryimage\"},\"image\":{\"@id\":\"https:\\\/\\\/lequotidien.mr\\\/?p=29172&lang=fr#primaryimage\"},\"thumbnailUrl\":\"https:\\\/\\\/lequotidien.mr\\\/wp-content\\\/uploads\\\/2025\\\/07\\\/photo-Chine-RIM.jpg\",\"datePublished\":\"2025-07-14T16:07:35+00:00\",\"breadcrumb\":{\"@id\":\"https:\\\/\\\/lequotidien.mr\\\/?p=29172&lang=fr#breadcrumb\"},\"inLanguage\":\"ar\",\"potentialAction\":[{\"@type\":\"ReadAction\",\"target\":[\"https:\\\/\\\/lequotidien.mr\\\/?p=29172&lang=fr\"]}]},{\"@type\":\"ImageObject\",\"inLanguage\":\"ar\",\"@id\":\"https:\\\/\\\/lequotidien.mr\\\/?p=29172&lang=fr#primaryimage\",\"url\":\"https:\\\/\\\/lequotidien.mr\\\/wp-content\\\/uploads\\\/2025\\\/07\\\/photo-Chine-RIM.jpg\",\"contentUrl\":\"https:\\\/\\\/lequotidien.mr\\\/wp-content\\\/uploads\\\/2025\\\/07\\\/photo-Chine-RIM.jpg\",\"width\":750,\"height\":430},{\"@type\":\"BreadcrumbList\",\"@id\":\"https:\\\/\\\/lequotidien.mr\\\/?p=29172&lang=fr#breadcrumb\",\"itemListElement\":[{\"@type\":\"ListItem\",\"position\":1,\"name\":\"Home\",\"item\":\"https:\\\/\\\/lequotidien.mr\\\/\"},{\"@type\":\"ListItem\",\"position\":2,\"name\":\"Colloque : L&rsquo;Association des anciens \u00e9l\u00e8ves mauritaniens de Chine c\u00e9l\u00e8bre le 60\u00e8me anniversaire des relations Mauritanie-Chinoises\"}]},{\"@type\":\"WebSite\",\"@id\":\"https:\\\/\\\/lequotidien.mr\\\/#website\",\"url\":\"https:\\\/\\\/lequotidien.mr\\\/\",\"name\":\"Le Quotidien de Nouakchott\",\"description\":\"\u0625\u062e\u0628\u0627\u0631\u064a\u0629 \u0645\u0633\u062a\u0642\u0644\u0629 \u0644\u0644\u0623\u0646\u0628\u0627\u0621 \u0627\u0644\u0639\u0627\u0645\u0629\",\"publisher\":{\"@id\":\"https:\\\/\\\/lequotidien.mr\\\/#organization\"},\"potentialAction\":[{\"@type\":\"SearchAction\",\"target\":{\"@type\":\"EntryPoint\",\"urlTemplate\":\"https:\\\/\\\/lequotidien.mr\\\/?s={search_term_string}\"},\"query-input\":{\"@type\":\"PropertyValueSpecification\",\"valueRequired\":true,\"valueName\":\"search_term_string\"}}],\"inLanguage\":\"ar\"},{\"@type\":\"Organization\",\"@id\":\"https:\\\/\\\/lequotidien.mr\\\/#organization\",\"name\":\"Le Quotidien de Nouakchott\",\"url\":\"https:\\\/\\\/lequotidien.mr\\\/\",\"logo\":{\"@type\":\"ImageObject\",\"inLanguage\":\"ar\",\"@id\":\"https:\\\/\\\/lequotidien.mr\\\/#\\\/schema\\\/logo\\\/image\\\/\",\"url\":\"https:\\\/\\\/lequotidien.mr\\\/wp-content\\\/uploads\\\/2022\\\/11\\\/logolequotidien.jpg\",\"contentUrl\":\"https:\\\/\\\/lequotidien.mr\\\/wp-content\\\/uploads\\\/2022\\\/11\\\/logolequotidien.jpg\",\"width\":290,\"height\":65,\"caption\":\"Le Quotidien de Nouakchott\"},\"image\":{\"@id\":\"https:\\\/\\\/lequotidien.mr\\\/#\\\/schema\\\/logo\\\/image\\\/\"},\"sameAs\":[\"https:\\\/\\\/web.facebook.com\\\/lequotidienmr\",\"https:\\\/\\\/x.com\\\/lequotidienmr\"]},{\"@type\":\"Person\",\"@id\":\"https:\\\/\\\/lequotidien.mr\\\/#\\\/schema\\\/person\\\/d2d350202a4d599685ed8abc25f97596\",\"name\":\"Med Ahmed\",\"image\":{\"@type\":\"ImageObject\",\"inLanguage\":\"ar\",\"@id\":\"https:\\\/\\\/secure.gravatar.com\\\/avatar\\\/fd2acc62ed50732923d1d39c17172c9b04149f142be92310ecc69e1358f94b52?s=96&d=mm&r=g\",\"url\":\"https:\\\/\\\/secure.gravatar.com\\\/avatar\\\/fd2acc62ed50732923d1d39c17172c9b04149f142be92310ecc69e1358f94b52?s=96&d=mm&r=g\",\"contentUrl\":\"https:\\\/\\\/secure.gravatar.com\\\/avatar\\\/fd2acc62ed50732923d1d39c17172c9b04149f142be92310ecc69e1358f94b52?s=96&d=mm&r=g\",\"caption\":\"Med Ahmed\"},\"url\":\"https:\\\/\\\/lequotidien.mr\\\/?author=12\"}]}<\/script>\n<!-- \/ Yoast SEO plugin. -->","yoast_head_json":{"title":"Colloque : L'Association des anciens \u00e9l\u00e8ves mauritaniens de Chine c\u00e9l\u00e8bre le 60\u00e8me anniversaire des relations Mauritanie-Chinoises - Le Quotidien de Nouakchott","robots":{"index":"index","follow":"follow","max-snippet":"max-snippet:-1","max-image-preview":"max-image-preview:large","max-video-preview":"max-video-preview:-1"},"canonical":"https:\/\/lequotidien.mr\/?p=29172&lang=fr","og_locale":"ar_AR","og_type":"article","og_title":"Colloque : L'Association des anciens \u00e9l\u00e8ves mauritaniens de Chine c\u00e9l\u00e8bre le 60\u00e8me anniversaire des relations Mauritanie-Chinoises - Le Quotidien de Nouakchott","og_description":"L&#8217;Association des anciens \u00e9l\u00e8ves mauritaniens de Chine a marqu\u00e9 avec \u00e9clat le\u00a060\u00e8me anniversaire des relations diplomatiques entre la Mauritanie et la R\u00e9publique populaire de Chine. Un colloque solennel, plac\u00e9 sous le th\u00e8me \u00ab\u00a0Les relations mauritano-chinoises et les perspectives de coop\u00e9ration commune\u00a0\u00bb, s&#8217;est tenu samedi dernier \u00e0 Nouakchott, r\u00e9unissant intellectuels, hommes politiques et diplomates des deux.....","og_url":"https:\/\/lequotidien.mr\/?p=29172&lang=fr","og_site_name":"Le Quotidien de Nouakchott","article_publisher":"https:\/\/web.facebook.com\/lequotidienmr","article_published_time":"2025-07-14T16:07:35+00:00","og_image":[{"width":750,"height":430,"url":"https:\/\/lequotidien.mr\/wp-content\/uploads\/2025\/07\/photo-Chine-RIM.jpg","type":"image\/jpeg"}],"author":"Med Ahmed","twitter_card":"summary_large_image","twitter_creator":"@lequotidienmr","twitter_site":"@lequotidienmr","twitter_misc":{"\u0643\u064f\u062a\u0628 \u0628\u0648\u0627\u0633\u0637\u0629":"Med Ahmed","\u0648\u0642\u062a \u0627\u0644\u0642\u0631\u0627\u0621\u0629 \u0627\u0644\u0645\u064f\u0642\u062f\u0651\u0631":"3 \u062f\u0642\u0627\u0626\u0642"},"schema":{"@context":"https:\/\/schema.org","@graph":[{"@type":"Article","@id":"https:\/\/lequotidien.mr\/?p=29172&lang=fr#article","isPartOf":{"@id":"https:\/\/lequotidien.mr\/?p=29172&lang=fr"},"author":{"name":"Med Ahmed","@id":"https:\/\/lequotidien.mr\/#\/schema\/person\/d2d350202a4d599685ed8abc25f97596"},"headline":"Colloque : L&#8217;Association des anciens \u00e9l\u00e8ves mauritaniens de Chine c\u00e9l\u00e8bre le 60\u00e8me anniversaire des relations Mauritanie-Chinoises","datePublished":"2025-07-14T16:07:35+00:00","mainEntityOfPage":{"@id":"https:\/\/lequotidien.mr\/?p=29172&lang=fr"},"wordCount":480,"commentCount":0,"publisher":{"@id":"https:\/\/lequotidien.mr\/#organization"},"image":{"@id":"https:\/\/lequotidien.mr\/?p=29172&lang=fr#primaryimage"},"thumbnailUrl":"https:\/\/lequotidien.mr\/wp-content\/uploads\/2025\/07\/photo-Chine-RIM.jpg","articleSection":["ACTUALIT\u00c9","Economie"],"inLanguage":"ar","potentialAction":[{"@type":"CommentAction","name":"Comment","target":["https:\/\/lequotidien.mr\/?p=29172&lang=fr#respond"]}]},{"@type":"WebPage","@id":"https:\/\/lequotidien.mr\/?p=29172&lang=fr","url":"https:\/\/lequotidien.mr\/?p=29172&lang=fr","name":"Colloque : L'Association des anciens \u00e9l\u00e8ves mauritaniens de Chine c\u00e9l\u00e8bre le 60\u00e8me anniversaire des relations Mauritanie-Chinoises - Le Quotidien de Nouakchott","isPartOf":{"@id":"https:\/\/lequotidien.mr\/#website"},"primaryImageOfPage":{"@id":"https:\/\/lequotidien.mr\/?p=29172&lang=fr#primaryimage"},"image":{"@id":"https:\/\/lequotidien.mr\/?p=29172&lang=fr#primaryimage"},"thumbnailUrl":"https:\/\/lequotidien.mr\/wp-content\/uploads\/2025\/07\/photo-Chine-RIM.jpg","datePublished":"2025-07-14T16:07:35+00:00","breadcrumb":{"@id":"https:\/\/lequotidien.mr\/?p=29172&lang=fr#breadcrumb"},"inLanguage":"ar","potentialAction":[{"@type":"ReadAction","target":["https:\/\/lequotidien.mr\/?p=29172&lang=fr"]}]},{"@type":"ImageObject","inLanguage":"ar","@id":"https:\/\/lequotidien.mr\/?p=29172&lang=fr#primaryimage","url":"https:\/\/lequotidien.mr\/wp-content\/uploads\/2025\/07\/photo-Chine-RIM.jpg","contentUrl":"https:\/\/lequotidien.mr\/wp-content\/uploads\/2025\/07\/photo-Chine-RIM.jpg","width":750,"height":430},{"@type":"BreadcrumbList","@id":"https:\/\/lequotidien.mr\/?p=29172&lang=fr#breadcrumb","itemListElement":[{"@type":"ListItem","position":1,"name":"Home","item":"https:\/\/lequotidien.mr\/"},{"@type":"ListItem","position":2,"name":"Colloque : L&rsquo;Association des anciens \u00e9l\u00e8ves mauritaniens de Chine c\u00e9l\u00e8bre le 60\u00e8me anniversaire des relations Mauritanie-Chinoises"}]},{"@type":"WebSite","@id":"https:\/\/lequotidien.mr\/#website","url":"https:\/\/lequotidien.mr\/","name":"Le Quotidien de Nouakchott","description":"\u0625\u062e\u0628\u0627\u0631\u064a\u0629 \u0645\u0633\u062a\u0642\u0644\u0629 \u0644\u0644\u0623\u0646\u0628\u0627\u0621 \u0627\u0644\u0639\u0627\u0645\u0629","publisher":{"@id":"https:\/\/lequotidien.mr\/#organization"},"potentialAction":[{"@type":"SearchAction","target":{"@type":"EntryPoint","urlTemplate":"https:\/\/lequotidien.mr\/?s={search_term_string}"},"query-input":{"@type":"PropertyValueSpecification","valueRequired":true,"valueName":"search_term_string"}}],"inLanguage":"ar"},{"@type":"Organization","@id":"https:\/\/lequotidien.mr\/#organization","name":"Le Quotidien de Nouakchott","url":"https:\/\/lequotidien.mr\/","logo":{"@type":"ImageObject","inLanguage":"ar","@id":"https:\/\/lequotidien.mr\/#\/schema\/logo\/image\/","url":"https:\/\/lequotidien.mr\/wp-content\/uploads\/2022\/11\/logolequotidien.jpg","contentUrl":"https:\/\/lequotidien.mr\/wp-content\/uploads\/2022\/11\/logolequotidien.jpg","width":290,"height":65,"caption":"Le Quotidien de Nouakchott"},"image":{"@id":"https:\/\/lequotidien.mr\/#\/schema\/logo\/image\/"},"sameAs":["https:\/\/web.facebook.com\/lequotidienmr","https:\/\/x.com\/lequotidienmr"]},{"@type":"Person","@id":"https:\/\/lequotidien.mr\/#\/schema\/person\/d2d350202a4d599685ed8abc25f97596","name":"Med Ahmed","image":{"@type":"ImageObject","inLanguage":"ar","@id":"https:\/\/secure.gravatar.com\/avatar\/fd2acc62ed50732923d1d39c17172c9b04149f142be92310ecc69e1358f94b52?s=96&d=mm&r=g","url":"https:\/\/secure.gravatar.com\/avatar\/fd2acc62ed50732923d1d39c17172c9b04149f142be92310ecc69e1358f94b52?s=96&d=mm&r=g","contentUrl":"https:\/\/secure.gravatar.com\/avatar\/fd2acc62ed50732923d1d39c17172c9b04149f142be92310ecc69e1358f94b52?s=96&d=mm&r=g","caption":"Med Ahmed"},"url":"https:\/\/lequotidien.mr\/?author=12"}]}},"_links":{"self":[{"href":"https:\/\/lequotidien.mr\/index.php?rest_route=\/wp\/v2\/posts\/29172","targetHints":{"allow":["GET"]}}],"collection":[{"href":"https:\/\/lequotidien.mr\/index.php?rest_route=\/wp\/v2\/posts"}],"about":[{"href":"https:\/\/lequotidien.mr\/index.php?rest_route=\/wp\/v2\/types\/post"}],"author":[{"embeddable":true,"href":"https:\/\/lequotidien.mr\/index.php?rest_route=\/wp\/v2\/users\/12"}],"replies":[{"embeddable":true,"href":"https:\/\/lequotidien.mr\/index.php?rest_route=%2Fwp%2Fv2%2Fcomments&post=29172"}],"version-history":[{"count":1,"href":"https:\/\/lequotidien.mr\/index.php?rest_route=\/wp\/v2\/posts\/29172\/revisions"}],"predecessor-version":[{"id":29174,"href":"https:\/\/lequotidien.mr\/index.php?rest_route=\/wp\/v2\/posts\/29172\/revisions\/29174"}],"wp:featuredmedia":[{"embeddable":true,"href":"https:\/\/lequotidien.mr\/index.php?rest_route=\/wp\/v2\/media\/29173"}],"wp:attachment":[{"href":"https:\/\/lequotidien.mr\/index.php?rest_route=%2Fwp%2Fv2%2Fmedia&parent=29172"}],"wp:term":[{"taxonomy":"category","embeddable":true,"href":"https:\/\/lequotidien.mr\/index.php?rest_route=%2Fwp%2Fv2%2Fcategories&post=29172"},{"taxonomy":"post_tag","embeddable":true,"href":"https:\/\/lequotidien.mr\/index.php?rest_route=%2Fwp%2Fv2%2Ftags&post=29172"}],"curies":[{"name":"wp","href":"https:\/\/api.w.org\/{rel}","templated":true}]}}