{"id":29158,"date":"2025-07-12T23:52:56","date_gmt":"2025-07-12T23:52:56","guid":{"rendered":"https:\/\/lequotidien.mr\/?p=29158"},"modified":"2025-07-12T23:52:56","modified_gmt":"2025-07-12T23:52:56","slug":"rosso-celebre-une-nouvelle-ere-de-libre-circulation-laccord-de-transport-routier-de-personnes-et-de-marchandises-mauritanie-senegal-entre-en-vigueur","status":"publish","type":"post","link":"https:\/\/lequotidien.mr\/?p=29158&lang=fr","title":{"rendered":"Rosso c\u00e9l\u00e8bre une nouvelle \u00e8re de libre circulation : L&#8217;accord de transport routier de personnes et de marchandises Mauritanie-S\u00e9n\u00e9gal entre en vigueur"},"content":{"rendered":"<p>Un pas d\u00e9cisif vers l&#8217;int\u00e9gration r\u00e9gionale a \u00e9t\u00e9 franchi ce vendredi \u00e0 Rosso. Le Ministre mauritanien de l\u2019\u00c9quipement et des Transports, M. Ely El Veirik, et son homologue s\u00e9n\u00e9galais, M. Yankhoba Di\u00e9m\u00e9, Ministre des Infrastructures, des Transports Terrestres et A\u00e9riens, ont conjointement pr\u00e9sid\u00e9 la c\u00e9r\u00e9monie marquant\u00a0<strong>l&#8217;entr\u00e9e en vigueur officielle de l&#8217;accord de transport routier de personnes et de marchandises<\/strong>\u00a0entre les deux pays fr\u00e8res. L&#8217;\u00e9v\u00e9nement, tenu dans les locaux de la Soci\u00e9t\u00e9 des Bacs de Mauritanie, a scell\u00e9\u00a0<strong>l&#8217;abolition du principe contraignant de d\u00e9chargement obligatoire des marchandises \u00e0 la fronti\u00e8re<\/strong>, une barri\u00e8re historique au commerce et \u00e0 la libre circulation.<\/p>\n<p><strong>Un accord aux racines historiques et \u00e0 la port\u00e9e symbolique forte<\/strong><\/p>\n<p>Dans son allocution, le Ministre Ely El Veirik a soulign\u00e9 la profondeur symbolique de cet accord.\u00a0<em>&#8220;Cet accord porte en lui de nombreux symboles et significations profondes&#8221;<\/em>, a-t-il d\u00e9clar\u00e9, le d\u00e9crivant comme\u00a0<em>&#8220;une \u00e9tape avanc\u00e9e dans le cours des relations bilat\u00e9rales et une incarnation de la profondeur des liens dont les racines s\u2019\u00e9tendent aux profondeurs de l\u2019histoire&#8221;<\/em>. Il a rappel\u00e9 les liens s\u00e9culaires de\u00a0<em>&#8220;parent\u00e9, d\u2019alliance et d\u2019\u00e9change culturel et social&#8221;<\/em>\u00a0unissant les deux peuples.<\/p>\n<p>M. El Veirik a explicitement situ\u00e9 cette avanc\u00e9e dans le cadre de <strong>la priorit\u00e9 strat\u00e9gique accord\u00e9e par le Pr\u00e9sident Mohamed Cheikh El Ghazouani aux relations avec les pays voisins, en particulier le S\u00e9n\u00e9gal<\/strong>. Il a pr\u00e9cis\u00e9 que cette orientation pr\u00e9sidentielle est concr\u00e8tement mise en \u0153uvre par le gouvernement du Premier Ministre Moctar Djay pour\u00a0<em>&#8220;consacrer l\u2019esprit de coop\u00e9ration et incarner l\u2019int\u00e9gration&#8221;<\/em>. Cet accord constitue ainsi\u00a0<strong>une traduction directe des recommandations issues de la r\u00e9cente visite en Mauritanie du Premier Ministre s\u00e9n\u00e9galais, M. Ousmane Sonko<\/strong>, visite qui avait ouvert\u00a0<em>&#8220;des perspectives prometteuses pour l\u2019int\u00e9gration mutuelle&#8221;<\/em>.<\/p>\n<p>Le Ministre a vivement anticip\u00e9 les retomb\u00e9es pratiques :\u00a0<em>&#8220;l\u2019entr\u00e9e en vigueur de cet accord et les facilit\u00e9s pratiques de transit qui l\u2019accompagnent sont susceptibles de lancer une nouvelle dynamique pour am\u00e9liorer le climat des affaires, encourager les transactions commerciales et \u00e9largir le cercle des interactions humaines&#8221;<\/em>, conform\u00e9ment, a-t-il insist\u00e9, \u00e0 la volont\u00e9 des Pr\u00e9sidents Ghazouani et Bassirou Diomaye Faye et aux aspirations des deux peuples.<\/p>\n<p><strong>La mobilit\u00e9, patrimoine commun et facteur d&#8217;int\u00e9gration<\/strong><\/p>\n<p>Le Ministre s\u00e9n\u00e9galais Yankhoba Di\u00e9m\u00e9 a abond\u00e9 dans le m\u00eame sens, exprimant l&#8217;espoir que\u00a0<em>&#8220;la coop\u00e9ration bilat\u00e9rale reste riche en \u00e9changes fructueux, en amiti\u00e9 renouvel\u00e9e et en coop\u00e9ration&#8221;<\/em>. Il a plac\u00e9 l&#8217;accord dans une perspective historique et civilisationnelle essentielle :\u00a0<em>&#8220;La mobilit\u00e9 et le mouvement n\u2019ont jamais \u00e9t\u00e9 une exception dans notre r\u00e9gion, mais ont constitu\u00e9 une caract\u00e9ristique essentielle de nos soci\u00e9t\u00e9s (&#8230;) un facteur de r\u00e9silience sociale, de transmission culturelle et d\u2019int\u00e9gration r\u00e9gionale&#8221;<\/em>. Selon lui, cet accord\u00a0<em>&#8220;incarne la volont\u00e9 commune de r\u00e9glementer [la mobilit\u00e9] sans freiner sa dynamique naturelle&#8221;<\/em>.<\/p>\n<p>M. Di\u00e9m\u00e9 a rendu un hommage appuy\u00e9 \u00e0 <strong>la qualit\u00e9 de la relation personnelle et politique entre les Pr\u00e9sidents Ghazouani et Diomaye Faye<\/strong>, une entente\u00a0<em>&#8220;bas\u00e9e sur le respect mutuel, la vision commune et le service de l\u2019int\u00e9r\u00eat g\u00e9n\u00e9ral&#8221;<\/em>qui donne selon lui\u00a0<em>&#8220;un \u00e9lan politique fort et durable&#8221;<\/em>\u00e0 la coop\u00e9ration et nourrit\u00a0<em>&#8220;une ambition commune de faire des relations mauritano-s\u00e9n\u00e9galaises un pilier de la stabilit\u00e9, de la paix et de l\u2019int\u00e9gration&#8221;<\/em>\u00a0dans la r\u00e9gion. Il a \u00e9galement salu\u00e9\u00a0<strong>le r\u00f4le central des Premiers Ministres Moctar Djay et Ousmane Sonko<\/strong>\u00a0dans la consolidation de ces liens, qualifiant la visite de M. Sonko en Mauritanie de\u00a0<em>&#8220;\u00e9tape strat\u00e9gique majeure&#8221;<\/em>.<\/p>\n<p><strong>Soutiens locaux et perspectives concr\u00e8tes<\/strong><\/p>\n<p>L&#8217;importance de l&#8217;\u00e9v\u00e9nement a \u00e9t\u00e9 soulign\u00e9e par M. Bemba Dramane, maire de Rosso Mauritanie, qui a salu\u00e9 cette\u00a0<em>&#8220;\u00e9tape importante&#8221;<\/em>\u00a0refl\u00e9tant la volont\u00e9 commune des deux chefs d&#8217;\u00c9tat. Du c\u00f4t\u00e9 des professionnels, M. Mohamedou Sidi, pr\u00e9sident de la F\u00e9d\u00e9ration Nationale des Transports mauritanienne, a rassur\u00e9 ses membres en indiquant que\u00a0<em>&#8220;les int\u00e9r\u00eats des transporteurs sont prot\u00e9g\u00e9s dans cet accord&#8221;<\/em>. Il a pr\u00e9cis\u00e9 qu&#8217;<em>&#8220;un comit\u00e9 technique a \u00e9t\u00e9 form\u00e9 pour \u00e9tudier les prix du transport&#8221;<\/em>\u00a0et a affirm\u00e9 que l&#8217;accord\u00a0<em>&#8220;offrira de nombreuses opportunit\u00e9s aux transporteurs&#8221;<\/em>\u00a0gr\u00e2ce \u00e0 la fluidification des \u00e9changes.<\/p>\n<p>Pour conclure cette journ\u00e9e historique, la d\u00e9l\u00e9gation minist\u00e9rielle conjointe s&#8217;est rendue sur\u00a0<strong>le chantier du futur pont de Rosso<\/strong>. Cette visite d&#8217;inspection leur a permis d&#8217;\u00eatre inform\u00e9s de l&#8217;avancement des travaux de cette infrastructure majeure, promise \u00e0 devenir un symbole physique et durable de la connexion renforc\u00e9e entre la Mauritanie et le S\u00e9n\u00e9gal, compl\u00e9tant parfaitement l&#8217;accord de transport qui entre d\u00e9sormais en vigueur.<\/p>\n<p>La c\u00e9r\u00e9monie s&#8217;est d\u00e9roul\u00e9e en pr\u00e9sence d&#8217;une importante d\u00e9l\u00e9gation officielle comprenant notamment le Wali du Trarza, M. Ahmedna Sidebe, le gouverneur s\u00e9n\u00e9galais de Saint-Louis, le hakem de Rosso, le Vice-Pr\u00e9sident de la r\u00e9gion du Trarza, ainsi que des cadres des minist\u00e8res et des chefs des services de s\u00e9curit\u00e9, t\u00e9moignant de la haute importance accord\u00e9e \u00e0 cet \u00e9v\u00e9nement fondateur pour les relations bilat\u00e9rales et l&#8217;int\u00e9gration sous-r\u00e9gionale.<\/p>\n","protected":false},"excerpt":{"rendered":"<p>Un pas d\u00e9cisif vers l&#8217;int\u00e9gration r\u00e9gionale a \u00e9t\u00e9 franchi ce vendredi \u00e0 Rosso. Le Ministre mauritanien de l\u2019\u00c9quipement et des Transports, M. Ely El Veirik, et son homologue s\u00e9n\u00e9galais, M. Yankhoba Di\u00e9m\u00e9, Ministre des Infrastructures, des Transports Terrestres et A\u00e9riens, ont conjointement pr\u00e9sid\u00e9 la c\u00e9r\u00e9monie marquant\u00a0l&#8217;entr\u00e9e en vigueur officielle de l&#8217;accord de transport routier de&#8230;..<\/p>\n","protected":false},"author":12,"featured_media":29159,"comment_status":"open","ping_status":"open","sticky":false,"template":"","format":"standard","meta":{"footnotes":""},"categories":[23,49],"tags":[],"class_list":["post-29158","post","type-post","status-publish","format-standard","has-post-thumbnail","hentry","category-actualite","category-economie"],"yoast_head":"<!-- This site is optimized with the Yoast SEO plugin v27.5 - https:\/\/yoast.com\/product\/yoast-seo-wordpress\/ -->\n<title>Rosso c\u00e9l\u00e8bre une nouvelle \u00e8re de libre circulation : L&#039;accord de transport routier de personnes et de marchandises Mauritanie-S\u00e9n\u00e9gal entre en vigueur - Le Quotidien de Nouakchott<\/title>\n<meta name=\"robots\" content=\"index, follow, max-snippet:-1, max-image-preview:large, max-video-preview:-1\" \/>\n<link rel=\"canonical\" href=\"https:\/\/lequotidien.mr\/?p=29158&lang=fr\" \/>\n<meta property=\"og:locale\" content=\"ar_AR\" \/>\n<meta property=\"og:type\" content=\"article\" \/>\n<meta property=\"og:title\" content=\"Rosso c\u00e9l\u00e8bre une nouvelle \u00e8re de libre circulation : L&#039;accord de transport routier de personnes et de marchandises Mauritanie-S\u00e9n\u00e9gal entre en vigueur - Le Quotidien de Nouakchott\" \/>\n<meta property=\"og:description\" content=\"Un pas d\u00e9cisif vers l&#8217;int\u00e9gration r\u00e9gionale a \u00e9t\u00e9 franchi ce vendredi \u00e0 Rosso. Le Ministre mauritanien de l\u2019\u00c9quipement et des Transports, M. Ely El Veirik, et son homologue s\u00e9n\u00e9galais, M. Yankhoba Di\u00e9m\u00e9, Ministre des Infrastructures, des Transports Terrestres et A\u00e9riens, ont conjointement pr\u00e9sid\u00e9 la c\u00e9r\u00e9monie marquant\u00a0l&#8217;entr\u00e9e en vigueur officielle de l&#8217;accord de transport routier de.....\" \/>\n<meta property=\"og:url\" content=\"https:\/\/lequotidien.mr\/?p=29158&amp;lang=fr\" \/>\n<meta property=\"og:site_name\" content=\"Le Quotidien de Nouakchott\" \/>\n<meta property=\"article:publisher\" content=\"https:\/\/web.facebook.com\/lequotidienmr\" \/>\n<meta property=\"article:published_time\" content=\"2025-07-12T23:52:56+00:00\" \/>\n<meta property=\"og:image\" content=\"https:\/\/lequotidien.mr\/wp-content\/uploads\/2025\/07\/photo-accord-_c-transport-Senegal.jpg\" \/>\n\t<meta property=\"og:image:width\" content=\"750\" \/>\n\t<meta property=\"og:image:height\" content=\"430\" \/>\n\t<meta property=\"og:image:type\" content=\"image\/jpeg\" \/>\n<meta name=\"author\" content=\"Med Ahmed\" \/>\n<meta name=\"twitter:card\" content=\"summary_large_image\" \/>\n<meta name=\"twitter:creator\" content=\"@lequotidienmr\" \/>\n<meta name=\"twitter:site\" content=\"@lequotidienmr\" \/>\n<meta name=\"twitter:label1\" content=\"\u0643\u064f\u062a\u0628 \u0628\u0648\u0627\u0633\u0637\u0629\" \/>\n\t<meta name=\"twitter:data1\" content=\"Med Ahmed\" \/>\n\t<meta name=\"twitter:label2\" content=\"\u0648\u0642\u062a \u0627\u0644\u0642\u0631\u0627\u0621\u0629 \u0627\u0644\u0645\u064f\u0642\u062f\u0651\u0631\" \/>\n\t<meta name=\"twitter:data2\" content=\"6 \u062f\u0642\u0627\u0626\u0642\" \/>\n<script type=\"application\/ld+json\" class=\"yoast-schema-graph\">{\"@context\":\"https:\\\/\\\/schema.org\",\"@graph\":[{\"@type\":\"Article\",\"@id\":\"https:\\\/\\\/lequotidien.mr\\\/?p=29158&lang=fr#article\",\"isPartOf\":{\"@id\":\"https:\\\/\\\/lequotidien.mr\\\/?p=29158&lang=fr\"},\"author\":{\"name\":\"Med Ahmed\",\"@id\":\"https:\\\/\\\/lequotidien.mr\\\/#\\\/schema\\\/person\\\/d2d350202a4d599685ed8abc25f97596\"},\"headline\":\"Rosso c\u00e9l\u00e8bre une nouvelle \u00e8re de libre circulation : L&#8217;accord de transport routier de personnes et de marchandises Mauritanie-S\u00e9n\u00e9gal entre en vigueur\",\"datePublished\":\"2025-07-12T23:52:56+00:00\",\"mainEntityOfPage\":{\"@id\":\"https:\\\/\\\/lequotidien.mr\\\/?p=29158&lang=fr\"},\"wordCount\":945,\"commentCount\":0,\"publisher\":{\"@id\":\"https:\\\/\\\/lequotidien.mr\\\/#organization\"},\"image\":{\"@id\":\"https:\\\/\\\/lequotidien.mr\\\/?p=29158&lang=fr#primaryimage\"},\"thumbnailUrl\":\"https:\\\/\\\/lequotidien.mr\\\/wp-content\\\/uploads\\\/2025\\\/07\\\/photo-accord-_c-transport-Senegal.jpg\",\"articleSection\":[\"ACTUALIT\u00c9\",\"Economie\"],\"inLanguage\":\"ar\",\"potentialAction\":[{\"@type\":\"CommentAction\",\"name\":\"Comment\",\"target\":[\"https:\\\/\\\/lequotidien.mr\\\/?p=29158&lang=fr#respond\"]}]},{\"@type\":\"WebPage\",\"@id\":\"https:\\\/\\\/lequotidien.mr\\\/?p=29158&lang=fr\",\"url\":\"https:\\\/\\\/lequotidien.mr\\\/?p=29158&lang=fr\",\"name\":\"Rosso c\u00e9l\u00e8bre une nouvelle \u00e8re de libre circulation : L'accord de transport routier de personnes et de marchandises Mauritanie-S\u00e9n\u00e9gal entre en vigueur - Le Quotidien de Nouakchott\",\"isPartOf\":{\"@id\":\"https:\\\/\\\/lequotidien.mr\\\/#website\"},\"primaryImageOfPage\":{\"@id\":\"https:\\\/\\\/lequotidien.mr\\\/?p=29158&lang=fr#primaryimage\"},\"image\":{\"@id\":\"https:\\\/\\\/lequotidien.mr\\\/?p=29158&lang=fr#primaryimage\"},\"thumbnailUrl\":\"https:\\\/\\\/lequotidien.mr\\\/wp-content\\\/uploads\\\/2025\\\/07\\\/photo-accord-_c-transport-Senegal.jpg\",\"datePublished\":\"2025-07-12T23:52:56+00:00\",\"breadcrumb\":{\"@id\":\"https:\\\/\\\/lequotidien.mr\\\/?p=29158&lang=fr#breadcrumb\"},\"inLanguage\":\"ar\",\"potentialAction\":[{\"@type\":\"ReadAction\",\"target\":[\"https:\\\/\\\/lequotidien.mr\\\/?p=29158&lang=fr\"]}]},{\"@type\":\"ImageObject\",\"inLanguage\":\"ar\",\"@id\":\"https:\\\/\\\/lequotidien.mr\\\/?p=29158&lang=fr#primaryimage\",\"url\":\"https:\\\/\\\/lequotidien.mr\\\/wp-content\\\/uploads\\\/2025\\\/07\\\/photo-accord-_c-transport-Senegal.jpg\",\"contentUrl\":\"https:\\\/\\\/lequotidien.mr\\\/wp-content\\\/uploads\\\/2025\\\/07\\\/photo-accord-_c-transport-Senegal.jpg\",\"width\":750,\"height\":430},{\"@type\":\"BreadcrumbList\",\"@id\":\"https:\\\/\\\/lequotidien.mr\\\/?p=29158&lang=fr#breadcrumb\",\"itemListElement\":[{\"@type\":\"ListItem\",\"position\":1,\"name\":\"Home\",\"item\":\"https:\\\/\\\/lequotidien.mr\\\/\"},{\"@type\":\"ListItem\",\"position\":2,\"name\":\"Rosso c\u00e9l\u00e8bre une nouvelle \u00e8re de libre circulation : L&rsquo;accord de transport routier de personnes et de marchandises Mauritanie-S\u00e9n\u00e9gal entre en vigueur\"}]},{\"@type\":\"WebSite\",\"@id\":\"https:\\\/\\\/lequotidien.mr\\\/#website\",\"url\":\"https:\\\/\\\/lequotidien.mr\\\/\",\"name\":\"Le Quotidien de Nouakchott\",\"description\":\"\u0625\u062e\u0628\u0627\u0631\u064a\u0629 \u0645\u0633\u062a\u0642\u0644\u0629 \u0644\u0644\u0623\u0646\u0628\u0627\u0621 \u0627\u0644\u0639\u0627\u0645\u0629\",\"publisher\":{\"@id\":\"https:\\\/\\\/lequotidien.mr\\\/#organization\"},\"potentialAction\":[{\"@type\":\"SearchAction\",\"target\":{\"@type\":\"EntryPoint\",\"urlTemplate\":\"https:\\\/\\\/lequotidien.mr\\\/?s={search_term_string}\"},\"query-input\":{\"@type\":\"PropertyValueSpecification\",\"valueRequired\":true,\"valueName\":\"search_term_string\"}}],\"inLanguage\":\"ar\"},{\"@type\":\"Organization\",\"@id\":\"https:\\\/\\\/lequotidien.mr\\\/#organization\",\"name\":\"Le Quotidien de Nouakchott\",\"url\":\"https:\\\/\\\/lequotidien.mr\\\/\",\"logo\":{\"@type\":\"ImageObject\",\"inLanguage\":\"ar\",\"@id\":\"https:\\\/\\\/lequotidien.mr\\\/#\\\/schema\\\/logo\\\/image\\\/\",\"url\":\"https:\\\/\\\/lequotidien.mr\\\/wp-content\\\/uploads\\\/2022\\\/11\\\/logolequotidien.jpg\",\"contentUrl\":\"https:\\\/\\\/lequotidien.mr\\\/wp-content\\\/uploads\\\/2022\\\/11\\\/logolequotidien.jpg\",\"width\":290,\"height\":65,\"caption\":\"Le Quotidien de Nouakchott\"},\"image\":{\"@id\":\"https:\\\/\\\/lequotidien.mr\\\/#\\\/schema\\\/logo\\\/image\\\/\"},\"sameAs\":[\"https:\\\/\\\/web.facebook.com\\\/lequotidienmr\",\"https:\\\/\\\/x.com\\\/lequotidienmr\"]},{\"@type\":\"Person\",\"@id\":\"https:\\\/\\\/lequotidien.mr\\\/#\\\/schema\\\/person\\\/d2d350202a4d599685ed8abc25f97596\",\"name\":\"Med Ahmed\",\"image\":{\"@type\":\"ImageObject\",\"inLanguage\":\"ar\",\"@id\":\"https:\\\/\\\/secure.gravatar.com\\\/avatar\\\/fd2acc62ed50732923d1d39c17172c9b04149f142be92310ecc69e1358f94b52?s=96&d=mm&r=g\",\"url\":\"https:\\\/\\\/secure.gravatar.com\\\/avatar\\\/fd2acc62ed50732923d1d39c17172c9b04149f142be92310ecc69e1358f94b52?s=96&d=mm&r=g\",\"contentUrl\":\"https:\\\/\\\/secure.gravatar.com\\\/avatar\\\/fd2acc62ed50732923d1d39c17172c9b04149f142be92310ecc69e1358f94b52?s=96&d=mm&r=g\",\"caption\":\"Med Ahmed\"},\"url\":\"https:\\\/\\\/lequotidien.mr\\\/?author=12\"}]}<\/script>\n<!-- \/ Yoast SEO plugin. -->","yoast_head_json":{"title":"Rosso c\u00e9l\u00e8bre une nouvelle \u00e8re de libre circulation : L'accord de transport routier de personnes et de marchandises Mauritanie-S\u00e9n\u00e9gal entre en vigueur - Le Quotidien de Nouakchott","robots":{"index":"index","follow":"follow","max-snippet":"max-snippet:-1","max-image-preview":"max-image-preview:large","max-video-preview":"max-video-preview:-1"},"canonical":"https:\/\/lequotidien.mr\/?p=29158&lang=fr","og_locale":"ar_AR","og_type":"article","og_title":"Rosso c\u00e9l\u00e8bre une nouvelle \u00e8re de libre circulation : L'accord de transport routier de personnes et de marchandises Mauritanie-S\u00e9n\u00e9gal entre en vigueur - Le Quotidien de Nouakchott","og_description":"Un pas d\u00e9cisif vers l&#8217;int\u00e9gration r\u00e9gionale a \u00e9t\u00e9 franchi ce vendredi \u00e0 Rosso. Le Ministre mauritanien de l\u2019\u00c9quipement et des Transports, M. Ely El Veirik, et son homologue s\u00e9n\u00e9galais, M. Yankhoba Di\u00e9m\u00e9, Ministre des Infrastructures, des Transports Terrestres et A\u00e9riens, ont conjointement pr\u00e9sid\u00e9 la c\u00e9r\u00e9monie marquant\u00a0l&#8217;entr\u00e9e en vigueur officielle de l&#8217;accord de transport routier de.....","og_url":"https:\/\/lequotidien.mr\/?p=29158&lang=fr","og_site_name":"Le Quotidien de Nouakchott","article_publisher":"https:\/\/web.facebook.com\/lequotidienmr","article_published_time":"2025-07-12T23:52:56+00:00","og_image":[{"width":750,"height":430,"url":"https:\/\/lequotidien.mr\/wp-content\/uploads\/2025\/07\/photo-accord-_c-transport-Senegal.jpg","type":"image\/jpeg"}],"author":"Med Ahmed","twitter_card":"summary_large_image","twitter_creator":"@lequotidienmr","twitter_site":"@lequotidienmr","twitter_misc":{"\u0643\u064f\u062a\u0628 \u0628\u0648\u0627\u0633\u0637\u0629":"Med Ahmed","\u0648\u0642\u062a \u0627\u0644\u0642\u0631\u0627\u0621\u0629 \u0627\u0644\u0645\u064f\u0642\u062f\u0651\u0631":"6 \u062f\u0642\u0627\u0626\u0642"},"schema":{"@context":"https:\/\/schema.org","@graph":[{"@type":"Article","@id":"https:\/\/lequotidien.mr\/?p=29158&lang=fr#article","isPartOf":{"@id":"https:\/\/lequotidien.mr\/?p=29158&lang=fr"},"author":{"name":"Med Ahmed","@id":"https:\/\/lequotidien.mr\/#\/schema\/person\/d2d350202a4d599685ed8abc25f97596"},"headline":"Rosso c\u00e9l\u00e8bre une nouvelle \u00e8re de libre circulation : L&#8217;accord de transport routier de personnes et de marchandises Mauritanie-S\u00e9n\u00e9gal entre en vigueur","datePublished":"2025-07-12T23:52:56+00:00","mainEntityOfPage":{"@id":"https:\/\/lequotidien.mr\/?p=29158&lang=fr"},"wordCount":945,"commentCount":0,"publisher":{"@id":"https:\/\/lequotidien.mr\/#organization"},"image":{"@id":"https:\/\/lequotidien.mr\/?p=29158&lang=fr#primaryimage"},"thumbnailUrl":"https:\/\/lequotidien.mr\/wp-content\/uploads\/2025\/07\/photo-accord-_c-transport-Senegal.jpg","articleSection":["ACTUALIT\u00c9","Economie"],"inLanguage":"ar","potentialAction":[{"@type":"CommentAction","name":"Comment","target":["https:\/\/lequotidien.mr\/?p=29158&lang=fr#respond"]}]},{"@type":"WebPage","@id":"https:\/\/lequotidien.mr\/?p=29158&lang=fr","url":"https:\/\/lequotidien.mr\/?p=29158&lang=fr","name":"Rosso c\u00e9l\u00e8bre une nouvelle \u00e8re de libre circulation : L'accord de transport routier de personnes et de marchandises Mauritanie-S\u00e9n\u00e9gal entre en vigueur - Le Quotidien de Nouakchott","isPartOf":{"@id":"https:\/\/lequotidien.mr\/#website"},"primaryImageOfPage":{"@id":"https:\/\/lequotidien.mr\/?p=29158&lang=fr#primaryimage"},"image":{"@id":"https:\/\/lequotidien.mr\/?p=29158&lang=fr#primaryimage"},"thumbnailUrl":"https:\/\/lequotidien.mr\/wp-content\/uploads\/2025\/07\/photo-accord-_c-transport-Senegal.jpg","datePublished":"2025-07-12T23:52:56+00:00","breadcrumb":{"@id":"https:\/\/lequotidien.mr\/?p=29158&lang=fr#breadcrumb"},"inLanguage":"ar","potentialAction":[{"@type":"ReadAction","target":["https:\/\/lequotidien.mr\/?p=29158&lang=fr"]}]},{"@type":"ImageObject","inLanguage":"ar","@id":"https:\/\/lequotidien.mr\/?p=29158&lang=fr#primaryimage","url":"https:\/\/lequotidien.mr\/wp-content\/uploads\/2025\/07\/photo-accord-_c-transport-Senegal.jpg","contentUrl":"https:\/\/lequotidien.mr\/wp-content\/uploads\/2025\/07\/photo-accord-_c-transport-Senegal.jpg","width":750,"height":430},{"@type":"BreadcrumbList","@id":"https:\/\/lequotidien.mr\/?p=29158&lang=fr#breadcrumb","itemListElement":[{"@type":"ListItem","position":1,"name":"Home","item":"https:\/\/lequotidien.mr\/"},{"@type":"ListItem","position":2,"name":"Rosso c\u00e9l\u00e8bre une nouvelle \u00e8re de libre circulation : L&rsquo;accord de transport routier de personnes et de marchandises Mauritanie-S\u00e9n\u00e9gal entre en vigueur"}]},{"@type":"WebSite","@id":"https:\/\/lequotidien.mr\/#website","url":"https:\/\/lequotidien.mr\/","name":"Le Quotidien de Nouakchott","description":"\u0625\u062e\u0628\u0627\u0631\u064a\u0629 \u0645\u0633\u062a\u0642\u0644\u0629 \u0644\u0644\u0623\u0646\u0628\u0627\u0621 \u0627\u0644\u0639\u0627\u0645\u0629","publisher":{"@id":"https:\/\/lequotidien.mr\/#organization"},"potentialAction":[{"@type":"SearchAction","target":{"@type":"EntryPoint","urlTemplate":"https:\/\/lequotidien.mr\/?s={search_term_string}"},"query-input":{"@type":"PropertyValueSpecification","valueRequired":true,"valueName":"search_term_string"}}],"inLanguage":"ar"},{"@type":"Organization","@id":"https:\/\/lequotidien.mr\/#organization","name":"Le Quotidien de Nouakchott","url":"https:\/\/lequotidien.mr\/","logo":{"@type":"ImageObject","inLanguage":"ar","@id":"https:\/\/lequotidien.mr\/#\/schema\/logo\/image\/","url":"https:\/\/lequotidien.mr\/wp-content\/uploads\/2022\/11\/logolequotidien.jpg","contentUrl":"https:\/\/lequotidien.mr\/wp-content\/uploads\/2022\/11\/logolequotidien.jpg","width":290,"height":65,"caption":"Le Quotidien de Nouakchott"},"image":{"@id":"https:\/\/lequotidien.mr\/#\/schema\/logo\/image\/"},"sameAs":["https:\/\/web.facebook.com\/lequotidienmr","https:\/\/x.com\/lequotidienmr"]},{"@type":"Person","@id":"https:\/\/lequotidien.mr\/#\/schema\/person\/d2d350202a4d599685ed8abc25f97596","name":"Med Ahmed","image":{"@type":"ImageObject","inLanguage":"ar","@id":"https:\/\/secure.gravatar.com\/avatar\/fd2acc62ed50732923d1d39c17172c9b04149f142be92310ecc69e1358f94b52?s=96&d=mm&r=g","url":"https:\/\/secure.gravatar.com\/avatar\/fd2acc62ed50732923d1d39c17172c9b04149f142be92310ecc69e1358f94b52?s=96&d=mm&r=g","contentUrl":"https:\/\/secure.gravatar.com\/avatar\/fd2acc62ed50732923d1d39c17172c9b04149f142be92310ecc69e1358f94b52?s=96&d=mm&r=g","caption":"Med Ahmed"},"url":"https:\/\/lequotidien.mr\/?author=12"}]}},"_links":{"self":[{"href":"https:\/\/lequotidien.mr\/index.php?rest_route=\/wp\/v2\/posts\/29158","targetHints":{"allow":["GET"]}}],"collection":[{"href":"https:\/\/lequotidien.mr\/index.php?rest_route=\/wp\/v2\/posts"}],"about":[{"href":"https:\/\/lequotidien.mr\/index.php?rest_route=\/wp\/v2\/types\/post"}],"author":[{"embeddable":true,"href":"https:\/\/lequotidien.mr\/index.php?rest_route=\/wp\/v2\/users\/12"}],"replies":[{"embeddable":true,"href":"https:\/\/lequotidien.mr\/index.php?rest_route=%2Fwp%2Fv2%2Fcomments&post=29158"}],"version-history":[{"count":1,"href":"https:\/\/lequotidien.mr\/index.php?rest_route=\/wp\/v2\/posts\/29158\/revisions"}],"predecessor-version":[{"id":29160,"href":"https:\/\/lequotidien.mr\/index.php?rest_route=\/wp\/v2\/posts\/29158\/revisions\/29160"}],"wp:featuredmedia":[{"embeddable":true,"href":"https:\/\/lequotidien.mr\/index.php?rest_route=\/wp\/v2\/media\/29159"}],"wp:attachment":[{"href":"https:\/\/lequotidien.mr\/index.php?rest_route=%2Fwp%2Fv2%2Fmedia&parent=29158"}],"wp:term":[{"taxonomy":"category","embeddable":true,"href":"https:\/\/lequotidien.mr\/index.php?rest_route=%2Fwp%2Fv2%2Fcategories&post=29158"},{"taxonomy":"post_tag","embeddable":true,"href":"https:\/\/lequotidien.mr\/index.php?rest_route=%2Fwp%2Fv2%2Ftags&post=29158"}],"curies":[{"name":"wp","href":"https:\/\/api.w.org\/{rel}","templated":true}]}}