{"id":29145,"date":"2025-07-12T16:08:56","date_gmt":"2025-07-12T16:08:56","guid":{"rendered":"https:\/\/lequotidien.mr\/?p=29145"},"modified":"2026-04-18T20:14:20","modified_gmt":"2026-04-18T20:14:20","slug":"interview-de-mohamed-moktabel-je-me-porte-candidat-a-la-presidence-de-lunion-africaine-de-karate-pour-operer-un-changement-qualitatif-le-maroc-connait-un-essor-sa","status":"publish","type":"post","link":"https:\/\/lequotidien.mr\/?p=29145&lang=fr","title":{"rendered":"Interview de Mohamed Moktabel : \u2018\u2019Je me porte candidat \u00e0 la pr\u00e9sidence de l\u2019Union Africaine de Karat\u00e9 pour op\u00e9rer un changement qualitatif\u2026 Le Maroc conna\u00eet un essor sans pr\u00e9c\u00e9dent dans ce sport\u2019\u2019"},"content":{"rendered":"<p>\u00c0 la lumi\u00e8re du d\u00e9veloppement que conna\u00eet le karat\u00e9 aux niveaux national et africain, et suite \u00e0 l\u2019annonce de sa candidature \u00e0 la pr\u00e9sidence de l\u2019Union Africaine de Karat\u00e9, Mohamed Moktabel (Photo), pr\u00e9sident de la F\u00e9d\u00e9ration Royale Marocaine de Karat\u00e9, revient sur les raisons de sa candidature, sa vision pour l\u2019avenir du karat\u00e9 continental, et les \u00e9tapes cl\u00e9s franchies par le karat\u00e9 marocain. Il aborde \u00e9galement les d\u00e9fis \u00e0 relever, les domaines \u00e0 d\u00e9velopper, notamment en ce qui concerne la jeunesse, les femmes, les infrastructures, et bien d\u2019autres sujets.<\/p>\n<p><strong>Voici l\u2019int\u00e9gralit\u00e9 de l\u2019entretien :<\/strong><\/p>\n<p><strong>Candidature \u00e0 la pr\u00e9sidence de l\u2019Union Africaine de Karat\u00e9 : objectifs et ambitions<\/strong><\/p>\n<p><strong>\u00a0<\/strong><strong>Qu\u2019est-ce qui vous a pouss\u00e9 \u00e0 vous porter candidat \u00e0 la pr\u00e9sidence de l\u2019Union Africaine de Karat\u00e9 ?<\/strong><\/p>\n<p><strong>\u00a0<\/strong>Ma candidature d\u00e9coule d\u2019une conviction profonde quant \u00e0 la capacit\u00e9 du continent africain \u00e0 devenir une force majeure dans le karat\u00e9 mondial. Mais cela n\u00e9cessite une nouvelle direction et une vision strat\u00e9gique unifi\u00e9e. Mon exp\u00e9rience longue en gestion sportive, tant au niveau national qu\u2019international, me qualifie pour porter ce projet avec efficacit\u00e9.<\/p>\n<p><strong>Quels sont les axes majeurs de votre programme \u00e9lectoral ?<\/strong><\/p>\n<p><strong>\u00a0<\/strong>Le programme repose sur trois priorit\u00e9s essentielles :<\/p>\n<ul>\n<li>D\u00e9veloppement des infrastructures et de la formation \u00e0 l\u2019\u00e9chelle du continent.<\/li>\n<li>Renforcement de la bonne gouvernance et de la transparence au sein de l\u2019Union.<\/li>\n<li>Ouverture \u00e0 des partenariats internationaux permettant l\u2019\u00e9change technique et intellectuel.<\/li>\n<\/ul>\n<p><strong>Qu\u2019est-ce qui vous distingue des autres candidats ?<\/strong><\/p>\n<p>Ma proximit\u00e9 avec les f\u00e9d\u00e9rations nationales, ma connaissance profonde des r\u00e9alit\u00e9s africaines, ainsi que ma large exp\u00e9rience dans les instances sportives me placent en position de conduire un v\u00e9ritable changement.<\/p>\n<p><strong>Votre candidature est-elle soutenue sur le continent ?<\/strong><\/p>\n<p>Oui, je b\u00e9n\u00e9ficie d\u2019un large soutien de plusieurs f\u00e9d\u00e9rations. Il y a un r\u00e9el optimisme quant \u00e0 la n\u00e9cessit\u00e9 de changement positif au sein de l\u2019Union. Nous sommes en dialogue constant avec les diff\u00e9rentes parties prenantes pour faire avancer cette dynamique.<\/p>\n<p><strong>Quelle est votre vision pour le d\u00e9veloppement du karat\u00e9 en Afrique ?<\/strong><\/p>\n<p>Nous visons \u00e0 rendre le continent plus comp\u00e9titif \u00e0 l\u2019\u00e9chelle mondiale, \u00e0 travers :<\/p>\n<ul>\n<li>Une intensification de la formation continue.<\/li>\n<li>L\u2019organisation r\u00e9guli\u00e8re de comp\u00e9titions continentales.<\/li>\n<li>Une plus grande inclusion des jeunes et des femmes.<\/li>\n<li>L\u2019adoption du digital dans la gestion et la communication.<\/li>\n<\/ul>\n<p><strong>Comment comptez-vous faire face aux in\u00e9galit\u00e9s entre les pays africains ?<\/strong><\/p>\n<p>Nous adopterons une logique de solidarit\u00e9 sportive, en apportant un soutien technique et logistique aux pays \u00e0 faibles moyens, et en lan\u00e7ant des programmes de formation r\u00e9gionaux communs.<\/p>\n<p><strong>Avez-vous une strat\u00e9gie pour renforcer la pr\u00e9sence africaine \u00e0 l\u2019\u00e9chelle mondiale ?<\/strong><\/p>\n<p>Oui, notamment en \u00e9levant le niveau des athl\u00e8tes et des entra\u00eeneurs, en participant activement aux comp\u00e9titions internationales, et en renfor\u00e7ant la place de l\u2019Union Africaine dans la structure mondiale du karat\u00e9.<\/p>\n<p><strong>Quel message souhaitez-vous adresser aux sportifs et dirigeants du continent ?<\/strong><\/p>\n<p>Mon message est clair : l\u2019avenir est entre nos mains. Travaillons ensemble, avec confiance et unit\u00e9, pour offrir au karat\u00e9 africain la place qu\u2019il m\u00e9rite.<\/p>\n<p><strong>Le karat\u00e9 Marocain : une progression remarquable malgr\u00e9 des d\u00e9fis persistants<\/strong><\/p>\n<p><strong>\u00a0<\/strong><strong>Comment \u00e9valuez-vous la situation du karat\u00e9 au Maroc ?<\/strong><\/p>\n<p>Le sport conna\u00eet une dynamique tr\u00e8s positive, notamment chez les jeunes. Nous disposons d\u2019une large base de pratiquants et enregistrons de tr\u00e8s bons r\u00e9sultats au niveau continental et mondial.<\/p>\n<p><strong>Quels sont les principaux d\u00e9fis au niveau national ?<\/strong><\/p>\n<ul>\n<li>Insuffisance des infrastructures dans certaines r\u00e9gions.<\/li>\n<li>Faiblesse des ressources financi\u00e8res de certains clubs.<\/li>\n<li>N\u00e9cessit\u00e9 de d\u00e9velopper la pratique dans les \u00e9coles et les zones rurales.<\/li>\n<\/ul>\n<p><strong>Qu\u2019en est-il de la formation des cadres ?<\/strong><\/p>\n<p>Nous formons des entra\u00eeneurs et arbitres selon des m\u00e9thodes modernes, via des acad\u00e9mies et des \u00e9coles r\u00e9gionales. Toutefois, nous voulons aller plus loin en int\u00e9grant la technologie et en renfor\u00e7ant la formation continue.<\/p>\n<p><strong>Les r\u00e9ussites internationales\u2026 et l\u2019\u00e9mergence de talents Marocains<\/strong><\/p>\n<p><strong>Quelles sont les r\u00e9centes r\u00e9alisations du Maroc ?<\/strong><\/p>\n<p>Nous avons d\u00e9croch\u00e9 des m\u00e9dailles dans des comp\u00e9titions arabes et africaines, avec des athl\u00e8tes marocains qui se sont distingu\u00e9s au niveau mondial comme Aya Ennassiri et Sa\u00efd Oubaya.<\/p>\n<p><strong>Comment vous pr\u00e9parez-vous aux grandes comp\u00e9titions ?<\/strong><\/p>\n<p>\u00c0 travers des stages nationaux et internationaux, l\u2019analyse des adversaires et la mise en place de plans tactiques pr\u00e9cis avec des entra\u00eeneurs de haut niveau.<\/p>\n<p><strong>Y a-t-il des talents prometteurs ?<\/strong><\/p>\n<p>Oui, nous avons de jeunes talents tr\u00e8s prometteurs sur lesquels nous misons pour repr\u00e9senter dignement le karat\u00e9 marocain au niveau mondial.<\/p>\n<p><strong>Infrastructures et formation : b\u00e2tir les champions de demain<\/strong><\/p>\n<p><strong>\u00a0<\/strong><strong>Quel est le r\u00f4le des acad\u00e9mies et \u00e9coles r\u00e9gionales ?<\/strong><\/p>\n<p><strong>\u00a0<\/strong>Elles sont un pilier essentiel pour d\u00e9tecter et d\u00e9velopper les talents \u00e0 travers des parcours de formations structur\u00e9s et supervis\u00e9s par des entra\u00eeneurs qualifi\u00e9s.<\/p>\n<p><strong>Le Maroc dispose-t-il d\u2019infrastructures suffisantes ?<\/strong><\/p>\n<p>La situation s\u2019am\u00e9liore, mais des carences subsistent dans certaines r\u00e9gions. Nous collaborons avec nos partenaires pour combler ces lacunes.<\/p>\n<p><strong>Existe-t-il des programmes pour la qualification des entra\u00eeneurs et arbitres ?<\/strong><\/p>\n<p>Oui, nous organisons r\u00e9guli\u00e8rement des stages nationaux et internationaux, en adoptant les derni\u00e8res m\u00e9thodes d\u2019enseignement et d\u2019arbitrage.<\/p>\n<p><strong>Relations internationales et ouverture sur l\u2019Afrique et le monde<\/strong><\/p>\n<p><strong>\u00a0<\/strong><strong>Quelle est la place du Maroc dans les instances internationales ?<\/strong><\/p>\n<p>Le Maroc jouit d\u2019une place respect\u00e9e au sein des f\u00e9d\u00e9rations internationale et africaine, avec une forte pr\u00e9sence dans les commissions techniques et organisationnelles.<\/p>\n<p><strong>Existe-t-il des partenariats internationaux ?<\/strong><\/p>\n<p>Oui, avec plusieurs f\u00e9d\u00e9rations d\u2019Europe et d\u2019Afrique. Ces partenariats portent sur la formation, les \u00e9changes d\u2019expertise et l\u2019organisation d\u2019\u00e9v\u00e9nements communs.<\/p>\n<p><strong>Quel r\u00f4le joue le Maroc dans le d\u00e9veloppement du karat\u00e9 en Afrique ?<\/strong><\/p>\n<p>Nous contribuons activement \u00e0 l\u2019organisation de comp\u00e9titions et de stages, et participons aux initiatives africaines pour \u00e9largir la base de pratiquants.<\/p>\n<p><strong>Femmes et jeunesse : piliers de l\u2019avenir du karat\u00e9<\/strong><\/p>\n<p><strong>Comment encouragez-vous la pratique chez les jeunes ?<\/strong><\/p>\n<p>Nous int\u00e9grons le karat\u00e9 dans les activit\u00e9s scolaires, menons des campagnes de sensibilisation et organisons des championnats locaux pour rep\u00e9rer les jeunes talents.<\/p>\n<p><strong>Qu\u2019en est-il de la participation f\u00e9minine ?<\/strong><\/p>\n<p>Elle est en nette progression. Nous avons lanc\u00e9 des programmes sp\u00e9cifiques pour les filles, incluant des ateliers de motivation et des comp\u00e9titions d\u00e9di\u00e9es.<\/p>\n<p><strong>Gouvernance et financement : pour une continuit\u00e9 durable<\/strong><\/p>\n<p><strong>Comment garantissez-vous la transparence au sein de la F\u00e9d\u00e9ration ?<\/strong><\/p>\n<p>Par des m\u00e9canismes clairs de gestion, un contr\u00f4le financier r\u00e9gulier effectu\u00e9 par des commissions sp\u00e9cialis\u00e9es, et la publication de rapports p\u00e9riodiques.<\/p>\n<p><strong>Comment accompagnez-vous les clubs techniquement et financi\u00e8rement ?<\/strong><\/p>\n<p>Gr\u00e2ce au soutien de l\u2019\u00c9tat et \u00e0 des partenariats priv\u00e9s, nous veillons \u00e0 une r\u00e9partition \u00e9quitable des aides, tout en assurant un encadrement technique constant.<\/p>\n<p><strong>Projets d\u2019avenir : une vision ambitieuse pour le karat\u00e9 marocain<\/strong><\/p>\n<p><strong>Quels sont les projets majeurs de la F\u00e9d\u00e9ration ?<\/strong><\/p>\n<p><strong>\u00a0&#8211;\u00a0 <\/strong>Renforcement des acad\u00e9mies r\u00e9gionales.<\/p>\n<p>&#8211; G\u00e9n\u00e9ralisation de la pratique du karat\u00e9 \u00e0 l\u2019\u00e9cole.<\/p>\n<p>&#8211; Accueil de grandes comp\u00e9titions internationales au Maroc.<\/p>\n<p><strong>Le karat\u00e9 peut-il devenir un sport populaire au Maroc ?<\/strong><\/p>\n<p>Absolument. Le soutien croissant des autorit\u00e9s et l\u2019int\u00e9r\u00eat grandissant des jeunes pour les valeurs de cette discipline en font un sport d\u2019avenir.<\/p>\n<p><strong>Soutien royal : un levier strat\u00e9gique<\/strong><\/p>\n<p><strong>Quel est l\u2019impact du soutien royal sur le d\u00e9veloppement du sport au Maroc et en Afrique ?<\/strong><\/p>\n<p>Le soutien de Sa Majest\u00e9 le Roi Mohammed VI, que Dieu le pr\u00e9serve, est un v\u00e9ritable levier pour le sport marocain. Gr\u00e2ce \u00e0 Sa vision, le sport est devenu un outil de d\u00e9veloppement et un espace de rayonnement national et international. Les initiatives royales envers l\u2019Afrique renforcent \u00e9galement la solidarit\u00e9 sportive et encouragent les \u00e9changes entre les pays africains, ce qui donne un \u00e9lan consid\u00e9rable \u00e0 nos projets.<\/p>\n<p><strong>Mot de la fin \u00e0 la jeunesse :<\/strong><\/p>\n<p>\u201cLe karat\u00e9 n\u2019est pas seulement une comp\u00e9tition, c\u2019est une \u00e9cole de valeurs et d\u2019\u00e9quilibre. Nous accueillons \u00e0 bras ouverts tous les jeunes ambitieux d\u00e9sireux de construire leur avenir dans ce noble sport.\u201d<\/p>\n<p>&nbsp;<\/p>\n<p>&nbsp;<\/p>\n<p>&nbsp;<\/p>\n","protected":false},"excerpt":{"rendered":"<p>\u00c0 la lumi\u00e8re du d\u00e9veloppement que conna\u00eet le karat\u00e9 aux niveaux national et africain, et suite \u00e0 l\u2019annonce de sa candidature \u00e0 la pr\u00e9sidence de l\u2019Union Africaine de Karat\u00e9, Mohamed Moktabel (Photo), pr\u00e9sident de la F\u00e9d\u00e9ration Royale Marocaine de Karat\u00e9, revient sur les raisons de sa candidature, sa vision pour l\u2019avenir du karat\u00e9 continental, et&#8230;..<\/p>\n","protected":false},"author":7,"featured_media":29146,"comment_status":"open","ping_status":"open","sticky":false,"template":"","format":"standard","meta":{"footnotes":""},"categories":[23,51,47],"tags":[],"class_list":["post-29145","post","type-post","status-publish","format-standard","has-post-thumbnail","hentry","category-actualite","category-sport","category-interviews"],"yoast_head":"<!-- This site is optimized with the Yoast SEO plugin v27.5 - https:\/\/yoast.com\/product\/yoast-seo-wordpress\/ -->\n<title>Interview de Mohamed Moktabel : \u2018\u2019Je me porte candidat \u00e0 la pr\u00e9sidence de l\u2019Union Africaine de Karat\u00e9 pour op\u00e9rer un changement qualitatif\u2026 Le Maroc conna\u00eet un essor sans pr\u00e9c\u00e9dent dans ce sport\u2019\u2019 - Le Quotidien de Nouakchott<\/title>\n<meta name=\"robots\" content=\"index, follow, max-snippet:-1, max-image-preview:large, max-video-preview:-1\" \/>\n<link rel=\"canonical\" href=\"https:\/\/lequotidien.mr\/?p=29145&lang=fr\" \/>\n<meta property=\"og:locale\" content=\"ar_AR\" \/>\n<meta property=\"og:type\" content=\"article\" \/>\n<meta property=\"og:title\" content=\"Interview de Mohamed Moktabel : \u2018\u2019Je me porte candidat \u00e0 la pr\u00e9sidence de l\u2019Union Africaine de Karat\u00e9 pour op\u00e9rer un changement qualitatif\u2026 Le Maroc conna\u00eet un essor sans pr\u00e9c\u00e9dent dans ce sport\u2019\u2019 - Le Quotidien de Nouakchott\" \/>\n<meta property=\"og:description\" content=\"\u00c0 la lumi\u00e8re du d\u00e9veloppement que conna\u00eet le karat\u00e9 aux niveaux national et africain, et suite \u00e0 l\u2019annonce de sa candidature \u00e0 la pr\u00e9sidence de l\u2019Union Africaine de Karat\u00e9, Mohamed Moktabel (Photo), pr\u00e9sident de la F\u00e9d\u00e9ration Royale Marocaine de Karat\u00e9, revient sur les raisons de sa candidature, sa vision pour l\u2019avenir du karat\u00e9 continental, et.....\" \/>\n<meta property=\"og:url\" content=\"https:\/\/lequotidien.mr\/?p=29145&amp;lang=fr\" \/>\n<meta property=\"og:site_name\" content=\"Le Quotidien de Nouakchott\" \/>\n<meta property=\"article:publisher\" content=\"https:\/\/web.facebook.com\/lequotidienmr\" \/>\n<meta property=\"article:published_time\" content=\"2025-07-12T16:08:56+00:00\" \/>\n<meta property=\"article:modified_time\" content=\"2026-04-18T20:14:20+00:00\" \/>\n<meta property=\"og:image\" content=\"https:\/\/lequotidien.mr\/wp-content\/uploads\/2025\/07\/MM.png\" \/>\n\t<meta property=\"og:image:width\" content=\"1190\" \/>\n\t<meta property=\"og:image:height\" content=\"1886\" \/>\n\t<meta property=\"og:image:type\" content=\"image\/png\" \/>\n<meta name=\"author\" content=\"Hachim El Yemani\" \/>\n<meta name=\"twitter:card\" content=\"summary_large_image\" \/>\n<meta name=\"twitter:creator\" content=\"@lequotidienmr\" \/>\n<meta name=\"twitter:site\" content=\"@lequotidienmr\" \/>\n<meta name=\"twitter:label1\" content=\"\u0643\u064f\u062a\u0628 \u0628\u0648\u0627\u0633\u0637\u0629\" \/>\n\t<meta name=\"twitter:data1\" content=\"Hachim El Yemani\" \/>\n\t<meta name=\"twitter:label2\" content=\"\u0648\u0642\u062a \u0627\u0644\u0642\u0631\u0627\u0621\u0629 \u0627\u0644\u0645\u064f\u0642\u062f\u0651\u0631\" \/>\n\t<meta name=\"twitter:data2\" content=\"10 \u062f\u0642\u0627\u0626\u0642\" \/>\n<script type=\"application\/ld+json\" class=\"yoast-schema-graph\">{\"@context\":\"https:\\\/\\\/schema.org\",\"@graph\":[{\"@type\":\"Article\",\"@id\":\"https:\\\/\\\/lequotidien.mr\\\/?p=29145&lang=fr#article\",\"isPartOf\":{\"@id\":\"https:\\\/\\\/lequotidien.mr\\\/?p=29145&lang=fr\"},\"author\":{\"name\":\"Hachim El Yemani\",\"@id\":\"https:\\\/\\\/lequotidien.mr\\\/#\\\/schema\\\/person\\\/084fc8a65780dd82fc2dc1b6606ccd93\"},\"headline\":\"Interview de Mohamed Moktabel : \u2018\u2019Je me porte candidat \u00e0 la pr\u00e9sidence de l\u2019Union Africaine de Karat\u00e9 pour op\u00e9rer un changement qualitatif\u2026 Le Maroc conna\u00eet un essor sans pr\u00e9c\u00e9dent dans ce sport\u2019\u2019\",\"datePublished\":\"2025-07-12T16:08:56+00:00\",\"dateModified\":\"2026-04-18T20:14:20+00:00\",\"mainEntityOfPage\":{\"@id\":\"https:\\\/\\\/lequotidien.mr\\\/?p=29145&lang=fr\"},\"wordCount\":1430,\"commentCount\":0,\"publisher\":{\"@id\":\"https:\\\/\\\/lequotidien.mr\\\/#organization\"},\"image\":{\"@id\":\"https:\\\/\\\/lequotidien.mr\\\/?p=29145&lang=fr#primaryimage\"},\"thumbnailUrl\":\"https:\\\/\\\/lequotidien.mr\\\/wp-content\\\/uploads\\\/2025\\\/07\\\/MM.png\",\"articleSection\":[\"ACTUALIT\u00c9\",\"SPORT\",\"Interviews\"],\"inLanguage\":\"ar\",\"potentialAction\":[{\"@type\":\"CommentAction\",\"name\":\"Comment\",\"target\":[\"https:\\\/\\\/lequotidien.mr\\\/?p=29145&lang=fr#respond\"]}]},{\"@type\":\"WebPage\",\"@id\":\"https:\\\/\\\/lequotidien.mr\\\/?p=29145&lang=fr\",\"url\":\"https:\\\/\\\/lequotidien.mr\\\/?p=29145&lang=fr\",\"name\":\"Interview de Mohamed Moktabel : \u2018\u2019Je me porte candidat \u00e0 la pr\u00e9sidence de l\u2019Union Africaine de Karat\u00e9 pour op\u00e9rer un changement qualitatif\u2026 Le Maroc conna\u00eet un essor sans pr\u00e9c\u00e9dent dans ce sport\u2019\u2019 - Le Quotidien de Nouakchott\",\"isPartOf\":{\"@id\":\"https:\\\/\\\/lequotidien.mr\\\/#website\"},\"primaryImageOfPage\":{\"@id\":\"https:\\\/\\\/lequotidien.mr\\\/?p=29145&lang=fr#primaryimage\"},\"image\":{\"@id\":\"https:\\\/\\\/lequotidien.mr\\\/?p=29145&lang=fr#primaryimage\"},\"thumbnailUrl\":\"https:\\\/\\\/lequotidien.mr\\\/wp-content\\\/uploads\\\/2025\\\/07\\\/MM.png\",\"datePublished\":\"2025-07-12T16:08:56+00:00\",\"dateModified\":\"2026-04-18T20:14:20+00:00\",\"breadcrumb\":{\"@id\":\"https:\\\/\\\/lequotidien.mr\\\/?p=29145&lang=fr#breadcrumb\"},\"inLanguage\":\"ar\",\"potentialAction\":[{\"@type\":\"ReadAction\",\"target\":[\"https:\\\/\\\/lequotidien.mr\\\/?p=29145&lang=fr\"]}]},{\"@type\":\"ImageObject\",\"inLanguage\":\"ar\",\"@id\":\"https:\\\/\\\/lequotidien.mr\\\/?p=29145&lang=fr#primaryimage\",\"url\":\"https:\\\/\\\/lequotidien.mr\\\/wp-content\\\/uploads\\\/2025\\\/07\\\/MM.png\",\"contentUrl\":\"https:\\\/\\\/lequotidien.mr\\\/wp-content\\\/uploads\\\/2025\\\/07\\\/MM.png\",\"width\":1190,\"height\":1886},{\"@type\":\"BreadcrumbList\",\"@id\":\"https:\\\/\\\/lequotidien.mr\\\/?p=29145&lang=fr#breadcrumb\",\"itemListElement\":[{\"@type\":\"ListItem\",\"position\":1,\"name\":\"Home\",\"item\":\"https:\\\/\\\/lequotidien.mr\\\/\"},{\"@type\":\"ListItem\",\"position\":2,\"name\":\"Interview de Mohamed Moktabel : \u2018\u2019Je me porte candidat \u00e0 la pr\u00e9sidence de l\u2019Union Africaine de Karat\u00e9 pour op\u00e9rer un changement qualitatif\u2026 Le Maroc conna\u00eet un essor sans pr\u00e9c\u00e9dent dans ce sport\u2019\u2019\"}]},{\"@type\":\"WebSite\",\"@id\":\"https:\\\/\\\/lequotidien.mr\\\/#website\",\"url\":\"https:\\\/\\\/lequotidien.mr\\\/\",\"name\":\"Le Quotidien de Nouakchott\",\"description\":\"\u0625\u062e\u0628\u0627\u0631\u064a\u0629 \u0645\u0633\u062a\u0642\u0644\u0629 \u0644\u0644\u0623\u0646\u0628\u0627\u0621 \u0627\u0644\u0639\u0627\u0645\u0629\",\"publisher\":{\"@id\":\"https:\\\/\\\/lequotidien.mr\\\/#organization\"},\"potentialAction\":[{\"@type\":\"SearchAction\",\"target\":{\"@type\":\"EntryPoint\",\"urlTemplate\":\"https:\\\/\\\/lequotidien.mr\\\/?s={search_term_string}\"},\"query-input\":{\"@type\":\"PropertyValueSpecification\",\"valueRequired\":true,\"valueName\":\"search_term_string\"}}],\"inLanguage\":\"ar\"},{\"@type\":\"Organization\",\"@id\":\"https:\\\/\\\/lequotidien.mr\\\/#organization\",\"name\":\"Le Quotidien de Nouakchott\",\"url\":\"https:\\\/\\\/lequotidien.mr\\\/\",\"logo\":{\"@type\":\"ImageObject\",\"inLanguage\":\"ar\",\"@id\":\"https:\\\/\\\/lequotidien.mr\\\/#\\\/schema\\\/logo\\\/image\\\/\",\"url\":\"https:\\\/\\\/lequotidien.mr\\\/wp-content\\\/uploads\\\/2022\\\/11\\\/logolequotidien.jpg\",\"contentUrl\":\"https:\\\/\\\/lequotidien.mr\\\/wp-content\\\/uploads\\\/2022\\\/11\\\/logolequotidien.jpg\",\"width\":290,\"height\":65,\"caption\":\"Le Quotidien de Nouakchott\"},\"image\":{\"@id\":\"https:\\\/\\\/lequotidien.mr\\\/#\\\/schema\\\/logo\\\/image\\\/\"},\"sameAs\":[\"https:\\\/\\\/web.facebook.com\\\/lequotidienmr\",\"https:\\\/\\\/x.com\\\/lequotidienmr\"]},{\"@type\":\"Person\",\"@id\":\"https:\\\/\\\/lequotidien.mr\\\/#\\\/schema\\\/person\\\/084fc8a65780dd82fc2dc1b6606ccd93\",\"name\":\"Hachim El Yemani\",\"image\":{\"@type\":\"ImageObject\",\"inLanguage\":\"ar\",\"@id\":\"https:\\\/\\\/secure.gravatar.com\\\/avatar\\\/d26186aaa5bf4c9f95183e2f6e441600872253143ebb24ebf40607e5f0b7ced0?s=96&d=mm&r=g\",\"url\":\"https:\\\/\\\/secure.gravatar.com\\\/avatar\\\/d26186aaa5bf4c9f95183e2f6e441600872253143ebb24ebf40607e5f0b7ced0?s=96&d=mm&r=g\",\"contentUrl\":\"https:\\\/\\\/secure.gravatar.com\\\/avatar\\\/d26186aaa5bf4c9f95183e2f6e441600872253143ebb24ebf40607e5f0b7ced0?s=96&d=mm&r=g\",\"caption\":\"Hachim El Yemani\"},\"sameAs\":[\"https:\\\/\\\/lequotidien.mr\\\/\"],\"url\":\"https:\\\/\\\/lequotidien.mr\\\/?author=7\"}]}<\/script>\n<!-- \/ Yoast SEO plugin. -->","yoast_head_json":{"title":"Interview de Mohamed Moktabel : \u2018\u2019Je me porte candidat \u00e0 la pr\u00e9sidence de l\u2019Union Africaine de Karat\u00e9 pour op\u00e9rer un changement qualitatif\u2026 Le Maroc conna\u00eet un essor sans pr\u00e9c\u00e9dent dans ce sport\u2019\u2019 - Le Quotidien de Nouakchott","robots":{"index":"index","follow":"follow","max-snippet":"max-snippet:-1","max-image-preview":"max-image-preview:large","max-video-preview":"max-video-preview:-1"},"canonical":"https:\/\/lequotidien.mr\/?p=29145&lang=fr","og_locale":"ar_AR","og_type":"article","og_title":"Interview de Mohamed Moktabel : \u2018\u2019Je me porte candidat \u00e0 la pr\u00e9sidence de l\u2019Union Africaine de Karat\u00e9 pour op\u00e9rer un changement qualitatif\u2026 Le Maroc conna\u00eet un essor sans pr\u00e9c\u00e9dent dans ce sport\u2019\u2019 - Le Quotidien de Nouakchott","og_description":"\u00c0 la lumi\u00e8re du d\u00e9veloppement que conna\u00eet le karat\u00e9 aux niveaux national et africain, et suite \u00e0 l\u2019annonce de sa candidature \u00e0 la pr\u00e9sidence de l\u2019Union Africaine de Karat\u00e9, Mohamed Moktabel (Photo), pr\u00e9sident de la F\u00e9d\u00e9ration Royale Marocaine de Karat\u00e9, revient sur les raisons de sa candidature, sa vision pour l\u2019avenir du karat\u00e9 continental, et.....","og_url":"https:\/\/lequotidien.mr\/?p=29145&lang=fr","og_site_name":"Le Quotidien de Nouakchott","article_publisher":"https:\/\/web.facebook.com\/lequotidienmr","article_published_time":"2025-07-12T16:08:56+00:00","article_modified_time":"2026-04-18T20:14:20+00:00","og_image":[{"width":1190,"height":1886,"url":"https:\/\/lequotidien.mr\/wp-content\/uploads\/2025\/07\/MM.png","type":"image\/png"}],"author":"Hachim El Yemani","twitter_card":"summary_large_image","twitter_creator":"@lequotidienmr","twitter_site":"@lequotidienmr","twitter_misc":{"\u0643\u064f\u062a\u0628 \u0628\u0648\u0627\u0633\u0637\u0629":"Hachim El Yemani","\u0648\u0642\u062a \u0627\u0644\u0642\u0631\u0627\u0621\u0629 \u0627\u0644\u0645\u064f\u0642\u062f\u0651\u0631":"10 \u062f\u0642\u0627\u0626\u0642"},"schema":{"@context":"https:\/\/schema.org","@graph":[{"@type":"Article","@id":"https:\/\/lequotidien.mr\/?p=29145&lang=fr#article","isPartOf":{"@id":"https:\/\/lequotidien.mr\/?p=29145&lang=fr"},"author":{"name":"Hachim El Yemani","@id":"https:\/\/lequotidien.mr\/#\/schema\/person\/084fc8a65780dd82fc2dc1b6606ccd93"},"headline":"Interview de Mohamed Moktabel : \u2018\u2019Je me porte candidat \u00e0 la pr\u00e9sidence de l\u2019Union Africaine de Karat\u00e9 pour op\u00e9rer un changement qualitatif\u2026 Le Maroc conna\u00eet un essor sans pr\u00e9c\u00e9dent dans ce sport\u2019\u2019","datePublished":"2025-07-12T16:08:56+00:00","dateModified":"2026-04-18T20:14:20+00:00","mainEntityOfPage":{"@id":"https:\/\/lequotidien.mr\/?p=29145&lang=fr"},"wordCount":1430,"commentCount":0,"publisher":{"@id":"https:\/\/lequotidien.mr\/#organization"},"image":{"@id":"https:\/\/lequotidien.mr\/?p=29145&lang=fr#primaryimage"},"thumbnailUrl":"https:\/\/lequotidien.mr\/wp-content\/uploads\/2025\/07\/MM.png","articleSection":["ACTUALIT\u00c9","SPORT","Interviews"],"inLanguage":"ar","potentialAction":[{"@type":"CommentAction","name":"Comment","target":["https:\/\/lequotidien.mr\/?p=29145&lang=fr#respond"]}]},{"@type":"WebPage","@id":"https:\/\/lequotidien.mr\/?p=29145&lang=fr","url":"https:\/\/lequotidien.mr\/?p=29145&lang=fr","name":"Interview de Mohamed Moktabel : \u2018\u2019Je me porte candidat \u00e0 la pr\u00e9sidence de l\u2019Union Africaine de Karat\u00e9 pour op\u00e9rer un changement qualitatif\u2026 Le Maroc conna\u00eet un essor sans pr\u00e9c\u00e9dent dans ce sport\u2019\u2019 - Le Quotidien de Nouakchott","isPartOf":{"@id":"https:\/\/lequotidien.mr\/#website"},"primaryImageOfPage":{"@id":"https:\/\/lequotidien.mr\/?p=29145&lang=fr#primaryimage"},"image":{"@id":"https:\/\/lequotidien.mr\/?p=29145&lang=fr#primaryimage"},"thumbnailUrl":"https:\/\/lequotidien.mr\/wp-content\/uploads\/2025\/07\/MM.png","datePublished":"2025-07-12T16:08:56+00:00","dateModified":"2026-04-18T20:14:20+00:00","breadcrumb":{"@id":"https:\/\/lequotidien.mr\/?p=29145&lang=fr#breadcrumb"},"inLanguage":"ar","potentialAction":[{"@type":"ReadAction","target":["https:\/\/lequotidien.mr\/?p=29145&lang=fr"]}]},{"@type":"ImageObject","inLanguage":"ar","@id":"https:\/\/lequotidien.mr\/?p=29145&lang=fr#primaryimage","url":"https:\/\/lequotidien.mr\/wp-content\/uploads\/2025\/07\/MM.png","contentUrl":"https:\/\/lequotidien.mr\/wp-content\/uploads\/2025\/07\/MM.png","width":1190,"height":1886},{"@type":"BreadcrumbList","@id":"https:\/\/lequotidien.mr\/?p=29145&lang=fr#breadcrumb","itemListElement":[{"@type":"ListItem","position":1,"name":"Home","item":"https:\/\/lequotidien.mr\/"},{"@type":"ListItem","position":2,"name":"Interview de Mohamed Moktabel : \u2018\u2019Je me porte candidat \u00e0 la pr\u00e9sidence de l\u2019Union Africaine de Karat\u00e9 pour op\u00e9rer un changement qualitatif\u2026 Le Maroc conna\u00eet un essor sans pr\u00e9c\u00e9dent dans ce sport\u2019\u2019"}]},{"@type":"WebSite","@id":"https:\/\/lequotidien.mr\/#website","url":"https:\/\/lequotidien.mr\/","name":"Le Quotidien de Nouakchott","description":"\u0625\u062e\u0628\u0627\u0631\u064a\u0629 \u0645\u0633\u062a\u0642\u0644\u0629 \u0644\u0644\u0623\u0646\u0628\u0627\u0621 \u0627\u0644\u0639\u0627\u0645\u0629","publisher":{"@id":"https:\/\/lequotidien.mr\/#organization"},"potentialAction":[{"@type":"SearchAction","target":{"@type":"EntryPoint","urlTemplate":"https:\/\/lequotidien.mr\/?s={search_term_string}"},"query-input":{"@type":"PropertyValueSpecification","valueRequired":true,"valueName":"search_term_string"}}],"inLanguage":"ar"},{"@type":"Organization","@id":"https:\/\/lequotidien.mr\/#organization","name":"Le Quotidien de Nouakchott","url":"https:\/\/lequotidien.mr\/","logo":{"@type":"ImageObject","inLanguage":"ar","@id":"https:\/\/lequotidien.mr\/#\/schema\/logo\/image\/","url":"https:\/\/lequotidien.mr\/wp-content\/uploads\/2022\/11\/logolequotidien.jpg","contentUrl":"https:\/\/lequotidien.mr\/wp-content\/uploads\/2022\/11\/logolequotidien.jpg","width":290,"height":65,"caption":"Le Quotidien de Nouakchott"},"image":{"@id":"https:\/\/lequotidien.mr\/#\/schema\/logo\/image\/"},"sameAs":["https:\/\/web.facebook.com\/lequotidienmr","https:\/\/x.com\/lequotidienmr"]},{"@type":"Person","@id":"https:\/\/lequotidien.mr\/#\/schema\/person\/084fc8a65780dd82fc2dc1b6606ccd93","name":"Hachim El Yemani","image":{"@type":"ImageObject","inLanguage":"ar","@id":"https:\/\/secure.gravatar.com\/avatar\/d26186aaa5bf4c9f95183e2f6e441600872253143ebb24ebf40607e5f0b7ced0?s=96&d=mm&r=g","url":"https:\/\/secure.gravatar.com\/avatar\/d26186aaa5bf4c9f95183e2f6e441600872253143ebb24ebf40607e5f0b7ced0?s=96&d=mm&r=g","contentUrl":"https:\/\/secure.gravatar.com\/avatar\/d26186aaa5bf4c9f95183e2f6e441600872253143ebb24ebf40607e5f0b7ced0?s=96&d=mm&r=g","caption":"Hachim El Yemani"},"sameAs":["https:\/\/lequotidien.mr\/"],"url":"https:\/\/lequotidien.mr\/?author=7"}]}},"_links":{"self":[{"href":"https:\/\/lequotidien.mr\/index.php?rest_route=\/wp\/v2\/posts\/29145","targetHints":{"allow":["GET"]}}],"collection":[{"href":"https:\/\/lequotidien.mr\/index.php?rest_route=\/wp\/v2\/posts"}],"about":[{"href":"https:\/\/lequotidien.mr\/index.php?rest_route=\/wp\/v2\/types\/post"}],"author":[{"embeddable":true,"href":"https:\/\/lequotidien.mr\/index.php?rest_route=\/wp\/v2\/users\/7"}],"replies":[{"embeddable":true,"href":"https:\/\/lequotidien.mr\/index.php?rest_route=%2Fwp%2Fv2%2Fcomments&post=29145"}],"version-history":[{"count":1,"href":"https:\/\/lequotidien.mr\/index.php?rest_route=\/wp\/v2\/posts\/29145\/revisions"}],"predecessor-version":[{"id":29147,"href":"https:\/\/lequotidien.mr\/index.php?rest_route=\/wp\/v2\/posts\/29145\/revisions\/29147"}],"wp:featuredmedia":[{"embeddable":true,"href":"https:\/\/lequotidien.mr\/index.php?rest_route=\/wp\/v2\/media\/29146"}],"wp:attachment":[{"href":"https:\/\/lequotidien.mr\/index.php?rest_route=%2Fwp%2Fv2%2Fmedia&parent=29145"}],"wp:term":[{"taxonomy":"category","embeddable":true,"href":"https:\/\/lequotidien.mr\/index.php?rest_route=%2Fwp%2Fv2%2Fcategories&post=29145"},{"taxonomy":"post_tag","embeddable":true,"href":"https:\/\/lequotidien.mr\/index.php?rest_route=%2Fwp%2Fv2%2Ftags&post=29145"}],"curies":[{"name":"wp","href":"https:\/\/api.w.org\/{rel}","templated":true}]}}