{"id":29126,"date":"2025-07-11T23:43:09","date_gmt":"2025-07-11T23:43:09","guid":{"rendered":"https:\/\/lequotidien.mr\/?p=29126"},"modified":"2025-07-11T23:43:09","modified_gmt":"2025-07-11T23:43:09","slug":"made-in-mauritania-lexplosion-des-talents-locaux-illumine-nouakchott","status":"publish","type":"post","link":"https:\/\/lequotidien.mr\/?p=29126&lang=fr","title":{"rendered":"Made in Mauritania : L&#8217;explosion des talents locaux illumine Nouakchott"},"content":{"rendered":"<p>La capitale mauritanienne vibre au rythme du g\u00e9nie national. Ce vendredi matin, sous l&#8217;impulsion de la R\u00e9gion de Nouakchott et de l&#8217;\u00e9quipe &#8220;Made in Mauritania&#8221;, s&#8217;est ouverte la premi\u00e8re\u00a0<strong>Exposition Nationale des Industries Locales<\/strong>. Plac\u00e9e sous le th\u00e8me \u00e9vocateur\u00a0<strong>&#8220;Cr\u00e9ativit\u00e9 et promotion des talents locaux&#8221;<\/strong>, cette foire ambitieuse transforme pour deux jours un espace de la ville en vitrine \u00e9clatante du savoir-faire mauritanien.<\/p>\n<p><strong>Une vitrine pour l&#8217;avenir \u00e9conomique<\/strong><\/p>\n<p>Plus qu&#8217;un simple salon, l&#8217;exposition se fixe des objectifs strat\u00e9giques :<\/p>\n<p><strong>-Encourager l&#8217;engagement entrepreneurial<\/strong>\u00a0des jeunes et des femmes\u00a0;<\/p>\n<p><strong>-C\u00e9l\u00e9brer la richesse, la diversit\u00e9 et la cr\u00e9ativit\u00e9<\/strong>\u00a0du patrimoine et du g\u00e9nie mauritaniens\u00a0;<\/p>\n<p><strong>-Mettre en lumi\u00e8re les expertises locales<\/strong>\u00a0souvent m\u00e9connues\u00a0;<\/p>\n<p><strong>-Renforcer la consommation locale<\/strong>\u00a0en valorisant et en promouvant la production nationale.<\/p>\n<p>Cette initiative s&#8217;inscrit directement dans les priorit\u00e9s du\u00a0<strong>programme pr\u00e9sidentiel &#8220;Mon ambition pour la patrie&#8221;<\/strong>, comme l&#8217;a soulign\u00e9 avec force la Vice-Pr\u00e9sidente de la R\u00e9gion de Nouakchott,\u00a0<strong>Mme Hawa Sidib\u00e9<\/strong>, dans son discours inaugural : &#8220;Cette exposition est un outil de mise en \u0153uvre de la vision du Pr\u00e9sident de la R\u00e9publique, Son Excellence M. Mohamed Cheikh El Ghazouani, qui place au c\u0153ur de son action la\u00a0<strong>promotion de l&#8217;emploi, l&#8217;autonomisation \u00e9conomique des jeunes et des femmes, et le renforcement des initiatives nationales<\/strong>&#8220;. Elle y voit une &#8220;plateforme d&#8217;expression, de visibilit\u00e9 et de croissance&#8221; et un &#8220;levier pour l&#8217;\u00e9conomie locale, l&#8217;innovation, l&#8217;entrepreneuriat et l&#8217;inclusion&#8221;.<\/p>\n<p><strong>Le f\u00e9minin au c\u0153ur de la cr\u00e9ation<\/strong><\/p>\n<p>Un chiffre marquant symbolise l&#8217;\u00e9v\u00e9nement :\u00a0<strong>80% des producteurs exposants sont des femmes<\/strong>. Cette \u00e9crasante majorit\u00e9 t\u00e9moigne du r\u00f4le moteur des Mauritaniennes dans la dynamique entrepreneuriale locale. Les stands foisonnent de produits 100% mauritaniens, refl\u00e9tant la diversit\u00e9 des talents : des\u00a0<strong>saveurs authentiques des produits alimentaires<\/strong>\u00a0locaux aux\u00a0<strong>textures et motifs des v\u00eatements<\/strong>\u00a0traditionnels et contemporains, en passant par la\u00a0<strong>finesse des bijoux<\/strong>, l&#8217;<strong>innovation des cosm\u00e9tiques<\/strong>\u00a0\u00e0 base de ressources naturelles, et l&#8217;<strong>utilit\u00e9 des ustensiles du quotidien<\/strong>. Chaque objet raconte une histoire, une expertise, une passion.<\/p>\n<p><strong>R\u00e9pondre \u00e0 un besoin crucial<\/strong><\/p>\n<p><strong>Mme Metou Ly<\/strong>, Pr\u00e9sidente de l&#8217;exposition, a exprim\u00e9 sa profonde gratitude \u00e0 la R\u00e9gion de Nouakchott pour son soutien d\u00e9terminant. Elle a rappel\u00e9 l&#8217;essence m\u00eame de l&#8217;\u00e9v\u00e9nement : &#8220;L&#8217;exposition est n\u00e9e d&#8217;un d\u00e9sir clair et d&#8217;une conviction profonde : en Mauritanie, nous poss\u00e9dons\u00a0<strong>des talents, des id\u00e9es, un patrimoine vibrant et une jeunesse pleine d&#8217;ambition et de cr\u00e9ativit\u00e9<\/strong>. Mais souvent, ces forces vitales manquent de reconnaissance, de soutien et d&#8217;opportunit\u00e9s concr\u00e8tes.&#8221; &#8220;Made in Mauritania&#8221; se veut donc la r\u00e9ponse \u00e0 ce manque, offrant &#8220;cet espace aux designers pour mettre en valeur leurs expertises, encourager l&#8217;entrepreneuriat local, et rassembler tous ceux qui innovent, cr\u00e9ent, produisent et r\u00eavent avec ambition pour leur pays&#8221;.<\/p>\n<p>Cette premi\u00e8re \u00e9dition de l&#8217;exposition &#8220;Made in Mauritania&#8221; est bien plus qu&#8217;un \u00e9v\u00e9nement commercial. C&#8217;est une\u00a0<strong>d\u00e9claration d&#8217;amour aux produits locaux<\/strong>, une\u00a0<strong>reconnaissance des artisans et cr\u00e9ateurs<\/strong>, et un\u00a0<strong>signal fort<\/strong>\u00a0envoy\u00e9 aux consommateurs sur le potentiel \u00e9conomique endog\u00e8ne de la Mauritanie. Elle incarne la pulsation d&#8217;une \u00e9conomie locale en pleine \u00e9mergence, fi\u00e8re de ses racines et r\u00e9solument tourn\u00e9e vers l&#8217;avenir, port\u00e9e par l&#8217;\u00e9nergie de sa jeunesse et de ses femmes.<\/p>\n","protected":false},"excerpt":{"rendered":"<p>La capitale mauritanienne vibre au rythme du g\u00e9nie national. Ce vendredi matin, sous l&#8217;impulsion de la R\u00e9gion de Nouakchott et de l&#8217;\u00e9quipe &#8220;Made in Mauritania&#8221;, s&#8217;est ouverte la premi\u00e8re\u00a0Exposition Nationale des Industries Locales. Plac\u00e9e sous le th\u00e8me \u00e9vocateur\u00a0&#8220;Cr\u00e9ativit\u00e9 et promotion des talents locaux&#8221;, cette foire ambitieuse transforme pour deux jours un espace de la ville&#8230;..<\/p>\n","protected":false},"author":12,"featured_media":29127,"comment_status":"open","ping_status":"open","sticky":false,"template":"","format":"standard","meta":{"footnotes":""},"categories":[23,49],"tags":[],"class_list":["post-29126","post","type-post","status-publish","format-standard","has-post-thumbnail","hentry","category-actualite","category-economie"],"yoast_head":"<!-- This site is optimized with the Yoast SEO plugin v27.5 - https:\/\/yoast.com\/product\/yoast-seo-wordpress\/ -->\n<title>Made in Mauritania : L&#039;explosion des talents locaux illumine Nouakchott - Le Quotidien de Nouakchott<\/title>\n<meta name=\"robots\" content=\"index, follow, max-snippet:-1, max-image-preview:large, max-video-preview:-1\" \/>\n<link rel=\"canonical\" href=\"https:\/\/lequotidien.mr\/?p=29126&lang=fr\" \/>\n<meta property=\"og:locale\" content=\"ar_AR\" \/>\n<meta property=\"og:type\" content=\"article\" \/>\n<meta property=\"og:title\" content=\"Made in Mauritania : L&#039;explosion des talents locaux illumine Nouakchott - Le Quotidien de Nouakchott\" \/>\n<meta property=\"og:description\" content=\"La capitale mauritanienne vibre au rythme du g\u00e9nie national. Ce vendredi matin, sous l&#8217;impulsion de la R\u00e9gion de Nouakchott et de l&#8217;\u00e9quipe &#8220;Made in Mauritania&#8221;, s&#8217;est ouverte la premi\u00e8re\u00a0Exposition Nationale des Industries Locales. Plac\u00e9e sous le th\u00e8me \u00e9vocateur\u00a0&#8220;Cr\u00e9ativit\u00e9 et promotion des talents locaux&#8221;, cette foire ambitieuse transforme pour deux jours un espace de la ville.....\" \/>\n<meta property=\"og:url\" content=\"https:\/\/lequotidien.mr\/?p=29126&amp;lang=fr\" \/>\n<meta property=\"og:site_name\" content=\"Le Quotidien de Nouakchott\" \/>\n<meta property=\"article:publisher\" content=\"https:\/\/web.facebook.com\/lequotidienmr\" \/>\n<meta property=\"article:published_time\" content=\"2025-07-11T23:43:09+00:00\" \/>\n<meta property=\"og:image\" content=\"https:\/\/lequotidien.mr\/wp-content\/uploads\/2025\/07\/photo-expo-instries-locales.jpg\" \/>\n\t<meta property=\"og:image:width\" content=\"750\" \/>\n\t<meta property=\"og:image:height\" content=\"430\" \/>\n\t<meta property=\"og:image:type\" content=\"image\/jpeg\" \/>\n<meta name=\"author\" content=\"Med Ahmed\" \/>\n<meta name=\"twitter:card\" content=\"summary_large_image\" \/>\n<meta name=\"twitter:creator\" content=\"@lequotidienmr\" \/>\n<meta name=\"twitter:site\" content=\"@lequotidienmr\" \/>\n<meta name=\"twitter:label1\" content=\"\u0643\u064f\u062a\u0628 \u0628\u0648\u0627\u0633\u0637\u0629\" \/>\n\t<meta name=\"twitter:data1\" content=\"Med Ahmed\" \/>\n\t<meta name=\"twitter:label2\" content=\"\u0648\u0642\u062a \u0627\u0644\u0642\u0631\u0627\u0621\u0629 \u0627\u0644\u0645\u064f\u0642\u062f\u0651\u0631\" \/>\n\t<meta name=\"twitter:data2\" content=\"4 \u062f\u0642\u0627\u0626\u0642\" \/>\n<script type=\"application\/ld+json\" class=\"yoast-schema-graph\">{\"@context\":\"https:\\\/\\\/schema.org\",\"@graph\":[{\"@type\":\"Article\",\"@id\":\"https:\\\/\\\/lequotidien.mr\\\/?p=29126&lang=fr#article\",\"isPartOf\":{\"@id\":\"https:\\\/\\\/lequotidien.mr\\\/?p=29126&lang=fr\"},\"author\":{\"name\":\"Med Ahmed\",\"@id\":\"https:\\\/\\\/lequotidien.mr\\\/#\\\/schema\\\/person\\\/d2d350202a4d599685ed8abc25f97596\"},\"headline\":\"Made in Mauritania : L&#8217;explosion des talents locaux illumine Nouakchott\",\"datePublished\":\"2025-07-11T23:43:09+00:00\",\"mainEntityOfPage\":{\"@id\":\"https:\\\/\\\/lequotidien.mr\\\/?p=29126&lang=fr\"},\"wordCount\":592,\"commentCount\":0,\"publisher\":{\"@id\":\"https:\\\/\\\/lequotidien.mr\\\/#organization\"},\"image\":{\"@id\":\"https:\\\/\\\/lequotidien.mr\\\/?p=29126&lang=fr#primaryimage\"},\"thumbnailUrl\":\"https:\\\/\\\/lequotidien.mr\\\/wp-content\\\/uploads\\\/2025\\\/07\\\/photo-expo-instries-locales.jpg\",\"articleSection\":[\"ACTUALIT\u00c9\",\"Economie\"],\"inLanguage\":\"ar\",\"potentialAction\":[{\"@type\":\"CommentAction\",\"name\":\"Comment\",\"target\":[\"https:\\\/\\\/lequotidien.mr\\\/?p=29126&lang=fr#respond\"]}]},{\"@type\":\"WebPage\",\"@id\":\"https:\\\/\\\/lequotidien.mr\\\/?p=29126&lang=fr\",\"url\":\"https:\\\/\\\/lequotidien.mr\\\/?p=29126&lang=fr\",\"name\":\"Made in Mauritania : L'explosion des talents locaux illumine Nouakchott - Le Quotidien de Nouakchott\",\"isPartOf\":{\"@id\":\"https:\\\/\\\/lequotidien.mr\\\/#website\"},\"primaryImageOfPage\":{\"@id\":\"https:\\\/\\\/lequotidien.mr\\\/?p=29126&lang=fr#primaryimage\"},\"image\":{\"@id\":\"https:\\\/\\\/lequotidien.mr\\\/?p=29126&lang=fr#primaryimage\"},\"thumbnailUrl\":\"https:\\\/\\\/lequotidien.mr\\\/wp-content\\\/uploads\\\/2025\\\/07\\\/photo-expo-instries-locales.jpg\",\"datePublished\":\"2025-07-11T23:43:09+00:00\",\"breadcrumb\":{\"@id\":\"https:\\\/\\\/lequotidien.mr\\\/?p=29126&lang=fr#breadcrumb\"},\"inLanguage\":\"ar\",\"potentialAction\":[{\"@type\":\"ReadAction\",\"target\":[\"https:\\\/\\\/lequotidien.mr\\\/?p=29126&lang=fr\"]}]},{\"@type\":\"ImageObject\",\"inLanguage\":\"ar\",\"@id\":\"https:\\\/\\\/lequotidien.mr\\\/?p=29126&lang=fr#primaryimage\",\"url\":\"https:\\\/\\\/lequotidien.mr\\\/wp-content\\\/uploads\\\/2025\\\/07\\\/photo-expo-instries-locales.jpg\",\"contentUrl\":\"https:\\\/\\\/lequotidien.mr\\\/wp-content\\\/uploads\\\/2025\\\/07\\\/photo-expo-instries-locales.jpg\",\"width\":750,\"height\":430},{\"@type\":\"BreadcrumbList\",\"@id\":\"https:\\\/\\\/lequotidien.mr\\\/?p=29126&lang=fr#breadcrumb\",\"itemListElement\":[{\"@type\":\"ListItem\",\"position\":1,\"name\":\"Home\",\"item\":\"https:\\\/\\\/lequotidien.mr\\\/\"},{\"@type\":\"ListItem\",\"position\":2,\"name\":\"Made in Mauritania : L&rsquo;explosion des talents locaux illumine Nouakchott\"}]},{\"@type\":\"WebSite\",\"@id\":\"https:\\\/\\\/lequotidien.mr\\\/#website\",\"url\":\"https:\\\/\\\/lequotidien.mr\\\/\",\"name\":\"Le Quotidien de Nouakchott\",\"description\":\"\u0625\u062e\u0628\u0627\u0631\u064a\u0629 \u0645\u0633\u062a\u0642\u0644\u0629 \u0644\u0644\u0623\u0646\u0628\u0627\u0621 \u0627\u0644\u0639\u0627\u0645\u0629\",\"publisher\":{\"@id\":\"https:\\\/\\\/lequotidien.mr\\\/#organization\"},\"potentialAction\":[{\"@type\":\"SearchAction\",\"target\":{\"@type\":\"EntryPoint\",\"urlTemplate\":\"https:\\\/\\\/lequotidien.mr\\\/?s={search_term_string}\"},\"query-input\":{\"@type\":\"PropertyValueSpecification\",\"valueRequired\":true,\"valueName\":\"search_term_string\"}}],\"inLanguage\":\"ar\"},{\"@type\":\"Organization\",\"@id\":\"https:\\\/\\\/lequotidien.mr\\\/#organization\",\"name\":\"Le Quotidien de Nouakchott\",\"url\":\"https:\\\/\\\/lequotidien.mr\\\/\",\"logo\":{\"@type\":\"ImageObject\",\"inLanguage\":\"ar\",\"@id\":\"https:\\\/\\\/lequotidien.mr\\\/#\\\/schema\\\/logo\\\/image\\\/\",\"url\":\"https:\\\/\\\/lequotidien.mr\\\/wp-content\\\/uploads\\\/2022\\\/11\\\/logolequotidien.jpg\",\"contentUrl\":\"https:\\\/\\\/lequotidien.mr\\\/wp-content\\\/uploads\\\/2022\\\/11\\\/logolequotidien.jpg\",\"width\":290,\"height\":65,\"caption\":\"Le Quotidien de Nouakchott\"},\"image\":{\"@id\":\"https:\\\/\\\/lequotidien.mr\\\/#\\\/schema\\\/logo\\\/image\\\/\"},\"sameAs\":[\"https:\\\/\\\/web.facebook.com\\\/lequotidienmr\",\"https:\\\/\\\/x.com\\\/lequotidienmr\"]},{\"@type\":\"Person\",\"@id\":\"https:\\\/\\\/lequotidien.mr\\\/#\\\/schema\\\/person\\\/d2d350202a4d599685ed8abc25f97596\",\"name\":\"Med Ahmed\",\"image\":{\"@type\":\"ImageObject\",\"inLanguage\":\"ar\",\"@id\":\"https:\\\/\\\/secure.gravatar.com\\\/avatar\\\/fd2acc62ed50732923d1d39c17172c9b04149f142be92310ecc69e1358f94b52?s=96&d=mm&r=g\",\"url\":\"https:\\\/\\\/secure.gravatar.com\\\/avatar\\\/fd2acc62ed50732923d1d39c17172c9b04149f142be92310ecc69e1358f94b52?s=96&d=mm&r=g\",\"contentUrl\":\"https:\\\/\\\/secure.gravatar.com\\\/avatar\\\/fd2acc62ed50732923d1d39c17172c9b04149f142be92310ecc69e1358f94b52?s=96&d=mm&r=g\",\"caption\":\"Med Ahmed\"},\"url\":\"https:\\\/\\\/lequotidien.mr\\\/?author=12\"}]}<\/script>\n<!-- \/ Yoast SEO plugin. -->","yoast_head_json":{"title":"Made in Mauritania : L'explosion des talents locaux illumine Nouakchott - Le Quotidien de Nouakchott","robots":{"index":"index","follow":"follow","max-snippet":"max-snippet:-1","max-image-preview":"max-image-preview:large","max-video-preview":"max-video-preview:-1"},"canonical":"https:\/\/lequotidien.mr\/?p=29126&lang=fr","og_locale":"ar_AR","og_type":"article","og_title":"Made in Mauritania : L'explosion des talents locaux illumine Nouakchott - Le Quotidien de Nouakchott","og_description":"La capitale mauritanienne vibre au rythme du g\u00e9nie national. Ce vendredi matin, sous l&#8217;impulsion de la R\u00e9gion de Nouakchott et de l&#8217;\u00e9quipe &#8220;Made in Mauritania&#8221;, s&#8217;est ouverte la premi\u00e8re\u00a0Exposition Nationale des Industries Locales. Plac\u00e9e sous le th\u00e8me \u00e9vocateur\u00a0&#8220;Cr\u00e9ativit\u00e9 et promotion des talents locaux&#8221;, cette foire ambitieuse transforme pour deux jours un espace de la ville.....","og_url":"https:\/\/lequotidien.mr\/?p=29126&lang=fr","og_site_name":"Le Quotidien de Nouakchott","article_publisher":"https:\/\/web.facebook.com\/lequotidienmr","article_published_time":"2025-07-11T23:43:09+00:00","og_image":[{"width":750,"height":430,"url":"https:\/\/lequotidien.mr\/wp-content\/uploads\/2025\/07\/photo-expo-instries-locales.jpg","type":"image\/jpeg"}],"author":"Med Ahmed","twitter_card":"summary_large_image","twitter_creator":"@lequotidienmr","twitter_site":"@lequotidienmr","twitter_misc":{"\u0643\u064f\u062a\u0628 \u0628\u0648\u0627\u0633\u0637\u0629":"Med Ahmed","\u0648\u0642\u062a \u0627\u0644\u0642\u0631\u0627\u0621\u0629 \u0627\u0644\u0645\u064f\u0642\u062f\u0651\u0631":"4 \u062f\u0642\u0627\u0626\u0642"},"schema":{"@context":"https:\/\/schema.org","@graph":[{"@type":"Article","@id":"https:\/\/lequotidien.mr\/?p=29126&lang=fr#article","isPartOf":{"@id":"https:\/\/lequotidien.mr\/?p=29126&lang=fr"},"author":{"name":"Med Ahmed","@id":"https:\/\/lequotidien.mr\/#\/schema\/person\/d2d350202a4d599685ed8abc25f97596"},"headline":"Made in Mauritania : L&#8217;explosion des talents locaux illumine Nouakchott","datePublished":"2025-07-11T23:43:09+00:00","mainEntityOfPage":{"@id":"https:\/\/lequotidien.mr\/?p=29126&lang=fr"},"wordCount":592,"commentCount":0,"publisher":{"@id":"https:\/\/lequotidien.mr\/#organization"},"image":{"@id":"https:\/\/lequotidien.mr\/?p=29126&lang=fr#primaryimage"},"thumbnailUrl":"https:\/\/lequotidien.mr\/wp-content\/uploads\/2025\/07\/photo-expo-instries-locales.jpg","articleSection":["ACTUALIT\u00c9","Economie"],"inLanguage":"ar","potentialAction":[{"@type":"CommentAction","name":"Comment","target":["https:\/\/lequotidien.mr\/?p=29126&lang=fr#respond"]}]},{"@type":"WebPage","@id":"https:\/\/lequotidien.mr\/?p=29126&lang=fr","url":"https:\/\/lequotidien.mr\/?p=29126&lang=fr","name":"Made in Mauritania : L'explosion des talents locaux illumine Nouakchott - Le Quotidien de Nouakchott","isPartOf":{"@id":"https:\/\/lequotidien.mr\/#website"},"primaryImageOfPage":{"@id":"https:\/\/lequotidien.mr\/?p=29126&lang=fr#primaryimage"},"image":{"@id":"https:\/\/lequotidien.mr\/?p=29126&lang=fr#primaryimage"},"thumbnailUrl":"https:\/\/lequotidien.mr\/wp-content\/uploads\/2025\/07\/photo-expo-instries-locales.jpg","datePublished":"2025-07-11T23:43:09+00:00","breadcrumb":{"@id":"https:\/\/lequotidien.mr\/?p=29126&lang=fr#breadcrumb"},"inLanguage":"ar","potentialAction":[{"@type":"ReadAction","target":["https:\/\/lequotidien.mr\/?p=29126&lang=fr"]}]},{"@type":"ImageObject","inLanguage":"ar","@id":"https:\/\/lequotidien.mr\/?p=29126&lang=fr#primaryimage","url":"https:\/\/lequotidien.mr\/wp-content\/uploads\/2025\/07\/photo-expo-instries-locales.jpg","contentUrl":"https:\/\/lequotidien.mr\/wp-content\/uploads\/2025\/07\/photo-expo-instries-locales.jpg","width":750,"height":430},{"@type":"BreadcrumbList","@id":"https:\/\/lequotidien.mr\/?p=29126&lang=fr#breadcrumb","itemListElement":[{"@type":"ListItem","position":1,"name":"Home","item":"https:\/\/lequotidien.mr\/"},{"@type":"ListItem","position":2,"name":"Made in Mauritania : L&rsquo;explosion des talents locaux illumine Nouakchott"}]},{"@type":"WebSite","@id":"https:\/\/lequotidien.mr\/#website","url":"https:\/\/lequotidien.mr\/","name":"Le Quotidien de Nouakchott","description":"\u0625\u062e\u0628\u0627\u0631\u064a\u0629 \u0645\u0633\u062a\u0642\u0644\u0629 \u0644\u0644\u0623\u0646\u0628\u0627\u0621 \u0627\u0644\u0639\u0627\u0645\u0629","publisher":{"@id":"https:\/\/lequotidien.mr\/#organization"},"potentialAction":[{"@type":"SearchAction","target":{"@type":"EntryPoint","urlTemplate":"https:\/\/lequotidien.mr\/?s={search_term_string}"},"query-input":{"@type":"PropertyValueSpecification","valueRequired":true,"valueName":"search_term_string"}}],"inLanguage":"ar"},{"@type":"Organization","@id":"https:\/\/lequotidien.mr\/#organization","name":"Le Quotidien de Nouakchott","url":"https:\/\/lequotidien.mr\/","logo":{"@type":"ImageObject","inLanguage":"ar","@id":"https:\/\/lequotidien.mr\/#\/schema\/logo\/image\/","url":"https:\/\/lequotidien.mr\/wp-content\/uploads\/2022\/11\/logolequotidien.jpg","contentUrl":"https:\/\/lequotidien.mr\/wp-content\/uploads\/2022\/11\/logolequotidien.jpg","width":290,"height":65,"caption":"Le Quotidien de Nouakchott"},"image":{"@id":"https:\/\/lequotidien.mr\/#\/schema\/logo\/image\/"},"sameAs":["https:\/\/web.facebook.com\/lequotidienmr","https:\/\/x.com\/lequotidienmr"]},{"@type":"Person","@id":"https:\/\/lequotidien.mr\/#\/schema\/person\/d2d350202a4d599685ed8abc25f97596","name":"Med Ahmed","image":{"@type":"ImageObject","inLanguage":"ar","@id":"https:\/\/secure.gravatar.com\/avatar\/fd2acc62ed50732923d1d39c17172c9b04149f142be92310ecc69e1358f94b52?s=96&d=mm&r=g","url":"https:\/\/secure.gravatar.com\/avatar\/fd2acc62ed50732923d1d39c17172c9b04149f142be92310ecc69e1358f94b52?s=96&d=mm&r=g","contentUrl":"https:\/\/secure.gravatar.com\/avatar\/fd2acc62ed50732923d1d39c17172c9b04149f142be92310ecc69e1358f94b52?s=96&d=mm&r=g","caption":"Med Ahmed"},"url":"https:\/\/lequotidien.mr\/?author=12"}]}},"_links":{"self":[{"href":"https:\/\/lequotidien.mr\/index.php?rest_route=\/wp\/v2\/posts\/29126","targetHints":{"allow":["GET"]}}],"collection":[{"href":"https:\/\/lequotidien.mr\/index.php?rest_route=\/wp\/v2\/posts"}],"about":[{"href":"https:\/\/lequotidien.mr\/index.php?rest_route=\/wp\/v2\/types\/post"}],"author":[{"embeddable":true,"href":"https:\/\/lequotidien.mr\/index.php?rest_route=\/wp\/v2\/users\/12"}],"replies":[{"embeddable":true,"href":"https:\/\/lequotidien.mr\/index.php?rest_route=%2Fwp%2Fv2%2Fcomments&post=29126"}],"version-history":[{"count":1,"href":"https:\/\/lequotidien.mr\/index.php?rest_route=\/wp\/v2\/posts\/29126\/revisions"}],"predecessor-version":[{"id":29128,"href":"https:\/\/lequotidien.mr\/index.php?rest_route=\/wp\/v2\/posts\/29126\/revisions\/29128"}],"wp:featuredmedia":[{"embeddable":true,"href":"https:\/\/lequotidien.mr\/index.php?rest_route=\/wp\/v2\/media\/29127"}],"wp:attachment":[{"href":"https:\/\/lequotidien.mr\/index.php?rest_route=%2Fwp%2Fv2%2Fmedia&parent=29126"}],"wp:term":[{"taxonomy":"category","embeddable":true,"href":"https:\/\/lequotidien.mr\/index.php?rest_route=%2Fwp%2Fv2%2Fcategories&post=29126"},{"taxonomy":"post_tag","embeddable":true,"href":"https:\/\/lequotidien.mr\/index.php?rest_route=%2Fwp%2Fv2%2Ftags&post=29126"}],"curies":[{"name":"wp","href":"https:\/\/api.w.org\/{rel}","templated":true}]}}