{"id":29080,"date":"2025-07-10T09:58:52","date_gmt":"2025-07-10T09:58:52","guid":{"rendered":"https:\/\/lequotidien.mr\/?p=29080"},"modified":"2025-07-10T09:58:52","modified_gmt":"2025-07-10T09:58:52","slug":"lancement-de-la-2eme-phase-du-programme-de-transferts-monetaires-pour-7-884-familles-denfants-handicapes","status":"publish","type":"post","link":"https:\/\/lequotidien.mr\/?p=29080&lang=fr","title":{"rendered":"Lancement de la 2\u00e8me phase du programme de transferts mon\u00e9taires pour 7 884 familles d&#8217;enfants handicap\u00e9s"},"content":{"rendered":"<p>Le minist\u00e8re de l\u2019Action sociale, de l\u2019Enfance et de la Famille a franchi une \u00e9tape significative dans la protection des plus vuln\u00e9rables en signant, mardi dernier \u00e0 Nouakchott, un accord tripartite crucial. Aux c\u00f4t\u00e9s de la D\u00e9l\u00e9gation g\u00e9n\u00e9rale \u00e0 la Solidarit\u00e9 nationale et \u00e0 la Lutte contre l\u2019Exclusion \u201cTaazour\u201d et du Fonds des Nations Unies pour l\u2019Enfance (UNICEF), le minist\u00e8re a officialis\u00e9 le lancement de la deuxi\u00e8me phase d&#8217;un programme de transferts mon\u00e9taires r\u00e9guliers.<\/p>\n<p>Cet accord ambitieux b\u00e9n\u00e9ficiera directement \u00e0\u00a0<strong>7 884 familles<\/strong>\u00a0mauritaniennes ayant des enfants en situation de handicap, r\u00e9parties dans\u00a0<strong>12 wilayas<\/strong>\u00a0du pays. Son objectif central est double :<\/p>\n<p><strong>-Soutenir l&#8217;inclusion sociale des enfants handicap\u00e9s\u00a0;<\/strong><\/p>\n<p><strong>-Renforcer les m\u00e9canismes de protection sociale<\/strong>\u00a0pour les familles les plus vuln\u00e9rables.<\/p>\n<p>Les transferts mon\u00e9taires r\u00e9guliers visent concr\u00e8tement \u00e0 am\u00e9liorer les conditions de vie de ces familles et \u00e0 faciliter leur acc\u00e8s aux services de base essentiels ;<\/p>\n<p>L&#8217;accord a \u00e9t\u00e9 paraph\u00e9 par : <strong>Mme Safia Ntahah<\/strong>, Ministre de l\u2019Action sociale, de l\u2019Enfance et de la Famille, <strong>M. Cheikh Bedde<\/strong>, D\u00e9l\u00e9gu\u00e9 g\u00e9n\u00e9ral de \u201cTaazour\u201d, et <strong>M. Lekbir Alaoui El Madaghri<\/strong>, Repr\u00e9sentant de l\u2019UNICEF en Mauritanie.<\/p>\n<p>Lors de la c\u00e9r\u00e9monie, la ministre\u00a0<strong>Mme Safia Ntahah<\/strong>\u00a0a soulign\u00e9 l&#8217;importance du partenariat national et international illustr\u00e9 par la pr\u00e9sence du D\u00e9l\u00e9gu\u00e9 g\u00e9n\u00e9ral de Taazour, du Repr\u00e9sentant de l&#8217;UNICEF et de l&#8217;Ambassadeur d&#8217;Allemagne, M. Florian Rendel. Elle a inscrit cette initiative dans le cadre de la mise en \u0153uvre des directives du Pr\u00e9sident de la R\u00e9publique,\u00a0<strong>M. Mohamed Cheikh El Ghazouani<\/strong>, pla\u00e7ant la justice sociale et la dignit\u00e9 humaine au c\u0153ur des politiques de l&#8217;\u00c9tat. Elle y voit \u00e9galement une r\u00e9ponse concr\u00e8te au programme du gouvernement du Premier Ministre\u00a0<strong>M. Moctar Djay<\/strong> pour le bien-\u00eatre des plus vuln\u00e9rables.<\/p>\n<p><strong>M. Cheikh Bedde <\/strong>(Taazour) a rappel\u00e9 que cet accord s&#8217;inscrit dans le sillage de la r\u00e9cente\u00a0<strong>Strat\u00e9gie nationale de protection sociale 2025 \u2013 2035<\/strong>. Il r\u00e9affirme l&#8217;engagement de Taazour \u00e0 soutenir les efforts gouvernementaux pour l&#8217;autonomisation des citoyens, voyant dans cette phase &#8220;des perspectives prometteuses pour les enfants handicap\u00e9s&#8221;.<\/p>\n<p><strong>M. Florian Rendel<\/strong>, Ambassadeur d&#8217;Allemagne, a salu\u00e9 le r\u00f4le de la Mauritanie comme partenaire central et a appr\u00e9ci\u00e9 les efforts du gouvernement, notamment l&#8217;adoption de la\u00a0<strong>Strat\u00e9gie nationale de promotion des droits des personnes handicap\u00e9es<\/strong>.<\/p>\n<p><strong>M. Lahbouss El Eid<\/strong>, Pr\u00e9sident de la F\u00e9d\u00e9ration mauritanienne des associations nationales des personnes handicap\u00e9es, s&#8217;est dit satisfait de l&#8217;accord, le voyant comme une continuit\u00e9 des efforts de soutien et une concr\u00e9tisation de la vision pr\u00e9sidentielle pour l&#8217;autonomisation des personnes handicap\u00e9es.<\/p>\n<p><strong>M. Lekbir Alaoui El Madaghri<\/strong>(UNICEF) a quant \u00e0 lui pr\u00e9sent\u00e9 l&#8217;accord comme le fruit d&#8217;une &#8220;coop\u00e9ration fructueuse&#8221; et r\u00e9it\u00e9r\u00e9 l&#8217;engagement de son organisation \u00e0 assurer la mise en \u0153uvre effective du programme sur le terrain.<\/p>\n<p>Cette deuxi\u00e8me phase fait suite au lancement r\u00e9ussi de la premi\u00e8re phase supervis\u00e9e par la ministre\u00a0<strong>Mme Safia Ntahah<\/strong>\u00a0le\u00a0<strong>13 juin dernier \u00e0 Aleg<\/strong>. Cette phase initiale avait couvert\u00a0<strong>6 000 familles<\/strong>\u00a0dans\u00a0<strong>182 communes<\/strong>\u00a0des wilayas du Hodh Charghi, du Hodh El Gharbi, de l\u2019Assaba, du Gorgol, du Brakna et du Guidimagha.<\/p>\n<p>La signature de cet accord tripartite marque ainsi une avanc\u00e9e notable dans le syst\u00e8me de protection sociale mauritanien, ciblant sp\u00e9cifiquement les familles d&#8217;enfants handicap\u00e9s pour favoriser leur inclusion et leur stabilit\u00e9 \u00e9conomique.<\/p>\n<p>&nbsp;<\/p>\n","protected":false},"excerpt":{"rendered":"<p>Le minist\u00e8re de l\u2019Action sociale, de l\u2019Enfance et de la Famille a franchi une \u00e9tape significative dans la protection des plus vuln\u00e9rables en signant, mardi dernier \u00e0 Nouakchott, un accord tripartite crucial. Aux c\u00f4t\u00e9s de la D\u00e9l\u00e9gation g\u00e9n\u00e9rale \u00e0 la Solidarit\u00e9 nationale et \u00e0 la Lutte contre l\u2019Exclusion \u201cTaazour\u201d et du Fonds des Nations Unies&#8230;..<\/p>\n","protected":false},"author":12,"featured_media":29081,"comment_status":"open","ping_status":"open","sticky":false,"template":"","format":"standard","meta":{"footnotes":""},"categories":[23,49],"tags":[],"class_list":["post-29080","post","type-post","status-publish","format-standard","has-post-thumbnail","hentry","category-actualite","category-economie"],"yoast_head":"<!-- This site is optimized with the Yoast SEO plugin v27.5 - https:\/\/yoast.com\/product\/yoast-seo-wordpress\/ -->\n<title>Lancement de la 2\u00e8me phase du programme de transferts mon\u00e9taires pour 7 884 familles d&#039;enfants handicap\u00e9s - Le Quotidien de Nouakchott<\/title>\n<meta name=\"robots\" content=\"index, follow, max-snippet:-1, max-image-preview:large, max-video-preview:-1\" \/>\n<link rel=\"canonical\" href=\"https:\/\/lequotidien.mr\/?p=29080&lang=fr\" \/>\n<meta property=\"og:locale\" content=\"ar_AR\" \/>\n<meta property=\"og:type\" content=\"article\" \/>\n<meta property=\"og:title\" content=\"Lancement de la 2\u00e8me phase du programme de transferts mon\u00e9taires pour 7 884 familles d&#039;enfants handicap\u00e9s - Le Quotidien de Nouakchott\" \/>\n<meta property=\"og:description\" content=\"Le minist\u00e8re de l\u2019Action sociale, de l\u2019Enfance et de la Famille a franchi une \u00e9tape significative dans la protection des plus vuln\u00e9rables en signant, mardi dernier \u00e0 Nouakchott, un accord tripartite crucial. Aux c\u00f4t\u00e9s de la D\u00e9l\u00e9gation g\u00e9n\u00e9rale \u00e0 la Solidarit\u00e9 nationale et \u00e0 la Lutte contre l\u2019Exclusion \u201cTaazour\u201d et du Fonds des Nations Unies.....\" \/>\n<meta property=\"og:url\" content=\"https:\/\/lequotidien.mr\/?p=29080&amp;lang=fr\" \/>\n<meta property=\"og:site_name\" content=\"Le Quotidien de Nouakchott\" \/>\n<meta property=\"article:publisher\" content=\"https:\/\/web.facebook.com\/lequotidienmr\" \/>\n<meta property=\"article:published_time\" content=\"2025-07-10T09:58:52+00:00\" \/>\n<meta property=\"og:image\" content=\"https:\/\/lequotidien.mr\/wp-content\/uploads\/2025\/07\/photo-trnasferts-monetaire.jpg\" \/>\n\t<meta property=\"og:image:width\" content=\"750\" \/>\n\t<meta property=\"og:image:height\" content=\"430\" \/>\n\t<meta property=\"og:image:type\" content=\"image\/jpeg\" \/>\n<meta name=\"author\" content=\"Med Ahmed\" \/>\n<meta name=\"twitter:card\" content=\"summary_large_image\" \/>\n<meta name=\"twitter:creator\" content=\"@lequotidienmr\" \/>\n<meta name=\"twitter:site\" content=\"@lequotidienmr\" \/>\n<meta name=\"twitter:label1\" content=\"\u0643\u064f\u062a\u0628 \u0628\u0648\u0627\u0633\u0637\u0629\" \/>\n\t<meta name=\"twitter:data1\" content=\"Med Ahmed\" \/>\n\t<meta name=\"twitter:label2\" content=\"\u0648\u0642\u062a \u0627\u0644\u0642\u0631\u0627\u0621\u0629 \u0627\u0644\u0645\u064f\u0642\u062f\u0651\u0631\" \/>\n\t<meta name=\"twitter:data2\" content=\"4 \u062f\u0642\u0627\u0626\u0642\" \/>\n<script type=\"application\/ld+json\" class=\"yoast-schema-graph\">{\"@context\":\"https:\\\/\\\/schema.org\",\"@graph\":[{\"@type\":\"Article\",\"@id\":\"https:\\\/\\\/lequotidien.mr\\\/?p=29080&lang=fr#article\",\"isPartOf\":{\"@id\":\"https:\\\/\\\/lequotidien.mr\\\/?p=29080&lang=fr\"},\"author\":{\"name\":\"Med Ahmed\",\"@id\":\"https:\\\/\\\/lequotidien.mr\\\/#\\\/schema\\\/person\\\/d2d350202a4d599685ed8abc25f97596\"},\"headline\":\"Lancement de la 2\u00e8me phase du programme de transferts mon\u00e9taires pour 7 884 familles d&#8217;enfants handicap\u00e9s\",\"datePublished\":\"2025-07-10T09:58:52+00:00\",\"mainEntityOfPage\":{\"@id\":\"https:\\\/\\\/lequotidien.mr\\\/?p=29080&lang=fr\"},\"wordCount\":624,\"commentCount\":0,\"publisher\":{\"@id\":\"https:\\\/\\\/lequotidien.mr\\\/#organization\"},\"image\":{\"@id\":\"https:\\\/\\\/lequotidien.mr\\\/?p=29080&lang=fr#primaryimage\"},\"thumbnailUrl\":\"https:\\\/\\\/lequotidien.mr\\\/wp-content\\\/uploads\\\/2025\\\/07\\\/photo-trnasferts-monetaire.jpg\",\"articleSection\":[\"ACTUALIT\u00c9\",\"Economie\"],\"inLanguage\":\"ar\",\"potentialAction\":[{\"@type\":\"CommentAction\",\"name\":\"Comment\",\"target\":[\"https:\\\/\\\/lequotidien.mr\\\/?p=29080&lang=fr#respond\"]}]},{\"@type\":\"WebPage\",\"@id\":\"https:\\\/\\\/lequotidien.mr\\\/?p=29080&lang=fr\",\"url\":\"https:\\\/\\\/lequotidien.mr\\\/?p=29080&lang=fr\",\"name\":\"Lancement de la 2\u00e8me phase du programme de transferts mon\u00e9taires pour 7 884 familles d'enfants handicap\u00e9s - Le Quotidien de Nouakchott\",\"isPartOf\":{\"@id\":\"https:\\\/\\\/lequotidien.mr\\\/#website\"},\"primaryImageOfPage\":{\"@id\":\"https:\\\/\\\/lequotidien.mr\\\/?p=29080&lang=fr#primaryimage\"},\"image\":{\"@id\":\"https:\\\/\\\/lequotidien.mr\\\/?p=29080&lang=fr#primaryimage\"},\"thumbnailUrl\":\"https:\\\/\\\/lequotidien.mr\\\/wp-content\\\/uploads\\\/2025\\\/07\\\/photo-trnasferts-monetaire.jpg\",\"datePublished\":\"2025-07-10T09:58:52+00:00\",\"breadcrumb\":{\"@id\":\"https:\\\/\\\/lequotidien.mr\\\/?p=29080&lang=fr#breadcrumb\"},\"inLanguage\":\"ar\",\"potentialAction\":[{\"@type\":\"ReadAction\",\"target\":[\"https:\\\/\\\/lequotidien.mr\\\/?p=29080&lang=fr\"]}]},{\"@type\":\"ImageObject\",\"inLanguage\":\"ar\",\"@id\":\"https:\\\/\\\/lequotidien.mr\\\/?p=29080&lang=fr#primaryimage\",\"url\":\"https:\\\/\\\/lequotidien.mr\\\/wp-content\\\/uploads\\\/2025\\\/07\\\/photo-trnasferts-monetaire.jpg\",\"contentUrl\":\"https:\\\/\\\/lequotidien.mr\\\/wp-content\\\/uploads\\\/2025\\\/07\\\/photo-trnasferts-monetaire.jpg\",\"width\":750,\"height\":430},{\"@type\":\"BreadcrumbList\",\"@id\":\"https:\\\/\\\/lequotidien.mr\\\/?p=29080&lang=fr#breadcrumb\",\"itemListElement\":[{\"@type\":\"ListItem\",\"position\":1,\"name\":\"Home\",\"item\":\"https:\\\/\\\/lequotidien.mr\\\/\"},{\"@type\":\"ListItem\",\"position\":2,\"name\":\"Lancement de la 2\u00e8me phase du programme de transferts mon\u00e9taires pour 7 884 familles d&rsquo;enfants handicap\u00e9s\"}]},{\"@type\":\"WebSite\",\"@id\":\"https:\\\/\\\/lequotidien.mr\\\/#website\",\"url\":\"https:\\\/\\\/lequotidien.mr\\\/\",\"name\":\"Le Quotidien de Nouakchott\",\"description\":\"\u0625\u062e\u0628\u0627\u0631\u064a\u0629 \u0645\u0633\u062a\u0642\u0644\u0629 \u0644\u0644\u0623\u0646\u0628\u0627\u0621 \u0627\u0644\u0639\u0627\u0645\u0629\",\"publisher\":{\"@id\":\"https:\\\/\\\/lequotidien.mr\\\/#organization\"},\"potentialAction\":[{\"@type\":\"SearchAction\",\"target\":{\"@type\":\"EntryPoint\",\"urlTemplate\":\"https:\\\/\\\/lequotidien.mr\\\/?s={search_term_string}\"},\"query-input\":{\"@type\":\"PropertyValueSpecification\",\"valueRequired\":true,\"valueName\":\"search_term_string\"}}],\"inLanguage\":\"ar\"},{\"@type\":\"Organization\",\"@id\":\"https:\\\/\\\/lequotidien.mr\\\/#organization\",\"name\":\"Le Quotidien de Nouakchott\",\"url\":\"https:\\\/\\\/lequotidien.mr\\\/\",\"logo\":{\"@type\":\"ImageObject\",\"inLanguage\":\"ar\",\"@id\":\"https:\\\/\\\/lequotidien.mr\\\/#\\\/schema\\\/logo\\\/image\\\/\",\"url\":\"https:\\\/\\\/lequotidien.mr\\\/wp-content\\\/uploads\\\/2022\\\/11\\\/logolequotidien.jpg\",\"contentUrl\":\"https:\\\/\\\/lequotidien.mr\\\/wp-content\\\/uploads\\\/2022\\\/11\\\/logolequotidien.jpg\",\"width\":290,\"height\":65,\"caption\":\"Le Quotidien de Nouakchott\"},\"image\":{\"@id\":\"https:\\\/\\\/lequotidien.mr\\\/#\\\/schema\\\/logo\\\/image\\\/\"},\"sameAs\":[\"https:\\\/\\\/web.facebook.com\\\/lequotidienmr\",\"https:\\\/\\\/x.com\\\/lequotidienmr\"]},{\"@type\":\"Person\",\"@id\":\"https:\\\/\\\/lequotidien.mr\\\/#\\\/schema\\\/person\\\/d2d350202a4d599685ed8abc25f97596\",\"name\":\"Med Ahmed\",\"image\":{\"@type\":\"ImageObject\",\"inLanguage\":\"ar\",\"@id\":\"https:\\\/\\\/secure.gravatar.com\\\/avatar\\\/fd2acc62ed50732923d1d39c17172c9b04149f142be92310ecc69e1358f94b52?s=96&d=mm&r=g\",\"url\":\"https:\\\/\\\/secure.gravatar.com\\\/avatar\\\/fd2acc62ed50732923d1d39c17172c9b04149f142be92310ecc69e1358f94b52?s=96&d=mm&r=g\",\"contentUrl\":\"https:\\\/\\\/secure.gravatar.com\\\/avatar\\\/fd2acc62ed50732923d1d39c17172c9b04149f142be92310ecc69e1358f94b52?s=96&d=mm&r=g\",\"caption\":\"Med Ahmed\"},\"url\":\"https:\\\/\\\/lequotidien.mr\\\/?author=12\"}]}<\/script>\n<!-- \/ Yoast SEO plugin. -->","yoast_head_json":{"title":"Lancement de la 2\u00e8me phase du programme de transferts mon\u00e9taires pour 7 884 familles d'enfants handicap\u00e9s - Le Quotidien de Nouakchott","robots":{"index":"index","follow":"follow","max-snippet":"max-snippet:-1","max-image-preview":"max-image-preview:large","max-video-preview":"max-video-preview:-1"},"canonical":"https:\/\/lequotidien.mr\/?p=29080&lang=fr","og_locale":"ar_AR","og_type":"article","og_title":"Lancement de la 2\u00e8me phase du programme de transferts mon\u00e9taires pour 7 884 familles d'enfants handicap\u00e9s - Le Quotidien de Nouakchott","og_description":"Le minist\u00e8re de l\u2019Action sociale, de l\u2019Enfance et de la Famille a franchi une \u00e9tape significative dans la protection des plus vuln\u00e9rables en signant, mardi dernier \u00e0 Nouakchott, un accord tripartite crucial. Aux c\u00f4t\u00e9s de la D\u00e9l\u00e9gation g\u00e9n\u00e9rale \u00e0 la Solidarit\u00e9 nationale et \u00e0 la Lutte contre l\u2019Exclusion \u201cTaazour\u201d et du Fonds des Nations Unies.....","og_url":"https:\/\/lequotidien.mr\/?p=29080&lang=fr","og_site_name":"Le Quotidien de Nouakchott","article_publisher":"https:\/\/web.facebook.com\/lequotidienmr","article_published_time":"2025-07-10T09:58:52+00:00","og_image":[{"width":750,"height":430,"url":"https:\/\/lequotidien.mr\/wp-content\/uploads\/2025\/07\/photo-trnasferts-monetaire.jpg","type":"image\/jpeg"}],"author":"Med Ahmed","twitter_card":"summary_large_image","twitter_creator":"@lequotidienmr","twitter_site":"@lequotidienmr","twitter_misc":{"\u0643\u064f\u062a\u0628 \u0628\u0648\u0627\u0633\u0637\u0629":"Med Ahmed","\u0648\u0642\u062a \u0627\u0644\u0642\u0631\u0627\u0621\u0629 \u0627\u0644\u0645\u064f\u0642\u062f\u0651\u0631":"4 \u062f\u0642\u0627\u0626\u0642"},"schema":{"@context":"https:\/\/schema.org","@graph":[{"@type":"Article","@id":"https:\/\/lequotidien.mr\/?p=29080&lang=fr#article","isPartOf":{"@id":"https:\/\/lequotidien.mr\/?p=29080&lang=fr"},"author":{"name":"Med Ahmed","@id":"https:\/\/lequotidien.mr\/#\/schema\/person\/d2d350202a4d599685ed8abc25f97596"},"headline":"Lancement de la 2\u00e8me phase du programme de transferts mon\u00e9taires pour 7 884 familles d&#8217;enfants handicap\u00e9s","datePublished":"2025-07-10T09:58:52+00:00","mainEntityOfPage":{"@id":"https:\/\/lequotidien.mr\/?p=29080&lang=fr"},"wordCount":624,"commentCount":0,"publisher":{"@id":"https:\/\/lequotidien.mr\/#organization"},"image":{"@id":"https:\/\/lequotidien.mr\/?p=29080&lang=fr#primaryimage"},"thumbnailUrl":"https:\/\/lequotidien.mr\/wp-content\/uploads\/2025\/07\/photo-trnasferts-monetaire.jpg","articleSection":["ACTUALIT\u00c9","Economie"],"inLanguage":"ar","potentialAction":[{"@type":"CommentAction","name":"Comment","target":["https:\/\/lequotidien.mr\/?p=29080&lang=fr#respond"]}]},{"@type":"WebPage","@id":"https:\/\/lequotidien.mr\/?p=29080&lang=fr","url":"https:\/\/lequotidien.mr\/?p=29080&lang=fr","name":"Lancement de la 2\u00e8me phase du programme de transferts mon\u00e9taires pour 7 884 familles d'enfants handicap\u00e9s - Le Quotidien de Nouakchott","isPartOf":{"@id":"https:\/\/lequotidien.mr\/#website"},"primaryImageOfPage":{"@id":"https:\/\/lequotidien.mr\/?p=29080&lang=fr#primaryimage"},"image":{"@id":"https:\/\/lequotidien.mr\/?p=29080&lang=fr#primaryimage"},"thumbnailUrl":"https:\/\/lequotidien.mr\/wp-content\/uploads\/2025\/07\/photo-trnasferts-monetaire.jpg","datePublished":"2025-07-10T09:58:52+00:00","breadcrumb":{"@id":"https:\/\/lequotidien.mr\/?p=29080&lang=fr#breadcrumb"},"inLanguage":"ar","potentialAction":[{"@type":"ReadAction","target":["https:\/\/lequotidien.mr\/?p=29080&lang=fr"]}]},{"@type":"ImageObject","inLanguage":"ar","@id":"https:\/\/lequotidien.mr\/?p=29080&lang=fr#primaryimage","url":"https:\/\/lequotidien.mr\/wp-content\/uploads\/2025\/07\/photo-trnasferts-monetaire.jpg","contentUrl":"https:\/\/lequotidien.mr\/wp-content\/uploads\/2025\/07\/photo-trnasferts-monetaire.jpg","width":750,"height":430},{"@type":"BreadcrumbList","@id":"https:\/\/lequotidien.mr\/?p=29080&lang=fr#breadcrumb","itemListElement":[{"@type":"ListItem","position":1,"name":"Home","item":"https:\/\/lequotidien.mr\/"},{"@type":"ListItem","position":2,"name":"Lancement de la 2\u00e8me phase du programme de transferts mon\u00e9taires pour 7 884 familles d&rsquo;enfants handicap\u00e9s"}]},{"@type":"WebSite","@id":"https:\/\/lequotidien.mr\/#website","url":"https:\/\/lequotidien.mr\/","name":"Le Quotidien de Nouakchott","description":"\u0625\u062e\u0628\u0627\u0631\u064a\u0629 \u0645\u0633\u062a\u0642\u0644\u0629 \u0644\u0644\u0623\u0646\u0628\u0627\u0621 \u0627\u0644\u0639\u0627\u0645\u0629","publisher":{"@id":"https:\/\/lequotidien.mr\/#organization"},"potentialAction":[{"@type":"SearchAction","target":{"@type":"EntryPoint","urlTemplate":"https:\/\/lequotidien.mr\/?s={search_term_string}"},"query-input":{"@type":"PropertyValueSpecification","valueRequired":true,"valueName":"search_term_string"}}],"inLanguage":"ar"},{"@type":"Organization","@id":"https:\/\/lequotidien.mr\/#organization","name":"Le Quotidien de Nouakchott","url":"https:\/\/lequotidien.mr\/","logo":{"@type":"ImageObject","inLanguage":"ar","@id":"https:\/\/lequotidien.mr\/#\/schema\/logo\/image\/","url":"https:\/\/lequotidien.mr\/wp-content\/uploads\/2022\/11\/logolequotidien.jpg","contentUrl":"https:\/\/lequotidien.mr\/wp-content\/uploads\/2022\/11\/logolequotidien.jpg","width":290,"height":65,"caption":"Le Quotidien de Nouakchott"},"image":{"@id":"https:\/\/lequotidien.mr\/#\/schema\/logo\/image\/"},"sameAs":["https:\/\/web.facebook.com\/lequotidienmr","https:\/\/x.com\/lequotidienmr"]},{"@type":"Person","@id":"https:\/\/lequotidien.mr\/#\/schema\/person\/d2d350202a4d599685ed8abc25f97596","name":"Med Ahmed","image":{"@type":"ImageObject","inLanguage":"ar","@id":"https:\/\/secure.gravatar.com\/avatar\/fd2acc62ed50732923d1d39c17172c9b04149f142be92310ecc69e1358f94b52?s=96&d=mm&r=g","url":"https:\/\/secure.gravatar.com\/avatar\/fd2acc62ed50732923d1d39c17172c9b04149f142be92310ecc69e1358f94b52?s=96&d=mm&r=g","contentUrl":"https:\/\/secure.gravatar.com\/avatar\/fd2acc62ed50732923d1d39c17172c9b04149f142be92310ecc69e1358f94b52?s=96&d=mm&r=g","caption":"Med Ahmed"},"url":"https:\/\/lequotidien.mr\/?author=12"}]}},"_links":{"self":[{"href":"https:\/\/lequotidien.mr\/index.php?rest_route=\/wp\/v2\/posts\/29080","targetHints":{"allow":["GET"]}}],"collection":[{"href":"https:\/\/lequotidien.mr\/index.php?rest_route=\/wp\/v2\/posts"}],"about":[{"href":"https:\/\/lequotidien.mr\/index.php?rest_route=\/wp\/v2\/types\/post"}],"author":[{"embeddable":true,"href":"https:\/\/lequotidien.mr\/index.php?rest_route=\/wp\/v2\/users\/12"}],"replies":[{"embeddable":true,"href":"https:\/\/lequotidien.mr\/index.php?rest_route=%2Fwp%2Fv2%2Fcomments&post=29080"}],"version-history":[{"count":1,"href":"https:\/\/lequotidien.mr\/index.php?rest_route=\/wp\/v2\/posts\/29080\/revisions"}],"predecessor-version":[{"id":29082,"href":"https:\/\/lequotidien.mr\/index.php?rest_route=\/wp\/v2\/posts\/29080\/revisions\/29082"}],"wp:featuredmedia":[{"embeddable":true,"href":"https:\/\/lequotidien.mr\/index.php?rest_route=\/wp\/v2\/media\/29081"}],"wp:attachment":[{"href":"https:\/\/lequotidien.mr\/index.php?rest_route=%2Fwp%2Fv2%2Fmedia&parent=29080"}],"wp:term":[{"taxonomy":"category","embeddable":true,"href":"https:\/\/lequotidien.mr\/index.php?rest_route=%2Fwp%2Fv2%2Fcategories&post=29080"},{"taxonomy":"post_tag","embeddable":true,"href":"https:\/\/lequotidien.mr\/index.php?rest_route=%2Fwp%2Fv2%2Ftags&post=29080"}],"curies":[{"name":"wp","href":"https:\/\/api.w.org\/{rel}","templated":true}]}}