{"id":29076,"date":"2025-07-09T23:58:55","date_gmt":"2025-07-09T23:58:55","guid":{"rendered":"https:\/\/lequotidien.mr\/?p=29076"},"modified":"2025-07-09T23:58:55","modified_gmt":"2025-07-09T23:58:55","slug":"formation-professionnelle-lancement-officiel-du-programme-de-la-deuxieme-chance-pour-les-jeunes-descolarises","status":"publish","type":"post","link":"https:\/\/lequotidien.mr\/?p=29076&lang=fr","title":{"rendered":"Formation professionnelle: Lancement officiel du programme de la deuxi\u00e8me chance pour les jeunes d\u00e9scolaris\u00e9s"},"content":{"rendered":"<p>Le minist\u00e8re de la Formation professionnelle, de l\u2019Artisanat et des M\u00e9tiers a organis\u00e9, ce mardi dernier, un atelier d\u00e9cisif pour la pr\u00e9sentation et l\u2019approbation d\u2019une \u00e9tude cruciale. Cette \u00e9tude jette les bases de la cr\u00e9ation d\u2019un <strong>Programme National pour une &#8220;\u00c9cole de la Deuxi\u00e8me Chance&#8221;<\/strong>\u00a0en Mauritanie. L\u2019\u00e9v\u00e9nement s\u2019est d\u00e9roul\u00e9 \u00e0 l\u2019\u00c9cole de formation technique et professionnelle des m\u00e9dias et de la communication, situ\u00e9e dans la moughataa d\u2019El Mina.<\/p>\n<p><strong>Un programme vital pour la r\u00e9insertion des jeunes<\/strong><\/p>\n<p>Ce projet ambitieux a pour objectif central de\u00a0<strong>r\u00e9habiliter et int\u00e9grer les jeunes ayant quitt\u00e9 pr\u00e9matur\u00e9ment le syst\u00e8me \u00e9ducatif formel<\/strong>. Il leur proposera des parcours de formation professionnelle accr\u00e9dit\u00e9s, ouvrant ainsi de nouvelles perspectives d\u2019int\u00e9gration \u00e9conomique et sociale pour un segment important de la jeunesse mauritanienne.<\/p>\n<p>Pr\u00e9sidant l&#8217;atelier, le Ministre Maalainine Eyih a soulign\u00e9 le\u00a0<strong>caract\u00e8re strat\u00e9gique et &#8220;vital&#8221;<\/strong>\u00a0de cette initiative. &#8220;Ce projet renforce les piliers de l\u2019\u00e9conomie nationale en ciblant un large segment de jeunes&#8221;, a-t-il d\u00e9clar\u00e9. Il a chaleureusement remerci\u00e9 le bureau d\u2019\u00e9tudes pour son travail, qualifiant les r\u00e9sultats de l\u2019\u00e9tude de\u00a0<strong>&#8220;solides, bas\u00e9s sur une vision scientifique claire et pr\u00e9cise&#8221;<\/strong>, d\u00e9montrant la faisabilit\u00e9 et la n\u00e9cessit\u00e9 sociale du projet.<\/p>\n<p>M. Eyih a \u00e9galement mis en avant le <strong>r\u00f4le indispensable des partenaires techniques et financiers<\/strong>: &#8220;Leur soutien complet \u2013 financement, \u00e9quipement, transfert d\u2019expertise \u2013 est fondamental. Cela illustre parfaitement l\u2019int\u00e9gration des secteurs public et priv\u00e9 au service du d\u00e9veloppement national.&#8221;<\/p>\n<p>Le ministre a rappel\u00e9 que ce projet s\u2019inscrit\u00a0<strong>directement dans les directives du Pr\u00e9sident de la R\u00e9publique, Mohamed Cheikh El Ghazouani<\/strong>. &#8220;Le Chef de l&#8217;\u00c9tat place la formation professionnelle au premier rang des priorit\u00e9s de l\u2019\u00c9tat, comme levier de d\u00e9veloppement et outil efficace pour l\u2019int\u00e9gration des jeunes sur le march\u00e9 du travail&#8221;, a-t-il expliqu\u00e9. Il a pr\u00e9cis\u00e9 que le nom m\u00eame du projet, &#8220;Deuxi\u00e8me Chance&#8221;, refl\u00e8te parfaitement sa mission : offrir une\u00a0<strong>nouvelle opportunit\u00e9 d\u2019acquisition de comp\u00e9tences professionnelles reconnues<\/strong>\u00a0\u00e0 ceux qui n\u2019ont pu terminer leur \u00e9ducation formelle.<\/p>\n<p>La conception du projet s&#8217;appuie sur des\u00a0<strong>\u00e9tudes compl\u00e8tes inspir\u00e9es des meilleures pratiques nationales et internationales<\/strong>, garantissant ainsi sa qualit\u00e9 et son ad\u00e9quation avec les besoins du march\u00e9 local.<\/p>\n<p><strong>Convergence des efforts et validation institutionnelle<\/strong><\/p>\n<p>M. Brahim Vall Mohamed Lemine, Pr\u00e9sident du Haut Conseil de l\u2019\u00c9ducation (HCE), s\u2019est f\u00e9licit\u00e9 de la <strong>convergence des conclusions de cette \u00e9tude avec les recommandations du HCE<\/strong>dans le domaine de la formation professionnelle. Il a \u00e9voqu\u00e9 une autre \u00e9tude men\u00e9e par le HCE avec le soutien financier de l\u2019Union europ\u00e9enne, allant dans le m\u00eame sens et plaidant pour une\u00a0<strong>coordination renforc\u00e9e des efforts entre les diff\u00e9rents secteurs<\/strong>.<\/p>\n<p>De son c\u00f4t\u00e9, M. Isselmou Rabah, Conseiller charg\u00e9 de la Formation professionnelle, a rappel\u00e9 l&#8217;objectif op\u00e9rationnel de l&#8217;\u00e9cole :\u00a0<strong>qualifier les jeunes d\u00e9scolaris\u00e9s sans dipl\u00f4mes<\/strong>\u00a0et les\u00a0<strong>int\u00e9grer dans la vie active<\/strong>.<\/p>\n<p>L\u2019atelier s\u2019est d\u00e9roul\u00e9 en pr\u00e9sence du Secr\u00e9taire g\u00e9n\u00e9ral du Minist\u00e8re, M. Emadi Taleb, et de nombreux cadres du secteur, marquant ainsi l\u2019importance accord\u00e9e par le gouvernement \u00e0 ce programme prometteur de\u00a0<strong>deuxi\u00e8me chance pour la jeunesse mauritanienne<\/strong>. La prochaine \u00e9tape sera l&#8217;\u00e9laboration concr\u00e8te du programme national bas\u00e9 sur l&#8217;\u00e9tude approuv\u00e9e.<\/p>\n<p>&nbsp;<\/p>\n","protected":false},"excerpt":{"rendered":"<p>Le minist\u00e8re de la Formation professionnelle, de l\u2019Artisanat et des M\u00e9tiers a organis\u00e9, ce mardi dernier, un atelier d\u00e9cisif pour la pr\u00e9sentation et l\u2019approbation d\u2019une \u00e9tude cruciale. Cette \u00e9tude jette les bases de la cr\u00e9ation d\u2019un Programme National pour une &#8220;\u00c9cole de la Deuxi\u00e8me Chance&#8221;\u00a0en Mauritanie. L\u2019\u00e9v\u00e9nement s\u2019est d\u00e9roul\u00e9 \u00e0 l\u2019\u00c9cole de formation technique et&#8230;..<\/p>\n","protected":false},"author":12,"featured_media":29077,"comment_status":"open","ping_status":"open","sticky":false,"template":"","format":"standard","meta":{"footnotes":""},"categories":[23,55],"tags":[],"class_list":["post-29076","post","type-post","status-publish","format-standard","has-post-thumbnail","hentry","category-actualite","category-culture"],"yoast_head":"<!-- This site is optimized with the Yoast SEO plugin v27.5 - https:\/\/yoast.com\/product\/yoast-seo-wordpress\/ -->\n<title>Formation professionnelle: Lancement officiel du programme de la deuxi\u00e8me chance pour les jeunes d\u00e9scolaris\u00e9s - Le Quotidien de Nouakchott<\/title>\n<meta name=\"robots\" content=\"index, follow, max-snippet:-1, max-image-preview:large, max-video-preview:-1\" \/>\n<link rel=\"canonical\" href=\"https:\/\/lequotidien.mr\/?p=29076&lang=fr\" \/>\n<meta property=\"og:locale\" content=\"ar_AR\" \/>\n<meta property=\"og:type\" content=\"article\" \/>\n<meta property=\"og:title\" content=\"Formation professionnelle: Lancement officiel du programme de la deuxi\u00e8me chance pour les jeunes d\u00e9scolaris\u00e9s - Le Quotidien de Nouakchott\" \/>\n<meta property=\"og:description\" content=\"Le minist\u00e8re de la Formation professionnelle, de l\u2019Artisanat et des M\u00e9tiers a organis\u00e9, ce mardi dernier, un atelier d\u00e9cisif pour la pr\u00e9sentation et l\u2019approbation d\u2019une \u00e9tude cruciale. Cette \u00e9tude jette les bases de la cr\u00e9ation d\u2019un Programme National pour une &#8220;\u00c9cole de la Deuxi\u00e8me Chance&#8221;\u00a0en Mauritanie. L\u2019\u00e9v\u00e9nement s\u2019est d\u00e9roul\u00e9 \u00e0 l\u2019\u00c9cole de formation technique et.....\" \/>\n<meta property=\"og:url\" content=\"https:\/\/lequotidien.mr\/?p=29076&amp;lang=fr\" \/>\n<meta property=\"og:site_name\" content=\"Le Quotidien de Nouakchott\" \/>\n<meta property=\"article:publisher\" content=\"https:\/\/web.facebook.com\/lequotidienmr\" \/>\n<meta property=\"article:published_time\" content=\"2025-07-09T23:58:55+00:00\" \/>\n<meta property=\"og:image\" content=\"https:\/\/lequotidien.mr\/wp-content\/uploads\/2025\/07\/photo-Mnstre-formt-prof-perdition-eleves.jpg\" \/>\n\t<meta property=\"og:image:width\" content=\"750\" \/>\n\t<meta property=\"og:image:height\" content=\"430\" \/>\n\t<meta property=\"og:image:type\" content=\"image\/jpeg\" \/>\n<meta name=\"author\" content=\"Med Ahmed\" \/>\n<meta name=\"twitter:card\" content=\"summary_large_image\" \/>\n<meta name=\"twitter:creator\" content=\"@lequotidienmr\" \/>\n<meta name=\"twitter:site\" content=\"@lequotidienmr\" \/>\n<meta name=\"twitter:label1\" content=\"\u0643\u064f\u062a\u0628 \u0628\u0648\u0627\u0633\u0637\u0629\" \/>\n\t<meta name=\"twitter:data1\" content=\"Med Ahmed\" \/>\n\t<meta name=\"twitter:label2\" content=\"\u0648\u0642\u062a \u0627\u0644\u0642\u0631\u0627\u0621\u0629 \u0627\u0644\u0645\u064f\u0642\u062f\u0651\u0631\" \/>\n\t<meta name=\"twitter:data2\" content=\"4 \u062f\u0642\u0627\u0626\u0642\" \/>\n<script type=\"application\/ld+json\" class=\"yoast-schema-graph\">{\"@context\":\"https:\\\/\\\/schema.org\",\"@graph\":[{\"@type\":\"Article\",\"@id\":\"https:\\\/\\\/lequotidien.mr\\\/?p=29076&lang=fr#article\",\"isPartOf\":{\"@id\":\"https:\\\/\\\/lequotidien.mr\\\/?p=29076&lang=fr\"},\"author\":{\"name\":\"Med Ahmed\",\"@id\":\"https:\\\/\\\/lequotidien.mr\\\/#\\\/schema\\\/person\\\/d2d350202a4d599685ed8abc25f97596\"},\"headline\":\"Formation professionnelle: Lancement officiel du programme de la deuxi\u00e8me chance pour les jeunes d\u00e9scolaris\u00e9s\",\"datePublished\":\"2025-07-09T23:58:55+00:00\",\"mainEntityOfPage\":{\"@id\":\"https:\\\/\\\/lequotidien.mr\\\/?p=29076&lang=fr\"},\"wordCount\":612,\"commentCount\":0,\"publisher\":{\"@id\":\"https:\\\/\\\/lequotidien.mr\\\/#organization\"},\"image\":{\"@id\":\"https:\\\/\\\/lequotidien.mr\\\/?p=29076&lang=fr#primaryimage\"},\"thumbnailUrl\":\"https:\\\/\\\/lequotidien.mr\\\/wp-content\\\/uploads\\\/2025\\\/07\\\/photo-Mnstre-formt-prof-perdition-eleves.jpg\",\"articleSection\":[\"ACTUALIT\u00c9\",\"Culture\"],\"inLanguage\":\"ar\",\"potentialAction\":[{\"@type\":\"CommentAction\",\"name\":\"Comment\",\"target\":[\"https:\\\/\\\/lequotidien.mr\\\/?p=29076&lang=fr#respond\"]}]},{\"@type\":\"WebPage\",\"@id\":\"https:\\\/\\\/lequotidien.mr\\\/?p=29076&lang=fr\",\"url\":\"https:\\\/\\\/lequotidien.mr\\\/?p=29076&lang=fr\",\"name\":\"Formation professionnelle: Lancement officiel du programme de la deuxi\u00e8me chance pour les jeunes d\u00e9scolaris\u00e9s - Le Quotidien de Nouakchott\",\"isPartOf\":{\"@id\":\"https:\\\/\\\/lequotidien.mr\\\/#website\"},\"primaryImageOfPage\":{\"@id\":\"https:\\\/\\\/lequotidien.mr\\\/?p=29076&lang=fr#primaryimage\"},\"image\":{\"@id\":\"https:\\\/\\\/lequotidien.mr\\\/?p=29076&lang=fr#primaryimage\"},\"thumbnailUrl\":\"https:\\\/\\\/lequotidien.mr\\\/wp-content\\\/uploads\\\/2025\\\/07\\\/photo-Mnstre-formt-prof-perdition-eleves.jpg\",\"datePublished\":\"2025-07-09T23:58:55+00:00\",\"breadcrumb\":{\"@id\":\"https:\\\/\\\/lequotidien.mr\\\/?p=29076&lang=fr#breadcrumb\"},\"inLanguage\":\"ar\",\"potentialAction\":[{\"@type\":\"ReadAction\",\"target\":[\"https:\\\/\\\/lequotidien.mr\\\/?p=29076&lang=fr\"]}]},{\"@type\":\"ImageObject\",\"inLanguage\":\"ar\",\"@id\":\"https:\\\/\\\/lequotidien.mr\\\/?p=29076&lang=fr#primaryimage\",\"url\":\"https:\\\/\\\/lequotidien.mr\\\/wp-content\\\/uploads\\\/2025\\\/07\\\/photo-Mnstre-formt-prof-perdition-eleves.jpg\",\"contentUrl\":\"https:\\\/\\\/lequotidien.mr\\\/wp-content\\\/uploads\\\/2025\\\/07\\\/photo-Mnstre-formt-prof-perdition-eleves.jpg\",\"width\":750,\"height\":430},{\"@type\":\"BreadcrumbList\",\"@id\":\"https:\\\/\\\/lequotidien.mr\\\/?p=29076&lang=fr#breadcrumb\",\"itemListElement\":[{\"@type\":\"ListItem\",\"position\":1,\"name\":\"Home\",\"item\":\"https:\\\/\\\/lequotidien.mr\\\/\"},{\"@type\":\"ListItem\",\"position\":2,\"name\":\"Formation professionnelle: Lancement officiel du programme de la deuxi\u00e8me chance pour les jeunes d\u00e9scolaris\u00e9s\"}]},{\"@type\":\"WebSite\",\"@id\":\"https:\\\/\\\/lequotidien.mr\\\/#website\",\"url\":\"https:\\\/\\\/lequotidien.mr\\\/\",\"name\":\"Le Quotidien de Nouakchott\",\"description\":\"\u0625\u062e\u0628\u0627\u0631\u064a\u0629 \u0645\u0633\u062a\u0642\u0644\u0629 \u0644\u0644\u0623\u0646\u0628\u0627\u0621 \u0627\u0644\u0639\u0627\u0645\u0629\",\"publisher\":{\"@id\":\"https:\\\/\\\/lequotidien.mr\\\/#organization\"},\"potentialAction\":[{\"@type\":\"SearchAction\",\"target\":{\"@type\":\"EntryPoint\",\"urlTemplate\":\"https:\\\/\\\/lequotidien.mr\\\/?s={search_term_string}\"},\"query-input\":{\"@type\":\"PropertyValueSpecification\",\"valueRequired\":true,\"valueName\":\"search_term_string\"}}],\"inLanguage\":\"ar\"},{\"@type\":\"Organization\",\"@id\":\"https:\\\/\\\/lequotidien.mr\\\/#organization\",\"name\":\"Le Quotidien de Nouakchott\",\"url\":\"https:\\\/\\\/lequotidien.mr\\\/\",\"logo\":{\"@type\":\"ImageObject\",\"inLanguage\":\"ar\",\"@id\":\"https:\\\/\\\/lequotidien.mr\\\/#\\\/schema\\\/logo\\\/image\\\/\",\"url\":\"https:\\\/\\\/lequotidien.mr\\\/wp-content\\\/uploads\\\/2022\\\/11\\\/logolequotidien.jpg\",\"contentUrl\":\"https:\\\/\\\/lequotidien.mr\\\/wp-content\\\/uploads\\\/2022\\\/11\\\/logolequotidien.jpg\",\"width\":290,\"height\":65,\"caption\":\"Le Quotidien de Nouakchott\"},\"image\":{\"@id\":\"https:\\\/\\\/lequotidien.mr\\\/#\\\/schema\\\/logo\\\/image\\\/\"},\"sameAs\":[\"https:\\\/\\\/web.facebook.com\\\/lequotidienmr\",\"https:\\\/\\\/x.com\\\/lequotidienmr\"]},{\"@type\":\"Person\",\"@id\":\"https:\\\/\\\/lequotidien.mr\\\/#\\\/schema\\\/person\\\/d2d350202a4d599685ed8abc25f97596\",\"name\":\"Med Ahmed\",\"image\":{\"@type\":\"ImageObject\",\"inLanguage\":\"ar\",\"@id\":\"https:\\\/\\\/secure.gravatar.com\\\/avatar\\\/fd2acc62ed50732923d1d39c17172c9b04149f142be92310ecc69e1358f94b52?s=96&d=mm&r=g\",\"url\":\"https:\\\/\\\/secure.gravatar.com\\\/avatar\\\/fd2acc62ed50732923d1d39c17172c9b04149f142be92310ecc69e1358f94b52?s=96&d=mm&r=g\",\"contentUrl\":\"https:\\\/\\\/secure.gravatar.com\\\/avatar\\\/fd2acc62ed50732923d1d39c17172c9b04149f142be92310ecc69e1358f94b52?s=96&d=mm&r=g\",\"caption\":\"Med Ahmed\"},\"url\":\"https:\\\/\\\/lequotidien.mr\\\/?author=12\"}]}<\/script>\n<!-- \/ Yoast SEO plugin. -->","yoast_head_json":{"title":"Formation professionnelle: Lancement officiel du programme de la deuxi\u00e8me chance pour les jeunes d\u00e9scolaris\u00e9s - Le Quotidien de Nouakchott","robots":{"index":"index","follow":"follow","max-snippet":"max-snippet:-1","max-image-preview":"max-image-preview:large","max-video-preview":"max-video-preview:-1"},"canonical":"https:\/\/lequotidien.mr\/?p=29076&lang=fr","og_locale":"ar_AR","og_type":"article","og_title":"Formation professionnelle: Lancement officiel du programme de la deuxi\u00e8me chance pour les jeunes d\u00e9scolaris\u00e9s - Le Quotidien de Nouakchott","og_description":"Le minist\u00e8re de la Formation professionnelle, de l\u2019Artisanat et des M\u00e9tiers a organis\u00e9, ce mardi dernier, un atelier d\u00e9cisif pour la pr\u00e9sentation et l\u2019approbation d\u2019une \u00e9tude cruciale. Cette \u00e9tude jette les bases de la cr\u00e9ation d\u2019un Programme National pour une &#8220;\u00c9cole de la Deuxi\u00e8me Chance&#8221;\u00a0en Mauritanie. L\u2019\u00e9v\u00e9nement s\u2019est d\u00e9roul\u00e9 \u00e0 l\u2019\u00c9cole de formation technique et.....","og_url":"https:\/\/lequotidien.mr\/?p=29076&lang=fr","og_site_name":"Le Quotidien de Nouakchott","article_publisher":"https:\/\/web.facebook.com\/lequotidienmr","article_published_time":"2025-07-09T23:58:55+00:00","og_image":[{"width":750,"height":430,"url":"https:\/\/lequotidien.mr\/wp-content\/uploads\/2025\/07\/photo-Mnstre-formt-prof-perdition-eleves.jpg","type":"image\/jpeg"}],"author":"Med Ahmed","twitter_card":"summary_large_image","twitter_creator":"@lequotidienmr","twitter_site":"@lequotidienmr","twitter_misc":{"\u0643\u064f\u062a\u0628 \u0628\u0648\u0627\u0633\u0637\u0629":"Med Ahmed","\u0648\u0642\u062a \u0627\u0644\u0642\u0631\u0627\u0621\u0629 \u0627\u0644\u0645\u064f\u0642\u062f\u0651\u0631":"4 \u062f\u0642\u0627\u0626\u0642"},"schema":{"@context":"https:\/\/schema.org","@graph":[{"@type":"Article","@id":"https:\/\/lequotidien.mr\/?p=29076&lang=fr#article","isPartOf":{"@id":"https:\/\/lequotidien.mr\/?p=29076&lang=fr"},"author":{"name":"Med Ahmed","@id":"https:\/\/lequotidien.mr\/#\/schema\/person\/d2d350202a4d599685ed8abc25f97596"},"headline":"Formation professionnelle: Lancement officiel du programme de la deuxi\u00e8me chance pour les jeunes d\u00e9scolaris\u00e9s","datePublished":"2025-07-09T23:58:55+00:00","mainEntityOfPage":{"@id":"https:\/\/lequotidien.mr\/?p=29076&lang=fr"},"wordCount":612,"commentCount":0,"publisher":{"@id":"https:\/\/lequotidien.mr\/#organization"},"image":{"@id":"https:\/\/lequotidien.mr\/?p=29076&lang=fr#primaryimage"},"thumbnailUrl":"https:\/\/lequotidien.mr\/wp-content\/uploads\/2025\/07\/photo-Mnstre-formt-prof-perdition-eleves.jpg","articleSection":["ACTUALIT\u00c9","Culture"],"inLanguage":"ar","potentialAction":[{"@type":"CommentAction","name":"Comment","target":["https:\/\/lequotidien.mr\/?p=29076&lang=fr#respond"]}]},{"@type":"WebPage","@id":"https:\/\/lequotidien.mr\/?p=29076&lang=fr","url":"https:\/\/lequotidien.mr\/?p=29076&lang=fr","name":"Formation professionnelle: Lancement officiel du programme de la deuxi\u00e8me chance pour les jeunes d\u00e9scolaris\u00e9s - Le Quotidien de Nouakchott","isPartOf":{"@id":"https:\/\/lequotidien.mr\/#website"},"primaryImageOfPage":{"@id":"https:\/\/lequotidien.mr\/?p=29076&lang=fr#primaryimage"},"image":{"@id":"https:\/\/lequotidien.mr\/?p=29076&lang=fr#primaryimage"},"thumbnailUrl":"https:\/\/lequotidien.mr\/wp-content\/uploads\/2025\/07\/photo-Mnstre-formt-prof-perdition-eleves.jpg","datePublished":"2025-07-09T23:58:55+00:00","breadcrumb":{"@id":"https:\/\/lequotidien.mr\/?p=29076&lang=fr#breadcrumb"},"inLanguage":"ar","potentialAction":[{"@type":"ReadAction","target":["https:\/\/lequotidien.mr\/?p=29076&lang=fr"]}]},{"@type":"ImageObject","inLanguage":"ar","@id":"https:\/\/lequotidien.mr\/?p=29076&lang=fr#primaryimage","url":"https:\/\/lequotidien.mr\/wp-content\/uploads\/2025\/07\/photo-Mnstre-formt-prof-perdition-eleves.jpg","contentUrl":"https:\/\/lequotidien.mr\/wp-content\/uploads\/2025\/07\/photo-Mnstre-formt-prof-perdition-eleves.jpg","width":750,"height":430},{"@type":"BreadcrumbList","@id":"https:\/\/lequotidien.mr\/?p=29076&lang=fr#breadcrumb","itemListElement":[{"@type":"ListItem","position":1,"name":"Home","item":"https:\/\/lequotidien.mr\/"},{"@type":"ListItem","position":2,"name":"Formation professionnelle: Lancement officiel du programme de la deuxi\u00e8me chance pour les jeunes d\u00e9scolaris\u00e9s"}]},{"@type":"WebSite","@id":"https:\/\/lequotidien.mr\/#website","url":"https:\/\/lequotidien.mr\/","name":"Le Quotidien de Nouakchott","description":"\u0625\u062e\u0628\u0627\u0631\u064a\u0629 \u0645\u0633\u062a\u0642\u0644\u0629 \u0644\u0644\u0623\u0646\u0628\u0627\u0621 \u0627\u0644\u0639\u0627\u0645\u0629","publisher":{"@id":"https:\/\/lequotidien.mr\/#organization"},"potentialAction":[{"@type":"SearchAction","target":{"@type":"EntryPoint","urlTemplate":"https:\/\/lequotidien.mr\/?s={search_term_string}"},"query-input":{"@type":"PropertyValueSpecification","valueRequired":true,"valueName":"search_term_string"}}],"inLanguage":"ar"},{"@type":"Organization","@id":"https:\/\/lequotidien.mr\/#organization","name":"Le Quotidien de Nouakchott","url":"https:\/\/lequotidien.mr\/","logo":{"@type":"ImageObject","inLanguage":"ar","@id":"https:\/\/lequotidien.mr\/#\/schema\/logo\/image\/","url":"https:\/\/lequotidien.mr\/wp-content\/uploads\/2022\/11\/logolequotidien.jpg","contentUrl":"https:\/\/lequotidien.mr\/wp-content\/uploads\/2022\/11\/logolequotidien.jpg","width":290,"height":65,"caption":"Le Quotidien de Nouakchott"},"image":{"@id":"https:\/\/lequotidien.mr\/#\/schema\/logo\/image\/"},"sameAs":["https:\/\/web.facebook.com\/lequotidienmr","https:\/\/x.com\/lequotidienmr"]},{"@type":"Person","@id":"https:\/\/lequotidien.mr\/#\/schema\/person\/d2d350202a4d599685ed8abc25f97596","name":"Med Ahmed","image":{"@type":"ImageObject","inLanguage":"ar","@id":"https:\/\/secure.gravatar.com\/avatar\/fd2acc62ed50732923d1d39c17172c9b04149f142be92310ecc69e1358f94b52?s=96&d=mm&r=g","url":"https:\/\/secure.gravatar.com\/avatar\/fd2acc62ed50732923d1d39c17172c9b04149f142be92310ecc69e1358f94b52?s=96&d=mm&r=g","contentUrl":"https:\/\/secure.gravatar.com\/avatar\/fd2acc62ed50732923d1d39c17172c9b04149f142be92310ecc69e1358f94b52?s=96&d=mm&r=g","caption":"Med Ahmed"},"url":"https:\/\/lequotidien.mr\/?author=12"}]}},"_links":{"self":[{"href":"https:\/\/lequotidien.mr\/index.php?rest_route=\/wp\/v2\/posts\/29076","targetHints":{"allow":["GET"]}}],"collection":[{"href":"https:\/\/lequotidien.mr\/index.php?rest_route=\/wp\/v2\/posts"}],"about":[{"href":"https:\/\/lequotidien.mr\/index.php?rest_route=\/wp\/v2\/types\/post"}],"author":[{"embeddable":true,"href":"https:\/\/lequotidien.mr\/index.php?rest_route=\/wp\/v2\/users\/12"}],"replies":[{"embeddable":true,"href":"https:\/\/lequotidien.mr\/index.php?rest_route=%2Fwp%2Fv2%2Fcomments&post=29076"}],"version-history":[{"count":1,"href":"https:\/\/lequotidien.mr\/index.php?rest_route=\/wp\/v2\/posts\/29076\/revisions"}],"predecessor-version":[{"id":29078,"href":"https:\/\/lequotidien.mr\/index.php?rest_route=\/wp\/v2\/posts\/29076\/revisions\/29078"}],"wp:featuredmedia":[{"embeddable":true,"href":"https:\/\/lequotidien.mr\/index.php?rest_route=\/wp\/v2\/media\/29077"}],"wp:attachment":[{"href":"https:\/\/lequotidien.mr\/index.php?rest_route=%2Fwp%2Fv2%2Fmedia&parent=29076"}],"wp:term":[{"taxonomy":"category","embeddable":true,"href":"https:\/\/lequotidien.mr\/index.php?rest_route=%2Fwp%2Fv2%2Fcategories&post=29076"},{"taxonomy":"post_tag","embeddable":true,"href":"https:\/\/lequotidien.mr\/index.php?rest_route=%2Fwp%2Fv2%2Ftags&post=29076"}],"curies":[{"name":"wp","href":"https:\/\/api.w.org\/{rel}","templated":true}]}}