{"id":29034,"date":"2025-07-08T12:16:00","date_gmt":"2025-07-08T12:16:00","guid":{"rendered":"https:\/\/lequotidien.mr\/?p=29034"},"modified":"2025-07-08T12:16:13","modified_gmt":"2025-07-08T12:16:13","slug":"mokhtar-ould-djay-un-premier-ministre-a-loffensive-pour-accelerer-la-decentralisation","status":"publish","type":"post","link":"https:\/\/lequotidien.mr\/?p=29034&lang=fr","title":{"rendered":"Mokhtar Ould Djay, un Premier ministre \u00e0 l\u2019offensive pour acc\u00e9l\u00e9rer la d\u00e9centralisation"},"content":{"rendered":"<p><strong><img loading=\"lazy\" decoding=\"async\" class=\"alignnone size-medium wp-image-29036\" src=\"https:\/\/lequotidien.mr\/wp-content\/uploads\/2025\/07\/534692534-300x193.jpg\" alt=\"\" width=\"300\" height=\"193\" srcset=\"https:\/\/lequotidien.mr\/wp-content\/uploads\/2025\/07\/534692534-300x193.jpg 300w, https:\/\/lequotidien.mr\/wp-content\/uploads\/2025\/07\/534692534-1024x657.jpg 1024w, https:\/\/lequotidien.mr\/wp-content\/uploads\/2025\/07\/534692534-768x493.jpg 768w, https:\/\/lequotidien.mr\/wp-content\/uploads\/2025\/07\/534692534-110x70.jpg 110w, https:\/\/lequotidien.mr\/wp-content\/uploads\/2025\/07\/534692534.jpg 1200w\" sizes=\"auto, (max-width: 300px) 100vw, 300px\" \/><\/strong><\/p>\n<p><strong>Le Premier ministre mauritanien Mokhtar Ould <\/strong><strong>Djay multiplie les initiatives pour donner un coup d\u2019acc\u00e9l\u00e9rateur au processus de d\u00e9centralisation, conform\u00e9ment \u00e0 la vision du pr\u00e9sident Mohamed Ould Cheikh El Ghazouani.<\/strong> Lors d&#8217;une rencontre tenue lundi soir avec les pr\u00e9sidents des conseils r\u00e9gionaux au si\u00e8ge de la Primature, il a r\u00e9affirm\u00e9 l\u2019engagement sans faille du gouvernement \u00e0 renforcer la gouvernance locale comme levier essentiel du d\u00e9veloppement national.<\/p>\n<p>\u00ab Le pr\u00e9sident de la R\u00e9publique consid\u00e8re la d\u00e9centralisation comme un choix irr\u00e9versible pour atteindre le d\u00e9veloppement escompt\u00e9 \u00bb, a martel\u00e9 le Premier ministre, insistant sur la n\u00e9cessit\u00e9 d\u2019ancrer ce principe dans les actions gouvernementales. Pour Mokhtar Ould Djay, <strong>il ne s\u2019agit pas seulement d\u2019un slogan, mais d\u2019une orientation strat\u00e9gique appel\u00e9e \u00e0 se traduire sur le terrain<\/strong>.<\/p>\n<p>Dans cet esprit, il a soulign\u00e9 que le transfert des comp\u00e9tences vers les collectivit\u00e9s territoriales doit se faire de mani\u00e8re progressive et r\u00e9fl\u00e9chie, en veillant \u00e0 garantir des r\u00e9sultats concrets pour les populations.<\/p>\n<p>Souhaitant inscrire la d\u00e9centralisation dans une logique participative et inclusive, le Premier ministre a <strong>r\u00e9pondu favorablement \u00e0 la demande des pr\u00e9sidents des conseils r\u00e9gionaux d\u2019organiser des rencontres r\u00e9guli\u00e8res<\/strong>, renfor\u00e7ant ainsi la concertation entre le gouvernement central et les autorit\u00e9s locales.<\/p>\n<p>Les pr\u00e9sidents des conseils r\u00e9gionaux ont salu\u00e9 <strong>la r\u00e9activit\u00e9 et l\u2019ouverture du Premier ministre<\/strong>, ainsi que <strong>les efforts d\u00e9j\u00e0 engag\u00e9s, notamment \u00e0 travers le programme d\u2019urgence pour l\u2019acc\u00e8s g\u00e9n\u00e9ralis\u00e9 aux services essentiels<\/strong> et le <strong>programme d\u2019urgence pour le d\u00e9veloppement de la ville de Nouakchott<\/strong>.<\/p>\n<p>Ces initiatives visent \u00e0 <strong>r\u00e9duire les in\u00e9galit\u00e9s territoriales et \u00e0 am\u00e9liorer le quotidien des citoyens, en particulier dans les zones recul\u00e9es<\/strong>, o\u00f9 les besoins en infrastructures et services de base restent pressants.<\/p>\n<p>Mokhtar Ould Djay a donn\u00e9 des instructions claires pour <strong>acc\u00e9l\u00e9rer l\u2019\u00e9laboration d\u2019une vision op\u00e9rationnelle du transfert de certaines pr\u00e9rogatives aux conseils r\u00e9gionaux<\/strong>, en vue de permettre une discussion approfondie et une adoption rapide de ce projet de r\u00e9forme.<\/p>\n<p>Ce pas d\u00e9cisif doit, selon lui, s\u2019appuyer sur les <strong>exp\u00e9riences r\u00e9ussies en mati\u00e8re de d\u00e9centralisation<\/strong>, afin d\u2019\u00e9viter les \u00e9cueils et de garantir la viabilit\u00e9 des actions engag\u00e9es.<\/p>\n<p>Depuis son arriv\u00e9e \u00e0 la Primature, <strong>Mokhtar Ould <\/strong><strong>Djay se d\u00e9marque par un activisme soutenu<\/strong>, aussi bien dans le suivi des r\u00e9formes \u00e9conomiques que dans la mise en \u0153uvre des grands chantiers sociaux. En pla\u00e7ant la d\u00e9centralisation au c\u0153ur de son agenda, il entend <strong>faire de la gouvernance locale un moteur de transformation sociale et \u00e9conomique<\/strong>, \u00e0 m\u00eame de rapprocher les centres de d\u00e9cision des citoyens.<\/p>\n<p>Avec cette dynamique, <strong>le gouvernement mauritanien confirme sa volont\u00e9 de construire un \u00c9tat plus proche, plus efficace et plus \u00e9quitable<\/strong>, en phase avec les ambitions du pr\u00e9sident Ghazouani pour un d\u00e9veloppement inclusif et durable.<\/p>\n<p>&nbsp;<\/p>\n<p>&nbsp;<\/p>\n<p>&nbsp;<\/p>\n","protected":false},"excerpt":{"rendered":"<p>Le Premier ministre mauritanien Mokhtar Ould Djay multiplie les initiatives pour donner un coup d\u2019acc\u00e9l\u00e9rateur au processus de d\u00e9centralisation, conform\u00e9ment \u00e0 la vision du pr\u00e9sident Mohamed Ould Cheikh El Ghazouani. Lors d&#8217;une rencontre tenue lundi soir avec les pr\u00e9sidents des conseils r\u00e9gionaux au si\u00e8ge de la Primature, il a r\u00e9affirm\u00e9 l\u2019engagement sans faille du gouvernement&#8230;..<\/p>\n","protected":false},"author":4,"featured_media":29035,"comment_status":"open","ping_status":"open","sticky":false,"template":"","format":"standard","meta":{"footnotes":""},"categories":[23,57],"tags":[],"class_list":["post-29034","post","type-post","status-publish","format-standard","has-post-thumbnail","hentry","category-actualite","category-couverture-specilale"],"yoast_head":"<!-- This site is optimized with the Yoast SEO plugin v27.5 - https:\/\/yoast.com\/product\/yoast-seo-wordpress\/ -->\n<title>Mokhtar Ould Djay, un Premier ministre \u00e0 l\u2019offensive pour acc\u00e9l\u00e9rer la d\u00e9centralisation - Le Quotidien de Nouakchott<\/title>\n<meta name=\"robots\" content=\"index, follow, max-snippet:-1, max-image-preview:large, max-video-preview:-1\" \/>\n<link rel=\"canonical\" href=\"https:\/\/lequotidien.mr\/?p=29034&lang=fr\" \/>\n<meta property=\"og:locale\" content=\"ar_AR\" \/>\n<meta property=\"og:type\" content=\"article\" \/>\n<meta property=\"og:title\" content=\"Mokhtar Ould Djay, un Premier ministre \u00e0 l\u2019offensive pour acc\u00e9l\u00e9rer la d\u00e9centralisation - Le Quotidien de Nouakchott\" \/>\n<meta property=\"og:description\" content=\"Le Premier ministre mauritanien Mokhtar Ould Djay multiplie les initiatives pour donner un coup d\u2019acc\u00e9l\u00e9rateur au processus de d\u00e9centralisation, conform\u00e9ment \u00e0 la vision du pr\u00e9sident Mohamed Ould Cheikh El Ghazouani. Lors d&#8217;une rencontre tenue lundi soir avec les pr\u00e9sidents des conseils r\u00e9gionaux au si\u00e8ge de la Primature, il a r\u00e9affirm\u00e9 l\u2019engagement sans faille du gouvernement.....\" \/>\n<meta property=\"og:url\" content=\"https:\/\/lequotidien.mr\/?p=29034&amp;lang=fr\" \/>\n<meta property=\"og:site_name\" content=\"Le Quotidien de Nouakchott\" \/>\n<meta property=\"article:publisher\" content=\"https:\/\/web.facebook.com\/lequotidienmr\" \/>\n<meta property=\"article:published_time\" content=\"2025-07-08T12:16:00+00:00\" \/>\n<meta property=\"article:modified_time\" content=\"2025-07-08T12:16:13+00:00\" \/>\n<meta property=\"og:image\" content=\"https:\/\/lequotidien.mr\/wp-content\/uploads\/2025\/07\/6539485794.jpeg\" \/>\n\t<meta property=\"og:image:width\" content=\"1200\" \/>\n\t<meta property=\"og:image:height\" content=\"799\" \/>\n\t<meta property=\"og:image:type\" content=\"image\/jpeg\" \/>\n<meta name=\"author\" content=\"Le Quotidien\" \/>\n<meta name=\"twitter:card\" content=\"summary_large_image\" \/>\n<meta name=\"twitter:creator\" content=\"@lequotidienmr\" \/>\n<meta name=\"twitter:site\" content=\"@lequotidienmr\" \/>\n<meta name=\"twitter:label1\" content=\"\u0643\u064f\u062a\u0628 \u0628\u0648\u0627\u0633\u0637\u0629\" \/>\n\t<meta name=\"twitter:data1\" content=\"Le Quotidien\" \/>\n\t<meta name=\"twitter:label2\" content=\"\u0648\u0642\u062a \u0627\u0644\u0642\u0631\u0627\u0621\u0629 \u0627\u0644\u0645\u064f\u0642\u062f\u0651\u0631\" \/>\n\t<meta name=\"twitter:data2\" content=\"4 \u062f\u0642\u0627\u0626\u0642\" \/>\n<script type=\"application\/ld+json\" class=\"yoast-schema-graph\">{\"@context\":\"https:\\\/\\\/schema.org\",\"@graph\":[{\"@type\":\"Article\",\"@id\":\"https:\\\/\\\/lequotidien.mr\\\/?p=29034&lang=fr#article\",\"isPartOf\":{\"@id\":\"https:\\\/\\\/lequotidien.mr\\\/?p=29034&lang=fr\"},\"author\":{\"name\":\"Le Quotidien\",\"@id\":\"https:\\\/\\\/lequotidien.mr\\\/#\\\/schema\\\/person\\\/f90fcdaa970c60288de4ed2e64a56472\"},\"headline\":\"Mokhtar Ould Djay, un Premier ministre \u00e0 l\u2019offensive pour acc\u00e9l\u00e9rer la d\u00e9centralisation\",\"datePublished\":\"2025-07-08T12:16:00+00:00\",\"dateModified\":\"2025-07-08T12:16:13+00:00\",\"mainEntityOfPage\":{\"@id\":\"https:\\\/\\\/lequotidien.mr\\\/?p=29034&lang=fr\"},\"wordCount\":528,\"commentCount\":0,\"publisher\":{\"@id\":\"https:\\\/\\\/lequotidien.mr\\\/#organization\"},\"image\":{\"@id\":\"https:\\\/\\\/lequotidien.mr\\\/?p=29034&lang=fr#primaryimage\"},\"thumbnailUrl\":\"https:\\\/\\\/lequotidien.mr\\\/wp-content\\\/uploads\\\/2025\\\/07\\\/6539485794.jpeg\",\"articleSection\":[\"ACTUALIT\u00c9\",\"Couverture sp\u00e9cilale\"],\"inLanguage\":\"ar\",\"potentialAction\":[{\"@type\":\"CommentAction\",\"name\":\"Comment\",\"target\":[\"https:\\\/\\\/lequotidien.mr\\\/?p=29034&lang=fr#respond\"]}]},{\"@type\":\"WebPage\",\"@id\":\"https:\\\/\\\/lequotidien.mr\\\/?p=29034&lang=fr\",\"url\":\"https:\\\/\\\/lequotidien.mr\\\/?p=29034&lang=fr\",\"name\":\"Mokhtar Ould Djay, un Premier ministre \u00e0 l\u2019offensive pour acc\u00e9l\u00e9rer la d\u00e9centralisation - Le Quotidien de Nouakchott\",\"isPartOf\":{\"@id\":\"https:\\\/\\\/lequotidien.mr\\\/#website\"},\"primaryImageOfPage\":{\"@id\":\"https:\\\/\\\/lequotidien.mr\\\/?p=29034&lang=fr#primaryimage\"},\"image\":{\"@id\":\"https:\\\/\\\/lequotidien.mr\\\/?p=29034&lang=fr#primaryimage\"},\"thumbnailUrl\":\"https:\\\/\\\/lequotidien.mr\\\/wp-content\\\/uploads\\\/2025\\\/07\\\/6539485794.jpeg\",\"datePublished\":\"2025-07-08T12:16:00+00:00\",\"dateModified\":\"2025-07-08T12:16:13+00:00\",\"breadcrumb\":{\"@id\":\"https:\\\/\\\/lequotidien.mr\\\/?p=29034&lang=fr#breadcrumb\"},\"inLanguage\":\"ar\",\"potentialAction\":[{\"@type\":\"ReadAction\",\"target\":[\"https:\\\/\\\/lequotidien.mr\\\/?p=29034&lang=fr\"]}]},{\"@type\":\"ImageObject\",\"inLanguage\":\"ar\",\"@id\":\"https:\\\/\\\/lequotidien.mr\\\/?p=29034&lang=fr#primaryimage\",\"url\":\"https:\\\/\\\/lequotidien.mr\\\/wp-content\\\/uploads\\\/2025\\\/07\\\/6539485794.jpeg\",\"contentUrl\":\"https:\\\/\\\/lequotidien.mr\\\/wp-content\\\/uploads\\\/2025\\\/07\\\/6539485794.jpeg\",\"width\":1200,\"height\":799},{\"@type\":\"BreadcrumbList\",\"@id\":\"https:\\\/\\\/lequotidien.mr\\\/?p=29034&lang=fr#breadcrumb\",\"itemListElement\":[{\"@type\":\"ListItem\",\"position\":1,\"name\":\"Home\",\"item\":\"https:\\\/\\\/lequotidien.mr\\\/\"},{\"@type\":\"ListItem\",\"position\":2,\"name\":\"Mokhtar Ould Djay, un Premier ministre \u00e0 l\u2019offensive pour acc\u00e9l\u00e9rer la d\u00e9centralisation\"}]},{\"@type\":\"WebSite\",\"@id\":\"https:\\\/\\\/lequotidien.mr\\\/#website\",\"url\":\"https:\\\/\\\/lequotidien.mr\\\/\",\"name\":\"Le Quotidien de Nouakchott\",\"description\":\"\u0625\u062e\u0628\u0627\u0631\u064a\u0629 \u0645\u0633\u062a\u0642\u0644\u0629 \u0644\u0644\u0623\u0646\u0628\u0627\u0621 \u0627\u0644\u0639\u0627\u0645\u0629\",\"publisher\":{\"@id\":\"https:\\\/\\\/lequotidien.mr\\\/#organization\"},\"potentialAction\":[{\"@type\":\"SearchAction\",\"target\":{\"@type\":\"EntryPoint\",\"urlTemplate\":\"https:\\\/\\\/lequotidien.mr\\\/?s={search_term_string}\"},\"query-input\":{\"@type\":\"PropertyValueSpecification\",\"valueRequired\":true,\"valueName\":\"search_term_string\"}}],\"inLanguage\":\"ar\"},{\"@type\":\"Organization\",\"@id\":\"https:\\\/\\\/lequotidien.mr\\\/#organization\",\"name\":\"Le Quotidien de Nouakchott\",\"url\":\"https:\\\/\\\/lequotidien.mr\\\/\",\"logo\":{\"@type\":\"ImageObject\",\"inLanguage\":\"ar\",\"@id\":\"https:\\\/\\\/lequotidien.mr\\\/#\\\/schema\\\/logo\\\/image\\\/\",\"url\":\"https:\\\/\\\/lequotidien.mr\\\/wp-content\\\/uploads\\\/2022\\\/11\\\/logolequotidien.jpg\",\"contentUrl\":\"https:\\\/\\\/lequotidien.mr\\\/wp-content\\\/uploads\\\/2022\\\/11\\\/logolequotidien.jpg\",\"width\":290,\"height\":65,\"caption\":\"Le Quotidien de Nouakchott\"},\"image\":{\"@id\":\"https:\\\/\\\/lequotidien.mr\\\/#\\\/schema\\\/logo\\\/image\\\/\"},\"sameAs\":[\"https:\\\/\\\/web.facebook.com\\\/lequotidienmr\",\"https:\\\/\\\/x.com\\\/lequotidienmr\"]},{\"@type\":\"Person\",\"@id\":\"https:\\\/\\\/lequotidien.mr\\\/#\\\/schema\\\/person\\\/f90fcdaa970c60288de4ed2e64a56472\",\"name\":\"Le Quotidien\",\"image\":{\"@type\":\"ImageObject\",\"inLanguage\":\"ar\",\"@id\":\"https:\\\/\\\/secure.gravatar.com\\\/avatar\\\/374cb39a1a458a912465a93e5a3ce6546886fc3da809a1f10c63e4e8fcbca30f?s=96&d=mm&r=g\",\"url\":\"https:\\\/\\\/secure.gravatar.com\\\/avatar\\\/374cb39a1a458a912465a93e5a3ce6546886fc3da809a1f10c63e4e8fcbca30f?s=96&d=mm&r=g\",\"contentUrl\":\"https:\\\/\\\/secure.gravatar.com\\\/avatar\\\/374cb39a1a458a912465a93e5a3ce6546886fc3da809a1f10c63e4e8fcbca30f?s=96&d=mm&r=g\",\"caption\":\"Le Quotidien\"},\"sameAs\":[\"https:\\\/\\\/lequotidien.mr\\\/\"],\"url\":\"https:\\\/\\\/lequotidien.mr\\\/?author=4\"}]}<\/script>\n<!-- \/ Yoast SEO plugin. -->","yoast_head_json":{"title":"Mokhtar Ould Djay, un Premier ministre \u00e0 l\u2019offensive pour acc\u00e9l\u00e9rer la d\u00e9centralisation - Le Quotidien de Nouakchott","robots":{"index":"index","follow":"follow","max-snippet":"max-snippet:-1","max-image-preview":"max-image-preview:large","max-video-preview":"max-video-preview:-1"},"canonical":"https:\/\/lequotidien.mr\/?p=29034&lang=fr","og_locale":"ar_AR","og_type":"article","og_title":"Mokhtar Ould Djay, un Premier ministre \u00e0 l\u2019offensive pour acc\u00e9l\u00e9rer la d\u00e9centralisation - Le Quotidien de Nouakchott","og_description":"Le Premier ministre mauritanien Mokhtar Ould Djay multiplie les initiatives pour donner un coup d\u2019acc\u00e9l\u00e9rateur au processus de d\u00e9centralisation, conform\u00e9ment \u00e0 la vision du pr\u00e9sident Mohamed Ould Cheikh El Ghazouani. Lors d&#8217;une rencontre tenue lundi soir avec les pr\u00e9sidents des conseils r\u00e9gionaux au si\u00e8ge de la Primature, il a r\u00e9affirm\u00e9 l\u2019engagement sans faille du gouvernement.....","og_url":"https:\/\/lequotidien.mr\/?p=29034&lang=fr","og_site_name":"Le Quotidien de Nouakchott","article_publisher":"https:\/\/web.facebook.com\/lequotidienmr","article_published_time":"2025-07-08T12:16:00+00:00","article_modified_time":"2025-07-08T12:16:13+00:00","og_image":[{"width":1200,"height":799,"url":"https:\/\/lequotidien.mr\/wp-content\/uploads\/2025\/07\/6539485794.jpeg","type":"image\/jpeg"}],"author":"Le Quotidien","twitter_card":"summary_large_image","twitter_creator":"@lequotidienmr","twitter_site":"@lequotidienmr","twitter_misc":{"\u0643\u064f\u062a\u0628 \u0628\u0648\u0627\u0633\u0637\u0629":"Le Quotidien","\u0648\u0642\u062a \u0627\u0644\u0642\u0631\u0627\u0621\u0629 \u0627\u0644\u0645\u064f\u0642\u062f\u0651\u0631":"4 \u062f\u0642\u0627\u0626\u0642"},"schema":{"@context":"https:\/\/schema.org","@graph":[{"@type":"Article","@id":"https:\/\/lequotidien.mr\/?p=29034&lang=fr#article","isPartOf":{"@id":"https:\/\/lequotidien.mr\/?p=29034&lang=fr"},"author":{"name":"Le Quotidien","@id":"https:\/\/lequotidien.mr\/#\/schema\/person\/f90fcdaa970c60288de4ed2e64a56472"},"headline":"Mokhtar Ould Djay, un Premier ministre \u00e0 l\u2019offensive pour acc\u00e9l\u00e9rer la d\u00e9centralisation","datePublished":"2025-07-08T12:16:00+00:00","dateModified":"2025-07-08T12:16:13+00:00","mainEntityOfPage":{"@id":"https:\/\/lequotidien.mr\/?p=29034&lang=fr"},"wordCount":528,"commentCount":0,"publisher":{"@id":"https:\/\/lequotidien.mr\/#organization"},"image":{"@id":"https:\/\/lequotidien.mr\/?p=29034&lang=fr#primaryimage"},"thumbnailUrl":"https:\/\/lequotidien.mr\/wp-content\/uploads\/2025\/07\/6539485794.jpeg","articleSection":["ACTUALIT\u00c9","Couverture sp\u00e9cilale"],"inLanguage":"ar","potentialAction":[{"@type":"CommentAction","name":"Comment","target":["https:\/\/lequotidien.mr\/?p=29034&lang=fr#respond"]}]},{"@type":"WebPage","@id":"https:\/\/lequotidien.mr\/?p=29034&lang=fr","url":"https:\/\/lequotidien.mr\/?p=29034&lang=fr","name":"Mokhtar Ould Djay, un Premier ministre \u00e0 l\u2019offensive pour acc\u00e9l\u00e9rer la d\u00e9centralisation - Le Quotidien de Nouakchott","isPartOf":{"@id":"https:\/\/lequotidien.mr\/#website"},"primaryImageOfPage":{"@id":"https:\/\/lequotidien.mr\/?p=29034&lang=fr#primaryimage"},"image":{"@id":"https:\/\/lequotidien.mr\/?p=29034&lang=fr#primaryimage"},"thumbnailUrl":"https:\/\/lequotidien.mr\/wp-content\/uploads\/2025\/07\/6539485794.jpeg","datePublished":"2025-07-08T12:16:00+00:00","dateModified":"2025-07-08T12:16:13+00:00","breadcrumb":{"@id":"https:\/\/lequotidien.mr\/?p=29034&lang=fr#breadcrumb"},"inLanguage":"ar","potentialAction":[{"@type":"ReadAction","target":["https:\/\/lequotidien.mr\/?p=29034&lang=fr"]}]},{"@type":"ImageObject","inLanguage":"ar","@id":"https:\/\/lequotidien.mr\/?p=29034&lang=fr#primaryimage","url":"https:\/\/lequotidien.mr\/wp-content\/uploads\/2025\/07\/6539485794.jpeg","contentUrl":"https:\/\/lequotidien.mr\/wp-content\/uploads\/2025\/07\/6539485794.jpeg","width":1200,"height":799},{"@type":"BreadcrumbList","@id":"https:\/\/lequotidien.mr\/?p=29034&lang=fr#breadcrumb","itemListElement":[{"@type":"ListItem","position":1,"name":"Home","item":"https:\/\/lequotidien.mr\/"},{"@type":"ListItem","position":2,"name":"Mokhtar Ould Djay, un Premier ministre \u00e0 l\u2019offensive pour acc\u00e9l\u00e9rer la d\u00e9centralisation"}]},{"@type":"WebSite","@id":"https:\/\/lequotidien.mr\/#website","url":"https:\/\/lequotidien.mr\/","name":"Le Quotidien de Nouakchott","description":"\u0625\u062e\u0628\u0627\u0631\u064a\u0629 \u0645\u0633\u062a\u0642\u0644\u0629 \u0644\u0644\u0623\u0646\u0628\u0627\u0621 \u0627\u0644\u0639\u0627\u0645\u0629","publisher":{"@id":"https:\/\/lequotidien.mr\/#organization"},"potentialAction":[{"@type":"SearchAction","target":{"@type":"EntryPoint","urlTemplate":"https:\/\/lequotidien.mr\/?s={search_term_string}"},"query-input":{"@type":"PropertyValueSpecification","valueRequired":true,"valueName":"search_term_string"}}],"inLanguage":"ar"},{"@type":"Organization","@id":"https:\/\/lequotidien.mr\/#organization","name":"Le Quotidien de Nouakchott","url":"https:\/\/lequotidien.mr\/","logo":{"@type":"ImageObject","inLanguage":"ar","@id":"https:\/\/lequotidien.mr\/#\/schema\/logo\/image\/","url":"https:\/\/lequotidien.mr\/wp-content\/uploads\/2022\/11\/logolequotidien.jpg","contentUrl":"https:\/\/lequotidien.mr\/wp-content\/uploads\/2022\/11\/logolequotidien.jpg","width":290,"height":65,"caption":"Le Quotidien de Nouakchott"},"image":{"@id":"https:\/\/lequotidien.mr\/#\/schema\/logo\/image\/"},"sameAs":["https:\/\/web.facebook.com\/lequotidienmr","https:\/\/x.com\/lequotidienmr"]},{"@type":"Person","@id":"https:\/\/lequotidien.mr\/#\/schema\/person\/f90fcdaa970c60288de4ed2e64a56472","name":"Le Quotidien","image":{"@type":"ImageObject","inLanguage":"ar","@id":"https:\/\/secure.gravatar.com\/avatar\/374cb39a1a458a912465a93e5a3ce6546886fc3da809a1f10c63e4e8fcbca30f?s=96&d=mm&r=g","url":"https:\/\/secure.gravatar.com\/avatar\/374cb39a1a458a912465a93e5a3ce6546886fc3da809a1f10c63e4e8fcbca30f?s=96&d=mm&r=g","contentUrl":"https:\/\/secure.gravatar.com\/avatar\/374cb39a1a458a912465a93e5a3ce6546886fc3da809a1f10c63e4e8fcbca30f?s=96&d=mm&r=g","caption":"Le Quotidien"},"sameAs":["https:\/\/lequotidien.mr\/"],"url":"https:\/\/lequotidien.mr\/?author=4"}]}},"_links":{"self":[{"href":"https:\/\/lequotidien.mr\/index.php?rest_route=\/wp\/v2\/posts\/29034","targetHints":{"allow":["GET"]}}],"collection":[{"href":"https:\/\/lequotidien.mr\/index.php?rest_route=\/wp\/v2\/posts"}],"about":[{"href":"https:\/\/lequotidien.mr\/index.php?rest_route=\/wp\/v2\/types\/post"}],"author":[{"embeddable":true,"href":"https:\/\/lequotidien.mr\/index.php?rest_route=\/wp\/v2\/users\/4"}],"replies":[{"embeddable":true,"href":"https:\/\/lequotidien.mr\/index.php?rest_route=%2Fwp%2Fv2%2Fcomments&post=29034"}],"version-history":[{"count":2,"href":"https:\/\/lequotidien.mr\/index.php?rest_route=\/wp\/v2\/posts\/29034\/revisions"}],"predecessor-version":[{"id":29038,"href":"https:\/\/lequotidien.mr\/index.php?rest_route=\/wp\/v2\/posts\/29034\/revisions\/29038"}],"wp:featuredmedia":[{"embeddable":true,"href":"https:\/\/lequotidien.mr\/index.php?rest_route=\/wp\/v2\/media\/29035"}],"wp:attachment":[{"href":"https:\/\/lequotidien.mr\/index.php?rest_route=%2Fwp%2Fv2%2Fmedia&parent=29034"}],"wp:term":[{"taxonomy":"category","embeddable":true,"href":"https:\/\/lequotidien.mr\/index.php?rest_route=%2Fwp%2Fv2%2Fcategories&post=29034"},{"taxonomy":"post_tag","embeddable":true,"href":"https:\/\/lequotidien.mr\/index.php?rest_route=%2Fwp%2Fv2%2Ftags&post=29034"}],"curies":[{"name":"wp","href":"https:\/\/api.w.org\/{rel}","templated":true}]}}