{"id":29027,"date":"2025-07-08T12:08:20","date_gmt":"2025-07-08T12:08:20","guid":{"rendered":"https:\/\/lequotidien.mr\/?p=29027"},"modified":"2025-07-08T12:08:20","modified_gmt":"2025-07-08T12:08:20","slug":"la-mauritanie-a-lhonneur-au-africa-singapore-business-forum-2025","status":"publish","type":"post","link":"https:\/\/lequotidien.mr\/?p=29027&lang=fr","title":{"rendered":"La Mauritanie \u00e0 l\u2019honneur au Africa-Singapore Business Forum 2025"},"content":{"rendered":"<p><strong>Pour la premi\u00e8re fois de son histoire, la Mauritanie sera \u00e0 l\u2019honneur au prestigieux Africa-Singapore Business Forum (ASBF), dont la 8e \u00e9dition se tiendra du 26 au 28 ao\u00fbt 2025 \u00e0 Singapour.<\/strong> Cet \u00e9v\u00e9nement d\u2019envergure, devenu un carrefour strat\u00e9gique du commerce et de l\u2019investissement entre l\u2019Afrique et l\u2019Asie, consacrera une journ\u00e9e sp\u00e9ciale \u00e0 la Mauritanie sous l\u2019appellation : <strong>\u00ab Mauritania Business Day \u00bb<\/strong>.<\/p>\n<h2>Une vitrine in\u00e9dite pour l\u2019\u00e9conomie mauritanienne en Asie<\/h2>\n<p>Organis\u00e9 par le cabinet de conseil <strong>Meen &amp; Meen<\/strong>, dirig\u00e9 par l\u2019expert international <strong>Hassana Mbeirick<\/strong>, en partenariat avec l\u2019agence gouvernementale singapourienne <strong>Enterprise Singapore<\/strong>, cet \u00e9v\u00e9nement b\u00e9n\u00e9ficie du soutien officiel du <strong>minist\u00e8re du Commerce et de l\u2019Industrie de Singapour<\/strong>.<\/p>\n<p>Sous le th\u00e8me : <strong>\u00ab La Mauritanie, une terre prometteuse d\u2019opportunit\u00e9s \u00bb<\/strong>, la journ\u00e9e d\u00e9di\u00e9e vise \u00e0 :<\/p>\n<ul>\n<li><strong>Promouvoir l\u2019image \u00e9conomique de la Mauritanie aupr\u00e8s des investisseurs asiatiques<\/strong> ;<\/li>\n<li><strong>Faciliter les \u00e9changes entre les d\u00e9cideurs publics et les acteurs priv\u00e9s des deux pays<\/strong> ;<\/li>\n<li><strong>Nouer des partenariats solides et durables entre Singapour et la Mauritanie<\/strong>.<\/li>\n<\/ul>\n<p><strong>La Mauritanie y pr\u00e9sentera ses atouts dans plusieurs secteurs cl\u00e9s de son \u00e9conomie :<\/strong><\/p>\n<ul>\n<li>Gaz, \u00e9nergie et mines<\/li>\n<li>Infrastructures portuaires et maritimes<\/li>\n<li>Transport et logistique<\/li>\n<li>Industrie agroalimentaire<\/li>\n<li>Banque et finance<\/li>\n<li>Technologies num\u00e9riques et digitalisation<\/li>\n<\/ul>\n<h2>Un programme riche et des acteurs de haut niveau<\/h2>\n<p>Le <strong>\u00ab Mauritania Business Day \u00bb<\/strong> comprendra :<\/p>\n<ul>\n<li>Une <strong>session minist\u00e9rielle<\/strong> avec la participation attendue de <strong> Thiam Tidjani<\/strong>, ministre des Mines et de l\u2019Industrie de Mauritanie, et de <strong>M. Samba Thiam<\/strong>, pr\u00e9sident du Comit\u00e9 scientifique du gouvernement ;<\/li>\n<li>Des <strong>panels et pr\u00e9sentations th\u00e9matiques<\/strong> anim\u00e9s par des officiels mauritaniens et des chefs d\u2019entreprises ;<\/li>\n<li>Une <strong>s\u00e9ance B2B de r\u00e9seautage<\/strong> pour favoriser les contacts et les investissements concrets ;<\/li>\n<li>Un <strong>d\u00e9jeuner-r\u00e9ception<\/strong> d\u00e9di\u00e9 au renforcement des liens d\u2019affaires.<\/li>\n<\/ul>\n<p>L\u2019<strong>Agence de Promotion des Investissements de Mauritanie (APIM)<\/strong> jouera un r\u00f4le central dans la mise en avant des projets et opportunit\u00e9s mauritaniens aux c\u00f4t\u00e9s d&#8217;autres agences africaines venues du <strong>Nigeria, d\u2019\u00c9gypte, d\u2019Afrique du Sud ou du Kenya<\/strong>.<\/p>\n<p>Le <strong>secteur priv\u00e9 mauritanien<\/strong> sera \u00e9galement au c\u0153ur de cet \u00e9v\u00e9nement. Parmi les figures attendues figurent <strong>Mme Leila Bouamatou<\/strong>, directrice g\u00e9n\u00e9rale de la <strong>G\u00e9n\u00e9rale de Banque de Mauritanie (GBM)<\/strong>, ainsi que des dirigeants d\u2019entreprises et des repr\u00e9sentants du patronat national.<\/p>\n<p>&nbsp;<\/p>\n<h2>Un partenariat strat\u00e9gique en pleine expansion<\/h2>\n<p>La tenue de ce forum s\u2019inscrit dans la <strong>continuit\u00e9 de la mission d\u2019affaires singapourienne en Mauritanie organis\u00e9e en novembre 2023<\/strong> par Meen &amp; Meen et Enterprise Singapore \u2014 une premi\u00e8re qui avait permis de jeter les bases d\u2019une coop\u00e9ration naissante entre Nouakchott et Singapour.<\/p>\n<p>En participant activement \u00e0 l\u2019ASBF 2025, la Mauritanie fait un pas significatif vers <strong>une meilleure insertion dans les cha\u00eenes de valeur internationales<\/strong>, en particulier dans un environnement asiatique o\u00f9 Singapour s\u2019impose comme un <strong>hub mondial du commerce, des finances et de l\u2019innovation<\/strong>.<\/p>\n<p>La pr\u00e9sence d\u2019une importante d\u00e9l\u00e9gation mauritanienne dans cette vitrine internationale t\u00e9moigne de la volont\u00e9 des autorit\u00e9s et du secteur priv\u00e9 de <strong>diversifier les partenariats \u00e9conomiques du pays<\/strong> et d\u2019<strong>attirer de nouveaux investissements dans des secteurs strat\u00e9giques pour son d\u00e9veloppement<\/strong>.<\/p>\n<p>&nbsp;<\/p>\n","protected":false},"excerpt":{"rendered":"<p>Pour la premi\u00e8re fois de son histoire, la Mauritanie sera \u00e0 l\u2019honneur au prestigieux Africa-Singapore Business Forum (ASBF), dont la 8e \u00e9dition se tiendra du 26 au 28 ao\u00fbt 2025 \u00e0 Singapour. Cet \u00e9v\u00e9nement d\u2019envergure, devenu un carrefour strat\u00e9gique du commerce et de l\u2019investissement entre l\u2019Afrique et l\u2019Asie, consacrera une journ\u00e9e sp\u00e9ciale \u00e0 la Mauritanie&#8230;..<\/p>\n","protected":false},"author":4,"featured_media":29028,"comment_status":"open","ping_status":"open","sticky":false,"template":"","format":"standard","meta":{"footnotes":""},"categories":[23,49,57],"tags":[],"class_list":["post-29027","post","type-post","status-publish","format-standard","has-post-thumbnail","hentry","category-actualite","category-economie","category-couverture-specilale"],"yoast_head":"<!-- This site is optimized with the Yoast SEO plugin v27.5 - https:\/\/yoast.com\/product\/yoast-seo-wordpress\/ -->\n<title>La Mauritanie \u00e0 l\u2019honneur au Africa-Singapore Business Forum 2025 - Le Quotidien de Nouakchott<\/title>\n<meta name=\"robots\" content=\"index, follow, max-snippet:-1, max-image-preview:large, max-video-preview:-1\" \/>\n<link rel=\"canonical\" href=\"https:\/\/lequotidien.mr\/?p=29027&lang=fr\" \/>\n<meta property=\"og:locale\" content=\"ar_AR\" \/>\n<meta property=\"og:type\" content=\"article\" \/>\n<meta property=\"og:title\" content=\"La Mauritanie \u00e0 l\u2019honneur au Africa-Singapore Business Forum 2025 - Le Quotidien de Nouakchott\" \/>\n<meta property=\"og:description\" content=\"Pour la premi\u00e8re fois de son histoire, la Mauritanie sera \u00e0 l\u2019honneur au prestigieux Africa-Singapore Business Forum (ASBF), dont la 8e \u00e9dition se tiendra du 26 au 28 ao\u00fbt 2025 \u00e0 Singapour. Cet \u00e9v\u00e9nement d\u2019envergure, devenu un carrefour strat\u00e9gique du commerce et de l\u2019investissement entre l\u2019Afrique et l\u2019Asie, consacrera une journ\u00e9e sp\u00e9ciale \u00e0 la Mauritanie.....\" \/>\n<meta property=\"og:url\" content=\"https:\/\/lequotidien.mr\/?p=29027&amp;lang=fr\" \/>\n<meta property=\"og:site_name\" content=\"Le Quotidien de Nouakchott\" \/>\n<meta property=\"article:publisher\" content=\"https:\/\/web.facebook.com\/lequotidienmr\" \/>\n<meta property=\"article:published_time\" content=\"2025-07-08T12:08:20+00:00\" \/>\n<meta property=\"og:image\" content=\"https:\/\/lequotidien.mr\/wp-content\/uploads\/2025\/07\/Hacena-.jpg\" \/>\n\t<meta property=\"og:image:width\" content=\"1080\" \/>\n\t<meta property=\"og:image:height\" content=\"812\" \/>\n\t<meta property=\"og:image:type\" content=\"image\/jpeg\" \/>\n<meta name=\"author\" content=\"Le Quotidien\" \/>\n<meta name=\"twitter:card\" content=\"summary_large_image\" \/>\n<meta name=\"twitter:creator\" content=\"@lequotidienmr\" \/>\n<meta name=\"twitter:site\" content=\"@lequotidienmr\" \/>\n<meta name=\"twitter:label1\" content=\"\u0643\u064f\u062a\u0628 \u0628\u0648\u0627\u0633\u0637\u0629\" \/>\n\t<meta name=\"twitter:data1\" content=\"Le Quotidien\" \/>\n\t<meta name=\"twitter:label2\" content=\"\u0648\u0642\u062a \u0627\u0644\u0642\u0631\u0627\u0621\u0629 \u0627\u0644\u0645\u064f\u0642\u062f\u0651\u0631\" \/>\n\t<meta name=\"twitter:data2\" content=\"4 \u062f\u0642\u0627\u0626\u0642\" \/>\n<script type=\"application\/ld+json\" class=\"yoast-schema-graph\">{\"@context\":\"https:\\\/\\\/schema.org\",\"@graph\":[{\"@type\":\"Article\",\"@id\":\"https:\\\/\\\/lequotidien.mr\\\/?p=29027&lang=fr#article\",\"isPartOf\":{\"@id\":\"https:\\\/\\\/lequotidien.mr\\\/?p=29027&lang=fr\"},\"author\":{\"name\":\"Le Quotidien\",\"@id\":\"https:\\\/\\\/lequotidien.mr\\\/#\\\/schema\\\/person\\\/f90fcdaa970c60288de4ed2e64a56472\"},\"headline\":\"La Mauritanie \u00e0 l\u2019honneur au Africa-Singapore Business Forum 2025\",\"datePublished\":\"2025-07-08T12:08:20+00:00\",\"mainEntityOfPage\":{\"@id\":\"https:\\\/\\\/lequotidien.mr\\\/?p=29027&lang=fr\"},\"wordCount\":557,\"commentCount\":0,\"publisher\":{\"@id\":\"https:\\\/\\\/lequotidien.mr\\\/#organization\"},\"image\":{\"@id\":\"https:\\\/\\\/lequotidien.mr\\\/?p=29027&lang=fr#primaryimage\"},\"thumbnailUrl\":\"https:\\\/\\\/lequotidien.mr\\\/wp-content\\\/uploads\\\/2025\\\/07\\\/Hacena-.jpg\",\"articleSection\":[\"ACTUALIT\u00c9\",\"Economie\",\"Couverture sp\u00e9cilale\"],\"inLanguage\":\"ar\",\"potentialAction\":[{\"@type\":\"CommentAction\",\"name\":\"Comment\",\"target\":[\"https:\\\/\\\/lequotidien.mr\\\/?p=29027&lang=fr#respond\"]}]},{\"@type\":\"WebPage\",\"@id\":\"https:\\\/\\\/lequotidien.mr\\\/?p=29027&lang=fr\",\"url\":\"https:\\\/\\\/lequotidien.mr\\\/?p=29027&lang=fr\",\"name\":\"La Mauritanie \u00e0 l\u2019honneur au Africa-Singapore Business Forum 2025 - Le Quotidien de Nouakchott\",\"isPartOf\":{\"@id\":\"https:\\\/\\\/lequotidien.mr\\\/#website\"},\"primaryImageOfPage\":{\"@id\":\"https:\\\/\\\/lequotidien.mr\\\/?p=29027&lang=fr#primaryimage\"},\"image\":{\"@id\":\"https:\\\/\\\/lequotidien.mr\\\/?p=29027&lang=fr#primaryimage\"},\"thumbnailUrl\":\"https:\\\/\\\/lequotidien.mr\\\/wp-content\\\/uploads\\\/2025\\\/07\\\/Hacena-.jpg\",\"datePublished\":\"2025-07-08T12:08:20+00:00\",\"breadcrumb\":{\"@id\":\"https:\\\/\\\/lequotidien.mr\\\/?p=29027&lang=fr#breadcrumb\"},\"inLanguage\":\"ar\",\"potentialAction\":[{\"@type\":\"ReadAction\",\"target\":[\"https:\\\/\\\/lequotidien.mr\\\/?p=29027&lang=fr\"]}]},{\"@type\":\"ImageObject\",\"inLanguage\":\"ar\",\"@id\":\"https:\\\/\\\/lequotidien.mr\\\/?p=29027&lang=fr#primaryimage\",\"url\":\"https:\\\/\\\/lequotidien.mr\\\/wp-content\\\/uploads\\\/2025\\\/07\\\/Hacena-.jpg\",\"contentUrl\":\"https:\\\/\\\/lequotidien.mr\\\/wp-content\\\/uploads\\\/2025\\\/07\\\/Hacena-.jpg\",\"width\":1080,\"height\":812},{\"@type\":\"BreadcrumbList\",\"@id\":\"https:\\\/\\\/lequotidien.mr\\\/?p=29027&lang=fr#breadcrumb\",\"itemListElement\":[{\"@type\":\"ListItem\",\"position\":1,\"name\":\"Home\",\"item\":\"https:\\\/\\\/lequotidien.mr\\\/\"},{\"@type\":\"ListItem\",\"position\":2,\"name\":\"La Mauritanie \u00e0 l\u2019honneur au Africa-Singapore Business Forum 2025\"}]},{\"@type\":\"WebSite\",\"@id\":\"https:\\\/\\\/lequotidien.mr\\\/#website\",\"url\":\"https:\\\/\\\/lequotidien.mr\\\/\",\"name\":\"Le Quotidien de Nouakchott\",\"description\":\"\u0625\u062e\u0628\u0627\u0631\u064a\u0629 \u0645\u0633\u062a\u0642\u0644\u0629 \u0644\u0644\u0623\u0646\u0628\u0627\u0621 \u0627\u0644\u0639\u0627\u0645\u0629\",\"publisher\":{\"@id\":\"https:\\\/\\\/lequotidien.mr\\\/#organization\"},\"potentialAction\":[{\"@type\":\"SearchAction\",\"target\":{\"@type\":\"EntryPoint\",\"urlTemplate\":\"https:\\\/\\\/lequotidien.mr\\\/?s={search_term_string}\"},\"query-input\":{\"@type\":\"PropertyValueSpecification\",\"valueRequired\":true,\"valueName\":\"search_term_string\"}}],\"inLanguage\":\"ar\"},{\"@type\":\"Organization\",\"@id\":\"https:\\\/\\\/lequotidien.mr\\\/#organization\",\"name\":\"Le Quotidien de Nouakchott\",\"url\":\"https:\\\/\\\/lequotidien.mr\\\/\",\"logo\":{\"@type\":\"ImageObject\",\"inLanguage\":\"ar\",\"@id\":\"https:\\\/\\\/lequotidien.mr\\\/#\\\/schema\\\/logo\\\/image\\\/\",\"url\":\"https:\\\/\\\/lequotidien.mr\\\/wp-content\\\/uploads\\\/2022\\\/11\\\/logolequotidien.jpg\",\"contentUrl\":\"https:\\\/\\\/lequotidien.mr\\\/wp-content\\\/uploads\\\/2022\\\/11\\\/logolequotidien.jpg\",\"width\":290,\"height\":65,\"caption\":\"Le Quotidien de Nouakchott\"},\"image\":{\"@id\":\"https:\\\/\\\/lequotidien.mr\\\/#\\\/schema\\\/logo\\\/image\\\/\"},\"sameAs\":[\"https:\\\/\\\/web.facebook.com\\\/lequotidienmr\",\"https:\\\/\\\/x.com\\\/lequotidienmr\"]},{\"@type\":\"Person\",\"@id\":\"https:\\\/\\\/lequotidien.mr\\\/#\\\/schema\\\/person\\\/f90fcdaa970c60288de4ed2e64a56472\",\"name\":\"Le Quotidien\",\"image\":{\"@type\":\"ImageObject\",\"inLanguage\":\"ar\",\"@id\":\"https:\\\/\\\/secure.gravatar.com\\\/avatar\\\/374cb39a1a458a912465a93e5a3ce6546886fc3da809a1f10c63e4e8fcbca30f?s=96&d=mm&r=g\",\"url\":\"https:\\\/\\\/secure.gravatar.com\\\/avatar\\\/374cb39a1a458a912465a93e5a3ce6546886fc3da809a1f10c63e4e8fcbca30f?s=96&d=mm&r=g\",\"contentUrl\":\"https:\\\/\\\/secure.gravatar.com\\\/avatar\\\/374cb39a1a458a912465a93e5a3ce6546886fc3da809a1f10c63e4e8fcbca30f?s=96&d=mm&r=g\",\"caption\":\"Le Quotidien\"},\"sameAs\":[\"https:\\\/\\\/lequotidien.mr\\\/\"],\"url\":\"https:\\\/\\\/lequotidien.mr\\\/?author=4\"}]}<\/script>\n<!-- \/ Yoast SEO plugin. -->","yoast_head_json":{"title":"La Mauritanie \u00e0 l\u2019honneur au Africa-Singapore Business Forum 2025 - Le Quotidien de Nouakchott","robots":{"index":"index","follow":"follow","max-snippet":"max-snippet:-1","max-image-preview":"max-image-preview:large","max-video-preview":"max-video-preview:-1"},"canonical":"https:\/\/lequotidien.mr\/?p=29027&lang=fr","og_locale":"ar_AR","og_type":"article","og_title":"La Mauritanie \u00e0 l\u2019honneur au Africa-Singapore Business Forum 2025 - Le Quotidien de Nouakchott","og_description":"Pour la premi\u00e8re fois de son histoire, la Mauritanie sera \u00e0 l\u2019honneur au prestigieux Africa-Singapore Business Forum (ASBF), dont la 8e \u00e9dition se tiendra du 26 au 28 ao\u00fbt 2025 \u00e0 Singapour. Cet \u00e9v\u00e9nement d\u2019envergure, devenu un carrefour strat\u00e9gique du commerce et de l\u2019investissement entre l\u2019Afrique et l\u2019Asie, consacrera une journ\u00e9e sp\u00e9ciale \u00e0 la Mauritanie.....","og_url":"https:\/\/lequotidien.mr\/?p=29027&lang=fr","og_site_name":"Le Quotidien de Nouakchott","article_publisher":"https:\/\/web.facebook.com\/lequotidienmr","article_published_time":"2025-07-08T12:08:20+00:00","og_image":[{"width":1080,"height":812,"url":"https:\/\/lequotidien.mr\/wp-content\/uploads\/2025\/07\/Hacena-.jpg","type":"image\/jpeg"}],"author":"Le Quotidien","twitter_card":"summary_large_image","twitter_creator":"@lequotidienmr","twitter_site":"@lequotidienmr","twitter_misc":{"\u0643\u064f\u062a\u0628 \u0628\u0648\u0627\u0633\u0637\u0629":"Le Quotidien","\u0648\u0642\u062a \u0627\u0644\u0642\u0631\u0627\u0621\u0629 \u0627\u0644\u0645\u064f\u0642\u062f\u0651\u0631":"4 \u062f\u0642\u0627\u0626\u0642"},"schema":{"@context":"https:\/\/schema.org","@graph":[{"@type":"Article","@id":"https:\/\/lequotidien.mr\/?p=29027&lang=fr#article","isPartOf":{"@id":"https:\/\/lequotidien.mr\/?p=29027&lang=fr"},"author":{"name":"Le Quotidien","@id":"https:\/\/lequotidien.mr\/#\/schema\/person\/f90fcdaa970c60288de4ed2e64a56472"},"headline":"La Mauritanie \u00e0 l\u2019honneur au Africa-Singapore Business Forum 2025","datePublished":"2025-07-08T12:08:20+00:00","mainEntityOfPage":{"@id":"https:\/\/lequotidien.mr\/?p=29027&lang=fr"},"wordCount":557,"commentCount":0,"publisher":{"@id":"https:\/\/lequotidien.mr\/#organization"},"image":{"@id":"https:\/\/lequotidien.mr\/?p=29027&lang=fr#primaryimage"},"thumbnailUrl":"https:\/\/lequotidien.mr\/wp-content\/uploads\/2025\/07\/Hacena-.jpg","articleSection":["ACTUALIT\u00c9","Economie","Couverture sp\u00e9cilale"],"inLanguage":"ar","potentialAction":[{"@type":"CommentAction","name":"Comment","target":["https:\/\/lequotidien.mr\/?p=29027&lang=fr#respond"]}]},{"@type":"WebPage","@id":"https:\/\/lequotidien.mr\/?p=29027&lang=fr","url":"https:\/\/lequotidien.mr\/?p=29027&lang=fr","name":"La Mauritanie \u00e0 l\u2019honneur au Africa-Singapore Business Forum 2025 - Le Quotidien de Nouakchott","isPartOf":{"@id":"https:\/\/lequotidien.mr\/#website"},"primaryImageOfPage":{"@id":"https:\/\/lequotidien.mr\/?p=29027&lang=fr#primaryimage"},"image":{"@id":"https:\/\/lequotidien.mr\/?p=29027&lang=fr#primaryimage"},"thumbnailUrl":"https:\/\/lequotidien.mr\/wp-content\/uploads\/2025\/07\/Hacena-.jpg","datePublished":"2025-07-08T12:08:20+00:00","breadcrumb":{"@id":"https:\/\/lequotidien.mr\/?p=29027&lang=fr#breadcrumb"},"inLanguage":"ar","potentialAction":[{"@type":"ReadAction","target":["https:\/\/lequotidien.mr\/?p=29027&lang=fr"]}]},{"@type":"ImageObject","inLanguage":"ar","@id":"https:\/\/lequotidien.mr\/?p=29027&lang=fr#primaryimage","url":"https:\/\/lequotidien.mr\/wp-content\/uploads\/2025\/07\/Hacena-.jpg","contentUrl":"https:\/\/lequotidien.mr\/wp-content\/uploads\/2025\/07\/Hacena-.jpg","width":1080,"height":812},{"@type":"BreadcrumbList","@id":"https:\/\/lequotidien.mr\/?p=29027&lang=fr#breadcrumb","itemListElement":[{"@type":"ListItem","position":1,"name":"Home","item":"https:\/\/lequotidien.mr\/"},{"@type":"ListItem","position":2,"name":"La Mauritanie \u00e0 l\u2019honneur au Africa-Singapore Business Forum 2025"}]},{"@type":"WebSite","@id":"https:\/\/lequotidien.mr\/#website","url":"https:\/\/lequotidien.mr\/","name":"Le Quotidien de Nouakchott","description":"\u0625\u062e\u0628\u0627\u0631\u064a\u0629 \u0645\u0633\u062a\u0642\u0644\u0629 \u0644\u0644\u0623\u0646\u0628\u0627\u0621 \u0627\u0644\u0639\u0627\u0645\u0629","publisher":{"@id":"https:\/\/lequotidien.mr\/#organization"},"potentialAction":[{"@type":"SearchAction","target":{"@type":"EntryPoint","urlTemplate":"https:\/\/lequotidien.mr\/?s={search_term_string}"},"query-input":{"@type":"PropertyValueSpecification","valueRequired":true,"valueName":"search_term_string"}}],"inLanguage":"ar"},{"@type":"Organization","@id":"https:\/\/lequotidien.mr\/#organization","name":"Le Quotidien de Nouakchott","url":"https:\/\/lequotidien.mr\/","logo":{"@type":"ImageObject","inLanguage":"ar","@id":"https:\/\/lequotidien.mr\/#\/schema\/logo\/image\/","url":"https:\/\/lequotidien.mr\/wp-content\/uploads\/2022\/11\/logolequotidien.jpg","contentUrl":"https:\/\/lequotidien.mr\/wp-content\/uploads\/2022\/11\/logolequotidien.jpg","width":290,"height":65,"caption":"Le Quotidien de Nouakchott"},"image":{"@id":"https:\/\/lequotidien.mr\/#\/schema\/logo\/image\/"},"sameAs":["https:\/\/web.facebook.com\/lequotidienmr","https:\/\/x.com\/lequotidienmr"]},{"@type":"Person","@id":"https:\/\/lequotidien.mr\/#\/schema\/person\/f90fcdaa970c60288de4ed2e64a56472","name":"Le Quotidien","image":{"@type":"ImageObject","inLanguage":"ar","@id":"https:\/\/secure.gravatar.com\/avatar\/374cb39a1a458a912465a93e5a3ce6546886fc3da809a1f10c63e4e8fcbca30f?s=96&d=mm&r=g","url":"https:\/\/secure.gravatar.com\/avatar\/374cb39a1a458a912465a93e5a3ce6546886fc3da809a1f10c63e4e8fcbca30f?s=96&d=mm&r=g","contentUrl":"https:\/\/secure.gravatar.com\/avatar\/374cb39a1a458a912465a93e5a3ce6546886fc3da809a1f10c63e4e8fcbca30f?s=96&d=mm&r=g","caption":"Le Quotidien"},"sameAs":["https:\/\/lequotidien.mr\/"],"url":"https:\/\/lequotidien.mr\/?author=4"}]}},"_links":{"self":[{"href":"https:\/\/lequotidien.mr\/index.php?rest_route=\/wp\/v2\/posts\/29027","targetHints":{"allow":["GET"]}}],"collection":[{"href":"https:\/\/lequotidien.mr\/index.php?rest_route=\/wp\/v2\/posts"}],"about":[{"href":"https:\/\/lequotidien.mr\/index.php?rest_route=\/wp\/v2\/types\/post"}],"author":[{"embeddable":true,"href":"https:\/\/lequotidien.mr\/index.php?rest_route=\/wp\/v2\/users\/4"}],"replies":[{"embeddable":true,"href":"https:\/\/lequotidien.mr\/index.php?rest_route=%2Fwp%2Fv2%2Fcomments&post=29027"}],"version-history":[{"count":1,"href":"https:\/\/lequotidien.mr\/index.php?rest_route=\/wp\/v2\/posts\/29027\/revisions"}],"predecessor-version":[{"id":29029,"href":"https:\/\/lequotidien.mr\/index.php?rest_route=\/wp\/v2\/posts\/29027\/revisions\/29029"}],"wp:featuredmedia":[{"embeddable":true,"href":"https:\/\/lequotidien.mr\/index.php?rest_route=\/wp\/v2\/media\/29028"}],"wp:attachment":[{"href":"https:\/\/lequotidien.mr\/index.php?rest_route=%2Fwp%2Fv2%2Fmedia&parent=29027"}],"wp:term":[{"taxonomy":"category","embeddable":true,"href":"https:\/\/lequotidien.mr\/index.php?rest_route=%2Fwp%2Fv2%2Fcategories&post=29027"},{"taxonomy":"post_tag","embeddable":true,"href":"https:\/\/lequotidien.mr\/index.php?rest_route=%2Fwp%2Fv2%2Ftags&post=29027"}],"curies":[{"name":"wp","href":"https:\/\/api.w.org\/{rel}","templated":true}]}}