{"id":28988,"date":"2025-07-07T18:58:27","date_gmt":"2025-07-07T18:58:27","guid":{"rendered":"https:\/\/lequotidien.mr\/?p=28988"},"modified":"2025-07-07T18:58:27","modified_gmt":"2025-07-07T18:58:27","slug":"ouverture-de-la-3e-edition-du-festival-du-film-et-des-droits-de-lhomme-sous-le-signe-de-lenfance","status":"publish","type":"post","link":"https:\/\/lequotidien.mr\/?p=28988&lang=fr","title":{"rendered":"Ouverture de la 3e \u00e9dition du Festival du Film et des Droits de l\u2019homme, sous le signe de l&#8217;enfance"},"content":{"rendered":"<p>Le Centre International de Conf\u00e9rences Mokhtar Ould Daddah a vibr\u00e9 dimanche soir pass\u00e9 au rythme du 7e art et de l&#8217;engagement citoyen.\u00a0<strong>M. El Houceine Medou<\/strong>, Ministre de la Culture, des Arts, de la Communication, des Relations avec le Parlement et Porte-parole du Gouvernement, a inaugur\u00e9 en grande pompe\u00a0<strong>la troisi\u00e8me \u00e9dition du Festival du Film et des Droits de l\u2019Homme<\/strong>. Plac\u00e9e sous le slogan \u00e9vocateur\u00a0<strong>\u00ab L\u2019enfance d\u2019abord \u00bb<\/strong>, cette \u00e9dition promet d&#8217;\u00e9clairer les probl\u00e9matiques sociales et humanitaires \u00e0 travers le prisme puissant du cin\u00e9ma.<\/p>\n<p><strong>Une programmation engag\u00e9e pour l&#8217;enfance et les droits humains<\/strong><\/p>\n<p>Cette \u00e9dition se distingue par une s\u00e9lection exigeante :<\/p>\n<p><strong>-23 films projet\u00e9s<\/strong>\u00a0: 7 productions nationales aux &#8220;voix cr\u00e9atives cherchant le changement&#8221; et 16 films internationaux explorant &#8220;les exp\u00e9riences humaines, les douleurs, les joies et les r\u00eaves&#8221;\u00a0;<\/p>\n<p><strong>-Comp\u00e9titions diversifi\u00e9es<\/strong>\u00a0: Films et reportages t\u00e9l\u00e9vis\u00e9s centr\u00e9s sur les droits de l&#8217;enfant, et concours de flashs publicitaires engag\u00e9s\u00a0;<\/p>\n<p><strong>-Renforcement des capacit\u00e9s<\/strong>\u00a0: Sessions de formation pour les talents \u00e9mergents du cin\u00e9ma\u00a0;<\/p>\n<p><strong>-Espace de r\u00e9flexion<\/strong>\u00a0: Un colloque d\u00e9di\u00e9 aux d\u00e9fis sociaux et juridiques des droits humains\u00a0;<\/p>\n<p><strong>Le cin\u00e9ma, un pont entre l&#8217;art et les valeurs<\/strong><\/p>\n<p>Dans son discours inaugural,\u00a0<strong>M. El Houceine Medou<\/strong>\u00a0a \u00e9lev\u00e9 le d\u00e9bat, d\u00e9finissant le festival comme\u00a0<strong>&#8220;un pont entre l\u2019art et les valeurs, entre la cr\u00e9ativit\u00e9 et le devoir&#8221;<\/strong>. Il a affirm\u00e9 avec force la vocation profonde du cin\u00e9ma :<\/p>\n<p><em>&#8220;La justice n\u2019est pas seulement dans les dispositions de la loi, mais dans les d\u00e9tails de la sc\u00e8ne, dans le ton de la voix, et dans le silence quand il est plus fort que les mots.&#8221;<\/em><\/p>\n<p>Le ministre a insist\u00e9 sur la dimension transformatrice du 7e art :<\/p>\n<p><strong>&#8220;Le cin\u00e9ma transcende sa dimension esth\u00e9tique de divertissement pour devenir une pratique culturelle, interrogeant la r\u00e9alit\u00e9, ouvrant des fen\u00eatres d\u2019espoir et remodelant la conscience collective.&#8221;<\/strong><\/p>\n<p><strong>&#8220;Le cin\u00e9ma est l\u2019un des moyens les plus efficaces et les plus profonds pour la d\u00e9fense des droits, et l\u2019un des outils les plus utiles pour diffuser la culture de la paix, de la justice, de la libert\u00e9 et de l\u2019\u00e9galit\u00e9.&#8221;<\/strong><\/p>\n<p>M. Medou a soulign\u00e9 l&#8217;engagement sans faille des plus hautes autorit\u00e9s :<\/p>\n<p><strong>Soutien pr\u00e9sidentiel :<\/strong>\u00a0&#8220;Le Pr\u00e9sident de la R\u00e9publique, Monsieur Mohamed Cheikh El Ghazouani, donne \u00e0 la culture la place et lui accorde l\u2019attention qu\u2019elle m\u00e9rite&#8221;, en en faisant &#8220;une pierre angulaire de son ambitieux projet soci\u00e9tal&#8221;. Il la consid\u00e8re comme &#8220;la locomotive de la prise de conscience collective&#8221; et un outil pour &#8220;inculquer les valeurs d\u2019appartenance, de fraternit\u00e9 et de solidarit\u00e9&#8221;.<\/p>\n<p><strong>Mise en \u0153uvre gouvernementale :<\/strong>\u00a0Le gouvernement du Premier ministre M. El Moctar Djay est &#8220;d\u00e9termin\u00e9 \u00e0 mettre en \u0153uvre cette vision ambitieuse&#8221; via des &#8220;politiques et strat\u00e9gies culturelles harmonieuses et matures&#8221;. Le ministre a cit\u00e9 en exemple la cr\u00e9ation du\u00a0<strong>\u00ab Festival culturel de Djewel \u00bb<\/strong>\u00a0et l&#8217;enrichissement des festivals du patrimoine.<\/p>\n<p><strong>Des acquis culturels nationaux tangibles<\/strong><\/p>\n<p>Le ministre a dress\u00e9 un panorama des r\u00e9alisations r\u00e9centes :<\/p>\n<p><strong>-Patrimoine mondial :<\/strong>\u00a0Inscription de la\u00a0<strong>Mahadra mauritanienne<\/strong>\u00a0et de l\u2019\u00e9pop\u00e9e\u00a0<strong>\u00ab Samba Galadio \u00bb<\/strong>\u00a0sur les listes du patrimoine immat\u00e9riel de l&#8217;UNESCO\u00a0;<\/p>\n<p><strong>-Reconnaissance linguistique :<\/strong>\u00a0Adoption du\u00a0<strong>Sonink\u00e9 comme langue transcontinentale\u00a0<\/strong>;<\/p>\n<p><strong>Structures et institutions :<\/strong><\/p>\n<p><strong>-Cr\u00e9ation du<\/strong>\u00a0<strong>Prix du Pr\u00e9sident de la R\u00e9publique pour les Beaux-Arts\u00a0<\/strong>;<\/p>\n<p><strong>-\u00c9tablissement d&#8217;un<\/strong>\u00a0<strong>Institut national et d&#8217;une administration centrale des arts<\/strong>\u00a0avec la\u00a0<strong>carte d\u2019artiste professionnel<\/strong>\u00a0pour &#8220;mettre un terme d\u00e9finitif \u00e0 la dilution de l\u2019art&#8221;\u00a0;<\/p>\n<p><strong>-Lancement de grands projets d&#8217;infrastructures :<\/strong>\u00a0<strong>Palais de la Culture, Maison de la Presse, centres cin\u00e9matographiques, villages culturels et patrimoniaux, th\u00e9\u00e2tres\u00a0<\/strong>;<\/p>\n<p><strong>-Pluralisme culturel :<\/strong>\u00a0Institution d&#8217;une\u00a0<strong>Journ\u00e9e nationale pour la diversit\u00e9 culturelle<\/strong>, c\u00e9l\u00e9brant &#8220;la richesse linguistique et artistique et des traditions h\u00e9rit\u00e9es&#8221;.<\/p>\n<p><strong>La presse, partenaire indispensable de l&#8217;art engag\u00e9<\/strong><\/p>\n<p><strong>M. Mohamed Cheiguer, Pr\u00e9sident du Festival<\/strong>, a rappel\u00e9 l&#8217;imp\u00e9ratif d&#8217;ancrer les valeurs de &#8220;justice, dignit\u00e9, libert\u00e9 et \u00e9galit\u00e9&#8221; comme principes actifs, non comme de simples slogans. Il a soulign\u00e9 le\u00a0<strong>r\u00f4le crucial de la presse <\/strong>comme compl\u00e9ment indispensable au travail des artistes, illustr\u00e9 par le concours de reportage t\u00e9l\u00e9vis\u00e9 en coop\u00e9ration avec la cha\u00eene familiale et le concours de flashs publicitaires.<\/p>\n<p>Cette troisi\u00e8me \u00e9dition du Festival du Film et des Droits de l\u2019Homme s&#8217;annonce ainsi comme un temps fort de r\u00e9flexion, de c\u00e9l\u00e9bration du cin\u00e9ma engag\u00e9 et d&#8217;affirmation de la place centrale de la culture et des droits humains, particuli\u00e8rement ceux de l&#8217;enfant, dans le d\u00e9veloppement de la Mauritanie.<\/p>\n","protected":false},"excerpt":{"rendered":"<p>Le Centre International de Conf\u00e9rences Mokhtar Ould Daddah a vibr\u00e9 dimanche soir pass\u00e9 au rythme du 7e art et de l&#8217;engagement citoyen.\u00a0M. El Houceine Medou, Ministre de la Culture, des Arts, de la Communication, des Relations avec le Parlement et Porte-parole du Gouvernement, a inaugur\u00e9 en grande pompe\u00a0la troisi\u00e8me \u00e9dition du Festival du Film et&#8230;..<\/p>\n","protected":false},"author":12,"featured_media":28996,"comment_status":"open","ping_status":"open","sticky":false,"template":"","format":"standard","meta":{"footnotes":""},"categories":[23,55],"tags":[],"class_list":["post-28988","post","type-post","status-publish","format-standard","has-post-thumbnail","hentry","category-actualite","category-culture"],"yoast_head":"<!-- This site is optimized with the Yoast SEO plugin v27.5 - https:\/\/yoast.com\/product\/yoast-seo-wordpress\/ -->\n<title>Ouverture de la 3e \u00e9dition du Festival du Film et des Droits de l\u2019homme, sous le signe de l&#039;enfance - Le Quotidien de Nouakchott<\/title>\n<meta name=\"robots\" content=\"index, follow, max-snippet:-1, max-image-preview:large, max-video-preview:-1\" \/>\n<link rel=\"canonical\" href=\"https:\/\/lequotidien.mr\/?p=28988&lang=fr\" \/>\n<meta property=\"og:locale\" content=\"ar_AR\" \/>\n<meta property=\"og:type\" content=\"article\" \/>\n<meta property=\"og:title\" content=\"Ouverture de la 3e \u00e9dition du Festival du Film et des Droits de l\u2019homme, sous le signe de l&#039;enfance - Le Quotidien de Nouakchott\" \/>\n<meta property=\"og:description\" content=\"Le Centre International de Conf\u00e9rences Mokhtar Ould Daddah a vibr\u00e9 dimanche soir pass\u00e9 au rythme du 7e art et de l&#8217;engagement citoyen.\u00a0M. El Houceine Medou, Ministre de la Culture, des Arts, de la Communication, des Relations avec le Parlement et Porte-parole du Gouvernement, a inaugur\u00e9 en grande pompe\u00a0la troisi\u00e8me \u00e9dition du Festival du Film et.....\" \/>\n<meta property=\"og:url\" content=\"https:\/\/lequotidien.mr\/?p=28988&amp;lang=fr\" \/>\n<meta property=\"og:site_name\" content=\"Le Quotidien de Nouakchott\" \/>\n<meta property=\"article:publisher\" content=\"https:\/\/web.facebook.com\/lequotidienmr\" \/>\n<meta property=\"article:published_time\" content=\"2025-07-07T18:58:27+00:00\" \/>\n<meta property=\"og:image\" content=\"https:\/\/lequotidien.mr\/wp-content\/uploads\/2025\/07\/photo-festival-du-film.jpg\" \/>\n\t<meta property=\"og:image:width\" content=\"750\" \/>\n\t<meta property=\"og:image:height\" content=\"430\" \/>\n\t<meta property=\"og:image:type\" content=\"image\/jpeg\" \/>\n<meta name=\"author\" content=\"Med Ahmed\" \/>\n<meta name=\"twitter:card\" content=\"summary_large_image\" \/>\n<meta name=\"twitter:creator\" content=\"@lequotidienmr\" \/>\n<meta name=\"twitter:site\" content=\"@lequotidienmr\" \/>\n<meta name=\"twitter:label1\" content=\"\u0643\u064f\u062a\u0628 \u0628\u0648\u0627\u0633\u0637\u0629\" \/>\n\t<meta name=\"twitter:data1\" content=\"Med Ahmed\" \/>\n\t<meta name=\"twitter:label2\" content=\"\u0648\u0642\u062a \u0627\u0644\u0642\u0631\u0627\u0621\u0629 \u0627\u0644\u0645\u064f\u0642\u062f\u0651\u0631\" \/>\n\t<meta name=\"twitter:data2\" content=\"6 \u062f\u0642\u0627\u0626\u0642\" \/>\n<script type=\"application\/ld+json\" class=\"yoast-schema-graph\">{\"@context\":\"https:\\\/\\\/schema.org\",\"@graph\":[{\"@type\":\"Article\",\"@id\":\"https:\\\/\\\/lequotidien.mr\\\/?p=28988&lang=fr#article\",\"isPartOf\":{\"@id\":\"https:\\\/\\\/lequotidien.mr\\\/?p=28988&lang=fr\"},\"author\":{\"name\":\"Med Ahmed\",\"@id\":\"https:\\\/\\\/lequotidien.mr\\\/#\\\/schema\\\/person\\\/d2d350202a4d599685ed8abc25f97596\"},\"headline\":\"Ouverture de la 3e \u00e9dition du Festival du Film et des Droits de l\u2019homme, sous le signe de l&#8217;enfance\",\"datePublished\":\"2025-07-07T18:58:27+00:00\",\"mainEntityOfPage\":{\"@id\":\"https:\\\/\\\/lequotidien.mr\\\/?p=28988&lang=fr\"},\"wordCount\":817,\"commentCount\":0,\"publisher\":{\"@id\":\"https:\\\/\\\/lequotidien.mr\\\/#organization\"},\"image\":{\"@id\":\"https:\\\/\\\/lequotidien.mr\\\/?p=28988&lang=fr#primaryimage\"},\"thumbnailUrl\":\"https:\\\/\\\/lequotidien.mr\\\/wp-content\\\/uploads\\\/2025\\\/07\\\/photo-festival-du-film.jpg\",\"articleSection\":[\"ACTUALIT\u00c9\",\"Culture\"],\"inLanguage\":\"ar\",\"potentialAction\":[{\"@type\":\"CommentAction\",\"name\":\"Comment\",\"target\":[\"https:\\\/\\\/lequotidien.mr\\\/?p=28988&lang=fr#respond\"]}]},{\"@type\":\"WebPage\",\"@id\":\"https:\\\/\\\/lequotidien.mr\\\/?p=28988&lang=fr\",\"url\":\"https:\\\/\\\/lequotidien.mr\\\/?p=28988&lang=fr\",\"name\":\"Ouverture de la 3e \u00e9dition du Festival du Film et des Droits de l\u2019homme, sous le signe de l'enfance - Le Quotidien de Nouakchott\",\"isPartOf\":{\"@id\":\"https:\\\/\\\/lequotidien.mr\\\/#website\"},\"primaryImageOfPage\":{\"@id\":\"https:\\\/\\\/lequotidien.mr\\\/?p=28988&lang=fr#primaryimage\"},\"image\":{\"@id\":\"https:\\\/\\\/lequotidien.mr\\\/?p=28988&lang=fr#primaryimage\"},\"thumbnailUrl\":\"https:\\\/\\\/lequotidien.mr\\\/wp-content\\\/uploads\\\/2025\\\/07\\\/photo-festival-du-film.jpg\",\"datePublished\":\"2025-07-07T18:58:27+00:00\",\"breadcrumb\":{\"@id\":\"https:\\\/\\\/lequotidien.mr\\\/?p=28988&lang=fr#breadcrumb\"},\"inLanguage\":\"ar\",\"potentialAction\":[{\"@type\":\"ReadAction\",\"target\":[\"https:\\\/\\\/lequotidien.mr\\\/?p=28988&lang=fr\"]}]},{\"@type\":\"ImageObject\",\"inLanguage\":\"ar\",\"@id\":\"https:\\\/\\\/lequotidien.mr\\\/?p=28988&lang=fr#primaryimage\",\"url\":\"https:\\\/\\\/lequotidien.mr\\\/wp-content\\\/uploads\\\/2025\\\/07\\\/photo-festival-du-film.jpg\",\"contentUrl\":\"https:\\\/\\\/lequotidien.mr\\\/wp-content\\\/uploads\\\/2025\\\/07\\\/photo-festival-du-film.jpg\",\"width\":750,\"height\":430},{\"@type\":\"BreadcrumbList\",\"@id\":\"https:\\\/\\\/lequotidien.mr\\\/?p=28988&lang=fr#breadcrumb\",\"itemListElement\":[{\"@type\":\"ListItem\",\"position\":1,\"name\":\"Home\",\"item\":\"https:\\\/\\\/lequotidien.mr\\\/\"},{\"@type\":\"ListItem\",\"position\":2,\"name\":\"Ouverture de la 3e \u00e9dition du Festival du Film et des Droits de l\u2019homme, sous le signe de l&rsquo;enfance\"}]},{\"@type\":\"WebSite\",\"@id\":\"https:\\\/\\\/lequotidien.mr\\\/#website\",\"url\":\"https:\\\/\\\/lequotidien.mr\\\/\",\"name\":\"Le Quotidien de Nouakchott\",\"description\":\"\u0625\u062e\u0628\u0627\u0631\u064a\u0629 \u0645\u0633\u062a\u0642\u0644\u0629 \u0644\u0644\u0623\u0646\u0628\u0627\u0621 \u0627\u0644\u0639\u0627\u0645\u0629\",\"publisher\":{\"@id\":\"https:\\\/\\\/lequotidien.mr\\\/#organization\"},\"potentialAction\":[{\"@type\":\"SearchAction\",\"target\":{\"@type\":\"EntryPoint\",\"urlTemplate\":\"https:\\\/\\\/lequotidien.mr\\\/?s={search_term_string}\"},\"query-input\":{\"@type\":\"PropertyValueSpecification\",\"valueRequired\":true,\"valueName\":\"search_term_string\"}}],\"inLanguage\":\"ar\"},{\"@type\":\"Organization\",\"@id\":\"https:\\\/\\\/lequotidien.mr\\\/#organization\",\"name\":\"Le Quotidien de Nouakchott\",\"url\":\"https:\\\/\\\/lequotidien.mr\\\/\",\"logo\":{\"@type\":\"ImageObject\",\"inLanguage\":\"ar\",\"@id\":\"https:\\\/\\\/lequotidien.mr\\\/#\\\/schema\\\/logo\\\/image\\\/\",\"url\":\"https:\\\/\\\/lequotidien.mr\\\/wp-content\\\/uploads\\\/2022\\\/11\\\/logolequotidien.jpg\",\"contentUrl\":\"https:\\\/\\\/lequotidien.mr\\\/wp-content\\\/uploads\\\/2022\\\/11\\\/logolequotidien.jpg\",\"width\":290,\"height\":65,\"caption\":\"Le Quotidien de Nouakchott\"},\"image\":{\"@id\":\"https:\\\/\\\/lequotidien.mr\\\/#\\\/schema\\\/logo\\\/image\\\/\"},\"sameAs\":[\"https:\\\/\\\/web.facebook.com\\\/lequotidienmr\",\"https:\\\/\\\/x.com\\\/lequotidienmr\"]},{\"@type\":\"Person\",\"@id\":\"https:\\\/\\\/lequotidien.mr\\\/#\\\/schema\\\/person\\\/d2d350202a4d599685ed8abc25f97596\",\"name\":\"Med Ahmed\",\"image\":{\"@type\":\"ImageObject\",\"inLanguage\":\"ar\",\"@id\":\"https:\\\/\\\/secure.gravatar.com\\\/avatar\\\/fd2acc62ed50732923d1d39c17172c9b04149f142be92310ecc69e1358f94b52?s=96&d=mm&r=g\",\"url\":\"https:\\\/\\\/secure.gravatar.com\\\/avatar\\\/fd2acc62ed50732923d1d39c17172c9b04149f142be92310ecc69e1358f94b52?s=96&d=mm&r=g\",\"contentUrl\":\"https:\\\/\\\/secure.gravatar.com\\\/avatar\\\/fd2acc62ed50732923d1d39c17172c9b04149f142be92310ecc69e1358f94b52?s=96&d=mm&r=g\",\"caption\":\"Med Ahmed\"},\"url\":\"https:\\\/\\\/lequotidien.mr\\\/?author=12\"}]}<\/script>\n<!-- \/ Yoast SEO plugin. -->","yoast_head_json":{"title":"Ouverture de la 3e \u00e9dition du Festival du Film et des Droits de l\u2019homme, sous le signe de l'enfance - Le Quotidien de Nouakchott","robots":{"index":"index","follow":"follow","max-snippet":"max-snippet:-1","max-image-preview":"max-image-preview:large","max-video-preview":"max-video-preview:-1"},"canonical":"https:\/\/lequotidien.mr\/?p=28988&lang=fr","og_locale":"ar_AR","og_type":"article","og_title":"Ouverture de la 3e \u00e9dition du Festival du Film et des Droits de l\u2019homme, sous le signe de l'enfance - Le Quotidien de Nouakchott","og_description":"Le Centre International de Conf\u00e9rences Mokhtar Ould Daddah a vibr\u00e9 dimanche soir pass\u00e9 au rythme du 7e art et de l&#8217;engagement citoyen.\u00a0M. El Houceine Medou, Ministre de la Culture, des Arts, de la Communication, des Relations avec le Parlement et Porte-parole du Gouvernement, a inaugur\u00e9 en grande pompe\u00a0la troisi\u00e8me \u00e9dition du Festival du Film et.....","og_url":"https:\/\/lequotidien.mr\/?p=28988&lang=fr","og_site_name":"Le Quotidien de Nouakchott","article_publisher":"https:\/\/web.facebook.com\/lequotidienmr","article_published_time":"2025-07-07T18:58:27+00:00","og_image":[{"width":750,"height":430,"url":"https:\/\/lequotidien.mr\/wp-content\/uploads\/2025\/07\/photo-festival-du-film.jpg","type":"image\/jpeg"}],"author":"Med Ahmed","twitter_card":"summary_large_image","twitter_creator":"@lequotidienmr","twitter_site":"@lequotidienmr","twitter_misc":{"\u0643\u064f\u062a\u0628 \u0628\u0648\u0627\u0633\u0637\u0629":"Med Ahmed","\u0648\u0642\u062a \u0627\u0644\u0642\u0631\u0627\u0621\u0629 \u0627\u0644\u0645\u064f\u0642\u062f\u0651\u0631":"6 \u062f\u0642\u0627\u0626\u0642"},"schema":{"@context":"https:\/\/schema.org","@graph":[{"@type":"Article","@id":"https:\/\/lequotidien.mr\/?p=28988&lang=fr#article","isPartOf":{"@id":"https:\/\/lequotidien.mr\/?p=28988&lang=fr"},"author":{"name":"Med Ahmed","@id":"https:\/\/lequotidien.mr\/#\/schema\/person\/d2d350202a4d599685ed8abc25f97596"},"headline":"Ouverture de la 3e \u00e9dition du Festival du Film et des Droits de l\u2019homme, sous le signe de l&#8217;enfance","datePublished":"2025-07-07T18:58:27+00:00","mainEntityOfPage":{"@id":"https:\/\/lequotidien.mr\/?p=28988&lang=fr"},"wordCount":817,"commentCount":0,"publisher":{"@id":"https:\/\/lequotidien.mr\/#organization"},"image":{"@id":"https:\/\/lequotidien.mr\/?p=28988&lang=fr#primaryimage"},"thumbnailUrl":"https:\/\/lequotidien.mr\/wp-content\/uploads\/2025\/07\/photo-festival-du-film.jpg","articleSection":["ACTUALIT\u00c9","Culture"],"inLanguage":"ar","potentialAction":[{"@type":"CommentAction","name":"Comment","target":["https:\/\/lequotidien.mr\/?p=28988&lang=fr#respond"]}]},{"@type":"WebPage","@id":"https:\/\/lequotidien.mr\/?p=28988&lang=fr","url":"https:\/\/lequotidien.mr\/?p=28988&lang=fr","name":"Ouverture de la 3e \u00e9dition du Festival du Film et des Droits de l\u2019homme, sous le signe de l'enfance - Le Quotidien de Nouakchott","isPartOf":{"@id":"https:\/\/lequotidien.mr\/#website"},"primaryImageOfPage":{"@id":"https:\/\/lequotidien.mr\/?p=28988&lang=fr#primaryimage"},"image":{"@id":"https:\/\/lequotidien.mr\/?p=28988&lang=fr#primaryimage"},"thumbnailUrl":"https:\/\/lequotidien.mr\/wp-content\/uploads\/2025\/07\/photo-festival-du-film.jpg","datePublished":"2025-07-07T18:58:27+00:00","breadcrumb":{"@id":"https:\/\/lequotidien.mr\/?p=28988&lang=fr#breadcrumb"},"inLanguage":"ar","potentialAction":[{"@type":"ReadAction","target":["https:\/\/lequotidien.mr\/?p=28988&lang=fr"]}]},{"@type":"ImageObject","inLanguage":"ar","@id":"https:\/\/lequotidien.mr\/?p=28988&lang=fr#primaryimage","url":"https:\/\/lequotidien.mr\/wp-content\/uploads\/2025\/07\/photo-festival-du-film.jpg","contentUrl":"https:\/\/lequotidien.mr\/wp-content\/uploads\/2025\/07\/photo-festival-du-film.jpg","width":750,"height":430},{"@type":"BreadcrumbList","@id":"https:\/\/lequotidien.mr\/?p=28988&lang=fr#breadcrumb","itemListElement":[{"@type":"ListItem","position":1,"name":"Home","item":"https:\/\/lequotidien.mr\/"},{"@type":"ListItem","position":2,"name":"Ouverture de la 3e \u00e9dition du Festival du Film et des Droits de l\u2019homme, sous le signe de l&rsquo;enfance"}]},{"@type":"WebSite","@id":"https:\/\/lequotidien.mr\/#website","url":"https:\/\/lequotidien.mr\/","name":"Le Quotidien de Nouakchott","description":"\u0625\u062e\u0628\u0627\u0631\u064a\u0629 \u0645\u0633\u062a\u0642\u0644\u0629 \u0644\u0644\u0623\u0646\u0628\u0627\u0621 \u0627\u0644\u0639\u0627\u0645\u0629","publisher":{"@id":"https:\/\/lequotidien.mr\/#organization"},"potentialAction":[{"@type":"SearchAction","target":{"@type":"EntryPoint","urlTemplate":"https:\/\/lequotidien.mr\/?s={search_term_string}"},"query-input":{"@type":"PropertyValueSpecification","valueRequired":true,"valueName":"search_term_string"}}],"inLanguage":"ar"},{"@type":"Organization","@id":"https:\/\/lequotidien.mr\/#organization","name":"Le Quotidien de Nouakchott","url":"https:\/\/lequotidien.mr\/","logo":{"@type":"ImageObject","inLanguage":"ar","@id":"https:\/\/lequotidien.mr\/#\/schema\/logo\/image\/","url":"https:\/\/lequotidien.mr\/wp-content\/uploads\/2022\/11\/logolequotidien.jpg","contentUrl":"https:\/\/lequotidien.mr\/wp-content\/uploads\/2022\/11\/logolequotidien.jpg","width":290,"height":65,"caption":"Le Quotidien de Nouakchott"},"image":{"@id":"https:\/\/lequotidien.mr\/#\/schema\/logo\/image\/"},"sameAs":["https:\/\/web.facebook.com\/lequotidienmr","https:\/\/x.com\/lequotidienmr"]},{"@type":"Person","@id":"https:\/\/lequotidien.mr\/#\/schema\/person\/d2d350202a4d599685ed8abc25f97596","name":"Med Ahmed","image":{"@type":"ImageObject","inLanguage":"ar","@id":"https:\/\/secure.gravatar.com\/avatar\/fd2acc62ed50732923d1d39c17172c9b04149f142be92310ecc69e1358f94b52?s=96&d=mm&r=g","url":"https:\/\/secure.gravatar.com\/avatar\/fd2acc62ed50732923d1d39c17172c9b04149f142be92310ecc69e1358f94b52?s=96&d=mm&r=g","contentUrl":"https:\/\/secure.gravatar.com\/avatar\/fd2acc62ed50732923d1d39c17172c9b04149f142be92310ecc69e1358f94b52?s=96&d=mm&r=g","caption":"Med Ahmed"},"url":"https:\/\/lequotidien.mr\/?author=12"}]}},"_links":{"self":[{"href":"https:\/\/lequotidien.mr\/index.php?rest_route=\/wp\/v2\/posts\/28988","targetHints":{"allow":["GET"]}}],"collection":[{"href":"https:\/\/lequotidien.mr\/index.php?rest_route=\/wp\/v2\/posts"}],"about":[{"href":"https:\/\/lequotidien.mr\/index.php?rest_route=\/wp\/v2\/types\/post"}],"author":[{"embeddable":true,"href":"https:\/\/lequotidien.mr\/index.php?rest_route=\/wp\/v2\/users\/12"}],"replies":[{"embeddable":true,"href":"https:\/\/lequotidien.mr\/index.php?rest_route=%2Fwp%2Fv2%2Fcomments&post=28988"}],"version-history":[{"count":1,"href":"https:\/\/lequotidien.mr\/index.php?rest_route=\/wp\/v2\/posts\/28988\/revisions"}],"predecessor-version":[{"id":28997,"href":"https:\/\/lequotidien.mr\/index.php?rest_route=\/wp\/v2\/posts\/28988\/revisions\/28997"}],"wp:featuredmedia":[{"embeddable":true,"href":"https:\/\/lequotidien.mr\/index.php?rest_route=\/wp\/v2\/media\/28996"}],"wp:attachment":[{"href":"https:\/\/lequotidien.mr\/index.php?rest_route=%2Fwp%2Fv2%2Fmedia&parent=28988"}],"wp:term":[{"taxonomy":"category","embeddable":true,"href":"https:\/\/lequotidien.mr\/index.php?rest_route=%2Fwp%2Fv2%2Fcategories&post=28988"},{"taxonomy":"post_tag","embeddable":true,"href":"https:\/\/lequotidien.mr\/index.php?rest_route=%2Fwp%2Fv2%2Ftags&post=28988"}],"curies":[{"name":"wp","href":"https:\/\/api.w.org\/{rel}","templated":true}]}}