{"id":28983,"date":"2025-07-07T18:50:16","date_gmt":"2025-07-07T18:50:16","guid":{"rendered":"https:\/\/lequotidien.mr\/?p=28983"},"modified":"2025-07-07T18:50:16","modified_gmt":"2025-07-07T18:50:16","slug":"timimoun-accueille-la-premiere-edition-de-son-festival-international-du-court-metrage-en-novembre-2025","status":"publish","type":"post","link":"https:\/\/lequotidien.mr\/?p=28983&lang=fr","title":{"rendered":"Timimoun accueille la premi\u00e8re \u00e9dition de son Festival International du Court M\u00e9trage en novembre 2025"},"content":{"rendered":"<p><strong>Timimoun, Alg\u00e9rie \u2014<\/strong> La ville de Timimoun, nich\u00e9e au c\u0153ur du Sahara alg\u00e9rien, s\u2019appr\u00eate \u00e0 devenir, du <strong>13 au 18 novembre 2025<\/strong>, le th\u00e9\u00e2tre d\u2019un \u00e9v\u00e9nement cin\u00e9matographique in\u00e9dit : la <strong>premi\u00e8re \u00e9dition du Timimoun International Short Film Festival<\/strong>. \u00c0 travers ce rendez-vous d\u00e9di\u00e9 au court m\u00e9trage, la ville entend s\u2019imposer comme un nouveau carrefour du cin\u00e9ma alg\u00e9rien, africain et mondial.<\/p>\n<h3>\u00a0Une vitrine pour la cr\u00e9ativit\u00e9 et l\u2019\u00e9change culturel<\/h3>\n<p>Le <strong>Timimoun International Short Film Festival<\/strong> ambitionne de c\u00e9l\u00e9brer le film court sous toutes ses formes, en le consid\u00e9rant non pas comme un simple format de transition, mais comme un art \u00e0 part enti\u00e8re, lieu d\u2019exp\u00e9rimentation, d\u2019inventivit\u00e9 et de libert\u00e9 narrative.<\/p>\n<p>En mettant en lumi\u00e8re la jeune cr\u00e9ation cin\u00e9matographique, ce festival se veut un espace de <strong>rencontres entre r\u00e9alisateurs, public et professionnels du cin\u00e9ma<\/strong>, favorisant l\u2019\u00e9mergence de nouveaux talents et la circulation des \u0153uvres, dans un esprit d\u2019ouverture et de dialogue culturel.<\/p>\n<h3>\u00a0Un ancrage africain affirm\u00e9<\/h3>\n<p>L\u2019Afrique sera au c\u0153ur de cette premi\u00e8re \u00e9dition, avec une <strong>comp\u00e9tition officielle r\u00e9serv\u00e9e aux films africains et aux \u0153uvres issues de la diaspora<\/strong>. Un choix qui traduit la volont\u00e9 des organisateurs de positionner le festival comme une plateforme r\u00e9gionale majeure, mettant en lumi\u00e8re la richesse et la diversit\u00e9 des cin\u00e9mas africains trop souvent sous-repr\u00e9sent\u00e9s sur la sc\u00e8ne internationale.<\/p>\n<p>Outre la comp\u00e9tition, le festival proposera \u00e9galement des <strong>projections panoramiques<\/strong>, des <strong>ateliers de formation<\/strong> \u00e0 destination des jeunes cin\u00e9astes, ainsi que des <strong>rencontres professionnelles<\/strong>, afin de tisser des liens entre les cr\u00e9ateurs et de stimuler la dynamique du secteur.<\/p>\n<h3>Timimoun : une ville, un horizon cin\u00e9matographique<\/h3>\n<p>Timimoun, avec ses paysages spectaculaires et son patrimoine culturel unique, offre un d\u00e9cor singulier propice \u00e0 l\u2019expression artistique. En accueillant cet \u00e9v\u00e9nement, la ville souhaite inscrire son nom sur la carte des festivals cin\u00e9matographiques africains tout en contribuant au <strong>rayonnement du cin\u00e9ma alg\u00e9rien<\/strong>.<\/p>\n<p>Le festival s\u2019inscrit dans la continuit\u00e9 des <strong>Assises nationales sur le cin\u00e9ma<\/strong> qui, sous l\u2019impulsion du <strong>Minist\u00e8re de la Culture et des Arts<\/strong>, ont rappel\u00e9 l\u2019importance du court m\u00e9trage comme tremplin pour de jeunes r\u00e9alisateurs et comme laboratoire d\u2019innovation cr\u00e9ative.<\/p>\n<h3>\u00a0Un appel \u00e0 films ouvert prochainement<\/h3>\n<p>Les organisateurs annoncent le <strong>lancement prochain de l\u2019appel \u00e0 films<\/strong> sur le site officiel du festival. Les r\u00e9alisateurs, d\u2019Alg\u00e9rie, d\u2019Afrique et d\u2019ailleurs, sont invit\u00e9s \u00e0 soumettre leurs \u0153uvres pour tenter de figurer dans la s\u00e9lection officielle de cette premi\u00e8re \u00e9dition.<\/p>\n<p>Ce rendez-vous prometteur s\u2019inscrit dans une ambition plus large : faire du court m\u00e9trage non seulement un vecteur de divertissement, mais aussi un <strong>outil d\u2019expression libre et un moteur de d\u00e9veloppement culturel<\/strong>.<\/p>\n","protected":false},"excerpt":{"rendered":"<p>Timimoun, Alg\u00e9rie \u2014 La ville de Timimoun, nich\u00e9e au c\u0153ur du Sahara alg\u00e9rien, s\u2019appr\u00eate \u00e0 devenir, du 13 au 18 novembre 2025, le th\u00e9\u00e2tre d\u2019un \u00e9v\u00e9nement cin\u00e9matographique in\u00e9dit : la premi\u00e8re \u00e9dition du Timimoun International Short Film Festival. \u00c0 travers ce rendez-vous d\u00e9di\u00e9 au court m\u00e9trage, la ville entend s\u2019imposer comme un nouveau carrefour du&#8230;..<\/p>\n","protected":false},"author":4,"featured_media":28986,"comment_status":"open","ping_status":"open","sticky":false,"template":"","format":"standard","meta":{"footnotes":""},"categories":[23,55],"tags":[],"class_list":["post-28983","post","type-post","status-publish","format-standard","has-post-thumbnail","hentry","category-actualite","category-culture"],"yoast_head":"<!-- This site is optimized with the Yoast SEO plugin v27.5 - https:\/\/yoast.com\/product\/yoast-seo-wordpress\/ -->\n<title>Timimoun accueille la premi\u00e8re \u00e9dition de son Festival International du Court M\u00e9trage en novembre 2025 - Le Quotidien de Nouakchott<\/title>\n<meta name=\"robots\" content=\"index, follow, max-snippet:-1, max-image-preview:large, max-video-preview:-1\" \/>\n<link rel=\"canonical\" href=\"https:\/\/lequotidien.mr\/?p=28983&lang=fr\" \/>\n<meta property=\"og:locale\" content=\"ar_AR\" \/>\n<meta property=\"og:type\" content=\"article\" \/>\n<meta property=\"og:title\" content=\"Timimoun accueille la premi\u00e8re \u00e9dition de son Festival International du Court M\u00e9trage en novembre 2025 - Le Quotidien de Nouakchott\" \/>\n<meta property=\"og:description\" content=\"Timimoun, Alg\u00e9rie \u2014 La ville de Timimoun, nich\u00e9e au c\u0153ur du Sahara alg\u00e9rien, s\u2019appr\u00eate \u00e0 devenir, du 13 au 18 novembre 2025, le th\u00e9\u00e2tre d\u2019un \u00e9v\u00e9nement cin\u00e9matographique in\u00e9dit : la premi\u00e8re \u00e9dition du Timimoun International Short Film Festival. \u00c0 travers ce rendez-vous d\u00e9di\u00e9 au court m\u00e9trage, la ville entend s\u2019imposer comme un nouveau carrefour du.....\" \/>\n<meta property=\"og:url\" content=\"https:\/\/lequotidien.mr\/?p=28983&amp;lang=fr\" \/>\n<meta property=\"og:site_name\" content=\"Le Quotidien de Nouakchott\" \/>\n<meta property=\"article:publisher\" content=\"https:\/\/web.facebook.com\/lequotidienmr\" \/>\n<meta property=\"article:published_time\" content=\"2025-07-07T18:50:16+00:00\" \/>\n<meta property=\"og:image\" content=\"https:\/\/lequotidien.mr\/wp-content\/uploads\/2025\/07\/WhatsApp-Image-2025-05-31-at-10.39.01.jpeg\" \/>\n\t<meta property=\"og:image:width\" content=\"760\" \/>\n\t<meta property=\"og:image:height\" content=\"788\" \/>\n\t<meta property=\"og:image:type\" content=\"image\/jpeg\" \/>\n<meta name=\"author\" content=\"Le Quotidien\" \/>\n<meta name=\"twitter:card\" content=\"summary_large_image\" \/>\n<meta name=\"twitter:creator\" content=\"@lequotidienmr\" \/>\n<meta name=\"twitter:site\" content=\"@lequotidienmr\" \/>\n<meta name=\"twitter:label1\" content=\"\u0643\u064f\u062a\u0628 \u0628\u0648\u0627\u0633\u0637\u0629\" \/>\n\t<meta name=\"twitter:data1\" content=\"Le Quotidien\" \/>\n\t<meta name=\"twitter:label2\" content=\"\u0648\u0642\u062a \u0627\u0644\u0642\u0631\u0627\u0621\u0629 \u0627\u0644\u0645\u064f\u0642\u062f\u0651\u0631\" \/>\n\t<meta name=\"twitter:data2\" content=\"4 \u062f\u0642\u0627\u0626\u0642\" \/>\n<script type=\"application\/ld+json\" class=\"yoast-schema-graph\">{\"@context\":\"https:\\\/\\\/schema.org\",\"@graph\":[{\"@type\":\"Article\",\"@id\":\"https:\\\/\\\/lequotidien.mr\\\/?p=28983&lang=fr#article\",\"isPartOf\":{\"@id\":\"https:\\\/\\\/lequotidien.mr\\\/?p=28983&lang=fr\"},\"author\":{\"name\":\"Le Quotidien\",\"@id\":\"https:\\\/\\\/lequotidien.mr\\\/#\\\/schema\\\/person\\\/f90fcdaa970c60288de4ed2e64a56472\"},\"headline\":\"Timimoun accueille la premi\u00e8re \u00e9dition de son Festival International du Court M\u00e9trage en novembre 2025\",\"datePublished\":\"2025-07-07T18:50:16+00:00\",\"mainEntityOfPage\":{\"@id\":\"https:\\\/\\\/lequotidien.mr\\\/?p=28983&lang=fr\"},\"wordCount\":497,\"commentCount\":0,\"publisher\":{\"@id\":\"https:\\\/\\\/lequotidien.mr\\\/#organization\"},\"image\":{\"@id\":\"https:\\\/\\\/lequotidien.mr\\\/?p=28983&lang=fr#primaryimage\"},\"thumbnailUrl\":\"https:\\\/\\\/lequotidien.mr\\\/wp-content\\\/uploads\\\/2025\\\/07\\\/WhatsApp-Image-2025-05-31-at-10.39.01.jpeg\",\"articleSection\":[\"ACTUALIT\u00c9\",\"Culture\"],\"inLanguage\":\"ar\",\"potentialAction\":[{\"@type\":\"CommentAction\",\"name\":\"Comment\",\"target\":[\"https:\\\/\\\/lequotidien.mr\\\/?p=28983&lang=fr#respond\"]}]},{\"@type\":\"WebPage\",\"@id\":\"https:\\\/\\\/lequotidien.mr\\\/?p=28983&lang=fr\",\"url\":\"https:\\\/\\\/lequotidien.mr\\\/?p=28983&lang=fr\",\"name\":\"Timimoun accueille la premi\u00e8re \u00e9dition de son Festival International du Court M\u00e9trage en novembre 2025 - Le Quotidien de Nouakchott\",\"isPartOf\":{\"@id\":\"https:\\\/\\\/lequotidien.mr\\\/#website\"},\"primaryImageOfPage\":{\"@id\":\"https:\\\/\\\/lequotidien.mr\\\/?p=28983&lang=fr#primaryimage\"},\"image\":{\"@id\":\"https:\\\/\\\/lequotidien.mr\\\/?p=28983&lang=fr#primaryimage\"},\"thumbnailUrl\":\"https:\\\/\\\/lequotidien.mr\\\/wp-content\\\/uploads\\\/2025\\\/07\\\/WhatsApp-Image-2025-05-31-at-10.39.01.jpeg\",\"datePublished\":\"2025-07-07T18:50:16+00:00\",\"breadcrumb\":{\"@id\":\"https:\\\/\\\/lequotidien.mr\\\/?p=28983&lang=fr#breadcrumb\"},\"inLanguage\":\"ar\",\"potentialAction\":[{\"@type\":\"ReadAction\",\"target\":[\"https:\\\/\\\/lequotidien.mr\\\/?p=28983&lang=fr\"]}]},{\"@type\":\"ImageObject\",\"inLanguage\":\"ar\",\"@id\":\"https:\\\/\\\/lequotidien.mr\\\/?p=28983&lang=fr#primaryimage\",\"url\":\"https:\\\/\\\/lequotidien.mr\\\/wp-content\\\/uploads\\\/2025\\\/07\\\/WhatsApp-Image-2025-05-31-at-10.39.01.jpeg\",\"contentUrl\":\"https:\\\/\\\/lequotidien.mr\\\/wp-content\\\/uploads\\\/2025\\\/07\\\/WhatsApp-Image-2025-05-31-at-10.39.01.jpeg\",\"width\":760,\"height\":788},{\"@type\":\"BreadcrumbList\",\"@id\":\"https:\\\/\\\/lequotidien.mr\\\/?p=28983&lang=fr#breadcrumb\",\"itemListElement\":[{\"@type\":\"ListItem\",\"position\":1,\"name\":\"Home\",\"item\":\"https:\\\/\\\/lequotidien.mr\\\/\"},{\"@type\":\"ListItem\",\"position\":2,\"name\":\"Timimoun accueille la premi\u00e8re \u00e9dition de son Festival International du Court M\u00e9trage en novembre 2025\"}]},{\"@type\":\"WebSite\",\"@id\":\"https:\\\/\\\/lequotidien.mr\\\/#website\",\"url\":\"https:\\\/\\\/lequotidien.mr\\\/\",\"name\":\"Le Quotidien de Nouakchott\",\"description\":\"\u0625\u062e\u0628\u0627\u0631\u064a\u0629 \u0645\u0633\u062a\u0642\u0644\u0629 \u0644\u0644\u0623\u0646\u0628\u0627\u0621 \u0627\u0644\u0639\u0627\u0645\u0629\",\"publisher\":{\"@id\":\"https:\\\/\\\/lequotidien.mr\\\/#organization\"},\"potentialAction\":[{\"@type\":\"SearchAction\",\"target\":{\"@type\":\"EntryPoint\",\"urlTemplate\":\"https:\\\/\\\/lequotidien.mr\\\/?s={search_term_string}\"},\"query-input\":{\"@type\":\"PropertyValueSpecification\",\"valueRequired\":true,\"valueName\":\"search_term_string\"}}],\"inLanguage\":\"ar\"},{\"@type\":\"Organization\",\"@id\":\"https:\\\/\\\/lequotidien.mr\\\/#organization\",\"name\":\"Le Quotidien de Nouakchott\",\"url\":\"https:\\\/\\\/lequotidien.mr\\\/\",\"logo\":{\"@type\":\"ImageObject\",\"inLanguage\":\"ar\",\"@id\":\"https:\\\/\\\/lequotidien.mr\\\/#\\\/schema\\\/logo\\\/image\\\/\",\"url\":\"https:\\\/\\\/lequotidien.mr\\\/wp-content\\\/uploads\\\/2022\\\/11\\\/logolequotidien.jpg\",\"contentUrl\":\"https:\\\/\\\/lequotidien.mr\\\/wp-content\\\/uploads\\\/2022\\\/11\\\/logolequotidien.jpg\",\"width\":290,\"height\":65,\"caption\":\"Le Quotidien de Nouakchott\"},\"image\":{\"@id\":\"https:\\\/\\\/lequotidien.mr\\\/#\\\/schema\\\/logo\\\/image\\\/\"},\"sameAs\":[\"https:\\\/\\\/web.facebook.com\\\/lequotidienmr\",\"https:\\\/\\\/x.com\\\/lequotidienmr\"]},{\"@type\":\"Person\",\"@id\":\"https:\\\/\\\/lequotidien.mr\\\/#\\\/schema\\\/person\\\/f90fcdaa970c60288de4ed2e64a56472\",\"name\":\"Le Quotidien\",\"image\":{\"@type\":\"ImageObject\",\"inLanguage\":\"ar\",\"@id\":\"https:\\\/\\\/secure.gravatar.com\\\/avatar\\\/374cb39a1a458a912465a93e5a3ce6546886fc3da809a1f10c63e4e8fcbca30f?s=96&d=mm&r=g\",\"url\":\"https:\\\/\\\/secure.gravatar.com\\\/avatar\\\/374cb39a1a458a912465a93e5a3ce6546886fc3da809a1f10c63e4e8fcbca30f?s=96&d=mm&r=g\",\"contentUrl\":\"https:\\\/\\\/secure.gravatar.com\\\/avatar\\\/374cb39a1a458a912465a93e5a3ce6546886fc3da809a1f10c63e4e8fcbca30f?s=96&d=mm&r=g\",\"caption\":\"Le Quotidien\"},\"sameAs\":[\"https:\\\/\\\/lequotidien.mr\\\/\"],\"url\":\"https:\\\/\\\/lequotidien.mr\\\/?author=4\"}]}<\/script>\n<!-- \/ Yoast SEO plugin. -->","yoast_head_json":{"title":"Timimoun accueille la premi\u00e8re \u00e9dition de son Festival International du Court M\u00e9trage en novembre 2025 - Le Quotidien de Nouakchott","robots":{"index":"index","follow":"follow","max-snippet":"max-snippet:-1","max-image-preview":"max-image-preview:large","max-video-preview":"max-video-preview:-1"},"canonical":"https:\/\/lequotidien.mr\/?p=28983&lang=fr","og_locale":"ar_AR","og_type":"article","og_title":"Timimoun accueille la premi\u00e8re \u00e9dition de son Festival International du Court M\u00e9trage en novembre 2025 - Le Quotidien de Nouakchott","og_description":"Timimoun, Alg\u00e9rie \u2014 La ville de Timimoun, nich\u00e9e au c\u0153ur du Sahara alg\u00e9rien, s\u2019appr\u00eate \u00e0 devenir, du 13 au 18 novembre 2025, le th\u00e9\u00e2tre d\u2019un \u00e9v\u00e9nement cin\u00e9matographique in\u00e9dit : la premi\u00e8re \u00e9dition du Timimoun International Short Film Festival. \u00c0 travers ce rendez-vous d\u00e9di\u00e9 au court m\u00e9trage, la ville entend s\u2019imposer comme un nouveau carrefour du.....","og_url":"https:\/\/lequotidien.mr\/?p=28983&lang=fr","og_site_name":"Le Quotidien de Nouakchott","article_publisher":"https:\/\/web.facebook.com\/lequotidienmr","article_published_time":"2025-07-07T18:50:16+00:00","og_image":[{"width":760,"height":788,"url":"https:\/\/lequotidien.mr\/wp-content\/uploads\/2025\/07\/WhatsApp-Image-2025-05-31-at-10.39.01.jpeg","type":"image\/jpeg"}],"author":"Le Quotidien","twitter_card":"summary_large_image","twitter_creator":"@lequotidienmr","twitter_site":"@lequotidienmr","twitter_misc":{"\u0643\u064f\u062a\u0628 \u0628\u0648\u0627\u0633\u0637\u0629":"Le Quotidien","\u0648\u0642\u062a \u0627\u0644\u0642\u0631\u0627\u0621\u0629 \u0627\u0644\u0645\u064f\u0642\u062f\u0651\u0631":"4 \u062f\u0642\u0627\u0626\u0642"},"schema":{"@context":"https:\/\/schema.org","@graph":[{"@type":"Article","@id":"https:\/\/lequotidien.mr\/?p=28983&lang=fr#article","isPartOf":{"@id":"https:\/\/lequotidien.mr\/?p=28983&lang=fr"},"author":{"name":"Le Quotidien","@id":"https:\/\/lequotidien.mr\/#\/schema\/person\/f90fcdaa970c60288de4ed2e64a56472"},"headline":"Timimoun accueille la premi\u00e8re \u00e9dition de son Festival International du Court M\u00e9trage en novembre 2025","datePublished":"2025-07-07T18:50:16+00:00","mainEntityOfPage":{"@id":"https:\/\/lequotidien.mr\/?p=28983&lang=fr"},"wordCount":497,"commentCount":0,"publisher":{"@id":"https:\/\/lequotidien.mr\/#organization"},"image":{"@id":"https:\/\/lequotidien.mr\/?p=28983&lang=fr#primaryimage"},"thumbnailUrl":"https:\/\/lequotidien.mr\/wp-content\/uploads\/2025\/07\/WhatsApp-Image-2025-05-31-at-10.39.01.jpeg","articleSection":["ACTUALIT\u00c9","Culture"],"inLanguage":"ar","potentialAction":[{"@type":"CommentAction","name":"Comment","target":["https:\/\/lequotidien.mr\/?p=28983&lang=fr#respond"]}]},{"@type":"WebPage","@id":"https:\/\/lequotidien.mr\/?p=28983&lang=fr","url":"https:\/\/lequotidien.mr\/?p=28983&lang=fr","name":"Timimoun accueille la premi\u00e8re \u00e9dition de son Festival International du Court M\u00e9trage en novembre 2025 - Le Quotidien de Nouakchott","isPartOf":{"@id":"https:\/\/lequotidien.mr\/#website"},"primaryImageOfPage":{"@id":"https:\/\/lequotidien.mr\/?p=28983&lang=fr#primaryimage"},"image":{"@id":"https:\/\/lequotidien.mr\/?p=28983&lang=fr#primaryimage"},"thumbnailUrl":"https:\/\/lequotidien.mr\/wp-content\/uploads\/2025\/07\/WhatsApp-Image-2025-05-31-at-10.39.01.jpeg","datePublished":"2025-07-07T18:50:16+00:00","breadcrumb":{"@id":"https:\/\/lequotidien.mr\/?p=28983&lang=fr#breadcrumb"},"inLanguage":"ar","potentialAction":[{"@type":"ReadAction","target":["https:\/\/lequotidien.mr\/?p=28983&lang=fr"]}]},{"@type":"ImageObject","inLanguage":"ar","@id":"https:\/\/lequotidien.mr\/?p=28983&lang=fr#primaryimage","url":"https:\/\/lequotidien.mr\/wp-content\/uploads\/2025\/07\/WhatsApp-Image-2025-05-31-at-10.39.01.jpeg","contentUrl":"https:\/\/lequotidien.mr\/wp-content\/uploads\/2025\/07\/WhatsApp-Image-2025-05-31-at-10.39.01.jpeg","width":760,"height":788},{"@type":"BreadcrumbList","@id":"https:\/\/lequotidien.mr\/?p=28983&lang=fr#breadcrumb","itemListElement":[{"@type":"ListItem","position":1,"name":"Home","item":"https:\/\/lequotidien.mr\/"},{"@type":"ListItem","position":2,"name":"Timimoun accueille la premi\u00e8re \u00e9dition de son Festival International du Court M\u00e9trage en novembre 2025"}]},{"@type":"WebSite","@id":"https:\/\/lequotidien.mr\/#website","url":"https:\/\/lequotidien.mr\/","name":"Le Quotidien de Nouakchott","description":"\u0625\u062e\u0628\u0627\u0631\u064a\u0629 \u0645\u0633\u062a\u0642\u0644\u0629 \u0644\u0644\u0623\u0646\u0628\u0627\u0621 \u0627\u0644\u0639\u0627\u0645\u0629","publisher":{"@id":"https:\/\/lequotidien.mr\/#organization"},"potentialAction":[{"@type":"SearchAction","target":{"@type":"EntryPoint","urlTemplate":"https:\/\/lequotidien.mr\/?s={search_term_string}"},"query-input":{"@type":"PropertyValueSpecification","valueRequired":true,"valueName":"search_term_string"}}],"inLanguage":"ar"},{"@type":"Organization","@id":"https:\/\/lequotidien.mr\/#organization","name":"Le Quotidien de Nouakchott","url":"https:\/\/lequotidien.mr\/","logo":{"@type":"ImageObject","inLanguage":"ar","@id":"https:\/\/lequotidien.mr\/#\/schema\/logo\/image\/","url":"https:\/\/lequotidien.mr\/wp-content\/uploads\/2022\/11\/logolequotidien.jpg","contentUrl":"https:\/\/lequotidien.mr\/wp-content\/uploads\/2022\/11\/logolequotidien.jpg","width":290,"height":65,"caption":"Le Quotidien de Nouakchott"},"image":{"@id":"https:\/\/lequotidien.mr\/#\/schema\/logo\/image\/"},"sameAs":["https:\/\/web.facebook.com\/lequotidienmr","https:\/\/x.com\/lequotidienmr"]},{"@type":"Person","@id":"https:\/\/lequotidien.mr\/#\/schema\/person\/f90fcdaa970c60288de4ed2e64a56472","name":"Le Quotidien","image":{"@type":"ImageObject","inLanguage":"ar","@id":"https:\/\/secure.gravatar.com\/avatar\/374cb39a1a458a912465a93e5a3ce6546886fc3da809a1f10c63e4e8fcbca30f?s=96&d=mm&r=g","url":"https:\/\/secure.gravatar.com\/avatar\/374cb39a1a458a912465a93e5a3ce6546886fc3da809a1f10c63e4e8fcbca30f?s=96&d=mm&r=g","contentUrl":"https:\/\/secure.gravatar.com\/avatar\/374cb39a1a458a912465a93e5a3ce6546886fc3da809a1f10c63e4e8fcbca30f?s=96&d=mm&r=g","caption":"Le Quotidien"},"sameAs":["https:\/\/lequotidien.mr\/"],"url":"https:\/\/lequotidien.mr\/?author=4"}]}},"_links":{"self":[{"href":"https:\/\/lequotidien.mr\/index.php?rest_route=\/wp\/v2\/posts\/28983","targetHints":{"allow":["GET"]}}],"collection":[{"href":"https:\/\/lequotidien.mr\/index.php?rest_route=\/wp\/v2\/posts"}],"about":[{"href":"https:\/\/lequotidien.mr\/index.php?rest_route=\/wp\/v2\/types\/post"}],"author":[{"embeddable":true,"href":"https:\/\/lequotidien.mr\/index.php?rest_route=\/wp\/v2\/users\/4"}],"replies":[{"embeddable":true,"href":"https:\/\/lequotidien.mr\/index.php?rest_route=%2Fwp%2Fv2%2Fcomments&post=28983"}],"version-history":[{"count":1,"href":"https:\/\/lequotidien.mr\/index.php?rest_route=\/wp\/v2\/posts\/28983\/revisions"}],"predecessor-version":[{"id":28987,"href":"https:\/\/lequotidien.mr\/index.php?rest_route=\/wp\/v2\/posts\/28983\/revisions\/28987"}],"wp:featuredmedia":[{"embeddable":true,"href":"https:\/\/lequotidien.mr\/index.php?rest_route=\/wp\/v2\/media\/28986"}],"wp:attachment":[{"href":"https:\/\/lequotidien.mr\/index.php?rest_route=%2Fwp%2Fv2%2Fmedia&parent=28983"}],"wp:term":[{"taxonomy":"category","embeddable":true,"href":"https:\/\/lequotidien.mr\/index.php?rest_route=%2Fwp%2Fv2%2Fcategories&post=28983"},{"taxonomy":"post_tag","embeddable":true,"href":"https:\/\/lequotidien.mr\/index.php?rest_route=%2Fwp%2Fv2%2Ftags&post=28983"}],"curies":[{"name":"wp","href":"https:\/\/api.w.org\/{rel}","templated":true}]}}