{"id":28952,"date":"2025-07-05T17:44:15","date_gmt":"2025-07-05T17:44:15","guid":{"rendered":"https:\/\/lequotidien.mr\/?p=28952"},"modified":"2025-07-05T17:44:15","modified_gmt":"2025-07-05T17:44:15","slug":"lancement-de-la-phase-ii-du-projet-aftout-charghi-lacces-universel-a-leau-potable-devient-une-realite-pour-57-nouveaux-villages-repartis-dans-les-wilayas-du-gorgol-brakna-et-assab","status":"publish","type":"post","link":"https:\/\/lequotidien.mr\/?p=28952&lang=fr","title":{"rendered":"Lancement de la Phase II du projet Aftout Charghi : L\u2019acc\u00e8s universel \u00e0 l\u2019eau potable devient une r\u00e9alit\u00e9 pour 57 nouveaux villages r\u00e9partis dans les wilayas du Gorgol, Brakna et Assaba"},"content":{"rendered":"<p>Sous la haute supervision du Pr\u00e9sident de la R\u00e9publique, M. Mohamed Cheikh El Ghazouani, la deuxi\u00e8me phase du projet strat\u00e9gique\u00a0<strong>Aftout Charghi<\/strong>\u00a0a \u00e9t\u00e9 officiellement lanc\u00e9e vendredi dernier. Cette initiative majeure marque une avanc\u00e9e d\u00e9cisive dans la lutte pour l&#8217;acc\u00e8s universel \u00e0 l&#8217;eau potable et incarne la volont\u00e9 ferme du Chef de l&#8217;\u00c9tat de renforcer la\u00a0<strong>justice sociale <\/strong>et de garantir les droits fondamentaux des citoyens, quel que soit leur lieu de r\u00e9sidence.<\/p>\n<p><strong>Un engagement pr\u00e9sidentiel pour les services essentiels<\/strong><\/p>\n<p>Ce lancement concr\u00e9tise l&#8217;engagement constant du Pr\u00e9sident El \u00a0Ghazouani \u00e0 am\u00e9liorer les conditions de vie des Mauritaniens, en particulier dans les r\u00e9gions int\u00e9rieures historiquement moins desservies. Le projet Aftout Charghi Phase II est bien plus qu&#8217;un chantier d&#8217;infrastructure ; il est la traduction physique de la promesse de garantir\u00a0<strong>le droit \u00e0 l&#8217;eau<\/strong>, service essentiel et vital, pour tous. &#8220;O\u00f9 qu&#8217;ils se trouvent&#8221;, cette vision pr\u00e9sidentielle place l&#8217;\u00e9quit\u00e9 et le bien-\u00eatre des citoyens au c\u0153ur du d\u00e9veloppement national.<\/p>\n<p><strong>Un investissement massif pour l&#8217;avenir (2040)<\/strong><\/p>\n<p>Dot\u00e9 d&#8217;un financement cons\u00e9quent de\u00a0<strong>24 millions d&#8217;euros<\/strong>, assur\u00e9 conjointement par le\u00a0<strong>gouvernement mauritanien<\/strong>\u00a0et le\u00a0<strong>Fonds arabe pour le d\u00e9veloppement \u00e9conomique et social (FADES)<\/strong>, le projet affiche une ambition de long terme. Son objectif principal est de\u00a0<strong>renforcer durablement la couverture en eau potable jusqu&#8217;\u00e0 l&#8217;horizon 2040<\/strong>, offrant ainsi une solution p\u00e9renne \u00e0 des populations longtemps confront\u00e9es \u00e0 la p\u00e9nurie.<\/p>\n<p>La Phase II se caract\u00e9rise par des r\u00e9alisations techniques d&#8217;envergure :<\/p>\n<p><strong>-Une station de traitement ultramoderne :<\/strong>\u00a0D&#8217;une capacit\u00e9 de production de\u00a0<strong>10 000 m\u00e8tres cubes par jour<\/strong>, assurant une eau de qualit\u00e9\u00a0;<\/p>\n<p><strong>-Un r\u00e9seau de distribution colossal :<\/strong>\u00a0Plus de\u00a0<strong>246 kilom\u00e8tres de conduites<\/strong>\u00a0seront pos\u00e9s pour acheminer l&#8217;eau vers les zones cibles\u00a0;<\/p>\n<p><strong>-Des infrastructures de soutien vitales :<\/strong>\u00a0Construction de\u00a0<strong>nouveaux r\u00e9servoirs<\/strong>\u00a0et\u00a0<strong>stations de pompage<\/strong>\u00a0pour garantir un approvisionnement continu et fiable\u00a0;<\/p>\n<p><strong>-Des branchements directs au service des populations :<\/strong>\u00a0R\u00e9alisation de\u00a0<strong>raccordements domestiques<\/strong>\u00a0et installation de\u00a0<strong>bornes-fontaines publiques<\/strong>\u00a0au profit de\u00a0<strong>milliers de familles<\/strong>.<\/p>\n<p><strong>Impact majeur et \u00e9largissement de la couverture<\/strong><\/p>\n<p>Gr\u00e2ce \u00e0 cette deuxi\u00e8me phase, ce sont\u00a0<strong>57 nouveaux villages<\/strong>\u00a0r\u00e9partis dans les wilayas de\u00a0<strong>Gorgol, Brakna et Assaba<\/strong>\u00a0qui vont b\u00e9n\u00e9ficier pour la premi\u00e8re fois d&#8217;un acc\u00e8s s\u00e9curis\u00e9 \u00e0 l&#8217;eau potable. Cette extension porte le nombre total de localit\u00e9s desservies par le projet Aftout Charghi \u00e0\u00a0<strong>plus de 400<\/strong>, un chiffre qui illustre l&#8217;ampleur de la transformation en cours.<\/p>\n<p>Le lancement de cette phase est une \u00e9tape cruciale dans l&#8217;am\u00e9lioration des conditions de vie des populations concern\u00e9es. Il contribue directement \u00e0 la r\u00e9alisation des\u00a0<strong>Objectifs de D\u00e9veloppement Durable (ODD)<\/strong>, notamment l&#8217;ODD 6 (Eau propre et assainissement). Plus largement, il mat\u00e9rialise la\u00a0<strong>vision pr\u00e9sidentielle<\/strong>\u00a0de construire un\u00a0<strong>\u00c9tat de services moderne et juste<\/strong>, o\u00f9 les infrastructures essentielles sont accessibles \u00e0 tous les citoyens sur l&#8217;ensemble du territoire national. Le projet Aftout Charghi, sous l&#8217;impulsion du Pr\u00e9sident El \u00a0Ghazouani, devient ainsi un symbole fort de progr\u00e8s, d&#8217;\u00e9quit\u00e9 et de d\u00e9veloppement inclusif pour la Mauritanie.<\/p>\n","protected":false},"excerpt":{"rendered":"<p>Sous la haute supervision du Pr\u00e9sident de la R\u00e9publique, M. Mohamed Cheikh El Ghazouani, la deuxi\u00e8me phase du projet strat\u00e9gique\u00a0Aftout Charghi\u00a0a \u00e9t\u00e9 officiellement lanc\u00e9e vendredi dernier. Cette initiative majeure marque une avanc\u00e9e d\u00e9cisive dans la lutte pour l&#8217;acc\u00e8s universel \u00e0 l&#8217;eau potable et incarne la volont\u00e9 ferme du Chef de l&#8217;\u00c9tat de renforcer la\u00a0justice sociale&#8230;..<\/p>\n","protected":false},"author":12,"featured_media":28953,"comment_status":"open","ping_status":"open","sticky":false,"template":"","format":"standard","meta":{"footnotes":""},"categories":[23,49],"tags":[],"class_list":["post-28952","post","type-post","status-publish","format-standard","has-post-thumbnail","hentry","category-actualite","category-economie"],"yoast_head":"<!-- This site is optimized with the Yoast SEO plugin v27.5 - https:\/\/yoast.com\/product\/yoast-seo-wordpress\/ -->\n<title>Lancement de la Phase II du projet Aftout Charghi : L\u2019acc\u00e8s universel \u00e0 l\u2019eau potable devient une r\u00e9alit\u00e9 pour 57 nouveaux villages r\u00e9partis dans les wilayas du Gorgol, Brakna et Assaba - Le Quotidien de Nouakchott<\/title>\n<meta name=\"robots\" content=\"index, follow, max-snippet:-1, max-image-preview:large, max-video-preview:-1\" \/>\n<link rel=\"canonical\" href=\"https:\/\/lequotidien.mr\/?p=28952&lang=fr\" \/>\n<meta property=\"og:locale\" content=\"ar_AR\" \/>\n<meta property=\"og:type\" content=\"article\" \/>\n<meta property=\"og:title\" content=\"Lancement de la Phase II du projet Aftout Charghi : L\u2019acc\u00e8s universel \u00e0 l\u2019eau potable devient une r\u00e9alit\u00e9 pour 57 nouveaux villages r\u00e9partis dans les wilayas du Gorgol, Brakna et Assaba - Le Quotidien de Nouakchott\" \/>\n<meta property=\"og:description\" content=\"Sous la haute supervision du Pr\u00e9sident de la R\u00e9publique, M. Mohamed Cheikh El Ghazouani, la deuxi\u00e8me phase du projet strat\u00e9gique\u00a0Aftout Charghi\u00a0a \u00e9t\u00e9 officiellement lanc\u00e9e vendredi dernier. Cette initiative majeure marque une avanc\u00e9e d\u00e9cisive dans la lutte pour l&#8217;acc\u00e8s universel \u00e0 l&#8217;eau potable et incarne la volont\u00e9 ferme du Chef de l&#8217;\u00c9tat de renforcer la\u00a0justice sociale.....\" \/>\n<meta property=\"og:url\" content=\"https:\/\/lequotidien.mr\/?p=28952&amp;lang=fr\" \/>\n<meta property=\"og:site_name\" content=\"Le Quotidien de Nouakchott\" \/>\n<meta property=\"article:publisher\" content=\"https:\/\/web.facebook.com\/lequotidienmr\" \/>\n<meta property=\"article:published_time\" content=\"2025-07-05T17:44:15+00:00\" \/>\n<meta property=\"og:image\" content=\"https:\/\/lequotidien.mr\/wp-content\/uploads\/2025\/07\/photo-Aftout-Charghi.jpg\" \/>\n\t<meta property=\"og:image:width\" content=\"768\" \/>\n\t<meta property=\"og:image:height\" content=\"512\" \/>\n\t<meta property=\"og:image:type\" content=\"image\/jpeg\" \/>\n<meta name=\"author\" content=\"Med Ahmed\" \/>\n<meta name=\"twitter:card\" content=\"summary_large_image\" \/>\n<meta name=\"twitter:creator\" content=\"@lequotidienmr\" \/>\n<meta name=\"twitter:site\" content=\"@lequotidienmr\" \/>\n<meta name=\"twitter:label1\" content=\"\u0643\u064f\u062a\u0628 \u0628\u0648\u0627\u0633\u0637\u0629\" \/>\n\t<meta name=\"twitter:data1\" content=\"Med Ahmed\" \/>\n\t<meta name=\"twitter:label2\" content=\"\u0648\u0642\u062a \u0627\u0644\u0642\u0631\u0627\u0621\u0629 \u0627\u0644\u0645\u064f\u0642\u062f\u0651\u0631\" \/>\n\t<meta name=\"twitter:data2\" content=\"4 \u062f\u0642\u0627\u0626\u0642\" \/>\n<script type=\"application\/ld+json\" class=\"yoast-schema-graph\">{\"@context\":\"https:\\\/\\\/schema.org\",\"@graph\":[{\"@type\":\"Article\",\"@id\":\"https:\\\/\\\/lequotidien.mr\\\/?p=28952&lang=fr#article\",\"isPartOf\":{\"@id\":\"https:\\\/\\\/lequotidien.mr\\\/?p=28952&lang=fr\"},\"author\":{\"name\":\"Med Ahmed\",\"@id\":\"https:\\\/\\\/lequotidien.mr\\\/#\\\/schema\\\/person\\\/d2d350202a4d599685ed8abc25f97596\"},\"headline\":\"Lancement de la Phase II du projet Aftout Charghi : L\u2019acc\u00e8s universel \u00e0 l\u2019eau potable devient une r\u00e9alit\u00e9 pour 57 nouveaux villages r\u00e9partis dans les wilayas du Gorgol, Brakna et Assaba\",\"datePublished\":\"2025-07-05T17:44:15+00:00\",\"mainEntityOfPage\":{\"@id\":\"https:\\\/\\\/lequotidien.mr\\\/?p=28952&lang=fr\"},\"wordCount\":565,\"commentCount\":0,\"publisher\":{\"@id\":\"https:\\\/\\\/lequotidien.mr\\\/#organization\"},\"image\":{\"@id\":\"https:\\\/\\\/lequotidien.mr\\\/?p=28952&lang=fr#primaryimage\"},\"thumbnailUrl\":\"https:\\\/\\\/lequotidien.mr\\\/wp-content\\\/uploads\\\/2025\\\/07\\\/photo-Aftout-Charghi.jpg\",\"articleSection\":[\"ACTUALIT\u00c9\",\"Economie\"],\"inLanguage\":\"ar\",\"potentialAction\":[{\"@type\":\"CommentAction\",\"name\":\"Comment\",\"target\":[\"https:\\\/\\\/lequotidien.mr\\\/?p=28952&lang=fr#respond\"]}]},{\"@type\":\"WebPage\",\"@id\":\"https:\\\/\\\/lequotidien.mr\\\/?p=28952&lang=fr\",\"url\":\"https:\\\/\\\/lequotidien.mr\\\/?p=28952&lang=fr\",\"name\":\"Lancement de la Phase II du projet Aftout Charghi : L\u2019acc\u00e8s universel \u00e0 l\u2019eau potable devient une r\u00e9alit\u00e9 pour 57 nouveaux villages r\u00e9partis dans les wilayas du Gorgol, Brakna et Assaba - Le Quotidien de Nouakchott\",\"isPartOf\":{\"@id\":\"https:\\\/\\\/lequotidien.mr\\\/#website\"},\"primaryImageOfPage\":{\"@id\":\"https:\\\/\\\/lequotidien.mr\\\/?p=28952&lang=fr#primaryimage\"},\"image\":{\"@id\":\"https:\\\/\\\/lequotidien.mr\\\/?p=28952&lang=fr#primaryimage\"},\"thumbnailUrl\":\"https:\\\/\\\/lequotidien.mr\\\/wp-content\\\/uploads\\\/2025\\\/07\\\/photo-Aftout-Charghi.jpg\",\"datePublished\":\"2025-07-05T17:44:15+00:00\",\"breadcrumb\":{\"@id\":\"https:\\\/\\\/lequotidien.mr\\\/?p=28952&lang=fr#breadcrumb\"},\"inLanguage\":\"ar\",\"potentialAction\":[{\"@type\":\"ReadAction\",\"target\":[\"https:\\\/\\\/lequotidien.mr\\\/?p=28952&lang=fr\"]}]},{\"@type\":\"ImageObject\",\"inLanguage\":\"ar\",\"@id\":\"https:\\\/\\\/lequotidien.mr\\\/?p=28952&lang=fr#primaryimage\",\"url\":\"https:\\\/\\\/lequotidien.mr\\\/wp-content\\\/uploads\\\/2025\\\/07\\\/photo-Aftout-Charghi.jpg\",\"contentUrl\":\"https:\\\/\\\/lequotidien.mr\\\/wp-content\\\/uploads\\\/2025\\\/07\\\/photo-Aftout-Charghi.jpg\",\"width\":768,\"height\":512},{\"@type\":\"BreadcrumbList\",\"@id\":\"https:\\\/\\\/lequotidien.mr\\\/?p=28952&lang=fr#breadcrumb\",\"itemListElement\":[{\"@type\":\"ListItem\",\"position\":1,\"name\":\"Home\",\"item\":\"https:\\\/\\\/lequotidien.mr\\\/\"},{\"@type\":\"ListItem\",\"position\":2,\"name\":\"Lancement de la Phase II du projet Aftout Charghi : L\u2019acc\u00e8s universel \u00e0 l\u2019eau potable devient une r\u00e9alit\u00e9 pour 57 nouveaux villages r\u00e9partis dans les wilayas du Gorgol, Brakna et Assaba\"}]},{\"@type\":\"WebSite\",\"@id\":\"https:\\\/\\\/lequotidien.mr\\\/#website\",\"url\":\"https:\\\/\\\/lequotidien.mr\\\/\",\"name\":\"Le Quotidien de Nouakchott\",\"description\":\"\u0625\u062e\u0628\u0627\u0631\u064a\u0629 \u0645\u0633\u062a\u0642\u0644\u0629 \u0644\u0644\u0623\u0646\u0628\u0627\u0621 \u0627\u0644\u0639\u0627\u0645\u0629\",\"publisher\":{\"@id\":\"https:\\\/\\\/lequotidien.mr\\\/#organization\"},\"potentialAction\":[{\"@type\":\"SearchAction\",\"target\":{\"@type\":\"EntryPoint\",\"urlTemplate\":\"https:\\\/\\\/lequotidien.mr\\\/?s={search_term_string}\"},\"query-input\":{\"@type\":\"PropertyValueSpecification\",\"valueRequired\":true,\"valueName\":\"search_term_string\"}}],\"inLanguage\":\"ar\"},{\"@type\":\"Organization\",\"@id\":\"https:\\\/\\\/lequotidien.mr\\\/#organization\",\"name\":\"Le Quotidien de Nouakchott\",\"url\":\"https:\\\/\\\/lequotidien.mr\\\/\",\"logo\":{\"@type\":\"ImageObject\",\"inLanguage\":\"ar\",\"@id\":\"https:\\\/\\\/lequotidien.mr\\\/#\\\/schema\\\/logo\\\/image\\\/\",\"url\":\"https:\\\/\\\/lequotidien.mr\\\/wp-content\\\/uploads\\\/2022\\\/11\\\/logolequotidien.jpg\",\"contentUrl\":\"https:\\\/\\\/lequotidien.mr\\\/wp-content\\\/uploads\\\/2022\\\/11\\\/logolequotidien.jpg\",\"width\":290,\"height\":65,\"caption\":\"Le Quotidien de Nouakchott\"},\"image\":{\"@id\":\"https:\\\/\\\/lequotidien.mr\\\/#\\\/schema\\\/logo\\\/image\\\/\"},\"sameAs\":[\"https:\\\/\\\/web.facebook.com\\\/lequotidienmr\",\"https:\\\/\\\/x.com\\\/lequotidienmr\"]},{\"@type\":\"Person\",\"@id\":\"https:\\\/\\\/lequotidien.mr\\\/#\\\/schema\\\/person\\\/d2d350202a4d599685ed8abc25f97596\",\"name\":\"Med Ahmed\",\"image\":{\"@type\":\"ImageObject\",\"inLanguage\":\"ar\",\"@id\":\"https:\\\/\\\/secure.gravatar.com\\\/avatar\\\/fd2acc62ed50732923d1d39c17172c9b04149f142be92310ecc69e1358f94b52?s=96&d=mm&r=g\",\"url\":\"https:\\\/\\\/secure.gravatar.com\\\/avatar\\\/fd2acc62ed50732923d1d39c17172c9b04149f142be92310ecc69e1358f94b52?s=96&d=mm&r=g\",\"contentUrl\":\"https:\\\/\\\/secure.gravatar.com\\\/avatar\\\/fd2acc62ed50732923d1d39c17172c9b04149f142be92310ecc69e1358f94b52?s=96&d=mm&r=g\",\"caption\":\"Med Ahmed\"},\"url\":\"https:\\\/\\\/lequotidien.mr\\\/?author=12\"}]}<\/script>\n<!-- \/ Yoast SEO plugin. -->","yoast_head_json":{"title":"Lancement de la Phase II du projet Aftout Charghi : L\u2019acc\u00e8s universel \u00e0 l\u2019eau potable devient une r\u00e9alit\u00e9 pour 57 nouveaux villages r\u00e9partis dans les wilayas du Gorgol, Brakna et Assaba - Le Quotidien de Nouakchott","robots":{"index":"index","follow":"follow","max-snippet":"max-snippet:-1","max-image-preview":"max-image-preview:large","max-video-preview":"max-video-preview:-1"},"canonical":"https:\/\/lequotidien.mr\/?p=28952&lang=fr","og_locale":"ar_AR","og_type":"article","og_title":"Lancement de la Phase II du projet Aftout Charghi : L\u2019acc\u00e8s universel \u00e0 l\u2019eau potable devient une r\u00e9alit\u00e9 pour 57 nouveaux villages r\u00e9partis dans les wilayas du Gorgol, Brakna et Assaba - Le Quotidien de Nouakchott","og_description":"Sous la haute supervision du Pr\u00e9sident de la R\u00e9publique, M. Mohamed Cheikh El Ghazouani, la deuxi\u00e8me phase du projet strat\u00e9gique\u00a0Aftout Charghi\u00a0a \u00e9t\u00e9 officiellement lanc\u00e9e vendredi dernier. Cette initiative majeure marque une avanc\u00e9e d\u00e9cisive dans la lutte pour l&#8217;acc\u00e8s universel \u00e0 l&#8217;eau potable et incarne la volont\u00e9 ferme du Chef de l&#8217;\u00c9tat de renforcer la\u00a0justice sociale.....","og_url":"https:\/\/lequotidien.mr\/?p=28952&lang=fr","og_site_name":"Le Quotidien de Nouakchott","article_publisher":"https:\/\/web.facebook.com\/lequotidienmr","article_published_time":"2025-07-05T17:44:15+00:00","og_image":[{"width":768,"height":512,"url":"https:\/\/lequotidien.mr\/wp-content\/uploads\/2025\/07\/photo-Aftout-Charghi.jpg","type":"image\/jpeg"}],"author":"Med Ahmed","twitter_card":"summary_large_image","twitter_creator":"@lequotidienmr","twitter_site":"@lequotidienmr","twitter_misc":{"\u0643\u064f\u062a\u0628 \u0628\u0648\u0627\u0633\u0637\u0629":"Med Ahmed","\u0648\u0642\u062a \u0627\u0644\u0642\u0631\u0627\u0621\u0629 \u0627\u0644\u0645\u064f\u0642\u062f\u0651\u0631":"4 \u062f\u0642\u0627\u0626\u0642"},"schema":{"@context":"https:\/\/schema.org","@graph":[{"@type":"Article","@id":"https:\/\/lequotidien.mr\/?p=28952&lang=fr#article","isPartOf":{"@id":"https:\/\/lequotidien.mr\/?p=28952&lang=fr"},"author":{"name":"Med Ahmed","@id":"https:\/\/lequotidien.mr\/#\/schema\/person\/d2d350202a4d599685ed8abc25f97596"},"headline":"Lancement de la Phase II du projet Aftout Charghi : L\u2019acc\u00e8s universel \u00e0 l\u2019eau potable devient une r\u00e9alit\u00e9 pour 57 nouveaux villages r\u00e9partis dans les wilayas du Gorgol, Brakna et Assaba","datePublished":"2025-07-05T17:44:15+00:00","mainEntityOfPage":{"@id":"https:\/\/lequotidien.mr\/?p=28952&lang=fr"},"wordCount":565,"commentCount":0,"publisher":{"@id":"https:\/\/lequotidien.mr\/#organization"},"image":{"@id":"https:\/\/lequotidien.mr\/?p=28952&lang=fr#primaryimage"},"thumbnailUrl":"https:\/\/lequotidien.mr\/wp-content\/uploads\/2025\/07\/photo-Aftout-Charghi.jpg","articleSection":["ACTUALIT\u00c9","Economie"],"inLanguage":"ar","potentialAction":[{"@type":"CommentAction","name":"Comment","target":["https:\/\/lequotidien.mr\/?p=28952&lang=fr#respond"]}]},{"@type":"WebPage","@id":"https:\/\/lequotidien.mr\/?p=28952&lang=fr","url":"https:\/\/lequotidien.mr\/?p=28952&lang=fr","name":"Lancement de la Phase II du projet Aftout Charghi : L\u2019acc\u00e8s universel \u00e0 l\u2019eau potable devient une r\u00e9alit\u00e9 pour 57 nouveaux villages r\u00e9partis dans les wilayas du Gorgol, Brakna et Assaba - Le Quotidien de Nouakchott","isPartOf":{"@id":"https:\/\/lequotidien.mr\/#website"},"primaryImageOfPage":{"@id":"https:\/\/lequotidien.mr\/?p=28952&lang=fr#primaryimage"},"image":{"@id":"https:\/\/lequotidien.mr\/?p=28952&lang=fr#primaryimage"},"thumbnailUrl":"https:\/\/lequotidien.mr\/wp-content\/uploads\/2025\/07\/photo-Aftout-Charghi.jpg","datePublished":"2025-07-05T17:44:15+00:00","breadcrumb":{"@id":"https:\/\/lequotidien.mr\/?p=28952&lang=fr#breadcrumb"},"inLanguage":"ar","potentialAction":[{"@type":"ReadAction","target":["https:\/\/lequotidien.mr\/?p=28952&lang=fr"]}]},{"@type":"ImageObject","inLanguage":"ar","@id":"https:\/\/lequotidien.mr\/?p=28952&lang=fr#primaryimage","url":"https:\/\/lequotidien.mr\/wp-content\/uploads\/2025\/07\/photo-Aftout-Charghi.jpg","contentUrl":"https:\/\/lequotidien.mr\/wp-content\/uploads\/2025\/07\/photo-Aftout-Charghi.jpg","width":768,"height":512},{"@type":"BreadcrumbList","@id":"https:\/\/lequotidien.mr\/?p=28952&lang=fr#breadcrumb","itemListElement":[{"@type":"ListItem","position":1,"name":"Home","item":"https:\/\/lequotidien.mr\/"},{"@type":"ListItem","position":2,"name":"Lancement de la Phase II du projet Aftout Charghi : L\u2019acc\u00e8s universel \u00e0 l\u2019eau potable devient une r\u00e9alit\u00e9 pour 57 nouveaux villages r\u00e9partis dans les wilayas du Gorgol, Brakna et Assaba"}]},{"@type":"WebSite","@id":"https:\/\/lequotidien.mr\/#website","url":"https:\/\/lequotidien.mr\/","name":"Le Quotidien de Nouakchott","description":"\u0625\u062e\u0628\u0627\u0631\u064a\u0629 \u0645\u0633\u062a\u0642\u0644\u0629 \u0644\u0644\u0623\u0646\u0628\u0627\u0621 \u0627\u0644\u0639\u0627\u0645\u0629","publisher":{"@id":"https:\/\/lequotidien.mr\/#organization"},"potentialAction":[{"@type":"SearchAction","target":{"@type":"EntryPoint","urlTemplate":"https:\/\/lequotidien.mr\/?s={search_term_string}"},"query-input":{"@type":"PropertyValueSpecification","valueRequired":true,"valueName":"search_term_string"}}],"inLanguage":"ar"},{"@type":"Organization","@id":"https:\/\/lequotidien.mr\/#organization","name":"Le Quotidien de Nouakchott","url":"https:\/\/lequotidien.mr\/","logo":{"@type":"ImageObject","inLanguage":"ar","@id":"https:\/\/lequotidien.mr\/#\/schema\/logo\/image\/","url":"https:\/\/lequotidien.mr\/wp-content\/uploads\/2022\/11\/logolequotidien.jpg","contentUrl":"https:\/\/lequotidien.mr\/wp-content\/uploads\/2022\/11\/logolequotidien.jpg","width":290,"height":65,"caption":"Le Quotidien de Nouakchott"},"image":{"@id":"https:\/\/lequotidien.mr\/#\/schema\/logo\/image\/"},"sameAs":["https:\/\/web.facebook.com\/lequotidienmr","https:\/\/x.com\/lequotidienmr"]},{"@type":"Person","@id":"https:\/\/lequotidien.mr\/#\/schema\/person\/d2d350202a4d599685ed8abc25f97596","name":"Med Ahmed","image":{"@type":"ImageObject","inLanguage":"ar","@id":"https:\/\/secure.gravatar.com\/avatar\/fd2acc62ed50732923d1d39c17172c9b04149f142be92310ecc69e1358f94b52?s=96&d=mm&r=g","url":"https:\/\/secure.gravatar.com\/avatar\/fd2acc62ed50732923d1d39c17172c9b04149f142be92310ecc69e1358f94b52?s=96&d=mm&r=g","contentUrl":"https:\/\/secure.gravatar.com\/avatar\/fd2acc62ed50732923d1d39c17172c9b04149f142be92310ecc69e1358f94b52?s=96&d=mm&r=g","caption":"Med Ahmed"},"url":"https:\/\/lequotidien.mr\/?author=12"}]}},"_links":{"self":[{"href":"https:\/\/lequotidien.mr\/index.php?rest_route=\/wp\/v2\/posts\/28952","targetHints":{"allow":["GET"]}}],"collection":[{"href":"https:\/\/lequotidien.mr\/index.php?rest_route=\/wp\/v2\/posts"}],"about":[{"href":"https:\/\/lequotidien.mr\/index.php?rest_route=\/wp\/v2\/types\/post"}],"author":[{"embeddable":true,"href":"https:\/\/lequotidien.mr\/index.php?rest_route=\/wp\/v2\/users\/12"}],"replies":[{"embeddable":true,"href":"https:\/\/lequotidien.mr\/index.php?rest_route=%2Fwp%2Fv2%2Fcomments&post=28952"}],"version-history":[{"count":1,"href":"https:\/\/lequotidien.mr\/index.php?rest_route=\/wp\/v2\/posts\/28952\/revisions"}],"predecessor-version":[{"id":28954,"href":"https:\/\/lequotidien.mr\/index.php?rest_route=\/wp\/v2\/posts\/28952\/revisions\/28954"}],"wp:featuredmedia":[{"embeddable":true,"href":"https:\/\/lequotidien.mr\/index.php?rest_route=\/wp\/v2\/media\/28953"}],"wp:attachment":[{"href":"https:\/\/lequotidien.mr\/index.php?rest_route=%2Fwp%2Fv2%2Fmedia&parent=28952"}],"wp:term":[{"taxonomy":"category","embeddable":true,"href":"https:\/\/lequotidien.mr\/index.php?rest_route=%2Fwp%2Fv2%2Fcategories&post=28952"},{"taxonomy":"post_tag","embeddable":true,"href":"https:\/\/lequotidien.mr\/index.php?rest_route=%2Fwp%2Fv2%2Ftags&post=28952"}],"curies":[{"name":"wp","href":"https:\/\/api.w.org\/{rel}","templated":true}]}}