{"id":28945,"date":"2025-07-05T12:03:08","date_gmt":"2025-07-05T12:03:08","guid":{"rendered":"https:\/\/lequotidien.mr\/?p=28945"},"modified":"2025-07-05T12:03:08","modified_gmt":"2025-07-05T12:03:08","slug":"barrage-de-foum-gleita-les-habitants-des-localites-environnantes-nauront-plus-soif-et-beneficieront-des-effets-multiplicateurs-du-projet-aftout-charghi","status":"publish","type":"post","link":"https:\/\/lequotidien.mr\/?p=28945&lang=fr","title":{"rendered":"Barrage de \u201cFoum Gleita\u201d: Les habitants des localit\u00e9s environnantes n\u2019auront plus soif et b\u00e9n\u00e9ficieront des effets multiplicateurs du projet Aftout Charghi"},"content":{"rendered":"<p>Une page douloureuse se tourne enfin dans la r\u00e9gion de l&#8217;Aftout, au c\u0153ur de la wilaya de Gorgol. Apr\u00e8s des d\u00e9cennies de lutte contre la soif et l&#8217;absence criante de services de base, des\u00a0<strong>centaines de milliers de familles<\/strong>\u00a0voient aujourd&#8217;hui leurs aspirations \u00e0 une vie meilleure se concr\u00e9tiser. Cet espoir renaissant est port\u00e9 par la mise en \u0153uvre d&#8217;ambitieux projets de d\u00e9veloppement, notamment dans les domaines vitaux de\u00a0<strong>l&#8217;eau potable, de l&#8217;\u00e9lectricit\u00e9 et de la sant\u00e9<\/strong>, mat\u00e9rialisant ainsi la vision du Pr\u00e9sident de la R\u00e9publique, M. Mohamed Cheikh El Ghazouani.<\/p>\n<p>Cette transformation s&#8217;inscrit au c\u0153ur du programme pr\u00e9sidentiel\u00a0<strong>&#8220;Mon ambition pour la patrie&#8221;<\/strong>, dont l&#8217;objectif central est l&#8217;am\u00e9lioration tangible du niveau de vie des citoyens, en accordant une attention particuli\u00e8re aux populations les plus vuln\u00e9rables. Alors que de nombreuses villes et villages \u00e0 travers la Mauritanie ont d\u00e9j\u00e0 ressenti l&#8217;impact positif des grands projets lanc\u00e9s durant le premier mandat et le d\u00e9but du second mandat du Pr\u00e9sident El Ghazouani, c&#8217;est aujourd&#8217;hui au tour de la zone de l&#8217;Aftout de vivre un changement majeur.<\/p>\n<p><strong>La Fin d&#8217;une longue attente : L&#8217;eau, source de vie enfin accessible<\/strong><\/p>\n<p>La souffrance la plus aigu\u00eb, celle du manque d&#8217;eau potable \u2013 &#8220;s\u00e8ve de la vie&#8221; sans laquelle aucune existence digne n&#8217;est possible \u2013 prend fin pour plus de\u00a0<strong>400 localit\u00e9s<\/strong>. Ce soulagement historique est le fruit direct du\u00a0<strong>projet Aftout Charghi (Phase II)<\/strong>, officiellement lanc\u00e9 ce jour par le Pr\u00e9sident El Ghazouani. Ce projet colossal met un terme \u00e0 des ann\u00e9es, voire des g\u00e9n\u00e9rations, de &#8220;longue souffrance de soif&#8221;, d'&#8221;amertume de la vie&#8221; et de &#8220;mis\u00e8re&#8221; impos\u00e9es par l&#8217;absence d&#8217;une vision r\u00e9aliste et de solutions durables lors des p\u00e9riodes pr\u00e9c\u00e9dentes.<\/p>\n<p><strong>Une solution concr\u00e8te et durable<\/strong><\/p>\n<p>La r\u00e9alisation de cette phase cruciale du projet Aftout Charghi repose sur une d\u00e9cision strat\u00e9gique des plus hautes autorit\u00e9s du pays : le\u00a0pr\u00e9l\u00e8vement d&#8217;une partie des ressources g\u00e9n\u00e9reuses du r\u00e9servoir du barrage de Foum Gleita. Ce transfert d&#8217;eau vital constitue la colonne vert\u00e9brale technique permettant d&#8217;alimenter d\u00e9sormais en eau potable ces centaines de villages et hameaux qui en \u00e9taient cruellement d\u00e9pourvus. Les populations n&#8217;auront plus \u00e0 consacrer leur \u00e9nergie et leur temps \u00e0 une qu\u00eate \u00e9puisante et quotidienne de l&#8217;eau.<\/p>\n<p>Si l&#8217;acc\u00e8s \u00e0 l&#8217;eau potable repr\u00e9sente une avanc\u00e9e imm\u00e9diate et spectaculaire, elle s&#8217;inscrit dans une strat\u00e9gie de d\u00e9veloppement plus large pour la r\u00e9gion. Les projets annonc\u00e9s ou en cours dans les secteurs de\u00a0<strong>l&#8217;\u00e9lectricit\u00e9 et de la sant\u00e9<\/strong> t\u00e9moignent de la volont\u00e9 de l&#8217;\u00c9tat, sous la conduite du Pr\u00e9sident El Ghazouani, d&#8217;apporter une r\u00e9ponse globale aux besoins fondamentaux des habitants de l&#8217;Aftout. L&#8217;\u00e9lectrification rurale et l&#8217;am\u00e9lioration des infrastructures sanitaires sont des piliers essentiels pour sortir d\u00e9finitivement la r\u00e9gion de l&#8217;isolement et de la pr\u00e9carit\u00e9.<\/p>\n<p><strong>Un avenir meilleur en construction<\/strong><\/p>\n<p>Le lancement de cette phase du projet Aftout Charghi est bien plus qu&#8217;une simple inauguration d&#8217;infrastructure. C&#8217;est un\u00a0symbole fort de la priorit\u00e9 accord\u00e9e aux r\u00e9gions longtemps marginalis\u00e9es. C&#8217;est la concr\u00e9tisation d&#8217;une ambition pr\u00e9sidentielle centr\u00e9e sur l&#8217;humain. Pour les centaines de milliers d&#8217;habitants de l&#8217;Aftout, c&#8217;est la promesse d&#8217;une vie lib\u00e9r\u00e9e du fardeau quotidien de la soif, et l&#8217;ouverture vers de nouvelles perspectives de d\u00e9veloppement \u00e9conomique, social et humain. La r\u00e9gion, autrefois synonyme de privation, \u00e9crit aujourd&#8217;hui, sous l&#8217;impulsion de la vision du Pr\u00e9sident El Ghazouani, les premiers chapitres d&#8217;un avenir plus prosp\u00e8re et plus digne.<\/p>\n","protected":false},"excerpt":{"rendered":"<p>Une page douloureuse se tourne enfin dans la r\u00e9gion de l&#8217;Aftout, au c\u0153ur de la wilaya de Gorgol. Apr\u00e8s des d\u00e9cennies de lutte contre la soif et l&#8217;absence criante de services de base, des\u00a0centaines de milliers de familles\u00a0voient aujourd&#8217;hui leurs aspirations \u00e0 une vie meilleure se concr\u00e9tiser. Cet espoir renaissant est port\u00e9 par la mise&#8230;..<\/p>\n","protected":false},"author":12,"featured_media":28946,"comment_status":"open","ping_status":"open","sticky":false,"template":"","format":"standard","meta":{"footnotes":""},"categories":[23,49],"tags":[],"class_list":["post-28945","post","type-post","status-publish","format-standard","has-post-thumbnail","hentry","category-actualite","category-economie"],"yoast_head":"<!-- This site is optimized with the Yoast SEO plugin v27.5 - https:\/\/yoast.com\/product\/yoast-seo-wordpress\/ -->\n<title>Barrage de \u201cFoum Gleita\u201d: Les habitants des localit\u00e9s environnantes n\u2019auront plus soif et b\u00e9n\u00e9ficieront des effets multiplicateurs du projet Aftout Charghi - Le Quotidien de Nouakchott<\/title>\n<meta name=\"robots\" content=\"index, follow, max-snippet:-1, max-image-preview:large, max-video-preview:-1\" \/>\n<link rel=\"canonical\" href=\"https:\/\/lequotidien.mr\/?p=28945&lang=fr\" \/>\n<meta property=\"og:locale\" content=\"ar_AR\" \/>\n<meta property=\"og:type\" content=\"article\" \/>\n<meta property=\"og:title\" content=\"Barrage de \u201cFoum Gleita\u201d: Les habitants des localit\u00e9s environnantes n\u2019auront plus soif et b\u00e9n\u00e9ficieront des effets multiplicateurs du projet Aftout Charghi - Le Quotidien de Nouakchott\" \/>\n<meta property=\"og:description\" content=\"Une page douloureuse se tourne enfin dans la r\u00e9gion de l&#8217;Aftout, au c\u0153ur de la wilaya de Gorgol. Apr\u00e8s des d\u00e9cennies de lutte contre la soif et l&#8217;absence criante de services de base, des\u00a0centaines de milliers de familles\u00a0voient aujourd&#8217;hui leurs aspirations \u00e0 une vie meilleure se concr\u00e9tiser. Cet espoir renaissant est port\u00e9 par la mise.....\" \/>\n<meta property=\"og:url\" content=\"https:\/\/lequotidien.mr\/?p=28945&amp;lang=fr\" \/>\n<meta property=\"og:site_name\" content=\"Le Quotidien de Nouakchott\" \/>\n<meta property=\"article:publisher\" content=\"https:\/\/web.facebook.com\/lequotidienmr\" \/>\n<meta property=\"article:published_time\" content=\"2025-07-05T12:03:08+00:00\" \/>\n<meta property=\"og:image\" content=\"https:\/\/lequotidien.mr\/wp-content\/uploads\/2025\/07\/photo-barrage-foum-gleita.jpeg\" \/>\n\t<meta property=\"og:image:width\" content=\"640\" \/>\n\t<meta property=\"og:image:height\" content=\"453\" \/>\n\t<meta property=\"og:image:type\" content=\"image\/jpeg\" \/>\n<meta name=\"author\" content=\"Med Ahmed\" \/>\n<meta name=\"twitter:card\" content=\"summary_large_image\" \/>\n<meta name=\"twitter:creator\" content=\"@lequotidienmr\" \/>\n<meta name=\"twitter:site\" content=\"@lequotidienmr\" \/>\n<meta name=\"twitter:label1\" content=\"\u0643\u064f\u062a\u0628 \u0628\u0648\u0627\u0633\u0637\u0629\" \/>\n\t<meta name=\"twitter:data1\" content=\"Med Ahmed\" \/>\n\t<meta name=\"twitter:label2\" content=\"\u0648\u0642\u062a \u0627\u0644\u0642\u0631\u0627\u0621\u0629 \u0627\u0644\u0645\u064f\u0642\u062f\u0651\u0631\" \/>\n\t<meta name=\"twitter:data2\" content=\"5 \u062f\u0642\u0627\u0626\u0642\" \/>\n<script type=\"application\/ld+json\" class=\"yoast-schema-graph\">{\"@context\":\"https:\\\/\\\/schema.org\",\"@graph\":[{\"@type\":\"Article\",\"@id\":\"https:\\\/\\\/lequotidien.mr\\\/?p=28945&lang=fr#article\",\"isPartOf\":{\"@id\":\"https:\\\/\\\/lequotidien.mr\\\/?p=28945&lang=fr\"},\"author\":{\"name\":\"Med Ahmed\",\"@id\":\"https:\\\/\\\/lequotidien.mr\\\/#\\\/schema\\\/person\\\/d2d350202a4d599685ed8abc25f97596\"},\"headline\":\"Barrage de \u201cFoum Gleita\u201d: Les habitants des localit\u00e9s environnantes n\u2019auront plus soif et b\u00e9n\u00e9ficieront des effets multiplicateurs du projet Aftout Charghi\",\"datePublished\":\"2025-07-05T12:03:08+00:00\",\"mainEntityOfPage\":{\"@id\":\"https:\\\/\\\/lequotidien.mr\\\/?p=28945&lang=fr\"},\"wordCount\":681,\"commentCount\":0,\"publisher\":{\"@id\":\"https:\\\/\\\/lequotidien.mr\\\/#organization\"},\"image\":{\"@id\":\"https:\\\/\\\/lequotidien.mr\\\/?p=28945&lang=fr#primaryimage\"},\"thumbnailUrl\":\"https:\\\/\\\/lequotidien.mr\\\/wp-content\\\/uploads\\\/2025\\\/07\\\/photo-barrage-foum-gleita.jpeg\",\"articleSection\":[\"ACTUALIT\u00c9\",\"Economie\"],\"inLanguage\":\"ar\",\"potentialAction\":[{\"@type\":\"CommentAction\",\"name\":\"Comment\",\"target\":[\"https:\\\/\\\/lequotidien.mr\\\/?p=28945&lang=fr#respond\"]}]},{\"@type\":\"WebPage\",\"@id\":\"https:\\\/\\\/lequotidien.mr\\\/?p=28945&lang=fr\",\"url\":\"https:\\\/\\\/lequotidien.mr\\\/?p=28945&lang=fr\",\"name\":\"Barrage de \u201cFoum Gleita\u201d: Les habitants des localit\u00e9s environnantes n\u2019auront plus soif et b\u00e9n\u00e9ficieront des effets multiplicateurs du projet Aftout Charghi - Le Quotidien de Nouakchott\",\"isPartOf\":{\"@id\":\"https:\\\/\\\/lequotidien.mr\\\/#website\"},\"primaryImageOfPage\":{\"@id\":\"https:\\\/\\\/lequotidien.mr\\\/?p=28945&lang=fr#primaryimage\"},\"image\":{\"@id\":\"https:\\\/\\\/lequotidien.mr\\\/?p=28945&lang=fr#primaryimage\"},\"thumbnailUrl\":\"https:\\\/\\\/lequotidien.mr\\\/wp-content\\\/uploads\\\/2025\\\/07\\\/photo-barrage-foum-gleita.jpeg\",\"datePublished\":\"2025-07-05T12:03:08+00:00\",\"breadcrumb\":{\"@id\":\"https:\\\/\\\/lequotidien.mr\\\/?p=28945&lang=fr#breadcrumb\"},\"inLanguage\":\"ar\",\"potentialAction\":[{\"@type\":\"ReadAction\",\"target\":[\"https:\\\/\\\/lequotidien.mr\\\/?p=28945&lang=fr\"]}]},{\"@type\":\"ImageObject\",\"inLanguage\":\"ar\",\"@id\":\"https:\\\/\\\/lequotidien.mr\\\/?p=28945&lang=fr#primaryimage\",\"url\":\"https:\\\/\\\/lequotidien.mr\\\/wp-content\\\/uploads\\\/2025\\\/07\\\/photo-barrage-foum-gleita.jpeg\",\"contentUrl\":\"https:\\\/\\\/lequotidien.mr\\\/wp-content\\\/uploads\\\/2025\\\/07\\\/photo-barrage-foum-gleita.jpeg\",\"width\":640,\"height\":453},{\"@type\":\"BreadcrumbList\",\"@id\":\"https:\\\/\\\/lequotidien.mr\\\/?p=28945&lang=fr#breadcrumb\",\"itemListElement\":[{\"@type\":\"ListItem\",\"position\":1,\"name\":\"Home\",\"item\":\"https:\\\/\\\/lequotidien.mr\\\/\"},{\"@type\":\"ListItem\",\"position\":2,\"name\":\"Barrage de \u201cFoum Gleita\u201d: Les habitants des localit\u00e9s environnantes n\u2019auront plus soif et b\u00e9n\u00e9ficieront des effets multiplicateurs du projet Aftout Charghi\"}]},{\"@type\":\"WebSite\",\"@id\":\"https:\\\/\\\/lequotidien.mr\\\/#website\",\"url\":\"https:\\\/\\\/lequotidien.mr\\\/\",\"name\":\"Le Quotidien de Nouakchott\",\"description\":\"\u0625\u062e\u0628\u0627\u0631\u064a\u0629 \u0645\u0633\u062a\u0642\u0644\u0629 \u0644\u0644\u0623\u0646\u0628\u0627\u0621 \u0627\u0644\u0639\u0627\u0645\u0629\",\"publisher\":{\"@id\":\"https:\\\/\\\/lequotidien.mr\\\/#organization\"},\"potentialAction\":[{\"@type\":\"SearchAction\",\"target\":{\"@type\":\"EntryPoint\",\"urlTemplate\":\"https:\\\/\\\/lequotidien.mr\\\/?s={search_term_string}\"},\"query-input\":{\"@type\":\"PropertyValueSpecification\",\"valueRequired\":true,\"valueName\":\"search_term_string\"}}],\"inLanguage\":\"ar\"},{\"@type\":\"Organization\",\"@id\":\"https:\\\/\\\/lequotidien.mr\\\/#organization\",\"name\":\"Le Quotidien de Nouakchott\",\"url\":\"https:\\\/\\\/lequotidien.mr\\\/\",\"logo\":{\"@type\":\"ImageObject\",\"inLanguage\":\"ar\",\"@id\":\"https:\\\/\\\/lequotidien.mr\\\/#\\\/schema\\\/logo\\\/image\\\/\",\"url\":\"https:\\\/\\\/lequotidien.mr\\\/wp-content\\\/uploads\\\/2022\\\/11\\\/logolequotidien.jpg\",\"contentUrl\":\"https:\\\/\\\/lequotidien.mr\\\/wp-content\\\/uploads\\\/2022\\\/11\\\/logolequotidien.jpg\",\"width\":290,\"height\":65,\"caption\":\"Le Quotidien de Nouakchott\"},\"image\":{\"@id\":\"https:\\\/\\\/lequotidien.mr\\\/#\\\/schema\\\/logo\\\/image\\\/\"},\"sameAs\":[\"https:\\\/\\\/web.facebook.com\\\/lequotidienmr\",\"https:\\\/\\\/x.com\\\/lequotidienmr\"]},{\"@type\":\"Person\",\"@id\":\"https:\\\/\\\/lequotidien.mr\\\/#\\\/schema\\\/person\\\/d2d350202a4d599685ed8abc25f97596\",\"name\":\"Med Ahmed\",\"image\":{\"@type\":\"ImageObject\",\"inLanguage\":\"ar\",\"@id\":\"https:\\\/\\\/secure.gravatar.com\\\/avatar\\\/fd2acc62ed50732923d1d39c17172c9b04149f142be92310ecc69e1358f94b52?s=96&d=mm&r=g\",\"url\":\"https:\\\/\\\/secure.gravatar.com\\\/avatar\\\/fd2acc62ed50732923d1d39c17172c9b04149f142be92310ecc69e1358f94b52?s=96&d=mm&r=g\",\"contentUrl\":\"https:\\\/\\\/secure.gravatar.com\\\/avatar\\\/fd2acc62ed50732923d1d39c17172c9b04149f142be92310ecc69e1358f94b52?s=96&d=mm&r=g\",\"caption\":\"Med Ahmed\"},\"url\":\"https:\\\/\\\/lequotidien.mr\\\/?author=12\"}]}<\/script>\n<!-- \/ Yoast SEO plugin. -->","yoast_head_json":{"title":"Barrage de \u201cFoum Gleita\u201d: Les habitants des localit\u00e9s environnantes n\u2019auront plus soif et b\u00e9n\u00e9ficieront des effets multiplicateurs du projet Aftout Charghi - Le Quotidien de Nouakchott","robots":{"index":"index","follow":"follow","max-snippet":"max-snippet:-1","max-image-preview":"max-image-preview:large","max-video-preview":"max-video-preview:-1"},"canonical":"https:\/\/lequotidien.mr\/?p=28945&lang=fr","og_locale":"ar_AR","og_type":"article","og_title":"Barrage de \u201cFoum Gleita\u201d: Les habitants des localit\u00e9s environnantes n\u2019auront plus soif et b\u00e9n\u00e9ficieront des effets multiplicateurs du projet Aftout Charghi - Le Quotidien de Nouakchott","og_description":"Une page douloureuse se tourne enfin dans la r\u00e9gion de l&#8217;Aftout, au c\u0153ur de la wilaya de Gorgol. Apr\u00e8s des d\u00e9cennies de lutte contre la soif et l&#8217;absence criante de services de base, des\u00a0centaines de milliers de familles\u00a0voient aujourd&#8217;hui leurs aspirations \u00e0 une vie meilleure se concr\u00e9tiser. Cet espoir renaissant est port\u00e9 par la mise.....","og_url":"https:\/\/lequotidien.mr\/?p=28945&lang=fr","og_site_name":"Le Quotidien de Nouakchott","article_publisher":"https:\/\/web.facebook.com\/lequotidienmr","article_published_time":"2025-07-05T12:03:08+00:00","og_image":[{"width":640,"height":453,"url":"https:\/\/lequotidien.mr\/wp-content\/uploads\/2025\/07\/photo-barrage-foum-gleita.jpeg","type":"image\/jpeg"}],"author":"Med Ahmed","twitter_card":"summary_large_image","twitter_creator":"@lequotidienmr","twitter_site":"@lequotidienmr","twitter_misc":{"\u0643\u064f\u062a\u0628 \u0628\u0648\u0627\u0633\u0637\u0629":"Med Ahmed","\u0648\u0642\u062a \u0627\u0644\u0642\u0631\u0627\u0621\u0629 \u0627\u0644\u0645\u064f\u0642\u062f\u0651\u0631":"5 \u062f\u0642\u0627\u0626\u0642"},"schema":{"@context":"https:\/\/schema.org","@graph":[{"@type":"Article","@id":"https:\/\/lequotidien.mr\/?p=28945&lang=fr#article","isPartOf":{"@id":"https:\/\/lequotidien.mr\/?p=28945&lang=fr"},"author":{"name":"Med Ahmed","@id":"https:\/\/lequotidien.mr\/#\/schema\/person\/d2d350202a4d599685ed8abc25f97596"},"headline":"Barrage de \u201cFoum Gleita\u201d: Les habitants des localit\u00e9s environnantes n\u2019auront plus soif et b\u00e9n\u00e9ficieront des effets multiplicateurs du projet Aftout Charghi","datePublished":"2025-07-05T12:03:08+00:00","mainEntityOfPage":{"@id":"https:\/\/lequotidien.mr\/?p=28945&lang=fr"},"wordCount":681,"commentCount":0,"publisher":{"@id":"https:\/\/lequotidien.mr\/#organization"},"image":{"@id":"https:\/\/lequotidien.mr\/?p=28945&lang=fr#primaryimage"},"thumbnailUrl":"https:\/\/lequotidien.mr\/wp-content\/uploads\/2025\/07\/photo-barrage-foum-gleita.jpeg","articleSection":["ACTUALIT\u00c9","Economie"],"inLanguage":"ar","potentialAction":[{"@type":"CommentAction","name":"Comment","target":["https:\/\/lequotidien.mr\/?p=28945&lang=fr#respond"]}]},{"@type":"WebPage","@id":"https:\/\/lequotidien.mr\/?p=28945&lang=fr","url":"https:\/\/lequotidien.mr\/?p=28945&lang=fr","name":"Barrage de \u201cFoum Gleita\u201d: Les habitants des localit\u00e9s environnantes n\u2019auront plus soif et b\u00e9n\u00e9ficieront des effets multiplicateurs du projet Aftout Charghi - Le Quotidien de Nouakchott","isPartOf":{"@id":"https:\/\/lequotidien.mr\/#website"},"primaryImageOfPage":{"@id":"https:\/\/lequotidien.mr\/?p=28945&lang=fr#primaryimage"},"image":{"@id":"https:\/\/lequotidien.mr\/?p=28945&lang=fr#primaryimage"},"thumbnailUrl":"https:\/\/lequotidien.mr\/wp-content\/uploads\/2025\/07\/photo-barrage-foum-gleita.jpeg","datePublished":"2025-07-05T12:03:08+00:00","breadcrumb":{"@id":"https:\/\/lequotidien.mr\/?p=28945&lang=fr#breadcrumb"},"inLanguage":"ar","potentialAction":[{"@type":"ReadAction","target":["https:\/\/lequotidien.mr\/?p=28945&lang=fr"]}]},{"@type":"ImageObject","inLanguage":"ar","@id":"https:\/\/lequotidien.mr\/?p=28945&lang=fr#primaryimage","url":"https:\/\/lequotidien.mr\/wp-content\/uploads\/2025\/07\/photo-barrage-foum-gleita.jpeg","contentUrl":"https:\/\/lequotidien.mr\/wp-content\/uploads\/2025\/07\/photo-barrage-foum-gleita.jpeg","width":640,"height":453},{"@type":"BreadcrumbList","@id":"https:\/\/lequotidien.mr\/?p=28945&lang=fr#breadcrumb","itemListElement":[{"@type":"ListItem","position":1,"name":"Home","item":"https:\/\/lequotidien.mr\/"},{"@type":"ListItem","position":2,"name":"Barrage de \u201cFoum Gleita\u201d: Les habitants des localit\u00e9s environnantes n\u2019auront plus soif et b\u00e9n\u00e9ficieront des effets multiplicateurs du projet Aftout Charghi"}]},{"@type":"WebSite","@id":"https:\/\/lequotidien.mr\/#website","url":"https:\/\/lequotidien.mr\/","name":"Le Quotidien de Nouakchott","description":"\u0625\u062e\u0628\u0627\u0631\u064a\u0629 \u0645\u0633\u062a\u0642\u0644\u0629 \u0644\u0644\u0623\u0646\u0628\u0627\u0621 \u0627\u0644\u0639\u0627\u0645\u0629","publisher":{"@id":"https:\/\/lequotidien.mr\/#organization"},"potentialAction":[{"@type":"SearchAction","target":{"@type":"EntryPoint","urlTemplate":"https:\/\/lequotidien.mr\/?s={search_term_string}"},"query-input":{"@type":"PropertyValueSpecification","valueRequired":true,"valueName":"search_term_string"}}],"inLanguage":"ar"},{"@type":"Organization","@id":"https:\/\/lequotidien.mr\/#organization","name":"Le Quotidien de Nouakchott","url":"https:\/\/lequotidien.mr\/","logo":{"@type":"ImageObject","inLanguage":"ar","@id":"https:\/\/lequotidien.mr\/#\/schema\/logo\/image\/","url":"https:\/\/lequotidien.mr\/wp-content\/uploads\/2022\/11\/logolequotidien.jpg","contentUrl":"https:\/\/lequotidien.mr\/wp-content\/uploads\/2022\/11\/logolequotidien.jpg","width":290,"height":65,"caption":"Le Quotidien de Nouakchott"},"image":{"@id":"https:\/\/lequotidien.mr\/#\/schema\/logo\/image\/"},"sameAs":["https:\/\/web.facebook.com\/lequotidienmr","https:\/\/x.com\/lequotidienmr"]},{"@type":"Person","@id":"https:\/\/lequotidien.mr\/#\/schema\/person\/d2d350202a4d599685ed8abc25f97596","name":"Med Ahmed","image":{"@type":"ImageObject","inLanguage":"ar","@id":"https:\/\/secure.gravatar.com\/avatar\/fd2acc62ed50732923d1d39c17172c9b04149f142be92310ecc69e1358f94b52?s=96&d=mm&r=g","url":"https:\/\/secure.gravatar.com\/avatar\/fd2acc62ed50732923d1d39c17172c9b04149f142be92310ecc69e1358f94b52?s=96&d=mm&r=g","contentUrl":"https:\/\/secure.gravatar.com\/avatar\/fd2acc62ed50732923d1d39c17172c9b04149f142be92310ecc69e1358f94b52?s=96&d=mm&r=g","caption":"Med Ahmed"},"url":"https:\/\/lequotidien.mr\/?author=12"}]}},"_links":{"self":[{"href":"https:\/\/lequotidien.mr\/index.php?rest_route=\/wp\/v2\/posts\/28945","targetHints":{"allow":["GET"]}}],"collection":[{"href":"https:\/\/lequotidien.mr\/index.php?rest_route=\/wp\/v2\/posts"}],"about":[{"href":"https:\/\/lequotidien.mr\/index.php?rest_route=\/wp\/v2\/types\/post"}],"author":[{"embeddable":true,"href":"https:\/\/lequotidien.mr\/index.php?rest_route=\/wp\/v2\/users\/12"}],"replies":[{"embeddable":true,"href":"https:\/\/lequotidien.mr\/index.php?rest_route=%2Fwp%2Fv2%2Fcomments&post=28945"}],"version-history":[{"count":1,"href":"https:\/\/lequotidien.mr\/index.php?rest_route=\/wp\/v2\/posts\/28945\/revisions"}],"predecessor-version":[{"id":28947,"href":"https:\/\/lequotidien.mr\/index.php?rest_route=\/wp\/v2\/posts\/28945\/revisions\/28947"}],"wp:featuredmedia":[{"embeddable":true,"href":"https:\/\/lequotidien.mr\/index.php?rest_route=\/wp\/v2\/media\/28946"}],"wp:attachment":[{"href":"https:\/\/lequotidien.mr\/index.php?rest_route=%2Fwp%2Fv2%2Fmedia&parent=28945"}],"wp:term":[{"taxonomy":"category","embeddable":true,"href":"https:\/\/lequotidien.mr\/index.php?rest_route=%2Fwp%2Fv2%2Fcategories&post=28945"},{"taxonomy":"post_tag","embeddable":true,"href":"https:\/\/lequotidien.mr\/index.php?rest_route=%2Fwp%2Fv2%2Ftags&post=28945"}],"curies":[{"name":"wp","href":"https:\/\/api.w.org\/{rel}","templated":true}]}}