{"id":28942,"date":"2025-07-04T22:42:14","date_gmt":"2025-07-04T22:42:14","guid":{"rendered":"https:\/\/lequotidien.mr\/?p=28942"},"modified":"2025-07-07T18:40:42","modified_gmt":"2025-07-07T18:40:42","slug":"environnement-et-developpement-durable-lancement-dun-atelier-pour-booster-les-co-investissements-public-prive-pour-laction-climatique","status":"publish","type":"post","link":"https:\/\/lequotidien.mr\/?p=28942&lang=fr","title":{"rendered":"Environnement et d\u00e9veloppement durable : Lancement d&#8217;un atelier pour booster les co-investissements public-priv\u00e9 pour l&#8217;action climatique"},"content":{"rendered":"<p>Un atelier marquant le coup d&#8217;envoi officiel d&#8217;un projet ambitieux visant \u00e0 promouvoir les investissements conjoints entre les secteurs public et priv\u00e9 pour renforcer l&#8217;action climatique en Mauritanie s&#8217;est ouvert, jeudi 3 juillet courant, \u00e0 Nouakchott. Organis\u00e9 par le\u00a0<strong>minist\u00e8re de l\u2019Environnement et du D\u00e9veloppement Durable<\/strong>\u00a0en partenariat avec\u00a0<strong>l&#8217;Organisation des Nations Unies pour l\u2019alimentation et l\u2019agriculture (FAO)<\/strong>, cet \u00e9v\u00e9nement concr\u00e9tise un engagement pris par le minist\u00e8re en ao\u00fbt 2023.<\/p>\n<p><strong>Un projet r\u00e9gional d&#8217;envergure<\/strong><\/p>\n<p>Ce projet, d&#8217;une dur\u00e9e de\u00a0<strong>trois ans<\/strong>, s&#8217;inscrit dans une initiative multinationale coordonn\u00e9e par la FAO et financ\u00e9e par le\u00a0<strong>Fonds vert pour le climat<\/strong>. La Mauritanie rejoint ainsi cinq autres pays b\u00e9n\u00e9ficiaires : le\u00a0<strong>Tchad, Cuba, la Guin\u00e9e \u00e9quatoriale, le Mozambique et la Zambie<\/strong>. Son objectif central est de mobiliser et catalyser les investissements des secteurs public et priv\u00e9 vers des solutions concr\u00e8tes pour lutter contre les effets du changement climatique.<\/p>\n<p><strong>Alignement avec la vision nationale<\/strong><\/p>\n<p>Dans son allocution,\u00a0<strong>Mme Semina Wagu\u00e9<\/strong>, charg\u00e9e de mission au cabinet de la ministre de l\u2019Environnement et du D\u00e9veloppement Durable, a soulign\u00e9 la parfaite ad\u00e9quation du projet avec la vision du Pr\u00e9sident de la R\u00e9publique,\u00a0<strong>M. Mohamed Cheikh El Ghazouani<\/strong>, et le programme d&#8217;action du gouvernement conduit par Son Excellence le Premier Ministre,\u00a0<strong>M. Mokhtar Djay<\/strong>.<\/p>\n<p>Mme Wagu\u00e9 a insist\u00e9 sur la place cruciale occup\u00e9e par\u00a0<strong>l&#8217;agriculture, l&#8217;\u00e9levage et les syst\u00e8mes agroalimentaires<\/strong>\u00a0dans l&#8217;\u00e9conomie nationale, tout en pointant leur extr\u00eame vuln\u00e9rabilit\u00e9 face aux d\u00e9r\u00e8glements climatiques :<\/p>\n<p><strong>-D\u00e9sertification<\/strong>\u00a0galopante\u00a0;<\/p>\n<p><strong>-Inondations<\/strong>\u00a0destructrices\u00a0;<\/p>\n<p><strong>-S\u00e9cheresses<\/strong>\u00a0r\u00e9currentes\u00a0;<\/p>\n<p>&#8220;<em>Ces ph\u00e9nom\u00e8nes menacent directement les moyens de subsistance, la s\u00e9curit\u00e9 alimentaire et nos aspirations au d\u00e9veloppement durable<\/em>&#8220;, a-t-elle d\u00e9clar\u00e9, soulignant la n\u00e9cessit\u00e9 imp\u00e9rieuse d&#8217;une action coordonn\u00e9e et financ\u00e9e.<\/p>\n<p><strong>Le secteur priv\u00e9, partenaire cl\u00e9 de la transition<\/strong><\/p>\n<p><strong>M. Moussa Mohamed Mouloud<\/strong>, charg\u00e9 de programmes \u00e0 la repr\u00e9sentation de la FAO en Mauritanie, a mis en avant le r\u00f4le strat\u00e9gique du secteur priv\u00e9 dans cette lutte :<\/p>\n<p>&#8220;<em>Le secteur priv\u00e9 dispose d\u2019outils innovants, de ressources, de connaissances et de technologies indispensables pour renforcer l\u2019impact concret des actions climatiques sur le terrain<\/em>&#8220;, a-t-il affirm\u00e9.<\/p>\n<p>Il a particuli\u00e8rement cit\u00e9 le\u00a0<strong>secteur des produits forestiers non ligneux<\/strong>\u00a0comme un levier \u00e9conomique et social essentiel, surtout en milieu rural :<br \/>\n&#8220;<em>Ces ressources sont vitales pour la s\u00e9curit\u00e9 alimentaire, la g\u00e9n\u00e9ration de revenus et les moyens de subsistance de nombreuses communaut\u00e9s locales. Les investissements public-priv\u00e9 peuvent les valoriser durablement tout en renfor\u00e7ant la r\u00e9silience climatique.<\/em>&#8221;<\/p>\n<p><strong>Objectifs et d\u00e9marche<\/strong><\/p>\n<p>L&#8217;atelier de lancement vise \u00e0 :<\/p>\n<p><strong>-Pr\u00e9senter officiellement<\/strong>\u00a0le projet et ses objectifs sp\u00e9cifiques en Mauritanie\u00a0;<\/p>\n<p><strong>-Identifier<\/strong> les opportunit\u00e9s concr\u00e8tes d&#8217;investissements public-priv\u00e9 dans les secteurs prioritaires face au climat (agriculture r\u00e9siliente, gestion des ressources naturelles, \u00e9nergies renouvelables adapt\u00e9es, etc.) ;<\/p>\n<p><strong>-D\u00e9finir les m\u00e9canismes<\/strong>\u00a0de collaboration et de financement mixte\u00a0;<\/p>\n<p><strong>-\u00c9tablir un cadre de dialogue<\/strong>\u00a0entre les institutions publiques, les entreprises priv\u00e9es et les partenaires techniques et financiers\u00a0;<\/p>\n<p><strong>-Jeter les bases<\/strong>\u00a0du plan de travail national pour les trois prochaines ann\u00e9es.<\/p>\n<p>La c\u00e9r\u00e9monie d&#8217;ouverture, qui s&#8217;est d\u00e9roul\u00e9e en pr\u00e9sence de plusieurs hauts responsables du minist\u00e8re de l\u2019Environnement et du D\u00e9veloppement Durable, a soulign\u00e9 l&#8217;importance d&#8217;une\u00a0collaboration \u00e9troite\u00a0entre tous les acteurs. La r\u00e9ussite de ce projet repose sur la capacit\u00e9 \u00e0 cr\u00e9er des partenariats innovants et mutuellement b\u00e9n\u00e9fiques entre l&#8217;\u00c9tat, porteur de la strat\u00e9gie climatique et des cadres r\u00e9glementaires, et le secteur priv\u00e9, d\u00e9tenteur de capitaux, d&#8217;innovation et d&#8217;efficacit\u00e9 op\u00e9rationnelle.<\/p>\n<p>Les travaux de cet atelier sont donc attendus pour tracer la voie \u00e0 une mobilisation accrue des ressources financi\u00e8res et techniques indispensables \u00e0 la construction d&#8217;une \u00e9conomie mauritanienne plus r\u00e9siliente et sobre en carbone.<\/p>\n","protected":false},"excerpt":{"rendered":"<p>Un atelier marquant le coup d&#8217;envoi officiel d&#8217;un projet ambitieux visant \u00e0 promouvoir les investissements conjoints entre les secteurs public et priv\u00e9 pour renforcer l&#8217;action climatique en Mauritanie s&#8217;est ouvert, jeudi 3 juillet courant, \u00e0 Nouakchott. Organis\u00e9 par le\u00a0minist\u00e8re de l\u2019Environnement et du D\u00e9veloppement Durable\u00a0en partenariat avec\u00a0l&#8217;Organisation des Nations Unies pour l\u2019alimentation et l\u2019agriculture (FAO),&#8230;..<\/p>\n","protected":false},"author":12,"featured_media":28943,"comment_status":"open","ping_status":"open","sticky":false,"template":"","format":"standard","meta":{"footnotes":""},"categories":[49],"tags":[],"class_list":["post-28942","post","type-post","status-publish","format-standard","has-post-thumbnail","hentry","category-economie"],"yoast_head":"<!-- This site is optimized with the Yoast SEO plugin v27.5 - https:\/\/yoast.com\/product\/yoast-seo-wordpress\/ -->\n<title>Environnement et d\u00e9veloppement durable : Lancement d&#039;un atelier pour booster les co-investissements public-priv\u00e9 pour l&#039;action climatique - Le Quotidien de Nouakchott<\/title>\n<meta name=\"robots\" content=\"index, follow, max-snippet:-1, max-image-preview:large, max-video-preview:-1\" \/>\n<link rel=\"canonical\" href=\"https:\/\/lequotidien.mr\/?p=28942&lang=fr\" \/>\n<meta property=\"og:locale\" content=\"ar_AR\" \/>\n<meta property=\"og:type\" content=\"article\" \/>\n<meta property=\"og:title\" content=\"Environnement et d\u00e9veloppement durable : Lancement d&#039;un atelier pour booster les co-investissements public-priv\u00e9 pour l&#039;action climatique - Le Quotidien de Nouakchott\" \/>\n<meta property=\"og:description\" content=\"Un atelier marquant le coup d&#8217;envoi officiel d&#8217;un projet ambitieux visant \u00e0 promouvoir les investissements conjoints entre les secteurs public et priv\u00e9 pour renforcer l&#8217;action climatique en Mauritanie s&#8217;est ouvert, jeudi 3 juillet courant, \u00e0 Nouakchott. Organis\u00e9 par le\u00a0minist\u00e8re de l\u2019Environnement et du D\u00e9veloppement Durable\u00a0en partenariat avec\u00a0l&#8217;Organisation des Nations Unies pour l\u2019alimentation et l\u2019agriculture (FAO),.....\" \/>\n<meta property=\"og:url\" content=\"https:\/\/lequotidien.mr\/?p=28942&amp;lang=fr\" \/>\n<meta property=\"og:site_name\" content=\"Le Quotidien de Nouakchott\" \/>\n<meta property=\"article:publisher\" content=\"https:\/\/web.facebook.com\/lequotidienmr\" \/>\n<meta property=\"article:published_time\" content=\"2025-07-04T22:42:14+00:00\" \/>\n<meta property=\"article:modified_time\" content=\"2025-07-07T18:40:42+00:00\" \/>\n<meta property=\"og:image\" content=\"https:\/\/lequotidien.mr\/wp-content\/uploads\/2025\/07\/photo-invest-climat.jpg\" \/>\n\t<meta property=\"og:image:width\" content=\"750\" \/>\n\t<meta property=\"og:image:height\" content=\"430\" \/>\n\t<meta property=\"og:image:type\" content=\"image\/jpeg\" \/>\n<meta name=\"author\" content=\"Med Ahmed\" \/>\n<meta name=\"twitter:card\" content=\"summary_large_image\" \/>\n<meta name=\"twitter:creator\" content=\"@lequotidienmr\" \/>\n<meta name=\"twitter:site\" content=\"@lequotidienmr\" \/>\n<meta name=\"twitter:label1\" content=\"\u0643\u064f\u062a\u0628 \u0628\u0648\u0627\u0633\u0637\u0629\" \/>\n\t<meta name=\"twitter:data1\" content=\"Med Ahmed\" \/>\n\t<meta name=\"twitter:label2\" content=\"\u0648\u0642\u062a \u0627\u0644\u0642\u0631\u0627\u0621\u0629 \u0627\u0644\u0645\u064f\u0642\u062f\u0651\u0631\" \/>\n\t<meta name=\"twitter:data2\" content=\"5 \u062f\u0642\u0627\u0626\u0642\" \/>\n<script type=\"application\/ld+json\" class=\"yoast-schema-graph\">{\"@context\":\"https:\\\/\\\/schema.org\",\"@graph\":[{\"@type\":\"Article\",\"@id\":\"https:\\\/\\\/lequotidien.mr\\\/?p=28942&lang=fr#article\",\"isPartOf\":{\"@id\":\"https:\\\/\\\/lequotidien.mr\\\/?p=28942&lang=fr\"},\"author\":{\"name\":\"Med Ahmed\",\"@id\":\"https:\\\/\\\/lequotidien.mr\\\/#\\\/schema\\\/person\\\/d2d350202a4d599685ed8abc25f97596\"},\"headline\":\"Environnement et d\u00e9veloppement durable : Lancement d&#8217;un atelier pour booster les co-investissements public-priv\u00e9 pour l&#8217;action climatique\",\"datePublished\":\"2025-07-04T22:42:14+00:00\",\"dateModified\":\"2025-07-07T18:40:42+00:00\",\"mainEntityOfPage\":{\"@id\":\"https:\\\/\\\/lequotidien.mr\\\/?p=28942&lang=fr\"},\"wordCount\":686,\"commentCount\":0,\"publisher\":{\"@id\":\"https:\\\/\\\/lequotidien.mr\\\/#organization\"},\"image\":{\"@id\":\"https:\\\/\\\/lequotidien.mr\\\/?p=28942&lang=fr#primaryimage\"},\"thumbnailUrl\":\"https:\\\/\\\/lequotidien.mr\\\/wp-content\\\/uploads\\\/2025\\\/07\\\/photo-invest-climat.jpg\",\"articleSection\":[\"Economie\"],\"inLanguage\":\"ar\",\"potentialAction\":[{\"@type\":\"CommentAction\",\"name\":\"Comment\",\"target\":[\"https:\\\/\\\/lequotidien.mr\\\/?p=28942&lang=fr#respond\"]}]},{\"@type\":\"WebPage\",\"@id\":\"https:\\\/\\\/lequotidien.mr\\\/?p=28942&lang=fr\",\"url\":\"https:\\\/\\\/lequotidien.mr\\\/?p=28942&lang=fr\",\"name\":\"Environnement et d\u00e9veloppement durable : Lancement d'un atelier pour booster les co-investissements public-priv\u00e9 pour l'action climatique - Le Quotidien de Nouakchott\",\"isPartOf\":{\"@id\":\"https:\\\/\\\/lequotidien.mr\\\/#website\"},\"primaryImageOfPage\":{\"@id\":\"https:\\\/\\\/lequotidien.mr\\\/?p=28942&lang=fr#primaryimage\"},\"image\":{\"@id\":\"https:\\\/\\\/lequotidien.mr\\\/?p=28942&lang=fr#primaryimage\"},\"thumbnailUrl\":\"https:\\\/\\\/lequotidien.mr\\\/wp-content\\\/uploads\\\/2025\\\/07\\\/photo-invest-climat.jpg\",\"datePublished\":\"2025-07-04T22:42:14+00:00\",\"dateModified\":\"2025-07-07T18:40:42+00:00\",\"breadcrumb\":{\"@id\":\"https:\\\/\\\/lequotidien.mr\\\/?p=28942&lang=fr#breadcrumb\"},\"inLanguage\":\"ar\",\"potentialAction\":[{\"@type\":\"ReadAction\",\"target\":[\"https:\\\/\\\/lequotidien.mr\\\/?p=28942&lang=fr\"]}]},{\"@type\":\"ImageObject\",\"inLanguage\":\"ar\",\"@id\":\"https:\\\/\\\/lequotidien.mr\\\/?p=28942&lang=fr#primaryimage\",\"url\":\"https:\\\/\\\/lequotidien.mr\\\/wp-content\\\/uploads\\\/2025\\\/07\\\/photo-invest-climat.jpg\",\"contentUrl\":\"https:\\\/\\\/lequotidien.mr\\\/wp-content\\\/uploads\\\/2025\\\/07\\\/photo-invest-climat.jpg\",\"width\":750,\"height\":430},{\"@type\":\"BreadcrumbList\",\"@id\":\"https:\\\/\\\/lequotidien.mr\\\/?p=28942&lang=fr#breadcrumb\",\"itemListElement\":[{\"@type\":\"ListItem\",\"position\":1,\"name\":\"Home\",\"item\":\"https:\\\/\\\/lequotidien.mr\\\/\"},{\"@type\":\"ListItem\",\"position\":2,\"name\":\"Environnement et d\u00e9veloppement durable : Lancement d&rsquo;un atelier pour booster les co-investissements public-priv\u00e9 pour l&rsquo;action climatique\"}]},{\"@type\":\"WebSite\",\"@id\":\"https:\\\/\\\/lequotidien.mr\\\/#website\",\"url\":\"https:\\\/\\\/lequotidien.mr\\\/\",\"name\":\"Le Quotidien de Nouakchott\",\"description\":\"\u0625\u062e\u0628\u0627\u0631\u064a\u0629 \u0645\u0633\u062a\u0642\u0644\u0629 \u0644\u0644\u0623\u0646\u0628\u0627\u0621 \u0627\u0644\u0639\u0627\u0645\u0629\",\"publisher\":{\"@id\":\"https:\\\/\\\/lequotidien.mr\\\/#organization\"},\"potentialAction\":[{\"@type\":\"SearchAction\",\"target\":{\"@type\":\"EntryPoint\",\"urlTemplate\":\"https:\\\/\\\/lequotidien.mr\\\/?s={search_term_string}\"},\"query-input\":{\"@type\":\"PropertyValueSpecification\",\"valueRequired\":true,\"valueName\":\"search_term_string\"}}],\"inLanguage\":\"ar\"},{\"@type\":\"Organization\",\"@id\":\"https:\\\/\\\/lequotidien.mr\\\/#organization\",\"name\":\"Le Quotidien de Nouakchott\",\"url\":\"https:\\\/\\\/lequotidien.mr\\\/\",\"logo\":{\"@type\":\"ImageObject\",\"inLanguage\":\"ar\",\"@id\":\"https:\\\/\\\/lequotidien.mr\\\/#\\\/schema\\\/logo\\\/image\\\/\",\"url\":\"https:\\\/\\\/lequotidien.mr\\\/wp-content\\\/uploads\\\/2022\\\/11\\\/logolequotidien.jpg\",\"contentUrl\":\"https:\\\/\\\/lequotidien.mr\\\/wp-content\\\/uploads\\\/2022\\\/11\\\/logolequotidien.jpg\",\"width\":290,\"height\":65,\"caption\":\"Le Quotidien de Nouakchott\"},\"image\":{\"@id\":\"https:\\\/\\\/lequotidien.mr\\\/#\\\/schema\\\/logo\\\/image\\\/\"},\"sameAs\":[\"https:\\\/\\\/web.facebook.com\\\/lequotidienmr\",\"https:\\\/\\\/x.com\\\/lequotidienmr\"]},{\"@type\":\"Person\",\"@id\":\"https:\\\/\\\/lequotidien.mr\\\/#\\\/schema\\\/person\\\/d2d350202a4d599685ed8abc25f97596\",\"name\":\"Med Ahmed\",\"image\":{\"@type\":\"ImageObject\",\"inLanguage\":\"ar\",\"@id\":\"https:\\\/\\\/secure.gravatar.com\\\/avatar\\\/fd2acc62ed50732923d1d39c17172c9b04149f142be92310ecc69e1358f94b52?s=96&d=mm&r=g\",\"url\":\"https:\\\/\\\/secure.gravatar.com\\\/avatar\\\/fd2acc62ed50732923d1d39c17172c9b04149f142be92310ecc69e1358f94b52?s=96&d=mm&r=g\",\"contentUrl\":\"https:\\\/\\\/secure.gravatar.com\\\/avatar\\\/fd2acc62ed50732923d1d39c17172c9b04149f142be92310ecc69e1358f94b52?s=96&d=mm&r=g\",\"caption\":\"Med Ahmed\"},\"url\":\"https:\\\/\\\/lequotidien.mr\\\/?author=12\"}]}<\/script>\n<!-- \/ Yoast SEO plugin. -->","yoast_head_json":{"title":"Environnement et d\u00e9veloppement durable : Lancement d'un atelier pour booster les co-investissements public-priv\u00e9 pour l'action climatique - Le Quotidien de Nouakchott","robots":{"index":"index","follow":"follow","max-snippet":"max-snippet:-1","max-image-preview":"max-image-preview:large","max-video-preview":"max-video-preview:-1"},"canonical":"https:\/\/lequotidien.mr\/?p=28942&lang=fr","og_locale":"ar_AR","og_type":"article","og_title":"Environnement et d\u00e9veloppement durable : Lancement d'un atelier pour booster les co-investissements public-priv\u00e9 pour l'action climatique - Le Quotidien de Nouakchott","og_description":"Un atelier marquant le coup d&#8217;envoi officiel d&#8217;un projet ambitieux visant \u00e0 promouvoir les investissements conjoints entre les secteurs public et priv\u00e9 pour renforcer l&#8217;action climatique en Mauritanie s&#8217;est ouvert, jeudi 3 juillet courant, \u00e0 Nouakchott. Organis\u00e9 par le\u00a0minist\u00e8re de l\u2019Environnement et du D\u00e9veloppement Durable\u00a0en partenariat avec\u00a0l&#8217;Organisation des Nations Unies pour l\u2019alimentation et l\u2019agriculture (FAO),.....","og_url":"https:\/\/lequotidien.mr\/?p=28942&lang=fr","og_site_name":"Le Quotidien de Nouakchott","article_publisher":"https:\/\/web.facebook.com\/lequotidienmr","article_published_time":"2025-07-04T22:42:14+00:00","article_modified_time":"2025-07-07T18:40:42+00:00","og_image":[{"width":750,"height":430,"url":"https:\/\/lequotidien.mr\/wp-content\/uploads\/2025\/07\/photo-invest-climat.jpg","type":"image\/jpeg"}],"author":"Med Ahmed","twitter_card":"summary_large_image","twitter_creator":"@lequotidienmr","twitter_site":"@lequotidienmr","twitter_misc":{"\u0643\u064f\u062a\u0628 \u0628\u0648\u0627\u0633\u0637\u0629":"Med Ahmed","\u0648\u0642\u062a \u0627\u0644\u0642\u0631\u0627\u0621\u0629 \u0627\u0644\u0645\u064f\u0642\u062f\u0651\u0631":"5 \u062f\u0642\u0627\u0626\u0642"},"schema":{"@context":"https:\/\/schema.org","@graph":[{"@type":"Article","@id":"https:\/\/lequotidien.mr\/?p=28942&lang=fr#article","isPartOf":{"@id":"https:\/\/lequotidien.mr\/?p=28942&lang=fr"},"author":{"name":"Med Ahmed","@id":"https:\/\/lequotidien.mr\/#\/schema\/person\/d2d350202a4d599685ed8abc25f97596"},"headline":"Environnement et d\u00e9veloppement durable : Lancement d&#8217;un atelier pour booster les co-investissements public-priv\u00e9 pour l&#8217;action climatique","datePublished":"2025-07-04T22:42:14+00:00","dateModified":"2025-07-07T18:40:42+00:00","mainEntityOfPage":{"@id":"https:\/\/lequotidien.mr\/?p=28942&lang=fr"},"wordCount":686,"commentCount":0,"publisher":{"@id":"https:\/\/lequotidien.mr\/#organization"},"image":{"@id":"https:\/\/lequotidien.mr\/?p=28942&lang=fr#primaryimage"},"thumbnailUrl":"https:\/\/lequotidien.mr\/wp-content\/uploads\/2025\/07\/photo-invest-climat.jpg","articleSection":["Economie"],"inLanguage":"ar","potentialAction":[{"@type":"CommentAction","name":"Comment","target":["https:\/\/lequotidien.mr\/?p=28942&lang=fr#respond"]}]},{"@type":"WebPage","@id":"https:\/\/lequotidien.mr\/?p=28942&lang=fr","url":"https:\/\/lequotidien.mr\/?p=28942&lang=fr","name":"Environnement et d\u00e9veloppement durable : Lancement d'un atelier pour booster les co-investissements public-priv\u00e9 pour l'action climatique - Le Quotidien de Nouakchott","isPartOf":{"@id":"https:\/\/lequotidien.mr\/#website"},"primaryImageOfPage":{"@id":"https:\/\/lequotidien.mr\/?p=28942&lang=fr#primaryimage"},"image":{"@id":"https:\/\/lequotidien.mr\/?p=28942&lang=fr#primaryimage"},"thumbnailUrl":"https:\/\/lequotidien.mr\/wp-content\/uploads\/2025\/07\/photo-invest-climat.jpg","datePublished":"2025-07-04T22:42:14+00:00","dateModified":"2025-07-07T18:40:42+00:00","breadcrumb":{"@id":"https:\/\/lequotidien.mr\/?p=28942&lang=fr#breadcrumb"},"inLanguage":"ar","potentialAction":[{"@type":"ReadAction","target":["https:\/\/lequotidien.mr\/?p=28942&lang=fr"]}]},{"@type":"ImageObject","inLanguage":"ar","@id":"https:\/\/lequotidien.mr\/?p=28942&lang=fr#primaryimage","url":"https:\/\/lequotidien.mr\/wp-content\/uploads\/2025\/07\/photo-invest-climat.jpg","contentUrl":"https:\/\/lequotidien.mr\/wp-content\/uploads\/2025\/07\/photo-invest-climat.jpg","width":750,"height":430},{"@type":"BreadcrumbList","@id":"https:\/\/lequotidien.mr\/?p=28942&lang=fr#breadcrumb","itemListElement":[{"@type":"ListItem","position":1,"name":"Home","item":"https:\/\/lequotidien.mr\/"},{"@type":"ListItem","position":2,"name":"Environnement et d\u00e9veloppement durable : Lancement d&rsquo;un atelier pour booster les co-investissements public-priv\u00e9 pour l&rsquo;action climatique"}]},{"@type":"WebSite","@id":"https:\/\/lequotidien.mr\/#website","url":"https:\/\/lequotidien.mr\/","name":"Le Quotidien de Nouakchott","description":"\u0625\u062e\u0628\u0627\u0631\u064a\u0629 \u0645\u0633\u062a\u0642\u0644\u0629 \u0644\u0644\u0623\u0646\u0628\u0627\u0621 \u0627\u0644\u0639\u0627\u0645\u0629","publisher":{"@id":"https:\/\/lequotidien.mr\/#organization"},"potentialAction":[{"@type":"SearchAction","target":{"@type":"EntryPoint","urlTemplate":"https:\/\/lequotidien.mr\/?s={search_term_string}"},"query-input":{"@type":"PropertyValueSpecification","valueRequired":true,"valueName":"search_term_string"}}],"inLanguage":"ar"},{"@type":"Organization","@id":"https:\/\/lequotidien.mr\/#organization","name":"Le Quotidien de Nouakchott","url":"https:\/\/lequotidien.mr\/","logo":{"@type":"ImageObject","inLanguage":"ar","@id":"https:\/\/lequotidien.mr\/#\/schema\/logo\/image\/","url":"https:\/\/lequotidien.mr\/wp-content\/uploads\/2022\/11\/logolequotidien.jpg","contentUrl":"https:\/\/lequotidien.mr\/wp-content\/uploads\/2022\/11\/logolequotidien.jpg","width":290,"height":65,"caption":"Le Quotidien de Nouakchott"},"image":{"@id":"https:\/\/lequotidien.mr\/#\/schema\/logo\/image\/"},"sameAs":["https:\/\/web.facebook.com\/lequotidienmr","https:\/\/x.com\/lequotidienmr"]},{"@type":"Person","@id":"https:\/\/lequotidien.mr\/#\/schema\/person\/d2d350202a4d599685ed8abc25f97596","name":"Med Ahmed","image":{"@type":"ImageObject","inLanguage":"ar","@id":"https:\/\/secure.gravatar.com\/avatar\/fd2acc62ed50732923d1d39c17172c9b04149f142be92310ecc69e1358f94b52?s=96&d=mm&r=g","url":"https:\/\/secure.gravatar.com\/avatar\/fd2acc62ed50732923d1d39c17172c9b04149f142be92310ecc69e1358f94b52?s=96&d=mm&r=g","contentUrl":"https:\/\/secure.gravatar.com\/avatar\/fd2acc62ed50732923d1d39c17172c9b04149f142be92310ecc69e1358f94b52?s=96&d=mm&r=g","caption":"Med Ahmed"},"url":"https:\/\/lequotidien.mr\/?author=12"}]}},"_links":{"self":[{"href":"https:\/\/lequotidien.mr\/index.php?rest_route=\/wp\/v2\/posts\/28942","targetHints":{"allow":["GET"]}}],"collection":[{"href":"https:\/\/lequotidien.mr\/index.php?rest_route=\/wp\/v2\/posts"}],"about":[{"href":"https:\/\/lequotidien.mr\/index.php?rest_route=\/wp\/v2\/types\/post"}],"author":[{"embeddable":true,"href":"https:\/\/lequotidien.mr\/index.php?rest_route=\/wp\/v2\/users\/12"}],"replies":[{"embeddable":true,"href":"https:\/\/lequotidien.mr\/index.php?rest_route=%2Fwp%2Fv2%2Fcomments&post=28942"}],"version-history":[{"count":1,"href":"https:\/\/lequotidien.mr\/index.php?rest_route=\/wp\/v2\/posts\/28942\/revisions"}],"predecessor-version":[{"id":28944,"href":"https:\/\/lequotidien.mr\/index.php?rest_route=\/wp\/v2\/posts\/28942\/revisions\/28944"}],"wp:featuredmedia":[{"embeddable":true,"href":"https:\/\/lequotidien.mr\/index.php?rest_route=\/wp\/v2\/media\/28943"}],"wp:attachment":[{"href":"https:\/\/lequotidien.mr\/index.php?rest_route=%2Fwp%2Fv2%2Fmedia&parent=28942"}],"wp:term":[{"taxonomy":"category","embeddable":true,"href":"https:\/\/lequotidien.mr\/index.php?rest_route=%2Fwp%2Fv2%2Fcategories&post=28942"},{"taxonomy":"post_tag","embeddable":true,"href":"https:\/\/lequotidien.mr\/index.php?rest_route=%2Fwp%2Fv2%2Ftags&post=28942"}],"curies":[{"name":"wp","href":"https:\/\/api.w.org\/{rel}","templated":true}]}}