{"id":28939,"date":"2025-07-04T22:09:42","date_gmt":"2025-07-04T22:09:42","guid":{"rendered":"https:\/\/lequotidien.mr\/?p=28939"},"modified":"2025-07-04T22:09:42","modified_gmt":"2025-07-04T22:09:42","slug":"nouakchott-atelier-de-validation-du-plan-daction-du-rapport-provisoire-de-levaluation-du-systeme-environnemental-et-social-de-la-mauritanie","status":"publish","type":"post","link":"https:\/\/lequotidien.mr\/?p=28939&lang=fr","title":{"rendered":"Nouakchott : Atelier de validation du plan d\u2019action du rapport provisoire de l\u2019\u00e9valuation du syst\u00e8me environnemental et social de la Mauritanie"},"content":{"rendered":"<p>Un atelier national d&#8217;une journ\u00e9e, d\u00e9di\u00e9 \u00e0 l&#8217;examen des r\u00e9sultats de l&#8217;\u00e9valuation du Cadre environnemental et social de la Banque africaine de d\u00e9veloppement (BAD) et de sa conformit\u00e9 avec la l\u00e9gislation mauritanienne, a d\u00e9marr\u00e9 jeudi dernier \u00e0 Nouakchott. Organis\u00e9 par le Minist\u00e8re de l\u2019Environnement et du D\u00e9veloppement Durable en collaboration \u00e9troite avec la BAD, cet \u00e9v\u00e9nement vise \u00e0 jeter les bases d&#8217;une gestion plus robuste et transparente des enjeux environnementaux et sociaux dans le pays.<\/p>\n<p><strong>Objectifs strat\u00e9giques<\/strong><\/p>\n<p>L&#8217;atelier poursuit des objectifs cl\u00e9s :<\/p>\n<p><strong>-Harmoniser les cadres :<\/strong>\u00a0Assurer la coh\u00e9rence entre les exigences environnementales et sociales nationales et le cadre international de la BAD\u00a0;<\/p>\n<p><strong>-Renforcer la transparence :<\/strong>\u00a0Am\u00e9liorer la visibilit\u00e9 et la responsabilit\u00e9 dans la gestion des risques associ\u00e9s aux projets de d\u00e9veloppement\u00a0;<\/p>\n<p><strong>-Consolider les capacit\u00e9s :<\/strong>\u00a0Pr\u00e9parer les institutions nationales \u00e0 mettre en \u0153uvre des projets conformes aux normes du d\u00e9veloppement durable.<\/p>\n<p><strong>Un contexte national prioritaire<\/strong><\/p>\n<p>Dans son discours d&#8217;ouverture,\u00a0<strong>M. Ahmed Zein<\/strong>, charg\u00e9 de mission au cabinet de la Ministre de l\u2019Environnement et du D\u00e9veloppement Durable, a soulign\u00e9 l&#8217;importance de cette initiative dans le contexte national. Il a rappel\u00e9 que le Pr\u00e9sident de la R\u00e9publique,\u00a0<strong>M. Mohamed Cheikh El Ghazouani<\/strong>, a \u00e9rig\u00e9 la protection de l&#8217;environnement, la durabilit\u00e9 des ressources naturelles et la justice climatique en priorit\u00e9s absolues de son mandat. Ces engagements se concr\u00e9tisent \u00e0 travers des politiques publiques structurantes comme la\u00a0<strong>Strat\u00e9gie nationale de croissance acc\u00e9l\u00e9r\u00e9e et de prosp\u00e9rit\u00e9 partag\u00e9e (SCAPP)<\/strong>, pilot\u00e9e par le gouvernement sous l&#8217;autorit\u00e9 du Premier Ministre,\u00a0<strong>M. Moctar Djay<\/strong>.<\/p>\n<p>M. Zein a \u00e9galement d\u00e9taill\u00e9 les efforts du secteur pour mettre en \u0153uvre un plan d&#8217;action ambitieux int\u00e9grant :<\/p>\n<p><strong>-La Contribution nationale d\u00e9termin\u00e9e (CDN) dans le cadre de l&#8217;Accord de Paris\u00a0;<\/strong><\/p>\n<p><strong>-La Strat\u00e9gie nationale pour l\u2019environnement et le d\u00e9veloppement durable\u00a0;<\/strong><\/p>\n<p><strong>-Le Plan national d\u2019adaptation\u00a0;<\/strong><\/p>\n<p><strong>-Les programmes de lutte contre la d\u00e9sertification, la perte de biodiversit\u00e9 et la pollution.<\/strong><\/p>\n<p>Il a salu\u00e9 le travail collaboratif des \u00e9quipes du minist\u00e8re, des repr\u00e9sentants des secteurs concern\u00e9s, des experts nationaux et internationaux, et le soutien constant de la BAD dans l&#8217;\u00e9laboration du document soumis \u00e0 validation. &#8220;Nous esp\u00e9rons que cet atelier d\u00e9bouchera sur des recommandations pratiques pour renforcer les capacit\u00e9s nationales et soutenir l&#8217;engagement de la Mauritanie en faveur d&#8217;un d\u00e9veloppement \u00e9quilibr\u00e9, juste et durable&#8221;, a-t-il d\u00e9clar\u00e9.<\/p>\n<p><strong>Une initiative panafricaine cruciale<\/strong><\/p>\n<p>Prenant la parole au nom de la BAD,\u00a0<strong>M. Hercule Yamuremye<\/strong>, charg\u00e9 principal de programme pays du Groupe de la Banque africaine de d\u00e9veloppement en Mauritanie, a situ\u00e9 cet atelier dans le cadre d&#8217;un effort continental plus large. &#8220;Cette \u00e9valuation s&#8217;inscrit dans un engagement commun entre les gouvernements des \u00c9tats membres r\u00e9gionaux de la Banque et les partenaires au d\u00e9veloppement&#8221;, a-t-il affirm\u00e9, soulignant l&#8217;objectif de renforcer les cadres environnementaux et sociaux et de combler les lacunes habituelles.<\/p>\n<p>M. Yamuremye a pr\u00e9cis\u00e9 que ces \u00e9valuations, soutenues par la BAD et la Banque mondiale, couvrent d\u00e9sormais <strong>45 pays africains<\/strong>(soit environ 80% des \u00c9tats membres) et seront finalis\u00e9es dans les neuf pays restants dans les mois \u00e0 venir. &#8220;Ce processus est essentiel pour identifier les \u00e9carts entre les l\u00e9gislations nationales et le syst\u00e8me CES de la Banque. Cela permet d&#8217;\u00e9viter les retards dans la pr\u00e9paration et la mise en \u0153uvre des projets et de r\u00e9duire leurs impacts n\u00e9gatifs potentiels sur l&#8217;environnement et les communaut\u00e9s locales&#8221;, a-t-il expliqu\u00e9.<\/p>\n<p><strong>Quatre axes d&#8217;\u00e9valuation cl\u00e9s<\/strong><\/p>\n<p>L&#8217;\u00e9valuation men\u00e9e se concentre sur quatre piliers fondamentaux :<\/p>\n<p><strong>-Analyse du cadre l\u00e9gislatif et politique :<\/strong>\u00a0Examen des lois, r\u00e8glements et politiques environnementales et sociales en vigueur en Mauritanie\u00a0;<\/p>\n<p><strong>-Identification des \u00e9carts :<\/strong>\u00a0Comparaison syst\u00e9matique entre les exigences du CES de la BAD et la l\u00e9gislation nationale mauritanienne\u00a0;<\/p>\n<p><strong>-\u00c9valuation des capacit\u00e9s de gouvernance :<\/strong>\u00a0Analyse des syst\u00e8mes et des capacit\u00e9s institutionnelles pour g\u00e9rer les risques environnementaux et sociaux\u00a0;<\/p>\n<p><strong>-\u00c9laboration de plans d&#8217;action :<\/strong>\u00a0Proposition de mesures concr\u00e8tes pour combler les \u00e9carts identifi\u00e9s, soumises \u00e0 validation lors de cet atelier national.<\/p>\n<p>M. Yamuremye a conclu en insistant sur la nature <strong>int\u00e9gr\u00e9e et participative <\/strong>de l&#8217;atelier de Nouakchott. L&#8217;objectif est d&#8217;impliquer tous les acteurs concern\u00e9s (gouvernement, institutions, soci\u00e9t\u00e9 civile, secteur priv\u00e9) pour valider collectivement les r\u00e9sultats de l&#8217;\u00e9valuation et adopter des recommandations partag\u00e9es en vue de renforcer la gouvernance environnementale et sociale en Mauritanie, gage d&#8217;un d\u00e9veloppement v\u00e9ritablement durable et respectueux des populations et des \u00e9cosyst\u00e8mes.<\/p>\n<p>Les conclusions et recommandations issues de cette journ\u00e9e de travaux sont donc attendues pour guider les prochaines \u00e9tapes de l&#8217;harmonisation et du renforcement des capacit\u00e9s nationales dans ce domaine strat\u00e9gique.<\/p>\n","protected":false},"excerpt":{"rendered":"<p>Un atelier national d&#8217;une journ\u00e9e, d\u00e9di\u00e9 \u00e0 l&#8217;examen des r\u00e9sultats de l&#8217;\u00e9valuation du Cadre environnemental et social de la Banque africaine de d\u00e9veloppement (BAD) et de sa conformit\u00e9 avec la l\u00e9gislation mauritanienne, a d\u00e9marr\u00e9 jeudi dernier \u00e0 Nouakchott. Organis\u00e9 par le Minist\u00e8re de l\u2019Environnement et du D\u00e9veloppement Durable en collaboration \u00e9troite avec la BAD, cet&#8230;..<\/p>\n","protected":false},"author":12,"featured_media":28940,"comment_status":"open","ping_status":"open","sticky":false,"template":"","format":"standard","meta":{"footnotes":""},"categories":[23,49],"tags":[],"class_list":["post-28939","post","type-post","status-publish","format-standard","has-post-thumbnail","hentry","category-actualite","category-economie"],"yoast_head":"<!-- This site is optimized with the Yoast SEO plugin v27.5 - https:\/\/yoast.com\/product\/yoast-seo-wordpress\/ -->\n<title>Nouakchott : Atelier de validation du plan d\u2019action du rapport provisoire de l\u2019\u00e9valuation du syst\u00e8me environnemental et social de la Mauritanie - Le Quotidien de Nouakchott<\/title>\n<meta name=\"robots\" content=\"index, follow, max-snippet:-1, max-image-preview:large, max-video-preview:-1\" \/>\n<link rel=\"canonical\" href=\"https:\/\/lequotidien.mr\/?p=28939&lang=fr\" \/>\n<meta property=\"og:locale\" content=\"ar_AR\" \/>\n<meta property=\"og:type\" content=\"article\" \/>\n<meta property=\"og:title\" content=\"Nouakchott : Atelier de validation du plan d\u2019action du rapport provisoire de l\u2019\u00e9valuation du syst\u00e8me environnemental et social de la Mauritanie - Le Quotidien de Nouakchott\" \/>\n<meta property=\"og:description\" content=\"Un atelier national d&#8217;une journ\u00e9e, d\u00e9di\u00e9 \u00e0 l&#8217;examen des r\u00e9sultats de l&#8217;\u00e9valuation du Cadre environnemental et social de la Banque africaine de d\u00e9veloppement (BAD) et de sa conformit\u00e9 avec la l\u00e9gislation mauritanienne, a d\u00e9marr\u00e9 jeudi dernier \u00e0 Nouakchott. Organis\u00e9 par le Minist\u00e8re de l\u2019Environnement et du D\u00e9veloppement Durable en collaboration \u00e9troite avec la BAD, cet.....\" \/>\n<meta property=\"og:url\" content=\"https:\/\/lequotidien.mr\/?p=28939&amp;lang=fr\" \/>\n<meta property=\"og:site_name\" content=\"Le Quotidien de Nouakchott\" \/>\n<meta property=\"article:publisher\" content=\"https:\/\/web.facebook.com\/lequotidienmr\" \/>\n<meta property=\"article:published_time\" content=\"2025-07-04T22:09:42+00:00\" \/>\n<meta property=\"og:image\" content=\"https:\/\/lequotidien.mr\/wp-content\/uploads\/2025\/07\/photo-cdre-envirl-et-socila-_BAD.jpg\" \/>\n\t<meta property=\"og:image:width\" content=\"750\" \/>\n\t<meta property=\"og:image:height\" content=\"430\" \/>\n\t<meta property=\"og:image:type\" content=\"image\/jpeg\" \/>\n<meta name=\"author\" content=\"Med Ahmed\" \/>\n<meta name=\"twitter:card\" content=\"summary_large_image\" \/>\n<meta name=\"twitter:creator\" content=\"@lequotidienmr\" \/>\n<meta name=\"twitter:site\" content=\"@lequotidienmr\" \/>\n<meta name=\"twitter:label1\" content=\"\u0643\u064f\u062a\u0628 \u0628\u0648\u0627\u0633\u0637\u0629\" \/>\n\t<meta name=\"twitter:data1\" content=\"Med Ahmed\" \/>\n\t<meta name=\"twitter:label2\" content=\"\u0648\u0642\u062a \u0627\u0644\u0642\u0631\u0627\u0621\u0629 \u0627\u0644\u0645\u064f\u0642\u062f\u0651\u0631\" \/>\n\t<meta name=\"twitter:data2\" content=\"6 \u062f\u0642\u0627\u0626\u0642\" \/>\n<script type=\"application\/ld+json\" class=\"yoast-schema-graph\">{\"@context\":\"https:\\\/\\\/schema.org\",\"@graph\":[{\"@type\":\"Article\",\"@id\":\"https:\\\/\\\/lequotidien.mr\\\/?p=28939&lang=fr#article\",\"isPartOf\":{\"@id\":\"https:\\\/\\\/lequotidien.mr\\\/?p=28939&lang=fr\"},\"author\":{\"name\":\"Med Ahmed\",\"@id\":\"https:\\\/\\\/lequotidien.mr\\\/#\\\/schema\\\/person\\\/d2d350202a4d599685ed8abc25f97596\"},\"headline\":\"Nouakchott : Atelier de validation du plan d\u2019action du rapport provisoire de l\u2019\u00e9valuation du syst\u00e8me environnemental et social de la Mauritanie\",\"datePublished\":\"2025-07-04T22:09:42+00:00\",\"mainEntityOfPage\":{\"@id\":\"https:\\\/\\\/lequotidien.mr\\\/?p=28939&lang=fr\"},\"wordCount\":846,\"commentCount\":0,\"publisher\":{\"@id\":\"https:\\\/\\\/lequotidien.mr\\\/#organization\"},\"image\":{\"@id\":\"https:\\\/\\\/lequotidien.mr\\\/?p=28939&lang=fr#primaryimage\"},\"thumbnailUrl\":\"https:\\\/\\\/lequotidien.mr\\\/wp-content\\\/uploads\\\/2025\\\/07\\\/photo-cdre-envirl-et-socila-_BAD.jpg\",\"articleSection\":[\"ACTUALIT\u00c9\",\"Economie\"],\"inLanguage\":\"ar\",\"potentialAction\":[{\"@type\":\"CommentAction\",\"name\":\"Comment\",\"target\":[\"https:\\\/\\\/lequotidien.mr\\\/?p=28939&lang=fr#respond\"]}]},{\"@type\":\"WebPage\",\"@id\":\"https:\\\/\\\/lequotidien.mr\\\/?p=28939&lang=fr\",\"url\":\"https:\\\/\\\/lequotidien.mr\\\/?p=28939&lang=fr\",\"name\":\"Nouakchott : Atelier de validation du plan d\u2019action du rapport provisoire de l\u2019\u00e9valuation du syst\u00e8me environnemental et social de la Mauritanie - Le Quotidien de Nouakchott\",\"isPartOf\":{\"@id\":\"https:\\\/\\\/lequotidien.mr\\\/#website\"},\"primaryImageOfPage\":{\"@id\":\"https:\\\/\\\/lequotidien.mr\\\/?p=28939&lang=fr#primaryimage\"},\"image\":{\"@id\":\"https:\\\/\\\/lequotidien.mr\\\/?p=28939&lang=fr#primaryimage\"},\"thumbnailUrl\":\"https:\\\/\\\/lequotidien.mr\\\/wp-content\\\/uploads\\\/2025\\\/07\\\/photo-cdre-envirl-et-socila-_BAD.jpg\",\"datePublished\":\"2025-07-04T22:09:42+00:00\",\"breadcrumb\":{\"@id\":\"https:\\\/\\\/lequotidien.mr\\\/?p=28939&lang=fr#breadcrumb\"},\"inLanguage\":\"ar\",\"potentialAction\":[{\"@type\":\"ReadAction\",\"target\":[\"https:\\\/\\\/lequotidien.mr\\\/?p=28939&lang=fr\"]}]},{\"@type\":\"ImageObject\",\"inLanguage\":\"ar\",\"@id\":\"https:\\\/\\\/lequotidien.mr\\\/?p=28939&lang=fr#primaryimage\",\"url\":\"https:\\\/\\\/lequotidien.mr\\\/wp-content\\\/uploads\\\/2025\\\/07\\\/photo-cdre-envirl-et-socila-_BAD.jpg\",\"contentUrl\":\"https:\\\/\\\/lequotidien.mr\\\/wp-content\\\/uploads\\\/2025\\\/07\\\/photo-cdre-envirl-et-socila-_BAD.jpg\",\"width\":750,\"height\":430},{\"@type\":\"BreadcrumbList\",\"@id\":\"https:\\\/\\\/lequotidien.mr\\\/?p=28939&lang=fr#breadcrumb\",\"itemListElement\":[{\"@type\":\"ListItem\",\"position\":1,\"name\":\"Home\",\"item\":\"https:\\\/\\\/lequotidien.mr\\\/\"},{\"@type\":\"ListItem\",\"position\":2,\"name\":\"Nouakchott : Atelier de validation du plan d\u2019action du rapport provisoire de l\u2019\u00e9valuation du syst\u00e8me environnemental et social de la Mauritanie\"}]},{\"@type\":\"WebSite\",\"@id\":\"https:\\\/\\\/lequotidien.mr\\\/#website\",\"url\":\"https:\\\/\\\/lequotidien.mr\\\/\",\"name\":\"Le Quotidien de Nouakchott\",\"description\":\"\u0625\u062e\u0628\u0627\u0631\u064a\u0629 \u0645\u0633\u062a\u0642\u0644\u0629 \u0644\u0644\u0623\u0646\u0628\u0627\u0621 \u0627\u0644\u0639\u0627\u0645\u0629\",\"publisher\":{\"@id\":\"https:\\\/\\\/lequotidien.mr\\\/#organization\"},\"potentialAction\":[{\"@type\":\"SearchAction\",\"target\":{\"@type\":\"EntryPoint\",\"urlTemplate\":\"https:\\\/\\\/lequotidien.mr\\\/?s={search_term_string}\"},\"query-input\":{\"@type\":\"PropertyValueSpecification\",\"valueRequired\":true,\"valueName\":\"search_term_string\"}}],\"inLanguage\":\"ar\"},{\"@type\":\"Organization\",\"@id\":\"https:\\\/\\\/lequotidien.mr\\\/#organization\",\"name\":\"Le Quotidien de Nouakchott\",\"url\":\"https:\\\/\\\/lequotidien.mr\\\/\",\"logo\":{\"@type\":\"ImageObject\",\"inLanguage\":\"ar\",\"@id\":\"https:\\\/\\\/lequotidien.mr\\\/#\\\/schema\\\/logo\\\/image\\\/\",\"url\":\"https:\\\/\\\/lequotidien.mr\\\/wp-content\\\/uploads\\\/2022\\\/11\\\/logolequotidien.jpg\",\"contentUrl\":\"https:\\\/\\\/lequotidien.mr\\\/wp-content\\\/uploads\\\/2022\\\/11\\\/logolequotidien.jpg\",\"width\":290,\"height\":65,\"caption\":\"Le Quotidien de Nouakchott\"},\"image\":{\"@id\":\"https:\\\/\\\/lequotidien.mr\\\/#\\\/schema\\\/logo\\\/image\\\/\"},\"sameAs\":[\"https:\\\/\\\/web.facebook.com\\\/lequotidienmr\",\"https:\\\/\\\/x.com\\\/lequotidienmr\"]},{\"@type\":\"Person\",\"@id\":\"https:\\\/\\\/lequotidien.mr\\\/#\\\/schema\\\/person\\\/d2d350202a4d599685ed8abc25f97596\",\"name\":\"Med Ahmed\",\"image\":{\"@type\":\"ImageObject\",\"inLanguage\":\"ar\",\"@id\":\"https:\\\/\\\/secure.gravatar.com\\\/avatar\\\/fd2acc62ed50732923d1d39c17172c9b04149f142be92310ecc69e1358f94b52?s=96&d=mm&r=g\",\"url\":\"https:\\\/\\\/secure.gravatar.com\\\/avatar\\\/fd2acc62ed50732923d1d39c17172c9b04149f142be92310ecc69e1358f94b52?s=96&d=mm&r=g\",\"contentUrl\":\"https:\\\/\\\/secure.gravatar.com\\\/avatar\\\/fd2acc62ed50732923d1d39c17172c9b04149f142be92310ecc69e1358f94b52?s=96&d=mm&r=g\",\"caption\":\"Med Ahmed\"},\"url\":\"https:\\\/\\\/lequotidien.mr\\\/?author=12\"}]}<\/script>\n<!-- \/ Yoast SEO plugin. -->","yoast_head_json":{"title":"Nouakchott : Atelier de validation du plan d\u2019action du rapport provisoire de l\u2019\u00e9valuation du syst\u00e8me environnemental et social de la Mauritanie - Le Quotidien de Nouakchott","robots":{"index":"index","follow":"follow","max-snippet":"max-snippet:-1","max-image-preview":"max-image-preview:large","max-video-preview":"max-video-preview:-1"},"canonical":"https:\/\/lequotidien.mr\/?p=28939&lang=fr","og_locale":"ar_AR","og_type":"article","og_title":"Nouakchott : Atelier de validation du plan d\u2019action du rapport provisoire de l\u2019\u00e9valuation du syst\u00e8me environnemental et social de la Mauritanie - Le Quotidien de Nouakchott","og_description":"Un atelier national d&#8217;une journ\u00e9e, d\u00e9di\u00e9 \u00e0 l&#8217;examen des r\u00e9sultats de l&#8217;\u00e9valuation du Cadre environnemental et social de la Banque africaine de d\u00e9veloppement (BAD) et de sa conformit\u00e9 avec la l\u00e9gislation mauritanienne, a d\u00e9marr\u00e9 jeudi dernier \u00e0 Nouakchott. Organis\u00e9 par le Minist\u00e8re de l\u2019Environnement et du D\u00e9veloppement Durable en collaboration \u00e9troite avec la BAD, cet.....","og_url":"https:\/\/lequotidien.mr\/?p=28939&lang=fr","og_site_name":"Le Quotidien de Nouakchott","article_publisher":"https:\/\/web.facebook.com\/lequotidienmr","article_published_time":"2025-07-04T22:09:42+00:00","og_image":[{"width":750,"height":430,"url":"https:\/\/lequotidien.mr\/wp-content\/uploads\/2025\/07\/photo-cdre-envirl-et-socila-_BAD.jpg","type":"image\/jpeg"}],"author":"Med Ahmed","twitter_card":"summary_large_image","twitter_creator":"@lequotidienmr","twitter_site":"@lequotidienmr","twitter_misc":{"\u0643\u064f\u062a\u0628 \u0628\u0648\u0627\u0633\u0637\u0629":"Med Ahmed","\u0648\u0642\u062a \u0627\u0644\u0642\u0631\u0627\u0621\u0629 \u0627\u0644\u0645\u064f\u0642\u062f\u0651\u0631":"6 \u062f\u0642\u0627\u0626\u0642"},"schema":{"@context":"https:\/\/schema.org","@graph":[{"@type":"Article","@id":"https:\/\/lequotidien.mr\/?p=28939&lang=fr#article","isPartOf":{"@id":"https:\/\/lequotidien.mr\/?p=28939&lang=fr"},"author":{"name":"Med Ahmed","@id":"https:\/\/lequotidien.mr\/#\/schema\/person\/d2d350202a4d599685ed8abc25f97596"},"headline":"Nouakchott : Atelier de validation du plan d\u2019action du rapport provisoire de l\u2019\u00e9valuation du syst\u00e8me environnemental et social de la Mauritanie","datePublished":"2025-07-04T22:09:42+00:00","mainEntityOfPage":{"@id":"https:\/\/lequotidien.mr\/?p=28939&lang=fr"},"wordCount":846,"commentCount":0,"publisher":{"@id":"https:\/\/lequotidien.mr\/#organization"},"image":{"@id":"https:\/\/lequotidien.mr\/?p=28939&lang=fr#primaryimage"},"thumbnailUrl":"https:\/\/lequotidien.mr\/wp-content\/uploads\/2025\/07\/photo-cdre-envirl-et-socila-_BAD.jpg","articleSection":["ACTUALIT\u00c9","Economie"],"inLanguage":"ar","potentialAction":[{"@type":"CommentAction","name":"Comment","target":["https:\/\/lequotidien.mr\/?p=28939&lang=fr#respond"]}]},{"@type":"WebPage","@id":"https:\/\/lequotidien.mr\/?p=28939&lang=fr","url":"https:\/\/lequotidien.mr\/?p=28939&lang=fr","name":"Nouakchott : Atelier de validation du plan d\u2019action du rapport provisoire de l\u2019\u00e9valuation du syst\u00e8me environnemental et social de la Mauritanie - Le Quotidien de Nouakchott","isPartOf":{"@id":"https:\/\/lequotidien.mr\/#website"},"primaryImageOfPage":{"@id":"https:\/\/lequotidien.mr\/?p=28939&lang=fr#primaryimage"},"image":{"@id":"https:\/\/lequotidien.mr\/?p=28939&lang=fr#primaryimage"},"thumbnailUrl":"https:\/\/lequotidien.mr\/wp-content\/uploads\/2025\/07\/photo-cdre-envirl-et-socila-_BAD.jpg","datePublished":"2025-07-04T22:09:42+00:00","breadcrumb":{"@id":"https:\/\/lequotidien.mr\/?p=28939&lang=fr#breadcrumb"},"inLanguage":"ar","potentialAction":[{"@type":"ReadAction","target":["https:\/\/lequotidien.mr\/?p=28939&lang=fr"]}]},{"@type":"ImageObject","inLanguage":"ar","@id":"https:\/\/lequotidien.mr\/?p=28939&lang=fr#primaryimage","url":"https:\/\/lequotidien.mr\/wp-content\/uploads\/2025\/07\/photo-cdre-envirl-et-socila-_BAD.jpg","contentUrl":"https:\/\/lequotidien.mr\/wp-content\/uploads\/2025\/07\/photo-cdre-envirl-et-socila-_BAD.jpg","width":750,"height":430},{"@type":"BreadcrumbList","@id":"https:\/\/lequotidien.mr\/?p=28939&lang=fr#breadcrumb","itemListElement":[{"@type":"ListItem","position":1,"name":"Home","item":"https:\/\/lequotidien.mr\/"},{"@type":"ListItem","position":2,"name":"Nouakchott : Atelier de validation du plan d\u2019action du rapport provisoire de l\u2019\u00e9valuation du syst\u00e8me environnemental et social de la Mauritanie"}]},{"@type":"WebSite","@id":"https:\/\/lequotidien.mr\/#website","url":"https:\/\/lequotidien.mr\/","name":"Le Quotidien de Nouakchott","description":"\u0625\u062e\u0628\u0627\u0631\u064a\u0629 \u0645\u0633\u062a\u0642\u0644\u0629 \u0644\u0644\u0623\u0646\u0628\u0627\u0621 \u0627\u0644\u0639\u0627\u0645\u0629","publisher":{"@id":"https:\/\/lequotidien.mr\/#organization"},"potentialAction":[{"@type":"SearchAction","target":{"@type":"EntryPoint","urlTemplate":"https:\/\/lequotidien.mr\/?s={search_term_string}"},"query-input":{"@type":"PropertyValueSpecification","valueRequired":true,"valueName":"search_term_string"}}],"inLanguage":"ar"},{"@type":"Organization","@id":"https:\/\/lequotidien.mr\/#organization","name":"Le Quotidien de Nouakchott","url":"https:\/\/lequotidien.mr\/","logo":{"@type":"ImageObject","inLanguage":"ar","@id":"https:\/\/lequotidien.mr\/#\/schema\/logo\/image\/","url":"https:\/\/lequotidien.mr\/wp-content\/uploads\/2022\/11\/logolequotidien.jpg","contentUrl":"https:\/\/lequotidien.mr\/wp-content\/uploads\/2022\/11\/logolequotidien.jpg","width":290,"height":65,"caption":"Le Quotidien de Nouakchott"},"image":{"@id":"https:\/\/lequotidien.mr\/#\/schema\/logo\/image\/"},"sameAs":["https:\/\/web.facebook.com\/lequotidienmr","https:\/\/x.com\/lequotidienmr"]},{"@type":"Person","@id":"https:\/\/lequotidien.mr\/#\/schema\/person\/d2d350202a4d599685ed8abc25f97596","name":"Med Ahmed","image":{"@type":"ImageObject","inLanguage":"ar","@id":"https:\/\/secure.gravatar.com\/avatar\/fd2acc62ed50732923d1d39c17172c9b04149f142be92310ecc69e1358f94b52?s=96&d=mm&r=g","url":"https:\/\/secure.gravatar.com\/avatar\/fd2acc62ed50732923d1d39c17172c9b04149f142be92310ecc69e1358f94b52?s=96&d=mm&r=g","contentUrl":"https:\/\/secure.gravatar.com\/avatar\/fd2acc62ed50732923d1d39c17172c9b04149f142be92310ecc69e1358f94b52?s=96&d=mm&r=g","caption":"Med Ahmed"},"url":"https:\/\/lequotidien.mr\/?author=12"}]}},"_links":{"self":[{"href":"https:\/\/lequotidien.mr\/index.php?rest_route=\/wp\/v2\/posts\/28939","targetHints":{"allow":["GET"]}}],"collection":[{"href":"https:\/\/lequotidien.mr\/index.php?rest_route=\/wp\/v2\/posts"}],"about":[{"href":"https:\/\/lequotidien.mr\/index.php?rest_route=\/wp\/v2\/types\/post"}],"author":[{"embeddable":true,"href":"https:\/\/lequotidien.mr\/index.php?rest_route=\/wp\/v2\/users\/12"}],"replies":[{"embeddable":true,"href":"https:\/\/lequotidien.mr\/index.php?rest_route=%2Fwp%2Fv2%2Fcomments&post=28939"}],"version-history":[{"count":1,"href":"https:\/\/lequotidien.mr\/index.php?rest_route=\/wp\/v2\/posts\/28939\/revisions"}],"predecessor-version":[{"id":28941,"href":"https:\/\/lequotidien.mr\/index.php?rest_route=\/wp\/v2\/posts\/28939\/revisions\/28941"}],"wp:featuredmedia":[{"embeddable":true,"href":"https:\/\/lequotidien.mr\/index.php?rest_route=\/wp\/v2\/media\/28940"}],"wp:attachment":[{"href":"https:\/\/lequotidien.mr\/index.php?rest_route=%2Fwp%2Fv2%2Fmedia&parent=28939"}],"wp:term":[{"taxonomy":"category","embeddable":true,"href":"https:\/\/lequotidien.mr\/index.php?rest_route=%2Fwp%2Fv2%2Fcategories&post=28939"},{"taxonomy":"post_tag","embeddable":true,"href":"https:\/\/lequotidien.mr\/index.php?rest_route=%2Fwp%2Fv2%2Ftags&post=28939"}],"curies":[{"name":"wp","href":"https:\/\/api.w.org\/{rel}","templated":true}]}}