{"id":28878,"date":"2025-07-03T11:12:33","date_gmt":"2025-07-03T11:12:33","guid":{"rendered":"https:\/\/lequotidien.mr\/?p=28878"},"modified":"2025-07-03T11:12:33","modified_gmt":"2025-07-03T11:12:33","slug":"financement-du-developpement-seville-le-ministre-bouh-plaide-pour-un-alignement-des-fonds-sur-les-priorites-africaines","status":"publish","type":"post","link":"https:\/\/lequotidien.mr\/?p=28878&lang=fr","title":{"rendered":"Financement du d\u00e9veloppement\/S\u00e9ville : Le ministre Bouh plaide pour un alignement des fonds sur les priorit\u00e9s africaines"},"content":{"rendered":"<p>Le Ministre de l\u2019\u00c9conomie et des Finances,\u00a0<strong>M. Sid\u2019Ahmed Bouh<\/strong>, a lanc\u00e9 un appel vigoureux pour une r\u00e9orientation des financements internationaux vers les v\u00e9ritables priorit\u00e9s de d\u00e9veloppement des pays africains. Son intervention est intervenue lors d\u2019une session de dialogue de haut niveau intitul\u00e9e \u00ab Vers l\u2019investissement et le d\u00e9veloppement durables en Afrique \u00bb, tenue en marge de la quatri\u00e8me Conf\u00e9rence internationale sur le financement du d\u00e9veloppement (FFD4).<\/p>\n<p><strong>Un plaidoyer pour l&#8217;appropriation locale du d\u00e9veloppement<\/strong><\/p>\n<p>En tant qu&#8217;orateur principal, le ministre Bouh a insist\u00e9 sur trois imp\u00e9ratifs cruciaux pour promouvoir un investissement durable et transformateur en Afrique :<\/p>\n<p><strong>-Alignement des financements sur les politiques nationales :<\/strong>\u00a0Les fonds doivent soutenir les priorit\u00e9s d\u00e9finies par les pays africains eux-m\u00eames, et non \u00eatre dict\u00e9s par les agendas des bailleurs de fonds. &#8220;Il est imp\u00e9ratif d\u2019aligner les financements sur les politiques de d\u00e9veloppement des pays&#8221;, a-t-il d\u00e9clar\u00e9\u00a0;<\/p>\n<p><strong>-Projets ancr\u00e9s dans les priorit\u00e9s locales :<\/strong>\u00a0Les projets financ\u00e9s doivent r\u00e9pondre aux besoins et strat\u00e9gies sp\u00e9cifiques des nations africaines, et non leur \u00eatre impos\u00e9s de l&#8217;ext\u00e9rieur\u00a0;<\/p>\n<p><strong>-Renforcement des capacit\u00e9s d&#8217;investissement :<\/strong>\u00a0Il est essentiel de &#8220;renforcer la capacit\u00e9 collective \u00e0 mobiliser, canaliser et s\u00e9curiser les investissements durables&#8221; capables de transformer structurellement les \u00e9conomies du continent.<\/p>\n<p><strong>L&#8217;Afrique, un continent d&#8217;opportunit\u00e9s<\/strong><\/p>\n<p>M. Bouh a dress\u00e9 un tableau r\u00e9solument optimiste du potentiel africain, le d\u00e9crivant comme &#8220;un continent d\u2019opportunit\u00e9s&#8221;. Il a mis en avant ses atouts majeurs :<\/p>\n<p><strong>-Richesse en ressources naturelles\u00a0;<\/strong><\/p>\n<p><strong>-Capital humain jeune et dynamique\u00a0;<\/strong><\/p>\n<p><strong>-\u00c9norme potentiel de croissance.<\/strong><\/p>\n<p><strong>La Mauritanie, un exemple de r\u00e9formes et d&#8217;investissements strat\u00e9giques<\/strong><\/p>\n<p>Le ministre a illustr\u00e9 ses propos en pr\u00e9sentant &#8220;l\u2019exp\u00e9rience mauritanienne&#8221; comme un mod\u00e8le de transformation. Il a d\u00e9taill\u00e9 les r\u00e9formes \u00e9conomiques et institutionnelles ambitieuses men\u00e9es dans le cadre de la\u00a0<strong>Strat\u00e9gie de Croissance Acc\u00e9l\u00e9r\u00e9e et de Prosp\u00e9rit\u00e9 Partag\u00e9e (SCAPP)<\/strong>, ayant conduit \u00e0 :<\/p>\n<p><strong>-Le<\/strong>\u00a0<strong>r\u00e9tablissement de la stabilit\u00e9 macro\u00e9conomique\u00a0;<\/strong><\/p>\n<p><strong>-La<\/strong>\u00a0<strong>modernisation de la gestion des finances publiques\u00a0;<\/strong><\/p>\n<p><strong>-L\u2019investissement cibl\u00e9 dans des secteurs porteurs d&#8217;avenir\u00a0: \u00e9nergies renouvelables<\/strong>\u00a0(avec un accent particulier sur l&#8217;hydrog\u00e8ne vert)\u00a0, <strong>p\u00eache durable, agriculture r\u00e9sistante au climat, exploitation mini\u00e8re \u00e0 haute valeur ajout\u00e9e.<\/strong><\/p>\n<p><strong>Leadership dans l&#8217;hydrog\u00e8ne vert et am\u00e9lioration du climat des affaires<\/strong><\/p>\n<p>Le ministre Bouh a particuli\u00e8rement insist\u00e9 sur les\u00a0<strong>projets structurants<\/strong>\u00a0lanc\u00e9s par la Mauritanie dans le domaine strat\u00e9gique de\u00a0<strong>l\u2019hydrog\u00e8ne vert<\/strong>. Ces initiatives positionnent le pays comme &#8220;un acteur \u00e9mergent de la transition \u00e9nerg\u00e9tique \u00e0 l\u2019\u00e9chelle continentale&#8221;. Il a \u00e9galement soulign\u00e9 les efforts continus du gouvernement pour &#8220;am\u00e9liorer l\u2019environnement pour le d\u00e9veloppement durable&#8221;, cr\u00e9ant ainsi les conditions favorables pour attirer et s\u00e9curiser les investissements transformateurs.<\/p>\n<p>L&#8217;intervention du ministre Sid\u2019Ahmed Bouh \u00e0 S\u00e9ville d\u00e9passe le simple cadre national. Elle repr\u00e9sente un plaidoyer fort de l&#8217;Afrique pour une r\u00e9vision des m\u00e9canismes de financement du d\u00e9veloppement. Son message central est clair : pour que les investissements soient v\u00e9ritablement durables et transformateurs, ils doivent \u00eatre con\u00e7us\u00a0<em>avec<\/em>\u00a0l&#8217;Afrique et\u00a0<em>pour<\/em>\u00a0ses priorit\u00e9s sp\u00e9cifiques, en s&#8217;appuyant sur ses atouts uniques et ses strat\u00e9gies nationales, comme l&#8217;illustre le parcours r\u00e9formateur de la Mauritanie. La r\u00e9ussite passe par un partenariat fond\u00e9 sur l&#8217;alignement et le renforcement des capacit\u00e9s locales \u00e0 orienter et g\u00e9rer les flux d&#8217;investissement.<\/p>\n","protected":false},"excerpt":{"rendered":"<p>Le Ministre de l\u2019\u00c9conomie et des Finances,\u00a0M. Sid\u2019Ahmed Bouh, a lanc\u00e9 un appel vigoureux pour une r\u00e9orientation des financements internationaux vers les v\u00e9ritables priorit\u00e9s de d\u00e9veloppement des pays africains. Son intervention est intervenue lors d\u2019une session de dialogue de haut niveau intitul\u00e9e \u00ab Vers l\u2019investissement et le d\u00e9veloppement durables en Afrique \u00bb, tenue en marge&#8230;..<\/p>\n","protected":false},"author":12,"featured_media":28879,"comment_status":"open","ping_status":"open","sticky":false,"template":"","format":"standard","meta":{"footnotes":""},"categories":[23,49],"tags":[],"class_list":["post-28878","post","type-post","status-publish","format-standard","has-post-thumbnail","hentry","category-actualite","category-economie"],"yoast_head":"<!-- This site is optimized with the Yoast SEO plugin v27.5 - https:\/\/yoast.com\/product\/yoast-seo-wordpress\/ -->\n<title>Financement du d\u00e9veloppement\/S\u00e9ville : Le ministre Bouh plaide pour un alignement des fonds sur les priorit\u00e9s africaines - Le Quotidien de Nouakchott<\/title>\n<meta name=\"robots\" content=\"index, follow, max-snippet:-1, max-image-preview:large, max-video-preview:-1\" \/>\n<link rel=\"canonical\" href=\"https:\/\/lequotidien.mr\/?p=28878&lang=fr\" \/>\n<meta property=\"og:locale\" content=\"ar_AR\" \/>\n<meta property=\"og:type\" content=\"article\" \/>\n<meta property=\"og:title\" content=\"Financement du d\u00e9veloppement\/S\u00e9ville : Le ministre Bouh plaide pour un alignement des fonds sur les priorit\u00e9s africaines - Le Quotidien de Nouakchott\" \/>\n<meta property=\"og:description\" content=\"Le Ministre de l\u2019\u00c9conomie et des Finances,\u00a0M. Sid\u2019Ahmed Bouh, a lanc\u00e9 un appel vigoureux pour une r\u00e9orientation des financements internationaux vers les v\u00e9ritables priorit\u00e9s de d\u00e9veloppement des pays africains. Son intervention est intervenue lors d\u2019une session de dialogue de haut niveau intitul\u00e9e \u00ab Vers l\u2019investissement et le d\u00e9veloppement durables en Afrique \u00bb, tenue en marge.....\" \/>\n<meta property=\"og:url\" content=\"https:\/\/lequotidien.mr\/?p=28878&amp;lang=fr\" \/>\n<meta property=\"og:site_name\" content=\"Le Quotidien de Nouakchott\" \/>\n<meta property=\"article:publisher\" content=\"https:\/\/web.facebook.com\/lequotidienmr\" \/>\n<meta property=\"article:published_time\" content=\"2025-07-03T11:12:33+00:00\" \/>\n<meta property=\"og:image\" content=\"https:\/\/lequotidien.mr\/wp-content\/uploads\/2025\/07\/photo-Bouh-Seville.jpg\" \/>\n\t<meta property=\"og:image:width\" content=\"750\" \/>\n\t<meta property=\"og:image:height\" content=\"375\" \/>\n\t<meta property=\"og:image:type\" content=\"image\/jpeg\" \/>\n<meta name=\"author\" content=\"Med Ahmed\" \/>\n<meta name=\"twitter:card\" content=\"summary_large_image\" \/>\n<meta name=\"twitter:creator\" content=\"@lequotidienmr\" \/>\n<meta name=\"twitter:site\" content=\"@lequotidienmr\" \/>\n<meta name=\"twitter:label1\" content=\"\u0643\u064f\u062a\u0628 \u0628\u0648\u0627\u0633\u0637\u0629\" \/>\n\t<meta name=\"twitter:data1\" content=\"Med Ahmed\" \/>\n\t<meta name=\"twitter:label2\" content=\"\u0648\u0642\u062a \u0627\u0644\u0642\u0631\u0627\u0621\u0629 \u0627\u0644\u0645\u064f\u0642\u062f\u0651\u0631\" \/>\n\t<meta name=\"twitter:data2\" content=\"4 \u062f\u0642\u0627\u0626\u0642\" \/>\n<script type=\"application\/ld+json\" class=\"yoast-schema-graph\">{\"@context\":\"https:\\\/\\\/schema.org\",\"@graph\":[{\"@type\":\"Article\",\"@id\":\"https:\\\/\\\/lequotidien.mr\\\/?p=28878&lang=fr#article\",\"isPartOf\":{\"@id\":\"https:\\\/\\\/lequotidien.mr\\\/?p=28878&lang=fr\"},\"author\":{\"name\":\"Med Ahmed\",\"@id\":\"https:\\\/\\\/lequotidien.mr\\\/#\\\/schema\\\/person\\\/d2d350202a4d599685ed8abc25f97596\"},\"headline\":\"Financement du d\u00e9veloppement\\\/S\u00e9ville : Le ministre Bouh plaide pour un alignement des fonds sur les priorit\u00e9s africaines\",\"datePublished\":\"2025-07-03T11:12:33+00:00\",\"mainEntityOfPage\":{\"@id\":\"https:\\\/\\\/lequotidien.mr\\\/?p=28878&lang=fr\"},\"wordCount\":619,\"commentCount\":0,\"publisher\":{\"@id\":\"https:\\\/\\\/lequotidien.mr\\\/#organization\"},\"image\":{\"@id\":\"https:\\\/\\\/lequotidien.mr\\\/?p=28878&lang=fr#primaryimage\"},\"thumbnailUrl\":\"https:\\\/\\\/lequotidien.mr\\\/wp-content\\\/uploads\\\/2025\\\/07\\\/photo-Bouh-Seville.jpg\",\"articleSection\":[\"ACTUALIT\u00c9\",\"Economie\"],\"inLanguage\":\"ar\",\"potentialAction\":[{\"@type\":\"CommentAction\",\"name\":\"Comment\",\"target\":[\"https:\\\/\\\/lequotidien.mr\\\/?p=28878&lang=fr#respond\"]}]},{\"@type\":\"WebPage\",\"@id\":\"https:\\\/\\\/lequotidien.mr\\\/?p=28878&lang=fr\",\"url\":\"https:\\\/\\\/lequotidien.mr\\\/?p=28878&lang=fr\",\"name\":\"Financement du d\u00e9veloppement\\\/S\u00e9ville : Le ministre Bouh plaide pour un alignement des fonds sur les priorit\u00e9s africaines - Le Quotidien de Nouakchott\",\"isPartOf\":{\"@id\":\"https:\\\/\\\/lequotidien.mr\\\/#website\"},\"primaryImageOfPage\":{\"@id\":\"https:\\\/\\\/lequotidien.mr\\\/?p=28878&lang=fr#primaryimage\"},\"image\":{\"@id\":\"https:\\\/\\\/lequotidien.mr\\\/?p=28878&lang=fr#primaryimage\"},\"thumbnailUrl\":\"https:\\\/\\\/lequotidien.mr\\\/wp-content\\\/uploads\\\/2025\\\/07\\\/photo-Bouh-Seville.jpg\",\"datePublished\":\"2025-07-03T11:12:33+00:00\",\"breadcrumb\":{\"@id\":\"https:\\\/\\\/lequotidien.mr\\\/?p=28878&lang=fr#breadcrumb\"},\"inLanguage\":\"ar\",\"potentialAction\":[{\"@type\":\"ReadAction\",\"target\":[\"https:\\\/\\\/lequotidien.mr\\\/?p=28878&lang=fr\"]}]},{\"@type\":\"ImageObject\",\"inLanguage\":\"ar\",\"@id\":\"https:\\\/\\\/lequotidien.mr\\\/?p=28878&lang=fr#primaryimage\",\"url\":\"https:\\\/\\\/lequotidien.mr\\\/wp-content\\\/uploads\\\/2025\\\/07\\\/photo-Bouh-Seville.jpg\",\"contentUrl\":\"https:\\\/\\\/lequotidien.mr\\\/wp-content\\\/uploads\\\/2025\\\/07\\\/photo-Bouh-Seville.jpg\",\"width\":750,\"height\":375},{\"@type\":\"BreadcrumbList\",\"@id\":\"https:\\\/\\\/lequotidien.mr\\\/?p=28878&lang=fr#breadcrumb\",\"itemListElement\":[{\"@type\":\"ListItem\",\"position\":1,\"name\":\"Home\",\"item\":\"https:\\\/\\\/lequotidien.mr\\\/\"},{\"@type\":\"ListItem\",\"position\":2,\"name\":\"Financement du d\u00e9veloppement\\\/S\u00e9ville : Le ministre Bouh plaide pour un alignement des fonds sur les priorit\u00e9s africaines\"}]},{\"@type\":\"WebSite\",\"@id\":\"https:\\\/\\\/lequotidien.mr\\\/#website\",\"url\":\"https:\\\/\\\/lequotidien.mr\\\/\",\"name\":\"Le Quotidien de Nouakchott\",\"description\":\"\u0625\u062e\u0628\u0627\u0631\u064a\u0629 \u0645\u0633\u062a\u0642\u0644\u0629 \u0644\u0644\u0623\u0646\u0628\u0627\u0621 \u0627\u0644\u0639\u0627\u0645\u0629\",\"publisher\":{\"@id\":\"https:\\\/\\\/lequotidien.mr\\\/#organization\"},\"potentialAction\":[{\"@type\":\"SearchAction\",\"target\":{\"@type\":\"EntryPoint\",\"urlTemplate\":\"https:\\\/\\\/lequotidien.mr\\\/?s={search_term_string}\"},\"query-input\":{\"@type\":\"PropertyValueSpecification\",\"valueRequired\":true,\"valueName\":\"search_term_string\"}}],\"inLanguage\":\"ar\"},{\"@type\":\"Organization\",\"@id\":\"https:\\\/\\\/lequotidien.mr\\\/#organization\",\"name\":\"Le Quotidien de Nouakchott\",\"url\":\"https:\\\/\\\/lequotidien.mr\\\/\",\"logo\":{\"@type\":\"ImageObject\",\"inLanguage\":\"ar\",\"@id\":\"https:\\\/\\\/lequotidien.mr\\\/#\\\/schema\\\/logo\\\/image\\\/\",\"url\":\"https:\\\/\\\/lequotidien.mr\\\/wp-content\\\/uploads\\\/2022\\\/11\\\/logolequotidien.jpg\",\"contentUrl\":\"https:\\\/\\\/lequotidien.mr\\\/wp-content\\\/uploads\\\/2022\\\/11\\\/logolequotidien.jpg\",\"width\":290,\"height\":65,\"caption\":\"Le Quotidien de Nouakchott\"},\"image\":{\"@id\":\"https:\\\/\\\/lequotidien.mr\\\/#\\\/schema\\\/logo\\\/image\\\/\"},\"sameAs\":[\"https:\\\/\\\/web.facebook.com\\\/lequotidienmr\",\"https:\\\/\\\/x.com\\\/lequotidienmr\"]},{\"@type\":\"Person\",\"@id\":\"https:\\\/\\\/lequotidien.mr\\\/#\\\/schema\\\/person\\\/d2d350202a4d599685ed8abc25f97596\",\"name\":\"Med Ahmed\",\"image\":{\"@type\":\"ImageObject\",\"inLanguage\":\"ar\",\"@id\":\"https:\\\/\\\/secure.gravatar.com\\\/avatar\\\/fd2acc62ed50732923d1d39c17172c9b04149f142be92310ecc69e1358f94b52?s=96&d=mm&r=g\",\"url\":\"https:\\\/\\\/secure.gravatar.com\\\/avatar\\\/fd2acc62ed50732923d1d39c17172c9b04149f142be92310ecc69e1358f94b52?s=96&d=mm&r=g\",\"contentUrl\":\"https:\\\/\\\/secure.gravatar.com\\\/avatar\\\/fd2acc62ed50732923d1d39c17172c9b04149f142be92310ecc69e1358f94b52?s=96&d=mm&r=g\",\"caption\":\"Med Ahmed\"},\"url\":\"https:\\\/\\\/lequotidien.mr\\\/?author=12\"}]}<\/script>\n<!-- \/ Yoast SEO plugin. -->","yoast_head_json":{"title":"Financement du d\u00e9veloppement\/S\u00e9ville : Le ministre Bouh plaide pour un alignement des fonds sur les priorit\u00e9s africaines - Le Quotidien de Nouakchott","robots":{"index":"index","follow":"follow","max-snippet":"max-snippet:-1","max-image-preview":"max-image-preview:large","max-video-preview":"max-video-preview:-1"},"canonical":"https:\/\/lequotidien.mr\/?p=28878&lang=fr","og_locale":"ar_AR","og_type":"article","og_title":"Financement du d\u00e9veloppement\/S\u00e9ville : Le ministre Bouh plaide pour un alignement des fonds sur les priorit\u00e9s africaines - Le Quotidien de Nouakchott","og_description":"Le Ministre de l\u2019\u00c9conomie et des Finances,\u00a0M. Sid\u2019Ahmed Bouh, a lanc\u00e9 un appel vigoureux pour une r\u00e9orientation des financements internationaux vers les v\u00e9ritables priorit\u00e9s de d\u00e9veloppement des pays africains. Son intervention est intervenue lors d\u2019une session de dialogue de haut niveau intitul\u00e9e \u00ab Vers l\u2019investissement et le d\u00e9veloppement durables en Afrique \u00bb, tenue en marge.....","og_url":"https:\/\/lequotidien.mr\/?p=28878&lang=fr","og_site_name":"Le Quotidien de Nouakchott","article_publisher":"https:\/\/web.facebook.com\/lequotidienmr","article_published_time":"2025-07-03T11:12:33+00:00","og_image":[{"width":750,"height":375,"url":"https:\/\/lequotidien.mr\/wp-content\/uploads\/2025\/07\/photo-Bouh-Seville.jpg","type":"image\/jpeg"}],"author":"Med Ahmed","twitter_card":"summary_large_image","twitter_creator":"@lequotidienmr","twitter_site":"@lequotidienmr","twitter_misc":{"\u0643\u064f\u062a\u0628 \u0628\u0648\u0627\u0633\u0637\u0629":"Med Ahmed","\u0648\u0642\u062a \u0627\u0644\u0642\u0631\u0627\u0621\u0629 \u0627\u0644\u0645\u064f\u0642\u062f\u0651\u0631":"4 \u062f\u0642\u0627\u0626\u0642"},"schema":{"@context":"https:\/\/schema.org","@graph":[{"@type":"Article","@id":"https:\/\/lequotidien.mr\/?p=28878&lang=fr#article","isPartOf":{"@id":"https:\/\/lequotidien.mr\/?p=28878&lang=fr"},"author":{"name":"Med Ahmed","@id":"https:\/\/lequotidien.mr\/#\/schema\/person\/d2d350202a4d599685ed8abc25f97596"},"headline":"Financement du d\u00e9veloppement\/S\u00e9ville : Le ministre Bouh plaide pour un alignement des fonds sur les priorit\u00e9s africaines","datePublished":"2025-07-03T11:12:33+00:00","mainEntityOfPage":{"@id":"https:\/\/lequotidien.mr\/?p=28878&lang=fr"},"wordCount":619,"commentCount":0,"publisher":{"@id":"https:\/\/lequotidien.mr\/#organization"},"image":{"@id":"https:\/\/lequotidien.mr\/?p=28878&lang=fr#primaryimage"},"thumbnailUrl":"https:\/\/lequotidien.mr\/wp-content\/uploads\/2025\/07\/photo-Bouh-Seville.jpg","articleSection":["ACTUALIT\u00c9","Economie"],"inLanguage":"ar","potentialAction":[{"@type":"CommentAction","name":"Comment","target":["https:\/\/lequotidien.mr\/?p=28878&lang=fr#respond"]}]},{"@type":"WebPage","@id":"https:\/\/lequotidien.mr\/?p=28878&lang=fr","url":"https:\/\/lequotidien.mr\/?p=28878&lang=fr","name":"Financement du d\u00e9veloppement\/S\u00e9ville : Le ministre Bouh plaide pour un alignement des fonds sur les priorit\u00e9s africaines - Le Quotidien de Nouakchott","isPartOf":{"@id":"https:\/\/lequotidien.mr\/#website"},"primaryImageOfPage":{"@id":"https:\/\/lequotidien.mr\/?p=28878&lang=fr#primaryimage"},"image":{"@id":"https:\/\/lequotidien.mr\/?p=28878&lang=fr#primaryimage"},"thumbnailUrl":"https:\/\/lequotidien.mr\/wp-content\/uploads\/2025\/07\/photo-Bouh-Seville.jpg","datePublished":"2025-07-03T11:12:33+00:00","breadcrumb":{"@id":"https:\/\/lequotidien.mr\/?p=28878&lang=fr#breadcrumb"},"inLanguage":"ar","potentialAction":[{"@type":"ReadAction","target":["https:\/\/lequotidien.mr\/?p=28878&lang=fr"]}]},{"@type":"ImageObject","inLanguage":"ar","@id":"https:\/\/lequotidien.mr\/?p=28878&lang=fr#primaryimage","url":"https:\/\/lequotidien.mr\/wp-content\/uploads\/2025\/07\/photo-Bouh-Seville.jpg","contentUrl":"https:\/\/lequotidien.mr\/wp-content\/uploads\/2025\/07\/photo-Bouh-Seville.jpg","width":750,"height":375},{"@type":"BreadcrumbList","@id":"https:\/\/lequotidien.mr\/?p=28878&lang=fr#breadcrumb","itemListElement":[{"@type":"ListItem","position":1,"name":"Home","item":"https:\/\/lequotidien.mr\/"},{"@type":"ListItem","position":2,"name":"Financement du d\u00e9veloppement\/S\u00e9ville : Le ministre Bouh plaide pour un alignement des fonds sur les priorit\u00e9s africaines"}]},{"@type":"WebSite","@id":"https:\/\/lequotidien.mr\/#website","url":"https:\/\/lequotidien.mr\/","name":"Le Quotidien de Nouakchott","description":"\u0625\u062e\u0628\u0627\u0631\u064a\u0629 \u0645\u0633\u062a\u0642\u0644\u0629 \u0644\u0644\u0623\u0646\u0628\u0627\u0621 \u0627\u0644\u0639\u0627\u0645\u0629","publisher":{"@id":"https:\/\/lequotidien.mr\/#organization"},"potentialAction":[{"@type":"SearchAction","target":{"@type":"EntryPoint","urlTemplate":"https:\/\/lequotidien.mr\/?s={search_term_string}"},"query-input":{"@type":"PropertyValueSpecification","valueRequired":true,"valueName":"search_term_string"}}],"inLanguage":"ar"},{"@type":"Organization","@id":"https:\/\/lequotidien.mr\/#organization","name":"Le Quotidien de Nouakchott","url":"https:\/\/lequotidien.mr\/","logo":{"@type":"ImageObject","inLanguage":"ar","@id":"https:\/\/lequotidien.mr\/#\/schema\/logo\/image\/","url":"https:\/\/lequotidien.mr\/wp-content\/uploads\/2022\/11\/logolequotidien.jpg","contentUrl":"https:\/\/lequotidien.mr\/wp-content\/uploads\/2022\/11\/logolequotidien.jpg","width":290,"height":65,"caption":"Le Quotidien de Nouakchott"},"image":{"@id":"https:\/\/lequotidien.mr\/#\/schema\/logo\/image\/"},"sameAs":["https:\/\/web.facebook.com\/lequotidienmr","https:\/\/x.com\/lequotidienmr"]},{"@type":"Person","@id":"https:\/\/lequotidien.mr\/#\/schema\/person\/d2d350202a4d599685ed8abc25f97596","name":"Med Ahmed","image":{"@type":"ImageObject","inLanguage":"ar","@id":"https:\/\/secure.gravatar.com\/avatar\/fd2acc62ed50732923d1d39c17172c9b04149f142be92310ecc69e1358f94b52?s=96&d=mm&r=g","url":"https:\/\/secure.gravatar.com\/avatar\/fd2acc62ed50732923d1d39c17172c9b04149f142be92310ecc69e1358f94b52?s=96&d=mm&r=g","contentUrl":"https:\/\/secure.gravatar.com\/avatar\/fd2acc62ed50732923d1d39c17172c9b04149f142be92310ecc69e1358f94b52?s=96&d=mm&r=g","caption":"Med Ahmed"},"url":"https:\/\/lequotidien.mr\/?author=12"}]}},"_links":{"self":[{"href":"https:\/\/lequotidien.mr\/index.php?rest_route=\/wp\/v2\/posts\/28878","targetHints":{"allow":["GET"]}}],"collection":[{"href":"https:\/\/lequotidien.mr\/index.php?rest_route=\/wp\/v2\/posts"}],"about":[{"href":"https:\/\/lequotidien.mr\/index.php?rest_route=\/wp\/v2\/types\/post"}],"author":[{"embeddable":true,"href":"https:\/\/lequotidien.mr\/index.php?rest_route=\/wp\/v2\/users\/12"}],"replies":[{"embeddable":true,"href":"https:\/\/lequotidien.mr\/index.php?rest_route=%2Fwp%2Fv2%2Fcomments&post=28878"}],"version-history":[{"count":1,"href":"https:\/\/lequotidien.mr\/index.php?rest_route=\/wp\/v2\/posts\/28878\/revisions"}],"predecessor-version":[{"id":28880,"href":"https:\/\/lequotidien.mr\/index.php?rest_route=\/wp\/v2\/posts\/28878\/revisions\/28880"}],"wp:featuredmedia":[{"embeddable":true,"href":"https:\/\/lequotidien.mr\/index.php?rest_route=\/wp\/v2\/media\/28879"}],"wp:attachment":[{"href":"https:\/\/lequotidien.mr\/index.php?rest_route=%2Fwp%2Fv2%2Fmedia&parent=28878"}],"wp:term":[{"taxonomy":"category","embeddable":true,"href":"https:\/\/lequotidien.mr\/index.php?rest_route=%2Fwp%2Fv2%2Fcategories&post=28878"},{"taxonomy":"post_tag","embeddable":true,"href":"https:\/\/lequotidien.mr\/index.php?rest_route=%2Fwp%2Fv2%2Ftags&post=28878"}],"curies":[{"name":"wp","href":"https:\/\/api.w.org\/{rel}","templated":true}]}}