{"id":28827,"date":"2025-07-01T13:32:07","date_gmt":"2025-07-01T13:32:07","guid":{"rendered":"https:\/\/lequotidien.mr\/?p=28827"},"modified":"2025-07-01T13:32:07","modified_gmt":"2025-07-01T13:32:07","slug":"3eme-forum-economique-mauritano-saoudien-nouakchott-accueille-le-lancement-dune-nouvelle-etape-ambitieuse-pour-un-partenariat-strategique","status":"publish","type":"post","link":"https:\/\/lequotidien.mr\/?p=28827&lang=fr","title":{"rendered":"3\u00e8me Forum \u00c9conomique Mauritano-Saoudien : Nouakchott accueille le lancement d&#8217;une nouvelle \u00e9tape ambitieuse pour un partenariat strat\u00e9gique"},"content":{"rendered":"<p>Les travaux du 3\u00e8me Forum \u00c9conomique Mauritano-Saoudien se sont ouverts, hier matin \u00e0 Nouakchott, marquant une \u00e9tape cruciale visant \u00e0 approfondir le partenariat strat\u00e9gique entre les deux pays fr\u00e8res et \u00e0 transformer les directives de leurs dirigeants en projets d&#8217;investissement et commerciaux concrets.<\/p>\n<p>Tenue en pr\u00e9sence du ministre mauritanien de l\u2019Agriculture et de la souverainet\u00e9 alimentaire, <strong>M. Momma Beibetta<\/strong>, de hauts fonctionnaires, et d&#8217;une d\u00e9l\u00e9gation importante d&#8217;acteurs \u00e9conomiques et d&#8217;hommes d&#8217;affaires saoudiens et mauritaniens, la session inaugurale a \u00e9t\u00e9 marqu\u00e9e par des discours tra\u00e7ant la feuille de route d&#8217;une coop\u00e9ration \u00e9conomique \u00e9largie.<\/p>\n<p><strong>Une coop\u00e9ration renforc\u00e9e dans un contexte mondial en mutation<\/strong><\/p>\n<p>La Ministre mauritanienne du Commerce et du Tourisme, <strong>Mme Zeinebou Ahmednah<\/strong>, a ouvert les d\u00e9bats en soulignant le timing strat\u00e9gique du forum :\u00a0<em>&#8220;cette rencontre intervient \u00e0 un moment o\u00f9 les transformations \u00e9conomiques s\u2019acc\u00e9l\u00e8rent \u00e0 l\u2019\u00e9chelle mondiale, ce qui renforce l\u2019importance de consolider la coop\u00e9ration entre les pays li\u00e9s par les liens de la religion, de l\u2019histoire et du destin commun&#8221;<\/em>. Elle a r\u00e9affirm\u00e9 le statut de l&#8217;Arabie Saoudite comme\u00a0<em>&#8220;partenaire strat\u00e9gique&#8221;<\/em>\u00a0de la Mauritanie, insistant sur le r\u00f4le\u00a0<em>&#8220;essentiel&#8221;<\/em>\u00a0du secteur priv\u00e9 des deux pays pour b\u00e2tir des partenariats durables.<\/p>\n<p>Mme Ahmednah a pr\u00e9sent\u00e9 cette dynamique comme la traduction concr\u00e8te des orientations ambitieuses du programme du Pr\u00e9sident <strong>El Ghazouani<\/strong>\u00a0<em>&#8220;Mon ambition pour la patrie&#8221;<\/em>\u00a0et de la\u00a0<em>&#8220;Vision 2030&#8221;<\/em>\u00a0du Royaume, port\u00e9e par le Prince H\u00e9ritier Mohammed bin Salman.<\/p>\n<p><strong>La Mauritanie : Un environnement d&#8217;investissement attractif et des opportunit\u00e9s prometteuses<\/strong><\/p>\n<p>La Ministre a d\u00e9taill\u00e9 les efforts consid\u00e9rables du gouvernement mauritanien, sous la supervision du Premier Ministre <strong>M. Mokhtar Djay<\/strong>, pour am\u00e9liorer le climat des affaires :<\/p>\n<p><strong>-Am\u00e9lioration du cadre juridique et simplification des proc\u00e9dures<\/strong>\u00a0;<\/p>\n<p><strong>-Cr\u00e9ation du<\/strong>\u00a0<strong>Centre International de M\u00e9diation et d\u2019Arbitrage\u00a0<\/strong>;<\/p>\n<p><strong>-Garanties solides du<\/strong>\u00a0<strong>Code des Investissements<\/strong>\u00a0: s\u00e9curit\u00e9 et stabilit\u00e9, disponibilit\u00e9 de devises, libre transfert des capitaux, \u00e9galit\u00e9 des chances.<\/p>\n<p>Elle a ensuite \u00e9num\u00e9r\u00e9 les atouts et opportunit\u00e9s majeurs de la Mauritanie :<\/p>\n<p><strong>-Ressources \u00e9nerg\u00e9tiques et mini\u00e8res :<\/strong>\u00a0D\u00e9marrage de la production du\u00a0<strong>gaz naturel<\/strong>\u00a0(projet partag\u00e9 avec le S\u00e9n\u00e9gal), vastes r\u00e9serves de\u00a0<strong>fer, d\u2019or et de cuivre\u00a0<\/strong>;<\/p>\n<p><strong>-Richesse halieutique :<\/strong>\u00a0C\u00f4tes de plus de 700 km offrant un potentiel immense\u00a0;<\/p>\n<p><strong>-Capacit\u00e9s agricoles :<\/strong>\u00a0Potentiel important le long du fleuve S\u00e9n\u00e9gal\u00a0;<\/p>\n<p><strong>-Position g\u00e9ographique strat\u00e9gique :<\/strong>\u00a0Porte d&#8217;entr\u00e9e entre l&#8217;Afrique, le monde arabe et l&#8217;Europe.<\/p>\n<p><em>&#8220;J&#8217;invite les hommes d\u2019affaires saoudiens \u00e0 explorer ces opportunit\u00e9s et \u00e0 en tirer parti en concluant de v\u00e9ritables partenariats avec leurs homologues mauritaniens&#8221;<\/em>, a-t-elle conclu.<\/p>\n<p><strong>Le secteur priv\u00e9, moteur des relations \u00e9conomiques<\/strong><\/p>\n<p><strong>M. Mohamed Zeine El Abidine Cheikh Ahmed<\/strong>, Pr\u00e9sident de l\u2019Union Nationale du Patronat Mauritanien, a soulign\u00e9 le r\u00f4le central d\u00e9volu au secteur priv\u00e9 des deux pays pour\u00a0<em>&#8220;d\u00e9velopper les activit\u00e9s \u00e9conomiques, r\u00e9ussir les partenariats existants et exploiter les opportunit\u00e9s prometteuses&#8221;<\/em>. Il a salu\u00e9 l&#8217;exp\u00e9rience saoudienne pionni\u00e8re, notamment dans la transformation num\u00e9rique, les \u00e9nergies renouvelables et les industries technologiques, dont la Mauritanie aspire \u00e0 b\u00e9n\u00e9ficier.<\/p>\n<p>Du c\u00f4t\u00e9 saoudien, <strong>M. Hassan bin Moajeb Al-Huwaizi<\/strong>, Pr\u00e9sident de la F\u00e9d\u00e9ration des Chambres Saoudiennes, a confirm\u00e9 cet \u00e9lan :\u00a0<em>&#8220;le r\u00f4le incombe aujourd\u2019hui au secteur priv\u00e9 du Royaume et de la Mauritanie pour maximiser les b\u00e9n\u00e9fices de la croissance \u00e9conomique&#8221;<\/em>. Il a mis en avant l&#8217;expertise saoudienne dans les industries p\u00e9troli\u00e8res, mini\u00e8res, le transport, la logistique, et les industries alimentaires et pharmaceutiques, pertinentes pour le march\u00e9 mauritanien.<\/p>\n<p>L&#8217;Ambassadeur d&#8217;Arabie Saoudite en Mauritanie, <strong>Dr Abdul Aziz bin Abdullah Al-Ruqaibi<\/strong>, a salu\u00e9 les\u00a0<em>&#8220;relations excellentes et tr\u00e8s distingu\u00e9es&#8221;<\/em>\u00a0au niveau politique, tout en pointant un d\u00e9fi :\u00a0<em>&#8220;le volume des \u00e9changes entre les deux pays ne refl\u00e8te pas la relation distingu\u00e9e entre eux&#8221;<\/em>. Il a r\u00e9v\u00e9l\u00e9 que les exportations saoudiennes vers la Mauritanie en 2024 s&#8217;\u00e9levaient \u00e0 environ\u00a0<strong>32 millions de dollars<\/strong>, un niveau jug\u00e9 en de\u00e7\u00e0 du potentiel. Il a exhort\u00e9 les hommes d&#8217;affaires saoudiens \u00e0 investir dans les domaines de l&#8217;industrie, des mines et de l&#8217;agriculture.<\/p>\n<p><strong>Vers des partenariats concrets et une croissance partag\u00e9e<\/strong><\/p>\n<p><strong>M. Saeed bin Ali Al-Argan<\/strong>, Pr\u00e9sident de la partie saoudienne au Conseil d\u2019affaires mauritano-saoudien, a d\u00e9taill\u00e9 les objectifs du Conseil :<\/p>\n<p><strong>&#8211;<\/strong>Augmenter le volume des \u00e9changes commerciaux\u00a0;<\/p>\n<p><strong>&#8211;<\/strong>Cr\u00e9er des partenariats d\u2019investissement dans les secteurs prometteurs\u00a0;<\/p>\n<p><strong>&#8211;<\/strong>D\u00e9velopper des partenariats durables pour stimuler la croissance \u00e9conomique\u00a0;<\/p>\n<p><strong>&#8211;<\/strong>Soutenir les investissements conjoints et ouvrir de nouveaux march\u00e9s\u00a0;<\/p>\n<p><strong>&#8211;<\/strong>\u00c9largir la coop\u00e9ration aux PME et \u00e0 l&#8217;entrepreneuriat.<\/p>\n<p><strong>&#8211;<\/strong>\u00c9changer exp\u00e9riences et connaissances (innovation, d\u00e9veloppement des comp\u00e9tences).<\/p>\n<p>Ce 3\u00e8me Forum \u00c9conomique pose ainsi les bases d&#8217;une collaboration \u00e9conomique renforc\u00e9e et pragmatique entre la Mauritanie et l&#8217;Arabie Saoudite, avec un mandat clair adress\u00e9 aux secteurs priv\u00e9s : traduire la fraternit\u00e9 politique et les visions strat\u00e9giques communes en investissements tangibles et en croissance partag\u00e9e.<\/p>\n","protected":false},"excerpt":{"rendered":"<p>Les travaux du 3\u00e8me Forum \u00c9conomique Mauritano-Saoudien se sont ouverts, hier matin \u00e0 Nouakchott, marquant une \u00e9tape cruciale visant \u00e0 approfondir le partenariat strat\u00e9gique entre les deux pays fr\u00e8res et \u00e0 transformer les directives de leurs dirigeants en projets d&#8217;investissement et commerciaux concrets. Tenue en pr\u00e9sence du ministre mauritanien de l\u2019Agriculture et de la souverainet\u00e9&#8230;..<\/p>\n","protected":false},"author":12,"featured_media":28828,"comment_status":"open","ping_status":"open","sticky":false,"template":"","format":"standard","meta":{"footnotes":""},"categories":[23,49],"tags":[],"class_list":["post-28827","post","type-post","status-publish","format-standard","has-post-thumbnail","hentry","category-actualite","category-economie"],"yoast_head":"<!-- This site is optimized with the Yoast SEO plugin v27.5 - https:\/\/yoast.com\/product\/yoast-seo-wordpress\/ -->\n<title>3\u00e8me Forum \u00c9conomique Mauritano-Saoudien : Nouakchott accueille le lancement d&#039;une nouvelle \u00e9tape ambitieuse pour un partenariat strat\u00e9gique - Le Quotidien de Nouakchott<\/title>\n<meta name=\"robots\" content=\"index, follow, max-snippet:-1, max-image-preview:large, max-video-preview:-1\" \/>\n<link rel=\"canonical\" href=\"https:\/\/lequotidien.mr\/?p=28827&lang=fr\" \/>\n<meta property=\"og:locale\" content=\"ar_AR\" \/>\n<meta property=\"og:type\" content=\"article\" \/>\n<meta property=\"og:title\" content=\"3\u00e8me Forum \u00c9conomique Mauritano-Saoudien : Nouakchott accueille le lancement d&#039;une nouvelle \u00e9tape ambitieuse pour un partenariat strat\u00e9gique - Le Quotidien de Nouakchott\" \/>\n<meta property=\"og:description\" content=\"Les travaux du 3\u00e8me Forum \u00c9conomique Mauritano-Saoudien se sont ouverts, hier matin \u00e0 Nouakchott, marquant une \u00e9tape cruciale visant \u00e0 approfondir le partenariat strat\u00e9gique entre les deux pays fr\u00e8res et \u00e0 transformer les directives de leurs dirigeants en projets d&#8217;investissement et commerciaux concrets. Tenue en pr\u00e9sence du ministre mauritanien de l\u2019Agriculture et de la souverainet\u00e9.....\" \/>\n<meta property=\"og:url\" content=\"https:\/\/lequotidien.mr\/?p=28827&amp;lang=fr\" \/>\n<meta property=\"og:site_name\" content=\"Le Quotidien de Nouakchott\" \/>\n<meta property=\"article:publisher\" content=\"https:\/\/web.facebook.com\/lequotidienmr\" \/>\n<meta property=\"article:published_time\" content=\"2025-07-01T13:32:07+00:00\" \/>\n<meta property=\"og:image\" content=\"https:\/\/lequotidien.mr\/wp-content\/uploads\/2025\/07\/photo-3eme-forum-RIM-Arabie-Sdite.jpg\" \/>\n\t<meta property=\"og:image:width\" content=\"750\" \/>\n\t<meta property=\"og:image:height\" content=\"430\" \/>\n\t<meta property=\"og:image:type\" content=\"image\/jpeg\" \/>\n<meta name=\"author\" content=\"Med Ahmed\" \/>\n<meta name=\"twitter:card\" content=\"summary_large_image\" \/>\n<meta name=\"twitter:creator\" content=\"@lequotidienmr\" \/>\n<meta name=\"twitter:site\" content=\"@lequotidienmr\" \/>\n<meta name=\"twitter:label1\" content=\"\u0643\u064f\u062a\u0628 \u0628\u0648\u0627\u0633\u0637\u0629\" \/>\n\t<meta name=\"twitter:data1\" content=\"Med Ahmed\" \/>\n\t<meta name=\"twitter:label2\" content=\"\u0648\u0642\u062a \u0627\u0644\u0642\u0631\u0627\u0621\u0629 \u0627\u0644\u0645\u064f\u0642\u062f\u0651\u0631\" \/>\n\t<meta name=\"twitter:data2\" content=\"6 \u062f\u0642\u0627\u0626\u0642\" \/>\n<script type=\"application\/ld+json\" class=\"yoast-schema-graph\">{\"@context\":\"https:\\\/\\\/schema.org\",\"@graph\":[{\"@type\":\"Article\",\"@id\":\"https:\\\/\\\/lequotidien.mr\\\/?p=28827&lang=fr#article\",\"isPartOf\":{\"@id\":\"https:\\\/\\\/lequotidien.mr\\\/?p=28827&lang=fr\"},\"author\":{\"name\":\"Med Ahmed\",\"@id\":\"https:\\\/\\\/lequotidien.mr\\\/#\\\/schema\\\/person\\\/d2d350202a4d599685ed8abc25f97596\"},\"headline\":\"3\u00e8me Forum \u00c9conomique Mauritano-Saoudien : Nouakchott accueille le lancement d&#8217;une nouvelle \u00e9tape ambitieuse pour un partenariat strat\u00e9gique\",\"datePublished\":\"2025-07-01T13:32:07+00:00\",\"mainEntityOfPage\":{\"@id\":\"https:\\\/\\\/lequotidien.mr\\\/?p=28827&lang=fr\"},\"wordCount\":874,\"commentCount\":0,\"publisher\":{\"@id\":\"https:\\\/\\\/lequotidien.mr\\\/#organization\"},\"image\":{\"@id\":\"https:\\\/\\\/lequotidien.mr\\\/?p=28827&lang=fr#primaryimage\"},\"thumbnailUrl\":\"https:\\\/\\\/lequotidien.mr\\\/wp-content\\\/uploads\\\/2025\\\/07\\\/photo-3eme-forum-RIM-Arabie-Sdite.jpg\",\"articleSection\":[\"ACTUALIT\u00c9\",\"Economie\"],\"inLanguage\":\"ar\",\"potentialAction\":[{\"@type\":\"CommentAction\",\"name\":\"Comment\",\"target\":[\"https:\\\/\\\/lequotidien.mr\\\/?p=28827&lang=fr#respond\"]}]},{\"@type\":\"WebPage\",\"@id\":\"https:\\\/\\\/lequotidien.mr\\\/?p=28827&lang=fr\",\"url\":\"https:\\\/\\\/lequotidien.mr\\\/?p=28827&lang=fr\",\"name\":\"3\u00e8me Forum \u00c9conomique Mauritano-Saoudien : Nouakchott accueille le lancement d'une nouvelle \u00e9tape ambitieuse pour un partenariat strat\u00e9gique - Le Quotidien de Nouakchott\",\"isPartOf\":{\"@id\":\"https:\\\/\\\/lequotidien.mr\\\/#website\"},\"primaryImageOfPage\":{\"@id\":\"https:\\\/\\\/lequotidien.mr\\\/?p=28827&lang=fr#primaryimage\"},\"image\":{\"@id\":\"https:\\\/\\\/lequotidien.mr\\\/?p=28827&lang=fr#primaryimage\"},\"thumbnailUrl\":\"https:\\\/\\\/lequotidien.mr\\\/wp-content\\\/uploads\\\/2025\\\/07\\\/photo-3eme-forum-RIM-Arabie-Sdite.jpg\",\"datePublished\":\"2025-07-01T13:32:07+00:00\",\"breadcrumb\":{\"@id\":\"https:\\\/\\\/lequotidien.mr\\\/?p=28827&lang=fr#breadcrumb\"},\"inLanguage\":\"ar\",\"potentialAction\":[{\"@type\":\"ReadAction\",\"target\":[\"https:\\\/\\\/lequotidien.mr\\\/?p=28827&lang=fr\"]}]},{\"@type\":\"ImageObject\",\"inLanguage\":\"ar\",\"@id\":\"https:\\\/\\\/lequotidien.mr\\\/?p=28827&lang=fr#primaryimage\",\"url\":\"https:\\\/\\\/lequotidien.mr\\\/wp-content\\\/uploads\\\/2025\\\/07\\\/photo-3eme-forum-RIM-Arabie-Sdite.jpg\",\"contentUrl\":\"https:\\\/\\\/lequotidien.mr\\\/wp-content\\\/uploads\\\/2025\\\/07\\\/photo-3eme-forum-RIM-Arabie-Sdite.jpg\",\"width\":750,\"height\":430},{\"@type\":\"BreadcrumbList\",\"@id\":\"https:\\\/\\\/lequotidien.mr\\\/?p=28827&lang=fr#breadcrumb\",\"itemListElement\":[{\"@type\":\"ListItem\",\"position\":1,\"name\":\"Home\",\"item\":\"https:\\\/\\\/lequotidien.mr\\\/\"},{\"@type\":\"ListItem\",\"position\":2,\"name\":\"3\u00e8me Forum \u00c9conomique Mauritano-Saoudien : Nouakchott accueille le lancement d&rsquo;une nouvelle \u00e9tape ambitieuse pour un partenariat strat\u00e9gique\"}]},{\"@type\":\"WebSite\",\"@id\":\"https:\\\/\\\/lequotidien.mr\\\/#website\",\"url\":\"https:\\\/\\\/lequotidien.mr\\\/\",\"name\":\"Le Quotidien de Nouakchott\",\"description\":\"\u0625\u062e\u0628\u0627\u0631\u064a\u0629 \u0645\u0633\u062a\u0642\u0644\u0629 \u0644\u0644\u0623\u0646\u0628\u0627\u0621 \u0627\u0644\u0639\u0627\u0645\u0629\",\"publisher\":{\"@id\":\"https:\\\/\\\/lequotidien.mr\\\/#organization\"},\"potentialAction\":[{\"@type\":\"SearchAction\",\"target\":{\"@type\":\"EntryPoint\",\"urlTemplate\":\"https:\\\/\\\/lequotidien.mr\\\/?s={search_term_string}\"},\"query-input\":{\"@type\":\"PropertyValueSpecification\",\"valueRequired\":true,\"valueName\":\"search_term_string\"}}],\"inLanguage\":\"ar\"},{\"@type\":\"Organization\",\"@id\":\"https:\\\/\\\/lequotidien.mr\\\/#organization\",\"name\":\"Le Quotidien de Nouakchott\",\"url\":\"https:\\\/\\\/lequotidien.mr\\\/\",\"logo\":{\"@type\":\"ImageObject\",\"inLanguage\":\"ar\",\"@id\":\"https:\\\/\\\/lequotidien.mr\\\/#\\\/schema\\\/logo\\\/image\\\/\",\"url\":\"https:\\\/\\\/lequotidien.mr\\\/wp-content\\\/uploads\\\/2022\\\/11\\\/logolequotidien.jpg\",\"contentUrl\":\"https:\\\/\\\/lequotidien.mr\\\/wp-content\\\/uploads\\\/2022\\\/11\\\/logolequotidien.jpg\",\"width\":290,\"height\":65,\"caption\":\"Le Quotidien de Nouakchott\"},\"image\":{\"@id\":\"https:\\\/\\\/lequotidien.mr\\\/#\\\/schema\\\/logo\\\/image\\\/\"},\"sameAs\":[\"https:\\\/\\\/web.facebook.com\\\/lequotidienmr\",\"https:\\\/\\\/x.com\\\/lequotidienmr\"]},{\"@type\":\"Person\",\"@id\":\"https:\\\/\\\/lequotidien.mr\\\/#\\\/schema\\\/person\\\/d2d350202a4d599685ed8abc25f97596\",\"name\":\"Med Ahmed\",\"image\":{\"@type\":\"ImageObject\",\"inLanguage\":\"ar\",\"@id\":\"https:\\\/\\\/secure.gravatar.com\\\/avatar\\\/fd2acc62ed50732923d1d39c17172c9b04149f142be92310ecc69e1358f94b52?s=96&d=mm&r=g\",\"url\":\"https:\\\/\\\/secure.gravatar.com\\\/avatar\\\/fd2acc62ed50732923d1d39c17172c9b04149f142be92310ecc69e1358f94b52?s=96&d=mm&r=g\",\"contentUrl\":\"https:\\\/\\\/secure.gravatar.com\\\/avatar\\\/fd2acc62ed50732923d1d39c17172c9b04149f142be92310ecc69e1358f94b52?s=96&d=mm&r=g\",\"caption\":\"Med Ahmed\"},\"url\":\"https:\\\/\\\/lequotidien.mr\\\/?author=12\"}]}<\/script>\n<!-- \/ Yoast SEO plugin. -->","yoast_head_json":{"title":"3\u00e8me Forum \u00c9conomique Mauritano-Saoudien : Nouakchott accueille le lancement d'une nouvelle \u00e9tape ambitieuse pour un partenariat strat\u00e9gique - Le Quotidien de Nouakchott","robots":{"index":"index","follow":"follow","max-snippet":"max-snippet:-1","max-image-preview":"max-image-preview:large","max-video-preview":"max-video-preview:-1"},"canonical":"https:\/\/lequotidien.mr\/?p=28827&lang=fr","og_locale":"ar_AR","og_type":"article","og_title":"3\u00e8me Forum \u00c9conomique Mauritano-Saoudien : Nouakchott accueille le lancement d'une nouvelle \u00e9tape ambitieuse pour un partenariat strat\u00e9gique - Le Quotidien de Nouakchott","og_description":"Les travaux du 3\u00e8me Forum \u00c9conomique Mauritano-Saoudien se sont ouverts, hier matin \u00e0 Nouakchott, marquant une \u00e9tape cruciale visant \u00e0 approfondir le partenariat strat\u00e9gique entre les deux pays fr\u00e8res et \u00e0 transformer les directives de leurs dirigeants en projets d&#8217;investissement et commerciaux concrets. Tenue en pr\u00e9sence du ministre mauritanien de l\u2019Agriculture et de la souverainet\u00e9.....","og_url":"https:\/\/lequotidien.mr\/?p=28827&lang=fr","og_site_name":"Le Quotidien de Nouakchott","article_publisher":"https:\/\/web.facebook.com\/lequotidienmr","article_published_time":"2025-07-01T13:32:07+00:00","og_image":[{"width":750,"height":430,"url":"https:\/\/lequotidien.mr\/wp-content\/uploads\/2025\/07\/photo-3eme-forum-RIM-Arabie-Sdite.jpg","type":"image\/jpeg"}],"author":"Med Ahmed","twitter_card":"summary_large_image","twitter_creator":"@lequotidienmr","twitter_site":"@lequotidienmr","twitter_misc":{"\u0643\u064f\u062a\u0628 \u0628\u0648\u0627\u0633\u0637\u0629":"Med Ahmed","\u0648\u0642\u062a \u0627\u0644\u0642\u0631\u0627\u0621\u0629 \u0627\u0644\u0645\u064f\u0642\u062f\u0651\u0631":"6 \u062f\u0642\u0627\u0626\u0642"},"schema":{"@context":"https:\/\/schema.org","@graph":[{"@type":"Article","@id":"https:\/\/lequotidien.mr\/?p=28827&lang=fr#article","isPartOf":{"@id":"https:\/\/lequotidien.mr\/?p=28827&lang=fr"},"author":{"name":"Med Ahmed","@id":"https:\/\/lequotidien.mr\/#\/schema\/person\/d2d350202a4d599685ed8abc25f97596"},"headline":"3\u00e8me Forum \u00c9conomique Mauritano-Saoudien : Nouakchott accueille le lancement d&#8217;une nouvelle \u00e9tape ambitieuse pour un partenariat strat\u00e9gique","datePublished":"2025-07-01T13:32:07+00:00","mainEntityOfPage":{"@id":"https:\/\/lequotidien.mr\/?p=28827&lang=fr"},"wordCount":874,"commentCount":0,"publisher":{"@id":"https:\/\/lequotidien.mr\/#organization"},"image":{"@id":"https:\/\/lequotidien.mr\/?p=28827&lang=fr#primaryimage"},"thumbnailUrl":"https:\/\/lequotidien.mr\/wp-content\/uploads\/2025\/07\/photo-3eme-forum-RIM-Arabie-Sdite.jpg","articleSection":["ACTUALIT\u00c9","Economie"],"inLanguage":"ar","potentialAction":[{"@type":"CommentAction","name":"Comment","target":["https:\/\/lequotidien.mr\/?p=28827&lang=fr#respond"]}]},{"@type":"WebPage","@id":"https:\/\/lequotidien.mr\/?p=28827&lang=fr","url":"https:\/\/lequotidien.mr\/?p=28827&lang=fr","name":"3\u00e8me Forum \u00c9conomique Mauritano-Saoudien : Nouakchott accueille le lancement d'une nouvelle \u00e9tape ambitieuse pour un partenariat strat\u00e9gique - Le Quotidien de Nouakchott","isPartOf":{"@id":"https:\/\/lequotidien.mr\/#website"},"primaryImageOfPage":{"@id":"https:\/\/lequotidien.mr\/?p=28827&lang=fr#primaryimage"},"image":{"@id":"https:\/\/lequotidien.mr\/?p=28827&lang=fr#primaryimage"},"thumbnailUrl":"https:\/\/lequotidien.mr\/wp-content\/uploads\/2025\/07\/photo-3eme-forum-RIM-Arabie-Sdite.jpg","datePublished":"2025-07-01T13:32:07+00:00","breadcrumb":{"@id":"https:\/\/lequotidien.mr\/?p=28827&lang=fr#breadcrumb"},"inLanguage":"ar","potentialAction":[{"@type":"ReadAction","target":["https:\/\/lequotidien.mr\/?p=28827&lang=fr"]}]},{"@type":"ImageObject","inLanguage":"ar","@id":"https:\/\/lequotidien.mr\/?p=28827&lang=fr#primaryimage","url":"https:\/\/lequotidien.mr\/wp-content\/uploads\/2025\/07\/photo-3eme-forum-RIM-Arabie-Sdite.jpg","contentUrl":"https:\/\/lequotidien.mr\/wp-content\/uploads\/2025\/07\/photo-3eme-forum-RIM-Arabie-Sdite.jpg","width":750,"height":430},{"@type":"BreadcrumbList","@id":"https:\/\/lequotidien.mr\/?p=28827&lang=fr#breadcrumb","itemListElement":[{"@type":"ListItem","position":1,"name":"Home","item":"https:\/\/lequotidien.mr\/"},{"@type":"ListItem","position":2,"name":"3\u00e8me Forum \u00c9conomique Mauritano-Saoudien : Nouakchott accueille le lancement d&rsquo;une nouvelle \u00e9tape ambitieuse pour un partenariat strat\u00e9gique"}]},{"@type":"WebSite","@id":"https:\/\/lequotidien.mr\/#website","url":"https:\/\/lequotidien.mr\/","name":"Le Quotidien de Nouakchott","description":"\u0625\u062e\u0628\u0627\u0631\u064a\u0629 \u0645\u0633\u062a\u0642\u0644\u0629 \u0644\u0644\u0623\u0646\u0628\u0627\u0621 \u0627\u0644\u0639\u0627\u0645\u0629","publisher":{"@id":"https:\/\/lequotidien.mr\/#organization"},"potentialAction":[{"@type":"SearchAction","target":{"@type":"EntryPoint","urlTemplate":"https:\/\/lequotidien.mr\/?s={search_term_string}"},"query-input":{"@type":"PropertyValueSpecification","valueRequired":true,"valueName":"search_term_string"}}],"inLanguage":"ar"},{"@type":"Organization","@id":"https:\/\/lequotidien.mr\/#organization","name":"Le Quotidien de Nouakchott","url":"https:\/\/lequotidien.mr\/","logo":{"@type":"ImageObject","inLanguage":"ar","@id":"https:\/\/lequotidien.mr\/#\/schema\/logo\/image\/","url":"https:\/\/lequotidien.mr\/wp-content\/uploads\/2022\/11\/logolequotidien.jpg","contentUrl":"https:\/\/lequotidien.mr\/wp-content\/uploads\/2022\/11\/logolequotidien.jpg","width":290,"height":65,"caption":"Le Quotidien de Nouakchott"},"image":{"@id":"https:\/\/lequotidien.mr\/#\/schema\/logo\/image\/"},"sameAs":["https:\/\/web.facebook.com\/lequotidienmr","https:\/\/x.com\/lequotidienmr"]},{"@type":"Person","@id":"https:\/\/lequotidien.mr\/#\/schema\/person\/d2d350202a4d599685ed8abc25f97596","name":"Med Ahmed","image":{"@type":"ImageObject","inLanguage":"ar","@id":"https:\/\/secure.gravatar.com\/avatar\/fd2acc62ed50732923d1d39c17172c9b04149f142be92310ecc69e1358f94b52?s=96&d=mm&r=g","url":"https:\/\/secure.gravatar.com\/avatar\/fd2acc62ed50732923d1d39c17172c9b04149f142be92310ecc69e1358f94b52?s=96&d=mm&r=g","contentUrl":"https:\/\/secure.gravatar.com\/avatar\/fd2acc62ed50732923d1d39c17172c9b04149f142be92310ecc69e1358f94b52?s=96&d=mm&r=g","caption":"Med Ahmed"},"url":"https:\/\/lequotidien.mr\/?author=12"}]}},"_links":{"self":[{"href":"https:\/\/lequotidien.mr\/index.php?rest_route=\/wp\/v2\/posts\/28827","targetHints":{"allow":["GET"]}}],"collection":[{"href":"https:\/\/lequotidien.mr\/index.php?rest_route=\/wp\/v2\/posts"}],"about":[{"href":"https:\/\/lequotidien.mr\/index.php?rest_route=\/wp\/v2\/types\/post"}],"author":[{"embeddable":true,"href":"https:\/\/lequotidien.mr\/index.php?rest_route=\/wp\/v2\/users\/12"}],"replies":[{"embeddable":true,"href":"https:\/\/lequotidien.mr\/index.php?rest_route=%2Fwp%2Fv2%2Fcomments&post=28827"}],"version-history":[{"count":1,"href":"https:\/\/lequotidien.mr\/index.php?rest_route=\/wp\/v2\/posts\/28827\/revisions"}],"predecessor-version":[{"id":28829,"href":"https:\/\/lequotidien.mr\/index.php?rest_route=\/wp\/v2\/posts\/28827\/revisions\/28829"}],"wp:featuredmedia":[{"embeddable":true,"href":"https:\/\/lequotidien.mr\/index.php?rest_route=\/wp\/v2\/media\/28828"}],"wp:attachment":[{"href":"https:\/\/lequotidien.mr\/index.php?rest_route=%2Fwp%2Fv2%2Fmedia&parent=28827"}],"wp:term":[{"taxonomy":"category","embeddable":true,"href":"https:\/\/lequotidien.mr\/index.php?rest_route=%2Fwp%2Fv2%2Fcategories&post=28827"},{"taxonomy":"post_tag","embeddable":true,"href":"https:\/\/lequotidien.mr\/index.php?rest_route=%2Fwp%2Fv2%2Ftags&post=28827"}],"curies":[{"name":"wp","href":"https:\/\/api.w.org\/{rel}","templated":true}]}}