{"id":28812,"date":"2025-07-01T12:39:00","date_gmt":"2025-07-01T12:39:00","guid":{"rendered":"https:\/\/lequotidien.mr\/?p=28812"},"modified":"2025-07-01T12:39:00","modified_gmt":"2025-07-01T12:39:00","slug":"communique-de-presse-tasiast-accueille-une-delegation-de-la-wilaya-de-linchiri-pour-une-visite-du-site","status":"publish","type":"post","link":"https:\/\/lequotidien.mr\/?p=28812&lang=fr","title":{"rendered":"COMMUNIQU\u00c9 DE PRESSE  \u00a0  Tasiast accueille une d\u00e9l\u00e9gation de la Wilaya de l\u2019Inchiri pour une visite du site"},"content":{"rendered":"<p><em>Inchiri, Mauritanie \u2013 30 juin 2025 \u2013 <strong>Tasiast a eu l\u2019honneur d\u2019accueillir le Wali de l\u2019Inchiri, <\/strong><strong>les \u00e9lus de l\u2019Inchiri et les cadres r\u00e9gionaux et s\u00e9curitaires de la r\u00e9gion<\/strong><\/em><strong><em> pour une visite strat\u00e9gique de deux jours sur le site minier, les 29 et 30 juin 2025. La d\u00e9l\u00e9gation comprenait notamment le Wali de l\u2019Inchiri, le Pr\u00e9sident du Conseil R\u00e9gional de l\u2019Inchiri, le Hakem de Benichab, le D\u00e9put\u00e9 de Benichab, le Maire de Benichab, les Responsables de la Garde Nationale et de la Gendarmerie Nationale, ainsi que d\u2019autres \u00e9minents responsables locaux et r\u00e9gionaux. Cette visite de haut niveau t\u00e9moigne de l\u2019engagement commun entre Tasiast et les institutions publiques en faveur du d\u00e9veloppement r\u00e9gional et de la collaboration.<\/em><\/strong><\/p>\n<p><strong><em>\u00a0<\/em><\/strong><\/p>\n<p>Cette visite a constitu\u00e9 une occasion pr\u00e9cieuse de renforcer les liens avec les autorit\u00e9s r\u00e9gionales et de mettre en lumi\u00e8re l\u2019engagement constant de Tasiast en faveur du d\u00e9veloppement local, de la durabilit\u00e9 et des pratiques mini\u00e8res responsables.<\/p>\n<p>&nbsp;<\/p>\n<p>La d\u00e9l\u00e9gation a \u00e9t\u00e9 accueillie par la Direction G\u00e9n\u00e9rale de Tasiast, le Vice-Pr\u00e9sident des Relations Ext\u00e9rieures, la Directrice des Relations Communautaires ainsi que d\u2019autres membres de la direction. Le programme comprenait une visite des installations du camp, de la fosse de West Branch et de l\u2019usine de traitement, mettant en valeur l\u2019envergure des op\u00e9rations et les normes de s\u00e9curit\u00e9 en vigueur \u00e0 la mine. Une pr\u00e9sentation compl\u00e8te a \u00e9galement \u00e9t\u00e9 faite sur les initiatives d\u2019investissement communautaire, les efforts en mati\u00e8re d\u2019environnement, le d\u00e9veloppement du contenu local et les programmes de bien-\u00eatre du personnel.<\/p>\n<p>&nbsp;<\/p>\n<p>Lors de la visite, la direction de Tasiast a r\u00e9affirm\u00e9 l\u2019engagement de l\u2019entreprise envers le partenariat et les progr\u00e8s partag\u00e9s avec la r\u00e9gion de l\u2019Inchiri \u2014 en particulier \u00e0 travers les projets du <strong>Fonds Tasiast<\/strong> \u2014 en soulignant la transparence, l\u2019implication locale et les retomb\u00e9es durables.<\/p>\n<p>&nbsp;<\/p>\n<p>Cette visite illustre notre volont\u00e9 constante de maintenir un dialogue ouvert avec les parties prenantes et de promouvoir des efforts collaboratifs en faveur d\u2019un d\u00e9veloppement durable, tant r\u00e9gional que national.<\/p>\n<p>&nbsp;<\/p>\n<p><img loading=\"lazy\" decoding=\"async\" class=\"alignnone size-medium wp-image-28814\" src=\"https:\/\/lequotidien.mr\/wp-content\/uploads\/2025\/07\/Image-8-300x200.jpeg\" alt=\"\" width=\"300\" height=\"200\" srcset=\"https:\/\/lequotidien.mr\/wp-content\/uploads\/2025\/07\/Image-8-300x200.jpeg 300w, https:\/\/lequotidien.mr\/wp-content\/uploads\/2025\/07\/Image-8-1024x682.jpeg 1024w, https:\/\/lequotidien.mr\/wp-content\/uploads\/2025\/07\/Image-8-768x512.jpeg 768w, https:\/\/lequotidien.mr\/wp-content\/uploads\/2025\/07\/Image-8-1536x1024.jpeg 1536w, https:\/\/lequotidien.mr\/wp-content\/uploads\/2025\/07\/Image-8-237x159.jpeg 237w, https:\/\/lequotidien.mr\/wp-content\/uploads\/2025\/07\/Image-8.jpeg 2000w\" sizes=\"auto, (max-width: 300px) 100vw, 300px\" \/><img loading=\"lazy\" decoding=\"async\" class=\"alignnone size-medium wp-image-28815\" src=\"https:\/\/lequotidien.mr\/wp-content\/uploads\/2025\/07\/Image-7-300x200.jpeg\" alt=\"\" width=\"300\" height=\"200\" srcset=\"https:\/\/lequotidien.mr\/wp-content\/uploads\/2025\/07\/Image-7-300x200.jpeg 300w, https:\/\/lequotidien.mr\/wp-content\/uploads\/2025\/07\/Image-7-1024x682.jpeg 1024w, https:\/\/lequotidien.mr\/wp-content\/uploads\/2025\/07\/Image-7-768x512.jpeg 768w, https:\/\/lequotidien.mr\/wp-content\/uploads\/2025\/07\/Image-7-1536x1024.jpeg 1536w, https:\/\/lequotidien.mr\/wp-content\/uploads\/2025\/07\/Image-7-237x159.jpeg 237w, https:\/\/lequotidien.mr\/wp-content\/uploads\/2025\/07\/Image-7.jpeg 2000w\" sizes=\"auto, (max-width: 300px) 100vw, 300px\" \/><img loading=\"lazy\" decoding=\"async\" class=\"alignnone size-medium wp-image-28816\" src=\"https:\/\/lequotidien.mr\/wp-content\/uploads\/2025\/07\/Image-6-300x200.jpeg\" alt=\"\" width=\"300\" height=\"200\" srcset=\"https:\/\/lequotidien.mr\/wp-content\/uploads\/2025\/07\/Image-6-300x200.jpeg 300w, https:\/\/lequotidien.mr\/wp-content\/uploads\/2025\/07\/Image-6-1024x682.jpeg 1024w, https:\/\/lequotidien.mr\/wp-content\/uploads\/2025\/07\/Image-6-768x512.jpeg 768w, https:\/\/lequotidien.mr\/wp-content\/uploads\/2025\/07\/Image-6-1536x1024.jpeg 1536w, https:\/\/lequotidien.mr\/wp-content\/uploads\/2025\/07\/Image-6-237x159.jpeg 237w, https:\/\/lequotidien.mr\/wp-content\/uploads\/2025\/07\/Image-6.jpeg 2000w\" sizes=\"auto, (max-width: 300px) 100vw, 300px\" \/><img loading=\"lazy\" decoding=\"async\" class=\"alignnone size-medium wp-image-28818\" src=\"https:\/\/lequotidien.mr\/wp-content\/uploads\/2025\/07\/Image-5-300x200.jpeg\" alt=\"\" width=\"300\" height=\"200\" srcset=\"https:\/\/lequotidien.mr\/wp-content\/uploads\/2025\/07\/Image-5-300x200.jpeg 300w, https:\/\/lequotidien.mr\/wp-content\/uploads\/2025\/07\/Image-5-1024x682.jpeg 1024w, https:\/\/lequotidien.mr\/wp-content\/uploads\/2025\/07\/Image-5-768x512.jpeg 768w, https:\/\/lequotidien.mr\/wp-content\/uploads\/2025\/07\/Image-5-1536x1024.jpeg 1536w, https:\/\/lequotidien.mr\/wp-content\/uploads\/2025\/07\/Image-5-237x159.jpeg 237w, https:\/\/lequotidien.mr\/wp-content\/uploads\/2025\/07\/Image-5.jpeg 2000w\" sizes=\"auto, (max-width: 300px) 100vw, 300px\" \/><img loading=\"lazy\" decoding=\"async\" class=\"alignnone size-medium wp-image-28819\" src=\"https:\/\/lequotidien.mr\/wp-content\/uploads\/2025\/07\/Image-4-300x200.jpeg\" alt=\"\" width=\"300\" height=\"200\" srcset=\"https:\/\/lequotidien.mr\/wp-content\/uploads\/2025\/07\/Image-4-300x200.jpeg 300w, https:\/\/lequotidien.mr\/wp-content\/uploads\/2025\/07\/Image-4-1024x682.jpeg 1024w, https:\/\/lequotidien.mr\/wp-content\/uploads\/2025\/07\/Image-4-768x512.jpeg 768w, https:\/\/lequotidien.mr\/wp-content\/uploads\/2025\/07\/Image-4-1536x1024.jpeg 1536w, https:\/\/lequotidien.mr\/wp-content\/uploads\/2025\/07\/Image-4-237x159.jpeg 237w, https:\/\/lequotidien.mr\/wp-content\/uploads\/2025\/07\/Image-4.jpeg 2000w\" sizes=\"auto, (max-width: 300px) 100vw, 300px\" \/><img loading=\"lazy\" decoding=\"async\" class=\"alignnone size-medium wp-image-28820\" src=\"https:\/\/lequotidien.mr\/wp-content\/uploads\/2025\/07\/Image-2-300x200.jpeg\" alt=\"\" width=\"300\" height=\"200\" srcset=\"https:\/\/lequotidien.mr\/wp-content\/uploads\/2025\/07\/Image-2-300x200.jpeg 300w, https:\/\/lequotidien.mr\/wp-content\/uploads\/2025\/07\/Image-2-1024x682.jpeg 1024w, https:\/\/lequotidien.mr\/wp-content\/uploads\/2025\/07\/Image-2-768x512.jpeg 768w, https:\/\/lequotidien.mr\/wp-content\/uploads\/2025\/07\/Image-2-1536x1024.jpeg 1536w, https:\/\/lequotidien.mr\/wp-content\/uploads\/2025\/07\/Image-2-237x159.jpeg 237w, https:\/\/lequotidien.mr\/wp-content\/uploads\/2025\/07\/Image-2.jpeg 2000w\" sizes=\"auto, (max-width: 300px) 100vw, 300px\" \/><\/p>\n<p><strong>FIN<\/strong><\/p>\n<p><strong>\u00a0<\/strong><\/p>\n<p><strong>Contact\u202f<\/strong>: <a href=\"mailto:Tasiast_Communications@kinross.com\">Tasiast_Communications@kinross.com<\/a><\/p>\n","protected":false},"excerpt":{"rendered":"<p>Inchiri, Mauritanie \u2013 30 juin 2025 \u2013 Tasiast a eu l\u2019honneur d\u2019accueillir le Wali de l\u2019Inchiri, les \u00e9lus de l\u2019Inchiri et les cadres r\u00e9gionaux et s\u00e9curitaires de la r\u00e9gion pour une visite strat\u00e9gique de deux jours sur le site minier, les 29 et 30 juin 2025. La d\u00e9l\u00e9gation comprenait notamment le Wali de l\u2019Inchiri, le&#8230;..<\/p>\n","protected":false},"author":4,"featured_media":28813,"comment_status":"open","ping_status":"open","sticky":false,"template":"","format":"standard","meta":{"footnotes":""},"categories":[23,57],"tags":[],"class_list":["post-28812","post","type-post","status-publish","format-standard","has-post-thumbnail","hentry","category-actualite","category-couverture-specilale"],"yoast_head":"<!-- This site is optimized with the Yoast SEO plugin v27.5 - https:\/\/yoast.com\/product\/yoast-seo-wordpress\/ -->\n<title>COMMUNIQU\u00c9 DE PRESSE \u00a0 Tasiast accueille une d\u00e9l\u00e9gation de la Wilaya de l\u2019Inchiri pour une visite du site - Le Quotidien de Nouakchott<\/title>\n<meta name=\"robots\" content=\"index, follow, max-snippet:-1, max-image-preview:large, max-video-preview:-1\" \/>\n<link rel=\"canonical\" href=\"https:\/\/lequotidien.mr\/?p=28812&lang=fr\" \/>\n<meta property=\"og:locale\" content=\"ar_AR\" \/>\n<meta property=\"og:type\" content=\"article\" \/>\n<meta property=\"og:title\" content=\"COMMUNIQU\u00c9 DE PRESSE \u00a0 Tasiast accueille une d\u00e9l\u00e9gation de la Wilaya de l\u2019Inchiri pour une visite du site - Le Quotidien de Nouakchott\" \/>\n<meta property=\"og:description\" content=\"Inchiri, Mauritanie \u2013 30 juin 2025 \u2013 Tasiast a eu l\u2019honneur d\u2019accueillir le Wali de l\u2019Inchiri, les \u00e9lus de l\u2019Inchiri et les cadres r\u00e9gionaux et s\u00e9curitaires de la r\u00e9gion pour une visite strat\u00e9gique de deux jours sur le site minier, les 29 et 30 juin 2025. La d\u00e9l\u00e9gation comprenait notamment le Wali de l\u2019Inchiri, le.....\" \/>\n<meta property=\"og:url\" content=\"https:\/\/lequotidien.mr\/?p=28812&amp;lang=fr\" \/>\n<meta property=\"og:site_name\" content=\"Le Quotidien de Nouakchott\" \/>\n<meta property=\"article:publisher\" content=\"https:\/\/web.facebook.com\/lequotidienmr\" \/>\n<meta property=\"article:published_time\" content=\"2025-07-01T12:39:00+00:00\" \/>\n<meta property=\"og:image\" content=\"https:\/\/lequotidien.mr\/wp-content\/uploads\/2025\/07\/Image-3.jpeg\" \/>\n\t<meta property=\"og:image:width\" content=\"2000\" \/>\n\t<meta property=\"og:image:height\" content=\"1333\" \/>\n\t<meta property=\"og:image:type\" content=\"image\/jpeg\" \/>\n<meta name=\"author\" content=\"Le Quotidien\" \/>\n<meta name=\"twitter:card\" content=\"summary_large_image\" \/>\n<meta name=\"twitter:creator\" content=\"@lequotidienmr\" \/>\n<meta name=\"twitter:site\" content=\"@lequotidienmr\" \/>\n<meta name=\"twitter:label1\" content=\"\u0643\u064f\u062a\u0628 \u0628\u0648\u0627\u0633\u0637\u0629\" \/>\n\t<meta name=\"twitter:data1\" content=\"Le Quotidien\" \/>\n\t<meta name=\"twitter:label2\" content=\"\u0648\u0642\u062a \u0627\u0644\u0642\u0631\u0627\u0621\u0629 \u0627\u0644\u0645\u064f\u0642\u062f\u0651\u0631\" \/>\n\t<meta name=\"twitter:data2\" content=\"4 \u062f\u0642\u0627\u0626\u0642\" \/>\n<script type=\"application\/ld+json\" class=\"yoast-schema-graph\">{\"@context\":\"https:\\\/\\\/schema.org\",\"@graph\":[{\"@type\":\"Article\",\"@id\":\"https:\\\/\\\/lequotidien.mr\\\/?p=28812&lang=fr#article\",\"isPartOf\":{\"@id\":\"https:\\\/\\\/lequotidien.mr\\\/?p=28812&lang=fr\"},\"author\":{\"name\":\"Le Quotidien\",\"@id\":\"https:\\\/\\\/lequotidien.mr\\\/#\\\/schema\\\/person\\\/f90fcdaa970c60288de4ed2e64a56472\"},\"headline\":\"COMMUNIQU\u00c9 DE PRESSE \u00a0 Tasiast accueille une d\u00e9l\u00e9gation de la Wilaya de l\u2019Inchiri pour une visite du site\",\"datePublished\":\"2025-07-01T12:39:00+00:00\",\"mainEntityOfPage\":{\"@id\":\"https:\\\/\\\/lequotidien.mr\\\/?p=28812&lang=fr\"},\"wordCount\":399,\"commentCount\":0,\"publisher\":{\"@id\":\"https:\\\/\\\/lequotidien.mr\\\/#organization\"},\"image\":{\"@id\":\"https:\\\/\\\/lequotidien.mr\\\/?p=28812&lang=fr#primaryimage\"},\"thumbnailUrl\":\"https:\\\/\\\/lequotidien.mr\\\/wp-content\\\/uploads\\\/2025\\\/07\\\/Image-3.jpeg\",\"articleSection\":[\"ACTUALIT\u00c9\",\"Couverture sp\u00e9cilale\"],\"inLanguage\":\"ar\",\"potentialAction\":[{\"@type\":\"CommentAction\",\"name\":\"Comment\",\"target\":[\"https:\\\/\\\/lequotidien.mr\\\/?p=28812&lang=fr#respond\"]}]},{\"@type\":\"WebPage\",\"@id\":\"https:\\\/\\\/lequotidien.mr\\\/?p=28812&lang=fr\",\"url\":\"https:\\\/\\\/lequotidien.mr\\\/?p=28812&lang=fr\",\"name\":\"COMMUNIQU\u00c9 DE PRESSE \u00a0 Tasiast accueille une d\u00e9l\u00e9gation de la Wilaya de l\u2019Inchiri pour une visite du site - Le Quotidien de Nouakchott\",\"isPartOf\":{\"@id\":\"https:\\\/\\\/lequotidien.mr\\\/#website\"},\"primaryImageOfPage\":{\"@id\":\"https:\\\/\\\/lequotidien.mr\\\/?p=28812&lang=fr#primaryimage\"},\"image\":{\"@id\":\"https:\\\/\\\/lequotidien.mr\\\/?p=28812&lang=fr#primaryimage\"},\"thumbnailUrl\":\"https:\\\/\\\/lequotidien.mr\\\/wp-content\\\/uploads\\\/2025\\\/07\\\/Image-3.jpeg\",\"datePublished\":\"2025-07-01T12:39:00+00:00\",\"breadcrumb\":{\"@id\":\"https:\\\/\\\/lequotidien.mr\\\/?p=28812&lang=fr#breadcrumb\"},\"inLanguage\":\"ar\",\"potentialAction\":[{\"@type\":\"ReadAction\",\"target\":[\"https:\\\/\\\/lequotidien.mr\\\/?p=28812&lang=fr\"]}]},{\"@type\":\"ImageObject\",\"inLanguage\":\"ar\",\"@id\":\"https:\\\/\\\/lequotidien.mr\\\/?p=28812&lang=fr#primaryimage\",\"url\":\"https:\\\/\\\/lequotidien.mr\\\/wp-content\\\/uploads\\\/2025\\\/07\\\/Image-3.jpeg\",\"contentUrl\":\"https:\\\/\\\/lequotidien.mr\\\/wp-content\\\/uploads\\\/2025\\\/07\\\/Image-3.jpeg\",\"width\":2000,\"height\":1333},{\"@type\":\"BreadcrumbList\",\"@id\":\"https:\\\/\\\/lequotidien.mr\\\/?p=28812&lang=fr#breadcrumb\",\"itemListElement\":[{\"@type\":\"ListItem\",\"position\":1,\"name\":\"Home\",\"item\":\"https:\\\/\\\/lequotidien.mr\\\/\"},{\"@type\":\"ListItem\",\"position\":2,\"name\":\"COMMUNIQU\u00c9 DE PRESSE \u00a0 Tasiast accueille une d\u00e9l\u00e9gation de la Wilaya de l\u2019Inchiri pour une visite du site\"}]},{\"@type\":\"WebSite\",\"@id\":\"https:\\\/\\\/lequotidien.mr\\\/#website\",\"url\":\"https:\\\/\\\/lequotidien.mr\\\/\",\"name\":\"Le Quotidien de Nouakchott\",\"description\":\"\u0625\u062e\u0628\u0627\u0631\u064a\u0629 \u0645\u0633\u062a\u0642\u0644\u0629 \u0644\u0644\u0623\u0646\u0628\u0627\u0621 \u0627\u0644\u0639\u0627\u0645\u0629\",\"publisher\":{\"@id\":\"https:\\\/\\\/lequotidien.mr\\\/#organization\"},\"potentialAction\":[{\"@type\":\"SearchAction\",\"target\":{\"@type\":\"EntryPoint\",\"urlTemplate\":\"https:\\\/\\\/lequotidien.mr\\\/?s={search_term_string}\"},\"query-input\":{\"@type\":\"PropertyValueSpecification\",\"valueRequired\":true,\"valueName\":\"search_term_string\"}}],\"inLanguage\":\"ar\"},{\"@type\":\"Organization\",\"@id\":\"https:\\\/\\\/lequotidien.mr\\\/#organization\",\"name\":\"Le Quotidien de Nouakchott\",\"url\":\"https:\\\/\\\/lequotidien.mr\\\/\",\"logo\":{\"@type\":\"ImageObject\",\"inLanguage\":\"ar\",\"@id\":\"https:\\\/\\\/lequotidien.mr\\\/#\\\/schema\\\/logo\\\/image\\\/\",\"url\":\"https:\\\/\\\/lequotidien.mr\\\/wp-content\\\/uploads\\\/2022\\\/11\\\/logolequotidien.jpg\",\"contentUrl\":\"https:\\\/\\\/lequotidien.mr\\\/wp-content\\\/uploads\\\/2022\\\/11\\\/logolequotidien.jpg\",\"width\":290,\"height\":65,\"caption\":\"Le Quotidien de Nouakchott\"},\"image\":{\"@id\":\"https:\\\/\\\/lequotidien.mr\\\/#\\\/schema\\\/logo\\\/image\\\/\"},\"sameAs\":[\"https:\\\/\\\/web.facebook.com\\\/lequotidienmr\",\"https:\\\/\\\/x.com\\\/lequotidienmr\"]},{\"@type\":\"Person\",\"@id\":\"https:\\\/\\\/lequotidien.mr\\\/#\\\/schema\\\/person\\\/f90fcdaa970c60288de4ed2e64a56472\",\"name\":\"Le Quotidien\",\"image\":{\"@type\":\"ImageObject\",\"inLanguage\":\"ar\",\"@id\":\"https:\\\/\\\/secure.gravatar.com\\\/avatar\\\/374cb39a1a458a912465a93e5a3ce6546886fc3da809a1f10c63e4e8fcbca30f?s=96&d=mm&r=g\",\"url\":\"https:\\\/\\\/secure.gravatar.com\\\/avatar\\\/374cb39a1a458a912465a93e5a3ce6546886fc3da809a1f10c63e4e8fcbca30f?s=96&d=mm&r=g\",\"contentUrl\":\"https:\\\/\\\/secure.gravatar.com\\\/avatar\\\/374cb39a1a458a912465a93e5a3ce6546886fc3da809a1f10c63e4e8fcbca30f?s=96&d=mm&r=g\",\"caption\":\"Le Quotidien\"},\"sameAs\":[\"https:\\\/\\\/lequotidien.mr\\\/\"],\"url\":\"https:\\\/\\\/lequotidien.mr\\\/?author=4\"}]}<\/script>\n<!-- \/ Yoast SEO plugin. -->","yoast_head_json":{"title":"COMMUNIQU\u00c9 DE PRESSE \u00a0 Tasiast accueille une d\u00e9l\u00e9gation de la Wilaya de l\u2019Inchiri pour une visite du site - Le Quotidien de Nouakchott","robots":{"index":"index","follow":"follow","max-snippet":"max-snippet:-1","max-image-preview":"max-image-preview:large","max-video-preview":"max-video-preview:-1"},"canonical":"https:\/\/lequotidien.mr\/?p=28812&lang=fr","og_locale":"ar_AR","og_type":"article","og_title":"COMMUNIQU\u00c9 DE PRESSE \u00a0 Tasiast accueille une d\u00e9l\u00e9gation de la Wilaya de l\u2019Inchiri pour une visite du site - Le Quotidien de Nouakchott","og_description":"Inchiri, Mauritanie \u2013 30 juin 2025 \u2013 Tasiast a eu l\u2019honneur d\u2019accueillir le Wali de l\u2019Inchiri, les \u00e9lus de l\u2019Inchiri et les cadres r\u00e9gionaux et s\u00e9curitaires de la r\u00e9gion pour une visite strat\u00e9gique de deux jours sur le site minier, les 29 et 30 juin 2025. La d\u00e9l\u00e9gation comprenait notamment le Wali de l\u2019Inchiri, le.....","og_url":"https:\/\/lequotidien.mr\/?p=28812&lang=fr","og_site_name":"Le Quotidien de Nouakchott","article_publisher":"https:\/\/web.facebook.com\/lequotidienmr","article_published_time":"2025-07-01T12:39:00+00:00","og_image":[{"width":2000,"height":1333,"url":"https:\/\/lequotidien.mr\/wp-content\/uploads\/2025\/07\/Image-3.jpeg","type":"image\/jpeg"}],"author":"Le Quotidien","twitter_card":"summary_large_image","twitter_creator":"@lequotidienmr","twitter_site":"@lequotidienmr","twitter_misc":{"\u0643\u064f\u062a\u0628 \u0628\u0648\u0627\u0633\u0637\u0629":"Le Quotidien","\u0648\u0642\u062a \u0627\u0644\u0642\u0631\u0627\u0621\u0629 \u0627\u0644\u0645\u064f\u0642\u062f\u0651\u0631":"4 \u062f\u0642\u0627\u0626\u0642"},"schema":{"@context":"https:\/\/schema.org","@graph":[{"@type":"Article","@id":"https:\/\/lequotidien.mr\/?p=28812&lang=fr#article","isPartOf":{"@id":"https:\/\/lequotidien.mr\/?p=28812&lang=fr"},"author":{"name":"Le Quotidien","@id":"https:\/\/lequotidien.mr\/#\/schema\/person\/f90fcdaa970c60288de4ed2e64a56472"},"headline":"COMMUNIQU\u00c9 DE PRESSE \u00a0 Tasiast accueille une d\u00e9l\u00e9gation de la Wilaya de l\u2019Inchiri pour une visite du site","datePublished":"2025-07-01T12:39:00+00:00","mainEntityOfPage":{"@id":"https:\/\/lequotidien.mr\/?p=28812&lang=fr"},"wordCount":399,"commentCount":0,"publisher":{"@id":"https:\/\/lequotidien.mr\/#organization"},"image":{"@id":"https:\/\/lequotidien.mr\/?p=28812&lang=fr#primaryimage"},"thumbnailUrl":"https:\/\/lequotidien.mr\/wp-content\/uploads\/2025\/07\/Image-3.jpeg","articleSection":["ACTUALIT\u00c9","Couverture sp\u00e9cilale"],"inLanguage":"ar","potentialAction":[{"@type":"CommentAction","name":"Comment","target":["https:\/\/lequotidien.mr\/?p=28812&lang=fr#respond"]}]},{"@type":"WebPage","@id":"https:\/\/lequotidien.mr\/?p=28812&lang=fr","url":"https:\/\/lequotidien.mr\/?p=28812&lang=fr","name":"COMMUNIQU\u00c9 DE PRESSE \u00a0 Tasiast accueille une d\u00e9l\u00e9gation de la Wilaya de l\u2019Inchiri pour une visite du site - Le Quotidien de Nouakchott","isPartOf":{"@id":"https:\/\/lequotidien.mr\/#website"},"primaryImageOfPage":{"@id":"https:\/\/lequotidien.mr\/?p=28812&lang=fr#primaryimage"},"image":{"@id":"https:\/\/lequotidien.mr\/?p=28812&lang=fr#primaryimage"},"thumbnailUrl":"https:\/\/lequotidien.mr\/wp-content\/uploads\/2025\/07\/Image-3.jpeg","datePublished":"2025-07-01T12:39:00+00:00","breadcrumb":{"@id":"https:\/\/lequotidien.mr\/?p=28812&lang=fr#breadcrumb"},"inLanguage":"ar","potentialAction":[{"@type":"ReadAction","target":["https:\/\/lequotidien.mr\/?p=28812&lang=fr"]}]},{"@type":"ImageObject","inLanguage":"ar","@id":"https:\/\/lequotidien.mr\/?p=28812&lang=fr#primaryimage","url":"https:\/\/lequotidien.mr\/wp-content\/uploads\/2025\/07\/Image-3.jpeg","contentUrl":"https:\/\/lequotidien.mr\/wp-content\/uploads\/2025\/07\/Image-3.jpeg","width":2000,"height":1333},{"@type":"BreadcrumbList","@id":"https:\/\/lequotidien.mr\/?p=28812&lang=fr#breadcrumb","itemListElement":[{"@type":"ListItem","position":1,"name":"Home","item":"https:\/\/lequotidien.mr\/"},{"@type":"ListItem","position":2,"name":"COMMUNIQU\u00c9 DE PRESSE \u00a0 Tasiast accueille une d\u00e9l\u00e9gation de la Wilaya de l\u2019Inchiri pour une visite du site"}]},{"@type":"WebSite","@id":"https:\/\/lequotidien.mr\/#website","url":"https:\/\/lequotidien.mr\/","name":"Le Quotidien de Nouakchott","description":"\u0625\u062e\u0628\u0627\u0631\u064a\u0629 \u0645\u0633\u062a\u0642\u0644\u0629 \u0644\u0644\u0623\u0646\u0628\u0627\u0621 \u0627\u0644\u0639\u0627\u0645\u0629","publisher":{"@id":"https:\/\/lequotidien.mr\/#organization"},"potentialAction":[{"@type":"SearchAction","target":{"@type":"EntryPoint","urlTemplate":"https:\/\/lequotidien.mr\/?s={search_term_string}"},"query-input":{"@type":"PropertyValueSpecification","valueRequired":true,"valueName":"search_term_string"}}],"inLanguage":"ar"},{"@type":"Organization","@id":"https:\/\/lequotidien.mr\/#organization","name":"Le Quotidien de Nouakchott","url":"https:\/\/lequotidien.mr\/","logo":{"@type":"ImageObject","inLanguage":"ar","@id":"https:\/\/lequotidien.mr\/#\/schema\/logo\/image\/","url":"https:\/\/lequotidien.mr\/wp-content\/uploads\/2022\/11\/logolequotidien.jpg","contentUrl":"https:\/\/lequotidien.mr\/wp-content\/uploads\/2022\/11\/logolequotidien.jpg","width":290,"height":65,"caption":"Le Quotidien de Nouakchott"},"image":{"@id":"https:\/\/lequotidien.mr\/#\/schema\/logo\/image\/"},"sameAs":["https:\/\/web.facebook.com\/lequotidienmr","https:\/\/x.com\/lequotidienmr"]},{"@type":"Person","@id":"https:\/\/lequotidien.mr\/#\/schema\/person\/f90fcdaa970c60288de4ed2e64a56472","name":"Le Quotidien","image":{"@type":"ImageObject","inLanguage":"ar","@id":"https:\/\/secure.gravatar.com\/avatar\/374cb39a1a458a912465a93e5a3ce6546886fc3da809a1f10c63e4e8fcbca30f?s=96&d=mm&r=g","url":"https:\/\/secure.gravatar.com\/avatar\/374cb39a1a458a912465a93e5a3ce6546886fc3da809a1f10c63e4e8fcbca30f?s=96&d=mm&r=g","contentUrl":"https:\/\/secure.gravatar.com\/avatar\/374cb39a1a458a912465a93e5a3ce6546886fc3da809a1f10c63e4e8fcbca30f?s=96&d=mm&r=g","caption":"Le Quotidien"},"sameAs":["https:\/\/lequotidien.mr\/"],"url":"https:\/\/lequotidien.mr\/?author=4"}]}},"_links":{"self":[{"href":"https:\/\/lequotidien.mr\/index.php?rest_route=\/wp\/v2\/posts\/28812","targetHints":{"allow":["GET"]}}],"collection":[{"href":"https:\/\/lequotidien.mr\/index.php?rest_route=\/wp\/v2\/posts"}],"about":[{"href":"https:\/\/lequotidien.mr\/index.php?rest_route=\/wp\/v2\/types\/post"}],"author":[{"embeddable":true,"href":"https:\/\/lequotidien.mr\/index.php?rest_route=\/wp\/v2\/users\/4"}],"replies":[{"embeddable":true,"href":"https:\/\/lequotidien.mr\/index.php?rest_route=%2Fwp%2Fv2%2Fcomments&post=28812"}],"version-history":[{"count":1,"href":"https:\/\/lequotidien.mr\/index.php?rest_route=\/wp\/v2\/posts\/28812\/revisions"}],"predecessor-version":[{"id":28821,"href":"https:\/\/lequotidien.mr\/index.php?rest_route=\/wp\/v2\/posts\/28812\/revisions\/28821"}],"wp:featuredmedia":[{"embeddable":true,"href":"https:\/\/lequotidien.mr\/index.php?rest_route=\/wp\/v2\/media\/28813"}],"wp:attachment":[{"href":"https:\/\/lequotidien.mr\/index.php?rest_route=%2Fwp%2Fv2%2Fmedia&parent=28812"}],"wp:term":[{"taxonomy":"category","embeddable":true,"href":"https:\/\/lequotidien.mr\/index.php?rest_route=%2Fwp%2Fv2%2Fcategories&post=28812"},{"taxonomy":"post_tag","embeddable":true,"href":"https:\/\/lequotidien.mr\/index.php?rest_route=%2Fwp%2Fv2%2Ftags&post=28812"}],"curies":[{"name":"wp","href":"https:\/\/api.w.org\/{rel}","templated":true}]}}