{"id":28809,"date":"2025-07-01T12:11:35","date_gmt":"2025-07-01T12:11:35","guid":{"rendered":"https:\/\/lequotidien.mr\/?p=28809"},"modified":"2025-07-01T12:11:35","modified_gmt":"2025-07-01T12:11:35","slug":"conference-ffd4-seville-le-president-el-ghazouani-reaffirme-lengagement-ferme-de-la-mauritanie-a-contribuer-activement-au-respect-des-recommandations","status":"publish","type":"post","link":"https:\/\/lequotidien.mr\/?p=28809&lang=fr","title":{"rendered":"Conf\u00e9rence FFD4\/S\u00e9ville : Le Pr\u00e9sident El Ghazouani r\u00e9affirme l&#8217;engagement ferme de la Mauritanie \u00e0 contribuer activement au respect des recommandations"},"content":{"rendered":"<p>Le Pr\u00e9sident de la R\u00e9publique, Monsieur Mohamed Cheikh El Ghazouani, a pris la parole, lundi dernier, lors de la s\u00e9ance d&#8217;ouverture de la quatri\u00e8me Conf\u00e9rence internationale sur le financement du d\u00e9veloppement (FFD4) \u00e0 S\u00e9ville, en Espagne. Dans un discours marquant, il a annonc\u00e9 l&#8217;engagement r\u00e9solu de son pays \u00e0 mettre en \u0153uvre les r\u00e9sultats du sommet et \u00e0 contribuer activement au respect des recommandations et engagements qui en d\u00e9couleront.<\/p>\n<p><strong>Un engagement fort pour les r\u00e9sultats de S\u00e9ville<\/strong><\/p>\n<p>&#8220;La R\u00e9publique islamique de Mauritanie s\u2019engage \u00e0 mettre en \u0153uvre les r\u00e9sultats du Quatri\u00e8me Sommet international sur le financement du d\u00e9veloppement&#8221;, a d\u00e9clar\u00e9 le Pr\u00e9sident El Ghazouani devant l&#8217;assembl\u00e9e des chefs d&#8217;\u00c9tat et de gouvernement. Il a \u00e9galement soulign\u00e9 &#8220;sa volont\u00e9 de contribuer au respect des recommandations et engagements qui en d\u00e9coulent&#8221;, positionnant ainsi la Mauritanie comme un acteur responsable dans la concr\u00e9tisation des objectifs globaux de la conf\u00e9rence.<\/p>\n<p>Le Chef de l&#8217;\u00c9tat a exprim\u00e9 sa profonde gratitude envers les Nations Unies et ses institutions sp\u00e9cialis\u00e9es pour leurs \u00ab\u00a0efforts louables\u00a0\u00bb d\u00e9ploy\u00e9s dans la mise en \u0153uvre de cadres internationaux cruciaux. Il a sp\u00e9cifiquement salu\u00e9\u00a0:<\/p>\n<p><strong>&#8211;<\/strong>La mise en \u0153uvre du\u00a0<strong>Programme d\u2019action d\u2019Addis-Abeba (2015)<\/strong>, plan historique visant \u00e0 financer le d\u00e9veloppement durable\u00a0;<\/p>\n<p><strong>&#8211;<\/strong>La r\u00e9alisation des engagements du\u00a0<strong>Pacte pour l\u2019avenir (2024)<\/strong>, particuli\u00e8rement en ce qui concerne\u00a0: la promotion de l\u2019esprit de\u00a0<strong>partenariat et de solidarit\u00e9<\/strong>\u00a0internationale\u00a0; le renforcement de la\u00a0<strong>coop\u00e9ration multilat\u00e9rale<\/strong>\u00a0pour cr\u00e9er un environnement propice au d\u00e9veloppement durable\u00a0; et la\u00a0<strong>r\u00e9forme du syst\u00e8me de gouvernance financi\u00e8re internationale<\/strong>, recherchant les moyens les plus efficaces de financer un d\u00e9veloppement \u00ab\u00a0efficace, \u00e9quitable et durable\u00a0\u00bb.<\/p>\n<p><strong>Une occasion cruciale pour les pays en d\u00e9veloppement<\/strong><\/p>\n<p>Le Pr\u00e9sident El Ghazouani a soulign\u00e9 l\u2019importance capitale de la conf\u00e9rence FFD4 pour les nations en d\u00e9veloppement. Il a estim\u00e9 qu\u2019elle repr\u00e9sentait \u00ab\u00a0une occasion pr\u00e9cieuse de r\u00e9aliser des progr\u00e8s significatifs dont les pays en d\u00e9veloppement ont besoin\u00a0\u00bb. Cette n\u00e9cessit\u00e9 est d\u2019autant plus pressante, a-t-il rappel\u00e9, \u00ab\u00a0compte tenu de la diversit\u00e9 et de l\u2019ampleur des d\u00e9fis\u00a0\u00bb qui continuent d\u2019entraver la mise en place d\u2019un \u00ab\u00a0d\u00e9veloppement durable, global et \u00e9quilibr\u00e9&#8221; \u00e0 l&#8217;\u00e9chelle mondiale.<\/p>\n<p>Par sa d\u00e9claration ferme d&#8217;engagement et son soutien aux r\u00e9formes du syst\u00e8me financier international, le Pr\u00e9sident El Ghazouani a r\u00e9affirm\u00e9 le r\u00f4le actif que la Mauritanie entend jouer sur la sc\u00e8ne internationale. Sa pr\u00e9sence et son discours \u00e0 ce sommet de haut niveau soulignent la priorit\u00e9 accord\u00e9e par Nouakchott \u00e0 la recherche de solutions concert\u00e9es et \u00e9quitables pour financer le d\u00e9veloppement et faire face aux d\u00e9fis communs, dans un esprit de partenariat renforc\u00e9 et de solidarit\u00e9 effective. L&#8217;attention se porte d\u00e9sormais sur la concr\u00e9tisation de la &#8220;Promesse de S\u00e9ville&#8221; et la contribution de la Mauritanie \u00e0 sa r\u00e9alisation.<\/p>\n<p>Voici le discours int\u00e9gral prononc\u00e9 par le Pr\u00e9sident de la R\u00e9publique devant les conf\u00e9renciers :<\/p>\n<p>\u00ab Au nom d\u2019Allah, le Tout Mis\u00e9ricordieux, le Tout Mis\u00e9ricordieux<\/p>\n<p>Paix et Salut sur le Proph\u00e8te Mohamed<\/p>\n<p>Monsieur le Pr\u00e9sident du Gouvernement espagnol, pr\u00e9sident de la Conf\u00e9rence,<\/p>\n<p>Excellences,<\/p>\n<p>Monsieur le Secr\u00e9taire g\u00e9n\u00e9ral de l\u2019Organisation des Nations Unies,<\/p>\n<p>Mesdames et Messieurs, honorables invit\u00e9s,<\/p>\n<p>Je voudrais tout d\u2019abord remercier S. E. M. Pedro S\u00e1nchez, Pr\u00e9sident du Gouvernement espagnol, de l\u2019aimable invitation qu\u2019il m\u2019a adress\u00e9e et de l\u2019estime dont j\u2019ai fait l\u2019objet de sa part,<\/p>\n<p>Je tiens, \u00e9galement, \u00e0 exprimer notre profonde gratitude \u00e0 Son Excellence Ant\u00f3nio Guterres et \u00e0 toutes les institutions sp\u00e9cialis\u00e9es des Nations Unies pour les efforts louables d\u00e9ploy\u00e9s en vue de mettre en \u0153uvre le Programme d\u2019action d\u2019Addis-Abeba 2015 et les engagements pris dans le Pacte l\u2019avenir 2024, en particulier, en ce qui concerne la promotion de l\u2019esprit de partenariat et de solidarit\u00e9, le renforcement de la coop\u00e9ration multilat\u00e9rale en vue de cr\u00e9er un environnement propice au d\u00e9veloppement durable, ainsi que la r\u00e9forme du syst\u00e8me de gouvernance financi\u00e8re internationale visant \u00e0 trouver les moyens les plus efficaces pour financer le d\u00e9veloppement de mani\u00e8re plus efficace, plus \u00e9quitable et plus durable.<\/p>\n<p>La convocation de cette quatri\u00e8me \u00e9dition de la Conf\u00e9rence internationale sur le financement du d\u00e9veloppement est une occasion pr\u00e9cieuse pour r\u00e9aliser des progr\u00e8s significatifs \u00e0 ce niveau, des progr\u00e8s dont nos pays en d\u00e9veloppement et le monde, en g\u00e9n\u00e9ral, ont plus que jamais besoin, compte tenu de la diversit\u00e9 et de l\u2019ampleur des d\u00e9fis qui entravent le processus d\u2019\u00e9dification d\u2019un d\u00e9veloppement durable, global et \u00e9quilibr\u00e9.<\/p>\n<p>Excellences<\/p>\n<p>Mesdames et messieurs<\/p>\n<p>La pauvret\u00e9 et la fragilit\u00e9 g\u00e9n\u00e9ralis\u00e9es que conna\u00eet notre monde, en particulier, les pays en d\u00e9veloppement, la faiblesse des infrastructures, le manque d\u2019acc\u00e8s aux services de base, la mont\u00e9e de la violence et du terrorisme, la multiplicit\u00e9 des foyers de tensions et de guerres, en plus de la d\u00e9t\u00e9rioration de la situation environnementale g\u00e9n\u00e9rale de la plan\u00e8te, sont autant d\u2019indices de d\u00e9sespoir quant \u00e0 l\u2019atteintes des objectifs du d\u00e9veloppement durable dans un horizon pr\u00e9visible si la situation actuelle perdure.<\/p>\n<p>La r\u00e9alisation des objectifs du d\u00e9veloppement n\u00e9cessite la mobilisation d\u2019\u00e9normes ressources et un acc\u00e8s fluide, \u00e9quitable et efficace \u00e0 celles-ci, c\u2019est pourquoi notre pays, \u00e0 l\u2019instar de la plupart des pays en d\u00e9veloppement, a d\u00e9ploy\u00e9 des efforts inlassables pour am\u00e9liorer le niveau de mobilisation des ressources autonomes en classant la plupart des activit\u00e9s du secteur parall\u00e8le, en promouvant la num\u00e9risation de l\u2019\u00e9conomie, en promouvant le secteur priv\u00e9, en d\u00e9veloppant les march\u00e9s financiers et en am\u00e9liorant la gouvernance du syst\u00e8me fiscal.<\/p>\n<p>Cependant, les ressources que les pays en d\u00e9veloppement eux-m\u00eames peuvent mobiliser, quel qu\u2019en soit le montant, ne couvrent qu\u2019une fraction de leurs besoins croissants en mati\u00e8re de d\u00e9veloppement, et le financement ext\u00e9rieur, qui reste malheureusement rare, injuste et in\u00e9quitable, est le principal moyen de combler ce d\u00e9ficit.<\/p>\n<p>Conscients de ce fait, la plupart des pays en d\u00e9veloppement se sont efforc\u00e9s de cr\u00e9er les conditions n\u00e9cessaires pour attirer les investissements \u00e9trangers, qu\u2019il s\u2019agisse de consolider l\u2019\u00e9tat de droit, d\u2019accro\u00eetre la transparence, de lutter contre la corruption et d\u2019am\u00e9liorer le climat des affaires, ou d\u2019offrir de nombreuses opportunit\u00e9s d\u2019investissement prometteuses.<\/p>\n<p>Cependant, les m\u00e9canismes de financement du d\u00e9veloppement dans le syst\u00e8me financier international existant n\u2019aident pas, et leur incapacit\u00e9 \u00e0 r\u00e9pondre efficacement au volume croissant des outils n\u00e9cessaires \u00e0 un d\u00e9veloppement durable \u00e9quilibr\u00e9 devient \u00e9vidente.<\/p>\n<p>Le ratio de l\u2019aide publique au d\u00e9veloppement par rapport au PIB mondial reste inf\u00e9rieur \u00e0 l\u2019objectif de 0,7 % convenu au niveau international, le probl\u00e8me de la dette continue de cro\u00eetre r\u00e9guli\u00e8rement, les conditions d\u2019acc\u00e8s aux pr\u00eats sont in\u00e9quitables et l\u2019acc\u00e8s au financement n\u2019est ni \u00e9quitable ni \u00e9quilibr\u00e9.<\/p>\n<p>Ce n\u2019est un secret pour personne qu\u2019il n\u2019y a aucun espoir de d\u00e9veloppement dans un pays en d\u00e9veloppement s\u2019il continue \u00e0 d\u00e9penser plus pour le remboursement de sa dette que pour l\u2019\u00e9ducation, la sant\u00e9 et les services de base et s\u2019il lui co\u00fbte beaucoup plus cher \u00e0 emprunter que les pays d\u00e9velopp\u00e9s.<\/p>\n<p>La coop\u00e9ration multilat\u00e9rale doit \u00eatre renforc\u00e9e, d\u2019une mani\u00e8re qui renouvelle la confiance et la solidarit\u00e9 entre les peuples et les pays, afin de trouver des solutions qui comblent le d\u00e9ficit de financement du d\u00e9veloppement en r\u00e9formant la gouvernance financi\u00e8re internationale, en augmentant l\u2019aide publique au d\u00e9veloppement, en restructurant les institutions financi\u00e8res internationales et en annulant ou en restructurant leurs dettes de mani\u00e8re \u00e0 cr\u00e9er l\u2019espace budg\u00e9taire n\u00e9cessaire \u00e0 des investissements plus durables.<\/p>\n<p>Nous devons adopter des m\u00e9canismes de financement novateurs pour cr\u00e9er des entreprises solides qui s\u2019adaptent aux complexit\u00e9s croissantes du paysage mondial du d\u00e9veloppement, compensant le recul des opportunit\u00e9s de financement traditionnelles.<\/p>\n<p>Cela est dict\u00e9 par notre responsabilit\u00e9 collective envers notre avenir commun et par notre besoin crucial de sortir notre plan\u00e8te de la perte pour atteindre un d\u00e9veloppement durable et global qui assure la s\u00e9curit\u00e9 et la prosp\u00e9rit\u00e9 \u00e0 tous les peuples du monde.<\/p>\n<p>C\u2019est pourquoi la R\u00e9publique islamique de Mauritanie r\u00e9affirme son plein appui aux r\u00e9sultats de ce quatri\u00e8me Sommet international sur le financement du d\u00e9veloppement et sa volont\u00e9 de contribuer \u00e0 la mise en \u0153uvre de ses recommandations et des engagements qui en d\u00e9coulent dans le cadre de l\u2019engagement de S\u00e9ville, dans un esprit de s\u00e9rieux, de responsabilit\u00e9 et de coop\u00e9ration constructive.<\/p>\n<p>Je vous remercie\u201d.<\/p>\n","protected":false},"excerpt":{"rendered":"<p>Le Pr\u00e9sident de la R\u00e9publique, Monsieur Mohamed Cheikh El Ghazouani, a pris la parole, lundi dernier, lors de la s\u00e9ance d&#8217;ouverture de la quatri\u00e8me Conf\u00e9rence internationale sur le financement du d\u00e9veloppement (FFD4) \u00e0 S\u00e9ville, en Espagne. Dans un discours marquant, il a annonc\u00e9 l&#8217;engagement r\u00e9solu de son pays \u00e0 mettre en \u0153uvre les r\u00e9sultats du&#8230;..<\/p>\n","protected":false},"author":12,"featured_media":28810,"comment_status":"open","ping_status":"open","sticky":false,"template":"","format":"standard","meta":{"footnotes":""},"categories":[23,49],"tags":[],"class_list":["post-28809","post","type-post","status-publish","format-standard","has-post-thumbnail","hentry","category-actualite","category-economie"],"yoast_head":"<!-- This site is optimized with the Yoast SEO plugin v27.5 - https:\/\/yoast.com\/product\/yoast-seo-wordpress\/ -->\n<title>Conf\u00e9rence FFD4\/S\u00e9ville : Le Pr\u00e9sident El Ghazouani r\u00e9affirme l&#039;engagement ferme de la Mauritanie \u00e0 contribuer activement au respect des recommandations - Le Quotidien de Nouakchott<\/title>\n<meta name=\"robots\" content=\"index, follow, max-snippet:-1, max-image-preview:large, max-video-preview:-1\" \/>\n<link rel=\"canonical\" href=\"https:\/\/lequotidien.mr\/?p=28809&lang=fr\" \/>\n<meta property=\"og:locale\" content=\"ar_AR\" \/>\n<meta property=\"og:type\" content=\"article\" \/>\n<meta property=\"og:title\" content=\"Conf\u00e9rence FFD4\/S\u00e9ville : Le Pr\u00e9sident El Ghazouani r\u00e9affirme l&#039;engagement ferme de la Mauritanie \u00e0 contribuer activement au respect des recommandations - Le Quotidien de Nouakchott\" \/>\n<meta property=\"og:description\" content=\"Le Pr\u00e9sident de la R\u00e9publique, Monsieur Mohamed Cheikh El Ghazouani, a pris la parole, lundi dernier, lors de la s\u00e9ance d&#8217;ouverture de la quatri\u00e8me Conf\u00e9rence internationale sur le financement du d\u00e9veloppement (FFD4) \u00e0 S\u00e9ville, en Espagne. Dans un discours marquant, il a annonc\u00e9 l&#8217;engagement r\u00e9solu de son pays \u00e0 mettre en \u0153uvre les r\u00e9sultats du.....\" \/>\n<meta property=\"og:url\" content=\"https:\/\/lequotidien.mr\/?p=28809&amp;lang=fr\" \/>\n<meta property=\"og:site_name\" content=\"Le Quotidien de Nouakchott\" \/>\n<meta property=\"article:publisher\" content=\"https:\/\/web.facebook.com\/lequotidienmr\" \/>\n<meta property=\"article:published_time\" content=\"2025-07-01T12:11:35+00:00\" \/>\n<meta property=\"og:image\" content=\"https:\/\/lequotidien.mr\/wp-content\/uploads\/2025\/07\/photo-El-Ghazouani-sommet-fcmt-dev.jpg\" \/>\n\t<meta property=\"og:image:width\" content=\"750\" \/>\n\t<meta property=\"og:image:height\" content=\"430\" \/>\n\t<meta property=\"og:image:type\" content=\"image\/jpeg\" \/>\n<meta name=\"author\" content=\"Med Ahmed\" \/>\n<meta name=\"twitter:card\" content=\"summary_large_image\" \/>\n<meta name=\"twitter:creator\" content=\"@lequotidienmr\" \/>\n<meta name=\"twitter:site\" content=\"@lequotidienmr\" \/>\n<meta name=\"twitter:label1\" content=\"\u0643\u064f\u062a\u0628 \u0628\u0648\u0627\u0633\u0637\u0629\" \/>\n\t<meta name=\"twitter:data1\" content=\"Med Ahmed\" \/>\n\t<meta name=\"twitter:label2\" content=\"\u0648\u0642\u062a \u0627\u0644\u0642\u0631\u0627\u0621\u0629 \u0627\u0644\u0645\u064f\u0642\u062f\u0651\u0631\" \/>\n\t<meta name=\"twitter:data2\" content=\"10 \u062f\u0642\u0627\u0626\u0642\" \/>\n<script type=\"application\/ld+json\" class=\"yoast-schema-graph\">{\"@context\":\"https:\\\/\\\/schema.org\",\"@graph\":[{\"@type\":\"Article\",\"@id\":\"https:\\\/\\\/lequotidien.mr\\\/?p=28809&lang=fr#article\",\"isPartOf\":{\"@id\":\"https:\\\/\\\/lequotidien.mr\\\/?p=28809&lang=fr\"},\"author\":{\"name\":\"Med Ahmed\",\"@id\":\"https:\\\/\\\/lequotidien.mr\\\/#\\\/schema\\\/person\\\/d2d350202a4d599685ed8abc25f97596\"},\"headline\":\"Conf\u00e9rence FFD4\\\/S\u00e9ville : Le Pr\u00e9sident El Ghazouani r\u00e9affirme l&#8217;engagement ferme de la Mauritanie \u00e0 contribuer activement au respect des recommandations\",\"datePublished\":\"2025-07-01T12:11:35+00:00\",\"mainEntityOfPage\":{\"@id\":\"https:\\\/\\\/lequotidien.mr\\\/?p=28809&lang=fr\"},\"wordCount\":1566,\"commentCount\":0,\"publisher\":{\"@id\":\"https:\\\/\\\/lequotidien.mr\\\/#organization\"},\"image\":{\"@id\":\"https:\\\/\\\/lequotidien.mr\\\/?p=28809&lang=fr#primaryimage\"},\"thumbnailUrl\":\"https:\\\/\\\/lequotidien.mr\\\/wp-content\\\/uploads\\\/2025\\\/07\\\/photo-El-Ghazouani-sommet-fcmt-dev.jpg\",\"articleSection\":[\"ACTUALIT\u00c9\",\"Economie\"],\"inLanguage\":\"ar\",\"potentialAction\":[{\"@type\":\"CommentAction\",\"name\":\"Comment\",\"target\":[\"https:\\\/\\\/lequotidien.mr\\\/?p=28809&lang=fr#respond\"]}]},{\"@type\":\"WebPage\",\"@id\":\"https:\\\/\\\/lequotidien.mr\\\/?p=28809&lang=fr\",\"url\":\"https:\\\/\\\/lequotidien.mr\\\/?p=28809&lang=fr\",\"name\":\"Conf\u00e9rence FFD4\\\/S\u00e9ville : Le Pr\u00e9sident El Ghazouani r\u00e9affirme l'engagement ferme de la Mauritanie \u00e0 contribuer activement au respect des recommandations - Le Quotidien de Nouakchott\",\"isPartOf\":{\"@id\":\"https:\\\/\\\/lequotidien.mr\\\/#website\"},\"primaryImageOfPage\":{\"@id\":\"https:\\\/\\\/lequotidien.mr\\\/?p=28809&lang=fr#primaryimage\"},\"image\":{\"@id\":\"https:\\\/\\\/lequotidien.mr\\\/?p=28809&lang=fr#primaryimage\"},\"thumbnailUrl\":\"https:\\\/\\\/lequotidien.mr\\\/wp-content\\\/uploads\\\/2025\\\/07\\\/photo-El-Ghazouani-sommet-fcmt-dev.jpg\",\"datePublished\":\"2025-07-01T12:11:35+00:00\",\"breadcrumb\":{\"@id\":\"https:\\\/\\\/lequotidien.mr\\\/?p=28809&lang=fr#breadcrumb\"},\"inLanguage\":\"ar\",\"potentialAction\":[{\"@type\":\"ReadAction\",\"target\":[\"https:\\\/\\\/lequotidien.mr\\\/?p=28809&lang=fr\"]}]},{\"@type\":\"ImageObject\",\"inLanguage\":\"ar\",\"@id\":\"https:\\\/\\\/lequotidien.mr\\\/?p=28809&lang=fr#primaryimage\",\"url\":\"https:\\\/\\\/lequotidien.mr\\\/wp-content\\\/uploads\\\/2025\\\/07\\\/photo-El-Ghazouani-sommet-fcmt-dev.jpg\",\"contentUrl\":\"https:\\\/\\\/lequotidien.mr\\\/wp-content\\\/uploads\\\/2025\\\/07\\\/photo-El-Ghazouani-sommet-fcmt-dev.jpg\",\"width\":750,\"height\":430},{\"@type\":\"BreadcrumbList\",\"@id\":\"https:\\\/\\\/lequotidien.mr\\\/?p=28809&lang=fr#breadcrumb\",\"itemListElement\":[{\"@type\":\"ListItem\",\"position\":1,\"name\":\"Home\",\"item\":\"https:\\\/\\\/lequotidien.mr\\\/\"},{\"@type\":\"ListItem\",\"position\":2,\"name\":\"Conf\u00e9rence FFD4\\\/S\u00e9ville : Le Pr\u00e9sident El Ghazouani r\u00e9affirme l&rsquo;engagement ferme de la Mauritanie \u00e0 contribuer activement au respect des recommandations\"}]},{\"@type\":\"WebSite\",\"@id\":\"https:\\\/\\\/lequotidien.mr\\\/#website\",\"url\":\"https:\\\/\\\/lequotidien.mr\\\/\",\"name\":\"Le Quotidien de Nouakchott\",\"description\":\"\u0625\u062e\u0628\u0627\u0631\u064a\u0629 \u0645\u0633\u062a\u0642\u0644\u0629 \u0644\u0644\u0623\u0646\u0628\u0627\u0621 \u0627\u0644\u0639\u0627\u0645\u0629\",\"publisher\":{\"@id\":\"https:\\\/\\\/lequotidien.mr\\\/#organization\"},\"potentialAction\":[{\"@type\":\"SearchAction\",\"target\":{\"@type\":\"EntryPoint\",\"urlTemplate\":\"https:\\\/\\\/lequotidien.mr\\\/?s={search_term_string}\"},\"query-input\":{\"@type\":\"PropertyValueSpecification\",\"valueRequired\":true,\"valueName\":\"search_term_string\"}}],\"inLanguage\":\"ar\"},{\"@type\":\"Organization\",\"@id\":\"https:\\\/\\\/lequotidien.mr\\\/#organization\",\"name\":\"Le Quotidien de Nouakchott\",\"url\":\"https:\\\/\\\/lequotidien.mr\\\/\",\"logo\":{\"@type\":\"ImageObject\",\"inLanguage\":\"ar\",\"@id\":\"https:\\\/\\\/lequotidien.mr\\\/#\\\/schema\\\/logo\\\/image\\\/\",\"url\":\"https:\\\/\\\/lequotidien.mr\\\/wp-content\\\/uploads\\\/2022\\\/11\\\/logolequotidien.jpg\",\"contentUrl\":\"https:\\\/\\\/lequotidien.mr\\\/wp-content\\\/uploads\\\/2022\\\/11\\\/logolequotidien.jpg\",\"width\":290,\"height\":65,\"caption\":\"Le Quotidien de Nouakchott\"},\"image\":{\"@id\":\"https:\\\/\\\/lequotidien.mr\\\/#\\\/schema\\\/logo\\\/image\\\/\"},\"sameAs\":[\"https:\\\/\\\/web.facebook.com\\\/lequotidienmr\",\"https:\\\/\\\/x.com\\\/lequotidienmr\"]},{\"@type\":\"Person\",\"@id\":\"https:\\\/\\\/lequotidien.mr\\\/#\\\/schema\\\/person\\\/d2d350202a4d599685ed8abc25f97596\",\"name\":\"Med Ahmed\",\"image\":{\"@type\":\"ImageObject\",\"inLanguage\":\"ar\",\"@id\":\"https:\\\/\\\/secure.gravatar.com\\\/avatar\\\/fd2acc62ed50732923d1d39c17172c9b04149f142be92310ecc69e1358f94b52?s=96&d=mm&r=g\",\"url\":\"https:\\\/\\\/secure.gravatar.com\\\/avatar\\\/fd2acc62ed50732923d1d39c17172c9b04149f142be92310ecc69e1358f94b52?s=96&d=mm&r=g\",\"contentUrl\":\"https:\\\/\\\/secure.gravatar.com\\\/avatar\\\/fd2acc62ed50732923d1d39c17172c9b04149f142be92310ecc69e1358f94b52?s=96&d=mm&r=g\",\"caption\":\"Med Ahmed\"},\"url\":\"https:\\\/\\\/lequotidien.mr\\\/?author=12\"}]}<\/script>\n<!-- \/ Yoast SEO plugin. -->","yoast_head_json":{"title":"Conf\u00e9rence FFD4\/S\u00e9ville : Le Pr\u00e9sident El Ghazouani r\u00e9affirme l'engagement ferme de la Mauritanie \u00e0 contribuer activement au respect des recommandations - Le Quotidien de Nouakchott","robots":{"index":"index","follow":"follow","max-snippet":"max-snippet:-1","max-image-preview":"max-image-preview:large","max-video-preview":"max-video-preview:-1"},"canonical":"https:\/\/lequotidien.mr\/?p=28809&lang=fr","og_locale":"ar_AR","og_type":"article","og_title":"Conf\u00e9rence FFD4\/S\u00e9ville : Le Pr\u00e9sident El Ghazouani r\u00e9affirme l'engagement ferme de la Mauritanie \u00e0 contribuer activement au respect des recommandations - Le Quotidien de Nouakchott","og_description":"Le Pr\u00e9sident de la R\u00e9publique, Monsieur Mohamed Cheikh El Ghazouani, a pris la parole, lundi dernier, lors de la s\u00e9ance d&#8217;ouverture de la quatri\u00e8me Conf\u00e9rence internationale sur le financement du d\u00e9veloppement (FFD4) \u00e0 S\u00e9ville, en Espagne. Dans un discours marquant, il a annonc\u00e9 l&#8217;engagement r\u00e9solu de son pays \u00e0 mettre en \u0153uvre les r\u00e9sultats du.....","og_url":"https:\/\/lequotidien.mr\/?p=28809&lang=fr","og_site_name":"Le Quotidien de Nouakchott","article_publisher":"https:\/\/web.facebook.com\/lequotidienmr","article_published_time":"2025-07-01T12:11:35+00:00","og_image":[{"width":750,"height":430,"url":"https:\/\/lequotidien.mr\/wp-content\/uploads\/2025\/07\/photo-El-Ghazouani-sommet-fcmt-dev.jpg","type":"image\/jpeg"}],"author":"Med Ahmed","twitter_card":"summary_large_image","twitter_creator":"@lequotidienmr","twitter_site":"@lequotidienmr","twitter_misc":{"\u0643\u064f\u062a\u0628 \u0628\u0648\u0627\u0633\u0637\u0629":"Med Ahmed","\u0648\u0642\u062a \u0627\u0644\u0642\u0631\u0627\u0621\u0629 \u0627\u0644\u0645\u064f\u0642\u062f\u0651\u0631":"10 \u062f\u0642\u0627\u0626\u0642"},"schema":{"@context":"https:\/\/schema.org","@graph":[{"@type":"Article","@id":"https:\/\/lequotidien.mr\/?p=28809&lang=fr#article","isPartOf":{"@id":"https:\/\/lequotidien.mr\/?p=28809&lang=fr"},"author":{"name":"Med Ahmed","@id":"https:\/\/lequotidien.mr\/#\/schema\/person\/d2d350202a4d599685ed8abc25f97596"},"headline":"Conf\u00e9rence FFD4\/S\u00e9ville : Le Pr\u00e9sident El Ghazouani r\u00e9affirme l&#8217;engagement ferme de la Mauritanie \u00e0 contribuer activement au respect des recommandations","datePublished":"2025-07-01T12:11:35+00:00","mainEntityOfPage":{"@id":"https:\/\/lequotidien.mr\/?p=28809&lang=fr"},"wordCount":1566,"commentCount":0,"publisher":{"@id":"https:\/\/lequotidien.mr\/#organization"},"image":{"@id":"https:\/\/lequotidien.mr\/?p=28809&lang=fr#primaryimage"},"thumbnailUrl":"https:\/\/lequotidien.mr\/wp-content\/uploads\/2025\/07\/photo-El-Ghazouani-sommet-fcmt-dev.jpg","articleSection":["ACTUALIT\u00c9","Economie"],"inLanguage":"ar","potentialAction":[{"@type":"CommentAction","name":"Comment","target":["https:\/\/lequotidien.mr\/?p=28809&lang=fr#respond"]}]},{"@type":"WebPage","@id":"https:\/\/lequotidien.mr\/?p=28809&lang=fr","url":"https:\/\/lequotidien.mr\/?p=28809&lang=fr","name":"Conf\u00e9rence FFD4\/S\u00e9ville : Le Pr\u00e9sident El Ghazouani r\u00e9affirme l'engagement ferme de la Mauritanie \u00e0 contribuer activement au respect des recommandations - Le Quotidien de Nouakchott","isPartOf":{"@id":"https:\/\/lequotidien.mr\/#website"},"primaryImageOfPage":{"@id":"https:\/\/lequotidien.mr\/?p=28809&lang=fr#primaryimage"},"image":{"@id":"https:\/\/lequotidien.mr\/?p=28809&lang=fr#primaryimage"},"thumbnailUrl":"https:\/\/lequotidien.mr\/wp-content\/uploads\/2025\/07\/photo-El-Ghazouani-sommet-fcmt-dev.jpg","datePublished":"2025-07-01T12:11:35+00:00","breadcrumb":{"@id":"https:\/\/lequotidien.mr\/?p=28809&lang=fr#breadcrumb"},"inLanguage":"ar","potentialAction":[{"@type":"ReadAction","target":["https:\/\/lequotidien.mr\/?p=28809&lang=fr"]}]},{"@type":"ImageObject","inLanguage":"ar","@id":"https:\/\/lequotidien.mr\/?p=28809&lang=fr#primaryimage","url":"https:\/\/lequotidien.mr\/wp-content\/uploads\/2025\/07\/photo-El-Ghazouani-sommet-fcmt-dev.jpg","contentUrl":"https:\/\/lequotidien.mr\/wp-content\/uploads\/2025\/07\/photo-El-Ghazouani-sommet-fcmt-dev.jpg","width":750,"height":430},{"@type":"BreadcrumbList","@id":"https:\/\/lequotidien.mr\/?p=28809&lang=fr#breadcrumb","itemListElement":[{"@type":"ListItem","position":1,"name":"Home","item":"https:\/\/lequotidien.mr\/"},{"@type":"ListItem","position":2,"name":"Conf\u00e9rence FFD4\/S\u00e9ville : Le Pr\u00e9sident El Ghazouani r\u00e9affirme l&rsquo;engagement ferme de la Mauritanie \u00e0 contribuer activement au respect des recommandations"}]},{"@type":"WebSite","@id":"https:\/\/lequotidien.mr\/#website","url":"https:\/\/lequotidien.mr\/","name":"Le Quotidien de Nouakchott","description":"\u0625\u062e\u0628\u0627\u0631\u064a\u0629 \u0645\u0633\u062a\u0642\u0644\u0629 \u0644\u0644\u0623\u0646\u0628\u0627\u0621 \u0627\u0644\u0639\u0627\u0645\u0629","publisher":{"@id":"https:\/\/lequotidien.mr\/#organization"},"potentialAction":[{"@type":"SearchAction","target":{"@type":"EntryPoint","urlTemplate":"https:\/\/lequotidien.mr\/?s={search_term_string}"},"query-input":{"@type":"PropertyValueSpecification","valueRequired":true,"valueName":"search_term_string"}}],"inLanguage":"ar"},{"@type":"Organization","@id":"https:\/\/lequotidien.mr\/#organization","name":"Le Quotidien de Nouakchott","url":"https:\/\/lequotidien.mr\/","logo":{"@type":"ImageObject","inLanguage":"ar","@id":"https:\/\/lequotidien.mr\/#\/schema\/logo\/image\/","url":"https:\/\/lequotidien.mr\/wp-content\/uploads\/2022\/11\/logolequotidien.jpg","contentUrl":"https:\/\/lequotidien.mr\/wp-content\/uploads\/2022\/11\/logolequotidien.jpg","width":290,"height":65,"caption":"Le Quotidien de Nouakchott"},"image":{"@id":"https:\/\/lequotidien.mr\/#\/schema\/logo\/image\/"},"sameAs":["https:\/\/web.facebook.com\/lequotidienmr","https:\/\/x.com\/lequotidienmr"]},{"@type":"Person","@id":"https:\/\/lequotidien.mr\/#\/schema\/person\/d2d350202a4d599685ed8abc25f97596","name":"Med Ahmed","image":{"@type":"ImageObject","inLanguage":"ar","@id":"https:\/\/secure.gravatar.com\/avatar\/fd2acc62ed50732923d1d39c17172c9b04149f142be92310ecc69e1358f94b52?s=96&d=mm&r=g","url":"https:\/\/secure.gravatar.com\/avatar\/fd2acc62ed50732923d1d39c17172c9b04149f142be92310ecc69e1358f94b52?s=96&d=mm&r=g","contentUrl":"https:\/\/secure.gravatar.com\/avatar\/fd2acc62ed50732923d1d39c17172c9b04149f142be92310ecc69e1358f94b52?s=96&d=mm&r=g","caption":"Med Ahmed"},"url":"https:\/\/lequotidien.mr\/?author=12"}]}},"_links":{"self":[{"href":"https:\/\/lequotidien.mr\/index.php?rest_route=\/wp\/v2\/posts\/28809","targetHints":{"allow":["GET"]}}],"collection":[{"href":"https:\/\/lequotidien.mr\/index.php?rest_route=\/wp\/v2\/posts"}],"about":[{"href":"https:\/\/lequotidien.mr\/index.php?rest_route=\/wp\/v2\/types\/post"}],"author":[{"embeddable":true,"href":"https:\/\/lequotidien.mr\/index.php?rest_route=\/wp\/v2\/users\/12"}],"replies":[{"embeddable":true,"href":"https:\/\/lequotidien.mr\/index.php?rest_route=%2Fwp%2Fv2%2Fcomments&post=28809"}],"version-history":[{"count":1,"href":"https:\/\/lequotidien.mr\/index.php?rest_route=\/wp\/v2\/posts\/28809\/revisions"}],"predecessor-version":[{"id":28811,"href":"https:\/\/lequotidien.mr\/index.php?rest_route=\/wp\/v2\/posts\/28809\/revisions\/28811"}],"wp:featuredmedia":[{"embeddable":true,"href":"https:\/\/lequotidien.mr\/index.php?rest_route=\/wp\/v2\/media\/28810"}],"wp:attachment":[{"href":"https:\/\/lequotidien.mr\/index.php?rest_route=%2Fwp%2Fv2%2Fmedia&parent=28809"}],"wp:term":[{"taxonomy":"category","embeddable":true,"href":"https:\/\/lequotidien.mr\/index.php?rest_route=%2Fwp%2Fv2%2Fcategories&post=28809"},{"taxonomy":"post_tag","embeddable":true,"href":"https:\/\/lequotidien.mr\/index.php?rest_route=%2Fwp%2Fv2%2Ftags&post=28809"}],"curies":[{"name":"wp","href":"https:\/\/api.w.org\/{rel}","templated":true}]}}