{"id":28755,"date":"2025-06-29T15:58:34","date_gmt":"2025-06-29T15:58:34","guid":{"rendered":"https:\/\/lequotidien.mr\/?p=28755"},"modified":"2025-06-29T16:04:28","modified_gmt":"2025-06-29T16:04:28","slug":"le-president-el-ghazouani-a-seville-pour-la-quatrieme-conference-internationale-sur-le-financement-du-developpement-ffd4","status":"publish","type":"post","link":"https:\/\/lequotidien.mr\/?p=28755&lang=fr","title":{"rendered":"Le Pr\u00e9sident El Ghazouani \u00e0 S\u00e9ville pour la quatri\u00e8me  Conf\u00e9rence Internationale sur le Financement du D\u00e9veloppement (FfD4)"},"content":{"rendered":"<p>Le Pr\u00e9sident de la R\u00e9publique Islamique de Mauritanie, Monsieur Mohamed Cheikh El Ghazouani, est arriv\u00e9 samedi soir \u00e0 S\u00e9ville, en Espagne. Sa visite s&#8217;inscrit dans le cadre de sa participation \u00e0 la quatri\u00e8me Conf\u00e9rence internationale sur le financement du d\u00e9veloppement (FfD4), un \u00e9v\u00e9nement de haut niveau plac\u00e9 sous les auspices des Nations Unies et organis\u00e9 en coop\u00e9ration avec l&#8217;Union europ\u00e9enne et plusieurs partenaires internationaux.<\/p>\n<p>La conf\u00e9rence FfD4 r\u00e9unit plus de 70 chefs d&#8217;\u00c9tat et de gouvernement du monde entier. Elle constitue une plateforme strat\u00e9gique visant \u00e0 \u00e9laborer une feuille de route ambitieuse pour r\u00e9former en profondeur les syst\u00e8mes de financement du d\u00e9veloppement durable. Cette initiative globale, baptis\u00e9e la \u00ab promesse de S\u00e9ville \u00bb, cherche \u00e0 r\u00e9pondre aux d\u00e9fis pressants de notre \u00e9poque en mobilisant les ressources n\u00e9cessaires pour atteindre les Objectifs de d\u00e9veloppement durable (ODD).<\/p>\n<p>Les travaux de la conf\u00e9rence porteront sur des enjeux financiers internationaux majeurs :<\/p>\n<p><strong>-La R\u00e9forme du Syst\u00e8me Fiscal International :<\/strong>\u00a0Comment assurer plus d&#8217;\u00e9quit\u00e9 et de transparence dans la fiscalit\u00e9 mondiale ?<\/p>\n<p><strong>-La Mobilisation du Financement Climatique :<\/strong>\u00a0Trouver les moyens de financer efficacement l&#8217;adaptation aux changements climatiques et la transition \u00e9cologique, particuli\u00e8rement pour les pays vuln\u00e9rables\u00a0;<\/p>\n<p><strong>-La Restructuration de la Dette :<\/strong>\u00a0D\u00e9velopper des m\u00e9canismes plus justes et efficaces pour g\u00e9rer la dette des pays en d\u00e9veloppement, favorisant ainsi leur stabilit\u00e9 \u00e9conomique et leur capacit\u00e9 \u00e0 investir dans leur avenir.<\/p>\n<p>L&#8217;objectif central est de promouvoir la justice \u00e9conomique et de b\u00e2tir des syst\u00e8mes financiers plus r\u00e9silients et inclusifs face aux crises mondiales interconnect\u00e9es.<\/p>\n<p>Le Pr\u00e9sident Ghazouani est accompagn\u00e9 d&#8217;une d\u00e9l\u00e9gation importante refl\u00e9tant l&#8217;importance accord\u00e9e par la Mauritanie \u00e0 cette conf\u00e9rence et aux th\u00e9matiques abord\u00e9es. Font notamment partie de la d\u00e9l\u00e9gation : la Premi\u00e8re Dame, Dr Mariem Mohamed Fadel Dah, M. Nani Chrougha, Ministre charg\u00e9 de la Pr\u00e9sidence de la R\u00e9publique, M. Sid Ahmed Bouh, Ministre de l\u2019Economie et des Finances, Mme Zeinebou Ely Salem, Ambassadeur de Mauritanie aupr\u00e8s du Royaume d\u2019Espagne, M. Sidi Mohamed Mohamed Laghdhaf, Repr\u00e9sentant Permanent de la Mauritanie aupr\u00e8s des Nations Unies, M. Harouna Traor\u00e9, Charg\u00e9 de mission \u00e0 la Pr\u00e9sidence de la R\u00e9publique, M. Hassan Zeine, Conseiller \u00e0 la Pr\u00e9sidence de la R\u00e9publique, et M. El Hassan Ahmed, Directeur g\u00e9n\u00e9ral du Protocole d\u2019Etat.<\/p>\n<p>La pr\u00e9sence du Pr\u00e9sident El Ghazouani et de sa d\u00e9l\u00e9gation \u00e0 la FfD4 souligne l&#8217;engagement de la Mauritanie \u00e0 jouer un r\u00f4le actif dans les discussions internationales cruciales sur le financement du d\u00e9veloppement durable et la recherche de solutions communes aux d\u00e9fis \u00e9conomiques et environnementaux globaux. La &#8220;promesse de S\u00e9ville&#8221; est attendue comme un jalon important pour orienter les efforts collectifs dans les ann\u00e9es \u00e0 venir.<\/p>\n","protected":false},"excerpt":{"rendered":"<p>Le Pr\u00e9sident de la R\u00e9publique Islamique de Mauritanie, Monsieur Mohamed Cheikh El Ghazouani, est arriv\u00e9 samedi soir \u00e0 S\u00e9ville, en Espagne. Sa visite s&#8217;inscrit dans le cadre de sa participation \u00e0 la quatri\u00e8me Conf\u00e9rence internationale sur le financement du d\u00e9veloppement (FfD4), un \u00e9v\u00e9nement de haut niveau plac\u00e9 sous les auspices des Nations Unies et organis\u00e9&#8230;..<\/p>\n","protected":false},"author":12,"featured_media":28756,"comment_status":"open","ping_status":"open","sticky":false,"template":"","format":"standard","meta":{"footnotes":""},"categories":[23,49],"tags":[],"class_list":["post-28755","post","type-post","status-publish","format-standard","has-post-thumbnail","hentry","category-actualite","category-economie"],"yoast_head":"<!-- This site is optimized with the Yoast SEO plugin v27.5 - https:\/\/yoast.com\/product\/yoast-seo-wordpress\/ -->\n<title>Le Pr\u00e9sident El Ghazouani \u00e0 S\u00e9ville pour la quatri\u00e8me Conf\u00e9rence Internationale sur le Financement du D\u00e9veloppement (FfD4) - Le Quotidien de Nouakchott<\/title>\n<meta name=\"robots\" content=\"index, follow, max-snippet:-1, max-image-preview:large, max-video-preview:-1\" \/>\n<link rel=\"canonical\" href=\"https:\/\/lequotidien.mr\/?p=28755&lang=fr\" \/>\n<meta property=\"og:locale\" content=\"ar_AR\" \/>\n<meta property=\"og:type\" content=\"article\" \/>\n<meta property=\"og:title\" content=\"Le Pr\u00e9sident El Ghazouani \u00e0 S\u00e9ville pour la quatri\u00e8me Conf\u00e9rence Internationale sur le Financement du D\u00e9veloppement (FfD4) - Le Quotidien de Nouakchott\" \/>\n<meta property=\"og:description\" content=\"Le Pr\u00e9sident de la R\u00e9publique Islamique de Mauritanie, Monsieur Mohamed Cheikh El Ghazouani, est arriv\u00e9 samedi soir \u00e0 S\u00e9ville, en Espagne. Sa visite s&#8217;inscrit dans le cadre de sa participation \u00e0 la quatri\u00e8me Conf\u00e9rence internationale sur le financement du d\u00e9veloppement (FfD4), un \u00e9v\u00e9nement de haut niveau plac\u00e9 sous les auspices des Nations Unies et organis\u00e9.....\" \/>\n<meta property=\"og:url\" content=\"https:\/\/lequotidien.mr\/?p=28755&amp;lang=fr\" \/>\n<meta property=\"og:site_name\" content=\"Le Quotidien de Nouakchott\" \/>\n<meta property=\"article:publisher\" content=\"https:\/\/web.facebook.com\/lequotidienmr\" \/>\n<meta property=\"article:published_time\" content=\"2025-06-29T15:58:34+00:00\" \/>\n<meta property=\"article:modified_time\" content=\"2025-06-29T16:04:28+00:00\" \/>\n<meta property=\"og:image\" content=\"https:\/\/lequotidien.mr\/wp-content\/uploads\/2025\/06\/photo-El-Ghazouani.jpeg\" \/>\n\t<meta property=\"og:image:width\" content=\"253\" \/>\n\t<meta property=\"og:image:height\" content=\"199\" \/>\n\t<meta property=\"og:image:type\" content=\"image\/jpeg\" \/>\n<meta name=\"author\" content=\"Med Ahmed\" \/>\n<meta name=\"twitter:card\" content=\"summary_large_image\" \/>\n<meta name=\"twitter:creator\" content=\"@lequotidienmr\" \/>\n<meta name=\"twitter:site\" content=\"@lequotidienmr\" \/>\n<meta name=\"twitter:label1\" content=\"\u0643\u064f\u062a\u0628 \u0628\u0648\u0627\u0633\u0637\u0629\" \/>\n\t<meta name=\"twitter:data1\" content=\"Med Ahmed\" \/>\n\t<meta name=\"twitter:label2\" content=\"\u0648\u0642\u062a \u0627\u0644\u0642\u0631\u0627\u0621\u0629 \u0627\u0644\u0645\u064f\u0642\u062f\u0651\u0631\" \/>\n\t<meta name=\"twitter:data2\" content=\"4 \u062f\u0642\u0627\u0626\u0642\" \/>\n<script type=\"application\/ld+json\" class=\"yoast-schema-graph\">{\"@context\":\"https:\\\/\\\/schema.org\",\"@graph\":[{\"@type\":\"Article\",\"@id\":\"https:\\\/\\\/lequotidien.mr\\\/?p=28755&lang=fr#article\",\"isPartOf\":{\"@id\":\"https:\\\/\\\/lequotidien.mr\\\/?p=28755&lang=fr\"},\"author\":{\"name\":\"Med Ahmed\",\"@id\":\"https:\\\/\\\/lequotidien.mr\\\/#\\\/schema\\\/person\\\/d2d350202a4d599685ed8abc25f97596\"},\"headline\":\"Le Pr\u00e9sident El Ghazouani \u00e0 S\u00e9ville pour la quatri\u00e8me Conf\u00e9rence Internationale sur le Financement du D\u00e9veloppement (FfD4)\",\"datePublished\":\"2025-06-29T15:58:34+00:00\",\"dateModified\":\"2025-06-29T16:04:28+00:00\",\"mainEntityOfPage\":{\"@id\":\"https:\\\/\\\/lequotidien.mr\\\/?p=28755&lang=fr\"},\"wordCount\":507,\"commentCount\":0,\"publisher\":{\"@id\":\"https:\\\/\\\/lequotidien.mr\\\/#organization\"},\"image\":{\"@id\":\"https:\\\/\\\/lequotidien.mr\\\/?p=28755&lang=fr#primaryimage\"},\"thumbnailUrl\":\"https:\\\/\\\/lequotidien.mr\\\/wp-content\\\/uploads\\\/2025\\\/06\\\/photo-El-Ghazouani.jpeg\",\"articleSection\":[\"ACTUALIT\u00c9\",\"Economie\"],\"inLanguage\":\"ar\",\"potentialAction\":[{\"@type\":\"CommentAction\",\"name\":\"Comment\",\"target\":[\"https:\\\/\\\/lequotidien.mr\\\/?p=28755&lang=fr#respond\"]}]},{\"@type\":\"WebPage\",\"@id\":\"https:\\\/\\\/lequotidien.mr\\\/?p=28755&lang=fr\",\"url\":\"https:\\\/\\\/lequotidien.mr\\\/?p=28755&lang=fr\",\"name\":\"Le Pr\u00e9sident El Ghazouani \u00e0 S\u00e9ville pour la quatri\u00e8me Conf\u00e9rence Internationale sur le Financement du D\u00e9veloppement (FfD4) - Le Quotidien de Nouakchott\",\"isPartOf\":{\"@id\":\"https:\\\/\\\/lequotidien.mr\\\/#website\"},\"primaryImageOfPage\":{\"@id\":\"https:\\\/\\\/lequotidien.mr\\\/?p=28755&lang=fr#primaryimage\"},\"image\":{\"@id\":\"https:\\\/\\\/lequotidien.mr\\\/?p=28755&lang=fr#primaryimage\"},\"thumbnailUrl\":\"https:\\\/\\\/lequotidien.mr\\\/wp-content\\\/uploads\\\/2025\\\/06\\\/photo-El-Ghazouani.jpeg\",\"datePublished\":\"2025-06-29T15:58:34+00:00\",\"dateModified\":\"2025-06-29T16:04:28+00:00\",\"breadcrumb\":{\"@id\":\"https:\\\/\\\/lequotidien.mr\\\/?p=28755&lang=fr#breadcrumb\"},\"inLanguage\":\"ar\",\"potentialAction\":[{\"@type\":\"ReadAction\",\"target\":[\"https:\\\/\\\/lequotidien.mr\\\/?p=28755&lang=fr\"]}]},{\"@type\":\"ImageObject\",\"inLanguage\":\"ar\",\"@id\":\"https:\\\/\\\/lequotidien.mr\\\/?p=28755&lang=fr#primaryimage\",\"url\":\"https:\\\/\\\/lequotidien.mr\\\/wp-content\\\/uploads\\\/2025\\\/06\\\/photo-El-Ghazouani.jpeg\",\"contentUrl\":\"https:\\\/\\\/lequotidien.mr\\\/wp-content\\\/uploads\\\/2025\\\/06\\\/photo-El-Ghazouani.jpeg\",\"width\":253,\"height\":199},{\"@type\":\"BreadcrumbList\",\"@id\":\"https:\\\/\\\/lequotidien.mr\\\/?p=28755&lang=fr#breadcrumb\",\"itemListElement\":[{\"@type\":\"ListItem\",\"position\":1,\"name\":\"Home\",\"item\":\"https:\\\/\\\/lequotidien.mr\\\/\"},{\"@type\":\"ListItem\",\"position\":2,\"name\":\"Le Pr\u00e9sident El Ghazouani \u00e0 S\u00e9ville pour la quatri\u00e8me Conf\u00e9rence Internationale sur le Financement du D\u00e9veloppement (FfD4)\"}]},{\"@type\":\"WebSite\",\"@id\":\"https:\\\/\\\/lequotidien.mr\\\/#website\",\"url\":\"https:\\\/\\\/lequotidien.mr\\\/\",\"name\":\"Le Quotidien de Nouakchott\",\"description\":\"\u0625\u062e\u0628\u0627\u0631\u064a\u0629 \u0645\u0633\u062a\u0642\u0644\u0629 \u0644\u0644\u0623\u0646\u0628\u0627\u0621 \u0627\u0644\u0639\u0627\u0645\u0629\",\"publisher\":{\"@id\":\"https:\\\/\\\/lequotidien.mr\\\/#organization\"},\"potentialAction\":[{\"@type\":\"SearchAction\",\"target\":{\"@type\":\"EntryPoint\",\"urlTemplate\":\"https:\\\/\\\/lequotidien.mr\\\/?s={search_term_string}\"},\"query-input\":{\"@type\":\"PropertyValueSpecification\",\"valueRequired\":true,\"valueName\":\"search_term_string\"}}],\"inLanguage\":\"ar\"},{\"@type\":\"Organization\",\"@id\":\"https:\\\/\\\/lequotidien.mr\\\/#organization\",\"name\":\"Le Quotidien de Nouakchott\",\"url\":\"https:\\\/\\\/lequotidien.mr\\\/\",\"logo\":{\"@type\":\"ImageObject\",\"inLanguage\":\"ar\",\"@id\":\"https:\\\/\\\/lequotidien.mr\\\/#\\\/schema\\\/logo\\\/image\\\/\",\"url\":\"https:\\\/\\\/lequotidien.mr\\\/wp-content\\\/uploads\\\/2022\\\/11\\\/logolequotidien.jpg\",\"contentUrl\":\"https:\\\/\\\/lequotidien.mr\\\/wp-content\\\/uploads\\\/2022\\\/11\\\/logolequotidien.jpg\",\"width\":290,\"height\":65,\"caption\":\"Le Quotidien de Nouakchott\"},\"image\":{\"@id\":\"https:\\\/\\\/lequotidien.mr\\\/#\\\/schema\\\/logo\\\/image\\\/\"},\"sameAs\":[\"https:\\\/\\\/web.facebook.com\\\/lequotidienmr\",\"https:\\\/\\\/x.com\\\/lequotidienmr\"]},{\"@type\":\"Person\",\"@id\":\"https:\\\/\\\/lequotidien.mr\\\/#\\\/schema\\\/person\\\/d2d350202a4d599685ed8abc25f97596\",\"name\":\"Med Ahmed\",\"image\":{\"@type\":\"ImageObject\",\"inLanguage\":\"ar\",\"@id\":\"https:\\\/\\\/secure.gravatar.com\\\/avatar\\\/fd2acc62ed50732923d1d39c17172c9b04149f142be92310ecc69e1358f94b52?s=96&d=mm&r=g\",\"url\":\"https:\\\/\\\/secure.gravatar.com\\\/avatar\\\/fd2acc62ed50732923d1d39c17172c9b04149f142be92310ecc69e1358f94b52?s=96&d=mm&r=g\",\"contentUrl\":\"https:\\\/\\\/secure.gravatar.com\\\/avatar\\\/fd2acc62ed50732923d1d39c17172c9b04149f142be92310ecc69e1358f94b52?s=96&d=mm&r=g\",\"caption\":\"Med Ahmed\"},\"url\":\"https:\\\/\\\/lequotidien.mr\\\/?author=12\"}]}<\/script>\n<!-- \/ Yoast SEO plugin. -->","yoast_head_json":{"title":"Le Pr\u00e9sident El Ghazouani \u00e0 S\u00e9ville pour la quatri\u00e8me Conf\u00e9rence Internationale sur le Financement du D\u00e9veloppement (FfD4) - Le Quotidien de Nouakchott","robots":{"index":"index","follow":"follow","max-snippet":"max-snippet:-1","max-image-preview":"max-image-preview:large","max-video-preview":"max-video-preview:-1"},"canonical":"https:\/\/lequotidien.mr\/?p=28755&lang=fr","og_locale":"ar_AR","og_type":"article","og_title":"Le Pr\u00e9sident El Ghazouani \u00e0 S\u00e9ville pour la quatri\u00e8me Conf\u00e9rence Internationale sur le Financement du D\u00e9veloppement (FfD4) - Le Quotidien de Nouakchott","og_description":"Le Pr\u00e9sident de la R\u00e9publique Islamique de Mauritanie, Monsieur Mohamed Cheikh El Ghazouani, est arriv\u00e9 samedi soir \u00e0 S\u00e9ville, en Espagne. Sa visite s&#8217;inscrit dans le cadre de sa participation \u00e0 la quatri\u00e8me Conf\u00e9rence internationale sur le financement du d\u00e9veloppement (FfD4), un \u00e9v\u00e9nement de haut niveau plac\u00e9 sous les auspices des Nations Unies et organis\u00e9.....","og_url":"https:\/\/lequotidien.mr\/?p=28755&lang=fr","og_site_name":"Le Quotidien de Nouakchott","article_publisher":"https:\/\/web.facebook.com\/lequotidienmr","article_published_time":"2025-06-29T15:58:34+00:00","article_modified_time":"2025-06-29T16:04:28+00:00","og_image":[{"width":253,"height":199,"url":"https:\/\/lequotidien.mr\/wp-content\/uploads\/2025\/06\/photo-El-Ghazouani.jpeg","type":"image\/jpeg"}],"author":"Med Ahmed","twitter_card":"summary_large_image","twitter_creator":"@lequotidienmr","twitter_site":"@lequotidienmr","twitter_misc":{"\u0643\u064f\u062a\u0628 \u0628\u0648\u0627\u0633\u0637\u0629":"Med Ahmed","\u0648\u0642\u062a \u0627\u0644\u0642\u0631\u0627\u0621\u0629 \u0627\u0644\u0645\u064f\u0642\u062f\u0651\u0631":"4 \u062f\u0642\u0627\u0626\u0642"},"schema":{"@context":"https:\/\/schema.org","@graph":[{"@type":"Article","@id":"https:\/\/lequotidien.mr\/?p=28755&lang=fr#article","isPartOf":{"@id":"https:\/\/lequotidien.mr\/?p=28755&lang=fr"},"author":{"name":"Med Ahmed","@id":"https:\/\/lequotidien.mr\/#\/schema\/person\/d2d350202a4d599685ed8abc25f97596"},"headline":"Le Pr\u00e9sident El Ghazouani \u00e0 S\u00e9ville pour la quatri\u00e8me Conf\u00e9rence Internationale sur le Financement du D\u00e9veloppement (FfD4)","datePublished":"2025-06-29T15:58:34+00:00","dateModified":"2025-06-29T16:04:28+00:00","mainEntityOfPage":{"@id":"https:\/\/lequotidien.mr\/?p=28755&lang=fr"},"wordCount":507,"commentCount":0,"publisher":{"@id":"https:\/\/lequotidien.mr\/#organization"},"image":{"@id":"https:\/\/lequotidien.mr\/?p=28755&lang=fr#primaryimage"},"thumbnailUrl":"https:\/\/lequotidien.mr\/wp-content\/uploads\/2025\/06\/photo-El-Ghazouani.jpeg","articleSection":["ACTUALIT\u00c9","Economie"],"inLanguage":"ar","potentialAction":[{"@type":"CommentAction","name":"Comment","target":["https:\/\/lequotidien.mr\/?p=28755&lang=fr#respond"]}]},{"@type":"WebPage","@id":"https:\/\/lequotidien.mr\/?p=28755&lang=fr","url":"https:\/\/lequotidien.mr\/?p=28755&lang=fr","name":"Le Pr\u00e9sident El Ghazouani \u00e0 S\u00e9ville pour la quatri\u00e8me Conf\u00e9rence Internationale sur le Financement du D\u00e9veloppement (FfD4) - Le Quotidien de Nouakchott","isPartOf":{"@id":"https:\/\/lequotidien.mr\/#website"},"primaryImageOfPage":{"@id":"https:\/\/lequotidien.mr\/?p=28755&lang=fr#primaryimage"},"image":{"@id":"https:\/\/lequotidien.mr\/?p=28755&lang=fr#primaryimage"},"thumbnailUrl":"https:\/\/lequotidien.mr\/wp-content\/uploads\/2025\/06\/photo-El-Ghazouani.jpeg","datePublished":"2025-06-29T15:58:34+00:00","dateModified":"2025-06-29T16:04:28+00:00","breadcrumb":{"@id":"https:\/\/lequotidien.mr\/?p=28755&lang=fr#breadcrumb"},"inLanguage":"ar","potentialAction":[{"@type":"ReadAction","target":["https:\/\/lequotidien.mr\/?p=28755&lang=fr"]}]},{"@type":"ImageObject","inLanguage":"ar","@id":"https:\/\/lequotidien.mr\/?p=28755&lang=fr#primaryimage","url":"https:\/\/lequotidien.mr\/wp-content\/uploads\/2025\/06\/photo-El-Ghazouani.jpeg","contentUrl":"https:\/\/lequotidien.mr\/wp-content\/uploads\/2025\/06\/photo-El-Ghazouani.jpeg","width":253,"height":199},{"@type":"BreadcrumbList","@id":"https:\/\/lequotidien.mr\/?p=28755&lang=fr#breadcrumb","itemListElement":[{"@type":"ListItem","position":1,"name":"Home","item":"https:\/\/lequotidien.mr\/"},{"@type":"ListItem","position":2,"name":"Le Pr\u00e9sident El Ghazouani \u00e0 S\u00e9ville pour la quatri\u00e8me Conf\u00e9rence Internationale sur le Financement du D\u00e9veloppement (FfD4)"}]},{"@type":"WebSite","@id":"https:\/\/lequotidien.mr\/#website","url":"https:\/\/lequotidien.mr\/","name":"Le Quotidien de Nouakchott","description":"\u0625\u062e\u0628\u0627\u0631\u064a\u0629 \u0645\u0633\u062a\u0642\u0644\u0629 \u0644\u0644\u0623\u0646\u0628\u0627\u0621 \u0627\u0644\u0639\u0627\u0645\u0629","publisher":{"@id":"https:\/\/lequotidien.mr\/#organization"},"potentialAction":[{"@type":"SearchAction","target":{"@type":"EntryPoint","urlTemplate":"https:\/\/lequotidien.mr\/?s={search_term_string}"},"query-input":{"@type":"PropertyValueSpecification","valueRequired":true,"valueName":"search_term_string"}}],"inLanguage":"ar"},{"@type":"Organization","@id":"https:\/\/lequotidien.mr\/#organization","name":"Le Quotidien de Nouakchott","url":"https:\/\/lequotidien.mr\/","logo":{"@type":"ImageObject","inLanguage":"ar","@id":"https:\/\/lequotidien.mr\/#\/schema\/logo\/image\/","url":"https:\/\/lequotidien.mr\/wp-content\/uploads\/2022\/11\/logolequotidien.jpg","contentUrl":"https:\/\/lequotidien.mr\/wp-content\/uploads\/2022\/11\/logolequotidien.jpg","width":290,"height":65,"caption":"Le Quotidien de Nouakchott"},"image":{"@id":"https:\/\/lequotidien.mr\/#\/schema\/logo\/image\/"},"sameAs":["https:\/\/web.facebook.com\/lequotidienmr","https:\/\/x.com\/lequotidienmr"]},{"@type":"Person","@id":"https:\/\/lequotidien.mr\/#\/schema\/person\/d2d350202a4d599685ed8abc25f97596","name":"Med Ahmed","image":{"@type":"ImageObject","inLanguage":"ar","@id":"https:\/\/secure.gravatar.com\/avatar\/fd2acc62ed50732923d1d39c17172c9b04149f142be92310ecc69e1358f94b52?s=96&d=mm&r=g","url":"https:\/\/secure.gravatar.com\/avatar\/fd2acc62ed50732923d1d39c17172c9b04149f142be92310ecc69e1358f94b52?s=96&d=mm&r=g","contentUrl":"https:\/\/secure.gravatar.com\/avatar\/fd2acc62ed50732923d1d39c17172c9b04149f142be92310ecc69e1358f94b52?s=96&d=mm&r=g","caption":"Med Ahmed"},"url":"https:\/\/lequotidien.mr\/?author=12"}]}},"_links":{"self":[{"href":"https:\/\/lequotidien.mr\/index.php?rest_route=\/wp\/v2\/posts\/28755","targetHints":{"allow":["GET"]}}],"collection":[{"href":"https:\/\/lequotidien.mr\/index.php?rest_route=\/wp\/v2\/posts"}],"about":[{"href":"https:\/\/lequotidien.mr\/index.php?rest_route=\/wp\/v2\/types\/post"}],"author":[{"embeddable":true,"href":"https:\/\/lequotidien.mr\/index.php?rest_route=\/wp\/v2\/users\/12"}],"replies":[{"embeddable":true,"href":"https:\/\/lequotidien.mr\/index.php?rest_route=%2Fwp%2Fv2%2Fcomments&post=28755"}],"version-history":[{"count":2,"href":"https:\/\/lequotidien.mr\/index.php?rest_route=\/wp\/v2\/posts\/28755\/revisions"}],"predecessor-version":[{"id":28758,"href":"https:\/\/lequotidien.mr\/index.php?rest_route=\/wp\/v2\/posts\/28755\/revisions\/28758"}],"wp:featuredmedia":[{"embeddable":true,"href":"https:\/\/lequotidien.mr\/index.php?rest_route=\/wp\/v2\/media\/28756"}],"wp:attachment":[{"href":"https:\/\/lequotidien.mr\/index.php?rest_route=%2Fwp%2Fv2%2Fmedia&parent=28755"}],"wp:term":[{"taxonomy":"category","embeddable":true,"href":"https:\/\/lequotidien.mr\/index.php?rest_route=%2Fwp%2Fv2%2Fcategories&post=28755"},{"taxonomy":"post_tag","embeddable":true,"href":"https:\/\/lequotidien.mr\/index.php?rest_route=%2Fwp%2Fv2%2Ftags&post=28755"}],"curies":[{"name":"wp","href":"https:\/\/api.w.org\/{rel}","templated":true}]}}