{"id":28752,"date":"2025-06-29T13:22:10","date_gmt":"2025-06-29T13:22:10","guid":{"rendered":"https:\/\/lequotidien.mr\/?p=28752"},"modified":"2025-06-29T13:22:10","modified_gmt":"2025-06-29T13:22:10","slug":"mauritanie-a-istanbul-le-ministre-des-transports-plaide-pour-une-connectivite-africaine-renforcee","status":"publish","type":"post","link":"https:\/\/lequotidien.mr\/?p=28752&lang=fr","title":{"rendered":"Mauritanie \u00e0 Istanbul : Le ministre des Transports plaide pour une connectivit\u00e9 africaine renforc\u00e9e"},"content":{"rendered":"<p>Le ministre mauritanien de l\u2019\u00c9quipement et du Transport, M. Ely Eveirik, a port\u00e9 haut la voix de l\u2019Afrique lors d\u2019une session de travail de haut niveau organis\u00e9e samedi dans le cadre du\u00a0<strong>Forum mondial sur la connectivit\u00e9 des transports 2025 (GTF 2025)<\/strong>. Intitul\u00e9e \u00ab Lib\u00e9rer le potentiel de connectivit\u00e9 de l\u2019Afrique \u00bb, cette r\u00e9union a vu le ministre intervenir en tant qu\u2019orateur principal pour d\u00e9fendre une int\u00e9gration continentale acc\u00e9l\u00e9r\u00e9e par les infrastructures.<\/p>\n<p><strong>La connectivit\u00e9, &#8220;n\u00e9cessit\u00e9 strat\u00e9gique&#8221; pour l&#8217;Afrique<\/strong><\/p>\n<p>Dans un plaidoyer vigoureux, M. Eveirik a affirm\u00e9 que\u00a0<strong>la connectivit\u00e9 continentale n&#8217;est plus un luxe, mais une &#8220;n\u00e9cessit\u00e9 strat\u00e9gique&#8221;<\/strong>\u00a0pour le d\u00e9veloppement et l&#8217;int\u00e9gration de l&#8217;Afrique. Il a soulign\u00e9 son r\u00f4le crucial pour :<\/p>\n<p><strong>-D\u00e9velopper le commerce intra-africain\u00a0;<\/strong><\/p>\n<p><strong>-R\u00e9duire significativement les co\u00fbts de transport\u00a0;<\/strong><\/p>\n<p><strong>-\u00c9largir l&#8217;acc\u00e8s aux march\u00e9s r\u00e9gionaux et internationaux.<\/strong><\/p>\n<p>&#8220;L\u2019Afrique dispose d\u2019un potentiel \u00e9norme, mais elle a besoin de ponts physiques et institutionnels qui unissent la g\u00e9ographie, rassemblent les gens et int\u00e8grent les \u00e9conomies&#8221;, a-t-il d\u00e9clar\u00e9, positionnant la\u00a0<strong>Mauritanie, de par sa situation g\u00e9ographique strat\u00e9gique, comme un acteur central<\/strong>\u00a0reliant le nord du continent au sud et promoteur de l&#8217;int\u00e9gration africaine et mondiale.<\/p>\n<p><strong>La Vision mauritanienne : Trois piliers pour l&#8217;int\u00e9gration<\/strong><\/p>\n<p>Le ministre a d\u00e9taill\u00e9 la\u00a0<strong>feuille de route de la Mauritanie en mati\u00e8re de transports<\/strong>, structur\u00e9e autour de trois axes fondamentaux :<\/p>\n<p><strong>-Int\u00e9gration multimodale :<\/strong>\u00a0Combiner air, mer, route et rail pour renforcer la logistique et servir l&#8217;int\u00e9gration continentale\u00a0;<\/p>\n<p><strong>-Harmonisation r\u00e9glementaire :<\/strong>\u00a0Unifier les cadres, notamment en aviation civile, pour faciliter l&#8217;interop\u00e9rabilit\u00e9 et la circulation des personnes et des biens\u00a0;<\/p>\n<p><strong>-Infrastructures durables :<\/strong>\u00a0B\u00e2tir en int\u00e9grant l&#8217;adaptation au climat et la transition vers les \u00e9nergies propres.<\/p>\n<p><strong>Des r\u00e9alisations tangibles et des projets structurants<\/strong><\/p>\n<p>M. Eveirik a mis en avant les <strong>avanc\u00e9es concr\u00e8tes de la Mauritanie<\/strong>:<\/p>\n<p><strong>-R\u00e9seau routier :<\/strong>\u00a0Plus de 2 000 km de projets achev\u00e9s, renforcement des liaisons avec le Maroc, le S\u00e9n\u00e9gal et le Mali, projet strat\u00e9gique avec l&#8217;Alg\u00e9rie et construction d&#8217;un\u00a0pont sur le fleuve S\u00e9n\u00e9gal\u00a0pour fluidifier le transit avec le S\u00e9n\u00e9gal\u00a0;<\/p>\n<p><strong>-Ports et a\u00e9roports :<\/strong>\u00a0Mise en place de ports vitaux et d\u00e9tention de\u00a0<strong>cinq a\u00e9roports internationaux<\/strong>\u00a0(plus des a\u00e9roports nationaux), soutenant l&#8217;ambition d&#8217;\u00eatre un hub a\u00e9rien r\u00e9gional s\u00fbr et efficace\u00a0;<\/p>\n<p><strong>-Ferroviaire :<\/strong>\u00a0D\u00e9veloppement du r\u00e9seau national et projet de ligne nord-sud traversant les zones agricoles pour booster l&#8217;int\u00e9gration \u00e9conomique interne\u00a0;<\/p>\n<p><strong>-\u00c9nergie propre :<\/strong>\u00a0Exploitation du grand potentiel national via des projets ambitieux, ouvrant la voie \u00e0 l&#8217;investissement vert et au d\u00e9veloppement durable.<\/p>\n<p>Il a attribu\u00e9 ces succ\u00e8s \u00e0 la\u00a0<strong>stabilit\u00e9 politique et s\u00e9curitaire<\/strong>\u00a0du pays, sous le leadership du Pr\u00e9sident Mohamed Cheikh El Ghazouani, et a rappel\u00e9 le r\u00f4le pionnier de ce dernier, durant sa pr\u00e9sidence de l&#8217;Union africaine, pour faire des infrastructures une priorit\u00e9 continentale. &#8220;L\u2019int\u00e9gration africaine ne peut se faire qu\u2019\u00e0 travers une connectivit\u00e9 effective et efficiente&#8221;, a-t-il soulign\u00e9.<\/p>\n<p><strong>D\u00e9fis et appel \u00e0 l&#8217;action collective<\/strong><\/p>\n<p>Reconnaissant les obstacles persistants (investissements insuffisants, fragmentation r\u00e9glementaire, barri\u00e8res non tarifaires, financements inadapt\u00e9s), le ministre a lanc\u00e9 un appel pour :<\/p>\n<p><strong>&#8211;<\/strong>Une\u00a0<strong>action collective multiniveaux\u00a0<\/strong>;<\/p>\n<p><strong>&#8211;<\/strong>La cr\u00e9ation d&#8217;un\u00a0<strong>environnement attractif<\/strong>\u00a0pour les investissements et les PPP\u00a0;<\/p>\n<p><strong>&#8211;<\/strong>Le renforcement de la\u00a0<strong>coordination et planification conjointe<\/strong>\u00a0entre pays africains\u00a0;<\/p>\n<p><strong>&#8211;<\/strong>La cristallisation d&#8217;une\u00a0<strong>vision continentale unifi\u00e9e<\/strong>\u00a0bas\u00e9e sur l&#8217;action, l&#8217;efficacit\u00e9 et la clart\u00e9.<\/p>\n<p>Il a salu\u00e9 des initiatives comme l&#8217;<strong>Agenda 2063 de l&#8217;UA<\/strong>, le\u00a0<strong>march\u00e9 unique du transport a\u00e9rien africain<\/strong>\u00a0et le\u00a0<strong>projet de corridor atlantique<\/strong>\u00a0comme des \u00e9tapes cl\u00e9s vers une Afrique plus interconnect\u00e9e et ind\u00e9pendante.<\/p>\n<p><strong>Signature d&#8217;un m\u00e9morandum d&#8217;entente cl\u00e9 avec la Turquie<\/strong><\/p>\n<p>En marge de la session, un\u00a0<strong>m\u00e9morandum d&#8217;entente <\/strong>a \u00e9t\u00e9 sign\u00e9 entre l&#8217;Agence Nationale de l&#8217;Aviation Civile mauritanienne (repr\u00e9sent\u00e9e par son DG, M. NGaid\u00e9 Abdallahi Abbas) et la Direction G\u00e9n\u00e9rale de l&#8217;Aviation Civile turque (repr\u00e9sent\u00e9e par M. Kemal Yuksek). Cet accord vise \u00e0\u00a0<strong>promouvoir la coop\u00e9ration technique<\/strong>\u00a0via la <strong>Formation<\/strong>\u00a0du personnel mauritanien, l\u2019A<strong>ssistance technique<\/strong>, et l\u2019\u00e9<strong>change d&#8217;expertise<\/strong>.<\/p>\n<p>Le ministre Eveirik a, en fin, r\u00e9affirm\u00e9 avec force l&#8217;engagement total de la Mauritanie, qualifiant la connectivit\u00e9 <strong>&#8220;d\u2019instrument de paix, de moteur de souverainet\u00e9 et de pont vers l\u2019unit\u00e9 africaine&#8221;<\/strong>. Son intervention \u00e0 Istanbul a confirm\u00e9 le r\u00f4le proactif de Nouakchott dans la construction des infrastructures qui fa\u00e7onneront l&#8217;avenir interconnect\u00e9 du continent.<\/p>\n","protected":false},"excerpt":{"rendered":"<p>Le ministre mauritanien de l\u2019\u00c9quipement et du Transport, M. Ely Eveirik, a port\u00e9 haut la voix de l\u2019Afrique lors d\u2019une session de travail de haut niveau organis\u00e9e samedi dans le cadre du\u00a0Forum mondial sur la connectivit\u00e9 des transports 2025 (GTF 2025). Intitul\u00e9e \u00ab Lib\u00e9rer le potentiel de connectivit\u00e9 de l\u2019Afrique \u00bb, cette r\u00e9union a vu&#8230;..<\/p>\n","protected":false},"author":12,"featured_media":28753,"comment_status":"open","ping_status":"open","sticky":false,"template":"","format":"standard","meta":{"footnotes":""},"categories":[23,49],"tags":[],"class_list":["post-28752","post","type-post","status-publish","format-standard","has-post-thumbnail","hentry","category-actualite","category-economie"],"yoast_head":"<!-- This site is optimized with the Yoast SEO plugin v27.5 - https:\/\/yoast.com\/product\/yoast-seo-wordpress\/ -->\n<title>Mauritanie \u00e0 Istanbul : Le ministre des Transports plaide pour une connectivit\u00e9 africaine renforc\u00e9e - Le Quotidien de Nouakchott<\/title>\n<meta name=\"robots\" content=\"index, follow, max-snippet:-1, max-image-preview:large, max-video-preview:-1\" \/>\n<link rel=\"canonical\" href=\"https:\/\/lequotidien.mr\/?p=28752&lang=fr\" \/>\n<meta property=\"og:locale\" content=\"ar_AR\" \/>\n<meta property=\"og:type\" content=\"article\" \/>\n<meta property=\"og:title\" content=\"Mauritanie \u00e0 Istanbul : Le ministre des Transports plaide pour une connectivit\u00e9 africaine renforc\u00e9e - Le Quotidien de Nouakchott\" \/>\n<meta property=\"og:description\" content=\"Le ministre mauritanien de l\u2019\u00c9quipement et du Transport, M. Ely Eveirik, a port\u00e9 haut la voix de l\u2019Afrique lors d\u2019une session de travail de haut niveau organis\u00e9e samedi dans le cadre du\u00a0Forum mondial sur la connectivit\u00e9 des transports 2025 (GTF 2025). Intitul\u00e9e \u00ab Lib\u00e9rer le potentiel de connectivit\u00e9 de l\u2019Afrique \u00bb, cette r\u00e9union a vu.....\" \/>\n<meta property=\"og:url\" content=\"https:\/\/lequotidien.mr\/?p=28752&amp;lang=fr\" \/>\n<meta property=\"og:site_name\" content=\"Le Quotidien de Nouakchott\" \/>\n<meta property=\"article:publisher\" content=\"https:\/\/web.facebook.com\/lequotidienmr\" \/>\n<meta property=\"article:published_time\" content=\"2025-06-29T13:22:10+00:00\" \/>\n<meta property=\"og:image\" content=\"https:\/\/lequotidien.mr\/wp-content\/uploads\/2025\/06\/photo-connectivite-Afque.jpg\" \/>\n\t<meta property=\"og:image:width\" content=\"750\" \/>\n\t<meta property=\"og:image:height\" content=\"430\" \/>\n\t<meta property=\"og:image:type\" content=\"image\/jpeg\" \/>\n<meta name=\"author\" content=\"Med Ahmed\" \/>\n<meta name=\"twitter:card\" content=\"summary_large_image\" \/>\n<meta name=\"twitter:creator\" content=\"@lequotidienmr\" \/>\n<meta name=\"twitter:site\" content=\"@lequotidienmr\" \/>\n<meta name=\"twitter:label1\" content=\"\u0643\u064f\u062a\u0628 \u0628\u0648\u0627\u0633\u0637\u0629\" \/>\n\t<meta name=\"twitter:data1\" content=\"Med Ahmed\" \/>\n\t<meta name=\"twitter:label2\" content=\"\u0648\u0642\u062a \u0627\u0644\u0642\u0631\u0627\u0621\u0629 \u0627\u0644\u0645\u064f\u0642\u062f\u0651\u0631\" \/>\n\t<meta name=\"twitter:data2\" content=\"5 \u062f\u0642\u0627\u0626\u0642\" \/>\n<script type=\"application\/ld+json\" class=\"yoast-schema-graph\">{\"@context\":\"https:\\\/\\\/schema.org\",\"@graph\":[{\"@type\":\"Article\",\"@id\":\"https:\\\/\\\/lequotidien.mr\\\/?p=28752&lang=fr#article\",\"isPartOf\":{\"@id\":\"https:\\\/\\\/lequotidien.mr\\\/?p=28752&lang=fr\"},\"author\":{\"name\":\"Med Ahmed\",\"@id\":\"https:\\\/\\\/lequotidien.mr\\\/#\\\/schema\\\/person\\\/d2d350202a4d599685ed8abc25f97596\"},\"headline\":\"Mauritanie \u00e0 Istanbul : Le ministre des Transports plaide pour une connectivit\u00e9 africaine renforc\u00e9e\",\"datePublished\":\"2025-06-29T13:22:10+00:00\",\"mainEntityOfPage\":{\"@id\":\"https:\\\/\\\/lequotidien.mr\\\/?p=28752&lang=fr\"},\"wordCount\":805,\"commentCount\":0,\"publisher\":{\"@id\":\"https:\\\/\\\/lequotidien.mr\\\/#organization\"},\"image\":{\"@id\":\"https:\\\/\\\/lequotidien.mr\\\/?p=28752&lang=fr#primaryimage\"},\"thumbnailUrl\":\"https:\\\/\\\/lequotidien.mr\\\/wp-content\\\/uploads\\\/2025\\\/06\\\/photo-connectivite-Afque.jpg\",\"articleSection\":[\"ACTUALIT\u00c9\",\"Economie\"],\"inLanguage\":\"ar\",\"potentialAction\":[{\"@type\":\"CommentAction\",\"name\":\"Comment\",\"target\":[\"https:\\\/\\\/lequotidien.mr\\\/?p=28752&lang=fr#respond\"]}]},{\"@type\":\"WebPage\",\"@id\":\"https:\\\/\\\/lequotidien.mr\\\/?p=28752&lang=fr\",\"url\":\"https:\\\/\\\/lequotidien.mr\\\/?p=28752&lang=fr\",\"name\":\"Mauritanie \u00e0 Istanbul : Le ministre des Transports plaide pour une connectivit\u00e9 africaine renforc\u00e9e - Le Quotidien de Nouakchott\",\"isPartOf\":{\"@id\":\"https:\\\/\\\/lequotidien.mr\\\/#website\"},\"primaryImageOfPage\":{\"@id\":\"https:\\\/\\\/lequotidien.mr\\\/?p=28752&lang=fr#primaryimage\"},\"image\":{\"@id\":\"https:\\\/\\\/lequotidien.mr\\\/?p=28752&lang=fr#primaryimage\"},\"thumbnailUrl\":\"https:\\\/\\\/lequotidien.mr\\\/wp-content\\\/uploads\\\/2025\\\/06\\\/photo-connectivite-Afque.jpg\",\"datePublished\":\"2025-06-29T13:22:10+00:00\",\"breadcrumb\":{\"@id\":\"https:\\\/\\\/lequotidien.mr\\\/?p=28752&lang=fr#breadcrumb\"},\"inLanguage\":\"ar\",\"potentialAction\":[{\"@type\":\"ReadAction\",\"target\":[\"https:\\\/\\\/lequotidien.mr\\\/?p=28752&lang=fr\"]}]},{\"@type\":\"ImageObject\",\"inLanguage\":\"ar\",\"@id\":\"https:\\\/\\\/lequotidien.mr\\\/?p=28752&lang=fr#primaryimage\",\"url\":\"https:\\\/\\\/lequotidien.mr\\\/wp-content\\\/uploads\\\/2025\\\/06\\\/photo-connectivite-Afque.jpg\",\"contentUrl\":\"https:\\\/\\\/lequotidien.mr\\\/wp-content\\\/uploads\\\/2025\\\/06\\\/photo-connectivite-Afque.jpg\",\"width\":750,\"height\":430},{\"@type\":\"BreadcrumbList\",\"@id\":\"https:\\\/\\\/lequotidien.mr\\\/?p=28752&lang=fr#breadcrumb\",\"itemListElement\":[{\"@type\":\"ListItem\",\"position\":1,\"name\":\"Home\",\"item\":\"https:\\\/\\\/lequotidien.mr\\\/\"},{\"@type\":\"ListItem\",\"position\":2,\"name\":\"Mauritanie \u00e0 Istanbul : Le ministre des Transports plaide pour une connectivit\u00e9 africaine renforc\u00e9e\"}]},{\"@type\":\"WebSite\",\"@id\":\"https:\\\/\\\/lequotidien.mr\\\/#website\",\"url\":\"https:\\\/\\\/lequotidien.mr\\\/\",\"name\":\"Le Quotidien de Nouakchott\",\"description\":\"\u0625\u062e\u0628\u0627\u0631\u064a\u0629 \u0645\u0633\u062a\u0642\u0644\u0629 \u0644\u0644\u0623\u0646\u0628\u0627\u0621 \u0627\u0644\u0639\u0627\u0645\u0629\",\"publisher\":{\"@id\":\"https:\\\/\\\/lequotidien.mr\\\/#organization\"},\"potentialAction\":[{\"@type\":\"SearchAction\",\"target\":{\"@type\":\"EntryPoint\",\"urlTemplate\":\"https:\\\/\\\/lequotidien.mr\\\/?s={search_term_string}\"},\"query-input\":{\"@type\":\"PropertyValueSpecification\",\"valueRequired\":true,\"valueName\":\"search_term_string\"}}],\"inLanguage\":\"ar\"},{\"@type\":\"Organization\",\"@id\":\"https:\\\/\\\/lequotidien.mr\\\/#organization\",\"name\":\"Le Quotidien de Nouakchott\",\"url\":\"https:\\\/\\\/lequotidien.mr\\\/\",\"logo\":{\"@type\":\"ImageObject\",\"inLanguage\":\"ar\",\"@id\":\"https:\\\/\\\/lequotidien.mr\\\/#\\\/schema\\\/logo\\\/image\\\/\",\"url\":\"https:\\\/\\\/lequotidien.mr\\\/wp-content\\\/uploads\\\/2022\\\/11\\\/logolequotidien.jpg\",\"contentUrl\":\"https:\\\/\\\/lequotidien.mr\\\/wp-content\\\/uploads\\\/2022\\\/11\\\/logolequotidien.jpg\",\"width\":290,\"height\":65,\"caption\":\"Le Quotidien de Nouakchott\"},\"image\":{\"@id\":\"https:\\\/\\\/lequotidien.mr\\\/#\\\/schema\\\/logo\\\/image\\\/\"},\"sameAs\":[\"https:\\\/\\\/web.facebook.com\\\/lequotidienmr\",\"https:\\\/\\\/x.com\\\/lequotidienmr\"]},{\"@type\":\"Person\",\"@id\":\"https:\\\/\\\/lequotidien.mr\\\/#\\\/schema\\\/person\\\/d2d350202a4d599685ed8abc25f97596\",\"name\":\"Med Ahmed\",\"image\":{\"@type\":\"ImageObject\",\"inLanguage\":\"ar\",\"@id\":\"https:\\\/\\\/secure.gravatar.com\\\/avatar\\\/fd2acc62ed50732923d1d39c17172c9b04149f142be92310ecc69e1358f94b52?s=96&d=mm&r=g\",\"url\":\"https:\\\/\\\/secure.gravatar.com\\\/avatar\\\/fd2acc62ed50732923d1d39c17172c9b04149f142be92310ecc69e1358f94b52?s=96&d=mm&r=g\",\"contentUrl\":\"https:\\\/\\\/secure.gravatar.com\\\/avatar\\\/fd2acc62ed50732923d1d39c17172c9b04149f142be92310ecc69e1358f94b52?s=96&d=mm&r=g\",\"caption\":\"Med Ahmed\"},\"url\":\"https:\\\/\\\/lequotidien.mr\\\/?author=12\"}]}<\/script>\n<!-- \/ Yoast SEO plugin. -->","yoast_head_json":{"title":"Mauritanie \u00e0 Istanbul : Le ministre des Transports plaide pour une connectivit\u00e9 africaine renforc\u00e9e - Le Quotidien de Nouakchott","robots":{"index":"index","follow":"follow","max-snippet":"max-snippet:-1","max-image-preview":"max-image-preview:large","max-video-preview":"max-video-preview:-1"},"canonical":"https:\/\/lequotidien.mr\/?p=28752&lang=fr","og_locale":"ar_AR","og_type":"article","og_title":"Mauritanie \u00e0 Istanbul : Le ministre des Transports plaide pour une connectivit\u00e9 africaine renforc\u00e9e - Le Quotidien de Nouakchott","og_description":"Le ministre mauritanien de l\u2019\u00c9quipement et du Transport, M. Ely Eveirik, a port\u00e9 haut la voix de l\u2019Afrique lors d\u2019une session de travail de haut niveau organis\u00e9e samedi dans le cadre du\u00a0Forum mondial sur la connectivit\u00e9 des transports 2025 (GTF 2025). Intitul\u00e9e \u00ab Lib\u00e9rer le potentiel de connectivit\u00e9 de l\u2019Afrique \u00bb, cette r\u00e9union a vu.....","og_url":"https:\/\/lequotidien.mr\/?p=28752&lang=fr","og_site_name":"Le Quotidien de Nouakchott","article_publisher":"https:\/\/web.facebook.com\/lequotidienmr","article_published_time":"2025-06-29T13:22:10+00:00","og_image":[{"width":750,"height":430,"url":"https:\/\/lequotidien.mr\/wp-content\/uploads\/2025\/06\/photo-connectivite-Afque.jpg","type":"image\/jpeg"}],"author":"Med Ahmed","twitter_card":"summary_large_image","twitter_creator":"@lequotidienmr","twitter_site":"@lequotidienmr","twitter_misc":{"\u0643\u064f\u062a\u0628 \u0628\u0648\u0627\u0633\u0637\u0629":"Med Ahmed","\u0648\u0642\u062a \u0627\u0644\u0642\u0631\u0627\u0621\u0629 \u0627\u0644\u0645\u064f\u0642\u062f\u0651\u0631":"5 \u062f\u0642\u0627\u0626\u0642"},"schema":{"@context":"https:\/\/schema.org","@graph":[{"@type":"Article","@id":"https:\/\/lequotidien.mr\/?p=28752&lang=fr#article","isPartOf":{"@id":"https:\/\/lequotidien.mr\/?p=28752&lang=fr"},"author":{"name":"Med Ahmed","@id":"https:\/\/lequotidien.mr\/#\/schema\/person\/d2d350202a4d599685ed8abc25f97596"},"headline":"Mauritanie \u00e0 Istanbul : Le ministre des Transports plaide pour une connectivit\u00e9 africaine renforc\u00e9e","datePublished":"2025-06-29T13:22:10+00:00","mainEntityOfPage":{"@id":"https:\/\/lequotidien.mr\/?p=28752&lang=fr"},"wordCount":805,"commentCount":0,"publisher":{"@id":"https:\/\/lequotidien.mr\/#organization"},"image":{"@id":"https:\/\/lequotidien.mr\/?p=28752&lang=fr#primaryimage"},"thumbnailUrl":"https:\/\/lequotidien.mr\/wp-content\/uploads\/2025\/06\/photo-connectivite-Afque.jpg","articleSection":["ACTUALIT\u00c9","Economie"],"inLanguage":"ar","potentialAction":[{"@type":"CommentAction","name":"Comment","target":["https:\/\/lequotidien.mr\/?p=28752&lang=fr#respond"]}]},{"@type":"WebPage","@id":"https:\/\/lequotidien.mr\/?p=28752&lang=fr","url":"https:\/\/lequotidien.mr\/?p=28752&lang=fr","name":"Mauritanie \u00e0 Istanbul : Le ministre des Transports plaide pour une connectivit\u00e9 africaine renforc\u00e9e - Le Quotidien de Nouakchott","isPartOf":{"@id":"https:\/\/lequotidien.mr\/#website"},"primaryImageOfPage":{"@id":"https:\/\/lequotidien.mr\/?p=28752&lang=fr#primaryimage"},"image":{"@id":"https:\/\/lequotidien.mr\/?p=28752&lang=fr#primaryimage"},"thumbnailUrl":"https:\/\/lequotidien.mr\/wp-content\/uploads\/2025\/06\/photo-connectivite-Afque.jpg","datePublished":"2025-06-29T13:22:10+00:00","breadcrumb":{"@id":"https:\/\/lequotidien.mr\/?p=28752&lang=fr#breadcrumb"},"inLanguage":"ar","potentialAction":[{"@type":"ReadAction","target":["https:\/\/lequotidien.mr\/?p=28752&lang=fr"]}]},{"@type":"ImageObject","inLanguage":"ar","@id":"https:\/\/lequotidien.mr\/?p=28752&lang=fr#primaryimage","url":"https:\/\/lequotidien.mr\/wp-content\/uploads\/2025\/06\/photo-connectivite-Afque.jpg","contentUrl":"https:\/\/lequotidien.mr\/wp-content\/uploads\/2025\/06\/photo-connectivite-Afque.jpg","width":750,"height":430},{"@type":"BreadcrumbList","@id":"https:\/\/lequotidien.mr\/?p=28752&lang=fr#breadcrumb","itemListElement":[{"@type":"ListItem","position":1,"name":"Home","item":"https:\/\/lequotidien.mr\/"},{"@type":"ListItem","position":2,"name":"Mauritanie \u00e0 Istanbul : Le ministre des Transports plaide pour une connectivit\u00e9 africaine renforc\u00e9e"}]},{"@type":"WebSite","@id":"https:\/\/lequotidien.mr\/#website","url":"https:\/\/lequotidien.mr\/","name":"Le Quotidien de Nouakchott","description":"\u0625\u062e\u0628\u0627\u0631\u064a\u0629 \u0645\u0633\u062a\u0642\u0644\u0629 \u0644\u0644\u0623\u0646\u0628\u0627\u0621 \u0627\u0644\u0639\u0627\u0645\u0629","publisher":{"@id":"https:\/\/lequotidien.mr\/#organization"},"potentialAction":[{"@type":"SearchAction","target":{"@type":"EntryPoint","urlTemplate":"https:\/\/lequotidien.mr\/?s={search_term_string}"},"query-input":{"@type":"PropertyValueSpecification","valueRequired":true,"valueName":"search_term_string"}}],"inLanguage":"ar"},{"@type":"Organization","@id":"https:\/\/lequotidien.mr\/#organization","name":"Le Quotidien de Nouakchott","url":"https:\/\/lequotidien.mr\/","logo":{"@type":"ImageObject","inLanguage":"ar","@id":"https:\/\/lequotidien.mr\/#\/schema\/logo\/image\/","url":"https:\/\/lequotidien.mr\/wp-content\/uploads\/2022\/11\/logolequotidien.jpg","contentUrl":"https:\/\/lequotidien.mr\/wp-content\/uploads\/2022\/11\/logolequotidien.jpg","width":290,"height":65,"caption":"Le Quotidien de Nouakchott"},"image":{"@id":"https:\/\/lequotidien.mr\/#\/schema\/logo\/image\/"},"sameAs":["https:\/\/web.facebook.com\/lequotidienmr","https:\/\/x.com\/lequotidienmr"]},{"@type":"Person","@id":"https:\/\/lequotidien.mr\/#\/schema\/person\/d2d350202a4d599685ed8abc25f97596","name":"Med Ahmed","image":{"@type":"ImageObject","inLanguage":"ar","@id":"https:\/\/secure.gravatar.com\/avatar\/fd2acc62ed50732923d1d39c17172c9b04149f142be92310ecc69e1358f94b52?s=96&d=mm&r=g","url":"https:\/\/secure.gravatar.com\/avatar\/fd2acc62ed50732923d1d39c17172c9b04149f142be92310ecc69e1358f94b52?s=96&d=mm&r=g","contentUrl":"https:\/\/secure.gravatar.com\/avatar\/fd2acc62ed50732923d1d39c17172c9b04149f142be92310ecc69e1358f94b52?s=96&d=mm&r=g","caption":"Med Ahmed"},"url":"https:\/\/lequotidien.mr\/?author=12"}]}},"_links":{"self":[{"href":"https:\/\/lequotidien.mr\/index.php?rest_route=\/wp\/v2\/posts\/28752","targetHints":{"allow":["GET"]}}],"collection":[{"href":"https:\/\/lequotidien.mr\/index.php?rest_route=\/wp\/v2\/posts"}],"about":[{"href":"https:\/\/lequotidien.mr\/index.php?rest_route=\/wp\/v2\/types\/post"}],"author":[{"embeddable":true,"href":"https:\/\/lequotidien.mr\/index.php?rest_route=\/wp\/v2\/users\/12"}],"replies":[{"embeddable":true,"href":"https:\/\/lequotidien.mr\/index.php?rest_route=%2Fwp%2Fv2%2Fcomments&post=28752"}],"version-history":[{"count":1,"href":"https:\/\/lequotidien.mr\/index.php?rest_route=\/wp\/v2\/posts\/28752\/revisions"}],"predecessor-version":[{"id":28754,"href":"https:\/\/lequotidien.mr\/index.php?rest_route=\/wp\/v2\/posts\/28752\/revisions\/28754"}],"wp:featuredmedia":[{"embeddable":true,"href":"https:\/\/lequotidien.mr\/index.php?rest_route=\/wp\/v2\/media\/28753"}],"wp:attachment":[{"href":"https:\/\/lequotidien.mr\/index.php?rest_route=%2Fwp%2Fv2%2Fmedia&parent=28752"}],"wp:term":[{"taxonomy":"category","embeddable":true,"href":"https:\/\/lequotidien.mr\/index.php?rest_route=%2Fwp%2Fv2%2Fcategories&post=28752"},{"taxonomy":"post_tag","embeddable":true,"href":"https:\/\/lequotidien.mr\/index.php?rest_route=%2Fwp%2Fv2%2Ftags&post=28752"}],"curies":[{"name":"wp","href":"https:\/\/api.w.org\/{rel}","templated":true}]}}