{"id":28749,"date":"2025-06-29T12:50:31","date_gmt":"2025-06-29T12:50:31","guid":{"rendered":"https:\/\/lequotidien.mr\/?p=28749"},"modified":"2025-06-29T12:50:31","modified_gmt":"2025-06-29T12:50:31","slug":"cloture-de-la-sixieme-session-de-la-grande-commission-mixte-de-cooperation-mauritano-gambienne-signature-de-14-accords-memorandums-dentente-et-protocoles-daccord-pour-renforcer-la","status":"publish","type":"post","link":"https:\/\/lequotidien.mr\/?p=28749&lang=fr","title":{"rendered":"Cl\u00f4ture de la sixi\u00e8me session de la Grande Commission Mixte de Coop\u00e9ration Mauritano-Gambienne: Signature de 14 accords, m\u00e9morandums d\u2019entente et protocoles d\u2019accord pour renforcer la coop\u00e9ration bilat\u00e9rale"},"content":{"rendered":"<p>Le Premier ministre mauritanien, M. Moctar Djay, et le vice-pr\u00e9sident de la R\u00e9publique de Gambie, M. Mohamed M. Bachir Sidi Jallow, ont pr\u00e9sid\u00e9, vendredi \u00e0 l\u2019Acad\u00e9mie diplomatique du minist\u00e8re des Affaires \u00e9trang\u00e8res, la c\u00e9r\u00e9monie de cl\u00f4ture de la\u00a0<strong>sixi\u00e8me session de la Grande Commission Mixte de Coop\u00e9ration Mauritano-Gambienne<\/strong>. Cet \u00e9v\u00e9nement marquant a \u00e9t\u00e9 couronn\u00e9 par la\u00a0<strong>signature du communiqu\u00e9 final<\/strong>\u00a0de la commission.<\/p>\n<p><strong>Une moisson d&#8217;accords pour une coop\u00e9ration \u00e9largie<\/strong><\/p>\n<p>Le temps fort de la c\u00e9r\u00e9monie a \u00e9t\u00e9 la\u00a0<strong>signature conjointe de 14 accords, m\u00e9morandums d\u2019entente et protocoles d\u2019accord<\/strong>. Ces documents, couvrant un large \u00e9ventail de secteurs strat\u00e9giques, ont \u00e9t\u00e9 paraph\u00e9s respectivement par les ministres des Affaires \u00e9trang\u00e8res, de l\u2019\u00c9nergie et du P\u00e9trole, de la P\u00eache et du Commerce des deux pays, ainsi que par leurs ambassadeurs.<\/p>\n<p>Parmi les accords notables figurent :<\/p>\n<p><strong>-Un<\/strong>\u00a0<strong>projet d&#8217;accord d&#8217;extradition\u00a0<\/strong>;<\/p>\n<p><strong>-Un<\/strong>\u00a0<strong>accord d&#8217;entraide judiciaire en mati\u00e8re p\u00e9nale<\/strong>.<\/p>\n<p>Les protocoles d&#8217;accord et m\u00e9morandums sign\u00e9s englobent quant \u00e0 eux des domaines vari\u00e9s et essentiels :<\/p>\n<p><strong>-D\u00e9fense, Jeunesse, \u00c9ducation\u00a0;<\/strong><\/p>\n<p><strong>-Affaires sociales, Enfance et Famille\u00a0;<\/strong><\/p>\n<p><strong>-Secteur num\u00e9rique, Ressources en eau, P\u00eache\u00a0;<\/strong><\/p>\n<p><strong>-Exploitation mini\u00e8re, Sant\u00e9 animale, Production animale\u00a0;<\/strong><\/p>\n<p><strong>-\u00c9nergie et Hydrocarbures, Commerce, Tourisme et H\u00f4tellerie.<\/strong><\/p>\n<p>Cette diversification des champs de collaboration illustre la volont\u00e9 des deux nations d&#8217;approfondir et de structurer leur partenariat.<\/p>\n<p><strong>Renforcer les liens au service des peuples<\/strong><\/p>\n<p>S&#8217;exprimant lors de la c\u00e9r\u00e9monie de cl\u00f4ture, le\u00a0<strong>Premier ministre Moctar Djay<\/strong>\u00a0a soulign\u00e9 l&#8217;importance des travaux de cette session :\u00a0<em>&#8220;Les travaux de cette session constituent une opportunit\u00e9 pour renforcer les cadres de la coop\u00e9ration bilat\u00e9rale et \u00e9largir ses domaines afin de servir les int\u00e9r\u00eats de nos deux pays et de nos deux peuples.&#8221;<\/em><\/p>\n<p>Il a par ailleurs adress\u00e9 un message de bienvenue chaleureux au vice-pr\u00e9sident gambien et \u00e0 sa d\u00e9l\u00e9gation, les qualifiant de bienvenus dans leur\u00a0<em>&#8220;deuxi\u00e8me pays, la Mauritanie&#8221;<\/em>, et leur souhaitant un bon retour.<\/p>\n<p>Cette session et la signature de ce corpus substantiel d&#8217;accords marquent une \u00e9tape significative dans le renforcement des relations fraternelles et de la coop\u00e9ration multiforme entre la R\u00e9publique Islamique de Mauritanie et la R\u00e9publique de Gambie.<\/p>\n","protected":false},"excerpt":{"rendered":"<p>Le Premier ministre mauritanien, M. Moctar Djay, et le vice-pr\u00e9sident de la R\u00e9publique de Gambie, M. Mohamed M. Bachir Sidi Jallow, ont pr\u00e9sid\u00e9, vendredi \u00e0 l\u2019Acad\u00e9mie diplomatique du minist\u00e8re des Affaires \u00e9trang\u00e8res, la c\u00e9r\u00e9monie de cl\u00f4ture de la\u00a0sixi\u00e8me session de la Grande Commission Mixte de Coop\u00e9ration Mauritano-Gambienne. Cet \u00e9v\u00e9nement marquant a \u00e9t\u00e9 couronn\u00e9 par la\u00a0signature&#8230;..<\/p>\n","protected":false},"author":12,"featured_media":28750,"comment_status":"open","ping_status":"open","sticky":false,"template":"","format":"standard","meta":{"footnotes":""},"categories":[23,49],"tags":[],"class_list":["post-28749","post","type-post","status-publish","format-standard","has-post-thumbnail","hentry","category-actualite","category-economie"],"yoast_head":"<!-- This site is optimized with the Yoast SEO plugin v27.5 - https:\/\/yoast.com\/product\/yoast-seo-wordpress\/ -->\n<title>Cl\u00f4ture de la sixi\u00e8me session de la Grande Commission Mixte de Coop\u00e9ration Mauritano-Gambienne: Signature de 14 accords, m\u00e9morandums d\u2019entente et protocoles d\u2019accord pour renforcer la coop\u00e9ration bilat\u00e9rale - Le Quotidien de Nouakchott<\/title>\n<meta name=\"robots\" content=\"index, follow, max-snippet:-1, max-image-preview:large, max-video-preview:-1\" \/>\n<link rel=\"canonical\" href=\"https:\/\/lequotidien.mr\/?p=28749&lang=fr\" \/>\n<meta property=\"og:locale\" content=\"ar_AR\" \/>\n<meta property=\"og:type\" content=\"article\" \/>\n<meta property=\"og:title\" content=\"Cl\u00f4ture de la sixi\u00e8me session de la Grande Commission Mixte de Coop\u00e9ration Mauritano-Gambienne: Signature de 14 accords, m\u00e9morandums d\u2019entente et protocoles d\u2019accord pour renforcer la coop\u00e9ration bilat\u00e9rale - Le Quotidien de Nouakchott\" \/>\n<meta property=\"og:description\" content=\"Le Premier ministre mauritanien, M. Moctar Djay, et le vice-pr\u00e9sident de la R\u00e9publique de Gambie, M. Mohamed M. Bachir Sidi Jallow, ont pr\u00e9sid\u00e9, vendredi \u00e0 l\u2019Acad\u00e9mie diplomatique du minist\u00e8re des Affaires \u00e9trang\u00e8res, la c\u00e9r\u00e9monie de cl\u00f4ture de la\u00a0sixi\u00e8me session de la Grande Commission Mixte de Coop\u00e9ration Mauritano-Gambienne. Cet \u00e9v\u00e9nement marquant a \u00e9t\u00e9 couronn\u00e9 par la\u00a0signature.....\" \/>\n<meta property=\"og:url\" content=\"https:\/\/lequotidien.mr\/?p=28749&amp;lang=fr\" \/>\n<meta property=\"og:site_name\" content=\"Le Quotidien de Nouakchott\" \/>\n<meta property=\"article:publisher\" content=\"https:\/\/web.facebook.com\/lequotidienmr\" \/>\n<meta property=\"article:published_time\" content=\"2025-06-29T12:50:31+00:00\" \/>\n<meta property=\"og:image\" content=\"https:\/\/lequotidien.mr\/wp-content\/uploads\/2025\/06\/photo-cloture-commission-RIM-Gbie.jpg\" \/>\n\t<meta property=\"og:image:width\" content=\"750\" \/>\n\t<meta property=\"og:image:height\" content=\"430\" \/>\n\t<meta property=\"og:image:type\" content=\"image\/jpeg\" \/>\n<meta name=\"author\" content=\"Med Ahmed\" \/>\n<meta name=\"twitter:card\" content=\"summary_large_image\" \/>\n<meta name=\"twitter:creator\" content=\"@lequotidienmr\" \/>\n<meta name=\"twitter:site\" content=\"@lequotidienmr\" \/>\n<meta name=\"twitter:label1\" content=\"\u0643\u064f\u062a\u0628 \u0628\u0648\u0627\u0633\u0637\u0629\" \/>\n\t<meta name=\"twitter:data1\" content=\"Med Ahmed\" \/>\n\t<meta name=\"twitter:label2\" content=\"\u0648\u0642\u062a \u0627\u0644\u0642\u0631\u0627\u0621\u0629 \u0627\u0644\u0645\u064f\u0642\u062f\u0651\u0631\" \/>\n\t<meta name=\"twitter:data2\" content=\"3 \u062f\u0642\u0627\u0626\u0642\" \/>\n<script type=\"application\/ld+json\" class=\"yoast-schema-graph\">{\"@context\":\"https:\\\/\\\/schema.org\",\"@graph\":[{\"@type\":\"Article\",\"@id\":\"https:\\\/\\\/lequotidien.mr\\\/?p=28749&lang=fr#article\",\"isPartOf\":{\"@id\":\"https:\\\/\\\/lequotidien.mr\\\/?p=28749&lang=fr\"},\"author\":{\"name\":\"Med Ahmed\",\"@id\":\"https:\\\/\\\/lequotidien.mr\\\/#\\\/schema\\\/person\\\/d2d350202a4d599685ed8abc25f97596\"},\"headline\":\"Cl\u00f4ture de la sixi\u00e8me session de la Grande Commission Mixte de Coop\u00e9ration Mauritano-Gambienne: Signature de 14 accords, m\u00e9morandums d\u2019entente et protocoles d\u2019accord pour renforcer la coop\u00e9ration bilat\u00e9rale\",\"datePublished\":\"2025-06-29T12:50:31+00:00\",\"mainEntityOfPage\":{\"@id\":\"https:\\\/\\\/lequotidien.mr\\\/?p=28749&lang=fr\"},\"wordCount\":422,\"commentCount\":0,\"publisher\":{\"@id\":\"https:\\\/\\\/lequotidien.mr\\\/#organization\"},\"image\":{\"@id\":\"https:\\\/\\\/lequotidien.mr\\\/?p=28749&lang=fr#primaryimage\"},\"thumbnailUrl\":\"https:\\\/\\\/lequotidien.mr\\\/wp-content\\\/uploads\\\/2025\\\/06\\\/photo-cloture-commission-RIM-Gbie.jpg\",\"articleSection\":[\"ACTUALIT\u00c9\",\"Economie\"],\"inLanguage\":\"ar\",\"potentialAction\":[{\"@type\":\"CommentAction\",\"name\":\"Comment\",\"target\":[\"https:\\\/\\\/lequotidien.mr\\\/?p=28749&lang=fr#respond\"]}]},{\"@type\":\"WebPage\",\"@id\":\"https:\\\/\\\/lequotidien.mr\\\/?p=28749&lang=fr\",\"url\":\"https:\\\/\\\/lequotidien.mr\\\/?p=28749&lang=fr\",\"name\":\"Cl\u00f4ture de la sixi\u00e8me session de la Grande Commission Mixte de Coop\u00e9ration Mauritano-Gambienne: Signature de 14 accords, m\u00e9morandums d\u2019entente et protocoles d\u2019accord pour renforcer la coop\u00e9ration bilat\u00e9rale - Le Quotidien de Nouakchott\",\"isPartOf\":{\"@id\":\"https:\\\/\\\/lequotidien.mr\\\/#website\"},\"primaryImageOfPage\":{\"@id\":\"https:\\\/\\\/lequotidien.mr\\\/?p=28749&lang=fr#primaryimage\"},\"image\":{\"@id\":\"https:\\\/\\\/lequotidien.mr\\\/?p=28749&lang=fr#primaryimage\"},\"thumbnailUrl\":\"https:\\\/\\\/lequotidien.mr\\\/wp-content\\\/uploads\\\/2025\\\/06\\\/photo-cloture-commission-RIM-Gbie.jpg\",\"datePublished\":\"2025-06-29T12:50:31+00:00\",\"breadcrumb\":{\"@id\":\"https:\\\/\\\/lequotidien.mr\\\/?p=28749&lang=fr#breadcrumb\"},\"inLanguage\":\"ar\",\"potentialAction\":[{\"@type\":\"ReadAction\",\"target\":[\"https:\\\/\\\/lequotidien.mr\\\/?p=28749&lang=fr\"]}]},{\"@type\":\"ImageObject\",\"inLanguage\":\"ar\",\"@id\":\"https:\\\/\\\/lequotidien.mr\\\/?p=28749&lang=fr#primaryimage\",\"url\":\"https:\\\/\\\/lequotidien.mr\\\/wp-content\\\/uploads\\\/2025\\\/06\\\/photo-cloture-commission-RIM-Gbie.jpg\",\"contentUrl\":\"https:\\\/\\\/lequotidien.mr\\\/wp-content\\\/uploads\\\/2025\\\/06\\\/photo-cloture-commission-RIM-Gbie.jpg\",\"width\":750,\"height\":430},{\"@type\":\"BreadcrumbList\",\"@id\":\"https:\\\/\\\/lequotidien.mr\\\/?p=28749&lang=fr#breadcrumb\",\"itemListElement\":[{\"@type\":\"ListItem\",\"position\":1,\"name\":\"Home\",\"item\":\"https:\\\/\\\/lequotidien.mr\\\/\"},{\"@type\":\"ListItem\",\"position\":2,\"name\":\"Cl\u00f4ture de la sixi\u00e8me session de la Grande Commission Mixte de Coop\u00e9ration Mauritano-Gambienne: Signature de 14 accords, m\u00e9morandums d\u2019entente et protocoles d\u2019accord pour renforcer la coop\u00e9ration bilat\u00e9rale\"}]},{\"@type\":\"WebSite\",\"@id\":\"https:\\\/\\\/lequotidien.mr\\\/#website\",\"url\":\"https:\\\/\\\/lequotidien.mr\\\/\",\"name\":\"Le Quotidien de Nouakchott\",\"description\":\"\u0625\u062e\u0628\u0627\u0631\u064a\u0629 \u0645\u0633\u062a\u0642\u0644\u0629 \u0644\u0644\u0623\u0646\u0628\u0627\u0621 \u0627\u0644\u0639\u0627\u0645\u0629\",\"publisher\":{\"@id\":\"https:\\\/\\\/lequotidien.mr\\\/#organization\"},\"potentialAction\":[{\"@type\":\"SearchAction\",\"target\":{\"@type\":\"EntryPoint\",\"urlTemplate\":\"https:\\\/\\\/lequotidien.mr\\\/?s={search_term_string}\"},\"query-input\":{\"@type\":\"PropertyValueSpecification\",\"valueRequired\":true,\"valueName\":\"search_term_string\"}}],\"inLanguage\":\"ar\"},{\"@type\":\"Organization\",\"@id\":\"https:\\\/\\\/lequotidien.mr\\\/#organization\",\"name\":\"Le Quotidien de Nouakchott\",\"url\":\"https:\\\/\\\/lequotidien.mr\\\/\",\"logo\":{\"@type\":\"ImageObject\",\"inLanguage\":\"ar\",\"@id\":\"https:\\\/\\\/lequotidien.mr\\\/#\\\/schema\\\/logo\\\/image\\\/\",\"url\":\"https:\\\/\\\/lequotidien.mr\\\/wp-content\\\/uploads\\\/2022\\\/11\\\/logolequotidien.jpg\",\"contentUrl\":\"https:\\\/\\\/lequotidien.mr\\\/wp-content\\\/uploads\\\/2022\\\/11\\\/logolequotidien.jpg\",\"width\":290,\"height\":65,\"caption\":\"Le Quotidien de Nouakchott\"},\"image\":{\"@id\":\"https:\\\/\\\/lequotidien.mr\\\/#\\\/schema\\\/logo\\\/image\\\/\"},\"sameAs\":[\"https:\\\/\\\/web.facebook.com\\\/lequotidienmr\",\"https:\\\/\\\/x.com\\\/lequotidienmr\"]},{\"@type\":\"Person\",\"@id\":\"https:\\\/\\\/lequotidien.mr\\\/#\\\/schema\\\/person\\\/d2d350202a4d599685ed8abc25f97596\",\"name\":\"Med Ahmed\",\"image\":{\"@type\":\"ImageObject\",\"inLanguage\":\"ar\",\"@id\":\"https:\\\/\\\/secure.gravatar.com\\\/avatar\\\/fd2acc62ed50732923d1d39c17172c9b04149f142be92310ecc69e1358f94b52?s=96&d=mm&r=g\",\"url\":\"https:\\\/\\\/secure.gravatar.com\\\/avatar\\\/fd2acc62ed50732923d1d39c17172c9b04149f142be92310ecc69e1358f94b52?s=96&d=mm&r=g\",\"contentUrl\":\"https:\\\/\\\/secure.gravatar.com\\\/avatar\\\/fd2acc62ed50732923d1d39c17172c9b04149f142be92310ecc69e1358f94b52?s=96&d=mm&r=g\",\"caption\":\"Med Ahmed\"},\"url\":\"https:\\\/\\\/lequotidien.mr\\\/?author=12\"}]}<\/script>\n<!-- \/ Yoast SEO plugin. -->","yoast_head_json":{"title":"Cl\u00f4ture de la sixi\u00e8me session de la Grande Commission Mixte de Coop\u00e9ration Mauritano-Gambienne: Signature de 14 accords, m\u00e9morandums d\u2019entente et protocoles d\u2019accord pour renforcer la coop\u00e9ration bilat\u00e9rale - Le Quotidien de Nouakchott","robots":{"index":"index","follow":"follow","max-snippet":"max-snippet:-1","max-image-preview":"max-image-preview:large","max-video-preview":"max-video-preview:-1"},"canonical":"https:\/\/lequotidien.mr\/?p=28749&lang=fr","og_locale":"ar_AR","og_type":"article","og_title":"Cl\u00f4ture de la sixi\u00e8me session de la Grande Commission Mixte de Coop\u00e9ration Mauritano-Gambienne: Signature de 14 accords, m\u00e9morandums d\u2019entente et protocoles d\u2019accord pour renforcer la coop\u00e9ration bilat\u00e9rale - Le Quotidien de Nouakchott","og_description":"Le Premier ministre mauritanien, M. Moctar Djay, et le vice-pr\u00e9sident de la R\u00e9publique de Gambie, M. Mohamed M. Bachir Sidi Jallow, ont pr\u00e9sid\u00e9, vendredi \u00e0 l\u2019Acad\u00e9mie diplomatique du minist\u00e8re des Affaires \u00e9trang\u00e8res, la c\u00e9r\u00e9monie de cl\u00f4ture de la\u00a0sixi\u00e8me session de la Grande Commission Mixte de Coop\u00e9ration Mauritano-Gambienne. Cet \u00e9v\u00e9nement marquant a \u00e9t\u00e9 couronn\u00e9 par la\u00a0signature.....","og_url":"https:\/\/lequotidien.mr\/?p=28749&lang=fr","og_site_name":"Le Quotidien de Nouakchott","article_publisher":"https:\/\/web.facebook.com\/lequotidienmr","article_published_time":"2025-06-29T12:50:31+00:00","og_image":[{"width":750,"height":430,"url":"https:\/\/lequotidien.mr\/wp-content\/uploads\/2025\/06\/photo-cloture-commission-RIM-Gbie.jpg","type":"image\/jpeg"}],"author":"Med Ahmed","twitter_card":"summary_large_image","twitter_creator":"@lequotidienmr","twitter_site":"@lequotidienmr","twitter_misc":{"\u0643\u064f\u062a\u0628 \u0628\u0648\u0627\u0633\u0637\u0629":"Med Ahmed","\u0648\u0642\u062a \u0627\u0644\u0642\u0631\u0627\u0621\u0629 \u0627\u0644\u0645\u064f\u0642\u062f\u0651\u0631":"3 \u062f\u0642\u0627\u0626\u0642"},"schema":{"@context":"https:\/\/schema.org","@graph":[{"@type":"Article","@id":"https:\/\/lequotidien.mr\/?p=28749&lang=fr#article","isPartOf":{"@id":"https:\/\/lequotidien.mr\/?p=28749&lang=fr"},"author":{"name":"Med Ahmed","@id":"https:\/\/lequotidien.mr\/#\/schema\/person\/d2d350202a4d599685ed8abc25f97596"},"headline":"Cl\u00f4ture de la sixi\u00e8me session de la Grande Commission Mixte de Coop\u00e9ration Mauritano-Gambienne: Signature de 14 accords, m\u00e9morandums d\u2019entente et protocoles d\u2019accord pour renforcer la coop\u00e9ration bilat\u00e9rale","datePublished":"2025-06-29T12:50:31+00:00","mainEntityOfPage":{"@id":"https:\/\/lequotidien.mr\/?p=28749&lang=fr"},"wordCount":422,"commentCount":0,"publisher":{"@id":"https:\/\/lequotidien.mr\/#organization"},"image":{"@id":"https:\/\/lequotidien.mr\/?p=28749&lang=fr#primaryimage"},"thumbnailUrl":"https:\/\/lequotidien.mr\/wp-content\/uploads\/2025\/06\/photo-cloture-commission-RIM-Gbie.jpg","articleSection":["ACTUALIT\u00c9","Economie"],"inLanguage":"ar","potentialAction":[{"@type":"CommentAction","name":"Comment","target":["https:\/\/lequotidien.mr\/?p=28749&lang=fr#respond"]}]},{"@type":"WebPage","@id":"https:\/\/lequotidien.mr\/?p=28749&lang=fr","url":"https:\/\/lequotidien.mr\/?p=28749&lang=fr","name":"Cl\u00f4ture de la sixi\u00e8me session de la Grande Commission Mixte de Coop\u00e9ration Mauritano-Gambienne: Signature de 14 accords, m\u00e9morandums d\u2019entente et protocoles d\u2019accord pour renforcer la coop\u00e9ration bilat\u00e9rale - Le Quotidien de Nouakchott","isPartOf":{"@id":"https:\/\/lequotidien.mr\/#website"},"primaryImageOfPage":{"@id":"https:\/\/lequotidien.mr\/?p=28749&lang=fr#primaryimage"},"image":{"@id":"https:\/\/lequotidien.mr\/?p=28749&lang=fr#primaryimage"},"thumbnailUrl":"https:\/\/lequotidien.mr\/wp-content\/uploads\/2025\/06\/photo-cloture-commission-RIM-Gbie.jpg","datePublished":"2025-06-29T12:50:31+00:00","breadcrumb":{"@id":"https:\/\/lequotidien.mr\/?p=28749&lang=fr#breadcrumb"},"inLanguage":"ar","potentialAction":[{"@type":"ReadAction","target":["https:\/\/lequotidien.mr\/?p=28749&lang=fr"]}]},{"@type":"ImageObject","inLanguage":"ar","@id":"https:\/\/lequotidien.mr\/?p=28749&lang=fr#primaryimage","url":"https:\/\/lequotidien.mr\/wp-content\/uploads\/2025\/06\/photo-cloture-commission-RIM-Gbie.jpg","contentUrl":"https:\/\/lequotidien.mr\/wp-content\/uploads\/2025\/06\/photo-cloture-commission-RIM-Gbie.jpg","width":750,"height":430},{"@type":"BreadcrumbList","@id":"https:\/\/lequotidien.mr\/?p=28749&lang=fr#breadcrumb","itemListElement":[{"@type":"ListItem","position":1,"name":"Home","item":"https:\/\/lequotidien.mr\/"},{"@type":"ListItem","position":2,"name":"Cl\u00f4ture de la sixi\u00e8me session de la Grande Commission Mixte de Coop\u00e9ration Mauritano-Gambienne: Signature de 14 accords, m\u00e9morandums d\u2019entente et protocoles d\u2019accord pour renforcer la coop\u00e9ration bilat\u00e9rale"}]},{"@type":"WebSite","@id":"https:\/\/lequotidien.mr\/#website","url":"https:\/\/lequotidien.mr\/","name":"Le Quotidien de Nouakchott","description":"\u0625\u062e\u0628\u0627\u0631\u064a\u0629 \u0645\u0633\u062a\u0642\u0644\u0629 \u0644\u0644\u0623\u0646\u0628\u0627\u0621 \u0627\u0644\u0639\u0627\u0645\u0629","publisher":{"@id":"https:\/\/lequotidien.mr\/#organization"},"potentialAction":[{"@type":"SearchAction","target":{"@type":"EntryPoint","urlTemplate":"https:\/\/lequotidien.mr\/?s={search_term_string}"},"query-input":{"@type":"PropertyValueSpecification","valueRequired":true,"valueName":"search_term_string"}}],"inLanguage":"ar"},{"@type":"Organization","@id":"https:\/\/lequotidien.mr\/#organization","name":"Le Quotidien de Nouakchott","url":"https:\/\/lequotidien.mr\/","logo":{"@type":"ImageObject","inLanguage":"ar","@id":"https:\/\/lequotidien.mr\/#\/schema\/logo\/image\/","url":"https:\/\/lequotidien.mr\/wp-content\/uploads\/2022\/11\/logolequotidien.jpg","contentUrl":"https:\/\/lequotidien.mr\/wp-content\/uploads\/2022\/11\/logolequotidien.jpg","width":290,"height":65,"caption":"Le Quotidien de Nouakchott"},"image":{"@id":"https:\/\/lequotidien.mr\/#\/schema\/logo\/image\/"},"sameAs":["https:\/\/web.facebook.com\/lequotidienmr","https:\/\/x.com\/lequotidienmr"]},{"@type":"Person","@id":"https:\/\/lequotidien.mr\/#\/schema\/person\/d2d350202a4d599685ed8abc25f97596","name":"Med Ahmed","image":{"@type":"ImageObject","inLanguage":"ar","@id":"https:\/\/secure.gravatar.com\/avatar\/fd2acc62ed50732923d1d39c17172c9b04149f142be92310ecc69e1358f94b52?s=96&d=mm&r=g","url":"https:\/\/secure.gravatar.com\/avatar\/fd2acc62ed50732923d1d39c17172c9b04149f142be92310ecc69e1358f94b52?s=96&d=mm&r=g","contentUrl":"https:\/\/secure.gravatar.com\/avatar\/fd2acc62ed50732923d1d39c17172c9b04149f142be92310ecc69e1358f94b52?s=96&d=mm&r=g","caption":"Med Ahmed"},"url":"https:\/\/lequotidien.mr\/?author=12"}]}},"_links":{"self":[{"href":"https:\/\/lequotidien.mr\/index.php?rest_route=\/wp\/v2\/posts\/28749","targetHints":{"allow":["GET"]}}],"collection":[{"href":"https:\/\/lequotidien.mr\/index.php?rest_route=\/wp\/v2\/posts"}],"about":[{"href":"https:\/\/lequotidien.mr\/index.php?rest_route=\/wp\/v2\/types\/post"}],"author":[{"embeddable":true,"href":"https:\/\/lequotidien.mr\/index.php?rest_route=\/wp\/v2\/users\/12"}],"replies":[{"embeddable":true,"href":"https:\/\/lequotidien.mr\/index.php?rest_route=%2Fwp%2Fv2%2Fcomments&post=28749"}],"version-history":[{"count":1,"href":"https:\/\/lequotidien.mr\/index.php?rest_route=\/wp\/v2\/posts\/28749\/revisions"}],"predecessor-version":[{"id":28751,"href":"https:\/\/lequotidien.mr\/index.php?rest_route=\/wp\/v2\/posts\/28749\/revisions\/28751"}],"wp:featuredmedia":[{"embeddable":true,"href":"https:\/\/lequotidien.mr\/index.php?rest_route=\/wp\/v2\/media\/28750"}],"wp:attachment":[{"href":"https:\/\/lequotidien.mr\/index.php?rest_route=%2Fwp%2Fv2%2Fmedia&parent=28749"}],"wp:term":[{"taxonomy":"category","embeddable":true,"href":"https:\/\/lequotidien.mr\/index.php?rest_route=%2Fwp%2Fv2%2Fcategories&post=28749"},{"taxonomy":"post_tag","embeddable":true,"href":"https:\/\/lequotidien.mr\/index.php?rest_route=%2Fwp%2Fv2%2Ftags&post=28749"}],"curies":[{"name":"wp","href":"https:\/\/api.w.org\/{rel}","templated":true}]}}