{"id":28746,"date":"2025-06-29T11:50:34","date_gmt":"2025-06-29T11:50:34","guid":{"rendered":"https:\/\/lequotidien.mr\/?p=28746"},"modified":"2025-06-29T11:50:34","modified_gmt":"2025-06-29T11:50:34","slug":"10eme-session-du-conseil-des-ministres-de-lagence-africaine-de-la-grande-muraille-verte-engagement-renouvele-a-bamako","status":"publish","type":"post","link":"https:\/\/lequotidien.mr\/?p=28746&lang=fr","title":{"rendered":"10\u00e8me session du Conseil des Ministres de l\u2019Agence Africaine de la Grande Muraille Verte : Engagement renouvel\u00e9 \u00e0 Bamako"},"content":{"rendered":"<p>La Ministre mauritanienne de l\u2019Environnement et du D\u00e9veloppement durable, Mme Messaouda Baham Mohamed Laghdhaf, a pris part ce jeudi \u00e0 la\u00a0<strong>10\u00e8me session ordinaire du Conseil des ministres de l\u2019Agence africaine pour la Grande Muraille Verte (AGMV)<\/strong>, tenue \u00e0 Bamako.<\/p>\n<p>Cet \u00e9v\u00e9nement crucial, rassemblant plusieurs ministres de l\u2019Environnement des \u00c9tats membres et des repr\u00e9sentants de partenaires techniques et financiers, a \u00e9t\u00e9 l&#8217;occasion pour la Mauritanie de r\u00e9affirmer son engagement fort en faveur de cette initiative continentale majeure.<\/p>\n<p><strong>Plaidoyer mauritanien pour l&#8217;efficacit\u00e9 et l&#8217;engagement<\/strong><\/p>\n<p>Lors de la s\u00e9ance d&#8217;ouverture,\u00a0<strong>Mme Laghdhaf<\/strong>\u00a0a prononc\u00e9 un discours saluant les efforts conjoints des \u00c9tats membres pour\u00a0<strong>renforcer l&#8217;efficacit\u00e9 de l&#8217;Agence<\/strong>. Elle a surtout r\u00e9it\u00e9r\u00e9 l&#8217;engagement in\u00e9branlable de la\u00a0<strong>R\u00e9publique Islamique de Mauritanie<\/strong>\u00a0\u00e0 continuer de soutenir et de d\u00e9velopper l&#8217;initiative de la Grande Muraille Verte. Cet engagement vise \u00e0 atteindre les objectifs fondamentaux du projet : le d\u00e9veloppement socio-\u00e9conomique et la protection de l&#8217;environnement dans la r\u00e9gion sah\u00e9lienne, particuli\u00e8rement vuln\u00e9rable.<\/p>\n<p><strong>La Mauritanie, acteur cl\u00e9 des r\u00e9formes salu\u00e9es<\/strong><\/p>\n<p>La session a \u00e9t\u00e9 consacr\u00e9e \u00e0 l&#8217;examen des\u00a0<strong>importantes r\u00e9formes institutionnelles en cours<\/strong>\u00a0au sein de l&#8217;AGMV. \u00c0 cette occasion, la d\u00e9l\u00e9gation mauritanienne a re\u00e7u des\u00a0f\u00e9licitations unanimes pour son r\u00f4le moteur\u00a0dans la conduite de ces r\u00e9formes essentielles. Les participants ont notamment soulign\u00e9 la contribution active de la Mauritanie dans la mise en \u0153uvre des recommandations issues des r\u00e9unions pr\u00e9c\u00e9dentes. Ces r\u00e9formes concernent notamment :<\/p>\n<p><strong>-La<\/strong>\u00a0<strong>restructuration du Secr\u00e9tariat Ex\u00e9cutif<\/strong>\u00a0<strong>de l&#8217;Agence<\/strong>\u00a0;<\/p>\n<p><strong>-Le<\/strong>\u00a0<strong>renforcement de la gouvernance<\/strong>\u00a0<strong>interne<\/strong>\u00a0;<\/p>\n<p><strong>-L&#8217;am\u00e9lioration des<\/strong>\u00a0<strong>m\u00e9canismes de financement<\/strong>.<\/p>\n<p>Les efforts d\u00e9ploy\u00e9s par la Mauritanie pour la r\u00e9ussite du processus de r\u00e9forme et son implication constante dans l&#8217;initiative continentale \u2013 qui vise \u00e0 r\u00e9habiliter les terres d\u00e9grad\u00e9es, renforcer la r\u00e9silience des communaut\u00e9s locales et promouvoir le d\u00e9veloppement durable dans les zones d\u00e9sertiques \u2013 ont \u00e9t\u00e9 particuli\u00e8rement appr\u00e9ci\u00e9s.<\/p>\n<p><strong>Soutien malien et perspectives futures<\/strong><\/p>\n<p>En cl\u00f4ture de la session, le\u00a0<strong>Premier Ministre malien, le G\u00e9n\u00e9ral de division Abdoulaye Ma\u00efga<\/strong>, a re\u00e7u les ministres participants. Il a exprim\u00e9 le\u00a0<strong>plein soutien de la R\u00e9publique du Mali<\/strong>\u00a0\u00e0 l&#8217;initiative de la Grande Muraille Verte. En sa qualit\u00e9 de pays assurant la pr\u00e9sidence en exercice de l&#8217;AGMV, le Mali a r\u00e9affirm\u00e9 sa volont\u00e9 de continuer \u00e0\u00a0plaider et d\u00e9fendre activement\u00a0ce projet strat\u00e9gique dans tous les forums r\u00e9gionaux et internationaux.<\/p>\n<p>La d\u00e9l\u00e9gation mauritanienne pr\u00e9sente \u00e0 Bamako \u00e9tait \u00e9galement compos\u00e9e de\u00a0<strong>M. Sidina Ahmed Ely, Directeur G\u00e9n\u00e9ral de l\u2019Agence Nationale de la Grande Muraille Verte en Mauritanie<\/strong>, soulignant l&#8217;importance nationale accord\u00e9e \u00e0 ce projet panafricain.<\/p>\n<p>Cette 10\u00e8me session du Conseil des ministres de l&#8217;AGMV marque ainsi une \u00e9tape importante dans la consolidation de l&#8217;Agence et confirme le r\u00f4le actif et reconnu de la Mauritanie dans la lutte contre la d\u00e9sertification et la promotion du d\u00e9veloppement durable au Sahel \u00e0 travers la Grande Muraille Verte.<\/p>\n","protected":false},"excerpt":{"rendered":"<p>La Ministre mauritanienne de l\u2019Environnement et du D\u00e9veloppement durable, Mme Messaouda Baham Mohamed Laghdhaf, a pris part ce jeudi \u00e0 la\u00a010\u00e8me session ordinaire du Conseil des ministres de l\u2019Agence africaine pour la Grande Muraille Verte (AGMV), tenue \u00e0 Bamako. Cet \u00e9v\u00e9nement crucial, rassemblant plusieurs ministres de l\u2019Environnement des \u00c9tats membres et des repr\u00e9sentants de partenaires&#8230;..<\/p>\n","protected":false},"author":12,"featured_media":28747,"comment_status":"open","ping_status":"open","sticky":false,"template":"","format":"standard","meta":{"footnotes":""},"categories":[23,49],"tags":[],"class_list":["post-28746","post","type-post","status-publish","format-standard","has-post-thumbnail","hentry","category-actualite","category-economie"],"yoast_head":"<!-- This site is optimized with the Yoast SEO plugin v27.5 - https:\/\/yoast.com\/product\/yoast-seo-wordpress\/ -->\n<title>10\u00e8me session du Conseil des Ministres de l\u2019Agence Africaine de la Grande Muraille Verte : Engagement renouvel\u00e9 \u00e0 Bamako - Le Quotidien de Nouakchott<\/title>\n<meta name=\"robots\" content=\"index, follow, max-snippet:-1, max-image-preview:large, max-video-preview:-1\" \/>\n<link rel=\"canonical\" href=\"https:\/\/lequotidien.mr\/?p=28746&lang=fr\" \/>\n<meta property=\"og:locale\" content=\"ar_AR\" \/>\n<meta property=\"og:type\" content=\"article\" \/>\n<meta property=\"og:title\" content=\"10\u00e8me session du Conseil des Ministres de l\u2019Agence Africaine de la Grande Muraille Verte : Engagement renouvel\u00e9 \u00e0 Bamako - Le Quotidien de Nouakchott\" \/>\n<meta property=\"og:description\" content=\"La Ministre mauritanienne de l\u2019Environnement et du D\u00e9veloppement durable, Mme Messaouda Baham Mohamed Laghdhaf, a pris part ce jeudi \u00e0 la\u00a010\u00e8me session ordinaire du Conseil des ministres de l\u2019Agence africaine pour la Grande Muraille Verte (AGMV), tenue \u00e0 Bamako. Cet \u00e9v\u00e9nement crucial, rassemblant plusieurs ministres de l\u2019Environnement des \u00c9tats membres et des repr\u00e9sentants de partenaires.....\" \/>\n<meta property=\"og:url\" content=\"https:\/\/lequotidien.mr\/?p=28746&amp;lang=fr\" \/>\n<meta property=\"og:site_name\" content=\"Le Quotidien de Nouakchott\" \/>\n<meta property=\"article:publisher\" content=\"https:\/\/web.facebook.com\/lequotidienmr\" \/>\n<meta property=\"article:published_time\" content=\"2025-06-29T11:50:34+00:00\" \/>\n<meta property=\"og:image\" content=\"https:\/\/lequotidien.mr\/wp-content\/uploads\/2025\/06\/photo-Gde-muraille-Bko.jpg\" \/>\n\t<meta property=\"og:image:width\" content=\"750\" \/>\n\t<meta property=\"og:image:height\" content=\"430\" \/>\n\t<meta property=\"og:image:type\" content=\"image\/jpeg\" \/>\n<meta name=\"author\" content=\"Med Ahmed\" \/>\n<meta name=\"twitter:card\" content=\"summary_large_image\" \/>\n<meta name=\"twitter:creator\" content=\"@lequotidienmr\" \/>\n<meta name=\"twitter:site\" content=\"@lequotidienmr\" \/>\n<meta name=\"twitter:label1\" content=\"\u0643\u064f\u062a\u0628 \u0628\u0648\u0627\u0633\u0637\u0629\" \/>\n\t<meta name=\"twitter:data1\" content=\"Med Ahmed\" \/>\n\t<meta name=\"twitter:label2\" content=\"\u0648\u0642\u062a \u0627\u0644\u0642\u0631\u0627\u0621\u0629 \u0627\u0644\u0645\u064f\u0642\u062f\u0651\u0631\" \/>\n\t<meta name=\"twitter:data2\" content=\"4 \u062f\u0642\u0627\u0626\u0642\" \/>\n<script type=\"application\/ld+json\" class=\"yoast-schema-graph\">{\"@context\":\"https:\\\/\\\/schema.org\",\"@graph\":[{\"@type\":\"Article\",\"@id\":\"https:\\\/\\\/lequotidien.mr\\\/?p=28746&lang=fr#article\",\"isPartOf\":{\"@id\":\"https:\\\/\\\/lequotidien.mr\\\/?p=28746&lang=fr\"},\"author\":{\"name\":\"Med Ahmed\",\"@id\":\"https:\\\/\\\/lequotidien.mr\\\/#\\\/schema\\\/person\\\/d2d350202a4d599685ed8abc25f97596\"},\"headline\":\"10\u00e8me session du Conseil des Ministres de l\u2019Agence Africaine de la Grande Muraille Verte : Engagement renouvel\u00e9 \u00e0 Bamako\",\"datePublished\":\"2025-06-29T11:50:34+00:00\",\"mainEntityOfPage\":{\"@id\":\"https:\\\/\\\/lequotidien.mr\\\/?p=28746&lang=fr\"},\"wordCount\":550,\"commentCount\":0,\"publisher\":{\"@id\":\"https:\\\/\\\/lequotidien.mr\\\/#organization\"},\"image\":{\"@id\":\"https:\\\/\\\/lequotidien.mr\\\/?p=28746&lang=fr#primaryimage\"},\"thumbnailUrl\":\"https:\\\/\\\/lequotidien.mr\\\/wp-content\\\/uploads\\\/2025\\\/06\\\/photo-Gde-muraille-Bko.jpg\",\"articleSection\":[\"ACTUALIT\u00c9\",\"Economie\"],\"inLanguage\":\"ar\",\"potentialAction\":[{\"@type\":\"CommentAction\",\"name\":\"Comment\",\"target\":[\"https:\\\/\\\/lequotidien.mr\\\/?p=28746&lang=fr#respond\"]}]},{\"@type\":\"WebPage\",\"@id\":\"https:\\\/\\\/lequotidien.mr\\\/?p=28746&lang=fr\",\"url\":\"https:\\\/\\\/lequotidien.mr\\\/?p=28746&lang=fr\",\"name\":\"10\u00e8me session du Conseil des Ministres de l\u2019Agence Africaine de la Grande Muraille Verte : Engagement renouvel\u00e9 \u00e0 Bamako - Le Quotidien de Nouakchott\",\"isPartOf\":{\"@id\":\"https:\\\/\\\/lequotidien.mr\\\/#website\"},\"primaryImageOfPage\":{\"@id\":\"https:\\\/\\\/lequotidien.mr\\\/?p=28746&lang=fr#primaryimage\"},\"image\":{\"@id\":\"https:\\\/\\\/lequotidien.mr\\\/?p=28746&lang=fr#primaryimage\"},\"thumbnailUrl\":\"https:\\\/\\\/lequotidien.mr\\\/wp-content\\\/uploads\\\/2025\\\/06\\\/photo-Gde-muraille-Bko.jpg\",\"datePublished\":\"2025-06-29T11:50:34+00:00\",\"breadcrumb\":{\"@id\":\"https:\\\/\\\/lequotidien.mr\\\/?p=28746&lang=fr#breadcrumb\"},\"inLanguage\":\"ar\",\"potentialAction\":[{\"@type\":\"ReadAction\",\"target\":[\"https:\\\/\\\/lequotidien.mr\\\/?p=28746&lang=fr\"]}]},{\"@type\":\"ImageObject\",\"inLanguage\":\"ar\",\"@id\":\"https:\\\/\\\/lequotidien.mr\\\/?p=28746&lang=fr#primaryimage\",\"url\":\"https:\\\/\\\/lequotidien.mr\\\/wp-content\\\/uploads\\\/2025\\\/06\\\/photo-Gde-muraille-Bko.jpg\",\"contentUrl\":\"https:\\\/\\\/lequotidien.mr\\\/wp-content\\\/uploads\\\/2025\\\/06\\\/photo-Gde-muraille-Bko.jpg\",\"width\":750,\"height\":430},{\"@type\":\"BreadcrumbList\",\"@id\":\"https:\\\/\\\/lequotidien.mr\\\/?p=28746&lang=fr#breadcrumb\",\"itemListElement\":[{\"@type\":\"ListItem\",\"position\":1,\"name\":\"Home\",\"item\":\"https:\\\/\\\/lequotidien.mr\\\/\"},{\"@type\":\"ListItem\",\"position\":2,\"name\":\"10\u00e8me session du Conseil des Ministres de l\u2019Agence Africaine de la Grande Muraille Verte : Engagement renouvel\u00e9 \u00e0 Bamako\"}]},{\"@type\":\"WebSite\",\"@id\":\"https:\\\/\\\/lequotidien.mr\\\/#website\",\"url\":\"https:\\\/\\\/lequotidien.mr\\\/\",\"name\":\"Le Quotidien de Nouakchott\",\"description\":\"\u0625\u062e\u0628\u0627\u0631\u064a\u0629 \u0645\u0633\u062a\u0642\u0644\u0629 \u0644\u0644\u0623\u0646\u0628\u0627\u0621 \u0627\u0644\u0639\u0627\u0645\u0629\",\"publisher\":{\"@id\":\"https:\\\/\\\/lequotidien.mr\\\/#organization\"},\"potentialAction\":[{\"@type\":\"SearchAction\",\"target\":{\"@type\":\"EntryPoint\",\"urlTemplate\":\"https:\\\/\\\/lequotidien.mr\\\/?s={search_term_string}\"},\"query-input\":{\"@type\":\"PropertyValueSpecification\",\"valueRequired\":true,\"valueName\":\"search_term_string\"}}],\"inLanguage\":\"ar\"},{\"@type\":\"Organization\",\"@id\":\"https:\\\/\\\/lequotidien.mr\\\/#organization\",\"name\":\"Le Quotidien de Nouakchott\",\"url\":\"https:\\\/\\\/lequotidien.mr\\\/\",\"logo\":{\"@type\":\"ImageObject\",\"inLanguage\":\"ar\",\"@id\":\"https:\\\/\\\/lequotidien.mr\\\/#\\\/schema\\\/logo\\\/image\\\/\",\"url\":\"https:\\\/\\\/lequotidien.mr\\\/wp-content\\\/uploads\\\/2022\\\/11\\\/logolequotidien.jpg\",\"contentUrl\":\"https:\\\/\\\/lequotidien.mr\\\/wp-content\\\/uploads\\\/2022\\\/11\\\/logolequotidien.jpg\",\"width\":290,\"height\":65,\"caption\":\"Le Quotidien de Nouakchott\"},\"image\":{\"@id\":\"https:\\\/\\\/lequotidien.mr\\\/#\\\/schema\\\/logo\\\/image\\\/\"},\"sameAs\":[\"https:\\\/\\\/web.facebook.com\\\/lequotidienmr\",\"https:\\\/\\\/x.com\\\/lequotidienmr\"]},{\"@type\":\"Person\",\"@id\":\"https:\\\/\\\/lequotidien.mr\\\/#\\\/schema\\\/person\\\/d2d350202a4d599685ed8abc25f97596\",\"name\":\"Med Ahmed\",\"image\":{\"@type\":\"ImageObject\",\"inLanguage\":\"ar\",\"@id\":\"https:\\\/\\\/secure.gravatar.com\\\/avatar\\\/fd2acc62ed50732923d1d39c17172c9b04149f142be92310ecc69e1358f94b52?s=96&d=mm&r=g\",\"url\":\"https:\\\/\\\/secure.gravatar.com\\\/avatar\\\/fd2acc62ed50732923d1d39c17172c9b04149f142be92310ecc69e1358f94b52?s=96&d=mm&r=g\",\"contentUrl\":\"https:\\\/\\\/secure.gravatar.com\\\/avatar\\\/fd2acc62ed50732923d1d39c17172c9b04149f142be92310ecc69e1358f94b52?s=96&d=mm&r=g\",\"caption\":\"Med Ahmed\"},\"url\":\"https:\\\/\\\/lequotidien.mr\\\/?author=12\"}]}<\/script>\n<!-- \/ Yoast SEO plugin. -->","yoast_head_json":{"title":"10\u00e8me session du Conseil des Ministres de l\u2019Agence Africaine de la Grande Muraille Verte : Engagement renouvel\u00e9 \u00e0 Bamako - Le Quotidien de Nouakchott","robots":{"index":"index","follow":"follow","max-snippet":"max-snippet:-1","max-image-preview":"max-image-preview:large","max-video-preview":"max-video-preview:-1"},"canonical":"https:\/\/lequotidien.mr\/?p=28746&lang=fr","og_locale":"ar_AR","og_type":"article","og_title":"10\u00e8me session du Conseil des Ministres de l\u2019Agence Africaine de la Grande Muraille Verte : Engagement renouvel\u00e9 \u00e0 Bamako - Le Quotidien de Nouakchott","og_description":"La Ministre mauritanienne de l\u2019Environnement et du D\u00e9veloppement durable, Mme Messaouda Baham Mohamed Laghdhaf, a pris part ce jeudi \u00e0 la\u00a010\u00e8me session ordinaire du Conseil des ministres de l\u2019Agence africaine pour la Grande Muraille Verte (AGMV), tenue \u00e0 Bamako. Cet \u00e9v\u00e9nement crucial, rassemblant plusieurs ministres de l\u2019Environnement des \u00c9tats membres et des repr\u00e9sentants de partenaires.....","og_url":"https:\/\/lequotidien.mr\/?p=28746&lang=fr","og_site_name":"Le Quotidien de Nouakchott","article_publisher":"https:\/\/web.facebook.com\/lequotidienmr","article_published_time":"2025-06-29T11:50:34+00:00","og_image":[{"width":750,"height":430,"url":"https:\/\/lequotidien.mr\/wp-content\/uploads\/2025\/06\/photo-Gde-muraille-Bko.jpg","type":"image\/jpeg"}],"author":"Med Ahmed","twitter_card":"summary_large_image","twitter_creator":"@lequotidienmr","twitter_site":"@lequotidienmr","twitter_misc":{"\u0643\u064f\u062a\u0628 \u0628\u0648\u0627\u0633\u0637\u0629":"Med Ahmed","\u0648\u0642\u062a \u0627\u0644\u0642\u0631\u0627\u0621\u0629 \u0627\u0644\u0645\u064f\u0642\u062f\u0651\u0631":"4 \u062f\u0642\u0627\u0626\u0642"},"schema":{"@context":"https:\/\/schema.org","@graph":[{"@type":"Article","@id":"https:\/\/lequotidien.mr\/?p=28746&lang=fr#article","isPartOf":{"@id":"https:\/\/lequotidien.mr\/?p=28746&lang=fr"},"author":{"name":"Med Ahmed","@id":"https:\/\/lequotidien.mr\/#\/schema\/person\/d2d350202a4d599685ed8abc25f97596"},"headline":"10\u00e8me session du Conseil des Ministres de l\u2019Agence Africaine de la Grande Muraille Verte : Engagement renouvel\u00e9 \u00e0 Bamako","datePublished":"2025-06-29T11:50:34+00:00","mainEntityOfPage":{"@id":"https:\/\/lequotidien.mr\/?p=28746&lang=fr"},"wordCount":550,"commentCount":0,"publisher":{"@id":"https:\/\/lequotidien.mr\/#organization"},"image":{"@id":"https:\/\/lequotidien.mr\/?p=28746&lang=fr#primaryimage"},"thumbnailUrl":"https:\/\/lequotidien.mr\/wp-content\/uploads\/2025\/06\/photo-Gde-muraille-Bko.jpg","articleSection":["ACTUALIT\u00c9","Economie"],"inLanguage":"ar","potentialAction":[{"@type":"CommentAction","name":"Comment","target":["https:\/\/lequotidien.mr\/?p=28746&lang=fr#respond"]}]},{"@type":"WebPage","@id":"https:\/\/lequotidien.mr\/?p=28746&lang=fr","url":"https:\/\/lequotidien.mr\/?p=28746&lang=fr","name":"10\u00e8me session du Conseil des Ministres de l\u2019Agence Africaine de la Grande Muraille Verte : Engagement renouvel\u00e9 \u00e0 Bamako - Le Quotidien de Nouakchott","isPartOf":{"@id":"https:\/\/lequotidien.mr\/#website"},"primaryImageOfPage":{"@id":"https:\/\/lequotidien.mr\/?p=28746&lang=fr#primaryimage"},"image":{"@id":"https:\/\/lequotidien.mr\/?p=28746&lang=fr#primaryimage"},"thumbnailUrl":"https:\/\/lequotidien.mr\/wp-content\/uploads\/2025\/06\/photo-Gde-muraille-Bko.jpg","datePublished":"2025-06-29T11:50:34+00:00","breadcrumb":{"@id":"https:\/\/lequotidien.mr\/?p=28746&lang=fr#breadcrumb"},"inLanguage":"ar","potentialAction":[{"@type":"ReadAction","target":["https:\/\/lequotidien.mr\/?p=28746&lang=fr"]}]},{"@type":"ImageObject","inLanguage":"ar","@id":"https:\/\/lequotidien.mr\/?p=28746&lang=fr#primaryimage","url":"https:\/\/lequotidien.mr\/wp-content\/uploads\/2025\/06\/photo-Gde-muraille-Bko.jpg","contentUrl":"https:\/\/lequotidien.mr\/wp-content\/uploads\/2025\/06\/photo-Gde-muraille-Bko.jpg","width":750,"height":430},{"@type":"BreadcrumbList","@id":"https:\/\/lequotidien.mr\/?p=28746&lang=fr#breadcrumb","itemListElement":[{"@type":"ListItem","position":1,"name":"Home","item":"https:\/\/lequotidien.mr\/"},{"@type":"ListItem","position":2,"name":"10\u00e8me session du Conseil des Ministres de l\u2019Agence Africaine de la Grande Muraille Verte : Engagement renouvel\u00e9 \u00e0 Bamako"}]},{"@type":"WebSite","@id":"https:\/\/lequotidien.mr\/#website","url":"https:\/\/lequotidien.mr\/","name":"Le Quotidien de Nouakchott","description":"\u0625\u062e\u0628\u0627\u0631\u064a\u0629 \u0645\u0633\u062a\u0642\u0644\u0629 \u0644\u0644\u0623\u0646\u0628\u0627\u0621 \u0627\u0644\u0639\u0627\u0645\u0629","publisher":{"@id":"https:\/\/lequotidien.mr\/#organization"},"potentialAction":[{"@type":"SearchAction","target":{"@type":"EntryPoint","urlTemplate":"https:\/\/lequotidien.mr\/?s={search_term_string}"},"query-input":{"@type":"PropertyValueSpecification","valueRequired":true,"valueName":"search_term_string"}}],"inLanguage":"ar"},{"@type":"Organization","@id":"https:\/\/lequotidien.mr\/#organization","name":"Le Quotidien de Nouakchott","url":"https:\/\/lequotidien.mr\/","logo":{"@type":"ImageObject","inLanguage":"ar","@id":"https:\/\/lequotidien.mr\/#\/schema\/logo\/image\/","url":"https:\/\/lequotidien.mr\/wp-content\/uploads\/2022\/11\/logolequotidien.jpg","contentUrl":"https:\/\/lequotidien.mr\/wp-content\/uploads\/2022\/11\/logolequotidien.jpg","width":290,"height":65,"caption":"Le Quotidien de Nouakchott"},"image":{"@id":"https:\/\/lequotidien.mr\/#\/schema\/logo\/image\/"},"sameAs":["https:\/\/web.facebook.com\/lequotidienmr","https:\/\/x.com\/lequotidienmr"]},{"@type":"Person","@id":"https:\/\/lequotidien.mr\/#\/schema\/person\/d2d350202a4d599685ed8abc25f97596","name":"Med Ahmed","image":{"@type":"ImageObject","inLanguage":"ar","@id":"https:\/\/secure.gravatar.com\/avatar\/fd2acc62ed50732923d1d39c17172c9b04149f142be92310ecc69e1358f94b52?s=96&d=mm&r=g","url":"https:\/\/secure.gravatar.com\/avatar\/fd2acc62ed50732923d1d39c17172c9b04149f142be92310ecc69e1358f94b52?s=96&d=mm&r=g","contentUrl":"https:\/\/secure.gravatar.com\/avatar\/fd2acc62ed50732923d1d39c17172c9b04149f142be92310ecc69e1358f94b52?s=96&d=mm&r=g","caption":"Med Ahmed"},"url":"https:\/\/lequotidien.mr\/?author=12"}]}},"_links":{"self":[{"href":"https:\/\/lequotidien.mr\/index.php?rest_route=\/wp\/v2\/posts\/28746","targetHints":{"allow":["GET"]}}],"collection":[{"href":"https:\/\/lequotidien.mr\/index.php?rest_route=\/wp\/v2\/posts"}],"about":[{"href":"https:\/\/lequotidien.mr\/index.php?rest_route=\/wp\/v2\/types\/post"}],"author":[{"embeddable":true,"href":"https:\/\/lequotidien.mr\/index.php?rest_route=\/wp\/v2\/users\/12"}],"replies":[{"embeddable":true,"href":"https:\/\/lequotidien.mr\/index.php?rest_route=%2Fwp%2Fv2%2Fcomments&post=28746"}],"version-history":[{"count":1,"href":"https:\/\/lequotidien.mr\/index.php?rest_route=\/wp\/v2\/posts\/28746\/revisions"}],"predecessor-version":[{"id":28748,"href":"https:\/\/lequotidien.mr\/index.php?rest_route=\/wp\/v2\/posts\/28746\/revisions\/28748"}],"wp:featuredmedia":[{"embeddable":true,"href":"https:\/\/lequotidien.mr\/index.php?rest_route=\/wp\/v2\/media\/28747"}],"wp:attachment":[{"href":"https:\/\/lequotidien.mr\/index.php?rest_route=%2Fwp%2Fv2%2Fmedia&parent=28746"}],"wp:term":[{"taxonomy":"category","embeddable":true,"href":"https:\/\/lequotidien.mr\/index.php?rest_route=%2Fwp%2Fv2%2Fcategories&post=28746"},{"taxonomy":"post_tag","embeddable":true,"href":"https:\/\/lequotidien.mr\/index.php?rest_route=%2Fwp%2Fv2%2Ftags&post=28746"}],"curies":[{"name":"wp","href":"https:\/\/api.w.org\/{rel}","templated":true}]}}