{"id":28718,"date":"2025-06-26T23:09:49","date_gmt":"2025-06-26T23:09:49","guid":{"rendered":"https:\/\/lequotidien.mr\/?p=28718"},"modified":"2025-06-26T23:09:49","modified_gmt":"2025-06-26T23:09:49","slug":"nouakchott-ouverture-de-la-troisieme-conference-sur-lautonomisation-numerique-des-femmes","status":"publish","type":"post","link":"https:\/\/lequotidien.mr\/?p=28718&lang=fr","title":{"rendered":"Nouakchott : Ouverture de la troisi\u00e8me conf\u00e9rence sur l\u2019autonomisation num\u00e9rique des femmes"},"content":{"rendered":"<p>La troisi\u00e8me Conf\u00e9rence sur l&#8217;autonomisation num\u00e9rique de la femme s&#8217;est ouverte ce jeudi \u00e0 Nouakchott, marquant un engagement renouvel\u00e9 de la Mauritanie en faveur de l&#8217;inclusion des femmes dans l&#8217;\u00e8re digitale. Plac\u00e9e sous le haut patronage de la Premi\u00e8re Dame, Dr Mariem Mohamed Fadel Dah, l&#8217;initiative est port\u00e9e par l&#8217;Union des Universitaires et Intellectuels Mauritaniens en collaboration avec l&#8217;Union Arabe pour l\u2019Autonomisation Num\u00e9rique.<\/p>\n<p><strong>Une vision nationale pour l&#8217;inclusion digitale<\/strong><\/p>\n<p>La conf\u00e9rence vise explicitement \u00e0 &#8220;renforcer la pr\u00e9sence de la femme mauritanienne dans les espaces de d\u00e9veloppement num\u00e9rique&#8221; et \u00e0 &#8220;activer une vision nationale soutenant son autonomisation&#8221;. Cet objectif r\u00e9pond aux transformations num\u00e9riques acc\u00e9l\u00e9r\u00e9es, identifi\u00e9es comme un enjeu crucial pour le d\u00e9veloppement du pays et l&#8217;\u00e9galit\u00e9 des chances.<\/p>\n<p>Pr\u00e9sidant la c\u00e9r\u00e9monie d&#8217;ouverture, la ministre des Affaires sociales, de l\u2019Enfance et de la Famille, Mme Saviya Ntehah, a soulign\u00e9 &#8220;l\u2019importance cruciale de l\u2019autonomisation num\u00e9rique des femmes&#8221; et la &#8220;n\u00e9cessit\u00e9 de renforcer leur expertise technologique&#8221;. Elle a salu\u00e9 les efforts de l&#8217;\u00c9tat, notamment la cr\u00e9ation r\u00e9cente d&#8217;un &#8220;secteur sp\u00e9cial pour la num\u00e9risation et l\u2019innovation&#8221;, affirmant que cette dynamique &#8220;ouvrira des horizons plus larges \u00e0 la femme mauritanienne&#8221;.<\/p>\n<p>Le ministre de la Transformation Num\u00e9rique, M. Ahmed Salem Bedda, a quant \u00e0 lui appel\u00e9 \u00e0 &#8220;mettre \u00e0 profit cette conf\u00e9rence&#8221; pour souligner le &#8220;r\u00f4le pr\u00e9pond\u00e9rant de la num\u00e9risation&#8221;. Il a r\u00e9affirm\u00e9 &#8220;l\u2019appui des plus hautes autorit\u00e9s&#8221; pour booster la pr\u00e9sence f\u00e9minine dans ce &#8220;secteur vital&#8221;, soulignant l&#8217;imp\u00e9rative adaptation \u00e0 l&#8217;environnement digital.<\/p>\n<p><strong>Expertise internationale et d\u00e9fis locaux<\/strong><\/p>\n<p>La conf\u00e9rence a b\u00e9n\u00e9fici\u00e9 du t\u00e9moignage pr\u00e9cieux de Noura Bint Mohammed Al Kaabi, ministre d\u2019\u00c9tat des \u00c9mirats arabes unis, invit\u00e9e d&#8217;honneur. Elle a partag\u00e9 l&#8217;exp\u00e9rience pionni\u00e8re de son pays en mati\u00e8re de num\u00e9risation, d\u00e9taillant les politiques et strat\u00e9gies adopt\u00e9es pour r\u00e9ussir cette transition, tout en saluant l&#8217;initiative mauritanienne et la pertinence des th\u00e9matiques abord\u00e9es.<\/p>\n<p>Dr Mouna El Siyam, pr\u00e9sidente de l\u2019Union des Universitaires et Intellectuels Mauritaniens, a apport\u00e9 une analyse critique en mettant en lumi\u00e8re &#8220;les d\u00e9fis les plus importants&#8221; auxquels font face les Mauritaniennes dans le domaine num\u00e9rique. Elle a insist\u00e9 sur &#8220;l\u2019importance des politiques et strat\u00e9gies \u00e9tatiques&#8221; pour les autonomiser et les outiller face aux &#8220;d\u00e9fis modernes du monde de la communication et de la technologie&#8221;.<\/p>\n<p><strong>Deux jours de r\u00e9flexion et d&#8217;\u00e9changes concrets<\/strong><\/p>\n<p>Rassemblant de nombreuses personnalit\u00e9s nationales et internationales, la conf\u00e9rence se poursuivra durant deux jours \u00e0 travers des sessions, ateliers et d\u00e9bats sp\u00e9cialis\u00e9s. Ces travaux approfondis porteront sur la r\u00e9alit\u00e9 et les perspectives de l\u2019autonomisation num\u00e9rique des femmes, dans un contexte mondial marqu\u00e9 par une acc\u00e9l\u00e9ration sans pr\u00e9c\u00e9dent des transformations technologiques.<\/p>\n<p>Cette troisi\u00e8me \u00e9dition positionne la Mauritanie dans une d\u00e9marche proactive pour faire de la femme un acteur central de sa r\u00e9volution num\u00e9rique, avec le soutien institutionnel fort et le partage d&#8217;exp\u00e9riences internationales comme leviers essentiels pour un d\u00e9veloppement inclusif et durable.<\/p>\n","protected":false},"excerpt":{"rendered":"<p>La troisi\u00e8me Conf\u00e9rence sur l&#8217;autonomisation num\u00e9rique de la femme s&#8217;est ouverte ce jeudi \u00e0 Nouakchott, marquant un engagement renouvel\u00e9 de la Mauritanie en faveur de l&#8217;inclusion des femmes dans l&#8217;\u00e8re digitale. Plac\u00e9e sous le haut patronage de la Premi\u00e8re Dame, Dr Mariem Mohamed Fadel Dah, l&#8217;initiative est port\u00e9e par l&#8217;Union des Universitaires et Intellectuels Mauritaniens&#8230;..<\/p>\n","protected":false},"author":12,"featured_media":28719,"comment_status":"open","ping_status":"open","sticky":false,"template":"","format":"standard","meta":{"footnotes":""},"categories":[23,49],"tags":[],"class_list":["post-28718","post","type-post","status-publish","format-standard","has-post-thumbnail","hentry","category-actualite","category-economie"],"yoast_head":"<!-- This site is optimized with the Yoast SEO plugin v27.5 - https:\/\/yoast.com\/product\/yoast-seo-wordpress\/ -->\n<title>Nouakchott : Ouverture de la troisi\u00e8me conf\u00e9rence sur l\u2019autonomisation num\u00e9rique des femmes - Le Quotidien de Nouakchott<\/title>\n<meta name=\"robots\" content=\"index, follow, max-snippet:-1, max-image-preview:large, max-video-preview:-1\" \/>\n<link rel=\"canonical\" href=\"https:\/\/lequotidien.mr\/?p=28718&lang=fr\" \/>\n<meta property=\"og:locale\" content=\"ar_AR\" \/>\n<meta property=\"og:type\" content=\"article\" \/>\n<meta property=\"og:title\" content=\"Nouakchott : Ouverture de la troisi\u00e8me conf\u00e9rence sur l\u2019autonomisation num\u00e9rique des femmes - Le Quotidien de Nouakchott\" \/>\n<meta property=\"og:description\" content=\"La troisi\u00e8me Conf\u00e9rence sur l&#8217;autonomisation num\u00e9rique de la femme s&#8217;est ouverte ce jeudi \u00e0 Nouakchott, marquant un engagement renouvel\u00e9 de la Mauritanie en faveur de l&#8217;inclusion des femmes dans l&#8217;\u00e8re digitale. Plac\u00e9e sous le haut patronage de la Premi\u00e8re Dame, Dr Mariem Mohamed Fadel Dah, l&#8217;initiative est port\u00e9e par l&#8217;Union des Universitaires et Intellectuels Mauritaniens.....\" \/>\n<meta property=\"og:url\" content=\"https:\/\/lequotidien.mr\/?p=28718&amp;lang=fr\" \/>\n<meta property=\"og:site_name\" content=\"Le Quotidien de Nouakchott\" \/>\n<meta property=\"article:publisher\" content=\"https:\/\/web.facebook.com\/lequotidienmr\" \/>\n<meta property=\"article:published_time\" content=\"2025-06-26T23:09:49+00:00\" \/>\n<meta property=\"og:image\" content=\"https:\/\/lequotidien.mr\/wp-content\/uploads\/2025\/06\/photo-autonomisation-numerikques-des-femmes.jpg\" \/>\n\t<meta property=\"og:image:width\" content=\"750\" \/>\n\t<meta property=\"og:image:height\" content=\"430\" \/>\n\t<meta property=\"og:image:type\" content=\"image\/jpeg\" \/>\n<meta name=\"author\" content=\"Med Ahmed\" \/>\n<meta name=\"twitter:card\" content=\"summary_large_image\" \/>\n<meta name=\"twitter:creator\" content=\"@lequotidienmr\" \/>\n<meta name=\"twitter:site\" content=\"@lequotidienmr\" \/>\n<meta name=\"twitter:label1\" content=\"\u0643\u064f\u062a\u0628 \u0628\u0648\u0627\u0633\u0637\u0629\" \/>\n\t<meta name=\"twitter:data1\" content=\"Med Ahmed\" \/>\n\t<meta name=\"twitter:label2\" content=\"\u0648\u0642\u062a \u0627\u0644\u0642\u0631\u0627\u0621\u0629 \u0627\u0644\u0645\u064f\u0642\u062f\u0651\u0631\" \/>\n\t<meta name=\"twitter:data2\" content=\"4 \u062f\u0642\u0627\u0626\u0642\" \/>\n<script type=\"application\/ld+json\" class=\"yoast-schema-graph\">{\"@context\":\"https:\\\/\\\/schema.org\",\"@graph\":[{\"@type\":\"Article\",\"@id\":\"https:\\\/\\\/lequotidien.mr\\\/?p=28718&lang=fr#article\",\"isPartOf\":{\"@id\":\"https:\\\/\\\/lequotidien.mr\\\/?p=28718&lang=fr\"},\"author\":{\"name\":\"Med Ahmed\",\"@id\":\"https:\\\/\\\/lequotidien.mr\\\/#\\\/schema\\\/person\\\/d2d350202a4d599685ed8abc25f97596\"},\"headline\":\"Nouakchott : Ouverture de la troisi\u00e8me conf\u00e9rence sur l\u2019autonomisation num\u00e9rique des femmes\",\"datePublished\":\"2025-06-26T23:09:49+00:00\",\"mainEntityOfPage\":{\"@id\":\"https:\\\/\\\/lequotidien.mr\\\/?p=28718&lang=fr\"},\"wordCount\":571,\"commentCount\":0,\"publisher\":{\"@id\":\"https:\\\/\\\/lequotidien.mr\\\/#organization\"},\"image\":{\"@id\":\"https:\\\/\\\/lequotidien.mr\\\/?p=28718&lang=fr#primaryimage\"},\"thumbnailUrl\":\"https:\\\/\\\/lequotidien.mr\\\/wp-content\\\/uploads\\\/2025\\\/06\\\/photo-autonomisation-numerikques-des-femmes.jpg\",\"articleSection\":[\"ACTUALIT\u00c9\",\"Economie\"],\"inLanguage\":\"ar\",\"potentialAction\":[{\"@type\":\"CommentAction\",\"name\":\"Comment\",\"target\":[\"https:\\\/\\\/lequotidien.mr\\\/?p=28718&lang=fr#respond\"]}]},{\"@type\":\"WebPage\",\"@id\":\"https:\\\/\\\/lequotidien.mr\\\/?p=28718&lang=fr\",\"url\":\"https:\\\/\\\/lequotidien.mr\\\/?p=28718&lang=fr\",\"name\":\"Nouakchott : Ouverture de la troisi\u00e8me conf\u00e9rence sur l\u2019autonomisation num\u00e9rique des femmes - Le Quotidien de Nouakchott\",\"isPartOf\":{\"@id\":\"https:\\\/\\\/lequotidien.mr\\\/#website\"},\"primaryImageOfPage\":{\"@id\":\"https:\\\/\\\/lequotidien.mr\\\/?p=28718&lang=fr#primaryimage\"},\"image\":{\"@id\":\"https:\\\/\\\/lequotidien.mr\\\/?p=28718&lang=fr#primaryimage\"},\"thumbnailUrl\":\"https:\\\/\\\/lequotidien.mr\\\/wp-content\\\/uploads\\\/2025\\\/06\\\/photo-autonomisation-numerikques-des-femmes.jpg\",\"datePublished\":\"2025-06-26T23:09:49+00:00\",\"breadcrumb\":{\"@id\":\"https:\\\/\\\/lequotidien.mr\\\/?p=28718&lang=fr#breadcrumb\"},\"inLanguage\":\"ar\",\"potentialAction\":[{\"@type\":\"ReadAction\",\"target\":[\"https:\\\/\\\/lequotidien.mr\\\/?p=28718&lang=fr\"]}]},{\"@type\":\"ImageObject\",\"inLanguage\":\"ar\",\"@id\":\"https:\\\/\\\/lequotidien.mr\\\/?p=28718&lang=fr#primaryimage\",\"url\":\"https:\\\/\\\/lequotidien.mr\\\/wp-content\\\/uploads\\\/2025\\\/06\\\/photo-autonomisation-numerikques-des-femmes.jpg\",\"contentUrl\":\"https:\\\/\\\/lequotidien.mr\\\/wp-content\\\/uploads\\\/2025\\\/06\\\/photo-autonomisation-numerikques-des-femmes.jpg\",\"width\":750,\"height\":430},{\"@type\":\"BreadcrumbList\",\"@id\":\"https:\\\/\\\/lequotidien.mr\\\/?p=28718&lang=fr#breadcrumb\",\"itemListElement\":[{\"@type\":\"ListItem\",\"position\":1,\"name\":\"Home\",\"item\":\"https:\\\/\\\/lequotidien.mr\\\/\"},{\"@type\":\"ListItem\",\"position\":2,\"name\":\"Nouakchott : Ouverture de la troisi\u00e8me conf\u00e9rence sur l\u2019autonomisation num\u00e9rique des femmes\"}]},{\"@type\":\"WebSite\",\"@id\":\"https:\\\/\\\/lequotidien.mr\\\/#website\",\"url\":\"https:\\\/\\\/lequotidien.mr\\\/\",\"name\":\"Le Quotidien de Nouakchott\",\"description\":\"\u0625\u062e\u0628\u0627\u0631\u064a\u0629 \u0645\u0633\u062a\u0642\u0644\u0629 \u0644\u0644\u0623\u0646\u0628\u0627\u0621 \u0627\u0644\u0639\u0627\u0645\u0629\",\"publisher\":{\"@id\":\"https:\\\/\\\/lequotidien.mr\\\/#organization\"},\"potentialAction\":[{\"@type\":\"SearchAction\",\"target\":{\"@type\":\"EntryPoint\",\"urlTemplate\":\"https:\\\/\\\/lequotidien.mr\\\/?s={search_term_string}\"},\"query-input\":{\"@type\":\"PropertyValueSpecification\",\"valueRequired\":true,\"valueName\":\"search_term_string\"}}],\"inLanguage\":\"ar\"},{\"@type\":\"Organization\",\"@id\":\"https:\\\/\\\/lequotidien.mr\\\/#organization\",\"name\":\"Le Quotidien de Nouakchott\",\"url\":\"https:\\\/\\\/lequotidien.mr\\\/\",\"logo\":{\"@type\":\"ImageObject\",\"inLanguage\":\"ar\",\"@id\":\"https:\\\/\\\/lequotidien.mr\\\/#\\\/schema\\\/logo\\\/image\\\/\",\"url\":\"https:\\\/\\\/lequotidien.mr\\\/wp-content\\\/uploads\\\/2022\\\/11\\\/logolequotidien.jpg\",\"contentUrl\":\"https:\\\/\\\/lequotidien.mr\\\/wp-content\\\/uploads\\\/2022\\\/11\\\/logolequotidien.jpg\",\"width\":290,\"height\":65,\"caption\":\"Le Quotidien de Nouakchott\"},\"image\":{\"@id\":\"https:\\\/\\\/lequotidien.mr\\\/#\\\/schema\\\/logo\\\/image\\\/\"},\"sameAs\":[\"https:\\\/\\\/web.facebook.com\\\/lequotidienmr\",\"https:\\\/\\\/x.com\\\/lequotidienmr\"]},{\"@type\":\"Person\",\"@id\":\"https:\\\/\\\/lequotidien.mr\\\/#\\\/schema\\\/person\\\/d2d350202a4d599685ed8abc25f97596\",\"name\":\"Med Ahmed\",\"image\":{\"@type\":\"ImageObject\",\"inLanguage\":\"ar\",\"@id\":\"https:\\\/\\\/secure.gravatar.com\\\/avatar\\\/fd2acc62ed50732923d1d39c17172c9b04149f142be92310ecc69e1358f94b52?s=96&d=mm&r=g\",\"url\":\"https:\\\/\\\/secure.gravatar.com\\\/avatar\\\/fd2acc62ed50732923d1d39c17172c9b04149f142be92310ecc69e1358f94b52?s=96&d=mm&r=g\",\"contentUrl\":\"https:\\\/\\\/secure.gravatar.com\\\/avatar\\\/fd2acc62ed50732923d1d39c17172c9b04149f142be92310ecc69e1358f94b52?s=96&d=mm&r=g\",\"caption\":\"Med Ahmed\"},\"url\":\"https:\\\/\\\/lequotidien.mr\\\/?author=12\"}]}<\/script>\n<!-- \/ Yoast SEO plugin. -->","yoast_head_json":{"title":"Nouakchott : Ouverture de la troisi\u00e8me conf\u00e9rence sur l\u2019autonomisation num\u00e9rique des femmes - Le Quotidien de Nouakchott","robots":{"index":"index","follow":"follow","max-snippet":"max-snippet:-1","max-image-preview":"max-image-preview:large","max-video-preview":"max-video-preview:-1"},"canonical":"https:\/\/lequotidien.mr\/?p=28718&lang=fr","og_locale":"ar_AR","og_type":"article","og_title":"Nouakchott : Ouverture de la troisi\u00e8me conf\u00e9rence sur l\u2019autonomisation num\u00e9rique des femmes - Le Quotidien de Nouakchott","og_description":"La troisi\u00e8me Conf\u00e9rence sur l&#8217;autonomisation num\u00e9rique de la femme s&#8217;est ouverte ce jeudi \u00e0 Nouakchott, marquant un engagement renouvel\u00e9 de la Mauritanie en faveur de l&#8217;inclusion des femmes dans l&#8217;\u00e8re digitale. Plac\u00e9e sous le haut patronage de la Premi\u00e8re Dame, Dr Mariem Mohamed Fadel Dah, l&#8217;initiative est port\u00e9e par l&#8217;Union des Universitaires et Intellectuels Mauritaniens.....","og_url":"https:\/\/lequotidien.mr\/?p=28718&lang=fr","og_site_name":"Le Quotidien de Nouakchott","article_publisher":"https:\/\/web.facebook.com\/lequotidienmr","article_published_time":"2025-06-26T23:09:49+00:00","og_image":[{"width":750,"height":430,"url":"https:\/\/lequotidien.mr\/wp-content\/uploads\/2025\/06\/photo-autonomisation-numerikques-des-femmes.jpg","type":"image\/jpeg"}],"author":"Med Ahmed","twitter_card":"summary_large_image","twitter_creator":"@lequotidienmr","twitter_site":"@lequotidienmr","twitter_misc":{"\u0643\u064f\u062a\u0628 \u0628\u0648\u0627\u0633\u0637\u0629":"Med Ahmed","\u0648\u0642\u062a \u0627\u0644\u0642\u0631\u0627\u0621\u0629 \u0627\u0644\u0645\u064f\u0642\u062f\u0651\u0631":"4 \u062f\u0642\u0627\u0626\u0642"},"schema":{"@context":"https:\/\/schema.org","@graph":[{"@type":"Article","@id":"https:\/\/lequotidien.mr\/?p=28718&lang=fr#article","isPartOf":{"@id":"https:\/\/lequotidien.mr\/?p=28718&lang=fr"},"author":{"name":"Med Ahmed","@id":"https:\/\/lequotidien.mr\/#\/schema\/person\/d2d350202a4d599685ed8abc25f97596"},"headline":"Nouakchott : Ouverture de la troisi\u00e8me conf\u00e9rence sur l\u2019autonomisation num\u00e9rique des femmes","datePublished":"2025-06-26T23:09:49+00:00","mainEntityOfPage":{"@id":"https:\/\/lequotidien.mr\/?p=28718&lang=fr"},"wordCount":571,"commentCount":0,"publisher":{"@id":"https:\/\/lequotidien.mr\/#organization"},"image":{"@id":"https:\/\/lequotidien.mr\/?p=28718&lang=fr#primaryimage"},"thumbnailUrl":"https:\/\/lequotidien.mr\/wp-content\/uploads\/2025\/06\/photo-autonomisation-numerikques-des-femmes.jpg","articleSection":["ACTUALIT\u00c9","Economie"],"inLanguage":"ar","potentialAction":[{"@type":"CommentAction","name":"Comment","target":["https:\/\/lequotidien.mr\/?p=28718&lang=fr#respond"]}]},{"@type":"WebPage","@id":"https:\/\/lequotidien.mr\/?p=28718&lang=fr","url":"https:\/\/lequotidien.mr\/?p=28718&lang=fr","name":"Nouakchott : Ouverture de la troisi\u00e8me conf\u00e9rence sur l\u2019autonomisation num\u00e9rique des femmes - Le Quotidien de Nouakchott","isPartOf":{"@id":"https:\/\/lequotidien.mr\/#website"},"primaryImageOfPage":{"@id":"https:\/\/lequotidien.mr\/?p=28718&lang=fr#primaryimage"},"image":{"@id":"https:\/\/lequotidien.mr\/?p=28718&lang=fr#primaryimage"},"thumbnailUrl":"https:\/\/lequotidien.mr\/wp-content\/uploads\/2025\/06\/photo-autonomisation-numerikques-des-femmes.jpg","datePublished":"2025-06-26T23:09:49+00:00","breadcrumb":{"@id":"https:\/\/lequotidien.mr\/?p=28718&lang=fr#breadcrumb"},"inLanguage":"ar","potentialAction":[{"@type":"ReadAction","target":["https:\/\/lequotidien.mr\/?p=28718&lang=fr"]}]},{"@type":"ImageObject","inLanguage":"ar","@id":"https:\/\/lequotidien.mr\/?p=28718&lang=fr#primaryimage","url":"https:\/\/lequotidien.mr\/wp-content\/uploads\/2025\/06\/photo-autonomisation-numerikques-des-femmes.jpg","contentUrl":"https:\/\/lequotidien.mr\/wp-content\/uploads\/2025\/06\/photo-autonomisation-numerikques-des-femmes.jpg","width":750,"height":430},{"@type":"BreadcrumbList","@id":"https:\/\/lequotidien.mr\/?p=28718&lang=fr#breadcrumb","itemListElement":[{"@type":"ListItem","position":1,"name":"Home","item":"https:\/\/lequotidien.mr\/"},{"@type":"ListItem","position":2,"name":"Nouakchott : Ouverture de la troisi\u00e8me conf\u00e9rence sur l\u2019autonomisation num\u00e9rique des femmes"}]},{"@type":"WebSite","@id":"https:\/\/lequotidien.mr\/#website","url":"https:\/\/lequotidien.mr\/","name":"Le Quotidien de Nouakchott","description":"\u0625\u062e\u0628\u0627\u0631\u064a\u0629 \u0645\u0633\u062a\u0642\u0644\u0629 \u0644\u0644\u0623\u0646\u0628\u0627\u0621 \u0627\u0644\u0639\u0627\u0645\u0629","publisher":{"@id":"https:\/\/lequotidien.mr\/#organization"},"potentialAction":[{"@type":"SearchAction","target":{"@type":"EntryPoint","urlTemplate":"https:\/\/lequotidien.mr\/?s={search_term_string}"},"query-input":{"@type":"PropertyValueSpecification","valueRequired":true,"valueName":"search_term_string"}}],"inLanguage":"ar"},{"@type":"Organization","@id":"https:\/\/lequotidien.mr\/#organization","name":"Le Quotidien de Nouakchott","url":"https:\/\/lequotidien.mr\/","logo":{"@type":"ImageObject","inLanguage":"ar","@id":"https:\/\/lequotidien.mr\/#\/schema\/logo\/image\/","url":"https:\/\/lequotidien.mr\/wp-content\/uploads\/2022\/11\/logolequotidien.jpg","contentUrl":"https:\/\/lequotidien.mr\/wp-content\/uploads\/2022\/11\/logolequotidien.jpg","width":290,"height":65,"caption":"Le Quotidien de Nouakchott"},"image":{"@id":"https:\/\/lequotidien.mr\/#\/schema\/logo\/image\/"},"sameAs":["https:\/\/web.facebook.com\/lequotidienmr","https:\/\/x.com\/lequotidienmr"]},{"@type":"Person","@id":"https:\/\/lequotidien.mr\/#\/schema\/person\/d2d350202a4d599685ed8abc25f97596","name":"Med Ahmed","image":{"@type":"ImageObject","inLanguage":"ar","@id":"https:\/\/secure.gravatar.com\/avatar\/fd2acc62ed50732923d1d39c17172c9b04149f142be92310ecc69e1358f94b52?s=96&d=mm&r=g","url":"https:\/\/secure.gravatar.com\/avatar\/fd2acc62ed50732923d1d39c17172c9b04149f142be92310ecc69e1358f94b52?s=96&d=mm&r=g","contentUrl":"https:\/\/secure.gravatar.com\/avatar\/fd2acc62ed50732923d1d39c17172c9b04149f142be92310ecc69e1358f94b52?s=96&d=mm&r=g","caption":"Med Ahmed"},"url":"https:\/\/lequotidien.mr\/?author=12"}]}},"_links":{"self":[{"href":"https:\/\/lequotidien.mr\/index.php?rest_route=\/wp\/v2\/posts\/28718","targetHints":{"allow":["GET"]}}],"collection":[{"href":"https:\/\/lequotidien.mr\/index.php?rest_route=\/wp\/v2\/posts"}],"about":[{"href":"https:\/\/lequotidien.mr\/index.php?rest_route=\/wp\/v2\/types\/post"}],"author":[{"embeddable":true,"href":"https:\/\/lequotidien.mr\/index.php?rest_route=\/wp\/v2\/users\/12"}],"replies":[{"embeddable":true,"href":"https:\/\/lequotidien.mr\/index.php?rest_route=%2Fwp%2Fv2%2Fcomments&post=28718"}],"version-history":[{"count":1,"href":"https:\/\/lequotidien.mr\/index.php?rest_route=\/wp\/v2\/posts\/28718\/revisions"}],"predecessor-version":[{"id":28720,"href":"https:\/\/lequotidien.mr\/index.php?rest_route=\/wp\/v2\/posts\/28718\/revisions\/28720"}],"wp:featuredmedia":[{"embeddable":true,"href":"https:\/\/lequotidien.mr\/index.php?rest_route=\/wp\/v2\/media\/28719"}],"wp:attachment":[{"href":"https:\/\/lequotidien.mr\/index.php?rest_route=%2Fwp%2Fv2%2Fmedia&parent=28718"}],"wp:term":[{"taxonomy":"category","embeddable":true,"href":"https:\/\/lequotidien.mr\/index.php?rest_route=%2Fwp%2Fv2%2Fcategories&post=28718"},{"taxonomy":"post_tag","embeddable":true,"href":"https:\/\/lequotidien.mr\/index.php?rest_route=%2Fwp%2Fv2%2Ftags&post=28718"}],"curies":[{"name":"wp","href":"https:\/\/api.w.org\/{rel}","templated":true}]}}