{"id":28715,"date":"2025-06-26T22:55:24","date_gmt":"2025-06-26T22:55:24","guid":{"rendered":"https:\/\/lequotidien.mr\/?p=28715"},"modified":"2025-06-26T22:55:24","modified_gmt":"2025-06-26T22:55:24","slug":"mauritanie-gambie-nouakchott-accueille-la-6eme-session-de-la-commission-mixte-mauritano-gambienne-pour-un-partenariat-strategique-renforce","status":"publish","type":"post","link":"https:\/\/lequotidien.mr\/?p=28715&lang=fr","title":{"rendered":"Mauritanie-Gambie : Nouakchott accueille la 6\u00e8me session de la Commission mixte mauritano-gambienne pour un partenariat strat\u00e9gique renforc\u00e9"},"content":{"rendered":"<p>La sixi\u00e8me session de la Commission mixte de coop\u00e9ration bilat\u00e9rale entre la Mauritanie et la Gambie s&#8217;est ouverte ce jeudi \u00e0 Nouakchott, marquant une nouvelle \u00e9tape dans le renforcement des liens fraternels unissant les deux pays. Les travaux se d\u00e9roulent sous la copr\u00e9sidence du Premier ministre mauritanien, M. Moctar Djay, et du Vice-pr\u00e9sident gambien, M. Muhammad B.S. Jallow, en pr\u00e9sence de nombreux membres des deux gouvernements, d&#8217;ambassadeurs et de hauts responsables.<\/p>\n<p><strong>Une volont\u00e9 politique affirm\u00e9e pour une coop\u00e9ration strat\u00e9gique<\/strong><\/p>\n<p>Dans son discours d&#8217;ouverture, le Premier ministre Djay a chaleureusement souhait\u00e9 la bienvenue \u00e0 la d\u00e9l\u00e9gation gambienne, saluant &#8220;la qualit\u00e9 des relations fraternelles&#8221; unissant Nouakchott et Banjul, relations ancr\u00e9es dans des &#8220;liens historiques, culturels et civilisationnels communs&#8221;. Il a surtout mis en lumi\u00e8re &#8220;la volont\u00e9 politique&#8221; des Pr\u00e9sidents Mohamed Cheikh El Ghazouani (Mauritanie) et Adama Barrow (Gambie) de porter la coop\u00e9ration bilat\u00e9rale \u00e0 un &#8220;niveau strat\u00e9gique&#8221;.<\/p>\n<p>Face aux &#8220;d\u00e9fis communs et aux mutations profondes&#8221; de l&#8217;\u00e9chelle mondiale, M. Djay a soulign\u00e9 la n\u00e9cessit\u00e9 d'&#8221;intensifier la coordination et renforcer le dialogue&#8221; afin d'&#8221;anticiper les d\u00e9fis et d\u2019att\u00e9nuer leurs r\u00e9percussions&#8221;.<\/p>\n<p><strong>Efficacit\u00e9 et mise en \u0153uvre rapide au c\u0153ur de la session<\/strong><\/p>\n<p>Le chef du gouvernement mauritanien a insist\u00e9 sur le caract\u00e8re concret de cette session, plac\u00e9e sous le signe de &#8220;l\u2019efficacit\u00e9 et de la mise en \u0153uvre rapide&#8221;. Elle doit aboutir \u00e0 la signature d'&#8221;un ensemble d\u2019accords couvrant divers secteurs cl\u00e9s&#8221; identifi\u00e9s comme prioritaires, notamment le commerce, la p\u00eache, le transport maritime et la lutte contre la criminalit\u00e9 organis\u00e9e.<\/p>\n<p>M. Djay a assur\u00e9 que des &#8220;instructions ont \u00e9t\u00e9 donn\u00e9es aux membres du gouvernement mauritanien pour une ex\u00e9cution diligente des engagements convenus&#8221;. Cette diligence, a-t-il affirm\u00e9, traduit &#8220;la volont\u00e9 ferme des deux pays de faire de leur partenariat un levier de d\u00e9veloppement&#8221;, respectueux des &#8220;int\u00e9r\u00eats communs et des aspirations des deux peuples&#8221;.<\/p>\n<p><strong>Des relations solides et tourn\u00e9es vers l&#8217;avenir<\/strong><\/p>\n<p>Prenant la parole, le Vice-pr\u00e9sident gambien, M. Muhammad B.S. Jallow, a transmis les salutations du Pr\u00e9sident Adama Barrow \u00e0 son homologue mauritanien, Mohamed Cheikh El Ghazouani. Il a exprim\u00e9 sa profonde gratitude pour &#8220;l\u2019accueil chaleureux et l\u2019hospitalit\u00e9 g\u00e9n\u00e9reuse&#8221; r\u00e9serv\u00e9s \u00e0 sa d\u00e9l\u00e9gation, voyant dans ces retrouvailles une illustration de &#8220;la solidit\u00e9 des relations fond\u00e9es sur la fraternit\u00e9, le respect mutuel et la coop\u00e9ration constructive&#8221;.<\/p>\n<p>M. Jallow a soulign\u00e9 &#8220;l\u2019importance de cette rencontre&#8221;, dont l&#8217;objectif est d'&#8221;\u00e9valuer les progr\u00e8s r\u00e9alis\u00e9s, relever les d\u00e9fis communs et explorer de nouveaux domaines de partenariat&#8221;. Tout en se disant satisfait des r\u00e9sultats des r\u00e9unions techniques pr\u00e9paratoires, il a joint sa voix \u00e0 celle du Premier ministre mauritanien pour appeler \u00e0 &#8220;une mise en \u0153uvre diligente des accords qui seront sign\u00e9s&#8221;, seule \u00e0 m\u00eame de &#8220;r\u00e9pondre aux attentes des deux peuples&#8221;.<\/p>\n<p>En conclusion, le Vice-pr\u00e9sident gambien a r\u00e9affirm\u00e9 avec force &#8220;l\u2019engagement de son pays en faveur d\u2019un partenariat durable avec la Mauritanie&#8221;, un partenariat vou\u00e9 \u00e0 servir &#8220;la paix, le d\u00e9veloppement et l\u2019int\u00e9gration sous-r\u00e9gionale&#8221;.<\/p>\n<p>L&#8217;ouverture de cette 6\u00e8me session de la Commission mixte consolide ainsi le partenariat mauritano-gambien, le hissant \u00e0 un niveau strat\u00e9gique pour r\u00e9pondre aux d\u00e9fis contemporains et futures, avec la ferme intention des deux parties de transformer les engagements sign\u00e9s en r\u00e9alisations concr\u00e8tes au b\u00e9n\u00e9fice de leurs populations.<\/p>\n","protected":false},"excerpt":{"rendered":"<p>La sixi\u00e8me session de la Commission mixte de coop\u00e9ration bilat\u00e9rale entre la Mauritanie et la Gambie s&#8217;est ouverte ce jeudi \u00e0 Nouakchott, marquant une nouvelle \u00e9tape dans le renforcement des liens fraternels unissant les deux pays. Les travaux se d\u00e9roulent sous la copr\u00e9sidence du Premier ministre mauritanien, M. Moctar Djay, et du Vice-pr\u00e9sident gambien, M&#8230;&#8230;<\/p>\n","protected":false},"author":12,"featured_media":28716,"comment_status":"open","ping_status":"open","sticky":false,"template":"","format":"standard","meta":{"footnotes":""},"categories":[23,49],"tags":[],"class_list":["post-28715","post","type-post","status-publish","format-standard","has-post-thumbnail","hentry","category-actualite","category-economie"],"yoast_head":"<!-- This site is optimized with the Yoast SEO plugin v27.5 - https:\/\/yoast.com\/product\/yoast-seo-wordpress\/ -->\n<title>Mauritanie-Gambie : Nouakchott accueille la 6\u00e8me session de la Commission mixte mauritano-gambienne pour un partenariat strat\u00e9gique renforc\u00e9 - Le Quotidien de Nouakchott<\/title>\n<meta name=\"robots\" content=\"index, follow, max-snippet:-1, max-image-preview:large, max-video-preview:-1\" \/>\n<link rel=\"canonical\" href=\"https:\/\/lequotidien.mr\/?p=28715&lang=fr\" \/>\n<meta property=\"og:locale\" content=\"ar_AR\" \/>\n<meta property=\"og:type\" content=\"article\" \/>\n<meta property=\"og:title\" content=\"Mauritanie-Gambie : Nouakchott accueille la 6\u00e8me session de la Commission mixte mauritano-gambienne pour un partenariat strat\u00e9gique renforc\u00e9 - Le Quotidien de Nouakchott\" \/>\n<meta property=\"og:description\" content=\"La sixi\u00e8me session de la Commission mixte de coop\u00e9ration bilat\u00e9rale entre la Mauritanie et la Gambie s&#8217;est ouverte ce jeudi \u00e0 Nouakchott, marquant une nouvelle \u00e9tape dans le renforcement des liens fraternels unissant les deux pays. Les travaux se d\u00e9roulent sous la copr\u00e9sidence du Premier ministre mauritanien, M. Moctar Djay, et du Vice-pr\u00e9sident gambien, M......\" \/>\n<meta property=\"og:url\" content=\"https:\/\/lequotidien.mr\/?p=28715&amp;lang=fr\" \/>\n<meta property=\"og:site_name\" content=\"Le Quotidien de Nouakchott\" \/>\n<meta property=\"article:publisher\" content=\"https:\/\/web.facebook.com\/lequotidienmr\" \/>\n<meta property=\"article:published_time\" content=\"2025-06-26T22:55:24+00:00\" \/>\n<meta property=\"og:image\" content=\"https:\/\/lequotidien.mr\/wp-content\/uploads\/2025\/06\/photo-commission-mixte-mauritano-gambienne.jpg\" \/>\n\t<meta property=\"og:image:width\" content=\"750\" \/>\n\t<meta property=\"og:image:height\" content=\"430\" \/>\n\t<meta property=\"og:image:type\" content=\"image\/jpeg\" \/>\n<meta name=\"author\" content=\"Med Ahmed\" \/>\n<meta name=\"twitter:card\" content=\"summary_large_image\" \/>\n<meta name=\"twitter:creator\" content=\"@lequotidienmr\" \/>\n<meta name=\"twitter:site\" content=\"@lequotidienmr\" \/>\n<meta name=\"twitter:label1\" content=\"\u0643\u064f\u062a\u0628 \u0628\u0648\u0627\u0633\u0637\u0629\" \/>\n\t<meta name=\"twitter:data1\" content=\"Med Ahmed\" \/>\n\t<meta name=\"twitter:label2\" content=\"\u0648\u0642\u062a \u0627\u0644\u0642\u0631\u0627\u0621\u0629 \u0627\u0644\u0645\u064f\u0642\u062f\u0651\u0631\" \/>\n\t<meta name=\"twitter:data2\" content=\"4 \u062f\u0642\u0627\u0626\u0642\" \/>\n<script type=\"application\/ld+json\" class=\"yoast-schema-graph\">{\"@context\":\"https:\\\/\\\/schema.org\",\"@graph\":[{\"@type\":\"Article\",\"@id\":\"https:\\\/\\\/lequotidien.mr\\\/?p=28715&lang=fr#article\",\"isPartOf\":{\"@id\":\"https:\\\/\\\/lequotidien.mr\\\/?p=28715&lang=fr\"},\"author\":{\"name\":\"Med Ahmed\",\"@id\":\"https:\\\/\\\/lequotidien.mr\\\/#\\\/schema\\\/person\\\/d2d350202a4d599685ed8abc25f97596\"},\"headline\":\"Mauritanie-Gambie : Nouakchott accueille la 6\u00e8me session de la Commission mixte mauritano-gambienne pour un partenariat strat\u00e9gique renforc\u00e9\",\"datePublished\":\"2025-06-26T22:55:24+00:00\",\"mainEntityOfPage\":{\"@id\":\"https:\\\/\\\/lequotidien.mr\\\/?p=28715&lang=fr\"},\"wordCount\":617,\"commentCount\":0,\"publisher\":{\"@id\":\"https:\\\/\\\/lequotidien.mr\\\/#organization\"},\"image\":{\"@id\":\"https:\\\/\\\/lequotidien.mr\\\/?p=28715&lang=fr#primaryimage\"},\"thumbnailUrl\":\"https:\\\/\\\/lequotidien.mr\\\/wp-content\\\/uploads\\\/2025\\\/06\\\/photo-commission-mixte-mauritano-gambienne.jpg\",\"articleSection\":[\"ACTUALIT\u00c9\",\"Economie\"],\"inLanguage\":\"ar\",\"potentialAction\":[{\"@type\":\"CommentAction\",\"name\":\"Comment\",\"target\":[\"https:\\\/\\\/lequotidien.mr\\\/?p=28715&lang=fr#respond\"]}]},{\"@type\":\"WebPage\",\"@id\":\"https:\\\/\\\/lequotidien.mr\\\/?p=28715&lang=fr\",\"url\":\"https:\\\/\\\/lequotidien.mr\\\/?p=28715&lang=fr\",\"name\":\"Mauritanie-Gambie : Nouakchott accueille la 6\u00e8me session de la Commission mixte mauritano-gambienne pour un partenariat strat\u00e9gique renforc\u00e9 - Le Quotidien de Nouakchott\",\"isPartOf\":{\"@id\":\"https:\\\/\\\/lequotidien.mr\\\/#website\"},\"primaryImageOfPage\":{\"@id\":\"https:\\\/\\\/lequotidien.mr\\\/?p=28715&lang=fr#primaryimage\"},\"image\":{\"@id\":\"https:\\\/\\\/lequotidien.mr\\\/?p=28715&lang=fr#primaryimage\"},\"thumbnailUrl\":\"https:\\\/\\\/lequotidien.mr\\\/wp-content\\\/uploads\\\/2025\\\/06\\\/photo-commission-mixte-mauritano-gambienne.jpg\",\"datePublished\":\"2025-06-26T22:55:24+00:00\",\"breadcrumb\":{\"@id\":\"https:\\\/\\\/lequotidien.mr\\\/?p=28715&lang=fr#breadcrumb\"},\"inLanguage\":\"ar\",\"potentialAction\":[{\"@type\":\"ReadAction\",\"target\":[\"https:\\\/\\\/lequotidien.mr\\\/?p=28715&lang=fr\"]}]},{\"@type\":\"ImageObject\",\"inLanguage\":\"ar\",\"@id\":\"https:\\\/\\\/lequotidien.mr\\\/?p=28715&lang=fr#primaryimage\",\"url\":\"https:\\\/\\\/lequotidien.mr\\\/wp-content\\\/uploads\\\/2025\\\/06\\\/photo-commission-mixte-mauritano-gambienne.jpg\",\"contentUrl\":\"https:\\\/\\\/lequotidien.mr\\\/wp-content\\\/uploads\\\/2025\\\/06\\\/photo-commission-mixte-mauritano-gambienne.jpg\",\"width\":750,\"height\":430},{\"@type\":\"BreadcrumbList\",\"@id\":\"https:\\\/\\\/lequotidien.mr\\\/?p=28715&lang=fr#breadcrumb\",\"itemListElement\":[{\"@type\":\"ListItem\",\"position\":1,\"name\":\"Home\",\"item\":\"https:\\\/\\\/lequotidien.mr\\\/\"},{\"@type\":\"ListItem\",\"position\":2,\"name\":\"Mauritanie-Gambie : Nouakchott accueille la 6\u00e8me session de la Commission mixte mauritano-gambienne pour un partenariat strat\u00e9gique renforc\u00e9\"}]},{\"@type\":\"WebSite\",\"@id\":\"https:\\\/\\\/lequotidien.mr\\\/#website\",\"url\":\"https:\\\/\\\/lequotidien.mr\\\/\",\"name\":\"Le Quotidien de Nouakchott\",\"description\":\"\u0625\u062e\u0628\u0627\u0631\u064a\u0629 \u0645\u0633\u062a\u0642\u0644\u0629 \u0644\u0644\u0623\u0646\u0628\u0627\u0621 \u0627\u0644\u0639\u0627\u0645\u0629\",\"publisher\":{\"@id\":\"https:\\\/\\\/lequotidien.mr\\\/#organization\"},\"potentialAction\":[{\"@type\":\"SearchAction\",\"target\":{\"@type\":\"EntryPoint\",\"urlTemplate\":\"https:\\\/\\\/lequotidien.mr\\\/?s={search_term_string}\"},\"query-input\":{\"@type\":\"PropertyValueSpecification\",\"valueRequired\":true,\"valueName\":\"search_term_string\"}}],\"inLanguage\":\"ar\"},{\"@type\":\"Organization\",\"@id\":\"https:\\\/\\\/lequotidien.mr\\\/#organization\",\"name\":\"Le Quotidien de Nouakchott\",\"url\":\"https:\\\/\\\/lequotidien.mr\\\/\",\"logo\":{\"@type\":\"ImageObject\",\"inLanguage\":\"ar\",\"@id\":\"https:\\\/\\\/lequotidien.mr\\\/#\\\/schema\\\/logo\\\/image\\\/\",\"url\":\"https:\\\/\\\/lequotidien.mr\\\/wp-content\\\/uploads\\\/2022\\\/11\\\/logolequotidien.jpg\",\"contentUrl\":\"https:\\\/\\\/lequotidien.mr\\\/wp-content\\\/uploads\\\/2022\\\/11\\\/logolequotidien.jpg\",\"width\":290,\"height\":65,\"caption\":\"Le Quotidien de Nouakchott\"},\"image\":{\"@id\":\"https:\\\/\\\/lequotidien.mr\\\/#\\\/schema\\\/logo\\\/image\\\/\"},\"sameAs\":[\"https:\\\/\\\/web.facebook.com\\\/lequotidienmr\",\"https:\\\/\\\/x.com\\\/lequotidienmr\"]},{\"@type\":\"Person\",\"@id\":\"https:\\\/\\\/lequotidien.mr\\\/#\\\/schema\\\/person\\\/d2d350202a4d599685ed8abc25f97596\",\"name\":\"Med Ahmed\",\"image\":{\"@type\":\"ImageObject\",\"inLanguage\":\"ar\",\"@id\":\"https:\\\/\\\/secure.gravatar.com\\\/avatar\\\/fd2acc62ed50732923d1d39c17172c9b04149f142be92310ecc69e1358f94b52?s=96&d=mm&r=g\",\"url\":\"https:\\\/\\\/secure.gravatar.com\\\/avatar\\\/fd2acc62ed50732923d1d39c17172c9b04149f142be92310ecc69e1358f94b52?s=96&d=mm&r=g\",\"contentUrl\":\"https:\\\/\\\/secure.gravatar.com\\\/avatar\\\/fd2acc62ed50732923d1d39c17172c9b04149f142be92310ecc69e1358f94b52?s=96&d=mm&r=g\",\"caption\":\"Med Ahmed\"},\"url\":\"https:\\\/\\\/lequotidien.mr\\\/?author=12\"}]}<\/script>\n<!-- \/ Yoast SEO plugin. -->","yoast_head_json":{"title":"Mauritanie-Gambie : Nouakchott accueille la 6\u00e8me session de la Commission mixte mauritano-gambienne pour un partenariat strat\u00e9gique renforc\u00e9 - Le Quotidien de Nouakchott","robots":{"index":"index","follow":"follow","max-snippet":"max-snippet:-1","max-image-preview":"max-image-preview:large","max-video-preview":"max-video-preview:-1"},"canonical":"https:\/\/lequotidien.mr\/?p=28715&lang=fr","og_locale":"ar_AR","og_type":"article","og_title":"Mauritanie-Gambie : Nouakchott accueille la 6\u00e8me session de la Commission mixte mauritano-gambienne pour un partenariat strat\u00e9gique renforc\u00e9 - Le Quotidien de Nouakchott","og_description":"La sixi\u00e8me session de la Commission mixte de coop\u00e9ration bilat\u00e9rale entre la Mauritanie et la Gambie s&#8217;est ouverte ce jeudi \u00e0 Nouakchott, marquant une nouvelle \u00e9tape dans le renforcement des liens fraternels unissant les deux pays. Les travaux se d\u00e9roulent sous la copr\u00e9sidence du Premier ministre mauritanien, M. Moctar Djay, et du Vice-pr\u00e9sident gambien, M......","og_url":"https:\/\/lequotidien.mr\/?p=28715&lang=fr","og_site_name":"Le Quotidien de Nouakchott","article_publisher":"https:\/\/web.facebook.com\/lequotidienmr","article_published_time":"2025-06-26T22:55:24+00:00","og_image":[{"width":750,"height":430,"url":"https:\/\/lequotidien.mr\/wp-content\/uploads\/2025\/06\/photo-commission-mixte-mauritano-gambienne.jpg","type":"image\/jpeg"}],"author":"Med Ahmed","twitter_card":"summary_large_image","twitter_creator":"@lequotidienmr","twitter_site":"@lequotidienmr","twitter_misc":{"\u0643\u064f\u062a\u0628 \u0628\u0648\u0627\u0633\u0637\u0629":"Med Ahmed","\u0648\u0642\u062a \u0627\u0644\u0642\u0631\u0627\u0621\u0629 \u0627\u0644\u0645\u064f\u0642\u062f\u0651\u0631":"4 \u062f\u0642\u0627\u0626\u0642"},"schema":{"@context":"https:\/\/schema.org","@graph":[{"@type":"Article","@id":"https:\/\/lequotidien.mr\/?p=28715&lang=fr#article","isPartOf":{"@id":"https:\/\/lequotidien.mr\/?p=28715&lang=fr"},"author":{"name":"Med Ahmed","@id":"https:\/\/lequotidien.mr\/#\/schema\/person\/d2d350202a4d599685ed8abc25f97596"},"headline":"Mauritanie-Gambie : Nouakchott accueille la 6\u00e8me session de la Commission mixte mauritano-gambienne pour un partenariat strat\u00e9gique renforc\u00e9","datePublished":"2025-06-26T22:55:24+00:00","mainEntityOfPage":{"@id":"https:\/\/lequotidien.mr\/?p=28715&lang=fr"},"wordCount":617,"commentCount":0,"publisher":{"@id":"https:\/\/lequotidien.mr\/#organization"},"image":{"@id":"https:\/\/lequotidien.mr\/?p=28715&lang=fr#primaryimage"},"thumbnailUrl":"https:\/\/lequotidien.mr\/wp-content\/uploads\/2025\/06\/photo-commission-mixte-mauritano-gambienne.jpg","articleSection":["ACTUALIT\u00c9","Economie"],"inLanguage":"ar","potentialAction":[{"@type":"CommentAction","name":"Comment","target":["https:\/\/lequotidien.mr\/?p=28715&lang=fr#respond"]}]},{"@type":"WebPage","@id":"https:\/\/lequotidien.mr\/?p=28715&lang=fr","url":"https:\/\/lequotidien.mr\/?p=28715&lang=fr","name":"Mauritanie-Gambie : Nouakchott accueille la 6\u00e8me session de la Commission mixte mauritano-gambienne pour un partenariat strat\u00e9gique renforc\u00e9 - Le Quotidien de Nouakchott","isPartOf":{"@id":"https:\/\/lequotidien.mr\/#website"},"primaryImageOfPage":{"@id":"https:\/\/lequotidien.mr\/?p=28715&lang=fr#primaryimage"},"image":{"@id":"https:\/\/lequotidien.mr\/?p=28715&lang=fr#primaryimage"},"thumbnailUrl":"https:\/\/lequotidien.mr\/wp-content\/uploads\/2025\/06\/photo-commission-mixte-mauritano-gambienne.jpg","datePublished":"2025-06-26T22:55:24+00:00","breadcrumb":{"@id":"https:\/\/lequotidien.mr\/?p=28715&lang=fr#breadcrumb"},"inLanguage":"ar","potentialAction":[{"@type":"ReadAction","target":["https:\/\/lequotidien.mr\/?p=28715&lang=fr"]}]},{"@type":"ImageObject","inLanguage":"ar","@id":"https:\/\/lequotidien.mr\/?p=28715&lang=fr#primaryimage","url":"https:\/\/lequotidien.mr\/wp-content\/uploads\/2025\/06\/photo-commission-mixte-mauritano-gambienne.jpg","contentUrl":"https:\/\/lequotidien.mr\/wp-content\/uploads\/2025\/06\/photo-commission-mixte-mauritano-gambienne.jpg","width":750,"height":430},{"@type":"BreadcrumbList","@id":"https:\/\/lequotidien.mr\/?p=28715&lang=fr#breadcrumb","itemListElement":[{"@type":"ListItem","position":1,"name":"Home","item":"https:\/\/lequotidien.mr\/"},{"@type":"ListItem","position":2,"name":"Mauritanie-Gambie : Nouakchott accueille la 6\u00e8me session de la Commission mixte mauritano-gambienne pour un partenariat strat\u00e9gique renforc\u00e9"}]},{"@type":"WebSite","@id":"https:\/\/lequotidien.mr\/#website","url":"https:\/\/lequotidien.mr\/","name":"Le Quotidien de Nouakchott","description":"\u0625\u062e\u0628\u0627\u0631\u064a\u0629 \u0645\u0633\u062a\u0642\u0644\u0629 \u0644\u0644\u0623\u0646\u0628\u0627\u0621 \u0627\u0644\u0639\u0627\u0645\u0629","publisher":{"@id":"https:\/\/lequotidien.mr\/#organization"},"potentialAction":[{"@type":"SearchAction","target":{"@type":"EntryPoint","urlTemplate":"https:\/\/lequotidien.mr\/?s={search_term_string}"},"query-input":{"@type":"PropertyValueSpecification","valueRequired":true,"valueName":"search_term_string"}}],"inLanguage":"ar"},{"@type":"Organization","@id":"https:\/\/lequotidien.mr\/#organization","name":"Le Quotidien de Nouakchott","url":"https:\/\/lequotidien.mr\/","logo":{"@type":"ImageObject","inLanguage":"ar","@id":"https:\/\/lequotidien.mr\/#\/schema\/logo\/image\/","url":"https:\/\/lequotidien.mr\/wp-content\/uploads\/2022\/11\/logolequotidien.jpg","contentUrl":"https:\/\/lequotidien.mr\/wp-content\/uploads\/2022\/11\/logolequotidien.jpg","width":290,"height":65,"caption":"Le Quotidien de Nouakchott"},"image":{"@id":"https:\/\/lequotidien.mr\/#\/schema\/logo\/image\/"},"sameAs":["https:\/\/web.facebook.com\/lequotidienmr","https:\/\/x.com\/lequotidienmr"]},{"@type":"Person","@id":"https:\/\/lequotidien.mr\/#\/schema\/person\/d2d350202a4d599685ed8abc25f97596","name":"Med Ahmed","image":{"@type":"ImageObject","inLanguage":"ar","@id":"https:\/\/secure.gravatar.com\/avatar\/fd2acc62ed50732923d1d39c17172c9b04149f142be92310ecc69e1358f94b52?s=96&d=mm&r=g","url":"https:\/\/secure.gravatar.com\/avatar\/fd2acc62ed50732923d1d39c17172c9b04149f142be92310ecc69e1358f94b52?s=96&d=mm&r=g","contentUrl":"https:\/\/secure.gravatar.com\/avatar\/fd2acc62ed50732923d1d39c17172c9b04149f142be92310ecc69e1358f94b52?s=96&d=mm&r=g","caption":"Med Ahmed"},"url":"https:\/\/lequotidien.mr\/?author=12"}]}},"_links":{"self":[{"href":"https:\/\/lequotidien.mr\/index.php?rest_route=\/wp\/v2\/posts\/28715","targetHints":{"allow":["GET"]}}],"collection":[{"href":"https:\/\/lequotidien.mr\/index.php?rest_route=\/wp\/v2\/posts"}],"about":[{"href":"https:\/\/lequotidien.mr\/index.php?rest_route=\/wp\/v2\/types\/post"}],"author":[{"embeddable":true,"href":"https:\/\/lequotidien.mr\/index.php?rest_route=\/wp\/v2\/users\/12"}],"replies":[{"embeddable":true,"href":"https:\/\/lequotidien.mr\/index.php?rest_route=%2Fwp%2Fv2%2Fcomments&post=28715"}],"version-history":[{"count":1,"href":"https:\/\/lequotidien.mr\/index.php?rest_route=\/wp\/v2\/posts\/28715\/revisions"}],"predecessor-version":[{"id":28717,"href":"https:\/\/lequotidien.mr\/index.php?rest_route=\/wp\/v2\/posts\/28715\/revisions\/28717"}],"wp:featuredmedia":[{"embeddable":true,"href":"https:\/\/lequotidien.mr\/index.php?rest_route=\/wp\/v2\/media\/28716"}],"wp:attachment":[{"href":"https:\/\/lequotidien.mr\/index.php?rest_route=%2Fwp%2Fv2%2Fmedia&parent=28715"}],"wp:term":[{"taxonomy":"category","embeddable":true,"href":"https:\/\/lequotidien.mr\/index.php?rest_route=%2Fwp%2Fv2%2Fcategories&post=28715"},{"taxonomy":"post_tag","embeddable":true,"href":"https:\/\/lequotidien.mr\/index.php?rest_route=%2Fwp%2Fv2%2Ftags&post=28715"}],"curies":[{"name":"wp","href":"https:\/\/api.w.org\/{rel}","templated":true}]}}