{"id":28709,"date":"2025-06-26T19:28:02","date_gmt":"2025-06-26T19:28:02","guid":{"rendered":"https:\/\/lequotidien.mr\/?p=28709"},"modified":"2025-06-26T19:28:02","modified_gmt":"2025-06-26T19:28:02","slug":"la-mauritanie-obtient-une-promesse-de-financement-de-2-milliards-de-dollars-du-groupe-de-coordination-arabe","status":"publish","type":"post","link":"https:\/\/lequotidien.mr\/?p=28709&lang=fr","title":{"rendered":"La Mauritanie obtient une promesse de financement de 2 milliards de dollars du Groupe de coordination arabe"},"content":{"rendered":"<p><em>\u00a0<\/em>\u00a0Une table ronde de haut niveau tenue \u00e0 Vienne a marqu\u00e9 un tournant majeur pour le d\u00e9veloppement de la Mauritanie : le Groupe de coordination arabe (GCA) a annonc\u00e9 une promesse de financement de 2 milliards de dollars en soutien au programme national de d\u00e9veloppement du pays. L\u2019\u00e9v\u00e9nement s\u2019est d\u00e9roul\u00e9 en marge de la r\u00e9union annuelle des chefs d\u2019institutions du GCA et a \u00e9t\u00e9 pr\u00e9sid\u00e9 par le Pr\u00e9sident de la R\u00e9publique Islamique de Mauritanie, Mohamed Ould Cheikh El Ghazouani.<\/p>\n<p>Organis\u00e9e par le Fonds de l\u2019OPEP pour le d\u00e9veloppement international, cette rencontre a permis de renforcer les engagements des partenaires arabes en faveur de la transformation \u00e9conomique et sociale de la Mauritanie.<\/p>\n<p><strong>Un appui d\u00e9cisif aux secteurs vitaux<\/strong><\/p>\n<p>Le pr\u00e9sident du Fonds de l\u2019OPEP, Abdulhamid Alkhalifa, a salu\u00e9 l\u2019ambition du programme mauritanien :<\/p>\n<p>\u00ab Nous sommes r\u00e9solument engag\u00e9s \u00e0 jouer un r\u00f4le actif dans la mise en \u0153uvre de ce programme. Notre engagement financier refl\u00e8te notre volont\u00e9 collective de traduire cette ambition en actions concr\u00e8tes et de g\u00e9n\u00e9rer un impact positif pour les populations mauritaniennes. \u00bb<\/p>\n<p>Le pr\u00e9sident de la Banque islamique de d\u00e9veloppement (BID), Dr. Muhammed Al Jasser, s\u2019exprimant au nom du Groupe de coordination arabe, a pr\u00e9cis\u00e9 que les financements porteront sur des secteurs prioritaires tels que <strong>l\u2019\u00e9nergie, l\u2019eau, les transports et les infrastructures num\u00e9riques<\/strong>, pour catalyser la croissance \u00e9conomique et favoriser un d\u00e9veloppement durable et inclusif.<\/p>\n<p><strong>La Mauritanie pr\u00e9sente un portefeuille ambitieux<\/strong><\/p>\n<p>Dans son discours d\u2019ouverture, le pr\u00e9sident El Ghazouani a r\u00e9affirm\u00e9 l\u2019engagement du pays en faveur de la r\u00e9forme institutionnelle, de la transparence et de la bonne gouvernance, insistant sur la stabilit\u00e9 macro\u00e9conomique et la modernisation de l\u2019administration publique comme socles de la croissance inclusive.<\/p>\n<p>Le gouvernement mauritanien a pr\u00e9sent\u00e9 un portefeuille de projets prioritaires, parmi lesquels :<\/p>\n<ul>\n<li><strong>La modernisation des centrales thermiques<\/strong> gr\u00e2ce \u00e0 des solutions hybrides et de stockage d\u2019\u00e9nergie ;<\/li>\n<li><strong>Deux projets strat\u00e9giques d\u2019infrastructures hydrauliques<\/strong> \u00e0 Taraf Al-Mahroud et dans le bassin du Karakoro ;<\/li>\n<li><strong>La r\u00e9habilitation des corridors Nouakchott\u2013Nouadhibou et Rosso\u2013Bogh\u00e9<\/strong>, cruciaux pour le commerce et l\u2019int\u00e9gration r\u00e9gionale.<\/li>\n<\/ul>\n<p><strong>Une coordination renforc\u00e9e jusqu\u2019en 2030<\/strong><\/p>\n<p>Le financement du GCA s\u2019\u00e9talera sur la p\u00e9riode <strong>2025\u20132030<\/strong>, en coordination \u00e9troite avec le gouvernement mauritanien et les partenaires internationaux. Cette initiative pr\u00e9c\u00e8de le Forum pour le d\u00e9veloppement du Fonds de l\u2019OPEP pr\u00e9vu le 17 juin, o\u00f9 le pr\u00e9sident El Ghazouani interviendra en tant qu\u2019invit\u00e9 d\u2019honneur.<\/p>\n<p>Le pr\u00e9sident Alkhalifa a \u00e9galement rappel\u00e9 la signature en janvier dernier d\u2019un <strong>accord-cadre de partenariat pays<\/strong> pour 2025-2027, d\u00e9finissant les priorit\u00e9s du Fonds en Mauritanie : \u00e9nergies renouvelables, s\u00e9curit\u00e9 alimentaire, eau, transport et cuisson propre.<\/p>\n<p>\u00ab Le succ\u00e8s du d\u00e9veloppement r\u00e9side dans sa capacit\u00e9 \u00e0 attirer des investissements. Sa durabilit\u00e9, en revanche, d\u00e9pend de sa capacit\u00e9 \u00e0 produire des r\u00e9sultats tangibles pour les populations \u00bb, a-t-il soulign\u00e9.<\/p>\n<p><strong>Un partenariat strat\u00e9gique Sud-Sud<\/strong><\/p>\n<p>Le Groupe de coordination arabe est la <strong>deuxi\u00e8me plus grande alliance mondiale de finance du d\u00e9veloppement<\/strong>, \u0153uvrant depuis 1975 pour la coop\u00e9ration Sud-Sud. En 2024, le GCA a financ\u00e9 pr\u00e8s de <strong>650 op\u00e9rations dans plus de 90 pays<\/strong>, pour un montant total de <strong>19,6 milliards de dollars<\/strong>.<\/p>\n<p>Il regroupe dix institutions majeures : le Fonds d\u2019Abu Dhabi pour le d\u00e9veloppement, la Banque arabe pour le d\u00e9veloppement \u00e9conomique en Afrique (BADEA), le Fonds arabe pour le d\u00e9veloppement \u00e9conomique et social, le Programme du Golfe arabe pour le d\u00e9veloppement, le Fonds mon\u00e9taire arabe, la Banque islamique de d\u00e9veloppement, le Fonds kowe\u00eftien, le Fonds de l\u2019OPEP, le Fonds qatari pour le d\u00e9veloppement, et le Fonds saoudien pour le d\u00e9veloppement.<\/p>\n<p>&nbsp;<\/p>\n<p><em>Avec cette promesse de financement, la Mauritanie franchit une \u00e9tape cl\u00e9 vers la concr\u00e9tisation de son programme de d\u00e9veloppement ambitieux, ax\u00e9 sur l\u2019inclusion, la durabilit\u00e9 et l\u2019ouverture au monde.<\/em><\/p>\n<p><em>\u00a0<\/em><\/p>\n<p><em>\u00a0<\/em><\/p>\n<p><em>\u00a0<\/em><\/p>\n","protected":false},"excerpt":{"rendered":"<p>\u00a0\u00a0Une table ronde de haut niveau tenue \u00e0 Vienne a marqu\u00e9 un tournant majeur pour le d\u00e9veloppement de la Mauritanie : le Groupe de coordination arabe (GCA) a annonc\u00e9 une promesse de financement de 2 milliards de dollars en soutien au programme national de d\u00e9veloppement du pays. L\u2019\u00e9v\u00e9nement s\u2019est d\u00e9roul\u00e9 en marge de la r\u00e9union&#8230;..<\/p>\n","protected":false},"author":4,"featured_media":28710,"comment_status":"open","ping_status":"open","sticky":false,"template":"","format":"standard","meta":{"footnotes":""},"categories":[23,49,57],"tags":[],"class_list":["post-28709","post","type-post","status-publish","format-standard","has-post-thumbnail","hentry","category-actualite","category-economie","category-couverture-specilale"],"yoast_head":"<!-- This site is optimized with the Yoast SEO plugin v27.5 - https:\/\/yoast.com\/product\/yoast-seo-wordpress\/ -->\n<title>La Mauritanie obtient une promesse de financement de 2 milliards de dollars du Groupe de coordination arabe - Le Quotidien de Nouakchott<\/title>\n<meta name=\"robots\" content=\"index, follow, max-snippet:-1, max-image-preview:large, max-video-preview:-1\" \/>\n<link rel=\"canonical\" href=\"https:\/\/lequotidien.mr\/?p=28709&lang=fr\" \/>\n<meta property=\"og:locale\" content=\"ar_AR\" \/>\n<meta property=\"og:type\" content=\"article\" \/>\n<meta property=\"og:title\" content=\"La Mauritanie obtient une promesse de financement de 2 milliards de dollars du Groupe de coordination arabe - Le Quotidien de Nouakchott\" \/>\n<meta property=\"og:description\" content=\"\u00a0\u00a0Une table ronde de haut niveau tenue \u00e0 Vienne a marqu\u00e9 un tournant majeur pour le d\u00e9veloppement de la Mauritanie : le Groupe de coordination arabe (GCA) a annonc\u00e9 une promesse de financement de 2 milliards de dollars en soutien au programme national de d\u00e9veloppement du pays. L\u2019\u00e9v\u00e9nement s\u2019est d\u00e9roul\u00e9 en marge de la r\u00e9union.....\" \/>\n<meta property=\"og:url\" content=\"https:\/\/lequotidien.mr\/?p=28709&amp;lang=fr\" \/>\n<meta property=\"og:site_name\" content=\"Le Quotidien de Nouakchott\" \/>\n<meta property=\"article:publisher\" content=\"https:\/\/web.facebook.com\/lequotidienmr\" \/>\n<meta property=\"article:published_time\" content=\"2025-06-26T19:28:02+00:00\" \/>\n<meta property=\"og:image\" content=\"https:\/\/lequotidien.mr\/wp-content\/uploads\/2025\/06\/press-release11.jpg\" \/>\n\t<meta property=\"og:image:width\" content=\"1778\" \/>\n\t<meta property=\"og:image:height\" content=\"900\" \/>\n\t<meta property=\"og:image:type\" content=\"image\/jpeg\" \/>\n<meta name=\"author\" content=\"Le Quotidien\" \/>\n<meta name=\"twitter:card\" content=\"summary_large_image\" \/>\n<meta name=\"twitter:creator\" content=\"@lequotidienmr\" \/>\n<meta name=\"twitter:site\" content=\"@lequotidienmr\" \/>\n<meta name=\"twitter:label1\" content=\"\u0643\u064f\u062a\u0628 \u0628\u0648\u0627\u0633\u0637\u0629\" \/>\n\t<meta name=\"twitter:data1\" content=\"Le Quotidien\" \/>\n\t<meta name=\"twitter:label2\" content=\"\u0648\u0642\u062a \u0627\u0644\u0642\u0631\u0627\u0621\u0629 \u0627\u0644\u0645\u064f\u0642\u062f\u0651\u0631\" \/>\n\t<meta name=\"twitter:data2\" content=\"5 \u062f\u0642\u0627\u0626\u0642\" \/>\n<script type=\"application\/ld+json\" class=\"yoast-schema-graph\">{\"@context\":\"https:\\\/\\\/schema.org\",\"@graph\":[{\"@type\":\"Article\",\"@id\":\"https:\\\/\\\/lequotidien.mr\\\/?p=28709&lang=fr#article\",\"isPartOf\":{\"@id\":\"https:\\\/\\\/lequotidien.mr\\\/?p=28709&lang=fr\"},\"author\":{\"name\":\"Le Quotidien\",\"@id\":\"https:\\\/\\\/lequotidien.mr\\\/#\\\/schema\\\/person\\\/f90fcdaa970c60288de4ed2e64a56472\"},\"headline\":\"La Mauritanie obtient une promesse de financement de 2 milliards de dollars du Groupe de coordination arabe\",\"datePublished\":\"2025-06-26T19:28:02+00:00\",\"mainEntityOfPage\":{\"@id\":\"https:\\\/\\\/lequotidien.mr\\\/?p=28709&lang=fr\"},\"wordCount\":688,\"commentCount\":0,\"publisher\":{\"@id\":\"https:\\\/\\\/lequotidien.mr\\\/#organization\"},\"image\":{\"@id\":\"https:\\\/\\\/lequotidien.mr\\\/?p=28709&lang=fr#primaryimage\"},\"thumbnailUrl\":\"https:\\\/\\\/lequotidien.mr\\\/wp-content\\\/uploads\\\/2025\\\/06\\\/press-release11.jpg\",\"articleSection\":[\"ACTUALIT\u00c9\",\"Economie\",\"Couverture sp\u00e9cilale\"],\"inLanguage\":\"ar\",\"potentialAction\":[{\"@type\":\"CommentAction\",\"name\":\"Comment\",\"target\":[\"https:\\\/\\\/lequotidien.mr\\\/?p=28709&lang=fr#respond\"]}]},{\"@type\":\"WebPage\",\"@id\":\"https:\\\/\\\/lequotidien.mr\\\/?p=28709&lang=fr\",\"url\":\"https:\\\/\\\/lequotidien.mr\\\/?p=28709&lang=fr\",\"name\":\"La Mauritanie obtient une promesse de financement de 2 milliards de dollars du Groupe de coordination arabe - Le Quotidien de Nouakchott\",\"isPartOf\":{\"@id\":\"https:\\\/\\\/lequotidien.mr\\\/#website\"},\"primaryImageOfPage\":{\"@id\":\"https:\\\/\\\/lequotidien.mr\\\/?p=28709&lang=fr#primaryimage\"},\"image\":{\"@id\":\"https:\\\/\\\/lequotidien.mr\\\/?p=28709&lang=fr#primaryimage\"},\"thumbnailUrl\":\"https:\\\/\\\/lequotidien.mr\\\/wp-content\\\/uploads\\\/2025\\\/06\\\/press-release11.jpg\",\"datePublished\":\"2025-06-26T19:28:02+00:00\",\"breadcrumb\":{\"@id\":\"https:\\\/\\\/lequotidien.mr\\\/?p=28709&lang=fr#breadcrumb\"},\"inLanguage\":\"ar\",\"potentialAction\":[{\"@type\":\"ReadAction\",\"target\":[\"https:\\\/\\\/lequotidien.mr\\\/?p=28709&lang=fr\"]}]},{\"@type\":\"ImageObject\",\"inLanguage\":\"ar\",\"@id\":\"https:\\\/\\\/lequotidien.mr\\\/?p=28709&lang=fr#primaryimage\",\"url\":\"https:\\\/\\\/lequotidien.mr\\\/wp-content\\\/uploads\\\/2025\\\/06\\\/press-release11.jpg\",\"contentUrl\":\"https:\\\/\\\/lequotidien.mr\\\/wp-content\\\/uploads\\\/2025\\\/06\\\/press-release11.jpg\",\"width\":1778,\"height\":900},{\"@type\":\"BreadcrumbList\",\"@id\":\"https:\\\/\\\/lequotidien.mr\\\/?p=28709&lang=fr#breadcrumb\",\"itemListElement\":[{\"@type\":\"ListItem\",\"position\":1,\"name\":\"Home\",\"item\":\"https:\\\/\\\/lequotidien.mr\\\/\"},{\"@type\":\"ListItem\",\"position\":2,\"name\":\"La Mauritanie obtient une promesse de financement de 2 milliards de dollars du Groupe de coordination arabe\"}]},{\"@type\":\"WebSite\",\"@id\":\"https:\\\/\\\/lequotidien.mr\\\/#website\",\"url\":\"https:\\\/\\\/lequotidien.mr\\\/\",\"name\":\"Le Quotidien de Nouakchott\",\"description\":\"\u0625\u062e\u0628\u0627\u0631\u064a\u0629 \u0645\u0633\u062a\u0642\u0644\u0629 \u0644\u0644\u0623\u0646\u0628\u0627\u0621 \u0627\u0644\u0639\u0627\u0645\u0629\",\"publisher\":{\"@id\":\"https:\\\/\\\/lequotidien.mr\\\/#organization\"},\"potentialAction\":[{\"@type\":\"SearchAction\",\"target\":{\"@type\":\"EntryPoint\",\"urlTemplate\":\"https:\\\/\\\/lequotidien.mr\\\/?s={search_term_string}\"},\"query-input\":{\"@type\":\"PropertyValueSpecification\",\"valueRequired\":true,\"valueName\":\"search_term_string\"}}],\"inLanguage\":\"ar\"},{\"@type\":\"Organization\",\"@id\":\"https:\\\/\\\/lequotidien.mr\\\/#organization\",\"name\":\"Le Quotidien de Nouakchott\",\"url\":\"https:\\\/\\\/lequotidien.mr\\\/\",\"logo\":{\"@type\":\"ImageObject\",\"inLanguage\":\"ar\",\"@id\":\"https:\\\/\\\/lequotidien.mr\\\/#\\\/schema\\\/logo\\\/image\\\/\",\"url\":\"https:\\\/\\\/lequotidien.mr\\\/wp-content\\\/uploads\\\/2022\\\/11\\\/logolequotidien.jpg\",\"contentUrl\":\"https:\\\/\\\/lequotidien.mr\\\/wp-content\\\/uploads\\\/2022\\\/11\\\/logolequotidien.jpg\",\"width\":290,\"height\":65,\"caption\":\"Le Quotidien de Nouakchott\"},\"image\":{\"@id\":\"https:\\\/\\\/lequotidien.mr\\\/#\\\/schema\\\/logo\\\/image\\\/\"},\"sameAs\":[\"https:\\\/\\\/web.facebook.com\\\/lequotidienmr\",\"https:\\\/\\\/x.com\\\/lequotidienmr\"]},{\"@type\":\"Person\",\"@id\":\"https:\\\/\\\/lequotidien.mr\\\/#\\\/schema\\\/person\\\/f90fcdaa970c60288de4ed2e64a56472\",\"name\":\"Le Quotidien\",\"image\":{\"@type\":\"ImageObject\",\"inLanguage\":\"ar\",\"@id\":\"https:\\\/\\\/secure.gravatar.com\\\/avatar\\\/374cb39a1a458a912465a93e5a3ce6546886fc3da809a1f10c63e4e8fcbca30f?s=96&d=mm&r=g\",\"url\":\"https:\\\/\\\/secure.gravatar.com\\\/avatar\\\/374cb39a1a458a912465a93e5a3ce6546886fc3da809a1f10c63e4e8fcbca30f?s=96&d=mm&r=g\",\"contentUrl\":\"https:\\\/\\\/secure.gravatar.com\\\/avatar\\\/374cb39a1a458a912465a93e5a3ce6546886fc3da809a1f10c63e4e8fcbca30f?s=96&d=mm&r=g\",\"caption\":\"Le Quotidien\"},\"sameAs\":[\"https:\\\/\\\/lequotidien.mr\\\/\"],\"url\":\"https:\\\/\\\/lequotidien.mr\\\/?author=4\"}]}<\/script>\n<!-- \/ Yoast SEO plugin. -->","yoast_head_json":{"title":"La Mauritanie obtient une promesse de financement de 2 milliards de dollars du Groupe de coordination arabe - Le Quotidien de Nouakchott","robots":{"index":"index","follow":"follow","max-snippet":"max-snippet:-1","max-image-preview":"max-image-preview:large","max-video-preview":"max-video-preview:-1"},"canonical":"https:\/\/lequotidien.mr\/?p=28709&lang=fr","og_locale":"ar_AR","og_type":"article","og_title":"La Mauritanie obtient une promesse de financement de 2 milliards de dollars du Groupe de coordination arabe - Le Quotidien de Nouakchott","og_description":"\u00a0\u00a0Une table ronde de haut niveau tenue \u00e0 Vienne a marqu\u00e9 un tournant majeur pour le d\u00e9veloppement de la Mauritanie : le Groupe de coordination arabe (GCA) a annonc\u00e9 une promesse de financement de 2 milliards de dollars en soutien au programme national de d\u00e9veloppement du pays. L\u2019\u00e9v\u00e9nement s\u2019est d\u00e9roul\u00e9 en marge de la r\u00e9union.....","og_url":"https:\/\/lequotidien.mr\/?p=28709&lang=fr","og_site_name":"Le Quotidien de Nouakchott","article_publisher":"https:\/\/web.facebook.com\/lequotidienmr","article_published_time":"2025-06-26T19:28:02+00:00","og_image":[{"width":1778,"height":900,"url":"https:\/\/lequotidien.mr\/wp-content\/uploads\/2025\/06\/press-release11.jpg","type":"image\/jpeg"}],"author":"Le Quotidien","twitter_card":"summary_large_image","twitter_creator":"@lequotidienmr","twitter_site":"@lequotidienmr","twitter_misc":{"\u0643\u064f\u062a\u0628 \u0628\u0648\u0627\u0633\u0637\u0629":"Le Quotidien","\u0648\u0642\u062a \u0627\u0644\u0642\u0631\u0627\u0621\u0629 \u0627\u0644\u0645\u064f\u0642\u062f\u0651\u0631":"5 \u062f\u0642\u0627\u0626\u0642"},"schema":{"@context":"https:\/\/schema.org","@graph":[{"@type":"Article","@id":"https:\/\/lequotidien.mr\/?p=28709&lang=fr#article","isPartOf":{"@id":"https:\/\/lequotidien.mr\/?p=28709&lang=fr"},"author":{"name":"Le Quotidien","@id":"https:\/\/lequotidien.mr\/#\/schema\/person\/f90fcdaa970c60288de4ed2e64a56472"},"headline":"La Mauritanie obtient une promesse de financement de 2 milliards de dollars du Groupe de coordination arabe","datePublished":"2025-06-26T19:28:02+00:00","mainEntityOfPage":{"@id":"https:\/\/lequotidien.mr\/?p=28709&lang=fr"},"wordCount":688,"commentCount":0,"publisher":{"@id":"https:\/\/lequotidien.mr\/#organization"},"image":{"@id":"https:\/\/lequotidien.mr\/?p=28709&lang=fr#primaryimage"},"thumbnailUrl":"https:\/\/lequotidien.mr\/wp-content\/uploads\/2025\/06\/press-release11.jpg","articleSection":["ACTUALIT\u00c9","Economie","Couverture sp\u00e9cilale"],"inLanguage":"ar","potentialAction":[{"@type":"CommentAction","name":"Comment","target":["https:\/\/lequotidien.mr\/?p=28709&lang=fr#respond"]}]},{"@type":"WebPage","@id":"https:\/\/lequotidien.mr\/?p=28709&lang=fr","url":"https:\/\/lequotidien.mr\/?p=28709&lang=fr","name":"La Mauritanie obtient une promesse de financement de 2 milliards de dollars du Groupe de coordination arabe - Le Quotidien de Nouakchott","isPartOf":{"@id":"https:\/\/lequotidien.mr\/#website"},"primaryImageOfPage":{"@id":"https:\/\/lequotidien.mr\/?p=28709&lang=fr#primaryimage"},"image":{"@id":"https:\/\/lequotidien.mr\/?p=28709&lang=fr#primaryimage"},"thumbnailUrl":"https:\/\/lequotidien.mr\/wp-content\/uploads\/2025\/06\/press-release11.jpg","datePublished":"2025-06-26T19:28:02+00:00","breadcrumb":{"@id":"https:\/\/lequotidien.mr\/?p=28709&lang=fr#breadcrumb"},"inLanguage":"ar","potentialAction":[{"@type":"ReadAction","target":["https:\/\/lequotidien.mr\/?p=28709&lang=fr"]}]},{"@type":"ImageObject","inLanguage":"ar","@id":"https:\/\/lequotidien.mr\/?p=28709&lang=fr#primaryimage","url":"https:\/\/lequotidien.mr\/wp-content\/uploads\/2025\/06\/press-release11.jpg","contentUrl":"https:\/\/lequotidien.mr\/wp-content\/uploads\/2025\/06\/press-release11.jpg","width":1778,"height":900},{"@type":"BreadcrumbList","@id":"https:\/\/lequotidien.mr\/?p=28709&lang=fr#breadcrumb","itemListElement":[{"@type":"ListItem","position":1,"name":"Home","item":"https:\/\/lequotidien.mr\/"},{"@type":"ListItem","position":2,"name":"La Mauritanie obtient une promesse de financement de 2 milliards de dollars du Groupe de coordination arabe"}]},{"@type":"WebSite","@id":"https:\/\/lequotidien.mr\/#website","url":"https:\/\/lequotidien.mr\/","name":"Le Quotidien de Nouakchott","description":"\u0625\u062e\u0628\u0627\u0631\u064a\u0629 \u0645\u0633\u062a\u0642\u0644\u0629 \u0644\u0644\u0623\u0646\u0628\u0627\u0621 \u0627\u0644\u0639\u0627\u0645\u0629","publisher":{"@id":"https:\/\/lequotidien.mr\/#organization"},"potentialAction":[{"@type":"SearchAction","target":{"@type":"EntryPoint","urlTemplate":"https:\/\/lequotidien.mr\/?s={search_term_string}"},"query-input":{"@type":"PropertyValueSpecification","valueRequired":true,"valueName":"search_term_string"}}],"inLanguage":"ar"},{"@type":"Organization","@id":"https:\/\/lequotidien.mr\/#organization","name":"Le Quotidien de Nouakchott","url":"https:\/\/lequotidien.mr\/","logo":{"@type":"ImageObject","inLanguage":"ar","@id":"https:\/\/lequotidien.mr\/#\/schema\/logo\/image\/","url":"https:\/\/lequotidien.mr\/wp-content\/uploads\/2022\/11\/logolequotidien.jpg","contentUrl":"https:\/\/lequotidien.mr\/wp-content\/uploads\/2022\/11\/logolequotidien.jpg","width":290,"height":65,"caption":"Le Quotidien de Nouakchott"},"image":{"@id":"https:\/\/lequotidien.mr\/#\/schema\/logo\/image\/"},"sameAs":["https:\/\/web.facebook.com\/lequotidienmr","https:\/\/x.com\/lequotidienmr"]},{"@type":"Person","@id":"https:\/\/lequotidien.mr\/#\/schema\/person\/f90fcdaa970c60288de4ed2e64a56472","name":"Le Quotidien","image":{"@type":"ImageObject","inLanguage":"ar","@id":"https:\/\/secure.gravatar.com\/avatar\/374cb39a1a458a912465a93e5a3ce6546886fc3da809a1f10c63e4e8fcbca30f?s=96&d=mm&r=g","url":"https:\/\/secure.gravatar.com\/avatar\/374cb39a1a458a912465a93e5a3ce6546886fc3da809a1f10c63e4e8fcbca30f?s=96&d=mm&r=g","contentUrl":"https:\/\/secure.gravatar.com\/avatar\/374cb39a1a458a912465a93e5a3ce6546886fc3da809a1f10c63e4e8fcbca30f?s=96&d=mm&r=g","caption":"Le Quotidien"},"sameAs":["https:\/\/lequotidien.mr\/"],"url":"https:\/\/lequotidien.mr\/?author=4"}]}},"_links":{"self":[{"href":"https:\/\/lequotidien.mr\/index.php?rest_route=\/wp\/v2\/posts\/28709","targetHints":{"allow":["GET"]}}],"collection":[{"href":"https:\/\/lequotidien.mr\/index.php?rest_route=\/wp\/v2\/posts"}],"about":[{"href":"https:\/\/lequotidien.mr\/index.php?rest_route=\/wp\/v2\/types\/post"}],"author":[{"embeddable":true,"href":"https:\/\/lequotidien.mr\/index.php?rest_route=\/wp\/v2\/users\/4"}],"replies":[{"embeddable":true,"href":"https:\/\/lequotidien.mr\/index.php?rest_route=%2Fwp%2Fv2%2Fcomments&post=28709"}],"version-history":[{"count":1,"href":"https:\/\/lequotidien.mr\/index.php?rest_route=\/wp\/v2\/posts\/28709\/revisions"}],"predecessor-version":[{"id":28711,"href":"https:\/\/lequotidien.mr\/index.php?rest_route=\/wp\/v2\/posts\/28709\/revisions\/28711"}],"wp:featuredmedia":[{"embeddable":true,"href":"https:\/\/lequotidien.mr\/index.php?rest_route=\/wp\/v2\/media\/28710"}],"wp:attachment":[{"href":"https:\/\/lequotidien.mr\/index.php?rest_route=%2Fwp%2Fv2%2Fmedia&parent=28709"}],"wp:term":[{"taxonomy":"category","embeddable":true,"href":"https:\/\/lequotidien.mr\/index.php?rest_route=%2Fwp%2Fv2%2Fcategories&post=28709"},{"taxonomy":"post_tag","embeddable":true,"href":"https:\/\/lequotidien.mr\/index.php?rest_route=%2Fwp%2Fv2%2Ftags&post=28709"}],"curies":[{"name":"wp","href":"https:\/\/api.w.org\/{rel}","templated":true}]}}