{"id":28690,"date":"2025-06-26T10:47:38","date_gmt":"2025-06-26T10:47:38","guid":{"rendered":"https:\/\/lequotidien.mr\/?p=28690"},"modified":"2025-06-26T10:47:38","modified_gmt":"2025-06-26T10:47:38","slug":"visite-protocolaire-a-nouakchott-les-presidents-de-lassemblee-nationale-et-du-conseil-populaire-national-algerien-decouvrent-lexposition-et-musee-international-de-la-biographie-du-prophet","status":"publish","type":"post","link":"https:\/\/lequotidien.mr\/?p=28690&lang=fr","title":{"rendered":"Visite protocolaire \u00e0 Nouakchott : Les Pr\u00e9sidents de l\u2019Assembl\u00e9e nationale et du Conseil populaire national alg\u00e9rien d\u00e9couvrent l&#8217;Exposition et Mus\u00e9e international de la biographie du Proph\u00e8te et de la civilisation islamique"},"content":{"rendered":"<p>Dans un geste symbolique fort marquant la richesse des \u00e9changes culturels et spirituels, le Pr\u00e9sident de l&#8217;Assembl\u00e9e nationale mauritanienne, M. Mohamed Bamba Meguett, et son homologue alg\u00e9rien, M. Brahim Boughali, Pr\u00e9sident du Conseil Populaire National, ont effectu\u00e9 une visite conjointe, ce mercredi soir, \u00e0 l&#8217;<strong>Exposition et Mus\u00e9e international de la biographie du Proph\u00e8te et de la civilisation islamique<\/strong>\u00a0\u00e0 Nouakchott. Le ministre mauritanien de la Culture, des Arts, de la Communication et des Relations avec le Parlement, porte-parole du gouvernement, M. El Houssein Medou, accompagnait les d\u00e9l\u00e9gations.<\/p>\n<p><strong>Immersion dans l&#8217;histoire et la spiritualit\u00e9 islamiques<\/strong><\/p>\n<p>Accueillis par les responsables du mus\u00e9e, les deux Pr\u00e9sidents et leurs d\u00e9l\u00e9gations ont parcouru les diff\u00e9rents pavillons de cette institution unique. Ils ont re\u00e7u des\u00a0explications d\u00e9taill\u00e9es\u00a0sur la mission fondamentale de l&#8217;\u00e9difice : enraciner l&#8217;amour du Proph\u00e8te Mohammed (que la paix et les b\u00e9n\u00e9dictions d&#8217;Allah soient sur lui) et pr\u00e9senter la civilisation islamique dans une\u00a0vision globale et accessible. Le mus\u00e9e se distingue par son approche p\u00e9dagogique innovante.<\/p>\n<p><strong>Des technologies de pointe au service du patrimoine islamique<\/strong><\/p>\n<p>\u00c0 l&#8217;issue de la visite, M. Brahim Boughali a pris la parole pour exprimer son impression. Il a vivement salu\u00e9 la\u00a0conception moderne\u00a0du mus\u00e9e, soulignant l&#8217;utilisation de\u00a0technologies avanc\u00e9es\u00a0(r\u00e9alit\u00e9 augment\u00e9e, r\u00e9alit\u00e9 virtuelle, holographie, technologies intelligentes) pour documenter avec pr\u00e9cision la vie du Proph\u00e8te (PSL), depuis sa naissance jusqu&#8217;\u00e0 toutes les \u00e9tapes de sa mission.<\/p>\n<p><strong>&#8220;Ce type de mus\u00e9e est essentiel pour\u00a0pr\u00e9server l&#8217;histoire de l&#8217;Islam&#8221;<\/strong>, a d\u00e9clar\u00e9 le Pr\u00e9sident alg\u00e9rien. &#8220;Il permet de\u00a0transmettre l&#8217;information de mani\u00e8re scientifique, claire et captivante aux g\u00e9n\u00e9rations pr\u00e9sentes et futures.&#8221;<\/p>\n<p>M. Boughali a exprim\u00e9 son aspiration \u00e0 voir ce mod\u00e8le dupliqu\u00e9 dans de nombreux pays, soulignant son r\u00f4le crucial dans la pr\u00e9servation et la transmission correcte de la religion islamique. Il a lanc\u00e9 un appel pour &#8220;davantage d&#8217;efforts dans ce domaine&#8221; au niveau international. Il a \u00e9galement chaleureusement\u00a0remerci\u00e9 les responsables du mus\u00e9e pour leur travail et lou\u00e9 le &#8220;haut niveau&#8221; observ\u00e9 durant la visite.<\/p>\n<p><strong>Une exp\u00e9rience immersive et multilingue<\/strong><\/p>\n<p>L&#8217;Exposition et Mus\u00e9e international de la biographie du Proph\u00e8te se pr\u00e9sente comme un complexe culturel et scientifique de premier plan. Il comprend\u00a0<strong>plus de 20 pavillons<\/strong>\u00a0th\u00e9matiques. Sa particularit\u00e9 r\u00e9side dans l&#8217;int\u00e9gration massive du num\u00e9rique :<\/p>\n<p><strong>&#8211;<\/strong>Plus de <strong>50 \u00e9crans interactifs;<\/strong><\/p>\n<p><strong>&#8211;<\/strong>Utilisation de la <strong>r\u00e9alit\u00e9 augment\u00e9e, virtuelle et holographique;<\/strong><\/p>\n<p><strong>&#8211;<\/strong>Pr\u00e9sentation interactive en <strong>3D<\/strong> de la biographie proph\u00e9tique;<\/p>\n<p><strong>&#8211;<\/strong>Contenu disponible en <strong>plusieurs langues<\/strong>\u00a0: arabe, fran\u00e7ais, anglais, indon\u00e9sien et ourdou.<\/p>\n<p>Cette infrastructure technologique permet une\u00a0plong\u00e9e immersive\u00a0dans l&#8217;histoire islamique, rendant accessible au plus grand nombre la vie du Proph\u00e8te (PSL) et les fondements de la civilisation musulmane.<\/p>\n<p>Cette visite culturelle, intervenant apr\u00e8s la signature du protocole parlementaire additionnel et la visite du Port de l&#8217;Amiti\u00e9, ajoute une\u00a0dimension spirituelle et patrimoniale au renforcement des relations entre la Mauritanie et l&#8217;Alg\u00e9rie. Elle t\u00e9moigne de l&#8217;importance accord\u00e9e par les deux pays au partage de leur h\u00e9ritage islamique commun et \u00e0 la promotion des valeurs de paix et de connaissance port\u00e9es par l&#8217;Islam, utilisant pour cela les outils \u00e9ducatifs les plus modernes.<\/p>\n","protected":false},"excerpt":{"rendered":"<p>Dans un geste symbolique fort marquant la richesse des \u00e9changes culturels et spirituels, le Pr\u00e9sident de l&#8217;Assembl\u00e9e nationale mauritanienne, M. Mohamed Bamba Meguett, et son homologue alg\u00e9rien, M. Brahim Boughali, Pr\u00e9sident du Conseil Populaire National, ont effectu\u00e9 une visite conjointe, ce mercredi soir, \u00e0 l&#8217;Exposition et Mus\u00e9e international de la biographie du Proph\u00e8te et de&#8230;..<\/p>\n","protected":false},"author":12,"featured_media":28691,"comment_status":"open","ping_status":"open","sticky":false,"template":"","format":"standard","meta":{"footnotes":""},"categories":[23,55],"tags":[],"class_list":["post-28690","post","type-post","status-publish","format-standard","has-post-thumbnail","hentry","category-actualite","category-culture"],"yoast_head":"<!-- This site is optimized with the Yoast SEO plugin v27.5 - https:\/\/yoast.com\/product\/yoast-seo-wordpress\/ -->\n<title>Visite protocolaire \u00e0 Nouakchott : Les Pr\u00e9sidents de l\u2019Assembl\u00e9e nationale et du Conseil populaire national alg\u00e9rien d\u00e9couvrent l&#039;Exposition et Mus\u00e9e international de la biographie du Proph\u00e8te et de la civilisation islamique - Le Quotidien de Nouakchott<\/title>\n<meta name=\"robots\" content=\"index, follow, max-snippet:-1, max-image-preview:large, max-video-preview:-1\" \/>\n<link rel=\"canonical\" href=\"https:\/\/lequotidien.mr\/?p=28690&lang=fr\" \/>\n<meta property=\"og:locale\" content=\"ar_AR\" \/>\n<meta property=\"og:type\" content=\"article\" \/>\n<meta property=\"og:title\" content=\"Visite protocolaire \u00e0 Nouakchott : Les Pr\u00e9sidents de l\u2019Assembl\u00e9e nationale et du Conseil populaire national alg\u00e9rien d\u00e9couvrent l&#039;Exposition et Mus\u00e9e international de la biographie du Proph\u00e8te et de la civilisation islamique - Le Quotidien de Nouakchott\" \/>\n<meta property=\"og:description\" content=\"Dans un geste symbolique fort marquant la richesse des \u00e9changes culturels et spirituels, le Pr\u00e9sident de l&#8217;Assembl\u00e9e nationale mauritanienne, M. Mohamed Bamba Meguett, et son homologue alg\u00e9rien, M. Brahim Boughali, Pr\u00e9sident du Conseil Populaire National, ont effectu\u00e9 une visite conjointe, ce mercredi soir, \u00e0 l&#8217;Exposition et Mus\u00e9e international de la biographie du Proph\u00e8te et de.....\" \/>\n<meta property=\"og:url\" content=\"https:\/\/lequotidien.mr\/?p=28690&amp;lang=fr\" \/>\n<meta property=\"og:site_name\" content=\"Le Quotidien de Nouakchott\" \/>\n<meta property=\"article:publisher\" content=\"https:\/\/web.facebook.com\/lequotidienmr\" \/>\n<meta property=\"article:published_time\" content=\"2025-06-26T10:47:38+00:00\" \/>\n<meta property=\"og:image\" content=\"https:\/\/lequotidien.mr\/wp-content\/uploads\/2025\/06\/photo-visite-Musee-Pdts-AN.jpg\" \/>\n\t<meta property=\"og:image:width\" content=\"750\" \/>\n\t<meta property=\"og:image:height\" content=\"430\" \/>\n\t<meta property=\"og:image:type\" content=\"image\/jpeg\" \/>\n<meta name=\"author\" content=\"Med Ahmed\" \/>\n<meta name=\"twitter:card\" content=\"summary_large_image\" \/>\n<meta name=\"twitter:creator\" content=\"@lequotidienmr\" \/>\n<meta name=\"twitter:site\" content=\"@lequotidienmr\" \/>\n<meta name=\"twitter:label1\" content=\"\u0643\u064f\u062a\u0628 \u0628\u0648\u0627\u0633\u0637\u0629\" \/>\n\t<meta name=\"twitter:data1\" content=\"Med Ahmed\" \/>\n\t<meta name=\"twitter:label2\" content=\"\u0648\u0642\u062a \u0627\u0644\u0642\u0631\u0627\u0621\u0629 \u0627\u0644\u0645\u064f\u0642\u062f\u0651\u0631\" \/>\n\t<meta name=\"twitter:data2\" content=\"4 \u062f\u0642\u0627\u0626\u0642\" \/>\n<script type=\"application\/ld+json\" class=\"yoast-schema-graph\">{\"@context\":\"https:\\\/\\\/schema.org\",\"@graph\":[{\"@type\":\"Article\",\"@id\":\"https:\\\/\\\/lequotidien.mr\\\/?p=28690&lang=fr#article\",\"isPartOf\":{\"@id\":\"https:\\\/\\\/lequotidien.mr\\\/?p=28690&lang=fr\"},\"author\":{\"name\":\"Med Ahmed\",\"@id\":\"https:\\\/\\\/lequotidien.mr\\\/#\\\/schema\\\/person\\\/d2d350202a4d599685ed8abc25f97596\"},\"headline\":\"Visite protocolaire \u00e0 Nouakchott : Les Pr\u00e9sidents de l\u2019Assembl\u00e9e nationale et du Conseil populaire national alg\u00e9rien d\u00e9couvrent l&#8217;Exposition et Mus\u00e9e international de la biographie du Proph\u00e8te et de la civilisation islamique\",\"datePublished\":\"2025-06-26T10:47:38+00:00\",\"mainEntityOfPage\":{\"@id\":\"https:\\\/\\\/lequotidien.mr\\\/?p=28690&lang=fr\"},\"wordCount\":609,\"commentCount\":0,\"publisher\":{\"@id\":\"https:\\\/\\\/lequotidien.mr\\\/#organization\"},\"image\":{\"@id\":\"https:\\\/\\\/lequotidien.mr\\\/?p=28690&lang=fr#primaryimage\"},\"thumbnailUrl\":\"https:\\\/\\\/lequotidien.mr\\\/wp-content\\\/uploads\\\/2025\\\/06\\\/photo-visite-Musee-Pdts-AN.jpg\",\"articleSection\":[\"ACTUALIT\u00c9\",\"Culture\"],\"inLanguage\":\"ar\",\"potentialAction\":[{\"@type\":\"CommentAction\",\"name\":\"Comment\",\"target\":[\"https:\\\/\\\/lequotidien.mr\\\/?p=28690&lang=fr#respond\"]}]},{\"@type\":\"WebPage\",\"@id\":\"https:\\\/\\\/lequotidien.mr\\\/?p=28690&lang=fr\",\"url\":\"https:\\\/\\\/lequotidien.mr\\\/?p=28690&lang=fr\",\"name\":\"Visite protocolaire \u00e0 Nouakchott : Les Pr\u00e9sidents de l\u2019Assembl\u00e9e nationale et du Conseil populaire national alg\u00e9rien d\u00e9couvrent l'Exposition et Mus\u00e9e international de la biographie du Proph\u00e8te et de la civilisation islamique - Le Quotidien de Nouakchott\",\"isPartOf\":{\"@id\":\"https:\\\/\\\/lequotidien.mr\\\/#website\"},\"primaryImageOfPage\":{\"@id\":\"https:\\\/\\\/lequotidien.mr\\\/?p=28690&lang=fr#primaryimage\"},\"image\":{\"@id\":\"https:\\\/\\\/lequotidien.mr\\\/?p=28690&lang=fr#primaryimage\"},\"thumbnailUrl\":\"https:\\\/\\\/lequotidien.mr\\\/wp-content\\\/uploads\\\/2025\\\/06\\\/photo-visite-Musee-Pdts-AN.jpg\",\"datePublished\":\"2025-06-26T10:47:38+00:00\",\"breadcrumb\":{\"@id\":\"https:\\\/\\\/lequotidien.mr\\\/?p=28690&lang=fr#breadcrumb\"},\"inLanguage\":\"ar\",\"potentialAction\":[{\"@type\":\"ReadAction\",\"target\":[\"https:\\\/\\\/lequotidien.mr\\\/?p=28690&lang=fr\"]}]},{\"@type\":\"ImageObject\",\"inLanguage\":\"ar\",\"@id\":\"https:\\\/\\\/lequotidien.mr\\\/?p=28690&lang=fr#primaryimage\",\"url\":\"https:\\\/\\\/lequotidien.mr\\\/wp-content\\\/uploads\\\/2025\\\/06\\\/photo-visite-Musee-Pdts-AN.jpg\",\"contentUrl\":\"https:\\\/\\\/lequotidien.mr\\\/wp-content\\\/uploads\\\/2025\\\/06\\\/photo-visite-Musee-Pdts-AN.jpg\",\"width\":750,\"height\":430},{\"@type\":\"BreadcrumbList\",\"@id\":\"https:\\\/\\\/lequotidien.mr\\\/?p=28690&lang=fr#breadcrumb\",\"itemListElement\":[{\"@type\":\"ListItem\",\"position\":1,\"name\":\"Home\",\"item\":\"https:\\\/\\\/lequotidien.mr\\\/\"},{\"@type\":\"ListItem\",\"position\":2,\"name\":\"Visite protocolaire \u00e0 Nouakchott : Les Pr\u00e9sidents de l\u2019Assembl\u00e9e nationale et du Conseil populaire national alg\u00e9rien d\u00e9couvrent l&rsquo;Exposition et Mus\u00e9e international de la biographie du Proph\u00e8te et de la civilisation islamique\"}]},{\"@type\":\"WebSite\",\"@id\":\"https:\\\/\\\/lequotidien.mr\\\/#website\",\"url\":\"https:\\\/\\\/lequotidien.mr\\\/\",\"name\":\"Le Quotidien de Nouakchott\",\"description\":\"\u0625\u062e\u0628\u0627\u0631\u064a\u0629 \u0645\u0633\u062a\u0642\u0644\u0629 \u0644\u0644\u0623\u0646\u0628\u0627\u0621 \u0627\u0644\u0639\u0627\u0645\u0629\",\"publisher\":{\"@id\":\"https:\\\/\\\/lequotidien.mr\\\/#organization\"},\"potentialAction\":[{\"@type\":\"SearchAction\",\"target\":{\"@type\":\"EntryPoint\",\"urlTemplate\":\"https:\\\/\\\/lequotidien.mr\\\/?s={search_term_string}\"},\"query-input\":{\"@type\":\"PropertyValueSpecification\",\"valueRequired\":true,\"valueName\":\"search_term_string\"}}],\"inLanguage\":\"ar\"},{\"@type\":\"Organization\",\"@id\":\"https:\\\/\\\/lequotidien.mr\\\/#organization\",\"name\":\"Le Quotidien de Nouakchott\",\"url\":\"https:\\\/\\\/lequotidien.mr\\\/\",\"logo\":{\"@type\":\"ImageObject\",\"inLanguage\":\"ar\",\"@id\":\"https:\\\/\\\/lequotidien.mr\\\/#\\\/schema\\\/logo\\\/image\\\/\",\"url\":\"https:\\\/\\\/lequotidien.mr\\\/wp-content\\\/uploads\\\/2022\\\/11\\\/logolequotidien.jpg\",\"contentUrl\":\"https:\\\/\\\/lequotidien.mr\\\/wp-content\\\/uploads\\\/2022\\\/11\\\/logolequotidien.jpg\",\"width\":290,\"height\":65,\"caption\":\"Le Quotidien de Nouakchott\"},\"image\":{\"@id\":\"https:\\\/\\\/lequotidien.mr\\\/#\\\/schema\\\/logo\\\/image\\\/\"},\"sameAs\":[\"https:\\\/\\\/web.facebook.com\\\/lequotidienmr\",\"https:\\\/\\\/x.com\\\/lequotidienmr\"]},{\"@type\":\"Person\",\"@id\":\"https:\\\/\\\/lequotidien.mr\\\/#\\\/schema\\\/person\\\/d2d350202a4d599685ed8abc25f97596\",\"name\":\"Med Ahmed\",\"image\":{\"@type\":\"ImageObject\",\"inLanguage\":\"ar\",\"@id\":\"https:\\\/\\\/secure.gravatar.com\\\/avatar\\\/fd2acc62ed50732923d1d39c17172c9b04149f142be92310ecc69e1358f94b52?s=96&d=mm&r=g\",\"url\":\"https:\\\/\\\/secure.gravatar.com\\\/avatar\\\/fd2acc62ed50732923d1d39c17172c9b04149f142be92310ecc69e1358f94b52?s=96&d=mm&r=g\",\"contentUrl\":\"https:\\\/\\\/secure.gravatar.com\\\/avatar\\\/fd2acc62ed50732923d1d39c17172c9b04149f142be92310ecc69e1358f94b52?s=96&d=mm&r=g\",\"caption\":\"Med Ahmed\"},\"url\":\"https:\\\/\\\/lequotidien.mr\\\/?author=12\"}]}<\/script>\n<!-- \/ Yoast SEO plugin. -->","yoast_head_json":{"title":"Visite protocolaire \u00e0 Nouakchott : Les Pr\u00e9sidents de l\u2019Assembl\u00e9e nationale et du Conseil populaire national alg\u00e9rien d\u00e9couvrent l'Exposition et Mus\u00e9e international de la biographie du Proph\u00e8te et de la civilisation islamique - Le Quotidien de Nouakchott","robots":{"index":"index","follow":"follow","max-snippet":"max-snippet:-1","max-image-preview":"max-image-preview:large","max-video-preview":"max-video-preview:-1"},"canonical":"https:\/\/lequotidien.mr\/?p=28690&lang=fr","og_locale":"ar_AR","og_type":"article","og_title":"Visite protocolaire \u00e0 Nouakchott : Les Pr\u00e9sidents de l\u2019Assembl\u00e9e nationale et du Conseil populaire national alg\u00e9rien d\u00e9couvrent l'Exposition et Mus\u00e9e international de la biographie du Proph\u00e8te et de la civilisation islamique - Le Quotidien de Nouakchott","og_description":"Dans un geste symbolique fort marquant la richesse des \u00e9changes culturels et spirituels, le Pr\u00e9sident de l&#8217;Assembl\u00e9e nationale mauritanienne, M. Mohamed Bamba Meguett, et son homologue alg\u00e9rien, M. Brahim Boughali, Pr\u00e9sident du Conseil Populaire National, ont effectu\u00e9 une visite conjointe, ce mercredi soir, \u00e0 l&#8217;Exposition et Mus\u00e9e international de la biographie du Proph\u00e8te et de.....","og_url":"https:\/\/lequotidien.mr\/?p=28690&lang=fr","og_site_name":"Le Quotidien de Nouakchott","article_publisher":"https:\/\/web.facebook.com\/lequotidienmr","article_published_time":"2025-06-26T10:47:38+00:00","og_image":[{"width":750,"height":430,"url":"https:\/\/lequotidien.mr\/wp-content\/uploads\/2025\/06\/photo-visite-Musee-Pdts-AN.jpg","type":"image\/jpeg"}],"author":"Med Ahmed","twitter_card":"summary_large_image","twitter_creator":"@lequotidienmr","twitter_site":"@lequotidienmr","twitter_misc":{"\u0643\u064f\u062a\u0628 \u0628\u0648\u0627\u0633\u0637\u0629":"Med Ahmed","\u0648\u0642\u062a \u0627\u0644\u0642\u0631\u0627\u0621\u0629 \u0627\u0644\u0645\u064f\u0642\u062f\u0651\u0631":"4 \u062f\u0642\u0627\u0626\u0642"},"schema":{"@context":"https:\/\/schema.org","@graph":[{"@type":"Article","@id":"https:\/\/lequotidien.mr\/?p=28690&lang=fr#article","isPartOf":{"@id":"https:\/\/lequotidien.mr\/?p=28690&lang=fr"},"author":{"name":"Med Ahmed","@id":"https:\/\/lequotidien.mr\/#\/schema\/person\/d2d350202a4d599685ed8abc25f97596"},"headline":"Visite protocolaire \u00e0 Nouakchott : Les Pr\u00e9sidents de l\u2019Assembl\u00e9e nationale et du Conseil populaire national alg\u00e9rien d\u00e9couvrent l&#8217;Exposition et Mus\u00e9e international de la biographie du Proph\u00e8te et de la civilisation islamique","datePublished":"2025-06-26T10:47:38+00:00","mainEntityOfPage":{"@id":"https:\/\/lequotidien.mr\/?p=28690&lang=fr"},"wordCount":609,"commentCount":0,"publisher":{"@id":"https:\/\/lequotidien.mr\/#organization"},"image":{"@id":"https:\/\/lequotidien.mr\/?p=28690&lang=fr#primaryimage"},"thumbnailUrl":"https:\/\/lequotidien.mr\/wp-content\/uploads\/2025\/06\/photo-visite-Musee-Pdts-AN.jpg","articleSection":["ACTUALIT\u00c9","Culture"],"inLanguage":"ar","potentialAction":[{"@type":"CommentAction","name":"Comment","target":["https:\/\/lequotidien.mr\/?p=28690&lang=fr#respond"]}]},{"@type":"WebPage","@id":"https:\/\/lequotidien.mr\/?p=28690&lang=fr","url":"https:\/\/lequotidien.mr\/?p=28690&lang=fr","name":"Visite protocolaire \u00e0 Nouakchott : Les Pr\u00e9sidents de l\u2019Assembl\u00e9e nationale et du Conseil populaire national alg\u00e9rien d\u00e9couvrent l'Exposition et Mus\u00e9e international de la biographie du Proph\u00e8te et de la civilisation islamique - Le Quotidien de Nouakchott","isPartOf":{"@id":"https:\/\/lequotidien.mr\/#website"},"primaryImageOfPage":{"@id":"https:\/\/lequotidien.mr\/?p=28690&lang=fr#primaryimage"},"image":{"@id":"https:\/\/lequotidien.mr\/?p=28690&lang=fr#primaryimage"},"thumbnailUrl":"https:\/\/lequotidien.mr\/wp-content\/uploads\/2025\/06\/photo-visite-Musee-Pdts-AN.jpg","datePublished":"2025-06-26T10:47:38+00:00","breadcrumb":{"@id":"https:\/\/lequotidien.mr\/?p=28690&lang=fr#breadcrumb"},"inLanguage":"ar","potentialAction":[{"@type":"ReadAction","target":["https:\/\/lequotidien.mr\/?p=28690&lang=fr"]}]},{"@type":"ImageObject","inLanguage":"ar","@id":"https:\/\/lequotidien.mr\/?p=28690&lang=fr#primaryimage","url":"https:\/\/lequotidien.mr\/wp-content\/uploads\/2025\/06\/photo-visite-Musee-Pdts-AN.jpg","contentUrl":"https:\/\/lequotidien.mr\/wp-content\/uploads\/2025\/06\/photo-visite-Musee-Pdts-AN.jpg","width":750,"height":430},{"@type":"BreadcrumbList","@id":"https:\/\/lequotidien.mr\/?p=28690&lang=fr#breadcrumb","itemListElement":[{"@type":"ListItem","position":1,"name":"Home","item":"https:\/\/lequotidien.mr\/"},{"@type":"ListItem","position":2,"name":"Visite protocolaire \u00e0 Nouakchott : Les Pr\u00e9sidents de l\u2019Assembl\u00e9e nationale et du Conseil populaire national alg\u00e9rien d\u00e9couvrent l&rsquo;Exposition et Mus\u00e9e international de la biographie du Proph\u00e8te et de la civilisation islamique"}]},{"@type":"WebSite","@id":"https:\/\/lequotidien.mr\/#website","url":"https:\/\/lequotidien.mr\/","name":"Le Quotidien de Nouakchott","description":"\u0625\u062e\u0628\u0627\u0631\u064a\u0629 \u0645\u0633\u062a\u0642\u0644\u0629 \u0644\u0644\u0623\u0646\u0628\u0627\u0621 \u0627\u0644\u0639\u0627\u0645\u0629","publisher":{"@id":"https:\/\/lequotidien.mr\/#organization"},"potentialAction":[{"@type":"SearchAction","target":{"@type":"EntryPoint","urlTemplate":"https:\/\/lequotidien.mr\/?s={search_term_string}"},"query-input":{"@type":"PropertyValueSpecification","valueRequired":true,"valueName":"search_term_string"}}],"inLanguage":"ar"},{"@type":"Organization","@id":"https:\/\/lequotidien.mr\/#organization","name":"Le Quotidien de Nouakchott","url":"https:\/\/lequotidien.mr\/","logo":{"@type":"ImageObject","inLanguage":"ar","@id":"https:\/\/lequotidien.mr\/#\/schema\/logo\/image\/","url":"https:\/\/lequotidien.mr\/wp-content\/uploads\/2022\/11\/logolequotidien.jpg","contentUrl":"https:\/\/lequotidien.mr\/wp-content\/uploads\/2022\/11\/logolequotidien.jpg","width":290,"height":65,"caption":"Le Quotidien de Nouakchott"},"image":{"@id":"https:\/\/lequotidien.mr\/#\/schema\/logo\/image\/"},"sameAs":["https:\/\/web.facebook.com\/lequotidienmr","https:\/\/x.com\/lequotidienmr"]},{"@type":"Person","@id":"https:\/\/lequotidien.mr\/#\/schema\/person\/d2d350202a4d599685ed8abc25f97596","name":"Med Ahmed","image":{"@type":"ImageObject","inLanguage":"ar","@id":"https:\/\/secure.gravatar.com\/avatar\/fd2acc62ed50732923d1d39c17172c9b04149f142be92310ecc69e1358f94b52?s=96&d=mm&r=g","url":"https:\/\/secure.gravatar.com\/avatar\/fd2acc62ed50732923d1d39c17172c9b04149f142be92310ecc69e1358f94b52?s=96&d=mm&r=g","contentUrl":"https:\/\/secure.gravatar.com\/avatar\/fd2acc62ed50732923d1d39c17172c9b04149f142be92310ecc69e1358f94b52?s=96&d=mm&r=g","caption":"Med Ahmed"},"url":"https:\/\/lequotidien.mr\/?author=12"}]}},"_links":{"self":[{"href":"https:\/\/lequotidien.mr\/index.php?rest_route=\/wp\/v2\/posts\/28690","targetHints":{"allow":["GET"]}}],"collection":[{"href":"https:\/\/lequotidien.mr\/index.php?rest_route=\/wp\/v2\/posts"}],"about":[{"href":"https:\/\/lequotidien.mr\/index.php?rest_route=\/wp\/v2\/types\/post"}],"author":[{"embeddable":true,"href":"https:\/\/lequotidien.mr\/index.php?rest_route=\/wp\/v2\/users\/12"}],"replies":[{"embeddable":true,"href":"https:\/\/lequotidien.mr\/index.php?rest_route=%2Fwp%2Fv2%2Fcomments&post=28690"}],"version-history":[{"count":1,"href":"https:\/\/lequotidien.mr\/index.php?rest_route=\/wp\/v2\/posts\/28690\/revisions"}],"predecessor-version":[{"id":28692,"href":"https:\/\/lequotidien.mr\/index.php?rest_route=\/wp\/v2\/posts\/28690\/revisions\/28692"}],"wp:featuredmedia":[{"embeddable":true,"href":"https:\/\/lequotidien.mr\/index.php?rest_route=\/wp\/v2\/media\/28691"}],"wp:attachment":[{"href":"https:\/\/lequotidien.mr\/index.php?rest_route=%2Fwp%2Fv2%2Fmedia&parent=28690"}],"wp:term":[{"taxonomy":"category","embeddable":true,"href":"https:\/\/lequotidien.mr\/index.php?rest_route=%2Fwp%2Fv2%2Fcategories&post=28690"},{"taxonomy":"post_tag","embeddable":true,"href":"https:\/\/lequotidien.mr\/index.php?rest_route=%2Fwp%2Fv2%2Ftags&post=28690"}],"curies":[{"name":"wp","href":"https:\/\/api.w.org\/{rel}","templated":true}]}}