{"id":28687,"date":"2025-06-26T10:05:07","date_gmt":"2025-06-26T10:05:07","guid":{"rendered":"https:\/\/lequotidien.mr\/?p=28687"},"modified":"2025-06-26T10:05:07","modified_gmt":"2025-06-26T10:05:07","slug":"mauritanie-algerie-renforcement-du-protocole-cadre-de-cooperation-parlementaire-signe-le-20-janvier-2024-en-algerie","status":"publish","type":"post","link":"https:\/\/lequotidien.mr\/?p=28687&lang=fr","title":{"rendered":"Mauritanie\/Alg\u00e9rie : Renforcement du  protocole-cadre de coop\u00e9ration parlementaire sign\u00e9 le 20 janvier 2024 en Alg\u00e9rie"},"content":{"rendered":"<p>L&#8217;agenda r\u00e9cent du Pr\u00e9sident de l&#8217;Assembl\u00e9e nationale mauritanienne, M. Mohamed Bamba Meguett, a \u00e9t\u00e9 marqu\u00e9 par des actions significatives visant \u00e0 consolider les relations bilat\u00e9rales avec l&#8217;Alg\u00e9rie, \u00e0 la fois sur le plan parlementaire et \u00e9conomique.<\/p>\n<p><strong>Signature d&#8217;un protocole additionnel pour une coop\u00e9ration parlementaire renforc\u00e9e<\/strong><\/p>\n<p>Mardi dernier, \u00e0 Nouakchott, M. Mohamed Bamba Meguett et son homologue alg\u00e9rien, M. Brahim Boughali, Pr\u00e9sident de l&#8217;Assembl\u00e9e Populaire Nationale, ont proc\u00e9d\u00e9 \u00e0 la signature d&#8217;un\u00a0<strong>protocole additionnel<\/strong>\u00a0crucial. Ce document vient compl\u00e9ter et concr\u00e9tiser le protocole-cadre de coop\u00e9ration parlementaire sign\u00e9 entre les deux pays le 20 janvier 2024 en Alg\u00e9rie.<\/p>\n<p>L&#8217;objectif central de ce nouveau protocole est d&#8217;op\u00e9rationnaliser la\u00a0<strong>Grande Commission Parlementaire &#8220;Mauritanienne-Alg\u00e9rienne&#8221;<\/strong>\u00a0en d\u00e9finissant ses m\u00e9canismes de travail, son organisation et sa structure. Il s&#8217;agit d&#8217;une avanc\u00e9e majeure pour donner une\u00a0dimension pratique et durable\u00a0\u00e0 la coordination institutionnelle entre les deux chambres l\u00e9gislatives.<\/p>\n<p>Les points cl\u00e9s du protocole incluent :<\/p>\n<p><strong>-Composition :<\/strong>\u00a0La Commission sera form\u00e9e de deux sections parall\u00e8les de huit membres chacune\u00a0;<\/p>\n<p><strong>-Pr\u00e9sidence :<\/strong>\u00a0Elle sera assur\u00e9e alternativement par les Pr\u00e9sidents des deux Assembl\u00e9es ou leurs repr\u00e9sentants\u00a0;<\/p>\n<p><strong>-R\u00e9unions :<\/strong>\u00a0Des sessions annuelles seront organis\u00e9es en alternance dans les deux pays, avec un ordre du jour commun pr\u00e9alablement \u00e9tabli\u00a0;<\/p>\n<p><strong>-Logistique :<\/strong>\u00a0Chaque partie prend en charge les frais de sa d\u00e9l\u00e9gation, tandis que le pays h\u00f4te assure l&#8217;h\u00e9bergement d&#8217;une d\u00e9l\u00e9gation limit\u00e9e \u00e0 dix personnes (parlementaires et fonctionnaires)\u00a0;<\/p>\n<p><strong>-P\u00e9rennit\u00e9 :<\/strong>\u00a0Un\u00a0<strong>secr\u00e9tariat permanent<\/strong>\u00a0sera cr\u00e9\u00e9 pour assurer le suivi, la coordination et l&#8217;archivage des travaux, garantissant ainsi continuit\u00e9 et capitalisation des efforts communs.<\/p>\n<p>Les deux Pr\u00e9sidents ont soulign\u00e9 que ce protocole, entr\u00e9 en vigueur d\u00e8s sa signature, constitue un\u00a0cadre pratique essentiel\u00a0pour b\u00e2tir un partenariat parlementaire solide et institutionnel. Cette initiative refl\u00e8te une volont\u00e9 commune de relever les d\u00e9fis r\u00e9gionaux croissants par davantage d&#8217;ouverture et de coordination efficace, notamment dans les domaines de la l\u00e9gislation, du contr\u00f4le parlementaire et de la diplomatie parlementaire, au service des int\u00e9r\u00eats sup\u00e9rieurs des deux nations fraternelles.<\/p>\n<p><strong>Visite du Port Autonome de Nouakchott<\/strong><\/p>\n<p>Hier, et dans la continuit\u00e9 de cette dynamique de coop\u00e9ration, M. Mohamed Bamba Meguett a accompagn\u00e9 M. Brahim Boughali lors d&#8217;une visite de travail au\u00a0<strong>Port Autonome de Nouakchott (Port de l&#8217;Amiti\u00e9)<\/strong>, situ\u00e9 dans la wilaya de Nouakchott Sud.<\/p>\n<p>Accueillis par le Directeur G\u00e9n\u00e9ral du port, M. Sidi Mohamed Maham, et d&#8217;autres hauts responsables, les deux Pr\u00e9sidents et leurs d\u00e9l\u00e9gations ont d\u00e9but\u00e9 leur visite par la projection d&#8217;un film de pr\u00e9sentation. Ils ont ensuite effectu\u00e9 un tour d&#8217;horizon des diff\u00e9rentes installations portuaires.<\/p>\n<p>Au cours de la visite, M. Maham a fourni des explications d\u00e9taill\u00e9es sur :<\/p>\n<p><strong>-La<\/strong>\u00a0<strong>capacit\u00e9 d&#8217;accueil<\/strong>\u00a0et les infrastructures du port\u00a0;<\/p>\n<p><strong>-Les<\/strong>\u00a0<strong>services logistiques<\/strong>\u00a0offerts\u00a0;<\/p>\n<p><strong>-Le<\/strong>\u00a0<strong>r\u00f4le vital<\/strong>\u00a0du port dans le cycle \u00e9conomique mauritanien\u00a0;<\/p>\n<p><strong>-Sa contribution au<\/strong>\u00a0<strong>renforcement de l&#8217;int\u00e9gration r\u00e9gionale<\/strong>, notamment avec les pays voisins.<\/p>\n<p>Cette visite s&#8217;inscrit directement dans le cadre des efforts pour\u00a0renforcer les relations de coop\u00e9ration bilat\u00e9rale\u00a0entre la Mauritanie et l&#8217;Alg\u00e9rie, d\u00e9montrant l&#8217;int\u00e9r\u00eat commun pour le d\u00e9veloppement \u00e9conomique et les \u00e9changes commerciaux, compl\u00e9tant ainsi la dimension institutionnelle \u00e9tablie par le protocole parlementaire.<\/p>\n<p>L&#8217;agenda du Pr\u00e9sident Mohamed Bamba Meguett illustre une double priorit\u00e9 : ancrer la coop\u00e9ration mauritano-alg\u00e9rienne dans des\u00a0m\u00e9canismes institutionnels parlementaires solides et p\u00e9rennes, tout en explorant les\u00a0leviers concrets de d\u00e9veloppement \u00e9conomique, comme en t\u00e9moigne la visite strat\u00e9gique au port. Ces actions convergentes soulignent la d\u00e9termination des deux pays \u00e0 donner une impulsion nouvelle et tangible \u00e0 leur partenariat historique.<\/p>\n","protected":false},"excerpt":{"rendered":"<p>L&#8217;agenda r\u00e9cent du Pr\u00e9sident de l&#8217;Assembl\u00e9e nationale mauritanienne, M. Mohamed Bamba Meguett, a \u00e9t\u00e9 marqu\u00e9 par des actions significatives visant \u00e0 consolider les relations bilat\u00e9rales avec l&#8217;Alg\u00e9rie, \u00e0 la fois sur le plan parlementaire et \u00e9conomique. Signature d&#8217;un protocole additionnel pour une coop\u00e9ration parlementaire renforc\u00e9e Mardi dernier, \u00e0 Nouakchott, M. Mohamed Bamba Meguett et son&#8230;..<\/p>\n","protected":false},"author":12,"featured_media":28688,"comment_status":"open","ping_status":"open","sticky":false,"template":"","format":"standard","meta":{"footnotes":""},"categories":[23,49],"tags":[],"class_list":["post-28687","post","type-post","status-publish","format-standard","has-post-thumbnail","hentry","category-actualite","category-economie"],"yoast_head":"<!-- This site is optimized with the Yoast SEO plugin v27.5 - https:\/\/yoast.com\/product\/yoast-seo-wordpress\/ -->\n<title>Mauritanie\/Alg\u00e9rie : Renforcement du protocole-cadre de coop\u00e9ration parlementaire sign\u00e9 le 20 janvier 2024 en Alg\u00e9rie - Le Quotidien de Nouakchott<\/title>\n<meta name=\"robots\" content=\"index, follow, max-snippet:-1, max-image-preview:large, max-video-preview:-1\" \/>\n<link rel=\"canonical\" href=\"https:\/\/lequotidien.mr\/?p=28687&lang=fr\" \/>\n<meta property=\"og:locale\" content=\"ar_AR\" \/>\n<meta property=\"og:type\" content=\"article\" \/>\n<meta property=\"og:title\" content=\"Mauritanie\/Alg\u00e9rie : Renforcement du protocole-cadre de coop\u00e9ration parlementaire sign\u00e9 le 20 janvier 2024 en Alg\u00e9rie - Le Quotidien de Nouakchott\" \/>\n<meta property=\"og:description\" content=\"L&#8217;agenda r\u00e9cent du Pr\u00e9sident de l&#8217;Assembl\u00e9e nationale mauritanienne, M. Mohamed Bamba Meguett, a \u00e9t\u00e9 marqu\u00e9 par des actions significatives visant \u00e0 consolider les relations bilat\u00e9rales avec l&#8217;Alg\u00e9rie, \u00e0 la fois sur le plan parlementaire et \u00e9conomique. Signature d&#8217;un protocole additionnel pour une coop\u00e9ration parlementaire renforc\u00e9e Mardi dernier, \u00e0 Nouakchott, M. Mohamed Bamba Meguett et son.....\" \/>\n<meta property=\"og:url\" content=\"https:\/\/lequotidien.mr\/?p=28687&amp;lang=fr\" \/>\n<meta property=\"og:site_name\" content=\"Le Quotidien de Nouakchott\" \/>\n<meta property=\"article:publisher\" content=\"https:\/\/web.facebook.com\/lequotidienmr\" \/>\n<meta property=\"article:published_time\" content=\"2025-06-26T10:05:07+00:00\" \/>\n<meta property=\"og:image\" content=\"https:\/\/lequotidien.mr\/wp-content\/uploads\/2025\/06\/photo-Pdt-AN-et-Algerie.jpg\" \/>\n\t<meta property=\"og:image:width\" content=\"750\" \/>\n\t<meta property=\"og:image:height\" content=\"430\" \/>\n\t<meta property=\"og:image:type\" content=\"image\/jpeg\" \/>\n<meta name=\"author\" content=\"Med Ahmed\" \/>\n<meta name=\"twitter:card\" content=\"summary_large_image\" \/>\n<meta name=\"twitter:creator\" content=\"@lequotidienmr\" \/>\n<meta name=\"twitter:site\" content=\"@lequotidienmr\" \/>\n<meta name=\"twitter:label1\" content=\"\u0643\u064f\u062a\u0628 \u0628\u0648\u0627\u0633\u0637\u0629\" \/>\n\t<meta name=\"twitter:data1\" content=\"Med Ahmed\" \/>\n\t<meta name=\"twitter:label2\" content=\"\u0648\u0642\u062a \u0627\u0644\u0642\u0631\u0627\u0621\u0629 \u0627\u0644\u0645\u064f\u0642\u062f\u0651\u0631\" \/>\n\t<meta name=\"twitter:data2\" content=\"4 \u062f\u0642\u0627\u0626\u0642\" \/>\n<script type=\"application\/ld+json\" class=\"yoast-schema-graph\">{\"@context\":\"https:\\\/\\\/schema.org\",\"@graph\":[{\"@type\":\"Article\",\"@id\":\"https:\\\/\\\/lequotidien.mr\\\/?p=28687&lang=fr#article\",\"isPartOf\":{\"@id\":\"https:\\\/\\\/lequotidien.mr\\\/?p=28687&lang=fr\"},\"author\":{\"name\":\"Med Ahmed\",\"@id\":\"https:\\\/\\\/lequotidien.mr\\\/#\\\/schema\\\/person\\\/d2d350202a4d599685ed8abc25f97596\"},\"headline\":\"Mauritanie\\\/Alg\u00e9rie : Renforcement du protocole-cadre de coop\u00e9ration parlementaire sign\u00e9 le 20 janvier 2024 en Alg\u00e9rie\",\"datePublished\":\"2025-06-26T10:05:07+00:00\",\"mainEntityOfPage\":{\"@id\":\"https:\\\/\\\/lequotidien.mr\\\/?p=28687&lang=fr\"},\"wordCount\":665,\"commentCount\":0,\"publisher\":{\"@id\":\"https:\\\/\\\/lequotidien.mr\\\/#organization\"},\"image\":{\"@id\":\"https:\\\/\\\/lequotidien.mr\\\/?p=28687&lang=fr#primaryimage\"},\"thumbnailUrl\":\"https:\\\/\\\/lequotidien.mr\\\/wp-content\\\/uploads\\\/2025\\\/06\\\/photo-Pdt-AN-et-Algerie.jpg\",\"articleSection\":[\"ACTUALIT\u00c9\",\"Economie\"],\"inLanguage\":\"ar\",\"potentialAction\":[{\"@type\":\"CommentAction\",\"name\":\"Comment\",\"target\":[\"https:\\\/\\\/lequotidien.mr\\\/?p=28687&lang=fr#respond\"]}]},{\"@type\":\"WebPage\",\"@id\":\"https:\\\/\\\/lequotidien.mr\\\/?p=28687&lang=fr\",\"url\":\"https:\\\/\\\/lequotidien.mr\\\/?p=28687&lang=fr\",\"name\":\"Mauritanie\\\/Alg\u00e9rie : Renforcement du protocole-cadre de coop\u00e9ration parlementaire sign\u00e9 le 20 janvier 2024 en Alg\u00e9rie - Le Quotidien de Nouakchott\",\"isPartOf\":{\"@id\":\"https:\\\/\\\/lequotidien.mr\\\/#website\"},\"primaryImageOfPage\":{\"@id\":\"https:\\\/\\\/lequotidien.mr\\\/?p=28687&lang=fr#primaryimage\"},\"image\":{\"@id\":\"https:\\\/\\\/lequotidien.mr\\\/?p=28687&lang=fr#primaryimage\"},\"thumbnailUrl\":\"https:\\\/\\\/lequotidien.mr\\\/wp-content\\\/uploads\\\/2025\\\/06\\\/photo-Pdt-AN-et-Algerie.jpg\",\"datePublished\":\"2025-06-26T10:05:07+00:00\",\"breadcrumb\":{\"@id\":\"https:\\\/\\\/lequotidien.mr\\\/?p=28687&lang=fr#breadcrumb\"},\"inLanguage\":\"ar\",\"potentialAction\":[{\"@type\":\"ReadAction\",\"target\":[\"https:\\\/\\\/lequotidien.mr\\\/?p=28687&lang=fr\"]}]},{\"@type\":\"ImageObject\",\"inLanguage\":\"ar\",\"@id\":\"https:\\\/\\\/lequotidien.mr\\\/?p=28687&lang=fr#primaryimage\",\"url\":\"https:\\\/\\\/lequotidien.mr\\\/wp-content\\\/uploads\\\/2025\\\/06\\\/photo-Pdt-AN-et-Algerie.jpg\",\"contentUrl\":\"https:\\\/\\\/lequotidien.mr\\\/wp-content\\\/uploads\\\/2025\\\/06\\\/photo-Pdt-AN-et-Algerie.jpg\",\"width\":750,\"height\":430},{\"@type\":\"BreadcrumbList\",\"@id\":\"https:\\\/\\\/lequotidien.mr\\\/?p=28687&lang=fr#breadcrumb\",\"itemListElement\":[{\"@type\":\"ListItem\",\"position\":1,\"name\":\"Home\",\"item\":\"https:\\\/\\\/lequotidien.mr\\\/\"},{\"@type\":\"ListItem\",\"position\":2,\"name\":\"Mauritanie\\\/Alg\u00e9rie : Renforcement du protocole-cadre de coop\u00e9ration parlementaire sign\u00e9 le 20 janvier 2024 en Alg\u00e9rie\"}]},{\"@type\":\"WebSite\",\"@id\":\"https:\\\/\\\/lequotidien.mr\\\/#website\",\"url\":\"https:\\\/\\\/lequotidien.mr\\\/\",\"name\":\"Le Quotidien de Nouakchott\",\"description\":\"\u0625\u062e\u0628\u0627\u0631\u064a\u0629 \u0645\u0633\u062a\u0642\u0644\u0629 \u0644\u0644\u0623\u0646\u0628\u0627\u0621 \u0627\u0644\u0639\u0627\u0645\u0629\",\"publisher\":{\"@id\":\"https:\\\/\\\/lequotidien.mr\\\/#organization\"},\"potentialAction\":[{\"@type\":\"SearchAction\",\"target\":{\"@type\":\"EntryPoint\",\"urlTemplate\":\"https:\\\/\\\/lequotidien.mr\\\/?s={search_term_string}\"},\"query-input\":{\"@type\":\"PropertyValueSpecification\",\"valueRequired\":true,\"valueName\":\"search_term_string\"}}],\"inLanguage\":\"ar\"},{\"@type\":\"Organization\",\"@id\":\"https:\\\/\\\/lequotidien.mr\\\/#organization\",\"name\":\"Le Quotidien de Nouakchott\",\"url\":\"https:\\\/\\\/lequotidien.mr\\\/\",\"logo\":{\"@type\":\"ImageObject\",\"inLanguage\":\"ar\",\"@id\":\"https:\\\/\\\/lequotidien.mr\\\/#\\\/schema\\\/logo\\\/image\\\/\",\"url\":\"https:\\\/\\\/lequotidien.mr\\\/wp-content\\\/uploads\\\/2022\\\/11\\\/logolequotidien.jpg\",\"contentUrl\":\"https:\\\/\\\/lequotidien.mr\\\/wp-content\\\/uploads\\\/2022\\\/11\\\/logolequotidien.jpg\",\"width\":290,\"height\":65,\"caption\":\"Le Quotidien de Nouakchott\"},\"image\":{\"@id\":\"https:\\\/\\\/lequotidien.mr\\\/#\\\/schema\\\/logo\\\/image\\\/\"},\"sameAs\":[\"https:\\\/\\\/web.facebook.com\\\/lequotidienmr\",\"https:\\\/\\\/x.com\\\/lequotidienmr\"]},{\"@type\":\"Person\",\"@id\":\"https:\\\/\\\/lequotidien.mr\\\/#\\\/schema\\\/person\\\/d2d350202a4d599685ed8abc25f97596\",\"name\":\"Med Ahmed\",\"image\":{\"@type\":\"ImageObject\",\"inLanguage\":\"ar\",\"@id\":\"https:\\\/\\\/secure.gravatar.com\\\/avatar\\\/fd2acc62ed50732923d1d39c17172c9b04149f142be92310ecc69e1358f94b52?s=96&d=mm&r=g\",\"url\":\"https:\\\/\\\/secure.gravatar.com\\\/avatar\\\/fd2acc62ed50732923d1d39c17172c9b04149f142be92310ecc69e1358f94b52?s=96&d=mm&r=g\",\"contentUrl\":\"https:\\\/\\\/secure.gravatar.com\\\/avatar\\\/fd2acc62ed50732923d1d39c17172c9b04149f142be92310ecc69e1358f94b52?s=96&d=mm&r=g\",\"caption\":\"Med Ahmed\"},\"url\":\"https:\\\/\\\/lequotidien.mr\\\/?author=12\"}]}<\/script>\n<!-- \/ Yoast SEO plugin. -->","yoast_head_json":{"title":"Mauritanie\/Alg\u00e9rie : Renforcement du protocole-cadre de coop\u00e9ration parlementaire sign\u00e9 le 20 janvier 2024 en Alg\u00e9rie - Le Quotidien de Nouakchott","robots":{"index":"index","follow":"follow","max-snippet":"max-snippet:-1","max-image-preview":"max-image-preview:large","max-video-preview":"max-video-preview:-1"},"canonical":"https:\/\/lequotidien.mr\/?p=28687&lang=fr","og_locale":"ar_AR","og_type":"article","og_title":"Mauritanie\/Alg\u00e9rie : Renforcement du protocole-cadre de coop\u00e9ration parlementaire sign\u00e9 le 20 janvier 2024 en Alg\u00e9rie - Le Quotidien de Nouakchott","og_description":"L&#8217;agenda r\u00e9cent du Pr\u00e9sident de l&#8217;Assembl\u00e9e nationale mauritanienne, M. Mohamed Bamba Meguett, a \u00e9t\u00e9 marqu\u00e9 par des actions significatives visant \u00e0 consolider les relations bilat\u00e9rales avec l&#8217;Alg\u00e9rie, \u00e0 la fois sur le plan parlementaire et \u00e9conomique. Signature d&#8217;un protocole additionnel pour une coop\u00e9ration parlementaire renforc\u00e9e Mardi dernier, \u00e0 Nouakchott, M. Mohamed Bamba Meguett et son.....","og_url":"https:\/\/lequotidien.mr\/?p=28687&lang=fr","og_site_name":"Le Quotidien de Nouakchott","article_publisher":"https:\/\/web.facebook.com\/lequotidienmr","article_published_time":"2025-06-26T10:05:07+00:00","og_image":[{"width":750,"height":430,"url":"https:\/\/lequotidien.mr\/wp-content\/uploads\/2025\/06\/photo-Pdt-AN-et-Algerie.jpg","type":"image\/jpeg"}],"author":"Med Ahmed","twitter_card":"summary_large_image","twitter_creator":"@lequotidienmr","twitter_site":"@lequotidienmr","twitter_misc":{"\u0643\u064f\u062a\u0628 \u0628\u0648\u0627\u0633\u0637\u0629":"Med Ahmed","\u0648\u0642\u062a \u0627\u0644\u0642\u0631\u0627\u0621\u0629 \u0627\u0644\u0645\u064f\u0642\u062f\u0651\u0631":"4 \u062f\u0642\u0627\u0626\u0642"},"schema":{"@context":"https:\/\/schema.org","@graph":[{"@type":"Article","@id":"https:\/\/lequotidien.mr\/?p=28687&lang=fr#article","isPartOf":{"@id":"https:\/\/lequotidien.mr\/?p=28687&lang=fr"},"author":{"name":"Med Ahmed","@id":"https:\/\/lequotidien.mr\/#\/schema\/person\/d2d350202a4d599685ed8abc25f97596"},"headline":"Mauritanie\/Alg\u00e9rie : Renforcement du protocole-cadre de coop\u00e9ration parlementaire sign\u00e9 le 20 janvier 2024 en Alg\u00e9rie","datePublished":"2025-06-26T10:05:07+00:00","mainEntityOfPage":{"@id":"https:\/\/lequotidien.mr\/?p=28687&lang=fr"},"wordCount":665,"commentCount":0,"publisher":{"@id":"https:\/\/lequotidien.mr\/#organization"},"image":{"@id":"https:\/\/lequotidien.mr\/?p=28687&lang=fr#primaryimage"},"thumbnailUrl":"https:\/\/lequotidien.mr\/wp-content\/uploads\/2025\/06\/photo-Pdt-AN-et-Algerie.jpg","articleSection":["ACTUALIT\u00c9","Economie"],"inLanguage":"ar","potentialAction":[{"@type":"CommentAction","name":"Comment","target":["https:\/\/lequotidien.mr\/?p=28687&lang=fr#respond"]}]},{"@type":"WebPage","@id":"https:\/\/lequotidien.mr\/?p=28687&lang=fr","url":"https:\/\/lequotidien.mr\/?p=28687&lang=fr","name":"Mauritanie\/Alg\u00e9rie : Renforcement du protocole-cadre de coop\u00e9ration parlementaire sign\u00e9 le 20 janvier 2024 en Alg\u00e9rie - Le Quotidien de Nouakchott","isPartOf":{"@id":"https:\/\/lequotidien.mr\/#website"},"primaryImageOfPage":{"@id":"https:\/\/lequotidien.mr\/?p=28687&lang=fr#primaryimage"},"image":{"@id":"https:\/\/lequotidien.mr\/?p=28687&lang=fr#primaryimage"},"thumbnailUrl":"https:\/\/lequotidien.mr\/wp-content\/uploads\/2025\/06\/photo-Pdt-AN-et-Algerie.jpg","datePublished":"2025-06-26T10:05:07+00:00","breadcrumb":{"@id":"https:\/\/lequotidien.mr\/?p=28687&lang=fr#breadcrumb"},"inLanguage":"ar","potentialAction":[{"@type":"ReadAction","target":["https:\/\/lequotidien.mr\/?p=28687&lang=fr"]}]},{"@type":"ImageObject","inLanguage":"ar","@id":"https:\/\/lequotidien.mr\/?p=28687&lang=fr#primaryimage","url":"https:\/\/lequotidien.mr\/wp-content\/uploads\/2025\/06\/photo-Pdt-AN-et-Algerie.jpg","contentUrl":"https:\/\/lequotidien.mr\/wp-content\/uploads\/2025\/06\/photo-Pdt-AN-et-Algerie.jpg","width":750,"height":430},{"@type":"BreadcrumbList","@id":"https:\/\/lequotidien.mr\/?p=28687&lang=fr#breadcrumb","itemListElement":[{"@type":"ListItem","position":1,"name":"Home","item":"https:\/\/lequotidien.mr\/"},{"@type":"ListItem","position":2,"name":"Mauritanie\/Alg\u00e9rie : Renforcement du protocole-cadre de coop\u00e9ration parlementaire sign\u00e9 le 20 janvier 2024 en Alg\u00e9rie"}]},{"@type":"WebSite","@id":"https:\/\/lequotidien.mr\/#website","url":"https:\/\/lequotidien.mr\/","name":"Le Quotidien de Nouakchott","description":"\u0625\u062e\u0628\u0627\u0631\u064a\u0629 \u0645\u0633\u062a\u0642\u0644\u0629 \u0644\u0644\u0623\u0646\u0628\u0627\u0621 \u0627\u0644\u0639\u0627\u0645\u0629","publisher":{"@id":"https:\/\/lequotidien.mr\/#organization"},"potentialAction":[{"@type":"SearchAction","target":{"@type":"EntryPoint","urlTemplate":"https:\/\/lequotidien.mr\/?s={search_term_string}"},"query-input":{"@type":"PropertyValueSpecification","valueRequired":true,"valueName":"search_term_string"}}],"inLanguage":"ar"},{"@type":"Organization","@id":"https:\/\/lequotidien.mr\/#organization","name":"Le Quotidien de Nouakchott","url":"https:\/\/lequotidien.mr\/","logo":{"@type":"ImageObject","inLanguage":"ar","@id":"https:\/\/lequotidien.mr\/#\/schema\/logo\/image\/","url":"https:\/\/lequotidien.mr\/wp-content\/uploads\/2022\/11\/logolequotidien.jpg","contentUrl":"https:\/\/lequotidien.mr\/wp-content\/uploads\/2022\/11\/logolequotidien.jpg","width":290,"height":65,"caption":"Le Quotidien de Nouakchott"},"image":{"@id":"https:\/\/lequotidien.mr\/#\/schema\/logo\/image\/"},"sameAs":["https:\/\/web.facebook.com\/lequotidienmr","https:\/\/x.com\/lequotidienmr"]},{"@type":"Person","@id":"https:\/\/lequotidien.mr\/#\/schema\/person\/d2d350202a4d599685ed8abc25f97596","name":"Med Ahmed","image":{"@type":"ImageObject","inLanguage":"ar","@id":"https:\/\/secure.gravatar.com\/avatar\/fd2acc62ed50732923d1d39c17172c9b04149f142be92310ecc69e1358f94b52?s=96&d=mm&r=g","url":"https:\/\/secure.gravatar.com\/avatar\/fd2acc62ed50732923d1d39c17172c9b04149f142be92310ecc69e1358f94b52?s=96&d=mm&r=g","contentUrl":"https:\/\/secure.gravatar.com\/avatar\/fd2acc62ed50732923d1d39c17172c9b04149f142be92310ecc69e1358f94b52?s=96&d=mm&r=g","caption":"Med Ahmed"},"url":"https:\/\/lequotidien.mr\/?author=12"}]}},"_links":{"self":[{"href":"https:\/\/lequotidien.mr\/index.php?rest_route=\/wp\/v2\/posts\/28687","targetHints":{"allow":["GET"]}}],"collection":[{"href":"https:\/\/lequotidien.mr\/index.php?rest_route=\/wp\/v2\/posts"}],"about":[{"href":"https:\/\/lequotidien.mr\/index.php?rest_route=\/wp\/v2\/types\/post"}],"author":[{"embeddable":true,"href":"https:\/\/lequotidien.mr\/index.php?rest_route=\/wp\/v2\/users\/12"}],"replies":[{"embeddable":true,"href":"https:\/\/lequotidien.mr\/index.php?rest_route=%2Fwp%2Fv2%2Fcomments&post=28687"}],"version-history":[{"count":1,"href":"https:\/\/lequotidien.mr\/index.php?rest_route=\/wp\/v2\/posts\/28687\/revisions"}],"predecessor-version":[{"id":28689,"href":"https:\/\/lequotidien.mr\/index.php?rest_route=\/wp\/v2\/posts\/28687\/revisions\/28689"}],"wp:featuredmedia":[{"embeddable":true,"href":"https:\/\/lequotidien.mr\/index.php?rest_route=\/wp\/v2\/media\/28688"}],"wp:attachment":[{"href":"https:\/\/lequotidien.mr\/index.php?rest_route=%2Fwp%2Fv2%2Fmedia&parent=28687"}],"wp:term":[{"taxonomy":"category","embeddable":true,"href":"https:\/\/lequotidien.mr\/index.php?rest_route=%2Fwp%2Fv2%2Fcategories&post=28687"},{"taxonomy":"post_tag","embeddable":true,"href":"https:\/\/lequotidien.mr\/index.php?rest_route=%2Fwp%2Fv2%2Ftags&post=28687"}],"curies":[{"name":"wp","href":"https:\/\/api.w.org\/{rel}","templated":true}]}}