{"id":28679,"date":"2025-06-25T23:23:49","date_gmt":"2025-06-25T23:23:49","guid":{"rendered":"https:\/\/lequotidien.mr\/?p=28679"},"modified":"2025-06-25T23:23:49","modified_gmt":"2025-06-25T23:23:49","slug":"journee-mauritano-marocaine-renforcer-le-partenariat-entre-les-industries-metallurgiques","status":"publish","type":"post","link":"https:\/\/lequotidien.mr\/?p=28679&lang=fr","title":{"rendered":"Journ\u00e9e mauritano-marocaine : \u00ab Renforcer le partenariat entre les industries m\u00e9tallurgiques \u00bb"},"content":{"rendered":"<p>Sous le slogan ambitieux &#8220;<strong>Renforcer le partenariat entre les industries m\u00e9tallurgiques<\/strong>&#8220;, la &#8220;Journ\u00e9e mauritano-marocaine&#8221; pour la promotion du partenariat industriel a \u00e9t\u00e9 officiellement lanc\u00e9e ce mercredi \u00e0 Nouakchott. Organis\u00e9e par la F\u00e9d\u00e9ration Mauritanienne de l\u2019Industrie, des Mines et de l\u2019\u00c9nergie (FMIME) en collaboration avec l\u2019Universit\u00e9 Marocaine des Industries M\u00e9tallurgiques, M\u00e9caniques et \u00c9lectrom\u00e9caniques\u00a0; cette initiative marque une \u00e9tape significative dans le renforcement des liens \u00e9conomiques entre les deux pays.<\/p>\n<p>L&#8217;\u00e9v\u00e9nement a pour objectif central d&#8217;ouvrir de\u00a0<strong>nouveaux horizons \u00e0 la coop\u00e9ration bilat\u00e9rale<\/strong>. Il vise sp\u00e9cifiquement \u00e0 encourager les investissements conjoints, faciliter l&#8217;\u00e9change d&#8217;expertise et promouvoir une int\u00e9gration accrue dans des secteurs jug\u00e9s vitaux pour les deux \u00e9conomies : les industries m\u00e9tallurgiques, m\u00e9caniques, \u00e9lectrom\u00e9caniques, \u00e9nerg\u00e9tiques et mini\u00e8res.<\/p>\n<p><strong>L&#8217;industrie, pilier du programme pr\u00e9sidentiel <\/strong><\/p>\n<p>Lors de la c\u00e9r\u00e9monie d&#8217;ouverture,\u00a0<strong>M. Thiam Tidjani<\/strong>, Ministre mauritanien des Mines et de l\u2019Industrie, a soulign\u00e9 la place centrale accord\u00e9e au secteur industriel par le Pr\u00e9sident de la R\u00e9publique,\u00a0<strong>M. Mohamed Cheikh El Ghazouni<\/strong>. &#8220;Le secteur industriel constitue une priorit\u00e9 pour le Pr\u00e9sident de la R\u00e9publique&#8221;, a d\u00e9clar\u00e9 le ministre, expliquant qu&#8217;il est &#8220;un pilier essentiel de son programme &#8216;Mon Ambition pour la Nation'&#8221;. Cette priorit\u00e9 repose sur la conviction pr\u00e9sidentielle que &#8220;l\u2019industrie seule peut am\u00e9liorer les performances \u00e9conomiques, r\u00e9duire le ch\u00f4mage et augmenter la productivit\u00e9 de la main-d\u2019\u0153uvre&#8221;.<\/p>\n<p><strong>M. Thiam<\/strong>\u00a0a d\u00e9taill\u00e9 l&#8217;engagement du gouvernement dans une <strong>strat\u00e9gie nationale d\u2019industrialisation horizon 2030<\/strong>. Cette strat\u00e9gie s&#8217;appuie sur deux axes majeurs : la valorisation des ressources nationales et l&#8217;encouragement \u00e0 l\u2019\u00e9tablissement d\u2019industries manufacturi\u00e8res simples et abordables. Il a \u00e9galement mis en avant l&#8217;am\u00e9lioration rapide de l&#8217;environnement des affaires, citant la promulgation r\u00e9cente d&#8217;une loi r\u00e9glementant l\u2019activit\u00e9 industrielle et la cr\u00e9ation d\u2019une zone industrielle moderne aux normes internationales.<\/p>\n<p><strong>Vers un Hub industriel et \u00e9nerg\u00e9tique r\u00e9gional<\/strong><\/p>\n<p><strong>M. Mohamed Zein El Abidine Cheikh Ahmed<\/strong>, Pr\u00e9sident de l\u2019Union Nationale du Patronat Mauritanien (UNPM), a salu\u00e9 le d\u00e9veloppement remarquable des relations \u00e9conomiques entre les deux pays ces derni\u00e8res ann\u00e9es, nourries par des rencontres continues dans les capitales \u00e9conomiques et politiques (Nouakchott, Casablanca, Rabat, Nouadhibou). Il a pr\u00e9sent\u00e9 cette journ\u00e9e comme le lancement d&#8217;une &#8220;<strong>nouvelle phase<\/strong>&#8221; destin\u00e9e \u00e0 construire un &#8220;<strong>v\u00e9ritable partenariat industriel<\/strong>&#8221; fond\u00e9 sur une vision commune du d\u00e9veloppement.<\/p>\n<p>Le pr\u00e9sident du patronat mauritanien a mis en exergue les\u00a0atouts strat\u00e9giques compl\u00e9mentaires\u00a0de la Mauritanie et du Maroc. Selon lui, ces atouts leur permettent d&#8217;aspirer \u00e0 devenir un &#8220;<strong>hub industriel et \u00e9nerg\u00e9tique r\u00e9gional<\/strong>&#8221; au service de l&#8217;Afrique et du monde. Cette ambition pourrait se concr\u00e9tiser \u00e0 travers des projets communs dans des domaines prioritaires :<\/p>\n<p><strong>-L&#8217;agroalimentaire\u00a0;<\/strong><\/p>\n<p><strong>-Les mat\u00e9riaux de construction\u00a0;<\/strong><\/p>\n<p><strong>-Les \u00e9nergies renouvelables\u00a0;<\/strong><\/p>\n<p><strong>-Les industries marines\u00a0;<\/strong><\/p>\n<p><strong>-Le d\u00e9veloppement de plateformes logistiques\u00a0;<\/strong><\/p>\n<p><strong>-La coop\u00e9ration en formation professionnelle et innovation num\u00e9rique\u00a0;<\/strong><\/p>\n<p><strong>L&#8217;Universit\u00e9 et la diplomatie engag\u00e9es<\/strong><\/p>\n<p><strong>M. <\/strong><strong>Abdelhamid Essoueiri<\/strong>, Pr\u00e9sident de l&#8217;Universit\u00e9 Marocaine des Industries M\u00e9tallurgiques, M\u00e9caniques et \u00c9lectrom\u00e9caniques (UMI3M), a r\u00e9affirm\u00e9 le r\u00f4le crucial des industries cibl\u00e9es comme &#8220;<strong>pilier strat\u00e9gique de la croissance \u00e9conomique<\/strong>&#8220;. Il a insist\u00e9 sur l&#8217;importance de la coop\u00e9ration entre les associations professionnelles des deux pays pour\u00a0acc\u00e9l\u00e9rer le d\u00e9veloppement industriel et\u00a0faciliter le transfert de technologie, \u00e9l\u00e9ments cl\u00e9s pour la mont\u00e9e en comp\u00e9titivit\u00e9.<\/p>\n<p>Enfin,\u00a0<strong>M. Hamid Chabar<\/strong>, Ambassadeur du Maroc en Mauritanie, a appel\u00e9 \u00e0 transformer cette journ\u00e9e en un\u00a0cadre permanent de concertation et de coop\u00e9ration. Son plaidoyer vise \u00e0 \u00e9largir continuellement les domaines d\u2019\u00e9change et \u00e0 consolider les relations \u00e9conomiques entre les &#8220;<strong>deux pays fr\u00e8res<\/strong>&#8220;, soulignant la volont\u00e9 diplomatique d&#8217;ancrer ce partenariat dans la dur\u00e9e.<\/p>\n<p>Cette &#8220;Journ\u00e9e mauritano-marocaine&#8221; d\u00e9montre une volont\u00e9 politique et \u00e9conomique partag\u00e9e de passer \u00e0 une vitesse sup\u00e9rieure dans la coop\u00e9ration industrielle. En ciblant des secteurs strat\u00e9giques comme la m\u00e9tallurgie et en s&#8217;appuyant sur des institutions acad\u00e9miques sp\u00e9cialis\u00e9es et les forces vives du patronat, la Mauritanie et le Maroc posent les bases d&#8217;un partenariat ambitieux. L&#8217;objectif est clair : transformer leur compl\u00e9mentarit\u00e9 en une force industrielle et \u00e9nerg\u00e9tique r\u00e9gionale, cr\u00e9atrice de valeur et d&#8217;emplois pour les deux nations. Le succ\u00e8s de cette initiative d\u00e9pendra d\u00e9sormais de la concr\u00e9tisation rapide des projets et des synergies identifi\u00e9s lors de cette rencontre de Nouakchott.<\/p>\n","protected":false},"excerpt":{"rendered":"<p>Sous le slogan ambitieux &#8220;Renforcer le partenariat entre les industries m\u00e9tallurgiques&#8220;, la &#8220;Journ\u00e9e mauritano-marocaine&#8221; pour la promotion du partenariat industriel a \u00e9t\u00e9 officiellement lanc\u00e9e ce mercredi \u00e0 Nouakchott. Organis\u00e9e par la F\u00e9d\u00e9ration Mauritanienne de l\u2019Industrie, des Mines et de l\u2019\u00c9nergie (FMIME) en collaboration avec l\u2019Universit\u00e9 Marocaine des Industries M\u00e9tallurgiques, M\u00e9caniques et \u00c9lectrom\u00e9caniques\u00a0; cette initiative marque&#8230;..<\/p>\n","protected":false},"author":12,"featured_media":28680,"comment_status":"open","ping_status":"open","sticky":false,"template":"","format":"standard","meta":{"footnotes":""},"categories":[23,49],"tags":[],"class_list":["post-28679","post","type-post","status-publish","format-standard","has-post-thumbnail","hentry","category-actualite","category-economie"],"yoast_head":"<!-- This site is optimized with the Yoast SEO plugin v27.5 - https:\/\/yoast.com\/product\/yoast-seo-wordpress\/ -->\n<title>Journ\u00e9e mauritano-marocaine : \u00ab Renforcer le partenariat entre les industries m\u00e9tallurgiques \u00bb - Le Quotidien de Nouakchott<\/title>\n<meta name=\"robots\" content=\"index, follow, max-snippet:-1, max-image-preview:large, max-video-preview:-1\" \/>\n<link rel=\"canonical\" href=\"https:\/\/lequotidien.mr\/?p=28679&lang=fr\" \/>\n<meta property=\"og:locale\" content=\"ar_AR\" \/>\n<meta property=\"og:type\" content=\"article\" \/>\n<meta property=\"og:title\" content=\"Journ\u00e9e mauritano-marocaine : \u00ab Renforcer le partenariat entre les industries m\u00e9tallurgiques \u00bb - Le Quotidien de Nouakchott\" \/>\n<meta property=\"og:description\" content=\"Sous le slogan ambitieux &#8220;Renforcer le partenariat entre les industries m\u00e9tallurgiques&#8220;, la &#8220;Journ\u00e9e mauritano-marocaine&#8221; pour la promotion du partenariat industriel a \u00e9t\u00e9 officiellement lanc\u00e9e ce mercredi \u00e0 Nouakchott. Organis\u00e9e par la F\u00e9d\u00e9ration Mauritanienne de l\u2019Industrie, des Mines et de l\u2019\u00c9nergie (FMIME) en collaboration avec l\u2019Universit\u00e9 Marocaine des Industries M\u00e9tallurgiques, M\u00e9caniques et \u00c9lectrom\u00e9caniques\u00a0; cette initiative marque.....\" \/>\n<meta property=\"og:url\" content=\"https:\/\/lequotidien.mr\/?p=28679&amp;lang=fr\" \/>\n<meta property=\"og:site_name\" content=\"Le Quotidien de Nouakchott\" \/>\n<meta property=\"article:publisher\" content=\"https:\/\/web.facebook.com\/lequotidienmr\" \/>\n<meta property=\"article:published_time\" content=\"2025-06-25T23:23:49+00:00\" \/>\n<meta property=\"og:image\" content=\"https:\/\/lequotidien.mr\/wp-content\/uploads\/2025\/06\/photo-jnee-RIM-Maroc.jpg\" \/>\n\t<meta property=\"og:image:width\" content=\"643\" \/>\n\t<meta property=\"og:image:height\" content=\"353\" \/>\n\t<meta property=\"og:image:type\" content=\"image\/jpeg\" \/>\n<meta name=\"author\" content=\"Med Ahmed\" \/>\n<meta name=\"twitter:card\" content=\"summary_large_image\" \/>\n<meta name=\"twitter:creator\" content=\"@lequotidienmr\" \/>\n<meta name=\"twitter:site\" content=\"@lequotidienmr\" \/>\n<meta name=\"twitter:label1\" content=\"\u0643\u064f\u062a\u0628 \u0628\u0648\u0627\u0633\u0637\u0629\" \/>\n\t<meta name=\"twitter:data1\" content=\"Med Ahmed\" \/>\n\t<meta name=\"twitter:label2\" content=\"\u0648\u0642\u062a \u0627\u0644\u0642\u0631\u0627\u0621\u0629 \u0627\u0644\u0645\u064f\u0642\u062f\u0651\u0631\" \/>\n\t<meta name=\"twitter:data2\" content=\"5 \u062f\u0642\u0627\u0626\u0642\" \/>\n<script type=\"application\/ld+json\" class=\"yoast-schema-graph\">{\"@context\":\"https:\\\/\\\/schema.org\",\"@graph\":[{\"@type\":\"Article\",\"@id\":\"https:\\\/\\\/lequotidien.mr\\\/?p=28679&lang=fr#article\",\"isPartOf\":{\"@id\":\"https:\\\/\\\/lequotidien.mr\\\/?p=28679&lang=fr\"},\"author\":{\"name\":\"Med Ahmed\",\"@id\":\"https:\\\/\\\/lequotidien.mr\\\/#\\\/schema\\\/person\\\/d2d350202a4d599685ed8abc25f97596\"},\"headline\":\"Journ\u00e9e mauritano-marocaine : \u00ab Renforcer le partenariat entre les industries m\u00e9tallurgiques \u00bb\",\"datePublished\":\"2025-06-25T23:23:49+00:00\",\"mainEntityOfPage\":{\"@id\":\"https:\\\/\\\/lequotidien.mr\\\/?p=28679&lang=fr\"},\"wordCount\":790,\"commentCount\":0,\"publisher\":{\"@id\":\"https:\\\/\\\/lequotidien.mr\\\/#organization\"},\"image\":{\"@id\":\"https:\\\/\\\/lequotidien.mr\\\/?p=28679&lang=fr#primaryimage\"},\"thumbnailUrl\":\"https:\\\/\\\/lequotidien.mr\\\/wp-content\\\/uploads\\\/2025\\\/06\\\/photo-jnee-RIM-Maroc.jpg\",\"articleSection\":[\"ACTUALIT\u00c9\",\"Economie\"],\"inLanguage\":\"ar\",\"potentialAction\":[{\"@type\":\"CommentAction\",\"name\":\"Comment\",\"target\":[\"https:\\\/\\\/lequotidien.mr\\\/?p=28679&lang=fr#respond\"]}]},{\"@type\":\"WebPage\",\"@id\":\"https:\\\/\\\/lequotidien.mr\\\/?p=28679&lang=fr\",\"url\":\"https:\\\/\\\/lequotidien.mr\\\/?p=28679&lang=fr\",\"name\":\"Journ\u00e9e mauritano-marocaine : \u00ab Renforcer le partenariat entre les industries m\u00e9tallurgiques \u00bb - Le Quotidien de Nouakchott\",\"isPartOf\":{\"@id\":\"https:\\\/\\\/lequotidien.mr\\\/#website\"},\"primaryImageOfPage\":{\"@id\":\"https:\\\/\\\/lequotidien.mr\\\/?p=28679&lang=fr#primaryimage\"},\"image\":{\"@id\":\"https:\\\/\\\/lequotidien.mr\\\/?p=28679&lang=fr#primaryimage\"},\"thumbnailUrl\":\"https:\\\/\\\/lequotidien.mr\\\/wp-content\\\/uploads\\\/2025\\\/06\\\/photo-jnee-RIM-Maroc.jpg\",\"datePublished\":\"2025-06-25T23:23:49+00:00\",\"breadcrumb\":{\"@id\":\"https:\\\/\\\/lequotidien.mr\\\/?p=28679&lang=fr#breadcrumb\"},\"inLanguage\":\"ar\",\"potentialAction\":[{\"@type\":\"ReadAction\",\"target\":[\"https:\\\/\\\/lequotidien.mr\\\/?p=28679&lang=fr\"]}]},{\"@type\":\"ImageObject\",\"inLanguage\":\"ar\",\"@id\":\"https:\\\/\\\/lequotidien.mr\\\/?p=28679&lang=fr#primaryimage\",\"url\":\"https:\\\/\\\/lequotidien.mr\\\/wp-content\\\/uploads\\\/2025\\\/06\\\/photo-jnee-RIM-Maroc.jpg\",\"contentUrl\":\"https:\\\/\\\/lequotidien.mr\\\/wp-content\\\/uploads\\\/2025\\\/06\\\/photo-jnee-RIM-Maroc.jpg\",\"width\":643,\"height\":353},{\"@type\":\"BreadcrumbList\",\"@id\":\"https:\\\/\\\/lequotidien.mr\\\/?p=28679&lang=fr#breadcrumb\",\"itemListElement\":[{\"@type\":\"ListItem\",\"position\":1,\"name\":\"Home\",\"item\":\"https:\\\/\\\/lequotidien.mr\\\/\"},{\"@type\":\"ListItem\",\"position\":2,\"name\":\"Journ\u00e9e mauritano-marocaine : \u00ab Renforcer le partenariat entre les industries m\u00e9tallurgiques \u00bb\"}]},{\"@type\":\"WebSite\",\"@id\":\"https:\\\/\\\/lequotidien.mr\\\/#website\",\"url\":\"https:\\\/\\\/lequotidien.mr\\\/\",\"name\":\"Le Quotidien de Nouakchott\",\"description\":\"\u0625\u062e\u0628\u0627\u0631\u064a\u0629 \u0645\u0633\u062a\u0642\u0644\u0629 \u0644\u0644\u0623\u0646\u0628\u0627\u0621 \u0627\u0644\u0639\u0627\u0645\u0629\",\"publisher\":{\"@id\":\"https:\\\/\\\/lequotidien.mr\\\/#organization\"},\"potentialAction\":[{\"@type\":\"SearchAction\",\"target\":{\"@type\":\"EntryPoint\",\"urlTemplate\":\"https:\\\/\\\/lequotidien.mr\\\/?s={search_term_string}\"},\"query-input\":{\"@type\":\"PropertyValueSpecification\",\"valueRequired\":true,\"valueName\":\"search_term_string\"}}],\"inLanguage\":\"ar\"},{\"@type\":\"Organization\",\"@id\":\"https:\\\/\\\/lequotidien.mr\\\/#organization\",\"name\":\"Le Quotidien de Nouakchott\",\"url\":\"https:\\\/\\\/lequotidien.mr\\\/\",\"logo\":{\"@type\":\"ImageObject\",\"inLanguage\":\"ar\",\"@id\":\"https:\\\/\\\/lequotidien.mr\\\/#\\\/schema\\\/logo\\\/image\\\/\",\"url\":\"https:\\\/\\\/lequotidien.mr\\\/wp-content\\\/uploads\\\/2022\\\/11\\\/logolequotidien.jpg\",\"contentUrl\":\"https:\\\/\\\/lequotidien.mr\\\/wp-content\\\/uploads\\\/2022\\\/11\\\/logolequotidien.jpg\",\"width\":290,\"height\":65,\"caption\":\"Le Quotidien de Nouakchott\"},\"image\":{\"@id\":\"https:\\\/\\\/lequotidien.mr\\\/#\\\/schema\\\/logo\\\/image\\\/\"},\"sameAs\":[\"https:\\\/\\\/web.facebook.com\\\/lequotidienmr\",\"https:\\\/\\\/x.com\\\/lequotidienmr\"]},{\"@type\":\"Person\",\"@id\":\"https:\\\/\\\/lequotidien.mr\\\/#\\\/schema\\\/person\\\/d2d350202a4d599685ed8abc25f97596\",\"name\":\"Med Ahmed\",\"image\":{\"@type\":\"ImageObject\",\"inLanguage\":\"ar\",\"@id\":\"https:\\\/\\\/secure.gravatar.com\\\/avatar\\\/fd2acc62ed50732923d1d39c17172c9b04149f142be92310ecc69e1358f94b52?s=96&d=mm&r=g\",\"url\":\"https:\\\/\\\/secure.gravatar.com\\\/avatar\\\/fd2acc62ed50732923d1d39c17172c9b04149f142be92310ecc69e1358f94b52?s=96&d=mm&r=g\",\"contentUrl\":\"https:\\\/\\\/secure.gravatar.com\\\/avatar\\\/fd2acc62ed50732923d1d39c17172c9b04149f142be92310ecc69e1358f94b52?s=96&d=mm&r=g\",\"caption\":\"Med Ahmed\"},\"url\":\"https:\\\/\\\/lequotidien.mr\\\/?author=12\"}]}<\/script>\n<!-- \/ Yoast SEO plugin. -->","yoast_head_json":{"title":"Journ\u00e9e mauritano-marocaine : \u00ab Renforcer le partenariat entre les industries m\u00e9tallurgiques \u00bb - Le Quotidien de Nouakchott","robots":{"index":"index","follow":"follow","max-snippet":"max-snippet:-1","max-image-preview":"max-image-preview:large","max-video-preview":"max-video-preview:-1"},"canonical":"https:\/\/lequotidien.mr\/?p=28679&lang=fr","og_locale":"ar_AR","og_type":"article","og_title":"Journ\u00e9e mauritano-marocaine : \u00ab Renforcer le partenariat entre les industries m\u00e9tallurgiques \u00bb - Le Quotidien de Nouakchott","og_description":"Sous le slogan ambitieux &#8220;Renforcer le partenariat entre les industries m\u00e9tallurgiques&#8220;, la &#8220;Journ\u00e9e mauritano-marocaine&#8221; pour la promotion du partenariat industriel a \u00e9t\u00e9 officiellement lanc\u00e9e ce mercredi \u00e0 Nouakchott. Organis\u00e9e par la F\u00e9d\u00e9ration Mauritanienne de l\u2019Industrie, des Mines et de l\u2019\u00c9nergie (FMIME) en collaboration avec l\u2019Universit\u00e9 Marocaine des Industries M\u00e9tallurgiques, M\u00e9caniques et \u00c9lectrom\u00e9caniques\u00a0; cette initiative marque.....","og_url":"https:\/\/lequotidien.mr\/?p=28679&lang=fr","og_site_name":"Le Quotidien de Nouakchott","article_publisher":"https:\/\/web.facebook.com\/lequotidienmr","article_published_time":"2025-06-25T23:23:49+00:00","og_image":[{"width":643,"height":353,"url":"https:\/\/lequotidien.mr\/wp-content\/uploads\/2025\/06\/photo-jnee-RIM-Maroc.jpg","type":"image\/jpeg"}],"author":"Med Ahmed","twitter_card":"summary_large_image","twitter_creator":"@lequotidienmr","twitter_site":"@lequotidienmr","twitter_misc":{"\u0643\u064f\u062a\u0628 \u0628\u0648\u0627\u0633\u0637\u0629":"Med Ahmed","\u0648\u0642\u062a \u0627\u0644\u0642\u0631\u0627\u0621\u0629 \u0627\u0644\u0645\u064f\u0642\u062f\u0651\u0631":"5 \u062f\u0642\u0627\u0626\u0642"},"schema":{"@context":"https:\/\/schema.org","@graph":[{"@type":"Article","@id":"https:\/\/lequotidien.mr\/?p=28679&lang=fr#article","isPartOf":{"@id":"https:\/\/lequotidien.mr\/?p=28679&lang=fr"},"author":{"name":"Med Ahmed","@id":"https:\/\/lequotidien.mr\/#\/schema\/person\/d2d350202a4d599685ed8abc25f97596"},"headline":"Journ\u00e9e mauritano-marocaine : \u00ab Renforcer le partenariat entre les industries m\u00e9tallurgiques \u00bb","datePublished":"2025-06-25T23:23:49+00:00","mainEntityOfPage":{"@id":"https:\/\/lequotidien.mr\/?p=28679&lang=fr"},"wordCount":790,"commentCount":0,"publisher":{"@id":"https:\/\/lequotidien.mr\/#organization"},"image":{"@id":"https:\/\/lequotidien.mr\/?p=28679&lang=fr#primaryimage"},"thumbnailUrl":"https:\/\/lequotidien.mr\/wp-content\/uploads\/2025\/06\/photo-jnee-RIM-Maroc.jpg","articleSection":["ACTUALIT\u00c9","Economie"],"inLanguage":"ar","potentialAction":[{"@type":"CommentAction","name":"Comment","target":["https:\/\/lequotidien.mr\/?p=28679&lang=fr#respond"]}]},{"@type":"WebPage","@id":"https:\/\/lequotidien.mr\/?p=28679&lang=fr","url":"https:\/\/lequotidien.mr\/?p=28679&lang=fr","name":"Journ\u00e9e mauritano-marocaine : \u00ab Renforcer le partenariat entre les industries m\u00e9tallurgiques \u00bb - Le Quotidien de Nouakchott","isPartOf":{"@id":"https:\/\/lequotidien.mr\/#website"},"primaryImageOfPage":{"@id":"https:\/\/lequotidien.mr\/?p=28679&lang=fr#primaryimage"},"image":{"@id":"https:\/\/lequotidien.mr\/?p=28679&lang=fr#primaryimage"},"thumbnailUrl":"https:\/\/lequotidien.mr\/wp-content\/uploads\/2025\/06\/photo-jnee-RIM-Maroc.jpg","datePublished":"2025-06-25T23:23:49+00:00","breadcrumb":{"@id":"https:\/\/lequotidien.mr\/?p=28679&lang=fr#breadcrumb"},"inLanguage":"ar","potentialAction":[{"@type":"ReadAction","target":["https:\/\/lequotidien.mr\/?p=28679&lang=fr"]}]},{"@type":"ImageObject","inLanguage":"ar","@id":"https:\/\/lequotidien.mr\/?p=28679&lang=fr#primaryimage","url":"https:\/\/lequotidien.mr\/wp-content\/uploads\/2025\/06\/photo-jnee-RIM-Maroc.jpg","contentUrl":"https:\/\/lequotidien.mr\/wp-content\/uploads\/2025\/06\/photo-jnee-RIM-Maroc.jpg","width":643,"height":353},{"@type":"BreadcrumbList","@id":"https:\/\/lequotidien.mr\/?p=28679&lang=fr#breadcrumb","itemListElement":[{"@type":"ListItem","position":1,"name":"Home","item":"https:\/\/lequotidien.mr\/"},{"@type":"ListItem","position":2,"name":"Journ\u00e9e mauritano-marocaine : \u00ab Renforcer le partenariat entre les industries m\u00e9tallurgiques \u00bb"}]},{"@type":"WebSite","@id":"https:\/\/lequotidien.mr\/#website","url":"https:\/\/lequotidien.mr\/","name":"Le Quotidien de Nouakchott","description":"\u0625\u062e\u0628\u0627\u0631\u064a\u0629 \u0645\u0633\u062a\u0642\u0644\u0629 \u0644\u0644\u0623\u0646\u0628\u0627\u0621 \u0627\u0644\u0639\u0627\u0645\u0629","publisher":{"@id":"https:\/\/lequotidien.mr\/#organization"},"potentialAction":[{"@type":"SearchAction","target":{"@type":"EntryPoint","urlTemplate":"https:\/\/lequotidien.mr\/?s={search_term_string}"},"query-input":{"@type":"PropertyValueSpecification","valueRequired":true,"valueName":"search_term_string"}}],"inLanguage":"ar"},{"@type":"Organization","@id":"https:\/\/lequotidien.mr\/#organization","name":"Le Quotidien de Nouakchott","url":"https:\/\/lequotidien.mr\/","logo":{"@type":"ImageObject","inLanguage":"ar","@id":"https:\/\/lequotidien.mr\/#\/schema\/logo\/image\/","url":"https:\/\/lequotidien.mr\/wp-content\/uploads\/2022\/11\/logolequotidien.jpg","contentUrl":"https:\/\/lequotidien.mr\/wp-content\/uploads\/2022\/11\/logolequotidien.jpg","width":290,"height":65,"caption":"Le Quotidien de Nouakchott"},"image":{"@id":"https:\/\/lequotidien.mr\/#\/schema\/logo\/image\/"},"sameAs":["https:\/\/web.facebook.com\/lequotidienmr","https:\/\/x.com\/lequotidienmr"]},{"@type":"Person","@id":"https:\/\/lequotidien.mr\/#\/schema\/person\/d2d350202a4d599685ed8abc25f97596","name":"Med Ahmed","image":{"@type":"ImageObject","inLanguage":"ar","@id":"https:\/\/secure.gravatar.com\/avatar\/fd2acc62ed50732923d1d39c17172c9b04149f142be92310ecc69e1358f94b52?s=96&d=mm&r=g","url":"https:\/\/secure.gravatar.com\/avatar\/fd2acc62ed50732923d1d39c17172c9b04149f142be92310ecc69e1358f94b52?s=96&d=mm&r=g","contentUrl":"https:\/\/secure.gravatar.com\/avatar\/fd2acc62ed50732923d1d39c17172c9b04149f142be92310ecc69e1358f94b52?s=96&d=mm&r=g","caption":"Med Ahmed"},"url":"https:\/\/lequotidien.mr\/?author=12"}]}},"_links":{"self":[{"href":"https:\/\/lequotidien.mr\/index.php?rest_route=\/wp\/v2\/posts\/28679","targetHints":{"allow":["GET"]}}],"collection":[{"href":"https:\/\/lequotidien.mr\/index.php?rest_route=\/wp\/v2\/posts"}],"about":[{"href":"https:\/\/lequotidien.mr\/index.php?rest_route=\/wp\/v2\/types\/post"}],"author":[{"embeddable":true,"href":"https:\/\/lequotidien.mr\/index.php?rest_route=\/wp\/v2\/users\/12"}],"replies":[{"embeddable":true,"href":"https:\/\/lequotidien.mr\/index.php?rest_route=%2Fwp%2Fv2%2Fcomments&post=28679"}],"version-history":[{"count":1,"href":"https:\/\/lequotidien.mr\/index.php?rest_route=\/wp\/v2\/posts\/28679\/revisions"}],"predecessor-version":[{"id":28681,"href":"https:\/\/lequotidien.mr\/index.php?rest_route=\/wp\/v2\/posts\/28679\/revisions\/28681"}],"wp:featuredmedia":[{"embeddable":true,"href":"https:\/\/lequotidien.mr\/index.php?rest_route=\/wp\/v2\/media\/28680"}],"wp:attachment":[{"href":"https:\/\/lequotidien.mr\/index.php?rest_route=%2Fwp%2Fv2%2Fmedia&parent=28679"}],"wp:term":[{"taxonomy":"category","embeddable":true,"href":"https:\/\/lequotidien.mr\/index.php?rest_route=%2Fwp%2Fv2%2Fcategories&post=28679"},{"taxonomy":"post_tag","embeddable":true,"href":"https:\/\/lequotidien.mr\/index.php?rest_route=%2Fwp%2Fv2%2Ftags&post=28679"}],"curies":[{"name":"wp","href":"https:\/\/api.w.org\/{rel}","templated":true}]}}