{"id":28625,"date":"2025-06-24T17:47:59","date_gmt":"2025-06-24T17:47:59","guid":{"rendered":"https:\/\/lequotidien.mr\/?p=28625"},"modified":"2025-06-24T17:47:59","modified_gmt":"2025-06-24T17:47:59","slug":"mauritanie-le-cinquieme-recensement-revele-une-population-de-pres-de-5-millions-dhabitants","status":"publish","type":"post","link":"https:\/\/lequotidien.mr\/?p=28625&lang=fr","title":{"rendered":"Mauritanie : Le cinqui\u00e8me recensement r\u00e9v\u00e8le une population de pr\u00e8s de 5 Millions d&#8217;habitants"},"content":{"rendered":"<p>Le minist\u00e8re de l\u2019\u00c9conomie et des Finances a d\u00e9voil\u00e9 ce lundi les r\u00e9sultats d\u00e9finitifs du\u00a0<strong>cinqui\u00e8me Recensement G\u00e9n\u00e9ral de la Population et de l\u2019Habitat (RGPH)<\/strong>\u00a0de Mauritanie. R\u00e9alis\u00e9 avec pr\u00e9cision en 2023 par l&#8217;Agence Nationale de la Statistique et de l\u2019Analyse D\u00e9mographique et Economique (ANSADE), ce travail colossal offre une photographie d\u00e9taill\u00e9e de la nation et servira de boussole essentielle pour les politiques de d\u00e9veloppement.<\/p>\n<p><strong>Les Chiffres cl\u00e9s de la Mauritanie en 2023 :<\/strong><\/p>\n<p><strong>-Population totale :<\/strong>\u00a0<strong>4.927.532 habitants\u00a0<\/strong>;<\/p>\n<p><strong>-Taux de croissance annuel :<\/strong>\u00a0Stable \u00e0\u00a0<strong>3,1%\u00a0<\/strong>;<\/p>\n<p><strong>-Nombre de m\u00e9nages ordinaires :<\/strong>\u00a0<strong>834.352 m\u00e9nages\u00a0<\/strong>;<\/p>\n<p><strong>-Taille moyenne des m\u00e9nages :<\/strong>\u00a0<strong>5,9 personnes<\/strong>\u00a0au niveau national\u00a0;<\/p>\n<p><strong>Un outil strat\u00e9gique pour le d\u00e9veloppement<\/strong><\/p>\n<p>Pr\u00e9sentant les r\u00e9sultats, M. Yacoub Ahmed Aicha, Secr\u00e9taire g\u00e9n\u00e9ral du Minist\u00e8re de l\u2019\u00c9conomie et des Finances, a soulign\u00e9 la port\u00e9e strat\u00e9gique de cet exercice. &#8220;Ce recensement s\u2019inscrit dans le cadre du\u00a0<strong>Plan D\u00e9cennal National de D\u00e9veloppement de la Statistique (2021-2030)<\/strong>&#8220;, a-t-il d\u00e9clar\u00e9. Son objectif ultime est de &#8220;fournir des donn\u00e9es statistiques essentielles et fiables pour la formulation, le suivi et l\u2019\u00e9valuation des politiques nationales de d\u00e9veloppement&#8221;.<\/p>\n<p>M. Ahmed Aicha a insist\u00e9 sur la qualit\u00e9 et l&#8217;utilit\u00e9 des donn\u00e9es produites : &#8220;Ces donn\u00e9es compl\u00e8tes, pr\u00e9cises et d\u00e9taill\u00e9es permettront aux diff\u00e9rents secteurs gouvernementaux, institutions publiques et partenaires au d\u00e9veloppement d\u2019\u00e9valuer, de d\u00e9velopper et d\u2019am\u00e9liorer les politiques et programmes de d\u00e9veloppement actuels au service de l\u2019int\u00e9r\u00eat sup\u00e9rieur de la nation&#8221;.<\/p>\n<p><strong>Ouverture \u00e0 la recherche et reconnaissance internationale<\/strong><\/p>\n<p>Pour favoriser l&#8217;exploitation scientifique de cette mine d&#8217;informations, le Secr\u00e9taire g\u00e9n\u00e9ral a annonc\u00e9 la cr\u00e9ation d&#8217;<strong>une base de donn\u00e9es al\u00e9atoire repr\u00e9sentant 10% de l\u2019ensemble des donn\u00e9es<\/strong>. Conforme aux normes techniques et m\u00e9thodologiques internationales les plus \u00e9lev\u00e9es, elle sera mise \u00e0 disposition des &#8220;chercheurs, experts et universitaires pour mener des \u00e9tudes approfondies et sp\u00e9cialis\u00e9es dans les diff\u00e9rents domaines d\u00e9mographiques, sociaux et \u00e9conomiques&#8221;.<\/p>\n<p>La repr\u00e9sentante du Fonds des Nations Unies pour la Population (UNFPA) en Mauritanie, Mme Olga Sankara, a chaleureusement salu\u00e9 cette r\u00e9alisation. Elle a mis en avant &#8220;<strong>la ma\u00eetrise compl\u00e8te des nouvelles technologies par l\u2019ANSADE<\/strong>&#8220;, une expertise qui place d\u00e9sormais l&#8217;agence mauritanienne &#8220;dans une position id\u00e9ale pour fournir un soutien technique pr\u00e9cieux \u00e0 d\u2019autres pays en phase de recensement&#8221;.<\/p>\n<p>Mme Sankara a qualifi\u00e9 les donn\u00e9es pr\u00e9sent\u00e9es de\u00a0<strong>&#8220;tr\u00e9sors d\u2019informations pr\u00e9cieuses&#8221;<\/strong>. &#8220;Elles ouvriront une nouvelle phase de planification du d\u00e9veloppement pour tirer parti de\u00a0<strong>l\u2019opportunit\u00e9 d\u00e9mographique<\/strong>&#8220;, a-t-elle affirm\u00e9, soulignant leur r\u00f4le crucial pour &#8220;comprendre la taille et la r\u00e9partition de la population, ainsi que les caract\u00e9ristiques d\u00e9mographiques, sociales et \u00e9conomiques&#8221; du pays.<\/p>\n<p><strong>Perspectives : Des donn\u00e9es pour l&#8217;avenir<\/strong><\/p>\n<p>La publication des r\u00e9sultats finaux du 5\u00e8me RGPH marque une \u00e9tape majeure pour la Mauritanie. Au-del\u00e0 des chiffres sur la population et les m\u00e9nages, ces donn\u00e9es granulaires sur la r\u00e9partition g\u00e9ographique, la structure par \u00e2ge et sexe, les caract\u00e9ristiques socio-\u00e9conomiques et l&#8217;habitat constituent\u00a0<strong>le socle indispensable<\/strong>\u00a0pour :<\/p>\n<p><strong>-Affiner les politiques publiques<\/strong> (sant\u00e9, \u00e9ducation, emploi, logement)\u00a0;<\/p>\n<p><strong>-Mieux cibler les interventions de d\u00e9veloppement<\/strong>\u00a0;<\/p>\n<p><strong>-Pr\u00e9parer l&#8217;avenir en anticipant les besoins d&#8217;une population jeune et en croissance<\/strong>\u00a0;<\/p>\n<p><strong>-Saisir l&#8217;opportunit\u00e9 d\u00e9mographique en investissant dans le capital humain<\/strong>.<\/p>\n<p>Ce recensement, fruit d&#8217;un effort technique et logistique consid\u00e9rable, confirme la Mauritanie dans sa trajectoire de modernisation de son syst\u00e8me statistique et lui offre les cl\u00e9s pour un d\u00e9veloppement plus juste et plus efficace.<\/p>\n","protected":false},"excerpt":{"rendered":"<p>Le minist\u00e8re de l\u2019\u00c9conomie et des Finances a d\u00e9voil\u00e9 ce lundi les r\u00e9sultats d\u00e9finitifs du\u00a0cinqui\u00e8me Recensement G\u00e9n\u00e9ral de la Population et de l\u2019Habitat (RGPH)\u00a0de Mauritanie. R\u00e9alis\u00e9 avec pr\u00e9cision en 2023 par l&#8217;Agence Nationale de la Statistique et de l\u2019Analyse D\u00e9mographique et Economique (ANSADE), ce travail colossal offre une photographie d\u00e9taill\u00e9e de la nation et servira&#8230;..<\/p>\n","protected":false},"author":12,"featured_media":28627,"comment_status":"open","ping_status":"open","sticky":false,"template":"","format":"standard","meta":{"footnotes":""},"categories":[23,49],"tags":[],"class_list":["post-28625","post","type-post","status-publish","format-standard","has-post-thumbnail","hentry","category-actualite","category-economie"],"yoast_head":"<!-- This site is optimized with the Yoast SEO plugin v27.5 - https:\/\/yoast.com\/product\/yoast-seo-wordpress\/ -->\n<title>Mauritanie : Le cinqui\u00e8me recensement r\u00e9v\u00e8le une population de pr\u00e8s de 5 Millions d&#039;habitants - Le Quotidien de Nouakchott<\/title>\n<meta name=\"robots\" content=\"index, follow, max-snippet:-1, max-image-preview:large, max-video-preview:-1\" \/>\n<link rel=\"canonical\" href=\"https:\/\/lequotidien.mr\/?p=28625&lang=fr\" \/>\n<meta property=\"og:locale\" content=\"ar_AR\" \/>\n<meta property=\"og:type\" content=\"article\" \/>\n<meta property=\"og:title\" content=\"Mauritanie : Le cinqui\u00e8me recensement r\u00e9v\u00e8le une population de pr\u00e8s de 5 Millions d&#039;habitants - Le Quotidien de Nouakchott\" \/>\n<meta property=\"og:description\" content=\"Le minist\u00e8re de l\u2019\u00c9conomie et des Finances a d\u00e9voil\u00e9 ce lundi les r\u00e9sultats d\u00e9finitifs du\u00a0cinqui\u00e8me Recensement G\u00e9n\u00e9ral de la Population et de l\u2019Habitat (RGPH)\u00a0de Mauritanie. R\u00e9alis\u00e9 avec pr\u00e9cision en 2023 par l&#8217;Agence Nationale de la Statistique et de l\u2019Analyse D\u00e9mographique et Economique (ANSADE), ce travail colossal offre une photographie d\u00e9taill\u00e9e de la nation et servira.....\" \/>\n<meta property=\"og:url\" content=\"https:\/\/lequotidien.mr\/?p=28625&amp;lang=fr\" \/>\n<meta property=\"og:site_name\" content=\"Le Quotidien de Nouakchott\" \/>\n<meta property=\"article:publisher\" content=\"https:\/\/web.facebook.com\/lequotidienmr\" \/>\n<meta property=\"article:published_time\" content=\"2025-06-24T17:47:59+00:00\" \/>\n<meta property=\"og:image\" content=\"https:\/\/lequotidien.mr\/wp-content\/uploads\/2025\/06\/photo-recensement-RIM.jpg\" \/>\n\t<meta property=\"og:image:width\" content=\"750\" \/>\n\t<meta property=\"og:image:height\" content=\"430\" \/>\n\t<meta property=\"og:image:type\" content=\"image\/jpeg\" \/>\n<meta name=\"author\" content=\"Med Ahmed\" \/>\n<meta name=\"twitter:card\" content=\"summary_large_image\" \/>\n<meta name=\"twitter:creator\" content=\"@lequotidienmr\" \/>\n<meta name=\"twitter:site\" content=\"@lequotidienmr\" \/>\n<meta name=\"twitter:label1\" content=\"\u0643\u064f\u062a\u0628 \u0628\u0648\u0627\u0633\u0637\u0629\" \/>\n\t<meta name=\"twitter:data1\" content=\"Med Ahmed\" \/>\n\t<meta name=\"twitter:label2\" content=\"\u0648\u0642\u062a \u0627\u0644\u0642\u0631\u0627\u0621\u0629 \u0627\u0644\u0645\u064f\u0642\u062f\u0651\u0631\" \/>\n\t<meta name=\"twitter:data2\" content=\"4 \u062f\u0642\u0627\u0626\u0642\" \/>\n<script type=\"application\/ld+json\" class=\"yoast-schema-graph\">{\"@context\":\"https:\\\/\\\/schema.org\",\"@graph\":[{\"@type\":\"Article\",\"@id\":\"https:\\\/\\\/lequotidien.mr\\\/?p=28625&lang=fr#article\",\"isPartOf\":{\"@id\":\"https:\\\/\\\/lequotidien.mr\\\/?p=28625&lang=fr\"},\"author\":{\"name\":\"Med Ahmed\",\"@id\":\"https:\\\/\\\/lequotidien.mr\\\/#\\\/schema\\\/person\\\/d2d350202a4d599685ed8abc25f97596\"},\"headline\":\"Mauritanie : Le cinqui\u00e8me recensement r\u00e9v\u00e8le une population de pr\u00e8s de 5 Millions d&#8217;habitants\",\"datePublished\":\"2025-06-24T17:47:59+00:00\",\"mainEntityOfPage\":{\"@id\":\"https:\\\/\\\/lequotidien.mr\\\/?p=28625&lang=fr\"},\"wordCount\":645,\"commentCount\":0,\"publisher\":{\"@id\":\"https:\\\/\\\/lequotidien.mr\\\/#organization\"},\"image\":{\"@id\":\"https:\\\/\\\/lequotidien.mr\\\/?p=28625&lang=fr#primaryimage\"},\"thumbnailUrl\":\"https:\\\/\\\/lequotidien.mr\\\/wp-content\\\/uploads\\\/2025\\\/06\\\/photo-recensement-RIM.jpg\",\"articleSection\":[\"ACTUALIT\u00c9\",\"Economie\"],\"inLanguage\":\"ar\",\"potentialAction\":[{\"@type\":\"CommentAction\",\"name\":\"Comment\",\"target\":[\"https:\\\/\\\/lequotidien.mr\\\/?p=28625&lang=fr#respond\"]}]},{\"@type\":\"WebPage\",\"@id\":\"https:\\\/\\\/lequotidien.mr\\\/?p=28625&lang=fr\",\"url\":\"https:\\\/\\\/lequotidien.mr\\\/?p=28625&lang=fr\",\"name\":\"Mauritanie : Le cinqui\u00e8me recensement r\u00e9v\u00e8le une population de pr\u00e8s de 5 Millions d'habitants - Le Quotidien de Nouakchott\",\"isPartOf\":{\"@id\":\"https:\\\/\\\/lequotidien.mr\\\/#website\"},\"primaryImageOfPage\":{\"@id\":\"https:\\\/\\\/lequotidien.mr\\\/?p=28625&lang=fr#primaryimage\"},\"image\":{\"@id\":\"https:\\\/\\\/lequotidien.mr\\\/?p=28625&lang=fr#primaryimage\"},\"thumbnailUrl\":\"https:\\\/\\\/lequotidien.mr\\\/wp-content\\\/uploads\\\/2025\\\/06\\\/photo-recensement-RIM.jpg\",\"datePublished\":\"2025-06-24T17:47:59+00:00\",\"breadcrumb\":{\"@id\":\"https:\\\/\\\/lequotidien.mr\\\/?p=28625&lang=fr#breadcrumb\"},\"inLanguage\":\"ar\",\"potentialAction\":[{\"@type\":\"ReadAction\",\"target\":[\"https:\\\/\\\/lequotidien.mr\\\/?p=28625&lang=fr\"]}]},{\"@type\":\"ImageObject\",\"inLanguage\":\"ar\",\"@id\":\"https:\\\/\\\/lequotidien.mr\\\/?p=28625&lang=fr#primaryimage\",\"url\":\"https:\\\/\\\/lequotidien.mr\\\/wp-content\\\/uploads\\\/2025\\\/06\\\/photo-recensement-RIM.jpg\",\"contentUrl\":\"https:\\\/\\\/lequotidien.mr\\\/wp-content\\\/uploads\\\/2025\\\/06\\\/photo-recensement-RIM.jpg\",\"width\":750,\"height\":430},{\"@type\":\"BreadcrumbList\",\"@id\":\"https:\\\/\\\/lequotidien.mr\\\/?p=28625&lang=fr#breadcrumb\",\"itemListElement\":[{\"@type\":\"ListItem\",\"position\":1,\"name\":\"Home\",\"item\":\"https:\\\/\\\/lequotidien.mr\\\/\"},{\"@type\":\"ListItem\",\"position\":2,\"name\":\"Mauritanie : Le cinqui\u00e8me recensement r\u00e9v\u00e8le une population de pr\u00e8s de 5 Millions d&rsquo;habitants\"}]},{\"@type\":\"WebSite\",\"@id\":\"https:\\\/\\\/lequotidien.mr\\\/#website\",\"url\":\"https:\\\/\\\/lequotidien.mr\\\/\",\"name\":\"Le Quotidien de Nouakchott\",\"description\":\"\u0625\u062e\u0628\u0627\u0631\u064a\u0629 \u0645\u0633\u062a\u0642\u0644\u0629 \u0644\u0644\u0623\u0646\u0628\u0627\u0621 \u0627\u0644\u0639\u0627\u0645\u0629\",\"publisher\":{\"@id\":\"https:\\\/\\\/lequotidien.mr\\\/#organization\"},\"potentialAction\":[{\"@type\":\"SearchAction\",\"target\":{\"@type\":\"EntryPoint\",\"urlTemplate\":\"https:\\\/\\\/lequotidien.mr\\\/?s={search_term_string}\"},\"query-input\":{\"@type\":\"PropertyValueSpecification\",\"valueRequired\":true,\"valueName\":\"search_term_string\"}}],\"inLanguage\":\"ar\"},{\"@type\":\"Organization\",\"@id\":\"https:\\\/\\\/lequotidien.mr\\\/#organization\",\"name\":\"Le Quotidien de Nouakchott\",\"url\":\"https:\\\/\\\/lequotidien.mr\\\/\",\"logo\":{\"@type\":\"ImageObject\",\"inLanguage\":\"ar\",\"@id\":\"https:\\\/\\\/lequotidien.mr\\\/#\\\/schema\\\/logo\\\/image\\\/\",\"url\":\"https:\\\/\\\/lequotidien.mr\\\/wp-content\\\/uploads\\\/2022\\\/11\\\/logolequotidien.jpg\",\"contentUrl\":\"https:\\\/\\\/lequotidien.mr\\\/wp-content\\\/uploads\\\/2022\\\/11\\\/logolequotidien.jpg\",\"width\":290,\"height\":65,\"caption\":\"Le Quotidien de Nouakchott\"},\"image\":{\"@id\":\"https:\\\/\\\/lequotidien.mr\\\/#\\\/schema\\\/logo\\\/image\\\/\"},\"sameAs\":[\"https:\\\/\\\/web.facebook.com\\\/lequotidienmr\",\"https:\\\/\\\/x.com\\\/lequotidienmr\"]},{\"@type\":\"Person\",\"@id\":\"https:\\\/\\\/lequotidien.mr\\\/#\\\/schema\\\/person\\\/d2d350202a4d599685ed8abc25f97596\",\"name\":\"Med Ahmed\",\"image\":{\"@type\":\"ImageObject\",\"inLanguage\":\"ar\",\"@id\":\"https:\\\/\\\/secure.gravatar.com\\\/avatar\\\/fd2acc62ed50732923d1d39c17172c9b04149f142be92310ecc69e1358f94b52?s=96&d=mm&r=g\",\"url\":\"https:\\\/\\\/secure.gravatar.com\\\/avatar\\\/fd2acc62ed50732923d1d39c17172c9b04149f142be92310ecc69e1358f94b52?s=96&d=mm&r=g\",\"contentUrl\":\"https:\\\/\\\/secure.gravatar.com\\\/avatar\\\/fd2acc62ed50732923d1d39c17172c9b04149f142be92310ecc69e1358f94b52?s=96&d=mm&r=g\",\"caption\":\"Med Ahmed\"},\"url\":\"https:\\\/\\\/lequotidien.mr\\\/?author=12\"}]}<\/script>\n<!-- \/ Yoast SEO plugin. -->","yoast_head_json":{"title":"Mauritanie : Le cinqui\u00e8me recensement r\u00e9v\u00e8le une population de pr\u00e8s de 5 Millions d'habitants - Le Quotidien de Nouakchott","robots":{"index":"index","follow":"follow","max-snippet":"max-snippet:-1","max-image-preview":"max-image-preview:large","max-video-preview":"max-video-preview:-1"},"canonical":"https:\/\/lequotidien.mr\/?p=28625&lang=fr","og_locale":"ar_AR","og_type":"article","og_title":"Mauritanie : Le cinqui\u00e8me recensement r\u00e9v\u00e8le une population de pr\u00e8s de 5 Millions d'habitants - Le Quotidien de Nouakchott","og_description":"Le minist\u00e8re de l\u2019\u00c9conomie et des Finances a d\u00e9voil\u00e9 ce lundi les r\u00e9sultats d\u00e9finitifs du\u00a0cinqui\u00e8me Recensement G\u00e9n\u00e9ral de la Population et de l\u2019Habitat (RGPH)\u00a0de Mauritanie. R\u00e9alis\u00e9 avec pr\u00e9cision en 2023 par l&#8217;Agence Nationale de la Statistique et de l\u2019Analyse D\u00e9mographique et Economique (ANSADE), ce travail colossal offre une photographie d\u00e9taill\u00e9e de la nation et servira.....","og_url":"https:\/\/lequotidien.mr\/?p=28625&lang=fr","og_site_name":"Le Quotidien de Nouakchott","article_publisher":"https:\/\/web.facebook.com\/lequotidienmr","article_published_time":"2025-06-24T17:47:59+00:00","og_image":[{"width":750,"height":430,"url":"https:\/\/lequotidien.mr\/wp-content\/uploads\/2025\/06\/photo-recensement-RIM.jpg","type":"image\/jpeg"}],"author":"Med Ahmed","twitter_card":"summary_large_image","twitter_creator":"@lequotidienmr","twitter_site":"@lequotidienmr","twitter_misc":{"\u0643\u064f\u062a\u0628 \u0628\u0648\u0627\u0633\u0637\u0629":"Med Ahmed","\u0648\u0642\u062a \u0627\u0644\u0642\u0631\u0627\u0621\u0629 \u0627\u0644\u0645\u064f\u0642\u062f\u0651\u0631":"4 \u062f\u0642\u0627\u0626\u0642"},"schema":{"@context":"https:\/\/schema.org","@graph":[{"@type":"Article","@id":"https:\/\/lequotidien.mr\/?p=28625&lang=fr#article","isPartOf":{"@id":"https:\/\/lequotidien.mr\/?p=28625&lang=fr"},"author":{"name":"Med Ahmed","@id":"https:\/\/lequotidien.mr\/#\/schema\/person\/d2d350202a4d599685ed8abc25f97596"},"headline":"Mauritanie : Le cinqui\u00e8me recensement r\u00e9v\u00e8le une population de pr\u00e8s de 5 Millions d&#8217;habitants","datePublished":"2025-06-24T17:47:59+00:00","mainEntityOfPage":{"@id":"https:\/\/lequotidien.mr\/?p=28625&lang=fr"},"wordCount":645,"commentCount":0,"publisher":{"@id":"https:\/\/lequotidien.mr\/#organization"},"image":{"@id":"https:\/\/lequotidien.mr\/?p=28625&lang=fr#primaryimage"},"thumbnailUrl":"https:\/\/lequotidien.mr\/wp-content\/uploads\/2025\/06\/photo-recensement-RIM.jpg","articleSection":["ACTUALIT\u00c9","Economie"],"inLanguage":"ar","potentialAction":[{"@type":"CommentAction","name":"Comment","target":["https:\/\/lequotidien.mr\/?p=28625&lang=fr#respond"]}]},{"@type":"WebPage","@id":"https:\/\/lequotidien.mr\/?p=28625&lang=fr","url":"https:\/\/lequotidien.mr\/?p=28625&lang=fr","name":"Mauritanie : Le cinqui\u00e8me recensement r\u00e9v\u00e8le une population de pr\u00e8s de 5 Millions d'habitants - Le Quotidien de Nouakchott","isPartOf":{"@id":"https:\/\/lequotidien.mr\/#website"},"primaryImageOfPage":{"@id":"https:\/\/lequotidien.mr\/?p=28625&lang=fr#primaryimage"},"image":{"@id":"https:\/\/lequotidien.mr\/?p=28625&lang=fr#primaryimage"},"thumbnailUrl":"https:\/\/lequotidien.mr\/wp-content\/uploads\/2025\/06\/photo-recensement-RIM.jpg","datePublished":"2025-06-24T17:47:59+00:00","breadcrumb":{"@id":"https:\/\/lequotidien.mr\/?p=28625&lang=fr#breadcrumb"},"inLanguage":"ar","potentialAction":[{"@type":"ReadAction","target":["https:\/\/lequotidien.mr\/?p=28625&lang=fr"]}]},{"@type":"ImageObject","inLanguage":"ar","@id":"https:\/\/lequotidien.mr\/?p=28625&lang=fr#primaryimage","url":"https:\/\/lequotidien.mr\/wp-content\/uploads\/2025\/06\/photo-recensement-RIM.jpg","contentUrl":"https:\/\/lequotidien.mr\/wp-content\/uploads\/2025\/06\/photo-recensement-RIM.jpg","width":750,"height":430},{"@type":"BreadcrumbList","@id":"https:\/\/lequotidien.mr\/?p=28625&lang=fr#breadcrumb","itemListElement":[{"@type":"ListItem","position":1,"name":"Home","item":"https:\/\/lequotidien.mr\/"},{"@type":"ListItem","position":2,"name":"Mauritanie : Le cinqui\u00e8me recensement r\u00e9v\u00e8le une population de pr\u00e8s de 5 Millions d&rsquo;habitants"}]},{"@type":"WebSite","@id":"https:\/\/lequotidien.mr\/#website","url":"https:\/\/lequotidien.mr\/","name":"Le Quotidien de Nouakchott","description":"\u0625\u062e\u0628\u0627\u0631\u064a\u0629 \u0645\u0633\u062a\u0642\u0644\u0629 \u0644\u0644\u0623\u0646\u0628\u0627\u0621 \u0627\u0644\u0639\u0627\u0645\u0629","publisher":{"@id":"https:\/\/lequotidien.mr\/#organization"},"potentialAction":[{"@type":"SearchAction","target":{"@type":"EntryPoint","urlTemplate":"https:\/\/lequotidien.mr\/?s={search_term_string}"},"query-input":{"@type":"PropertyValueSpecification","valueRequired":true,"valueName":"search_term_string"}}],"inLanguage":"ar"},{"@type":"Organization","@id":"https:\/\/lequotidien.mr\/#organization","name":"Le Quotidien de Nouakchott","url":"https:\/\/lequotidien.mr\/","logo":{"@type":"ImageObject","inLanguage":"ar","@id":"https:\/\/lequotidien.mr\/#\/schema\/logo\/image\/","url":"https:\/\/lequotidien.mr\/wp-content\/uploads\/2022\/11\/logolequotidien.jpg","contentUrl":"https:\/\/lequotidien.mr\/wp-content\/uploads\/2022\/11\/logolequotidien.jpg","width":290,"height":65,"caption":"Le Quotidien de Nouakchott"},"image":{"@id":"https:\/\/lequotidien.mr\/#\/schema\/logo\/image\/"},"sameAs":["https:\/\/web.facebook.com\/lequotidienmr","https:\/\/x.com\/lequotidienmr"]},{"@type":"Person","@id":"https:\/\/lequotidien.mr\/#\/schema\/person\/d2d350202a4d599685ed8abc25f97596","name":"Med Ahmed","image":{"@type":"ImageObject","inLanguage":"ar","@id":"https:\/\/secure.gravatar.com\/avatar\/fd2acc62ed50732923d1d39c17172c9b04149f142be92310ecc69e1358f94b52?s=96&d=mm&r=g","url":"https:\/\/secure.gravatar.com\/avatar\/fd2acc62ed50732923d1d39c17172c9b04149f142be92310ecc69e1358f94b52?s=96&d=mm&r=g","contentUrl":"https:\/\/secure.gravatar.com\/avatar\/fd2acc62ed50732923d1d39c17172c9b04149f142be92310ecc69e1358f94b52?s=96&d=mm&r=g","caption":"Med Ahmed"},"url":"https:\/\/lequotidien.mr\/?author=12"}]}},"_links":{"self":[{"href":"https:\/\/lequotidien.mr\/index.php?rest_route=\/wp\/v2\/posts\/28625","targetHints":{"allow":["GET"]}}],"collection":[{"href":"https:\/\/lequotidien.mr\/index.php?rest_route=\/wp\/v2\/posts"}],"about":[{"href":"https:\/\/lequotidien.mr\/index.php?rest_route=\/wp\/v2\/types\/post"}],"author":[{"embeddable":true,"href":"https:\/\/lequotidien.mr\/index.php?rest_route=\/wp\/v2\/users\/12"}],"replies":[{"embeddable":true,"href":"https:\/\/lequotidien.mr\/index.php?rest_route=%2Fwp%2Fv2%2Fcomments&post=28625"}],"version-history":[{"count":1,"href":"https:\/\/lequotidien.mr\/index.php?rest_route=\/wp\/v2\/posts\/28625\/revisions"}],"predecessor-version":[{"id":28628,"href":"https:\/\/lequotidien.mr\/index.php?rest_route=\/wp\/v2\/posts\/28625\/revisions\/28628"}],"wp:featuredmedia":[{"embeddable":true,"href":"https:\/\/lequotidien.mr\/index.php?rest_route=\/wp\/v2\/media\/28627"}],"wp:attachment":[{"href":"https:\/\/lequotidien.mr\/index.php?rest_route=%2Fwp%2Fv2%2Fmedia&parent=28625"}],"wp:term":[{"taxonomy":"category","embeddable":true,"href":"https:\/\/lequotidien.mr\/index.php?rest_route=%2Fwp%2Fv2%2Fcategories&post=28625"},{"taxonomy":"post_tag","embeddable":true,"href":"https:\/\/lequotidien.mr\/index.php?rest_route=%2Fwp%2Fv2%2Ftags&post=28625"}],"curies":[{"name":"wp","href":"https:\/\/api.w.org\/{rel}","templated":true}]}}