{"id":28621,"date":"2025-06-24T17:32:09","date_gmt":"2025-06-24T17:32:09","guid":{"rendered":"https:\/\/lequotidien.mr\/?p=28621"},"modified":"2025-06-24T17:32:09","modified_gmt":"2025-06-24T17:32:09","slug":"hommage-a-me-georges-henri-beauthier-une-vie-au-service-de-la-justice-un-engagement-indefectible-pour-gaza-et-lafrique","status":"publish","type":"post","link":"https:\/\/lequotidien.mr\/?p=28621&lang=fr","title":{"rendered":"Hommage \u00e0 Me Georges-Henri Beauthier : une vie au service de la justice, un engagement ind\u00e9fectible pour Gaza et l\u2019Afrique"},"content":{"rendered":"<p>En Mauritanie, ils sont nombreux \u00e0 rendre hommage \u00e0 une grande figure du droit et de la solidarit\u00e9 internationale. Me <strong>Georges-Henri Beauthier<\/strong>, disparu ce mardi, laissant derri\u00e8re lui un h\u00e9ritage immense de combat pour la justice, la dignit\u00e9 humaine et la d\u00e9fense des victimes, o\u00f9 qu\u2019elles se trouvent. Son nom est \u00e0 jamais grav\u00e9 dans l\u2019histoire judiciaire belge \u00e0 travers des affaires embl\u00e9matiques comme le proc\u00e8s Dutroux, les attentats de Bruxelles, ou encore le drame du Heysel. Mais son engagement profond pour les droits humains l\u2019a conduit bien au-del\u00e0 des fronti\u00e8res, jusqu\u2019en Palestine, au Tchad, en Tunisie, et \u00e0 travers toute l\u2019Afrique.<\/p>\n<p>Parmi les nombreuses causes qu\u2019il a embrass\u00e9es avec passion, celle des <strong>victimes de Gaza<\/strong> occupe une place centrale dans sa derni\u00e8re d\u00e9cennie d\u2019engagement. En 2015, aux c\u00f4t\u00e9s d\u2019un collectif d\u2019avocats internationaux, Me Georges-Henri Beauthier s\u2019est engag\u00e9 dans une proc\u00e9dure in\u00e9dite : d\u00e9poser, au nom de victimes palestiniennes et d\u2019un h\u00f4pital bombard\u00e9, une plainte contre de hauts dirigeants isra\u00e9liens pour crimes de guerre. Il s\u2019agissait d\u2019\u00e9tablir, par des t\u00e9moignages rigoureux et des rapports m\u00e9dicaux, les faits survenus lors des bombardements de l\u2019h\u00f4pital al-Aqsa \u00e0 Deir al-Balah. Le dossier portait les voix des survivants, des m\u00e9decins, des brancardiers, et d\u00e9non\u00e7ait la r\u00e9p\u00e9tition des frappes contre une structure de sant\u00e9 parfaitement identifi\u00e9e.<\/p>\n<p data-start=\"1906\" data-end=\"2213\">Pour Me Beauthier, ce n\u2019\u00e9tait pas seulement une affaire juridique. C\u2019\u00e9tait un combat de principe. Il nomma les responsables, exigea que justice soit faite, et rappela que &#8220;ceux qui ont ordonn\u00e9 de frapper un h\u00f4pital, ceux qui ont tu\u00e9 des enfants, doivent rendre des comptes devant la justice internationale&#8221;.<\/p>\n<p><strong>Un pilier de la Fondation pour l&#8217;\u00c9galit\u00e9 des Chances en Afrique<\/strong><\/p>\n<p>Au-del\u00e0 des pr\u00e9toires, Georges-Henri Beauthier \u00e9tait aussi un <strong>b\u00e2tisseur d\u2019institutions citoyennes<\/strong>. Il fut l\u2019un des administrateurs de la <strong>Fondation pour l\u2019\u00c9galit\u00e9 des Chances en Afrique<\/strong>, une organisation philanthropique belge reconnue d\u2019utilit\u00e9 publique en 2015, et fond\u00e9e par l\u2019entrepreneur <strong>Mohamed Bouamatou<\/strong>, avec le concours d\u2019avocats humanistes.<\/p>\n<p>La Fondation, dont il partageait pleinement la vision, \u0153uvre pour <strong>l\u2019\u00c9tat de droit<\/strong>, <strong>la d\u00e9mocratie<\/strong>, <strong>l\u2019\u00e9ducation<\/strong>, <strong>l\u2019acc\u00e8s \u00e0 la sant\u00e9<\/strong>, <strong>la transparence de la vie publique<\/strong> et <strong>la lutte contre la corruption<\/strong>. Pour Me Beauthier, comme pour la Fondation, la construction d\u2019un \u00c9tat de droit en Afrique \u00e9tait <em>la<\/em> condition premi\u00e8re pour permettre l\u2019\u00e9mancipation des populations et un d\u00e9veloppement r\u00e9ellement durable.<\/p>\n<p><strong>Une parole forte, un engagement concret<\/strong><\/p>\n<p>Son implication ne se limitait pas aux discours. En tant qu\u2019administrateur, il a soutenu de nombreux projets \u00e0 fort impact humanitaire, comme celui de <strong>SOS MEDITERRANEE<\/strong>, qui affr\u00e8te le navire <em>Aquarius<\/em> pour secourir les migrants en d\u00e9tresse en M\u00e9diterran\u00e9e. En 2016, il d\u00e9clarait avec une indignation digne :<br \/>\n<em>\u00ab La Fondation pour l\u2019\u00c9galit\u00e9 des Chances en Afrique estime qu\u2019il est de son devoir de venir en aide \u00e0 ce projet humaniste, si indispensable \u00e0 une \u00e9poque o\u00f9 des milliers d\u2019humains perdent la vie en tentant de traverser la M\u00e9diterran\u00e9e. Nous appelons tous les philanthropes, nationaux ou internationaux, priv\u00e9s ou publics, \u00e0 aider ces projets qui d\u00e9montrent que la mobilisation citoyenne peut sauver des vies, alors qu\u2019aucune politique efficace n\u2019a encore \u00e9t\u00e9 mise en \u0153uvre. \u00bb<\/em><\/p>\n<p>Ces mots r\u00e9sonnent douloureusement aujourd\u2019hui, alors que les conflits, les d\u00e9placements forc\u00e9s et l\u2019oubli international continuent de faire des ravages en Afrique, en Palestine et ailleurs.<\/p>\n<p><strong>Une source d\u2019inspiration pour l\u2019Afrique et la Mauritanie<\/strong><\/p>\n<p>Pour les d\u00e9fenseurs des droits humains en Mauritanie, Me Georges-Henri Beauthier fut un rep\u00e8re, une voix respect\u00e9e, un mod\u00e8le d\u2019avocat engag\u00e9. Il a montr\u00e9 qu\u2019un homme de droit peut mettre son savoir au service de causes nobles, en toute ind\u00e9pendance, avec courage et humilit\u00e9. Dans un pays o\u00f9 les avocats, les journalistes et les militants se battent chaque jour pour la v\u00e9rit\u00e9 et la justice, son parcours est une source d&#8217;inspiration profonde.<\/p>\n<p>La <strong>Fondation pour l&#8217;\u00c9galit\u00e9 des Chances en Afrique<\/strong> continuera, \u00e0 travers ses actions, \u00e0 porter la m\u00e9moire de cet homme debout, qui croyait fermement que le droit pouvait changer le monde.<\/p>\n<p><strong>\u00a0<\/strong><\/p>\n<p>&nbsp;<\/p>\n","protected":false},"excerpt":{"rendered":"<p>En Mauritanie, ils sont nombreux \u00e0 rendre hommage \u00e0 une grande figure du droit et de la solidarit\u00e9 internationale. Me Georges-Henri Beauthier, disparu ce mardi, laissant derri\u00e8re lui un h\u00e9ritage immense de combat pour la justice, la dignit\u00e9 humaine et la d\u00e9fense des victimes, o\u00f9 qu\u2019elles se trouvent. Son nom est \u00e0 jamais grav\u00e9 dans&#8230;..<\/p>\n","protected":false},"author":4,"featured_media":28622,"comment_status":"open","ping_status":"open","sticky":false,"template":"","format":"standard","meta":{"footnotes":""},"categories":[23,59,57],"tags":[],"class_list":["post-28621","post","type-post","status-publish","format-standard","has-post-thumbnail","hentry","category-actualite","category-opinion","category-couverture-specilale"],"yoast_head":"<!-- This site is optimized with the Yoast SEO plugin v27.5 - https:\/\/yoast.com\/product\/yoast-seo-wordpress\/ -->\n<title>Hommage \u00e0 Me Georges-Henri Beauthier : une vie au service de la justice, un engagement ind\u00e9fectible pour Gaza et l\u2019Afrique - Le Quotidien de Nouakchott<\/title>\n<meta name=\"robots\" content=\"index, follow, max-snippet:-1, max-image-preview:large, max-video-preview:-1\" \/>\n<link rel=\"canonical\" href=\"https:\/\/lequotidien.mr\/?p=28621&lang=fr\" \/>\n<meta property=\"og:locale\" content=\"ar_AR\" \/>\n<meta property=\"og:type\" content=\"article\" \/>\n<meta property=\"og:title\" content=\"Hommage \u00e0 Me Georges-Henri Beauthier : une vie au service de la justice, un engagement ind\u00e9fectible pour Gaza et l\u2019Afrique - Le Quotidien de Nouakchott\" \/>\n<meta property=\"og:description\" content=\"En Mauritanie, ils sont nombreux \u00e0 rendre hommage \u00e0 une grande figure du droit et de la solidarit\u00e9 internationale. Me Georges-Henri Beauthier, disparu ce mardi, laissant derri\u00e8re lui un h\u00e9ritage immense de combat pour la justice, la dignit\u00e9 humaine et la d\u00e9fense des victimes, o\u00f9 qu\u2019elles se trouvent. Son nom est \u00e0 jamais grav\u00e9 dans.....\" \/>\n<meta property=\"og:url\" content=\"https:\/\/lequotidien.mr\/?p=28621&amp;lang=fr\" \/>\n<meta property=\"og:site_name\" content=\"Le Quotidien de Nouakchott\" \/>\n<meta property=\"article:publisher\" content=\"https:\/\/web.facebook.com\/lequotidienmr\" \/>\n<meta property=\"article:published_time\" content=\"2025-06-24T17:32:09+00:00\" \/>\n<meta property=\"og:image\" content=\"https:\/\/lequotidien.mr\/wp-content\/uploads\/2025\/06\/beaurhier.jpg\" \/>\n\t<meta property=\"og:image:width\" content=\"770\" \/>\n\t<meta property=\"og:image:height\" content=\"433\" \/>\n\t<meta property=\"og:image:type\" content=\"image\/jpeg\" \/>\n<meta name=\"author\" content=\"Le Quotidien\" \/>\n<meta name=\"twitter:card\" content=\"summary_large_image\" \/>\n<meta name=\"twitter:creator\" content=\"@lequotidienmr\" \/>\n<meta name=\"twitter:site\" content=\"@lequotidienmr\" \/>\n<meta name=\"twitter:label1\" content=\"\u0643\u064f\u062a\u0628 \u0628\u0648\u0627\u0633\u0637\u0629\" \/>\n\t<meta name=\"twitter:data1\" content=\"Le Quotidien\" \/>\n\t<meta name=\"twitter:label2\" content=\"\u0648\u0642\u062a \u0627\u0644\u0642\u0631\u0627\u0621\u0629 \u0627\u0644\u0645\u064f\u0642\u062f\u0651\u0631\" \/>\n\t<meta name=\"twitter:data2\" content=\"5 \u062f\u0642\u0627\u0626\u0642\" \/>\n<script type=\"application\/ld+json\" class=\"yoast-schema-graph\">{\"@context\":\"https:\\\/\\\/schema.org\",\"@graph\":[{\"@type\":\"Article\",\"@id\":\"https:\\\/\\\/lequotidien.mr\\\/?p=28621&lang=fr#article\",\"isPartOf\":{\"@id\":\"https:\\\/\\\/lequotidien.mr\\\/?p=28621&lang=fr\"},\"author\":{\"name\":\"Le Quotidien\",\"@id\":\"https:\\\/\\\/lequotidien.mr\\\/#\\\/schema\\\/person\\\/f90fcdaa970c60288de4ed2e64a56472\"},\"headline\":\"Hommage \u00e0 Me Georges-Henri Beauthier : une vie au service de la justice, un engagement ind\u00e9fectible pour Gaza et l\u2019Afrique\",\"datePublished\":\"2025-06-24T17:32:09+00:00\",\"mainEntityOfPage\":{\"@id\":\"https:\\\/\\\/lequotidien.mr\\\/?p=28621&lang=fr\"},\"wordCount\":741,\"commentCount\":0,\"publisher\":{\"@id\":\"https:\\\/\\\/lequotidien.mr\\\/#organization\"},\"image\":{\"@id\":\"https:\\\/\\\/lequotidien.mr\\\/?p=28621&lang=fr#primaryimage\"},\"thumbnailUrl\":\"https:\\\/\\\/lequotidien.mr\\\/wp-content\\\/uploads\\\/2025\\\/06\\\/beaurhier.jpg\",\"articleSection\":[\"ACTUALIT\u00c9\",\"Opinion\",\"Couverture sp\u00e9cilale\"],\"inLanguage\":\"ar\",\"potentialAction\":[{\"@type\":\"CommentAction\",\"name\":\"Comment\",\"target\":[\"https:\\\/\\\/lequotidien.mr\\\/?p=28621&lang=fr#respond\"]}]},{\"@type\":\"WebPage\",\"@id\":\"https:\\\/\\\/lequotidien.mr\\\/?p=28621&lang=fr\",\"url\":\"https:\\\/\\\/lequotidien.mr\\\/?p=28621&lang=fr\",\"name\":\"Hommage \u00e0 Me Georges-Henri Beauthier : une vie au service de la justice, un engagement ind\u00e9fectible pour Gaza et l\u2019Afrique - Le Quotidien de Nouakchott\",\"isPartOf\":{\"@id\":\"https:\\\/\\\/lequotidien.mr\\\/#website\"},\"primaryImageOfPage\":{\"@id\":\"https:\\\/\\\/lequotidien.mr\\\/?p=28621&lang=fr#primaryimage\"},\"image\":{\"@id\":\"https:\\\/\\\/lequotidien.mr\\\/?p=28621&lang=fr#primaryimage\"},\"thumbnailUrl\":\"https:\\\/\\\/lequotidien.mr\\\/wp-content\\\/uploads\\\/2025\\\/06\\\/beaurhier.jpg\",\"datePublished\":\"2025-06-24T17:32:09+00:00\",\"breadcrumb\":{\"@id\":\"https:\\\/\\\/lequotidien.mr\\\/?p=28621&lang=fr#breadcrumb\"},\"inLanguage\":\"ar\",\"potentialAction\":[{\"@type\":\"ReadAction\",\"target\":[\"https:\\\/\\\/lequotidien.mr\\\/?p=28621&lang=fr\"]}]},{\"@type\":\"ImageObject\",\"inLanguage\":\"ar\",\"@id\":\"https:\\\/\\\/lequotidien.mr\\\/?p=28621&lang=fr#primaryimage\",\"url\":\"https:\\\/\\\/lequotidien.mr\\\/wp-content\\\/uploads\\\/2025\\\/06\\\/beaurhier.jpg\",\"contentUrl\":\"https:\\\/\\\/lequotidien.mr\\\/wp-content\\\/uploads\\\/2025\\\/06\\\/beaurhier.jpg\",\"width\":770,\"height\":433},{\"@type\":\"BreadcrumbList\",\"@id\":\"https:\\\/\\\/lequotidien.mr\\\/?p=28621&lang=fr#breadcrumb\",\"itemListElement\":[{\"@type\":\"ListItem\",\"position\":1,\"name\":\"Home\",\"item\":\"https:\\\/\\\/lequotidien.mr\\\/\"},{\"@type\":\"ListItem\",\"position\":2,\"name\":\"Hommage \u00e0 Me Georges-Henri Beauthier : une vie au service de la justice, un engagement ind\u00e9fectible pour Gaza et l\u2019Afrique\"}]},{\"@type\":\"WebSite\",\"@id\":\"https:\\\/\\\/lequotidien.mr\\\/#website\",\"url\":\"https:\\\/\\\/lequotidien.mr\\\/\",\"name\":\"Le Quotidien de Nouakchott\",\"description\":\"\u0625\u062e\u0628\u0627\u0631\u064a\u0629 \u0645\u0633\u062a\u0642\u0644\u0629 \u0644\u0644\u0623\u0646\u0628\u0627\u0621 \u0627\u0644\u0639\u0627\u0645\u0629\",\"publisher\":{\"@id\":\"https:\\\/\\\/lequotidien.mr\\\/#organization\"},\"potentialAction\":[{\"@type\":\"SearchAction\",\"target\":{\"@type\":\"EntryPoint\",\"urlTemplate\":\"https:\\\/\\\/lequotidien.mr\\\/?s={search_term_string}\"},\"query-input\":{\"@type\":\"PropertyValueSpecification\",\"valueRequired\":true,\"valueName\":\"search_term_string\"}}],\"inLanguage\":\"ar\"},{\"@type\":\"Organization\",\"@id\":\"https:\\\/\\\/lequotidien.mr\\\/#organization\",\"name\":\"Le Quotidien de Nouakchott\",\"url\":\"https:\\\/\\\/lequotidien.mr\\\/\",\"logo\":{\"@type\":\"ImageObject\",\"inLanguage\":\"ar\",\"@id\":\"https:\\\/\\\/lequotidien.mr\\\/#\\\/schema\\\/logo\\\/image\\\/\",\"url\":\"https:\\\/\\\/lequotidien.mr\\\/wp-content\\\/uploads\\\/2022\\\/11\\\/logolequotidien.jpg\",\"contentUrl\":\"https:\\\/\\\/lequotidien.mr\\\/wp-content\\\/uploads\\\/2022\\\/11\\\/logolequotidien.jpg\",\"width\":290,\"height\":65,\"caption\":\"Le Quotidien de Nouakchott\"},\"image\":{\"@id\":\"https:\\\/\\\/lequotidien.mr\\\/#\\\/schema\\\/logo\\\/image\\\/\"},\"sameAs\":[\"https:\\\/\\\/web.facebook.com\\\/lequotidienmr\",\"https:\\\/\\\/x.com\\\/lequotidienmr\"]},{\"@type\":\"Person\",\"@id\":\"https:\\\/\\\/lequotidien.mr\\\/#\\\/schema\\\/person\\\/f90fcdaa970c60288de4ed2e64a56472\",\"name\":\"Le Quotidien\",\"image\":{\"@type\":\"ImageObject\",\"inLanguage\":\"ar\",\"@id\":\"https:\\\/\\\/secure.gravatar.com\\\/avatar\\\/374cb39a1a458a912465a93e5a3ce6546886fc3da809a1f10c63e4e8fcbca30f?s=96&d=mm&r=g\",\"url\":\"https:\\\/\\\/secure.gravatar.com\\\/avatar\\\/374cb39a1a458a912465a93e5a3ce6546886fc3da809a1f10c63e4e8fcbca30f?s=96&d=mm&r=g\",\"contentUrl\":\"https:\\\/\\\/secure.gravatar.com\\\/avatar\\\/374cb39a1a458a912465a93e5a3ce6546886fc3da809a1f10c63e4e8fcbca30f?s=96&d=mm&r=g\",\"caption\":\"Le Quotidien\"},\"sameAs\":[\"https:\\\/\\\/lequotidien.mr\\\/\"],\"url\":\"https:\\\/\\\/lequotidien.mr\\\/?author=4\"}]}<\/script>\n<!-- \/ Yoast SEO plugin. -->","yoast_head_json":{"title":"Hommage \u00e0 Me Georges-Henri Beauthier : une vie au service de la justice, un engagement ind\u00e9fectible pour Gaza et l\u2019Afrique - Le Quotidien de Nouakchott","robots":{"index":"index","follow":"follow","max-snippet":"max-snippet:-1","max-image-preview":"max-image-preview:large","max-video-preview":"max-video-preview:-1"},"canonical":"https:\/\/lequotidien.mr\/?p=28621&lang=fr","og_locale":"ar_AR","og_type":"article","og_title":"Hommage \u00e0 Me Georges-Henri Beauthier : une vie au service de la justice, un engagement ind\u00e9fectible pour Gaza et l\u2019Afrique - Le Quotidien de Nouakchott","og_description":"En Mauritanie, ils sont nombreux \u00e0 rendre hommage \u00e0 une grande figure du droit et de la solidarit\u00e9 internationale. Me Georges-Henri Beauthier, disparu ce mardi, laissant derri\u00e8re lui un h\u00e9ritage immense de combat pour la justice, la dignit\u00e9 humaine et la d\u00e9fense des victimes, o\u00f9 qu\u2019elles se trouvent. Son nom est \u00e0 jamais grav\u00e9 dans.....","og_url":"https:\/\/lequotidien.mr\/?p=28621&lang=fr","og_site_name":"Le Quotidien de Nouakchott","article_publisher":"https:\/\/web.facebook.com\/lequotidienmr","article_published_time":"2025-06-24T17:32:09+00:00","og_image":[{"width":770,"height":433,"url":"https:\/\/lequotidien.mr\/wp-content\/uploads\/2025\/06\/beaurhier.jpg","type":"image\/jpeg"}],"author":"Le Quotidien","twitter_card":"summary_large_image","twitter_creator":"@lequotidienmr","twitter_site":"@lequotidienmr","twitter_misc":{"\u0643\u064f\u062a\u0628 \u0628\u0648\u0627\u0633\u0637\u0629":"Le Quotidien","\u0648\u0642\u062a \u0627\u0644\u0642\u0631\u0627\u0621\u0629 \u0627\u0644\u0645\u064f\u0642\u062f\u0651\u0631":"5 \u062f\u0642\u0627\u0626\u0642"},"schema":{"@context":"https:\/\/schema.org","@graph":[{"@type":"Article","@id":"https:\/\/lequotidien.mr\/?p=28621&lang=fr#article","isPartOf":{"@id":"https:\/\/lequotidien.mr\/?p=28621&lang=fr"},"author":{"name":"Le Quotidien","@id":"https:\/\/lequotidien.mr\/#\/schema\/person\/f90fcdaa970c60288de4ed2e64a56472"},"headline":"Hommage \u00e0 Me Georges-Henri Beauthier : une vie au service de la justice, un engagement ind\u00e9fectible pour Gaza et l\u2019Afrique","datePublished":"2025-06-24T17:32:09+00:00","mainEntityOfPage":{"@id":"https:\/\/lequotidien.mr\/?p=28621&lang=fr"},"wordCount":741,"commentCount":0,"publisher":{"@id":"https:\/\/lequotidien.mr\/#organization"},"image":{"@id":"https:\/\/lequotidien.mr\/?p=28621&lang=fr#primaryimage"},"thumbnailUrl":"https:\/\/lequotidien.mr\/wp-content\/uploads\/2025\/06\/beaurhier.jpg","articleSection":["ACTUALIT\u00c9","Opinion","Couverture sp\u00e9cilale"],"inLanguage":"ar","potentialAction":[{"@type":"CommentAction","name":"Comment","target":["https:\/\/lequotidien.mr\/?p=28621&lang=fr#respond"]}]},{"@type":"WebPage","@id":"https:\/\/lequotidien.mr\/?p=28621&lang=fr","url":"https:\/\/lequotidien.mr\/?p=28621&lang=fr","name":"Hommage \u00e0 Me Georges-Henri Beauthier : une vie au service de la justice, un engagement ind\u00e9fectible pour Gaza et l\u2019Afrique - Le Quotidien de Nouakchott","isPartOf":{"@id":"https:\/\/lequotidien.mr\/#website"},"primaryImageOfPage":{"@id":"https:\/\/lequotidien.mr\/?p=28621&lang=fr#primaryimage"},"image":{"@id":"https:\/\/lequotidien.mr\/?p=28621&lang=fr#primaryimage"},"thumbnailUrl":"https:\/\/lequotidien.mr\/wp-content\/uploads\/2025\/06\/beaurhier.jpg","datePublished":"2025-06-24T17:32:09+00:00","breadcrumb":{"@id":"https:\/\/lequotidien.mr\/?p=28621&lang=fr#breadcrumb"},"inLanguage":"ar","potentialAction":[{"@type":"ReadAction","target":["https:\/\/lequotidien.mr\/?p=28621&lang=fr"]}]},{"@type":"ImageObject","inLanguage":"ar","@id":"https:\/\/lequotidien.mr\/?p=28621&lang=fr#primaryimage","url":"https:\/\/lequotidien.mr\/wp-content\/uploads\/2025\/06\/beaurhier.jpg","contentUrl":"https:\/\/lequotidien.mr\/wp-content\/uploads\/2025\/06\/beaurhier.jpg","width":770,"height":433},{"@type":"BreadcrumbList","@id":"https:\/\/lequotidien.mr\/?p=28621&lang=fr#breadcrumb","itemListElement":[{"@type":"ListItem","position":1,"name":"Home","item":"https:\/\/lequotidien.mr\/"},{"@type":"ListItem","position":2,"name":"Hommage \u00e0 Me Georges-Henri Beauthier : une vie au service de la justice, un engagement ind\u00e9fectible pour Gaza et l\u2019Afrique"}]},{"@type":"WebSite","@id":"https:\/\/lequotidien.mr\/#website","url":"https:\/\/lequotidien.mr\/","name":"Le Quotidien de Nouakchott","description":"\u0625\u062e\u0628\u0627\u0631\u064a\u0629 \u0645\u0633\u062a\u0642\u0644\u0629 \u0644\u0644\u0623\u0646\u0628\u0627\u0621 \u0627\u0644\u0639\u0627\u0645\u0629","publisher":{"@id":"https:\/\/lequotidien.mr\/#organization"},"potentialAction":[{"@type":"SearchAction","target":{"@type":"EntryPoint","urlTemplate":"https:\/\/lequotidien.mr\/?s={search_term_string}"},"query-input":{"@type":"PropertyValueSpecification","valueRequired":true,"valueName":"search_term_string"}}],"inLanguage":"ar"},{"@type":"Organization","@id":"https:\/\/lequotidien.mr\/#organization","name":"Le Quotidien de Nouakchott","url":"https:\/\/lequotidien.mr\/","logo":{"@type":"ImageObject","inLanguage":"ar","@id":"https:\/\/lequotidien.mr\/#\/schema\/logo\/image\/","url":"https:\/\/lequotidien.mr\/wp-content\/uploads\/2022\/11\/logolequotidien.jpg","contentUrl":"https:\/\/lequotidien.mr\/wp-content\/uploads\/2022\/11\/logolequotidien.jpg","width":290,"height":65,"caption":"Le Quotidien de Nouakchott"},"image":{"@id":"https:\/\/lequotidien.mr\/#\/schema\/logo\/image\/"},"sameAs":["https:\/\/web.facebook.com\/lequotidienmr","https:\/\/x.com\/lequotidienmr"]},{"@type":"Person","@id":"https:\/\/lequotidien.mr\/#\/schema\/person\/f90fcdaa970c60288de4ed2e64a56472","name":"Le Quotidien","image":{"@type":"ImageObject","inLanguage":"ar","@id":"https:\/\/secure.gravatar.com\/avatar\/374cb39a1a458a912465a93e5a3ce6546886fc3da809a1f10c63e4e8fcbca30f?s=96&d=mm&r=g","url":"https:\/\/secure.gravatar.com\/avatar\/374cb39a1a458a912465a93e5a3ce6546886fc3da809a1f10c63e4e8fcbca30f?s=96&d=mm&r=g","contentUrl":"https:\/\/secure.gravatar.com\/avatar\/374cb39a1a458a912465a93e5a3ce6546886fc3da809a1f10c63e4e8fcbca30f?s=96&d=mm&r=g","caption":"Le Quotidien"},"sameAs":["https:\/\/lequotidien.mr\/"],"url":"https:\/\/lequotidien.mr\/?author=4"}]}},"_links":{"self":[{"href":"https:\/\/lequotidien.mr\/index.php?rest_route=\/wp\/v2\/posts\/28621","targetHints":{"allow":["GET"]}}],"collection":[{"href":"https:\/\/lequotidien.mr\/index.php?rest_route=\/wp\/v2\/posts"}],"about":[{"href":"https:\/\/lequotidien.mr\/index.php?rest_route=\/wp\/v2\/types\/post"}],"author":[{"embeddable":true,"href":"https:\/\/lequotidien.mr\/index.php?rest_route=\/wp\/v2\/users\/4"}],"replies":[{"embeddable":true,"href":"https:\/\/lequotidien.mr\/index.php?rest_route=%2Fwp%2Fv2%2Fcomments&post=28621"}],"version-history":[{"count":1,"href":"https:\/\/lequotidien.mr\/index.php?rest_route=\/wp\/v2\/posts\/28621\/revisions"}],"predecessor-version":[{"id":28623,"href":"https:\/\/lequotidien.mr\/index.php?rest_route=\/wp\/v2\/posts\/28621\/revisions\/28623"}],"wp:featuredmedia":[{"embeddable":true,"href":"https:\/\/lequotidien.mr\/index.php?rest_route=\/wp\/v2\/media\/28622"}],"wp:attachment":[{"href":"https:\/\/lequotidien.mr\/index.php?rest_route=%2Fwp%2Fv2%2Fmedia&parent=28621"}],"wp:term":[{"taxonomy":"category","embeddable":true,"href":"https:\/\/lequotidien.mr\/index.php?rest_route=%2Fwp%2Fv2%2Fcategories&post=28621"},{"taxonomy":"post_tag","embeddable":true,"href":"https:\/\/lequotidien.mr\/index.php?rest_route=%2Fwp%2Fv2%2Ftags&post=28621"}],"curies":[{"name":"wp","href":"https:\/\/api.w.org\/{rel}","templated":true}]}}