{"id":28618,"date":"2025-06-24T16:29:16","date_gmt":"2025-06-24T16:29:16","guid":{"rendered":"https:\/\/lequotidien.mr\/?p=28618"},"modified":"2025-06-24T16:29:16","modified_gmt":"2025-06-24T16:29:16","slug":"forum-economique-a-nouakchott-la-mauritanie-a-lepreuve-des-perspectives-regionales-du-fmi","status":"publish","type":"post","link":"https:\/\/lequotidien.mr\/?p=28618&lang=fr","title":{"rendered":"Forum \u00e9conomique \u00e0 Nouakchott : La Mauritanie \u00e0 l&#8217;\u00e9preuve des perspectives r\u00e9gionales du FMI"},"content":{"rendered":"<p>La Banque Centrale de Mauritanie (BCM) et le Fonds Mon\u00e9taire International (FMI) ont conjointement organis\u00e9, ce lundi \u00e0 Nouakchott, un forum \u00e9conomique de haut niveau. Cet \u00e9v\u00e9nement, rassemblant d\u00e9cideurs, partenaires et experts, avait un double objectif : discuter des perspectives sp\u00e9cifiques \u00e0 l&#8217;\u00e9conomie mauritanienne et pr\u00e9senter le dernier rapport du FMI sur les perspectives \u00e9conomiques r\u00e9gionales pour l&#8217;Afrique du Nord et le Moyen-Orient (r\u00e9gion MENA).<\/p>\n<p>L&#8217;initiative visait \u00e0 partager les analyses macro\u00e9conomiques les plus r\u00e9centes du FMI pour la r\u00e9gion MENA, tout en se focalisant sur les d\u00e9fis et opportunit\u00e9s uniques auxquels fait face la Mauritanie. Un \u00e9clairage pr\u00e9cieux dans un contexte international marqu\u00e9 par des tensions g\u00e9opolitiques persistantes.<\/p>\n<p>M. Younes Zahhar, Repr\u00e9sentant R\u00e9sident du FMI \u00e0 Nouakchott, a ouvert les discussions en pr\u00e9sentant le <em>Rapport sur les Perspectives \u00c9conomiques R\u00e9gionales pour le Moyen-Orient et l&#8217;Asie Centrale (MCD)<\/em>du printemps 2025. Ce document, attendu par les acteurs \u00e9conomiques, offre une vue d&#8217;ensemble des tendances et des risques pesant sur les \u00e9conomies de la r\u00e9gion, servant de cadre aux discussions sur la situation mauritanienne.<\/p>\n<p><strong>Performance Mauritanie 2024 : R\u00e9silience face aux d\u00e9fis<\/strong><\/p>\n<p>Supervisant le forum, le Ministre de l\u2019\u00c9conomie et des Finances, M. Sid\u2019Ahmed Bouh, a saisi l&#8217;occasion pour dresser un bilan de l&#8217;ann\u00e9e 2024. Malgr\u00e9 un environnement international difficile, il a soulign\u00e9 que\u00a0<strong>l&#8217;\u00e9conomie mauritanienne a affich\u00e9 des indicateurs importants<\/strong>. Le ministre a pass\u00e9 en revue les performances sectorielles, notamment dans l&#8217;agriculture, la p\u00eache et l&#8217;extraction, ainsi que\u00a0<strong>la ma\u00eetrise r\u00e9ussie de l&#8217;inflation<\/strong>, un d\u00e9fi majeur pour de nombreux pays.<\/p>\n<p>M. Bouh a rappel\u00e9 les objectifs fondamentaux de la politique \u00e9conomique : croissance, plein emploi, stabilit\u00e9 des prix (contr\u00f4le de l&#8217;inflation) et \u00e9quilibre ext\u00e9rieur. Sur ces aspects, il a affirm\u00e9 que la Mauritanie a fait preuve de flexibilit\u00e9 et a enregistr\u00e9 des r\u00e9sultats positifs. Il a \u00e9galement soulign\u00e9 la complexit\u00e9 des choix auxquels sont confront\u00e9s les d\u00e9cideurs politiques de la r\u00e9gion dans ce contexte volatil.<\/p>\n<p><strong>Croissance sup\u00e9rieure aux attentes et r\u00e9formes structurelles<\/strong><\/p>\n<p>Le Gouverneur de la BCM, M. Mohamed Lemine Dhehbi, a apport\u00e9 un \u00e9clairage compl\u00e9mentaire et concret. Il a annonc\u00e9 que\u00a0<strong>la croissance \u00e9conomique en 2024 a \u00e9t\u00e9 plus forte que pr\u00e9vue<\/strong>. Il a attribu\u00e9 cette performance, ainsi que l&#8217;importance accrue du secteur financier,\u00a0<strong>aux r\u00e9formes structurelles profondes men\u00e9es<\/strong>\u00a0sous l&#8217;\u00e9gide de la Banque Centrale.<\/p>\n<p>M. Dhehbi a d\u00e9taill\u00e9 les axes de ces r\u00e9formes :<\/p>\n<p><strong>-Modernisation du cadre de politique mon\u00e9taire et de change<\/strong>\u00a0: Adaptation \u00e0 un r\u00e9gime de taux de change plus flexible\u00a0;<\/p>\n<p><strong>-D\u00e9veloppement des march\u00e9s financiers<\/strong>\u00a0: Acc\u00e9l\u00e9ration du march\u00e9 interbancaire en monnaie locale (pr\u00eats garantis) et cr\u00e9ation d&#8217;un march\u00e9 secondaire pour les bons du Tr\u00e9sor\u00a0;<\/p>\n<p><strong>-Harmonisation et renforcement de la r\u00e9gulation<\/strong>\u00a0: Modernisation des r\u00e8gles bancaires et financi\u00e8res et consolidation de la surveillance prudentielle\u00a0;<\/p>\n<p><strong>-Modernisation globale du secteur bancaire et financier<\/strong>\u00a0: Pour accro\u00eetre sa contribution au d\u00e9veloppement \u00e9conomique, \u00e0 la cr\u00e9ation de richesse et d&#8217;opportunit\u00e9s.<\/p>\n<p>Le Gouverneur a, lui aussi, mis en avant\u00a0<strong>la gestion efficace de l&#8217;inflation<\/strong>\u00a0comme un succ\u00e8s tangible de ces r\u00e9formes.<\/p>\n<p><strong>Reconnaissance internationale et diversification<\/strong><\/p>\n<p>Mme Lila Pieters Yahia, Coordinatrice R\u00e9sidente des Nations Unies en Mauritanie, a salu\u00e9 l&#8217;organisation de ce forum par la Mauritanie et le FMI. Elle a particuli\u00e8rement\u00a0f\u00e9licit\u00e9 la Mauritanie pour ses performances en mati\u00e8re d&#8217;inflation et de gestion de la dette publique. Ces r\u00e9sultats, selon elle, ont contribu\u00e9 \u00e0\u00a0cr\u00e9er une r\u00e9silience \u00e9conomique, \u00e0 renforcer et \u00e0 diversifier l&#8217;\u00e9conomie nationale, des objectifs cruciaux pour un d\u00e9veloppement durable.<\/p>\n<p>Les participants \u2013 hauts fonctionnaires, repr\u00e9sentants du secteur bancaire public et priv\u00e9, diplomates, partenaires techniques et financiers, et universitaires \u2013 ont largement mis en lumi\u00e8re\u00a0les progr\u00e8s significatifs accomplis par l&#8217;\u00e9conomie mauritanienne. La th\u00e9matique de\u00a0la croissance durable\u00a0est ressortie comme un point central des discussions et des reconnaissances.<\/p>\n<p>Ce forum conjoint BCM-FMI a offert une plateforme de dialogue essentielle. Il a permis de confronter les perspectives r\u00e9gionales aux r\u00e9alit\u00e9s et aux ambitions mauritaniennes. Les d\u00e9clarations officielles et les \u00e9changes ont peint le portrait d&#8217;une \u00e9conomie qui, malgr\u00e9 un contexte externe difficile, a affich\u00e9 une r\u00e9silience notable en 2024, port\u00e9e par des r\u00e9formes structurelles ambitieuses dans le secteur financier et une ma\u00eetrise reconnue de l&#8217;inflation. La route vers une diversification accrue et une croissance inclusive durable reste \u00e0 tracer, mais l&#8217;\u00e9v\u00e9nement de Nouakchott a soulign\u00e9 la reconnaissance des efforts entrepris et la volont\u00e9 de les poursuivre.<\/p>\n","protected":false},"excerpt":{"rendered":"<p>La Banque Centrale de Mauritanie (BCM) et le Fonds Mon\u00e9taire International (FMI) ont conjointement organis\u00e9, ce lundi \u00e0 Nouakchott, un forum \u00e9conomique de haut niveau. Cet \u00e9v\u00e9nement, rassemblant d\u00e9cideurs, partenaires et experts, avait un double objectif : discuter des perspectives sp\u00e9cifiques \u00e0 l&#8217;\u00e9conomie mauritanienne et pr\u00e9senter le dernier rapport du FMI sur les perspectives \u00e9conomiques&#8230;..<\/p>\n","protected":false},"author":12,"featured_media":28619,"comment_status":"open","ping_status":"open","sticky":false,"template":"","format":"standard","meta":{"footnotes":""},"categories":[23,49],"tags":[],"class_list":["post-28618","post","type-post","status-publish","format-standard","has-post-thumbnail","hentry","category-actualite","category-economie"],"yoast_head":"<!-- This site is optimized with the Yoast SEO plugin v27.5 - https:\/\/yoast.com\/product\/yoast-seo-wordpress\/ -->\n<title>Forum \u00e9conomique \u00e0 Nouakchott : La Mauritanie \u00e0 l&#039;\u00e9preuve des perspectives r\u00e9gionales du FMI - Le Quotidien de Nouakchott<\/title>\n<meta name=\"robots\" content=\"index, follow, max-snippet:-1, max-image-preview:large, max-video-preview:-1\" \/>\n<link rel=\"canonical\" href=\"https:\/\/lequotidien.mr\/?p=28618&lang=fr\" \/>\n<meta property=\"og:locale\" content=\"ar_AR\" \/>\n<meta property=\"og:type\" content=\"article\" \/>\n<meta property=\"og:title\" content=\"Forum \u00e9conomique \u00e0 Nouakchott : La Mauritanie \u00e0 l&#039;\u00e9preuve des perspectives r\u00e9gionales du FMI - Le Quotidien de Nouakchott\" \/>\n<meta property=\"og:description\" content=\"La Banque Centrale de Mauritanie (BCM) et le Fonds Mon\u00e9taire International (FMI) ont conjointement organis\u00e9, ce lundi \u00e0 Nouakchott, un forum \u00e9conomique de haut niveau. Cet \u00e9v\u00e9nement, rassemblant d\u00e9cideurs, partenaires et experts, avait un double objectif : discuter des perspectives sp\u00e9cifiques \u00e0 l&#8217;\u00e9conomie mauritanienne et pr\u00e9senter le dernier rapport du FMI sur les perspectives \u00e9conomiques.....\" \/>\n<meta property=\"og:url\" content=\"https:\/\/lequotidien.mr\/?p=28618&amp;lang=fr\" \/>\n<meta property=\"og:site_name\" content=\"Le Quotidien de Nouakchott\" \/>\n<meta property=\"article:publisher\" content=\"https:\/\/web.facebook.com\/lequotidienmr\" \/>\n<meta property=\"article:published_time\" content=\"2025-06-24T16:29:16+00:00\" \/>\n<meta property=\"og:image\" content=\"https:\/\/lequotidien.mr\/wp-content\/uploads\/2025\/06\/photo-atlier-persptves-conomique-_RIM.jpg\" \/>\n\t<meta property=\"og:image:width\" content=\"750\" \/>\n\t<meta property=\"og:image:height\" content=\"430\" \/>\n\t<meta property=\"og:image:type\" content=\"image\/jpeg\" \/>\n<meta name=\"author\" content=\"Med Ahmed\" \/>\n<meta name=\"twitter:card\" content=\"summary_large_image\" \/>\n<meta name=\"twitter:creator\" content=\"@lequotidienmr\" \/>\n<meta name=\"twitter:site\" content=\"@lequotidienmr\" \/>\n<meta name=\"twitter:label1\" content=\"\u0643\u064f\u062a\u0628 \u0628\u0648\u0627\u0633\u0637\u0629\" \/>\n\t<meta name=\"twitter:data1\" content=\"Med Ahmed\" \/>\n\t<meta name=\"twitter:label2\" content=\"\u0648\u0642\u062a \u0627\u0644\u0642\u0631\u0627\u0621\u0629 \u0627\u0644\u0645\u064f\u0642\u062f\u0651\u0631\" \/>\n\t<meta name=\"twitter:data2\" content=\"6 \u062f\u0642\u0627\u0626\u0642\" \/>\n<script type=\"application\/ld+json\" class=\"yoast-schema-graph\">{\"@context\":\"https:\\\/\\\/schema.org\",\"@graph\":[{\"@type\":\"Article\",\"@id\":\"https:\\\/\\\/lequotidien.mr\\\/?p=28618&lang=fr#article\",\"isPartOf\":{\"@id\":\"https:\\\/\\\/lequotidien.mr\\\/?p=28618&lang=fr\"},\"author\":{\"name\":\"Med Ahmed\",\"@id\":\"https:\\\/\\\/lequotidien.mr\\\/#\\\/schema\\\/person\\\/d2d350202a4d599685ed8abc25f97596\"},\"headline\":\"Forum \u00e9conomique \u00e0 Nouakchott : La Mauritanie \u00e0 l&#8217;\u00e9preuve des perspectives r\u00e9gionales du FMI\",\"datePublished\":\"2025-06-24T16:29:16+00:00\",\"mainEntityOfPage\":{\"@id\":\"https:\\\/\\\/lequotidien.mr\\\/?p=28618&lang=fr\"},\"wordCount\":801,\"commentCount\":0,\"publisher\":{\"@id\":\"https:\\\/\\\/lequotidien.mr\\\/#organization\"},\"image\":{\"@id\":\"https:\\\/\\\/lequotidien.mr\\\/?p=28618&lang=fr#primaryimage\"},\"thumbnailUrl\":\"https:\\\/\\\/lequotidien.mr\\\/wp-content\\\/uploads\\\/2025\\\/06\\\/photo-atlier-persptves-conomique-_RIM.jpg\",\"articleSection\":[\"ACTUALIT\u00c9\",\"Economie\"],\"inLanguage\":\"ar\",\"potentialAction\":[{\"@type\":\"CommentAction\",\"name\":\"Comment\",\"target\":[\"https:\\\/\\\/lequotidien.mr\\\/?p=28618&lang=fr#respond\"]}]},{\"@type\":\"WebPage\",\"@id\":\"https:\\\/\\\/lequotidien.mr\\\/?p=28618&lang=fr\",\"url\":\"https:\\\/\\\/lequotidien.mr\\\/?p=28618&lang=fr\",\"name\":\"Forum \u00e9conomique \u00e0 Nouakchott : La Mauritanie \u00e0 l'\u00e9preuve des perspectives r\u00e9gionales du FMI - Le Quotidien de Nouakchott\",\"isPartOf\":{\"@id\":\"https:\\\/\\\/lequotidien.mr\\\/#website\"},\"primaryImageOfPage\":{\"@id\":\"https:\\\/\\\/lequotidien.mr\\\/?p=28618&lang=fr#primaryimage\"},\"image\":{\"@id\":\"https:\\\/\\\/lequotidien.mr\\\/?p=28618&lang=fr#primaryimage\"},\"thumbnailUrl\":\"https:\\\/\\\/lequotidien.mr\\\/wp-content\\\/uploads\\\/2025\\\/06\\\/photo-atlier-persptves-conomique-_RIM.jpg\",\"datePublished\":\"2025-06-24T16:29:16+00:00\",\"breadcrumb\":{\"@id\":\"https:\\\/\\\/lequotidien.mr\\\/?p=28618&lang=fr#breadcrumb\"},\"inLanguage\":\"ar\",\"potentialAction\":[{\"@type\":\"ReadAction\",\"target\":[\"https:\\\/\\\/lequotidien.mr\\\/?p=28618&lang=fr\"]}]},{\"@type\":\"ImageObject\",\"inLanguage\":\"ar\",\"@id\":\"https:\\\/\\\/lequotidien.mr\\\/?p=28618&lang=fr#primaryimage\",\"url\":\"https:\\\/\\\/lequotidien.mr\\\/wp-content\\\/uploads\\\/2025\\\/06\\\/photo-atlier-persptves-conomique-_RIM.jpg\",\"contentUrl\":\"https:\\\/\\\/lequotidien.mr\\\/wp-content\\\/uploads\\\/2025\\\/06\\\/photo-atlier-persptves-conomique-_RIM.jpg\",\"width\":750,\"height\":430},{\"@type\":\"BreadcrumbList\",\"@id\":\"https:\\\/\\\/lequotidien.mr\\\/?p=28618&lang=fr#breadcrumb\",\"itemListElement\":[{\"@type\":\"ListItem\",\"position\":1,\"name\":\"Home\",\"item\":\"https:\\\/\\\/lequotidien.mr\\\/\"},{\"@type\":\"ListItem\",\"position\":2,\"name\":\"Forum \u00e9conomique \u00e0 Nouakchott : La Mauritanie \u00e0 l&rsquo;\u00e9preuve des perspectives r\u00e9gionales du FMI\"}]},{\"@type\":\"WebSite\",\"@id\":\"https:\\\/\\\/lequotidien.mr\\\/#website\",\"url\":\"https:\\\/\\\/lequotidien.mr\\\/\",\"name\":\"Le Quotidien de Nouakchott\",\"description\":\"\u0625\u062e\u0628\u0627\u0631\u064a\u0629 \u0645\u0633\u062a\u0642\u0644\u0629 \u0644\u0644\u0623\u0646\u0628\u0627\u0621 \u0627\u0644\u0639\u0627\u0645\u0629\",\"publisher\":{\"@id\":\"https:\\\/\\\/lequotidien.mr\\\/#organization\"},\"potentialAction\":[{\"@type\":\"SearchAction\",\"target\":{\"@type\":\"EntryPoint\",\"urlTemplate\":\"https:\\\/\\\/lequotidien.mr\\\/?s={search_term_string}\"},\"query-input\":{\"@type\":\"PropertyValueSpecification\",\"valueRequired\":true,\"valueName\":\"search_term_string\"}}],\"inLanguage\":\"ar\"},{\"@type\":\"Organization\",\"@id\":\"https:\\\/\\\/lequotidien.mr\\\/#organization\",\"name\":\"Le Quotidien de Nouakchott\",\"url\":\"https:\\\/\\\/lequotidien.mr\\\/\",\"logo\":{\"@type\":\"ImageObject\",\"inLanguage\":\"ar\",\"@id\":\"https:\\\/\\\/lequotidien.mr\\\/#\\\/schema\\\/logo\\\/image\\\/\",\"url\":\"https:\\\/\\\/lequotidien.mr\\\/wp-content\\\/uploads\\\/2022\\\/11\\\/logolequotidien.jpg\",\"contentUrl\":\"https:\\\/\\\/lequotidien.mr\\\/wp-content\\\/uploads\\\/2022\\\/11\\\/logolequotidien.jpg\",\"width\":290,\"height\":65,\"caption\":\"Le Quotidien de Nouakchott\"},\"image\":{\"@id\":\"https:\\\/\\\/lequotidien.mr\\\/#\\\/schema\\\/logo\\\/image\\\/\"},\"sameAs\":[\"https:\\\/\\\/web.facebook.com\\\/lequotidienmr\",\"https:\\\/\\\/x.com\\\/lequotidienmr\"]},{\"@type\":\"Person\",\"@id\":\"https:\\\/\\\/lequotidien.mr\\\/#\\\/schema\\\/person\\\/d2d350202a4d599685ed8abc25f97596\",\"name\":\"Med Ahmed\",\"image\":{\"@type\":\"ImageObject\",\"inLanguage\":\"ar\",\"@id\":\"https:\\\/\\\/secure.gravatar.com\\\/avatar\\\/fd2acc62ed50732923d1d39c17172c9b04149f142be92310ecc69e1358f94b52?s=96&d=mm&r=g\",\"url\":\"https:\\\/\\\/secure.gravatar.com\\\/avatar\\\/fd2acc62ed50732923d1d39c17172c9b04149f142be92310ecc69e1358f94b52?s=96&d=mm&r=g\",\"contentUrl\":\"https:\\\/\\\/secure.gravatar.com\\\/avatar\\\/fd2acc62ed50732923d1d39c17172c9b04149f142be92310ecc69e1358f94b52?s=96&d=mm&r=g\",\"caption\":\"Med Ahmed\"},\"url\":\"https:\\\/\\\/lequotidien.mr\\\/?author=12\"}]}<\/script>\n<!-- \/ Yoast SEO plugin. -->","yoast_head_json":{"title":"Forum \u00e9conomique \u00e0 Nouakchott : La Mauritanie \u00e0 l'\u00e9preuve des perspectives r\u00e9gionales du FMI - Le Quotidien de Nouakchott","robots":{"index":"index","follow":"follow","max-snippet":"max-snippet:-1","max-image-preview":"max-image-preview:large","max-video-preview":"max-video-preview:-1"},"canonical":"https:\/\/lequotidien.mr\/?p=28618&lang=fr","og_locale":"ar_AR","og_type":"article","og_title":"Forum \u00e9conomique \u00e0 Nouakchott : La Mauritanie \u00e0 l'\u00e9preuve des perspectives r\u00e9gionales du FMI - Le Quotidien de Nouakchott","og_description":"La Banque Centrale de Mauritanie (BCM) et le Fonds Mon\u00e9taire International (FMI) ont conjointement organis\u00e9, ce lundi \u00e0 Nouakchott, un forum \u00e9conomique de haut niveau. Cet \u00e9v\u00e9nement, rassemblant d\u00e9cideurs, partenaires et experts, avait un double objectif : discuter des perspectives sp\u00e9cifiques \u00e0 l&#8217;\u00e9conomie mauritanienne et pr\u00e9senter le dernier rapport du FMI sur les perspectives \u00e9conomiques.....","og_url":"https:\/\/lequotidien.mr\/?p=28618&lang=fr","og_site_name":"Le Quotidien de Nouakchott","article_publisher":"https:\/\/web.facebook.com\/lequotidienmr","article_published_time":"2025-06-24T16:29:16+00:00","og_image":[{"width":750,"height":430,"url":"https:\/\/lequotidien.mr\/wp-content\/uploads\/2025\/06\/photo-atlier-persptves-conomique-_RIM.jpg","type":"image\/jpeg"}],"author":"Med Ahmed","twitter_card":"summary_large_image","twitter_creator":"@lequotidienmr","twitter_site":"@lequotidienmr","twitter_misc":{"\u0643\u064f\u062a\u0628 \u0628\u0648\u0627\u0633\u0637\u0629":"Med Ahmed","\u0648\u0642\u062a \u0627\u0644\u0642\u0631\u0627\u0621\u0629 \u0627\u0644\u0645\u064f\u0642\u062f\u0651\u0631":"6 \u062f\u0642\u0627\u0626\u0642"},"schema":{"@context":"https:\/\/schema.org","@graph":[{"@type":"Article","@id":"https:\/\/lequotidien.mr\/?p=28618&lang=fr#article","isPartOf":{"@id":"https:\/\/lequotidien.mr\/?p=28618&lang=fr"},"author":{"name":"Med Ahmed","@id":"https:\/\/lequotidien.mr\/#\/schema\/person\/d2d350202a4d599685ed8abc25f97596"},"headline":"Forum \u00e9conomique \u00e0 Nouakchott : La Mauritanie \u00e0 l&#8217;\u00e9preuve des perspectives r\u00e9gionales du FMI","datePublished":"2025-06-24T16:29:16+00:00","mainEntityOfPage":{"@id":"https:\/\/lequotidien.mr\/?p=28618&lang=fr"},"wordCount":801,"commentCount":0,"publisher":{"@id":"https:\/\/lequotidien.mr\/#organization"},"image":{"@id":"https:\/\/lequotidien.mr\/?p=28618&lang=fr#primaryimage"},"thumbnailUrl":"https:\/\/lequotidien.mr\/wp-content\/uploads\/2025\/06\/photo-atlier-persptves-conomique-_RIM.jpg","articleSection":["ACTUALIT\u00c9","Economie"],"inLanguage":"ar","potentialAction":[{"@type":"CommentAction","name":"Comment","target":["https:\/\/lequotidien.mr\/?p=28618&lang=fr#respond"]}]},{"@type":"WebPage","@id":"https:\/\/lequotidien.mr\/?p=28618&lang=fr","url":"https:\/\/lequotidien.mr\/?p=28618&lang=fr","name":"Forum \u00e9conomique \u00e0 Nouakchott : La Mauritanie \u00e0 l'\u00e9preuve des perspectives r\u00e9gionales du FMI - Le Quotidien de Nouakchott","isPartOf":{"@id":"https:\/\/lequotidien.mr\/#website"},"primaryImageOfPage":{"@id":"https:\/\/lequotidien.mr\/?p=28618&lang=fr#primaryimage"},"image":{"@id":"https:\/\/lequotidien.mr\/?p=28618&lang=fr#primaryimage"},"thumbnailUrl":"https:\/\/lequotidien.mr\/wp-content\/uploads\/2025\/06\/photo-atlier-persptves-conomique-_RIM.jpg","datePublished":"2025-06-24T16:29:16+00:00","breadcrumb":{"@id":"https:\/\/lequotidien.mr\/?p=28618&lang=fr#breadcrumb"},"inLanguage":"ar","potentialAction":[{"@type":"ReadAction","target":["https:\/\/lequotidien.mr\/?p=28618&lang=fr"]}]},{"@type":"ImageObject","inLanguage":"ar","@id":"https:\/\/lequotidien.mr\/?p=28618&lang=fr#primaryimage","url":"https:\/\/lequotidien.mr\/wp-content\/uploads\/2025\/06\/photo-atlier-persptves-conomique-_RIM.jpg","contentUrl":"https:\/\/lequotidien.mr\/wp-content\/uploads\/2025\/06\/photo-atlier-persptves-conomique-_RIM.jpg","width":750,"height":430},{"@type":"BreadcrumbList","@id":"https:\/\/lequotidien.mr\/?p=28618&lang=fr#breadcrumb","itemListElement":[{"@type":"ListItem","position":1,"name":"Home","item":"https:\/\/lequotidien.mr\/"},{"@type":"ListItem","position":2,"name":"Forum \u00e9conomique \u00e0 Nouakchott : La Mauritanie \u00e0 l&rsquo;\u00e9preuve des perspectives r\u00e9gionales du FMI"}]},{"@type":"WebSite","@id":"https:\/\/lequotidien.mr\/#website","url":"https:\/\/lequotidien.mr\/","name":"Le Quotidien de Nouakchott","description":"\u0625\u062e\u0628\u0627\u0631\u064a\u0629 \u0645\u0633\u062a\u0642\u0644\u0629 \u0644\u0644\u0623\u0646\u0628\u0627\u0621 \u0627\u0644\u0639\u0627\u0645\u0629","publisher":{"@id":"https:\/\/lequotidien.mr\/#organization"},"potentialAction":[{"@type":"SearchAction","target":{"@type":"EntryPoint","urlTemplate":"https:\/\/lequotidien.mr\/?s={search_term_string}"},"query-input":{"@type":"PropertyValueSpecification","valueRequired":true,"valueName":"search_term_string"}}],"inLanguage":"ar"},{"@type":"Organization","@id":"https:\/\/lequotidien.mr\/#organization","name":"Le Quotidien de Nouakchott","url":"https:\/\/lequotidien.mr\/","logo":{"@type":"ImageObject","inLanguage":"ar","@id":"https:\/\/lequotidien.mr\/#\/schema\/logo\/image\/","url":"https:\/\/lequotidien.mr\/wp-content\/uploads\/2022\/11\/logolequotidien.jpg","contentUrl":"https:\/\/lequotidien.mr\/wp-content\/uploads\/2022\/11\/logolequotidien.jpg","width":290,"height":65,"caption":"Le Quotidien de Nouakchott"},"image":{"@id":"https:\/\/lequotidien.mr\/#\/schema\/logo\/image\/"},"sameAs":["https:\/\/web.facebook.com\/lequotidienmr","https:\/\/x.com\/lequotidienmr"]},{"@type":"Person","@id":"https:\/\/lequotidien.mr\/#\/schema\/person\/d2d350202a4d599685ed8abc25f97596","name":"Med Ahmed","image":{"@type":"ImageObject","inLanguage":"ar","@id":"https:\/\/secure.gravatar.com\/avatar\/fd2acc62ed50732923d1d39c17172c9b04149f142be92310ecc69e1358f94b52?s=96&d=mm&r=g","url":"https:\/\/secure.gravatar.com\/avatar\/fd2acc62ed50732923d1d39c17172c9b04149f142be92310ecc69e1358f94b52?s=96&d=mm&r=g","contentUrl":"https:\/\/secure.gravatar.com\/avatar\/fd2acc62ed50732923d1d39c17172c9b04149f142be92310ecc69e1358f94b52?s=96&d=mm&r=g","caption":"Med Ahmed"},"url":"https:\/\/lequotidien.mr\/?author=12"}]}},"_links":{"self":[{"href":"https:\/\/lequotidien.mr\/index.php?rest_route=\/wp\/v2\/posts\/28618","targetHints":{"allow":["GET"]}}],"collection":[{"href":"https:\/\/lequotidien.mr\/index.php?rest_route=\/wp\/v2\/posts"}],"about":[{"href":"https:\/\/lequotidien.mr\/index.php?rest_route=\/wp\/v2\/types\/post"}],"author":[{"embeddable":true,"href":"https:\/\/lequotidien.mr\/index.php?rest_route=\/wp\/v2\/users\/12"}],"replies":[{"embeddable":true,"href":"https:\/\/lequotidien.mr\/index.php?rest_route=%2Fwp%2Fv2%2Fcomments&post=28618"}],"version-history":[{"count":1,"href":"https:\/\/lequotidien.mr\/index.php?rest_route=\/wp\/v2\/posts\/28618\/revisions"}],"predecessor-version":[{"id":28620,"href":"https:\/\/lequotidien.mr\/index.php?rest_route=\/wp\/v2\/posts\/28618\/revisions\/28620"}],"wp:featuredmedia":[{"embeddable":true,"href":"https:\/\/lequotidien.mr\/index.php?rest_route=\/wp\/v2\/media\/28619"}],"wp:attachment":[{"href":"https:\/\/lequotidien.mr\/index.php?rest_route=%2Fwp%2Fv2%2Fmedia&parent=28618"}],"wp:term":[{"taxonomy":"category","embeddable":true,"href":"https:\/\/lequotidien.mr\/index.php?rest_route=%2Fwp%2Fv2%2Fcategories&post=28618"},{"taxonomy":"post_tag","embeddable":true,"href":"https:\/\/lequotidien.mr\/index.php?rest_route=%2Fwp%2Fv2%2Ftags&post=28618"}],"curies":[{"name":"wp","href":"https:\/\/api.w.org\/{rel}","templated":true}]}}