{"id":28550,"date":"2025-06-21T10:38:12","date_gmt":"2025-06-21T10:38:12","guid":{"rendered":"https:\/\/lequotidien.mr\/?p=28550"},"modified":"2025-06-21T10:38:12","modified_gmt":"2025-06-21T10:38:12","slug":"comite-ministeriel-charge-du-developpement-du-partenariat-public-prive-le-premier-ministre-constate-lavancee-majeure-du-projet-de-centrale-denergie-renouvelable-a-nouakchott","status":"publish","type":"post","link":"https:\/\/lequotidien.mr\/?p=28550&lang=fr","title":{"rendered":"Comit\u00e9 minist\u00e9riel charg\u00e9 du d\u00e9veloppement du partenariat public-priv\u00e9 : Le Premier ministre constate l\u2019avanc\u00e9e majeure du projet de centrale d\u2019\u00e9nergie renouvelable \u00e0 Nouakchott"},"content":{"rendered":"<p>Le Premier ministre mauritanien, M. Mokhtar Djay, a pr\u00e9sid\u00e9 ce vendredi une r\u00e9union cruciale du\u00a0<strong>Comit\u00e9 minist\u00e9riel charg\u00e9 du d\u00e9veloppement du partenariat public-priv\u00e9 (PPP)<\/strong>. La s\u00e9ance s\u2019est tenue dans la salle de r\u00e9union du Premier minist\u00e8re \u00e0 Nouakchott.<\/p>\n<p>L\u2019ordre du jour \u00e9tait domin\u00e9 par un projet strat\u00e9gique pour l\u2019approvisionnement \u00e9nerg\u00e9tique de la capitale : la\u00a0<strong>construction d\u2019une centrale \u00e9lectrique d\u2019une capacit\u00e9 de 60 m\u00e9gawatts<\/strong>, enti\u00e8rement d\u00e9di\u00e9e aux\u00a0<strong>\u00e9nergies propres<\/strong>. Comme pr\u00e9cis\u00e9, cette centrale fonctionnera \u00e0 l\u2019<strong>\u00e9nergie solaire, \u00e9olienne, ou via une combinaison des deux<\/strong>, soulignant l\u2019engagement en faveur des \u00e9nergies renouvelables.<\/p>\n<p>Le comit\u00e9 technique en charge du dossier a pr\u00e9sent\u00e9 un expos\u00e9 d\u00e9taill\u00e9 du projet et des r\u00e9sultats de l\u2019\u00e9valuation des offres re\u00e7ues des entreprises candidates, tant sur les aspects\u00a0<strong>techniques<\/strong>\u00a0que\u00a0<strong>financiers<\/strong>.<\/p>\n<p>Apr\u00e8s un examen approfondi de ces pr\u00e9sentations et des conclusions de l&#8217;\u00e9valuation, le Comit\u00e9 minist\u00e9riel a pris une d\u00e9cision significative :<\/p>\n<p><strong>-Approbation du lancement des n\u00e9gociations<\/strong>\u00a0avec l&#8217;entreprise identifi\u00e9e comme ayant soumis\u00a0<strong>la meilleure offre\u00a0<\/strong>;<\/p>\n<p><strong>-Cadre l\u00e9gal strict<\/strong>\u00a0: Ces n\u00e9gociations se d\u00e9rouleront en parfaite conformit\u00e9 avec les dispositions de la\u00a0<strong>loi n\u00b0 2024-041 du 30 octobre 2024 relative au partenariat public-priv\u00e9\u00a0<\/strong>;<\/p>\n<p><strong>-Prise en compte des recommandations<\/strong>\u00a0: Le comit\u00e9 a \u00e9galement insist\u00e9 pour que les n\u00e9gociations int\u00e8grent pleinement les\u00a0<strong>recommandations et r\u00e9serves<\/strong>\u00a0formul\u00e9es lors de la r\u00e9union.<\/p>\n<p>Cette d\u00e9cision du Comit\u00e9 minist\u00e9riel, sous l\u2019autorit\u00e9 du Premier ministre, marque une\u00a0\u00e9tape d\u00e9cisive\u00a0vers la mat\u00e9rialisation de ce projet d\u2019infrastructure \u00e9nerg\u00e9tique essentiel. Le passage \u00e0 la phase de n\u00e9gociation avec le partenaire priv\u00e9 pr\u00e9s\u00e9lectionn\u00e9 est un signal fort de la volont\u00e9 du gouvernement de renforcer la production d&#8217;\u00e9nergie propre \u00e0 Nouakchott, via le m\u00e9canisme encadr\u00e9 du PPP.<\/p>\n<p>Ce projet de centrale de 60 MW est appel\u00e9 \u00e0 jouer un r\u00f4le cl\u00e9 dans la s\u00e9curisation de l&#8217;alimentation \u00e9lectrique de la capitale mauritanienne et dans la transition du pays vers des sources d&#8217;\u00e9nergie plus durables.<\/p>\n","protected":false},"excerpt":{"rendered":"<p>Le Premier ministre mauritanien, M. Mokhtar Djay, a pr\u00e9sid\u00e9 ce vendredi une r\u00e9union cruciale du\u00a0Comit\u00e9 minist\u00e9riel charg\u00e9 du d\u00e9veloppement du partenariat public-priv\u00e9 (PPP). La s\u00e9ance s\u2019est tenue dans la salle de r\u00e9union du Premier minist\u00e8re \u00e0 Nouakchott. L\u2019ordre du jour \u00e9tait domin\u00e9 par un projet strat\u00e9gique pour l\u2019approvisionnement \u00e9nerg\u00e9tique de la capitale : la\u00a0construction d\u2019une&#8230;..<\/p>\n","protected":false},"author":12,"featured_media":28551,"comment_status":"open","ping_status":"open","sticky":false,"template":"","format":"standard","meta":{"footnotes":""},"categories":[23,49],"tags":[],"class_list":["post-28550","post","type-post","status-publish","format-standard","has-post-thumbnail","hentry","category-actualite","category-economie"],"yoast_head":"<!-- This site is optimized with the Yoast SEO plugin v27.5 - https:\/\/yoast.com\/product\/yoast-seo-wordpress\/ -->\n<title>Comit\u00e9 minist\u00e9riel charg\u00e9 du d\u00e9veloppement du partenariat public-priv\u00e9 : Le Premier ministre constate l\u2019avanc\u00e9e majeure du projet de centrale d\u2019\u00e9nergie renouvelable \u00e0 Nouakchott - Le Quotidien de Nouakchott<\/title>\n<meta name=\"robots\" content=\"index, follow, max-snippet:-1, max-image-preview:large, max-video-preview:-1\" \/>\n<link rel=\"canonical\" href=\"https:\/\/lequotidien.mr\/?p=28550&lang=fr\" \/>\n<meta property=\"og:locale\" content=\"ar_AR\" \/>\n<meta property=\"og:type\" content=\"article\" \/>\n<meta property=\"og:title\" content=\"Comit\u00e9 minist\u00e9riel charg\u00e9 du d\u00e9veloppement du partenariat public-priv\u00e9 : Le Premier ministre constate l\u2019avanc\u00e9e majeure du projet de centrale d\u2019\u00e9nergie renouvelable \u00e0 Nouakchott - Le Quotidien de Nouakchott\" \/>\n<meta property=\"og:description\" content=\"Le Premier ministre mauritanien, M. Mokhtar Djay, a pr\u00e9sid\u00e9 ce vendredi une r\u00e9union cruciale du\u00a0Comit\u00e9 minist\u00e9riel charg\u00e9 du d\u00e9veloppement du partenariat public-priv\u00e9 (PPP). La s\u00e9ance s\u2019est tenue dans la salle de r\u00e9union du Premier minist\u00e8re \u00e0 Nouakchott. L\u2019ordre du jour \u00e9tait domin\u00e9 par un projet strat\u00e9gique pour l\u2019approvisionnement \u00e9nerg\u00e9tique de la capitale : la\u00a0construction d\u2019une.....\" \/>\n<meta property=\"og:url\" content=\"https:\/\/lequotidien.mr\/?p=28550&amp;lang=fr\" \/>\n<meta property=\"og:site_name\" content=\"Le Quotidien de Nouakchott\" \/>\n<meta property=\"article:publisher\" content=\"https:\/\/web.facebook.com\/lequotidienmr\" \/>\n<meta property=\"article:published_time\" content=\"2025-06-21T10:38:12+00:00\" \/>\n<meta property=\"og:image\" content=\"https:\/\/lequotidien.mr\/wp-content\/uploads\/2025\/06\/photo-PM-_-PPP.jpg\" \/>\n\t<meta property=\"og:image:width\" content=\"750\" \/>\n\t<meta property=\"og:image:height\" content=\"430\" \/>\n\t<meta property=\"og:image:type\" content=\"image\/jpeg\" \/>\n<meta name=\"author\" content=\"Med Ahmed\" \/>\n<meta name=\"twitter:card\" content=\"summary_large_image\" \/>\n<meta name=\"twitter:creator\" content=\"@lequotidienmr\" \/>\n<meta name=\"twitter:site\" content=\"@lequotidienmr\" \/>\n<meta name=\"twitter:label1\" content=\"\u0643\u064f\u062a\u0628 \u0628\u0648\u0627\u0633\u0637\u0629\" \/>\n\t<meta name=\"twitter:data1\" content=\"Med Ahmed\" \/>\n\t<meta name=\"twitter:label2\" content=\"\u0648\u0642\u062a \u0627\u0644\u0642\u0631\u0627\u0621\u0629 \u0627\u0644\u0645\u064f\u0642\u062f\u0651\u0631\" \/>\n\t<meta name=\"twitter:data2\" content=\"3 \u062f\u0642\u0627\u0626\u0642\" \/>\n<script type=\"application\/ld+json\" class=\"yoast-schema-graph\">{\"@context\":\"https:\\\/\\\/schema.org\",\"@graph\":[{\"@type\":\"Article\",\"@id\":\"https:\\\/\\\/lequotidien.mr\\\/?p=28550&lang=fr#article\",\"isPartOf\":{\"@id\":\"https:\\\/\\\/lequotidien.mr\\\/?p=28550&lang=fr\"},\"author\":{\"name\":\"Med Ahmed\",\"@id\":\"https:\\\/\\\/lequotidien.mr\\\/#\\\/schema\\\/person\\\/d2d350202a4d599685ed8abc25f97596\"},\"headline\":\"Comit\u00e9 minist\u00e9riel charg\u00e9 du d\u00e9veloppement du partenariat public-priv\u00e9 : Le Premier ministre constate l\u2019avanc\u00e9e majeure du projet de centrale d\u2019\u00e9nergie renouvelable \u00e0 Nouakchott\",\"datePublished\":\"2025-06-21T10:38:12+00:00\",\"mainEntityOfPage\":{\"@id\":\"https:\\\/\\\/lequotidien.mr\\\/?p=28550&lang=fr\"},\"wordCount\":376,\"commentCount\":0,\"publisher\":{\"@id\":\"https:\\\/\\\/lequotidien.mr\\\/#organization\"},\"image\":{\"@id\":\"https:\\\/\\\/lequotidien.mr\\\/?p=28550&lang=fr#primaryimage\"},\"thumbnailUrl\":\"https:\\\/\\\/lequotidien.mr\\\/wp-content\\\/uploads\\\/2025\\\/06\\\/photo-PM-_-PPP.jpg\",\"articleSection\":[\"ACTUALIT\u00c9\",\"Economie\"],\"inLanguage\":\"ar\",\"potentialAction\":[{\"@type\":\"CommentAction\",\"name\":\"Comment\",\"target\":[\"https:\\\/\\\/lequotidien.mr\\\/?p=28550&lang=fr#respond\"]}]},{\"@type\":\"WebPage\",\"@id\":\"https:\\\/\\\/lequotidien.mr\\\/?p=28550&lang=fr\",\"url\":\"https:\\\/\\\/lequotidien.mr\\\/?p=28550&lang=fr\",\"name\":\"Comit\u00e9 minist\u00e9riel charg\u00e9 du d\u00e9veloppement du partenariat public-priv\u00e9 : Le Premier ministre constate l\u2019avanc\u00e9e majeure du projet de centrale d\u2019\u00e9nergie renouvelable \u00e0 Nouakchott - Le Quotidien de Nouakchott\",\"isPartOf\":{\"@id\":\"https:\\\/\\\/lequotidien.mr\\\/#website\"},\"primaryImageOfPage\":{\"@id\":\"https:\\\/\\\/lequotidien.mr\\\/?p=28550&lang=fr#primaryimage\"},\"image\":{\"@id\":\"https:\\\/\\\/lequotidien.mr\\\/?p=28550&lang=fr#primaryimage\"},\"thumbnailUrl\":\"https:\\\/\\\/lequotidien.mr\\\/wp-content\\\/uploads\\\/2025\\\/06\\\/photo-PM-_-PPP.jpg\",\"datePublished\":\"2025-06-21T10:38:12+00:00\",\"breadcrumb\":{\"@id\":\"https:\\\/\\\/lequotidien.mr\\\/?p=28550&lang=fr#breadcrumb\"},\"inLanguage\":\"ar\",\"potentialAction\":[{\"@type\":\"ReadAction\",\"target\":[\"https:\\\/\\\/lequotidien.mr\\\/?p=28550&lang=fr\"]}]},{\"@type\":\"ImageObject\",\"inLanguage\":\"ar\",\"@id\":\"https:\\\/\\\/lequotidien.mr\\\/?p=28550&lang=fr#primaryimage\",\"url\":\"https:\\\/\\\/lequotidien.mr\\\/wp-content\\\/uploads\\\/2025\\\/06\\\/photo-PM-_-PPP.jpg\",\"contentUrl\":\"https:\\\/\\\/lequotidien.mr\\\/wp-content\\\/uploads\\\/2025\\\/06\\\/photo-PM-_-PPP.jpg\",\"width\":750,\"height\":430},{\"@type\":\"BreadcrumbList\",\"@id\":\"https:\\\/\\\/lequotidien.mr\\\/?p=28550&lang=fr#breadcrumb\",\"itemListElement\":[{\"@type\":\"ListItem\",\"position\":1,\"name\":\"Home\",\"item\":\"https:\\\/\\\/lequotidien.mr\\\/\"},{\"@type\":\"ListItem\",\"position\":2,\"name\":\"Comit\u00e9 minist\u00e9riel charg\u00e9 du d\u00e9veloppement du partenariat public-priv\u00e9 : Le Premier ministre constate l\u2019avanc\u00e9e majeure du projet de centrale d\u2019\u00e9nergie renouvelable \u00e0 Nouakchott\"}]},{\"@type\":\"WebSite\",\"@id\":\"https:\\\/\\\/lequotidien.mr\\\/#website\",\"url\":\"https:\\\/\\\/lequotidien.mr\\\/\",\"name\":\"Le Quotidien de Nouakchott\",\"description\":\"\u0625\u062e\u0628\u0627\u0631\u064a\u0629 \u0645\u0633\u062a\u0642\u0644\u0629 \u0644\u0644\u0623\u0646\u0628\u0627\u0621 \u0627\u0644\u0639\u0627\u0645\u0629\",\"publisher\":{\"@id\":\"https:\\\/\\\/lequotidien.mr\\\/#organization\"},\"potentialAction\":[{\"@type\":\"SearchAction\",\"target\":{\"@type\":\"EntryPoint\",\"urlTemplate\":\"https:\\\/\\\/lequotidien.mr\\\/?s={search_term_string}\"},\"query-input\":{\"@type\":\"PropertyValueSpecification\",\"valueRequired\":true,\"valueName\":\"search_term_string\"}}],\"inLanguage\":\"ar\"},{\"@type\":\"Organization\",\"@id\":\"https:\\\/\\\/lequotidien.mr\\\/#organization\",\"name\":\"Le Quotidien de Nouakchott\",\"url\":\"https:\\\/\\\/lequotidien.mr\\\/\",\"logo\":{\"@type\":\"ImageObject\",\"inLanguage\":\"ar\",\"@id\":\"https:\\\/\\\/lequotidien.mr\\\/#\\\/schema\\\/logo\\\/image\\\/\",\"url\":\"https:\\\/\\\/lequotidien.mr\\\/wp-content\\\/uploads\\\/2022\\\/11\\\/logolequotidien.jpg\",\"contentUrl\":\"https:\\\/\\\/lequotidien.mr\\\/wp-content\\\/uploads\\\/2022\\\/11\\\/logolequotidien.jpg\",\"width\":290,\"height\":65,\"caption\":\"Le Quotidien de Nouakchott\"},\"image\":{\"@id\":\"https:\\\/\\\/lequotidien.mr\\\/#\\\/schema\\\/logo\\\/image\\\/\"},\"sameAs\":[\"https:\\\/\\\/web.facebook.com\\\/lequotidienmr\",\"https:\\\/\\\/x.com\\\/lequotidienmr\"]},{\"@type\":\"Person\",\"@id\":\"https:\\\/\\\/lequotidien.mr\\\/#\\\/schema\\\/person\\\/d2d350202a4d599685ed8abc25f97596\",\"name\":\"Med Ahmed\",\"image\":{\"@type\":\"ImageObject\",\"inLanguage\":\"ar\",\"@id\":\"https:\\\/\\\/secure.gravatar.com\\\/avatar\\\/fd2acc62ed50732923d1d39c17172c9b04149f142be92310ecc69e1358f94b52?s=96&d=mm&r=g\",\"url\":\"https:\\\/\\\/secure.gravatar.com\\\/avatar\\\/fd2acc62ed50732923d1d39c17172c9b04149f142be92310ecc69e1358f94b52?s=96&d=mm&r=g\",\"contentUrl\":\"https:\\\/\\\/secure.gravatar.com\\\/avatar\\\/fd2acc62ed50732923d1d39c17172c9b04149f142be92310ecc69e1358f94b52?s=96&d=mm&r=g\",\"caption\":\"Med Ahmed\"},\"url\":\"https:\\\/\\\/lequotidien.mr\\\/?author=12\"}]}<\/script>\n<!-- \/ Yoast SEO plugin. -->","yoast_head_json":{"title":"Comit\u00e9 minist\u00e9riel charg\u00e9 du d\u00e9veloppement du partenariat public-priv\u00e9 : Le Premier ministre constate l\u2019avanc\u00e9e majeure du projet de centrale d\u2019\u00e9nergie renouvelable \u00e0 Nouakchott - Le Quotidien de Nouakchott","robots":{"index":"index","follow":"follow","max-snippet":"max-snippet:-1","max-image-preview":"max-image-preview:large","max-video-preview":"max-video-preview:-1"},"canonical":"https:\/\/lequotidien.mr\/?p=28550&lang=fr","og_locale":"ar_AR","og_type":"article","og_title":"Comit\u00e9 minist\u00e9riel charg\u00e9 du d\u00e9veloppement du partenariat public-priv\u00e9 : Le Premier ministre constate l\u2019avanc\u00e9e majeure du projet de centrale d\u2019\u00e9nergie renouvelable \u00e0 Nouakchott - Le Quotidien de Nouakchott","og_description":"Le Premier ministre mauritanien, M. Mokhtar Djay, a pr\u00e9sid\u00e9 ce vendredi une r\u00e9union cruciale du\u00a0Comit\u00e9 minist\u00e9riel charg\u00e9 du d\u00e9veloppement du partenariat public-priv\u00e9 (PPP). La s\u00e9ance s\u2019est tenue dans la salle de r\u00e9union du Premier minist\u00e8re \u00e0 Nouakchott. L\u2019ordre du jour \u00e9tait domin\u00e9 par un projet strat\u00e9gique pour l\u2019approvisionnement \u00e9nerg\u00e9tique de la capitale : la\u00a0construction d\u2019une.....","og_url":"https:\/\/lequotidien.mr\/?p=28550&lang=fr","og_site_name":"Le Quotidien de Nouakchott","article_publisher":"https:\/\/web.facebook.com\/lequotidienmr","article_published_time":"2025-06-21T10:38:12+00:00","og_image":[{"width":750,"height":430,"url":"https:\/\/lequotidien.mr\/wp-content\/uploads\/2025\/06\/photo-PM-_-PPP.jpg","type":"image\/jpeg"}],"author":"Med Ahmed","twitter_card":"summary_large_image","twitter_creator":"@lequotidienmr","twitter_site":"@lequotidienmr","twitter_misc":{"\u0643\u064f\u062a\u0628 \u0628\u0648\u0627\u0633\u0637\u0629":"Med Ahmed","\u0648\u0642\u062a \u0627\u0644\u0642\u0631\u0627\u0621\u0629 \u0627\u0644\u0645\u064f\u0642\u062f\u0651\u0631":"3 \u062f\u0642\u0627\u0626\u0642"},"schema":{"@context":"https:\/\/schema.org","@graph":[{"@type":"Article","@id":"https:\/\/lequotidien.mr\/?p=28550&lang=fr#article","isPartOf":{"@id":"https:\/\/lequotidien.mr\/?p=28550&lang=fr"},"author":{"name":"Med Ahmed","@id":"https:\/\/lequotidien.mr\/#\/schema\/person\/d2d350202a4d599685ed8abc25f97596"},"headline":"Comit\u00e9 minist\u00e9riel charg\u00e9 du d\u00e9veloppement du partenariat public-priv\u00e9 : Le Premier ministre constate l\u2019avanc\u00e9e majeure du projet de centrale d\u2019\u00e9nergie renouvelable \u00e0 Nouakchott","datePublished":"2025-06-21T10:38:12+00:00","mainEntityOfPage":{"@id":"https:\/\/lequotidien.mr\/?p=28550&lang=fr"},"wordCount":376,"commentCount":0,"publisher":{"@id":"https:\/\/lequotidien.mr\/#organization"},"image":{"@id":"https:\/\/lequotidien.mr\/?p=28550&lang=fr#primaryimage"},"thumbnailUrl":"https:\/\/lequotidien.mr\/wp-content\/uploads\/2025\/06\/photo-PM-_-PPP.jpg","articleSection":["ACTUALIT\u00c9","Economie"],"inLanguage":"ar","potentialAction":[{"@type":"CommentAction","name":"Comment","target":["https:\/\/lequotidien.mr\/?p=28550&lang=fr#respond"]}]},{"@type":"WebPage","@id":"https:\/\/lequotidien.mr\/?p=28550&lang=fr","url":"https:\/\/lequotidien.mr\/?p=28550&lang=fr","name":"Comit\u00e9 minist\u00e9riel charg\u00e9 du d\u00e9veloppement du partenariat public-priv\u00e9 : Le Premier ministre constate l\u2019avanc\u00e9e majeure du projet de centrale d\u2019\u00e9nergie renouvelable \u00e0 Nouakchott - Le Quotidien de Nouakchott","isPartOf":{"@id":"https:\/\/lequotidien.mr\/#website"},"primaryImageOfPage":{"@id":"https:\/\/lequotidien.mr\/?p=28550&lang=fr#primaryimage"},"image":{"@id":"https:\/\/lequotidien.mr\/?p=28550&lang=fr#primaryimage"},"thumbnailUrl":"https:\/\/lequotidien.mr\/wp-content\/uploads\/2025\/06\/photo-PM-_-PPP.jpg","datePublished":"2025-06-21T10:38:12+00:00","breadcrumb":{"@id":"https:\/\/lequotidien.mr\/?p=28550&lang=fr#breadcrumb"},"inLanguage":"ar","potentialAction":[{"@type":"ReadAction","target":["https:\/\/lequotidien.mr\/?p=28550&lang=fr"]}]},{"@type":"ImageObject","inLanguage":"ar","@id":"https:\/\/lequotidien.mr\/?p=28550&lang=fr#primaryimage","url":"https:\/\/lequotidien.mr\/wp-content\/uploads\/2025\/06\/photo-PM-_-PPP.jpg","contentUrl":"https:\/\/lequotidien.mr\/wp-content\/uploads\/2025\/06\/photo-PM-_-PPP.jpg","width":750,"height":430},{"@type":"BreadcrumbList","@id":"https:\/\/lequotidien.mr\/?p=28550&lang=fr#breadcrumb","itemListElement":[{"@type":"ListItem","position":1,"name":"Home","item":"https:\/\/lequotidien.mr\/"},{"@type":"ListItem","position":2,"name":"Comit\u00e9 minist\u00e9riel charg\u00e9 du d\u00e9veloppement du partenariat public-priv\u00e9 : Le Premier ministre constate l\u2019avanc\u00e9e majeure du projet de centrale d\u2019\u00e9nergie renouvelable \u00e0 Nouakchott"}]},{"@type":"WebSite","@id":"https:\/\/lequotidien.mr\/#website","url":"https:\/\/lequotidien.mr\/","name":"Le Quotidien de Nouakchott","description":"\u0625\u062e\u0628\u0627\u0631\u064a\u0629 \u0645\u0633\u062a\u0642\u0644\u0629 \u0644\u0644\u0623\u0646\u0628\u0627\u0621 \u0627\u0644\u0639\u0627\u0645\u0629","publisher":{"@id":"https:\/\/lequotidien.mr\/#organization"},"potentialAction":[{"@type":"SearchAction","target":{"@type":"EntryPoint","urlTemplate":"https:\/\/lequotidien.mr\/?s={search_term_string}"},"query-input":{"@type":"PropertyValueSpecification","valueRequired":true,"valueName":"search_term_string"}}],"inLanguage":"ar"},{"@type":"Organization","@id":"https:\/\/lequotidien.mr\/#organization","name":"Le Quotidien de Nouakchott","url":"https:\/\/lequotidien.mr\/","logo":{"@type":"ImageObject","inLanguage":"ar","@id":"https:\/\/lequotidien.mr\/#\/schema\/logo\/image\/","url":"https:\/\/lequotidien.mr\/wp-content\/uploads\/2022\/11\/logolequotidien.jpg","contentUrl":"https:\/\/lequotidien.mr\/wp-content\/uploads\/2022\/11\/logolequotidien.jpg","width":290,"height":65,"caption":"Le Quotidien de Nouakchott"},"image":{"@id":"https:\/\/lequotidien.mr\/#\/schema\/logo\/image\/"},"sameAs":["https:\/\/web.facebook.com\/lequotidienmr","https:\/\/x.com\/lequotidienmr"]},{"@type":"Person","@id":"https:\/\/lequotidien.mr\/#\/schema\/person\/d2d350202a4d599685ed8abc25f97596","name":"Med Ahmed","image":{"@type":"ImageObject","inLanguage":"ar","@id":"https:\/\/secure.gravatar.com\/avatar\/fd2acc62ed50732923d1d39c17172c9b04149f142be92310ecc69e1358f94b52?s=96&d=mm&r=g","url":"https:\/\/secure.gravatar.com\/avatar\/fd2acc62ed50732923d1d39c17172c9b04149f142be92310ecc69e1358f94b52?s=96&d=mm&r=g","contentUrl":"https:\/\/secure.gravatar.com\/avatar\/fd2acc62ed50732923d1d39c17172c9b04149f142be92310ecc69e1358f94b52?s=96&d=mm&r=g","caption":"Med Ahmed"},"url":"https:\/\/lequotidien.mr\/?author=12"}]}},"_links":{"self":[{"href":"https:\/\/lequotidien.mr\/index.php?rest_route=\/wp\/v2\/posts\/28550","targetHints":{"allow":["GET"]}}],"collection":[{"href":"https:\/\/lequotidien.mr\/index.php?rest_route=\/wp\/v2\/posts"}],"about":[{"href":"https:\/\/lequotidien.mr\/index.php?rest_route=\/wp\/v2\/types\/post"}],"author":[{"embeddable":true,"href":"https:\/\/lequotidien.mr\/index.php?rest_route=\/wp\/v2\/users\/12"}],"replies":[{"embeddable":true,"href":"https:\/\/lequotidien.mr\/index.php?rest_route=%2Fwp%2Fv2%2Fcomments&post=28550"}],"version-history":[{"count":1,"href":"https:\/\/lequotidien.mr\/index.php?rest_route=\/wp\/v2\/posts\/28550\/revisions"}],"predecessor-version":[{"id":28552,"href":"https:\/\/lequotidien.mr\/index.php?rest_route=\/wp\/v2\/posts\/28550\/revisions\/28552"}],"wp:featuredmedia":[{"embeddable":true,"href":"https:\/\/lequotidien.mr\/index.php?rest_route=\/wp\/v2\/media\/28551"}],"wp:attachment":[{"href":"https:\/\/lequotidien.mr\/index.php?rest_route=%2Fwp%2Fv2%2Fmedia&parent=28550"}],"wp:term":[{"taxonomy":"category","embeddable":true,"href":"https:\/\/lequotidien.mr\/index.php?rest_route=%2Fwp%2Fv2%2Fcategories&post=28550"},{"taxonomy":"post_tag","embeddable":true,"href":"https:\/\/lequotidien.mr\/index.php?rest_route=%2Fwp%2Fv2%2Ftags&post=28550"}],"curies":[{"name":"wp","href":"https:\/\/api.w.org\/{rel}","templated":true}]}}